{"id":10083,"date":"2013-12-19T19:26:44","date_gmt":"2013-12-19T19:26:44","guid":{"rendered":"http:\/\/utel.mx\/blog\/?p=10083"},"modified":"2023-03-10T16:56:32","modified_gmt":"2023-03-10T16:56:32","slug":"potencializar-tu-perfil-profesional-en-redes-sociales","status":"publish","type":"post","link":"https:\/\/utel.mx\/blog\/rol-personal\/potencializar-tu-perfil-profesional-en-redes-sociales\/","title":{"rendered":"Potencializar tu perfil profesional en redes sociales"},"content":{"rendered":"<p dir=\"ltr\">Las redes sociales no se limitan solo al intercambio de mensajes con nuestros conocidos, hoy pueden jugar un papel crucial en la b\u00fasqueda de empleo. Las empresas son un excelente v\u00eda de comunicaci\u00f3n para que las empresas est\u00e9n en contacto con sus clientes potenciales.<\/p>\n<p dir=\"ltr\">\u00bfHas pensado que tu perfil podr\u00eda ser visitado por los reclutadores?<\/p>\n<p dir=\"ltr\">Tener un perfil profesional en redes sociales puede abrirte camino en la b\u00fasqueda de un empleo, por lo que tus publicaciones y fotograf\u00edas tienen que mostrar una imagen congruente con tu persona. Es necesario tener en los contactos a las organizaciones en las que desees incursionar, ya que cada vez son m\u00e1s las empresas que postean sus vacantes en las redes sociales.<\/p>\n<p dir=\"ltr\">La empresa de outplacement profesionalDBM Spain, asevera que las redes sociales LinkedIn, Twitter, Neurona o CVexplorer.com son las que est\u00e1n m\u00e1s dirigidas a establecer relaciones profesionales en la b\u00fasqueda de empleo y para ello es necesario supervisar constantemente la actualizaci\u00f3n de nuestras publicaciones.<\/p>\n<p dir=\"ltr\">A continuaci\u00f3n 5 tips para potencializar tu perfil profesional en redes sociales:<\/p>\n<p><b>1. Foto de perfil.<\/b> Es de suma importancia la primera impresi\u00f3n, por eso una foto adecuada es el primer filtro para sortear a los posibles candidatos. Evita fotograf\u00edas con ropa casual, o accesorios en la cabeza, una vestimenta formal con un peinado apropiado hablar\u00e1n bien de ti, no olvides sonre\u00edr, el buen car\u00e1cter es un elemento a tomar en cuenta por los recultadores.<\/p>\n<p><b>2. Cuida tus p\u00e1ginas de inter\u00e9s.<\/b> Procura dar seguimiento a p\u00e1ginas que mejor te definan, sitios de noticias, gadgets, bloggers y espacios dedicados a la salud, dar\u00e1n una mejor impresi\u00f3n de ti. Reserva tu buen humor para una cuenta personal, los \u201cmemes\u201d suelen ser graciosos sin embargo puede haber personas que les desagraden.<\/p>\n<p><b>3. Publica cosas de inter\u00e9s.<\/b> Una persona vers\u00e1til se define como aquella que tiene variados inter\u00e9s y conoce por igual de los mismos. Procura que tus publicaciones susciten comentarios a favor, podemos calificar a las personas por lo que escribe, t\u00fa decides de qu\u00e9 forma quieres que hablen de ti.<\/p>\n<p><b>4. Tener seguidores.<\/b> Tu perfil puede ser un foco de atenci\u00f3n para los usuarios de las redes sociales, uno invariablemente se gana la aceptaci\u00f3n por el juicio cr\u00edtico o la opini\u00f3n ante ciertos temas, intenta ser lo m\u00e1s parcial y objetivo posible, la empat\u00eda hoy en d\u00eda tiene un papel trascendental.<\/p>\n<p><b>5. Retroalimenta y vencer\u00e1s.<\/b> Las empresas toman muy en cuenta a sus seguidores, de hecho les ayuda a tener una red de contactos y averiguar su perfil de consumo. Comentar de manera positiva sus contenidos puede ser el primer paso para acercarte a ellos. Cuida tu ortograf\u00eda y no alabes solo por hacerlo, en ocasiones puedes no estar de acuerdo, comun\u00edcalo con argumentos no con descalificaciones.<\/p>\n<p>Si a\u00fan no tienes una cuenta profesional cr\u00e9ala, eso te abrir\u00e1 v\u00edas de comunicaci\u00f3n con las empresas con las que deseas tener contacto.<\/p>\n<p><strong>Adair Rodr\u00edguez<\/strong><br \/>\n<strong>UTEL Editorial<\/strong><\/p>\n<div id=\"advads-2557134240\" class=\"advads-cta-lp-banner-form advads-entity-placement\"><a href=\"https:\/\/utel.mx\/blog\/admisiones-universidad-online\/?utm_source=blog&#038;utm_medium=CTAlink&#038;utm_campaign=MKTseo\" aria-label=\"Universidad en linea\"><img src=\"https:\/\/utel.mx\/blog\/wp-content\/uploads\/2025\/04\/universidad-en-linea-1.png\" alt=\"Universidad en linea\"  srcset=\"https:\/\/utel.mx\/blog\/wp-content\/uploads\/2025\/04\/universidad-en-linea-1.png 626w, https:\/\/utel.mx\/blog\/wp-content\/uploads\/2025\/04\/universidad-en-linea-1-420x168.png 420w\" sizes=\"(max-width: 626px) 100vw, 626px\" width=\"626\" height=\"250\"   \/><\/a><\/div>","protected":false},"excerpt":{"rendered":"<p> [&hellip;]<\/p>\n","protected":false},"author":9,"featured_media":10143,"comment_status":"closed","ping_status":"open","sticky":false,"template":"","format":"standard","meta":{"_acf_changed":false,"site-sidebar-layout":"default","site-content-layout":"","ast-site-content-layout":"","site-content-style":"default","site-sidebar-style":"default","ast-global-header-display":"","ast-banner-title-visibility":"","ast-main-header-display":"","ast-hfb-above-header-display":"","ast-hfb-below-header-display":"","ast-hfb-mobile-header-display":"","site-post-title":"","ast-breadcrumbs-content":"","ast-featured-img":"","footer-sml-layout":"","theme-transparent-header-meta":"","adv-header-id-meta":"","stick-header-meta":"","header-above-stick-meta":"","header-main-stick-meta":"","header-below-stick-meta":"","astra-migrate-meta-layouts":"default","ast-page-background-enabled":"default","ast-page-background-meta":{"desktop":{"background-color":"var(--ast-global-color-4)","background-image":"","background-repeat":"repeat","background-position":"center center","background-size":"auto","background-attachment":"scroll","background-type":"","background-media":"","overlay-type":"","overlay-color":"","overlay-gradient":""},"tablet":{"background-color":"","background-image":"","background-repeat":"repeat","background-position":"center center","background-size":"auto","background-attachment":"scroll","background-type":"","background-media":"","overlay-type":"","overlay-color":"","overlay-gradient":""},"mobile":{"background-color":"","background-image":"","background-repeat":"repeat","background-position":"center center","background-size":"auto","background-attachment":"scroll","background-type":"","background-media":"","overlay-type":"","overlay-color":"","overlay-gradient":""}},"ast-content-background-meta":{"desktop":{"background-color":"var(--ast-global-color-5)","background-image":"","background-repeat":"repeat","background-position":"center center","background-size":"auto","background-attachment":"scroll","background-type":"","background-media":"","overlay-type":"","overlay-color":"","overlay-gradient":""},"tablet":{"background-color":"var(--ast-global-color-5)","background-image":"","background-repeat":"repeat","background-position":"center center","background-size":"auto","background-attachment":"scroll","background-type":"","background-media":"","overlay-type":"","overlay-color":"","overlay-gradient":""},"mobile":{"background-color":"var(--ast-global-color-5)","background-image":"","background-repeat":"repeat","background-position":"center center","background-size":"auto","background-attachment":"scroll","background-type":"","background-media":"","overlay-type":"","overlay-color":"","overlay-gradient":""}},"footnotes":""},"categories":[33],"tags":[],"class_list":["post-10083","post","type-post","status-publish","format-standard","has-post-thumbnail","hentry","category-rol-personal"],"acf":[],"yoast_head":"<!-- This site is optimized with the Yoast SEO plugin v26.8 - https:\/\/yoast.com\/product\/yoast-seo-wordpress\/ -->\n<title>Potencializar tu perfil profesional en redes sociales - BLOG | Utel<\/title>\n<meta name=\"description\" content=\"Tener un perfil profesional en redes sociales puede abrirte camino en la b\u00fasqueda de un empleo\" \/>\n<meta name=\"robots\" content=\"index, follow, max-snippet:-1, max-image-preview:large, max-video-preview:-1\" \/>\n<link rel=\"canonical\" href=\"https:\/\/utel.mx\/blog\/rol-personal\/potencializar-tu-perfil-profesional-en-redes-sociales\/\" \/>\n<meta property=\"og:locale\" content=\"es_ES\" \/>\n<meta property=\"og:type\" content=\"article\" \/>\n<meta property=\"og:title\" content=\"Potencializar tu perfil profesional en redes sociales - BLOG | Utel\" \/>\n<meta property=\"og:description\" content=\"Tener un perfil profesional en redes sociales puede abrirte camino en la b\u00fasqueda de un empleo\" \/>\n<meta property=\"og:url\" content=\"https:\/\/utel.mx\/blog\/rol-personal\/potencializar-tu-perfil-profesional-en-redes-sociales\/\" \/>\n<meta property=\"og:site_name\" content=\"BLOG | Utel\" \/>\n<meta property=\"article:published_time\" content=\"2013-12-19T19:26:44+00:00\" \/>\n<meta property=\"article:modified_time\" content=\"2023-03-10T16:56:32+00:00\" \/>\n<meta property=\"og:image\" content=\"https:\/\/utel.mx\/blog\/wp-content\/uploads\/2013\/12\/shutterstock_76925098.jpg\" \/>\n\t<meta property=\"og:image:width\" content=\"1000\" \/>\n\t<meta property=\"og:image:height\" content=\"750\" \/>\n\t<meta property=\"og:image:type\" content=\"image\/jpeg\" \/>\n<meta name=\"author\" content=\"Hayde\u00e9 (Editor)\" \/>\n<meta name=\"twitter:label1\" content=\"Written by\" \/>\n\t<meta name=\"twitter:data1\" content=\"Hayde\u00e9 (Editor)\" \/>\n\t<meta name=\"twitter:label2\" content=\"Est. reading time\" \/>\n\t<meta name=\"twitter:data2\" content=\"3 minutos\" \/>\n<script type=\"application\/ld+json\" class=\"yoast-schema-graph\">{\"@context\":\"https:\/\/schema.org\",\"@graph\":[{\"@type\":\"Article\",\"@id\":\"https:\/\/utel.mx\/blog\/rol-personal\/potencializar-tu-perfil-profesional-en-redes-sociales\/#article\",\"isPartOf\":{\"@id\":\"https:\/\/utel.mx\/blog\/rol-personal\/potencializar-tu-perfil-profesional-en-redes-sociales\/\"},\"author\":{\"name\":\"Hayde\u00e9 (Editor)\",\"@id\":\"https:\/\/utel.mx\/blog\/#\/schema\/person\/9a4c3940beef2724facfef4f2ccec7da\"},\"headline\":\"Potencializar tu perfil profesional en redes sociales\",\"datePublished\":\"2013-12-19T19:26:44+00:00\",\"dateModified\":\"2023-03-10T16:56:32+00:00\",\"mainEntityOfPage\":{\"@id\":\"https:\/\/utel.mx\/blog\/rol-personal\/potencializar-tu-perfil-profesional-en-redes-sociales\/\"},\"wordCount\":525,\"publisher\":{\"@id\":\"https:\/\/utel.mx\/blog\/#organization\"},\"image\":{\"@id\":\"https:\/\/utel.mx\/blog\/rol-personal\/potencializar-tu-perfil-profesional-en-redes-sociales\/#primaryimage\"},\"thumbnailUrl\":\"https:\/\/utel.mx\/blog\/wp-content\/uploads\/2013\/12\/shutterstock_76925098.jpg\",\"articleSection\":[\"Rol personal\"],\"inLanguage\":\"es\"},{\"@type\":\"WebPage\",\"@id\":\"https:\/\/utel.mx\/blog\/rol-personal\/potencializar-tu-perfil-profesional-en-redes-sociales\/\",\"url\":\"https:\/\/utel.mx\/blog\/rol-personal\/potencializar-tu-perfil-profesional-en-redes-sociales\/\",\"name\":\"Potencializar tu perfil profesional en redes sociales - BLOG | Utel\",\"isPartOf\":{\"@id\":\"https:\/\/utel.mx\/blog\/#website\"},\"primaryImageOfPage\":{\"@id\":\"https:\/\/utel.mx\/blog\/rol-personal\/potencializar-tu-perfil-profesional-en-redes-sociales\/#primaryimage\"},\"image\":{\"@id\":\"https:\/\/utel.mx\/blog\/rol-personal\/potencializar-tu-perfil-profesional-en-redes-sociales\/#primaryimage\"},\"thumbnailUrl\":\"https:\/\/utel.mx\/blog\/wp-content\/uploads\/2013\/12\/shutterstock_76925098.jpg\",\"datePublished\":\"2013-12-19T19:26:44+00:00\",\"dateModified\":\"2023-03-10T16:56:32+00:00\",\"description\":\"Tener un perfil profesional en redes sociales puede abrirte camino en la b\u00fasqueda de un empleo\",\"breadcrumb\":{\"@id\":\"https:\/\/utel.mx\/blog\/rol-personal\/potencializar-tu-perfil-profesional-en-redes-sociales\/#breadcrumb\"},\"inLanguage\":\"es\",\"potentialAction\":[{\"@type\":\"ReadAction\",\"target\":[\"https:\/\/utel.mx\/blog\/rol-personal\/potencializar-tu-perfil-profesional-en-redes-sociales\/\"]}]},{\"@type\":\"ImageObject\",\"inLanguage\":\"es\",\"@id\":\"https:\/\/utel.mx\/blog\/rol-personal\/potencializar-tu-perfil-profesional-en-redes-sociales\/#primaryimage\",\"url\":\"https:\/\/utel.mx\/blog\/wp-content\/uploads\/2013\/12\/shutterstock_76925098.jpg\",\"contentUrl\":\"https:\/\/utel.mx\/blog\/wp-content\/uploads\/2013\/12\/shutterstock_76925098.jpg\",\"width\":1000,\"height\":750,\"caption\":\"5 tips para potencializar tu perfil profesional en redes sociales - BLOG | UTEL\"},{\"@type\":\"BreadcrumbList\",\"@id\":\"https:\/\/utel.mx\/blog\/rol-personal\/potencializar-tu-perfil-profesional-en-redes-sociales\/#breadcrumb\",\"itemListElement\":[{\"@type\":\"ListItem\",\"position\":1,\"name\":\"Home\",\"item\":\"https:\/\/utel.mx\/blog\/\"},{\"@type\":\"ListItem\",\"position\":2,\"name\":\"Potencializar tu perfil profesional en redes sociales\"}]},{\"@type\":\"WebSite\",\"@id\":\"https:\/\/utel.mx\/blog\/#website\",\"url\":\"https:\/\/utel.mx\/blog\/\",\"name\":\"BLOG | Utel\",\"description\":\"Blog UTEL Universidad en L\u00ednea\",\"publisher\":{\"@id\":\"https:\/\/utel.mx\/blog\/#organization\"},\"potentialAction\":[{\"@type\":\"SearchAction\",\"target\":{\"@type\":\"EntryPoint\",\"urlTemplate\":\"https:\/\/utel.mx\/blog\/?s={search_term_string}\"},\"query-input\":{\"@type\":\"PropertyValueSpecification\",\"valueRequired\":true,\"valueName\":\"search_term_string\"}}],\"inLanguage\":\"es\"},{\"@type\":\"Organization\",\"@id\":\"https:\/\/utel.mx\/blog\/#organization\",\"name\":\"BLOG | Utel\",\"url\":\"https:\/\/utel.mx\/blog\/\",\"logo\":{\"@type\":\"ImageObject\",\"inLanguage\":\"es\",\"@id\":\"https:\/\/utel.mx\/blog\/#\/schema\/logo\/image\/\",\"url\":\"https:\/\/utel.mx\/blog\/wp-content\/uploads\/2023\/03\/cropped-logo-blog.png\",\"contentUrl\":\"https:\/\/utel.mx\/blog\/wp-content\/uploads\/2023\/03\/cropped-logo-blog.png\",\"width\":237,\"height\":64,\"caption\":\"BLOG | Utel\"},\"image\":{\"@id\":\"https:\/\/utel.mx\/blog\/#\/schema\/logo\/image\/\"}},{\"@type\":\"Person\",\"@id\":\"https:\/\/utel.mx\/blog\/#\/schema\/person\/9a4c3940beef2724facfef4f2ccec7da\",\"name\":\"Hayde\u00e9 (Editor)\",\"image\":{\"@type\":\"ImageObject\",\"inLanguage\":\"es\",\"@id\":\"https:\/\/utel.mx\/blog\/#\/schema\/person\/image\/\",\"url\":\"https:\/\/secure.gravatar.com\/avatar\/ba63bb7f074f0dfa874cba0ef5d985a5?s=96&d=mm&r=g\",\"contentUrl\":\"https:\/\/secure.gravatar.com\/avatar\/ba63bb7f074f0dfa874cba0ef5d985a5?s=96&d=mm&r=g\",\"caption\":\"Hayde\u00e9 (Editor)\"},\"description\":\"Licenciada en Ciencias de la Comunicaci\u00f3n\"}]}<\/script>\n<!-- \/ Yoast SEO plugin. -->","yoast_head_json":{"title":"Potencializar tu perfil profesional en redes sociales - BLOG | Utel","description":"Tener un perfil profesional en redes sociales puede abrirte camino en la b\u00fasqueda de un empleo","robots":{"index":"index","follow":"follow","max-snippet":"max-snippet:-1","max-image-preview":"max-image-preview:large","max-video-preview":"max-video-preview:-1"},"canonical":"https:\/\/utel.mx\/blog\/rol-personal\/potencializar-tu-perfil-profesional-en-redes-sociales\/","og_locale":"es_ES","og_type":"article","og_title":"Potencializar tu perfil profesional en redes sociales - BLOG | Utel","og_description":"Tener un perfil profesional en redes sociales puede abrirte camino en la b\u00fasqueda de un empleo","og_url":"https:\/\/utel.mx\/blog\/rol-personal\/potencializar-tu-perfil-profesional-en-redes-sociales\/","og_site_name":"BLOG | Utel","article_published_time":"2013-12-19T19:26:44+00:00","article_modified_time":"2023-03-10T16:56:32+00:00","og_image":[{"width":1000,"height":750,"url":"https:\/\/utel.mx\/blog\/wp-content\/uploads\/2013\/12\/shutterstock_76925098.jpg","type":"image\/jpeg"}],"author":"Hayde\u00e9 (Editor)","twitter_misc":{"Written by":"Hayde\u00e9 (Editor)","Est. reading time":"3 minutos"},"schema":{"@context":"https:\/\/schema.org","@graph":[{"@type":"Article","@id":"https:\/\/utel.mx\/blog\/rol-personal\/potencializar-tu-perfil-profesional-en-redes-sociales\/#article","isPartOf":{"@id":"https:\/\/utel.mx\/blog\/rol-personal\/potencializar-tu-perfil-profesional-en-redes-sociales\/"},"author":{"name":"Hayde\u00e9 (Editor)","@id":"https:\/\/utel.mx\/blog\/#\/schema\/person\/9a4c3940beef2724facfef4f2ccec7da"},"headline":"Potencializar tu perfil profesional en redes sociales","datePublished":"2013-12-19T19:26:44+00:00","dateModified":"2023-03-10T16:56:32+00:00","mainEntityOfPage":{"@id":"https:\/\/utel.mx\/blog\/rol-personal\/potencializar-tu-perfil-profesional-en-redes-sociales\/"},"wordCount":525,"publisher":{"@id":"https:\/\/utel.mx\/blog\/#organization"},"image":{"@id":"https:\/\/utel.mx\/blog\/rol-personal\/potencializar-tu-perfil-profesional-en-redes-sociales\/#primaryimage"},"thumbnailUrl":"https:\/\/utel.mx\/blog\/wp-content\/uploads\/2013\/12\/shutterstock_76925098.jpg","articleSection":["Rol personal"],"inLanguage":"es"},{"@type":"WebPage","@id":"https:\/\/utel.mx\/blog\/rol-personal\/potencializar-tu-perfil-profesional-en-redes-sociales\/","url":"https:\/\/utel.mx\/blog\/rol-personal\/potencializar-tu-perfil-profesional-en-redes-sociales\/","name":"Potencializar tu perfil profesional en redes sociales - BLOG | Utel","isPartOf":{"@id":"https:\/\/utel.mx\/blog\/#website"},"primaryImageOfPage":{"@id":"https:\/\/utel.mx\/blog\/rol-personal\/potencializar-tu-perfil-profesional-en-redes-sociales\/#primaryimage"},"image":{"@id":"https:\/\/utel.mx\/blog\/rol-personal\/potencializar-tu-perfil-profesional-en-redes-sociales\/#primaryimage"},"thumbnailUrl":"https:\/\/utel.mx\/blog\/wp-content\/uploads\/2013\/12\/shutterstock_76925098.jpg","datePublished":"2013-12-19T19:26:44+00:00","dateModified":"2023-03-10T16:56:32+00:00","description":"Tener un perfil profesional en redes sociales puede abrirte camino en la b\u00fasqueda de un empleo","breadcrumb":{"@id":"https:\/\/utel.mx\/blog\/rol-personal\/potencializar-tu-perfil-profesional-en-redes-sociales\/#breadcrumb"},"inLanguage":"es","potentialAction":[{"@type":"ReadAction","target":["https:\/\/utel.mx\/blog\/rol-personal\/potencializar-tu-perfil-profesional-en-redes-sociales\/"]}]},{"@type":"ImageObject","inLanguage":"es","@id":"https:\/\/utel.mx\/blog\/rol-personal\/potencializar-tu-perfil-profesional-en-redes-sociales\/#primaryimage","url":"https:\/\/utel.mx\/blog\/wp-content\/uploads\/2013\/12\/shutterstock_76925098.jpg","contentUrl":"https:\/\/utel.mx\/blog\/wp-content\/uploads\/2013\/12\/shutterstock_76925098.jpg","width":1000,"height":750,"caption":"5 tips para potencializar tu perfil profesional en redes sociales - BLOG | UTEL"},{"@type":"BreadcrumbList","@id":"https:\/\/utel.mx\/blog\/rol-personal\/potencializar-tu-perfil-profesional-en-redes-sociales\/#breadcrumb","itemListElement":[{"@type":"ListItem","position":1,"name":"Home","item":"https:\/\/utel.mx\/blog\/"},{"@type":"ListItem","position":2,"name":"Potencializar tu perfil profesional en redes sociales"}]},{"@type":"WebSite","@id":"https:\/\/utel.mx\/blog\/#website","url":"https:\/\/utel.mx\/blog\/","name":"BLOG | Utel","description":"Blog UTEL Universidad en L\u00ednea","publisher":{"@id":"https:\/\/utel.mx\/blog\/#organization"},"potentialAction":[{"@type":"SearchAction","target":{"@type":"EntryPoint","urlTemplate":"https:\/\/utel.mx\/blog\/?s={search_term_string}"},"query-input":{"@type":"PropertyValueSpecification","valueRequired":true,"valueName":"search_term_string"}}],"inLanguage":"es"},{"@type":"Organization","@id":"https:\/\/utel.mx\/blog\/#organization","name":"BLOG | Utel","url":"https:\/\/utel.mx\/blog\/","logo":{"@type":"ImageObject","inLanguage":"es","@id":"https:\/\/utel.mx\/blog\/#\/schema\/logo\/image\/","url":"https:\/\/utel.mx\/blog\/wp-content\/uploads\/2023\/03\/cropped-logo-blog.png","contentUrl":"https:\/\/utel.mx\/blog\/wp-content\/uploads\/2023\/03\/cropped-logo-blog.png","width":237,"height":64,"caption":"BLOG | Utel"},"image":{"@id":"https:\/\/utel.mx\/blog\/#\/schema\/logo\/image\/"}},{"@type":"Person","@id":"https:\/\/utel.mx\/blog\/#\/schema\/person\/9a4c3940beef2724facfef4f2ccec7da","name":"Hayde\u00e9 (Editor)","image":{"@type":"ImageObject","inLanguage":"es","@id":"https:\/\/utel.mx\/blog\/#\/schema\/person\/image\/","url":"https:\/\/secure.gravatar.com\/avatar\/ba63bb7f074f0dfa874cba0ef5d985a5?s=96&d=mm&r=g","contentUrl":"https:\/\/secure.gravatar.com\/avatar\/ba63bb7f074f0dfa874cba0ef5d985a5?s=96&d=mm&r=g","caption":"Hayde\u00e9 (Editor)"},"description":"Licenciada en Ciencias de la Comunicaci\u00f3n"}]}},"_links":{"self":[{"href":"https:\/\/utel.mx\/blog\/wp-json\/wp\/v2\/posts\/10083","targetHints":{"allow":["GET"]}}],"collection":[{"href":"https:\/\/utel.mx\/blog\/wp-json\/wp\/v2\/posts"}],"about":[{"href":"https:\/\/utel.mx\/blog\/wp-json\/wp\/v2\/types\/post"}],"author":[{"embeddable":true,"href":"https:\/\/utel.mx\/blog\/wp-json\/wp\/v2\/users\/9"}],"replies":[{"embeddable":true,"href":"https:\/\/utel.mx\/blog\/wp-json\/wp\/v2\/comments?post=10083"}],"version-history":[{"count":1,"href":"https:\/\/utel.mx\/blog\/wp-json\/wp\/v2\/posts\/10083\/revisions"}],"predecessor-version":[{"id":45159,"href":"https:\/\/utel.mx\/blog\/wp-json\/wp\/v2\/posts\/10083\/revisions\/45159"}],"wp:featuredmedia":[{"embeddable":true,"href":"https:\/\/utel.mx\/blog\/wp-json\/wp\/v2\/media\/10143"}],"wp:attachment":[{"href":"https:\/\/utel.mx\/blog\/wp-json\/wp\/v2\/media?parent=10083"}],"wp:term":[{"taxonomy":"category","embeddable":true,"href":"https:\/\/utel.mx\/blog\/wp-json\/wp\/v2\/categories?post=10083"},{"taxonomy":"post_tag","embeddable":true,"href":"https:\/\/utel.mx\/blog\/wp-json\/wp\/v2\/tags?post=10083"}],"curies":[{"name":"wp","href":"https:\/\/api.w.org\/{rel}","templated":true}]}}