{"id":10120,"date":"2013-12-18T20:48:06","date_gmt":"2013-12-18T20:48:06","guid":{"rendered":"http:\/\/utel.mx\/blog\/?p=10120"},"modified":"2023-03-10T16:56:32","modified_gmt":"2023-03-10T16:56:32","slug":"que-son-los-derechos-y-las-garantias-individuales","status":"publish","type":"post","link":"https:\/\/utel.mx\/blog\/10-consejos-para\/que-son-los-derechos-y-las-garantias-individuales\/","title":{"rendered":"\u00bfQu\u00e9 son los derechos y las garant\u00edas individuales?"},"content":{"rendered":"<p><span style=\"color: #000000;\">Las garant\u00edas individuales son derechos que todo individuo posee por el simple hecho de haber nacido, sin importar nacionalidad, raza, sexo, edad, creencias religiosas o pol\u00edticas, las cuales se encuentran manifestadas en la Constituci\u00f3n Pol\u00edtica de los Estados Unidos Mexicanos, del art\u00edculo 1\u00b0 al 29.<\/span><\/p>\n<h2><span style=\"color: #008a5d; font-size: 20px;\">Poseen 5 caracter\u00edsticas:<\/span><\/h2>\n<p><span style=\"color: #000000;\"><strong>\u2022 Universales.<\/strong> Para todos los hombres.<\/span><br \/>\n<span style=\"color: #000000;\"> <strong>\u2022 Inalienables.<\/strong> No se pueden cambiar, vender o quitar.<\/span><br \/>\n<span style=\"color: #000000;\"> <strong>\u2022 Imprescriptibles.<\/strong> No se extinguen ni se pierden.<\/span><br \/>\n<span style=\"color: #000000;\"> <strong>\u2022 Irrenunciables<\/strong>. No puedes renunciar a ellos.<\/span><br \/>\n<span style=\"color: #000000;\"> <strong>\u2022 Limitativas del poder del estado<\/strong>. Es decir, el estado no tiene derecho sobre ellas.<\/span><\/p>\n<h2><span style=\"color: #008a5d; font-size: 20px;\">Las garant\u00edas individuales se clasifican en grupos<\/span><\/h2>\n<p><span style=\"color: #000000;\">As\u00ed mismo, estos derechos se clasifican en grupos, que a continuaci\u00f3n se mencionan:<\/span><\/p>\n<p><span style=\"color: #000000;\"><span style=\"font-size: 18px;\"><em>&#8211; De Igualdad<\/em><\/span><strong>.<\/strong> Implica la eliminaci\u00f3n de toda distinci\u00f3n entre individuos, como raza, nacionalidad, religi\u00f3n, posici\u00f3n econ\u00f3mica, etc.<\/span><\/p>\n<p><span style=\"color: #000000;\">\u2022 <b>Art\u00edculo 1\u00b0<\/b> En los Estados Unidos Mexicanos todas las personas gozar\u00e1n de los derechos humanos reconocidos en la constituci\u00f3n.<\/span><\/p>\n<p><span style=\"color: #000000;\">\u2022 <b>Art\u00edculo 2\u00b0<\/b> Proh\u00edbe la esclavitud.<\/span><\/p>\n<p><span style=\"color: #000000;\">\u2022 <b>Art\u00edculo 4\u00b0 <\/b>Establece la libertad jur\u00eddica entre hombres y mujeres y dicta que toda persona tiene derecho a la protecci\u00f3n de la salud.<\/span><\/p>\n<p><span style=\"color: #000000;\"><span style=\"font-size: 18px;\"><em>&#8211; De Libertad<\/em>.<\/span> Asegura la capacidad jur\u00eddica para el actuar libre del individuo en sociedad.<\/span><\/p>\n<p><span style=\"color: #000000;\">\u2022 <b>Art\u00edculo 5\u00b0<\/b> Libertad de trabajo<\/span><br \/>\n<span style=\"color: #000000;\"> \u2022 <b>Art\u00edculo 6\u00b0<\/b> Libertad de expresi\u00f3n, no afectando a terceros<\/span><br \/>\n<span style=\"color: #000000;\"> \u2022 <b>Art\u00edculo 7\u00b0<\/b> Libertad de imprenta<\/span><br \/>\n<span style=\"color: #000000;\"> \u2022 <b>Art\u00edculo 9\u00b0<\/b> Libertad de reuni\u00f3n y asociaci\u00f3n<\/span><\/p>\n<p><span style=\"color: #000000;\"><span style=\"font-size: 18px;\"><em>&#8211; De Propiedad<\/em>.<\/span> En este grupo s\u00f3lo se encuentra el Art\u00edculo 27, establece que establece las tierras y aguas nacionales pertenecen originalmente a la naci\u00f3n, y la cual posee el derecho de transmitir el dominio a particulares, constituyendo as\u00ed la propiedad privada.<\/span><\/p>\n<p><span style=\"color: #000000;\"><span style=\"font-size: 18px;\">&#8211;\u00a0<em>De Seguridad Jur\u00eddica<\/em>. <\/span>Son derechos que protegen a los gobernados, su familia y pertenencias ante la autoridad.<\/span><\/p>\n<p><span style=\"color: #000000;\">\u2022<strong>\u00a0Art\u00edculo 14.<\/strong>\u00a0A ninguna ley se dar\u00e1 efecto retroactivo.<\/span><br \/>\n<span style=\"color: #000000;\"> \u2022\u00a0<strong>Art\u00edculo 16.<\/strong>\u00a0Nadie puede ser molestado en su persona, familia, posesiones o domicilio, si no existe mandamiento escrito.<\/span><br \/>\n<span style=\"color: #000000;\"> \u2022\u00a0<strong>Art\u00edculo 17.<\/strong>\u00a0Ninguna persona podr\u00e1 hacerse justicia por s\u00ed misma<\/span><\/p>\n<h3><span style=\"color: #008a5d; font-size: 20px;\">\u00bfDiferencia entre garant\u00eda social y garant\u00eda individual?<\/span><\/h3>\n<p><span style=\"color: #000000;\">Por otra parte, tambi\u00e9n se encuentra la existencia de las garant\u00edas sociales, estas se diferencian de las<\/span> <a title=\"\u00bfCu\u00e1les son las garant\u00edas individuales de los mexicanos?\" href=\"https:\/\/utel.mx\/blog\/cambiando-la-ruta\/cuales-son-las-garantias-individuales-de-los-mexicanos\/\">garant\u00edas individuales<\/a><span style=\"color: #000000;\">, debido a que son derechos otorgados a las clases que se encuentran en una determinada situaci\u00f3n econ\u00f3mica, social o jur\u00eddica.<\/span><\/p>\n<p><span style=\"color: #000000;\">Conocer las garant\u00edas individuales es de extrema importancia, porque para ejercer los derechos correctamente hay que estar informados, y no olvidar que como se goza de ellos, tambi\u00e9n se cuenta con obligaciones, las cuales se deben de cumplir para lograr un bienestar social.<\/span><\/p>\n<p><span style=\"color: #000000;\"><strong>Wanda Mirel Solorio Garc\u00eda<\/strong><\/span><br \/>\n<span style=\"color: #000000;\"> <strong>UTEL Editorial<\/strong><\/span><\/p>\n<div id=\"advads-3324204445\" class=\"advads-cta-lp-banner-form advads-entity-placement\"><a href=\"https:\/\/utel.mx\/blog\/admisiones-universidad-online\/?utm_source=blog&#038;utm_medium=CTAlink&#038;utm_campaign=MKTseo\" aria-label=\"Universidad en linea\"><img src=\"https:\/\/utel.mx\/blog\/wp-content\/uploads\/2025\/04\/universidad-en-linea-1.png\" alt=\"Universidad en linea\"  srcset=\"https:\/\/utel.mx\/blog\/wp-content\/uploads\/2025\/04\/universidad-en-linea-1.png 626w, https:\/\/utel.mx\/blog\/wp-content\/uploads\/2025\/04\/universidad-en-linea-1-420x168.png 420w\" sizes=\"(max-width: 626px) 100vw, 626px\" width=\"626\" height=\"250\"   \/><\/a><\/div>","protected":false},"excerpt":{"rendered":"<p> [&hellip;]<\/p>\n","protected":false},"author":40,"featured_media":37922,"comment_status":"closed","ping_status":"open","sticky":false,"template":"","format":"standard","meta":{"_acf_changed":false,"site-sidebar-layout":"default","site-content-layout":"","ast-site-content-layout":"","site-content-style":"default","site-sidebar-style":"default","ast-global-header-display":"","ast-banner-title-visibility":"","ast-main-header-display":"","ast-hfb-above-header-display":"","ast-hfb-below-header-display":"","ast-hfb-mobile-header-display":"","site-post-title":"","ast-breadcrumbs-content":"","ast-featured-img":"","footer-sml-layout":"","theme-transparent-header-meta":"","adv-header-id-meta":"","stick-header-meta":"","header-above-stick-meta":"","header-main-stick-meta":"","header-below-stick-meta":"","astra-migrate-meta-layouts":"default","ast-page-background-enabled":"default","ast-page-background-meta":{"desktop":{"background-color":"var(--ast-global-color-4)","background-image":"","background-repeat":"repeat","background-position":"center center","background-size":"auto","background-attachment":"scroll","background-type":"","background-media":"","overlay-type":"","overlay-color":"","overlay-gradient":""},"tablet":{"background-color":"","background-image":"","background-repeat":"repeat","background-position":"center center","background-size":"auto","background-attachment":"scroll","background-type":"","background-media":"","overlay-type":"","overlay-color":"","overlay-gradient":""},"mobile":{"background-color":"","background-image":"","background-repeat":"repeat","background-position":"center center","background-size":"auto","background-attachment":"scroll","background-type":"","background-media":"","overlay-type":"","overlay-color":"","overlay-gradient":""}},"ast-content-background-meta":{"desktop":{"background-color":"var(--ast-global-color-5)","background-image":"","background-repeat":"repeat","background-position":"center center","background-size":"auto","background-attachment":"scroll","background-type":"","background-media":"","overlay-type":"","overlay-color":"","overlay-gradient":""},"tablet":{"background-color":"var(--ast-global-color-5)","background-image":"","background-repeat":"repeat","background-position":"center center","background-size":"auto","background-attachment":"scroll","background-type":"","background-media":"","overlay-type":"","overlay-color":"","overlay-gradient":""},"mobile":{"background-color":"var(--ast-global-color-5)","background-image":"","background-repeat":"repeat","background-position":"center center","background-size":"auto","background-attachment":"scroll","background-type":"","background-media":"","overlay-type":"","overlay-color":"","overlay-gradient":""}},"footnotes":""},"categories":[32],"tags":[],"class_list":["post-10120","post","type-post","status-publish","format-standard","has-post-thumbnail","hentry","category-10-consejos-para"],"acf":[],"yoast_head":"<!-- This site is optimized with the Yoast SEO plugin v26.8 - https:\/\/yoast.com\/product\/yoast-seo-wordpress\/ -->\n<title>\u00bfQu\u00e9 son los derechos y las garant\u00edas individuales? - BLOG | Utel<\/title>\n<meta name=\"description\" content=\"Las garant\u00edas son derechos de todas las personas, conoce sus caracter\u00edsticas, clasificaci\u00f3n y los art\u00edculos m\u00e1s importantes.\" \/>\n<meta name=\"robots\" content=\"index, follow, max-snippet:-1, max-image-preview:large, max-video-preview:-1\" \/>\n<link rel=\"canonical\" href=\"https:\/\/utel.mx\/blog\/10-consejos-para\/que-son-los-derechos-y-las-garantias-individuales\/\" \/>\n<meta property=\"og:locale\" content=\"es_ES\" \/>\n<meta property=\"og:type\" content=\"article\" \/>\n<meta property=\"og:title\" content=\"\u00bfQu\u00e9 son los derechos y las garant\u00edas individuales? - BLOG | Utel\" \/>\n<meta property=\"og:description\" content=\"Las garant\u00edas son derechos de todas las personas, conoce sus caracter\u00edsticas, clasificaci\u00f3n y los art\u00edculos m\u00e1s importantes.\" \/>\n<meta property=\"og:url\" content=\"https:\/\/utel.mx\/blog\/10-consejos-para\/que-son-los-derechos-y-las-garantias-individuales\/\" \/>\n<meta property=\"og:site_name\" content=\"BLOG | Utel\" \/>\n<meta property=\"article:published_time\" content=\"2013-12-18T20:48:06+00:00\" \/>\n<meta property=\"article:modified_time\" content=\"2023-03-10T16:56:32+00:00\" \/>\n<meta property=\"og:image\" content=\"https:\/\/utel.mx\/blog\/wp-content\/uploads\/2013\/12\/Derechos-y-garant\u00edas-individuales.jpg\" \/>\n\t<meta property=\"og:image:width\" content=\"600\" \/>\n\t<meta property=\"og:image:height\" content=\"300\" \/>\n\t<meta property=\"og:image:type\" content=\"image\/jpeg\" \/>\n<meta name=\"author\" content=\"Invitados UTEL\" \/>\n<meta name=\"twitter:label1\" content=\"Written by\" \/>\n\t<meta name=\"twitter:data1\" content=\"Invitados UTEL\" \/>\n\t<meta name=\"twitter:label2\" content=\"Est. reading time\" \/>\n\t<meta name=\"twitter:data2\" content=\"2 minutos\" \/>\n<script type=\"application\/ld+json\" class=\"yoast-schema-graph\">{\"@context\":\"https:\/\/schema.org\",\"@graph\":[{\"@type\":\"Article\",\"@id\":\"https:\/\/utel.mx\/blog\/10-consejos-para\/que-son-los-derechos-y-las-garantias-individuales\/#article\",\"isPartOf\":{\"@id\":\"https:\/\/utel.mx\/blog\/10-consejos-para\/que-son-los-derechos-y-las-garantias-individuales\/\"},\"author\":{\"name\":\"Invitados UTEL\",\"@id\":\"https:\/\/utel.mx\/blog\/#\/schema\/person\/e5b3d8d918f13bd0b0f4724daa90dd95\"},\"headline\":\"\u00bfQu\u00e9 son los derechos y las garant\u00edas individuales?\",\"datePublished\":\"2013-12-18T20:48:06+00:00\",\"dateModified\":\"2023-03-10T16:56:32+00:00\",\"mainEntityOfPage\":{\"@id\":\"https:\/\/utel.mx\/blog\/10-consejos-para\/que-son-los-derechos-y-las-garantias-individuales\/\"},\"wordCount\":448,\"publisher\":{\"@id\":\"https:\/\/utel.mx\/blog\/#organization\"},\"image\":{\"@id\":\"https:\/\/utel.mx\/blog\/10-consejos-para\/que-son-los-derechos-y-las-garantias-individuales\/#primaryimage\"},\"thumbnailUrl\":\"https:\/\/utel.mx\/blog\/wp-content\/uploads\/2013\/12\/Derechos-y-garant\u00edas-individuales.jpg\",\"articleSection\":[\"Tips\"],\"inLanguage\":\"es\"},{\"@type\":\"WebPage\",\"@id\":\"https:\/\/utel.mx\/blog\/10-consejos-para\/que-son-los-derechos-y-las-garantias-individuales\/\",\"url\":\"https:\/\/utel.mx\/blog\/10-consejos-para\/que-son-los-derechos-y-las-garantias-individuales\/\",\"name\":\"\u00bfQu\u00e9 son los derechos y las garant\u00edas individuales? - BLOG | Utel\",\"isPartOf\":{\"@id\":\"https:\/\/utel.mx\/blog\/#website\"},\"primaryImageOfPage\":{\"@id\":\"https:\/\/utel.mx\/blog\/10-consejos-para\/que-son-los-derechos-y-las-garantias-individuales\/#primaryimage\"},\"image\":{\"@id\":\"https:\/\/utel.mx\/blog\/10-consejos-para\/que-son-los-derechos-y-las-garantias-individuales\/#primaryimage\"},\"thumbnailUrl\":\"https:\/\/utel.mx\/blog\/wp-content\/uploads\/2013\/12\/Derechos-y-garant\u00edas-individuales.jpg\",\"datePublished\":\"2013-12-18T20:48:06+00:00\",\"dateModified\":\"2023-03-10T16:56:32+00:00\",\"description\":\"Las garant\u00edas son derechos de todas las personas, conoce sus caracter\u00edsticas, clasificaci\u00f3n y los art\u00edculos m\u00e1s importantes.\",\"breadcrumb\":{\"@id\":\"https:\/\/utel.mx\/blog\/10-consejos-para\/que-son-los-derechos-y-las-garantias-individuales\/#breadcrumb\"},\"inLanguage\":\"es\",\"potentialAction\":[{\"@type\":\"ReadAction\",\"target\":[\"https:\/\/utel.mx\/blog\/10-consejos-para\/que-son-los-derechos-y-las-garantias-individuales\/\"]}]},{\"@type\":\"ImageObject\",\"inLanguage\":\"es\",\"@id\":\"https:\/\/utel.mx\/blog\/10-consejos-para\/que-son-los-derechos-y-las-garantias-individuales\/#primaryimage\",\"url\":\"https:\/\/utel.mx\/blog\/wp-content\/uploads\/2013\/12\/Derechos-y-garant\u00edas-individuales.jpg\",\"contentUrl\":\"https:\/\/utel.mx\/blog\/wp-content\/uploads\/2013\/12\/Derechos-y-garant\u00edas-individuales.jpg\",\"width\":600,\"height\":300,\"caption\":\"Derechos y garant\u00edas individuales\"},{\"@type\":\"BreadcrumbList\",\"@id\":\"https:\/\/utel.mx\/blog\/10-consejos-para\/que-son-los-derechos-y-las-garantias-individuales\/#breadcrumb\",\"itemListElement\":[{\"@type\":\"ListItem\",\"position\":1,\"name\":\"Home\",\"item\":\"https:\/\/utel.mx\/blog\/\"},{\"@type\":\"ListItem\",\"position\":2,\"name\":\"\u00bfQu\u00e9 son los derechos y las garant\u00edas individuales?\"}]},{\"@type\":\"WebSite\",\"@id\":\"https:\/\/utel.mx\/blog\/#website\",\"url\":\"https:\/\/utel.mx\/blog\/\",\"name\":\"BLOG | Utel\",\"description\":\"Blog UTEL Universidad en L\u00ednea\",\"publisher\":{\"@id\":\"https:\/\/utel.mx\/blog\/#organization\"},\"potentialAction\":[{\"@type\":\"SearchAction\",\"target\":{\"@type\":\"EntryPoint\",\"urlTemplate\":\"https:\/\/utel.mx\/blog\/?s={search_term_string}\"},\"query-input\":{\"@type\":\"PropertyValueSpecification\",\"valueRequired\":true,\"valueName\":\"search_term_string\"}}],\"inLanguage\":\"es\"},{\"@type\":\"Organization\",\"@id\":\"https:\/\/utel.mx\/blog\/#organization\",\"name\":\"BLOG | Utel\",\"url\":\"https:\/\/utel.mx\/blog\/\",\"logo\":{\"@type\":\"ImageObject\",\"inLanguage\":\"es\",\"@id\":\"https:\/\/utel.mx\/blog\/#\/schema\/logo\/image\/\",\"url\":\"https:\/\/utel.mx\/blog\/wp-content\/uploads\/2023\/03\/cropped-logo-blog.png\",\"contentUrl\":\"https:\/\/utel.mx\/blog\/wp-content\/uploads\/2023\/03\/cropped-logo-blog.png\",\"width\":237,\"height\":64,\"caption\":\"BLOG | Utel\"},\"image\":{\"@id\":\"https:\/\/utel.mx\/blog\/#\/schema\/logo\/image\/\"}},{\"@type\":\"Person\",\"@id\":\"https:\/\/utel.mx\/blog\/#\/schema\/person\/e5b3d8d918f13bd0b0f4724daa90dd95\",\"name\":\"Invitados UTEL\",\"image\":{\"@type\":\"ImageObject\",\"inLanguage\":\"es\",\"@id\":\"https:\/\/utel.mx\/blog\/#\/schema\/person\/image\/\",\"url\":\"https:\/\/secure.gravatar.com\/avatar\/781456f1128be5a332ab27ea8b902597?s=96&d=mm&r=g\",\"contentUrl\":\"https:\/\/secure.gravatar.com\/avatar\/781456f1128be5a332ab27ea8b902597?s=96&d=mm&r=g\",\"caption\":\"Invitados UTEL\"},\"description\":\"Invitados . Colaboraciones por parte de invitados de la Comunidad UTEL\"}]}<\/script>\n<!-- \/ Yoast SEO plugin. -->","yoast_head_json":{"title":"\u00bfQu\u00e9 son los derechos y las garant\u00edas individuales? - BLOG | Utel","description":"Las garant\u00edas son derechos de todas las personas, conoce sus caracter\u00edsticas, clasificaci\u00f3n y los art\u00edculos m\u00e1s importantes.","robots":{"index":"index","follow":"follow","max-snippet":"max-snippet:-1","max-image-preview":"max-image-preview:large","max-video-preview":"max-video-preview:-1"},"canonical":"https:\/\/utel.mx\/blog\/10-consejos-para\/que-son-los-derechos-y-las-garantias-individuales\/","og_locale":"es_ES","og_type":"article","og_title":"\u00bfQu\u00e9 son los derechos y las garant\u00edas individuales? - BLOG | Utel","og_description":"Las garant\u00edas son derechos de todas las personas, conoce sus caracter\u00edsticas, clasificaci\u00f3n y los art\u00edculos m\u00e1s importantes.","og_url":"https:\/\/utel.mx\/blog\/10-consejos-para\/que-son-los-derechos-y-las-garantias-individuales\/","og_site_name":"BLOG | Utel","article_published_time":"2013-12-18T20:48:06+00:00","article_modified_time":"2023-03-10T16:56:32+00:00","og_image":[{"width":600,"height":300,"url":"https:\/\/utel.mx\/blog\/wp-content\/uploads\/2013\/12\/Derechos-y-garant\u00edas-individuales.jpg","type":"image\/jpeg"}],"author":"Invitados UTEL","twitter_misc":{"Written by":"Invitados UTEL","Est. reading time":"2 minutos"},"schema":{"@context":"https:\/\/schema.org","@graph":[{"@type":"Article","@id":"https:\/\/utel.mx\/blog\/10-consejos-para\/que-son-los-derechos-y-las-garantias-individuales\/#article","isPartOf":{"@id":"https:\/\/utel.mx\/blog\/10-consejos-para\/que-son-los-derechos-y-las-garantias-individuales\/"},"author":{"name":"Invitados UTEL","@id":"https:\/\/utel.mx\/blog\/#\/schema\/person\/e5b3d8d918f13bd0b0f4724daa90dd95"},"headline":"\u00bfQu\u00e9 son los derechos y las garant\u00edas individuales?","datePublished":"2013-12-18T20:48:06+00:00","dateModified":"2023-03-10T16:56:32+00:00","mainEntityOfPage":{"@id":"https:\/\/utel.mx\/blog\/10-consejos-para\/que-son-los-derechos-y-las-garantias-individuales\/"},"wordCount":448,"publisher":{"@id":"https:\/\/utel.mx\/blog\/#organization"},"image":{"@id":"https:\/\/utel.mx\/blog\/10-consejos-para\/que-son-los-derechos-y-las-garantias-individuales\/#primaryimage"},"thumbnailUrl":"https:\/\/utel.mx\/blog\/wp-content\/uploads\/2013\/12\/Derechos-y-garant\u00edas-individuales.jpg","articleSection":["Tips"],"inLanguage":"es"},{"@type":"WebPage","@id":"https:\/\/utel.mx\/blog\/10-consejos-para\/que-son-los-derechos-y-las-garantias-individuales\/","url":"https:\/\/utel.mx\/blog\/10-consejos-para\/que-son-los-derechos-y-las-garantias-individuales\/","name":"\u00bfQu\u00e9 son los derechos y las garant\u00edas individuales? - BLOG | Utel","isPartOf":{"@id":"https:\/\/utel.mx\/blog\/#website"},"primaryImageOfPage":{"@id":"https:\/\/utel.mx\/blog\/10-consejos-para\/que-son-los-derechos-y-las-garantias-individuales\/#primaryimage"},"image":{"@id":"https:\/\/utel.mx\/blog\/10-consejos-para\/que-son-los-derechos-y-las-garantias-individuales\/#primaryimage"},"thumbnailUrl":"https:\/\/utel.mx\/blog\/wp-content\/uploads\/2013\/12\/Derechos-y-garant\u00edas-individuales.jpg","datePublished":"2013-12-18T20:48:06+00:00","dateModified":"2023-03-10T16:56:32+00:00","description":"Las garant\u00edas son derechos de todas las personas, conoce sus caracter\u00edsticas, clasificaci\u00f3n y los art\u00edculos m\u00e1s importantes.","breadcrumb":{"@id":"https:\/\/utel.mx\/blog\/10-consejos-para\/que-son-los-derechos-y-las-garantias-individuales\/#breadcrumb"},"inLanguage":"es","potentialAction":[{"@type":"ReadAction","target":["https:\/\/utel.mx\/blog\/10-consejos-para\/que-son-los-derechos-y-las-garantias-individuales\/"]}]},{"@type":"ImageObject","inLanguage":"es","@id":"https:\/\/utel.mx\/blog\/10-consejos-para\/que-son-los-derechos-y-las-garantias-individuales\/#primaryimage","url":"https:\/\/utel.mx\/blog\/wp-content\/uploads\/2013\/12\/Derechos-y-garant\u00edas-individuales.jpg","contentUrl":"https:\/\/utel.mx\/blog\/wp-content\/uploads\/2013\/12\/Derechos-y-garant\u00edas-individuales.jpg","width":600,"height":300,"caption":"Derechos y garant\u00edas individuales"},{"@type":"BreadcrumbList","@id":"https:\/\/utel.mx\/blog\/10-consejos-para\/que-son-los-derechos-y-las-garantias-individuales\/#breadcrumb","itemListElement":[{"@type":"ListItem","position":1,"name":"Home","item":"https:\/\/utel.mx\/blog\/"},{"@type":"ListItem","position":2,"name":"\u00bfQu\u00e9 son los derechos y las garant\u00edas individuales?"}]},{"@type":"WebSite","@id":"https:\/\/utel.mx\/blog\/#website","url":"https:\/\/utel.mx\/blog\/","name":"BLOG | Utel","description":"Blog UTEL Universidad en L\u00ednea","publisher":{"@id":"https:\/\/utel.mx\/blog\/#organization"},"potentialAction":[{"@type":"SearchAction","target":{"@type":"EntryPoint","urlTemplate":"https:\/\/utel.mx\/blog\/?s={search_term_string}"},"query-input":{"@type":"PropertyValueSpecification","valueRequired":true,"valueName":"search_term_string"}}],"inLanguage":"es"},{"@type":"Organization","@id":"https:\/\/utel.mx\/blog\/#organization","name":"BLOG | Utel","url":"https:\/\/utel.mx\/blog\/","logo":{"@type":"ImageObject","inLanguage":"es","@id":"https:\/\/utel.mx\/blog\/#\/schema\/logo\/image\/","url":"https:\/\/utel.mx\/blog\/wp-content\/uploads\/2023\/03\/cropped-logo-blog.png","contentUrl":"https:\/\/utel.mx\/blog\/wp-content\/uploads\/2023\/03\/cropped-logo-blog.png","width":237,"height":64,"caption":"BLOG | Utel"},"image":{"@id":"https:\/\/utel.mx\/blog\/#\/schema\/logo\/image\/"}},{"@type":"Person","@id":"https:\/\/utel.mx\/blog\/#\/schema\/person\/e5b3d8d918f13bd0b0f4724daa90dd95","name":"Invitados UTEL","image":{"@type":"ImageObject","inLanguage":"es","@id":"https:\/\/utel.mx\/blog\/#\/schema\/person\/image\/","url":"https:\/\/secure.gravatar.com\/avatar\/781456f1128be5a332ab27ea8b902597?s=96&d=mm&r=g","contentUrl":"https:\/\/secure.gravatar.com\/avatar\/781456f1128be5a332ab27ea8b902597?s=96&d=mm&r=g","caption":"Invitados UTEL"},"description":"Invitados . Colaboraciones por parte de invitados de la Comunidad UTEL"}]}},"_links":{"self":[{"href":"https:\/\/utel.mx\/blog\/wp-json\/wp\/v2\/posts\/10120","targetHints":{"allow":["GET"]}}],"collection":[{"href":"https:\/\/utel.mx\/blog\/wp-json\/wp\/v2\/posts"}],"about":[{"href":"https:\/\/utel.mx\/blog\/wp-json\/wp\/v2\/types\/post"}],"author":[{"embeddable":true,"href":"https:\/\/utel.mx\/blog\/wp-json\/wp\/v2\/users\/40"}],"replies":[{"embeddable":true,"href":"https:\/\/utel.mx\/blog\/wp-json\/wp\/v2\/comments?post=10120"}],"version-history":[{"count":1,"href":"https:\/\/utel.mx\/blog\/wp-json\/wp\/v2\/posts\/10120\/revisions"}],"predecessor-version":[{"id":44639,"href":"https:\/\/utel.mx\/blog\/wp-json\/wp\/v2\/posts\/10120\/revisions\/44639"}],"wp:featuredmedia":[{"embeddable":true,"href":"https:\/\/utel.mx\/blog\/wp-json\/wp\/v2\/media\/37922"}],"wp:attachment":[{"href":"https:\/\/utel.mx\/blog\/wp-json\/wp\/v2\/media?parent=10120"}],"wp:term":[{"taxonomy":"category","embeddable":true,"href":"https:\/\/utel.mx\/blog\/wp-json\/wp\/v2\/categories?post=10120"},{"taxonomy":"post_tag","embeddable":true,"href":"https:\/\/utel.mx\/blog\/wp-json\/wp\/v2\/tags?post=10120"}],"curies":[{"name":"wp","href":"https:\/\/api.w.org\/{rel}","templated":true}]}}