{"id":10129,"date":"2013-12-17T20:52:30","date_gmt":"2013-12-17T20:52:30","guid":{"rendered":"http:\/\/utel.mx\/blog\/?p=10129"},"modified":"2023-03-10T16:56:34","modified_gmt":"2023-03-10T16:56:34","slug":"que-es-ser-intercultural","status":"publish","type":"post","link":"https:\/\/utel.mx\/blog\/rol-personal\/que-es-ser-intercultural\/","title":{"rendered":"\u00bfQu\u00e9 es ser intercultural?"},"content":{"rendered":"<p dir=\"ltr\"><span style=\"color: #000000;\">La interculturalidad se encuentra definida como la <strong>interacci\u00f3n entre dos o m\u00e1s culturas<\/strong>, de manera que ninguna se encuentre por encima de la otra, con el prop\u00f3sito de favorecer la integraci\u00f3n y tener una convivencia arm\u00f3nica.<\/span><\/p>\n<p dir=\"ltr\"><span style=\"color: #000000;\">El concepto intercultural siempre se apoya en valores, como la tolerancia y el di\u00e1logo para resolver cualquier conflicto, pues la idea principal es el respeto hacia la diversidad.<\/span><\/p>\n<h2 dir=\"ltr\"><span style=\"color: #000000;\">La interculturalidad en M\u00e9xico<\/span><\/h2>\n<p dir=\"ltr\"><span style=\"color: #000000;\">En M\u00e9xico la interculturalidad constituye un campo a\u00fan emergente, puesto que, se debe tener en cuenta que \u00e9sta, a su vez depende de m\u00faltiples factores, como los obst\u00e1culos comunicativos, la carencia de pol\u00edticas, las diferencias econ\u00f3micas, incluso las mismas concepciones de cultura.<\/span><\/p>\n<p dir=\"ltr\"><span style=\"color: #000000;\">Cabe \u00a0aclarar que la interculturalidad no se refiere s\u00f3lo a la interacci\u00f3n que ocurre a nivel geogr\u00e1fico sino, m\u00e1s bien, en cada una de las situaciones en las que se vive d\u00eda a d\u00eda, como lo es la vida laboral.<\/span><\/p>\n<p dir=\"ltr\"><span style=\"color: #000000;\">Hoy en d\u00eda, uno de los principales objetivos de un profesionista debe ser convertirse en un individuo intercultural, ya que cualquier empresa que se encuentre en b\u00fasqueda de expandirse, valorar\u00e1 esta caracter\u00edstica en el profesionista. El poder socializar con ejecutivos, inversionistas, etc., provenientes de otras culturas, <strong>sin generar malentendidos<\/strong>, es un factor vital en el mundo de los negocios.<\/span><\/p>\n<p dir=\"ltr\"><span style=\"color: #000000;\">Es de extrema importancia recordar que <strong>no existen culturas mejores ni peores<\/strong>, no hay jerarqu\u00eda entre ellas y evidentemente cada una tiene su formas de pensar, sentir y actuar, sin embargo, todas son merecedoras de respeto.<\/span><\/p>\n<p dir=\"ltr\"><span style=\"color: #000000;\">Com\u00fanmente la clave para lograr participar en este entorno intercultural es identificar cuales son los comportamientos de orden universal y cuales son relativos a una cultura en espec\u00edfico; debido a que muchas de las pr\u00e1cticas culturales cuentan con una complejidad simb\u00f3lica, en este caso se debe intentar comprender y aceptar, lo que probablemente es nuevo para ti.<\/span><\/p>\n<p dir=\"ltr\"><span style=\"color: #000000;\">Lograr una conexi\u00f3n entre m\u00faltiples culturas es una tarea dif\u00edcil al principio, no obstante, con una mente abierta y valores como el respeto y la comprensi\u00f3n, poco a poco se vencen las barreras y se crear\u00e1 un entorno de sana convivencia.<\/span><\/p>\n<p dir=\"ltr\"><span style=\"color: #000000;\">Wanda Mirel Solorio Garc\u00eda<\/span><\/p>\n<p dir=\"ltr\"><span style=\"color: #000000;\">UTEL Editorial.<\/span><\/p>\n<div id=\"advads-418203749\" class=\"advads-cta-lp-banner-form advads-entity-placement\"><a href=\"https:\/\/utel.mx\/blog\/admisiones-universidad-online\/?utm_source=blog&#038;utm_medium=CTAlink&#038;utm_campaign=MKTseo\" aria-label=\"Universidad en linea\"><img src=\"https:\/\/utel.mx\/blog\/wp-content\/uploads\/2025\/04\/universidad-en-linea-1.png\" alt=\"Universidad en linea\"  srcset=\"https:\/\/utel.mx\/blog\/wp-content\/uploads\/2025\/04\/universidad-en-linea-1.png 626w, https:\/\/utel.mx\/blog\/wp-content\/uploads\/2025\/04\/universidad-en-linea-1-420x168.png 420w\" sizes=\"(max-width: 626px) 100vw, 626px\" width=\"626\" height=\"250\"   \/><\/a><\/div>","protected":false},"excerpt":{"rendered":"<p> [&hellip;]<\/p>\n","protected":false},"author":40,"featured_media":38549,"comment_status":"closed","ping_status":"open","sticky":false,"template":"","format":"standard","meta":{"_acf_changed":false,"site-sidebar-layout":"default","site-content-layout":"","ast-site-content-layout":"","site-content-style":"default","site-sidebar-style":"default","ast-global-header-display":"","ast-banner-title-visibility":"","ast-main-header-display":"","ast-hfb-above-header-display":"","ast-hfb-below-header-display":"","ast-hfb-mobile-header-display":"","site-post-title":"","ast-breadcrumbs-content":"","ast-featured-img":"","footer-sml-layout":"","theme-transparent-header-meta":"","adv-header-id-meta":"","stick-header-meta":"","header-above-stick-meta":"","header-main-stick-meta":"","header-below-stick-meta":"","astra-migrate-meta-layouts":"default","ast-page-background-enabled":"default","ast-page-background-meta":{"desktop":{"background-color":"var(--ast-global-color-4)","background-image":"","background-repeat":"repeat","background-position":"center center","background-size":"auto","background-attachment":"scroll","background-type":"","background-media":"","overlay-type":"","overlay-color":"","overlay-gradient":""},"tablet":{"background-color":"","background-image":"","background-repeat":"repeat","background-position":"center center","background-size":"auto","background-attachment":"scroll","background-type":"","background-media":"","overlay-type":"","overlay-color":"","overlay-gradient":""},"mobile":{"background-color":"","background-image":"","background-repeat":"repeat","background-position":"center center","background-size":"auto","background-attachment":"scroll","background-type":"","background-media":"","overlay-type":"","overlay-color":"","overlay-gradient":""}},"ast-content-background-meta":{"desktop":{"background-color":"var(--ast-global-color-5)","background-image":"","background-repeat":"repeat","background-position":"center center","background-size":"auto","background-attachment":"scroll","background-type":"","background-media":"","overlay-type":"","overlay-color":"","overlay-gradient":""},"tablet":{"background-color":"var(--ast-global-color-5)","background-image":"","background-repeat":"repeat","background-position":"center center","background-size":"auto","background-attachment":"scroll","background-type":"","background-media":"","overlay-type":"","overlay-color":"","overlay-gradient":""},"mobile":{"background-color":"var(--ast-global-color-5)","background-image":"","background-repeat":"repeat","background-position":"center center","background-size":"auto","background-attachment":"scroll","background-type":"","background-media":"","overlay-type":"","overlay-color":"","overlay-gradient":""}},"footnotes":""},"categories":[33],"tags":[],"class_list":["post-10129","post","type-post","status-publish","format-standard","has-post-thumbnail","hentry","category-rol-personal"],"acf":[],"yoast_head":"<!-- This site is optimized with the Yoast SEO plugin v26.8 - https:\/\/yoast.com\/product\/yoast-seo-wordpress\/ -->\n<title>\u00bfQu\u00e9 es ser intercultural? - BLOG | Utel<\/title>\n<meta name=\"description\" content=\"Lograr un entorno intercultural es vencer barreras para lograr una convivencia arm\u00f3nica.\" \/>\n<meta name=\"robots\" content=\"index, follow, max-snippet:-1, max-image-preview:large, max-video-preview:-1\" \/>\n<link rel=\"canonical\" href=\"https:\/\/utel.mx\/blog\/rol-personal\/que-es-ser-intercultural\/\" \/>\n<meta property=\"og:locale\" content=\"es_ES\" \/>\n<meta property=\"og:type\" content=\"article\" \/>\n<meta property=\"og:title\" content=\"\u00bfQu\u00e9 es ser intercultural? - BLOG | Utel\" \/>\n<meta property=\"og:description\" content=\"Lograr un entorno intercultural es vencer barreras para lograr una convivencia arm\u00f3nica.\" \/>\n<meta property=\"og:url\" content=\"https:\/\/utel.mx\/blog\/rol-personal\/que-es-ser-intercultural\/\" \/>\n<meta property=\"og:site_name\" content=\"BLOG | Utel\" \/>\n<meta property=\"article:published_time\" content=\"2013-12-17T20:52:30+00:00\" \/>\n<meta property=\"article:modified_time\" content=\"2023-03-10T16:56:34+00:00\" \/>\n<meta property=\"og:image\" content=\"https:\/\/utel.mx\/blog\/wp-content\/uploads\/2013\/12\/Qu\u00e9-es-ser-intercultural.png\" \/>\n\t<meta property=\"og:image:width\" content=\"600\" \/>\n\t<meta property=\"og:image:height\" content=\"300\" \/>\n\t<meta property=\"og:image:type\" content=\"image\/png\" \/>\n<meta name=\"author\" content=\"Invitados UTEL\" \/>\n<meta name=\"twitter:label1\" content=\"Written by\" \/>\n\t<meta name=\"twitter:data1\" content=\"Invitados UTEL\" \/>\n\t<meta name=\"twitter:label2\" content=\"Est. reading time\" \/>\n\t<meta name=\"twitter:data2\" content=\"2 minutos\" \/>\n<script type=\"application\/ld+json\" class=\"yoast-schema-graph\">{\"@context\":\"https:\/\/schema.org\",\"@graph\":[{\"@type\":\"Article\",\"@id\":\"https:\/\/utel.mx\/blog\/rol-personal\/que-es-ser-intercultural\/#article\",\"isPartOf\":{\"@id\":\"https:\/\/utel.mx\/blog\/rol-personal\/que-es-ser-intercultural\/\"},\"author\":{\"name\":\"Invitados UTEL\",\"@id\":\"https:\/\/utel.mx\/blog\/#\/schema\/person\/e5b3d8d918f13bd0b0f4724daa90dd95\"},\"headline\":\"\u00bfQu\u00e9 es ser intercultural?\",\"datePublished\":\"2013-12-17T20:52:30+00:00\",\"dateModified\":\"2023-03-10T16:56:34+00:00\",\"mainEntityOfPage\":{\"@id\":\"https:\/\/utel.mx\/blog\/rol-personal\/que-es-ser-intercultural\/\"},\"wordCount\":385,\"publisher\":{\"@id\":\"https:\/\/utel.mx\/blog\/#organization\"},\"image\":{\"@id\":\"https:\/\/utel.mx\/blog\/rol-personal\/que-es-ser-intercultural\/#primaryimage\"},\"thumbnailUrl\":\"https:\/\/utel.mx\/blog\/wp-content\/uploads\/2013\/12\/Qu\u00e9-es-ser-intercultural.png\",\"articleSection\":[\"Rol personal\"],\"inLanguage\":\"es\"},{\"@type\":\"WebPage\",\"@id\":\"https:\/\/utel.mx\/blog\/rol-personal\/que-es-ser-intercultural\/\",\"url\":\"https:\/\/utel.mx\/blog\/rol-personal\/que-es-ser-intercultural\/\",\"name\":\"\u00bfQu\u00e9 es ser intercultural? - BLOG | Utel\",\"isPartOf\":{\"@id\":\"https:\/\/utel.mx\/blog\/#website\"},\"primaryImageOfPage\":{\"@id\":\"https:\/\/utel.mx\/blog\/rol-personal\/que-es-ser-intercultural\/#primaryimage\"},\"image\":{\"@id\":\"https:\/\/utel.mx\/blog\/rol-personal\/que-es-ser-intercultural\/#primaryimage\"},\"thumbnailUrl\":\"https:\/\/utel.mx\/blog\/wp-content\/uploads\/2013\/12\/Qu\u00e9-es-ser-intercultural.png\",\"datePublished\":\"2013-12-17T20:52:30+00:00\",\"dateModified\":\"2023-03-10T16:56:34+00:00\",\"description\":\"Lograr un entorno intercultural es vencer barreras para lograr una convivencia arm\u00f3nica.\",\"breadcrumb\":{\"@id\":\"https:\/\/utel.mx\/blog\/rol-personal\/que-es-ser-intercultural\/#breadcrumb\"},\"inLanguage\":\"es\",\"potentialAction\":[{\"@type\":\"ReadAction\",\"target\":[\"https:\/\/utel.mx\/blog\/rol-personal\/que-es-ser-intercultural\/\"]}]},{\"@type\":\"ImageObject\",\"inLanguage\":\"es\",\"@id\":\"https:\/\/utel.mx\/blog\/rol-personal\/que-es-ser-intercultural\/#primaryimage\",\"url\":\"https:\/\/utel.mx\/blog\/wp-content\/uploads\/2013\/12\/Qu\u00e9-es-ser-intercultural.png\",\"contentUrl\":\"https:\/\/utel.mx\/blog\/wp-content\/uploads\/2013\/12\/Qu\u00e9-es-ser-intercultural.png\",\"width\":600,\"height\":300},{\"@type\":\"BreadcrumbList\",\"@id\":\"https:\/\/utel.mx\/blog\/rol-personal\/que-es-ser-intercultural\/#breadcrumb\",\"itemListElement\":[{\"@type\":\"ListItem\",\"position\":1,\"name\":\"Home\",\"item\":\"https:\/\/utel.mx\/blog\/\"},{\"@type\":\"ListItem\",\"position\":2,\"name\":\"\u00bfQu\u00e9 es ser intercultural?\"}]},{\"@type\":\"WebSite\",\"@id\":\"https:\/\/utel.mx\/blog\/#website\",\"url\":\"https:\/\/utel.mx\/blog\/\",\"name\":\"BLOG | Utel\",\"description\":\"Blog UTEL Universidad en L\u00ednea\",\"publisher\":{\"@id\":\"https:\/\/utel.mx\/blog\/#organization\"},\"potentialAction\":[{\"@type\":\"SearchAction\",\"target\":{\"@type\":\"EntryPoint\",\"urlTemplate\":\"https:\/\/utel.mx\/blog\/?s={search_term_string}\"},\"query-input\":{\"@type\":\"PropertyValueSpecification\",\"valueRequired\":true,\"valueName\":\"search_term_string\"}}],\"inLanguage\":\"es\"},{\"@type\":\"Organization\",\"@id\":\"https:\/\/utel.mx\/blog\/#organization\",\"name\":\"BLOG | Utel\",\"url\":\"https:\/\/utel.mx\/blog\/\",\"logo\":{\"@type\":\"ImageObject\",\"inLanguage\":\"es\",\"@id\":\"https:\/\/utel.mx\/blog\/#\/schema\/logo\/image\/\",\"url\":\"https:\/\/utel.mx\/blog\/wp-content\/uploads\/2023\/03\/cropped-logo-blog.png\",\"contentUrl\":\"https:\/\/utel.mx\/blog\/wp-content\/uploads\/2023\/03\/cropped-logo-blog.png\",\"width\":237,\"height\":64,\"caption\":\"BLOG | Utel\"},\"image\":{\"@id\":\"https:\/\/utel.mx\/blog\/#\/schema\/logo\/image\/\"}},{\"@type\":\"Person\",\"@id\":\"https:\/\/utel.mx\/blog\/#\/schema\/person\/e5b3d8d918f13bd0b0f4724daa90dd95\",\"name\":\"Invitados UTEL\",\"image\":{\"@type\":\"ImageObject\",\"inLanguage\":\"es\",\"@id\":\"https:\/\/utel.mx\/blog\/#\/schema\/person\/image\/\",\"url\":\"https:\/\/secure.gravatar.com\/avatar\/781456f1128be5a332ab27ea8b902597?s=96&d=mm&r=g\",\"contentUrl\":\"https:\/\/secure.gravatar.com\/avatar\/781456f1128be5a332ab27ea8b902597?s=96&d=mm&r=g\",\"caption\":\"Invitados UTEL\"},\"description\":\"Invitados . Colaboraciones por parte de invitados de la Comunidad UTEL\"}]}<\/script>\n<!-- \/ Yoast SEO plugin. -->","yoast_head_json":{"title":"\u00bfQu\u00e9 es ser intercultural? - BLOG | Utel","description":"Lograr un entorno intercultural es vencer barreras para lograr una convivencia arm\u00f3nica.","robots":{"index":"index","follow":"follow","max-snippet":"max-snippet:-1","max-image-preview":"max-image-preview:large","max-video-preview":"max-video-preview:-1"},"canonical":"https:\/\/utel.mx\/blog\/rol-personal\/que-es-ser-intercultural\/","og_locale":"es_ES","og_type":"article","og_title":"\u00bfQu\u00e9 es ser intercultural? - BLOG | Utel","og_description":"Lograr un entorno intercultural es vencer barreras para lograr una convivencia arm\u00f3nica.","og_url":"https:\/\/utel.mx\/blog\/rol-personal\/que-es-ser-intercultural\/","og_site_name":"BLOG | Utel","article_published_time":"2013-12-17T20:52:30+00:00","article_modified_time":"2023-03-10T16:56:34+00:00","og_image":[{"width":600,"height":300,"url":"https:\/\/utel.mx\/blog\/wp-content\/uploads\/2013\/12\/Qu\u00e9-es-ser-intercultural.png","type":"image\/png"}],"author":"Invitados UTEL","twitter_misc":{"Written by":"Invitados UTEL","Est. reading time":"2 minutos"},"schema":{"@context":"https:\/\/schema.org","@graph":[{"@type":"Article","@id":"https:\/\/utel.mx\/blog\/rol-personal\/que-es-ser-intercultural\/#article","isPartOf":{"@id":"https:\/\/utel.mx\/blog\/rol-personal\/que-es-ser-intercultural\/"},"author":{"name":"Invitados UTEL","@id":"https:\/\/utel.mx\/blog\/#\/schema\/person\/e5b3d8d918f13bd0b0f4724daa90dd95"},"headline":"\u00bfQu\u00e9 es ser intercultural?","datePublished":"2013-12-17T20:52:30+00:00","dateModified":"2023-03-10T16:56:34+00:00","mainEntityOfPage":{"@id":"https:\/\/utel.mx\/blog\/rol-personal\/que-es-ser-intercultural\/"},"wordCount":385,"publisher":{"@id":"https:\/\/utel.mx\/blog\/#organization"},"image":{"@id":"https:\/\/utel.mx\/blog\/rol-personal\/que-es-ser-intercultural\/#primaryimage"},"thumbnailUrl":"https:\/\/utel.mx\/blog\/wp-content\/uploads\/2013\/12\/Qu\u00e9-es-ser-intercultural.png","articleSection":["Rol personal"],"inLanguage":"es"},{"@type":"WebPage","@id":"https:\/\/utel.mx\/blog\/rol-personal\/que-es-ser-intercultural\/","url":"https:\/\/utel.mx\/blog\/rol-personal\/que-es-ser-intercultural\/","name":"\u00bfQu\u00e9 es ser intercultural? - BLOG | Utel","isPartOf":{"@id":"https:\/\/utel.mx\/blog\/#website"},"primaryImageOfPage":{"@id":"https:\/\/utel.mx\/blog\/rol-personal\/que-es-ser-intercultural\/#primaryimage"},"image":{"@id":"https:\/\/utel.mx\/blog\/rol-personal\/que-es-ser-intercultural\/#primaryimage"},"thumbnailUrl":"https:\/\/utel.mx\/blog\/wp-content\/uploads\/2013\/12\/Qu\u00e9-es-ser-intercultural.png","datePublished":"2013-12-17T20:52:30+00:00","dateModified":"2023-03-10T16:56:34+00:00","description":"Lograr un entorno intercultural es vencer barreras para lograr una convivencia arm\u00f3nica.","breadcrumb":{"@id":"https:\/\/utel.mx\/blog\/rol-personal\/que-es-ser-intercultural\/#breadcrumb"},"inLanguage":"es","potentialAction":[{"@type":"ReadAction","target":["https:\/\/utel.mx\/blog\/rol-personal\/que-es-ser-intercultural\/"]}]},{"@type":"ImageObject","inLanguage":"es","@id":"https:\/\/utel.mx\/blog\/rol-personal\/que-es-ser-intercultural\/#primaryimage","url":"https:\/\/utel.mx\/blog\/wp-content\/uploads\/2013\/12\/Qu\u00e9-es-ser-intercultural.png","contentUrl":"https:\/\/utel.mx\/blog\/wp-content\/uploads\/2013\/12\/Qu\u00e9-es-ser-intercultural.png","width":600,"height":300},{"@type":"BreadcrumbList","@id":"https:\/\/utel.mx\/blog\/rol-personal\/que-es-ser-intercultural\/#breadcrumb","itemListElement":[{"@type":"ListItem","position":1,"name":"Home","item":"https:\/\/utel.mx\/blog\/"},{"@type":"ListItem","position":2,"name":"\u00bfQu\u00e9 es ser intercultural?"}]},{"@type":"WebSite","@id":"https:\/\/utel.mx\/blog\/#website","url":"https:\/\/utel.mx\/blog\/","name":"BLOG | Utel","description":"Blog UTEL Universidad en L\u00ednea","publisher":{"@id":"https:\/\/utel.mx\/blog\/#organization"},"potentialAction":[{"@type":"SearchAction","target":{"@type":"EntryPoint","urlTemplate":"https:\/\/utel.mx\/blog\/?s={search_term_string}"},"query-input":{"@type":"PropertyValueSpecification","valueRequired":true,"valueName":"search_term_string"}}],"inLanguage":"es"},{"@type":"Organization","@id":"https:\/\/utel.mx\/blog\/#organization","name":"BLOG | Utel","url":"https:\/\/utel.mx\/blog\/","logo":{"@type":"ImageObject","inLanguage":"es","@id":"https:\/\/utel.mx\/blog\/#\/schema\/logo\/image\/","url":"https:\/\/utel.mx\/blog\/wp-content\/uploads\/2023\/03\/cropped-logo-blog.png","contentUrl":"https:\/\/utel.mx\/blog\/wp-content\/uploads\/2023\/03\/cropped-logo-blog.png","width":237,"height":64,"caption":"BLOG | Utel"},"image":{"@id":"https:\/\/utel.mx\/blog\/#\/schema\/logo\/image\/"}},{"@type":"Person","@id":"https:\/\/utel.mx\/blog\/#\/schema\/person\/e5b3d8d918f13bd0b0f4724daa90dd95","name":"Invitados UTEL","image":{"@type":"ImageObject","inLanguage":"es","@id":"https:\/\/utel.mx\/blog\/#\/schema\/person\/image\/","url":"https:\/\/secure.gravatar.com\/avatar\/781456f1128be5a332ab27ea8b902597?s=96&d=mm&r=g","contentUrl":"https:\/\/secure.gravatar.com\/avatar\/781456f1128be5a332ab27ea8b902597?s=96&d=mm&r=g","caption":"Invitados UTEL"},"description":"Invitados . Colaboraciones por parte de invitados de la Comunidad UTEL"}]}},"_links":{"self":[{"href":"https:\/\/utel.mx\/blog\/wp-json\/wp\/v2\/posts\/10129","targetHints":{"allow":["GET"]}}],"collection":[{"href":"https:\/\/utel.mx\/blog\/wp-json\/wp\/v2\/posts"}],"about":[{"href":"https:\/\/utel.mx\/blog\/wp-json\/wp\/v2\/types\/post"}],"author":[{"embeddable":true,"href":"https:\/\/utel.mx\/blog\/wp-json\/wp\/v2\/users\/40"}],"replies":[{"embeddable":true,"href":"https:\/\/utel.mx\/blog\/wp-json\/wp\/v2\/comments?post=10129"}],"version-history":[{"count":1,"href":"https:\/\/utel.mx\/blog\/wp-json\/wp\/v2\/posts\/10129\/revisions"}],"predecessor-version":[{"id":45165,"href":"https:\/\/utel.mx\/blog\/wp-json\/wp\/v2\/posts\/10129\/revisions\/45165"}],"wp:featuredmedia":[{"embeddable":true,"href":"https:\/\/utel.mx\/blog\/wp-json\/wp\/v2\/media\/38549"}],"wp:attachment":[{"href":"https:\/\/utel.mx\/blog\/wp-json\/wp\/v2\/media?parent=10129"}],"wp:term":[{"taxonomy":"category","embeddable":true,"href":"https:\/\/utel.mx\/blog\/wp-json\/wp\/v2\/categories?post=10129"},{"taxonomy":"post_tag","embeddable":true,"href":"https:\/\/utel.mx\/blog\/wp-json\/wp\/v2\/tags?post=10129"}],"curies":[{"name":"wp","href":"https:\/\/api.w.org\/{rel}","templated":true}]}}