{"id":10177,"date":"2014-02-28T13:50:27","date_gmt":"2014-02-28T13:50:27","guid":{"rendered":"http:\/\/utel.mx\/blog\/?p=10177"},"modified":"2023-03-10T16:57:58","modified_gmt":"2023-03-10T16:57:58","slug":"historia-de-la-administracion-deportiva-2","status":"publish","type":"post","link":"https:\/\/utel.mx\/blog\/cursos-y-diplomados\/historia-de-la-administracion-deportiva-2\/","title":{"rendered":"Historia de la administraci\u00f3n deportiva"},"content":{"rendered":"<p dir=\"ltr\"><span style=\"color: #000000;\">El deporte en Grecia se remonta al 776 a. C. cuando comenzaron los primeros Juegos Ol\u00edmpicos que se disputaban cada cuatro a\u00f1os en la ciudad de Olimpia. Durante estas competencias se creaba en los ciudadanos una sensaci\u00f3n de fraternidad y surg\u00eda un sentimiento de pertenencia a una estructura socio-pol\u00edtica superior al de la polis.<\/span><\/p>\n<h2 dir=\"ltr\"><span style=\"color: #000000;\">Los or\u00edgenes de los Juegos Ol\u00edmpicos<\/span><\/h2>\n<p dir=\"ltr\"><span style=\"color: #000000;\">En sus or\u00edgenes, los ni\u00f1os menores a doce a\u00f1os entraban a la palestra, donde eran instruidos para desarrollar sus m\u00fasculos y disciplinar los nervios; m\u00e1s tarde, a los diecis\u00e9is a\u00f1os, ingresaban al gimnasio, donde hac\u00edan ejercicios f\u00edsicos y de atletismo. Finalmente a los veinte a\u00f1os los griegos conclu\u00edan su formaci\u00f3n deportiva y estaban capacitados para competir en los Juegos Ol\u00edmpicos.<\/span><\/p>\n<p dir=\"ltr\"><span style=\"color: #000000;\">El deporte constitu\u00eda una parte fundamental en la sociedad, sin embargo, a\u00fan no hab\u00eda organismos dedicados a regular esta actividad, ya que siempre se vincul\u00f3 al deporte como un juego no como una disciplina; otras \u00e1reas, como la industria, la ganader\u00eda y la agricultura se desarrollaron con m\u00e1s rapidez.<\/span><\/p>\n<h3 dir=\"ltr\"><span style=\"color: #000000;\">La administraci\u00f3n deportiva<\/span><\/h3>\n<p dir=\"ltr\"><span style=\"color: #000000;\">Fue con el paso de los a\u00f1os que se consider\u00f3 al deporte como una actividad que pod\u00eda generar altos ingresos debido a su aceptaci\u00f3n popular y reactivador de la econom\u00eda.<\/span><\/p>\n<p dir=\"ltr\"><span style=\"color: #000000;\">Las grandes competencias como los mundiales de f\u00fatbol, los juegos de invierno, los mundiales de atletismo y las Olimpiadas dieron un realce al deporte a causa de su trascendencia entre las naciones. No hay que perder de vista que los deportistas representan a una naci\u00f3n como figuras p\u00fablicas, lo cual es una responsabilidad muy grande.<\/span><\/p>\n<p dir=\"ltr\"><span style=\"color: #000000;\">Es entones que comenz\u00f3 a instituirse la<strong> administraci\u00f3n deportiva<\/strong>&nbsp;como un \u00f3rgano necesario para la gesti\u00f3n de esta disciplina; es decir profesionalizarlo de tal manera que adquiriera importancia como si se tratase de una industria.<\/span><\/p>\n<p dir=\"ltr\"><span style=\"color: #000000;\">Los gestores deportivos se han convertido en pieza fundamental para el desarrollo del deporte como lo concebimos hoy en d\u00eda, el repunte ha sido tal que se ha instaurado la<strong> administraci\u00f3n deportiva<\/strong> como profesi\u00f3n.<\/span><\/p>\n<p><span style=\"color: #000000;\"><strong>Adair Rodr\u00edguez<\/strong><\/span><br \/>\n<span style=\"color: #000000;\"><strong>UTEL Editorial<\/strong><\/span><\/p>\n<div id=\"advads-2941565472\" class=\"advads-cta-lp-banner-form advads-entity-placement\"><a href=\"https:\/\/utel.mx\/blog\/admisiones-universidad-online\/?utm_source=blog&#038;utm_medium=CTAlink&#038;utm_campaign=MKTseo\" aria-label=\"Universidad en linea\"><img src=\"https:\/\/utel.mx\/blog\/wp-content\/uploads\/2025\/04\/universidad-en-linea-1.png\" alt=\"Universidad en linea\"  srcset=\"https:\/\/utel.mx\/blog\/wp-content\/uploads\/2025\/04\/universidad-en-linea-1.png 626w, https:\/\/utel.mx\/blog\/wp-content\/uploads\/2025\/04\/universidad-en-linea-1-420x168.png 420w\" sizes=\"(max-width: 626px) 100vw, 626px\" width=\"626\" height=\"250\"   \/><\/a><\/div>","protected":false},"excerpt":{"rendered":"<p> [&hellip;]<\/p>\n","protected":false},"author":40,"featured_media":39540,"comment_status":"closed","ping_status":"open","sticky":false,"template":"","format":"standard","meta":{"_acf_changed":false,"site-sidebar-layout":"default","site-content-layout":"","ast-site-content-layout":"","site-content-style":"default","site-sidebar-style":"default","ast-global-header-display":"","ast-banner-title-visibility":"","ast-main-header-display":"","ast-hfb-above-header-display":"","ast-hfb-below-header-display":"","ast-hfb-mobile-header-display":"","site-post-title":"","ast-breadcrumbs-content":"","ast-featured-img":"","footer-sml-layout":"","theme-transparent-header-meta":"","adv-header-id-meta":"","stick-header-meta":"","header-above-stick-meta":"","header-main-stick-meta":"","header-below-stick-meta":"","astra-migrate-meta-layouts":"default","ast-page-background-enabled":"default","ast-page-background-meta":{"desktop":{"background-color":"var(--ast-global-color-4)","background-image":"","background-repeat":"repeat","background-position":"center center","background-size":"auto","background-attachment":"scroll","background-type":"","background-media":"","overlay-type":"","overlay-color":"","overlay-gradient":""},"tablet":{"background-color":"","background-image":"","background-repeat":"repeat","background-position":"center center","background-size":"auto","background-attachment":"scroll","background-type":"","background-media":"","overlay-type":"","overlay-color":"","overlay-gradient":""},"mobile":{"background-color":"","background-image":"","background-repeat":"repeat","background-position":"center center","background-size":"auto","background-attachment":"scroll","background-type":"","background-media":"","overlay-type":"","overlay-color":"","overlay-gradient":""}},"ast-content-background-meta":{"desktop":{"background-color":"var(--ast-global-color-5)","background-image":"","background-repeat":"repeat","background-position":"center center","background-size":"auto","background-attachment":"scroll","background-type":"","background-media":"","overlay-type":"","overlay-color":"","overlay-gradient":""},"tablet":{"background-color":"var(--ast-global-color-5)","background-image":"","background-repeat":"repeat","background-position":"center center","background-size":"auto","background-attachment":"scroll","background-type":"","background-media":"","overlay-type":"","overlay-color":"","overlay-gradient":""},"mobile":{"background-color":"var(--ast-global-color-5)","background-image":"","background-repeat":"repeat","background-position":"center center","background-size":"auto","background-attachment":"scroll","background-type":"","background-media":"","overlay-type":"","overlay-color":"","overlay-gradient":""}},"footnotes":""},"categories":[1208],"tags":[],"class_list":["post-10177","post","type-post","status-publish","format-standard","has-post-thumbnail","hentry","category-cursos-y-diplomados"],"acf":[],"yoast_head":"<!-- This site is optimized with the Yoast SEO plugin v26.8 - https:\/\/yoast.com\/product\/yoast-seo-wordpress\/ -->\n<title>Historia de la administraci\u00f3n deportiva - BLOG | Utel<\/title>\n<meta name=\"description\" content=\"El inter\u00e9s por el fen\u00f3meno deportivo y sus repercusiones econ\u00f3micas, han generado la necesidad de instaurar la administraci\u00f3n deportiva como profesi\u00f3n.\" \/>\n<meta name=\"robots\" content=\"index, follow, max-snippet:-1, max-image-preview:large, max-video-preview:-1\" \/>\n<link rel=\"canonical\" href=\"https:\/\/utel.mx\/blog\/cursos-y-diplomados\/historia-de-la-administracion-deportiva-2\/\" \/>\n<meta property=\"og:locale\" content=\"es_ES\" \/>\n<meta property=\"og:type\" content=\"article\" \/>\n<meta property=\"og:title\" content=\"Historia de la administraci\u00f3n deportiva - BLOG | Utel\" \/>\n<meta property=\"og:description\" content=\"El inter\u00e9s por el fen\u00f3meno deportivo y sus repercusiones econ\u00f3micas, han generado la necesidad de instaurar la administraci\u00f3n deportiva como profesi\u00f3n.\" \/>\n<meta property=\"og:url\" content=\"https:\/\/utel.mx\/blog\/cursos-y-diplomados\/historia-de-la-administracion-deportiva-2\/\" \/>\n<meta property=\"og:site_name\" content=\"BLOG | Utel\" \/>\n<meta property=\"article:published_time\" content=\"2014-02-28T13:50:27+00:00\" \/>\n<meta property=\"article:modified_time\" content=\"2023-03-10T16:57:58+00:00\" \/>\n<meta property=\"og:image\" content=\"https:\/\/utel.mx\/blog\/wp-content\/uploads\/2014\/02\/Historia-de-la-Administracion-Deportiva.jpg\" \/>\n\t<meta property=\"og:image:width\" content=\"600\" \/>\n\t<meta property=\"og:image:height\" content=\"300\" \/>\n\t<meta property=\"og:image:type\" content=\"image\/jpeg\" \/>\n<meta name=\"author\" content=\"Invitados UTEL\" \/>\n<meta name=\"twitter:label1\" content=\"Written by\" \/>\n\t<meta name=\"twitter:data1\" content=\"Invitados UTEL\" \/>\n\t<meta name=\"twitter:label2\" content=\"Est. reading time\" \/>\n\t<meta name=\"twitter:data2\" content=\"2 minutos\" \/>\n<script type=\"application\/ld+json\" class=\"yoast-schema-graph\">{\"@context\":\"https:\/\/schema.org\",\"@graph\":[{\"@type\":\"Article\",\"@id\":\"https:\/\/utel.mx\/blog\/cursos-y-diplomados\/historia-de-la-administracion-deportiva-2\/#article\",\"isPartOf\":{\"@id\":\"https:\/\/utel.mx\/blog\/cursos-y-diplomados\/historia-de-la-administracion-deportiva-2\/\"},\"author\":{\"name\":\"Invitados UTEL\",\"@id\":\"https:\/\/utel.mx\/blog\/#\/schema\/person\/e5b3d8d918f13bd0b0f4724daa90dd95\"},\"headline\":\"Historia de la administraci\u00f3n deportiva\",\"datePublished\":\"2014-02-28T13:50:27+00:00\",\"dateModified\":\"2023-03-10T16:57:58+00:00\",\"mainEntityOfPage\":{\"@id\":\"https:\/\/utel.mx\/blog\/cursos-y-diplomados\/historia-de-la-administracion-deportiva-2\/\"},\"wordCount\":375,\"publisher\":{\"@id\":\"https:\/\/utel.mx\/blog\/#organization\"},\"image\":{\"@id\":\"https:\/\/utel.mx\/blog\/cursos-y-diplomados\/historia-de-la-administracion-deportiva-2\/#primaryimage\"},\"thumbnailUrl\":\"https:\/\/utel.mx\/blog\/wp-content\/uploads\/2014\/02\/Historia-de-la-Administracion-Deportiva.jpg\",\"articleSection\":[\"Cursos y diplomados\"],\"inLanguage\":\"es\"},{\"@type\":\"WebPage\",\"@id\":\"https:\/\/utel.mx\/blog\/cursos-y-diplomados\/historia-de-la-administracion-deportiva-2\/\",\"url\":\"https:\/\/utel.mx\/blog\/cursos-y-diplomados\/historia-de-la-administracion-deportiva-2\/\",\"name\":\"Historia de la administraci\u00f3n deportiva - BLOG | Utel\",\"isPartOf\":{\"@id\":\"https:\/\/utel.mx\/blog\/#website\"},\"primaryImageOfPage\":{\"@id\":\"https:\/\/utel.mx\/blog\/cursos-y-diplomados\/historia-de-la-administracion-deportiva-2\/#primaryimage\"},\"image\":{\"@id\":\"https:\/\/utel.mx\/blog\/cursos-y-diplomados\/historia-de-la-administracion-deportiva-2\/#primaryimage\"},\"thumbnailUrl\":\"https:\/\/utel.mx\/blog\/wp-content\/uploads\/2014\/02\/Historia-de-la-Administracion-Deportiva.jpg\",\"datePublished\":\"2014-02-28T13:50:27+00:00\",\"dateModified\":\"2023-03-10T16:57:58+00:00\",\"description\":\"El inter\u00e9s por el fen\u00f3meno deportivo y sus repercusiones econ\u00f3micas, han generado la necesidad de instaurar la administraci\u00f3n deportiva como profesi\u00f3n.\",\"breadcrumb\":{\"@id\":\"https:\/\/utel.mx\/blog\/cursos-y-diplomados\/historia-de-la-administracion-deportiva-2\/#breadcrumb\"},\"inLanguage\":\"es\",\"potentialAction\":[{\"@type\":\"ReadAction\",\"target\":[\"https:\/\/utel.mx\/blog\/cursos-y-diplomados\/historia-de-la-administracion-deportiva-2\/\"]}]},{\"@type\":\"ImageObject\",\"inLanguage\":\"es\",\"@id\":\"https:\/\/utel.mx\/blog\/cursos-y-diplomados\/historia-de-la-administracion-deportiva-2\/#primaryimage\",\"url\":\"https:\/\/utel.mx\/blog\/wp-content\/uploads\/2014\/02\/Historia-de-la-Administracion-Deportiva.jpg\",\"contentUrl\":\"https:\/\/utel.mx\/blog\/wp-content\/uploads\/2014\/02\/Historia-de-la-Administracion-Deportiva.jpg\",\"width\":600,\"height\":300,\"caption\":\"Historia de la Administraci\u00f3n Deportiva\"},{\"@type\":\"BreadcrumbList\",\"@id\":\"https:\/\/utel.mx\/blog\/cursos-y-diplomados\/historia-de-la-administracion-deportiva-2\/#breadcrumb\",\"itemListElement\":[{\"@type\":\"ListItem\",\"position\":1,\"name\":\"Home\",\"item\":\"https:\/\/utel.mx\/blog\/\"},{\"@type\":\"ListItem\",\"position\":2,\"name\":\"Historia de la administraci\u00f3n deportiva\"}]},{\"@type\":\"WebSite\",\"@id\":\"https:\/\/utel.mx\/blog\/#website\",\"url\":\"https:\/\/utel.mx\/blog\/\",\"name\":\"BLOG | Utel\",\"description\":\"Blog UTEL Universidad en L\u00ednea\",\"publisher\":{\"@id\":\"https:\/\/utel.mx\/blog\/#organization\"},\"potentialAction\":[{\"@type\":\"SearchAction\",\"target\":{\"@type\":\"EntryPoint\",\"urlTemplate\":\"https:\/\/utel.mx\/blog\/?s={search_term_string}\"},\"query-input\":{\"@type\":\"PropertyValueSpecification\",\"valueRequired\":true,\"valueName\":\"search_term_string\"}}],\"inLanguage\":\"es\"},{\"@type\":\"Organization\",\"@id\":\"https:\/\/utel.mx\/blog\/#organization\",\"name\":\"BLOG | Utel\",\"url\":\"https:\/\/utel.mx\/blog\/\",\"logo\":{\"@type\":\"ImageObject\",\"inLanguage\":\"es\",\"@id\":\"https:\/\/utel.mx\/blog\/#\/schema\/logo\/image\/\",\"url\":\"https:\/\/utel.mx\/blog\/wp-content\/uploads\/2023\/03\/cropped-logo-blog.png\",\"contentUrl\":\"https:\/\/utel.mx\/blog\/wp-content\/uploads\/2023\/03\/cropped-logo-blog.png\",\"width\":237,\"height\":64,\"caption\":\"BLOG | Utel\"},\"image\":{\"@id\":\"https:\/\/utel.mx\/blog\/#\/schema\/logo\/image\/\"}},{\"@type\":\"Person\",\"@id\":\"https:\/\/utel.mx\/blog\/#\/schema\/person\/e5b3d8d918f13bd0b0f4724daa90dd95\",\"name\":\"Invitados UTEL\",\"image\":{\"@type\":\"ImageObject\",\"inLanguage\":\"es\",\"@id\":\"https:\/\/utel.mx\/blog\/#\/schema\/person\/image\/\",\"url\":\"https:\/\/secure.gravatar.com\/avatar\/781456f1128be5a332ab27ea8b902597?s=96&d=mm&r=g\",\"contentUrl\":\"https:\/\/secure.gravatar.com\/avatar\/781456f1128be5a332ab27ea8b902597?s=96&d=mm&r=g\",\"caption\":\"Invitados UTEL\"},\"description\":\"Invitados . Colaboraciones por parte de invitados de la Comunidad UTEL\"}]}<\/script>\n<!-- \/ Yoast SEO plugin. -->","yoast_head_json":{"title":"Historia de la administraci\u00f3n deportiva - BLOG | Utel","description":"El inter\u00e9s por el fen\u00f3meno deportivo y sus repercusiones econ\u00f3micas, han generado la necesidad de instaurar la administraci\u00f3n deportiva como profesi\u00f3n.","robots":{"index":"index","follow":"follow","max-snippet":"max-snippet:-1","max-image-preview":"max-image-preview:large","max-video-preview":"max-video-preview:-1"},"canonical":"https:\/\/utel.mx\/blog\/cursos-y-diplomados\/historia-de-la-administracion-deportiva-2\/","og_locale":"es_ES","og_type":"article","og_title":"Historia de la administraci\u00f3n deportiva - BLOG | Utel","og_description":"El inter\u00e9s por el fen\u00f3meno deportivo y sus repercusiones econ\u00f3micas, han generado la necesidad de instaurar la administraci\u00f3n deportiva como profesi\u00f3n.","og_url":"https:\/\/utel.mx\/blog\/cursos-y-diplomados\/historia-de-la-administracion-deportiva-2\/","og_site_name":"BLOG | Utel","article_published_time":"2014-02-28T13:50:27+00:00","article_modified_time":"2023-03-10T16:57:58+00:00","og_image":[{"width":600,"height":300,"url":"https:\/\/utel.mx\/blog\/wp-content\/uploads\/2014\/02\/Historia-de-la-Administracion-Deportiva.jpg","type":"image\/jpeg"}],"author":"Invitados UTEL","twitter_misc":{"Written by":"Invitados UTEL","Est. reading time":"2 minutos"},"schema":{"@context":"https:\/\/schema.org","@graph":[{"@type":"Article","@id":"https:\/\/utel.mx\/blog\/cursos-y-diplomados\/historia-de-la-administracion-deportiva-2\/#article","isPartOf":{"@id":"https:\/\/utel.mx\/blog\/cursos-y-diplomados\/historia-de-la-administracion-deportiva-2\/"},"author":{"name":"Invitados UTEL","@id":"https:\/\/utel.mx\/blog\/#\/schema\/person\/e5b3d8d918f13bd0b0f4724daa90dd95"},"headline":"Historia de la administraci\u00f3n deportiva","datePublished":"2014-02-28T13:50:27+00:00","dateModified":"2023-03-10T16:57:58+00:00","mainEntityOfPage":{"@id":"https:\/\/utel.mx\/blog\/cursos-y-diplomados\/historia-de-la-administracion-deportiva-2\/"},"wordCount":375,"publisher":{"@id":"https:\/\/utel.mx\/blog\/#organization"},"image":{"@id":"https:\/\/utel.mx\/blog\/cursos-y-diplomados\/historia-de-la-administracion-deportiva-2\/#primaryimage"},"thumbnailUrl":"https:\/\/utel.mx\/blog\/wp-content\/uploads\/2014\/02\/Historia-de-la-Administracion-Deportiva.jpg","articleSection":["Cursos y diplomados"],"inLanguage":"es"},{"@type":"WebPage","@id":"https:\/\/utel.mx\/blog\/cursos-y-diplomados\/historia-de-la-administracion-deportiva-2\/","url":"https:\/\/utel.mx\/blog\/cursos-y-diplomados\/historia-de-la-administracion-deportiva-2\/","name":"Historia de la administraci\u00f3n deportiva - BLOG | Utel","isPartOf":{"@id":"https:\/\/utel.mx\/blog\/#website"},"primaryImageOfPage":{"@id":"https:\/\/utel.mx\/blog\/cursos-y-diplomados\/historia-de-la-administracion-deportiva-2\/#primaryimage"},"image":{"@id":"https:\/\/utel.mx\/blog\/cursos-y-diplomados\/historia-de-la-administracion-deportiva-2\/#primaryimage"},"thumbnailUrl":"https:\/\/utel.mx\/blog\/wp-content\/uploads\/2014\/02\/Historia-de-la-Administracion-Deportiva.jpg","datePublished":"2014-02-28T13:50:27+00:00","dateModified":"2023-03-10T16:57:58+00:00","description":"El inter\u00e9s por el fen\u00f3meno deportivo y sus repercusiones econ\u00f3micas, han generado la necesidad de instaurar la administraci\u00f3n deportiva como profesi\u00f3n.","breadcrumb":{"@id":"https:\/\/utel.mx\/blog\/cursos-y-diplomados\/historia-de-la-administracion-deportiva-2\/#breadcrumb"},"inLanguage":"es","potentialAction":[{"@type":"ReadAction","target":["https:\/\/utel.mx\/blog\/cursos-y-diplomados\/historia-de-la-administracion-deportiva-2\/"]}]},{"@type":"ImageObject","inLanguage":"es","@id":"https:\/\/utel.mx\/blog\/cursos-y-diplomados\/historia-de-la-administracion-deportiva-2\/#primaryimage","url":"https:\/\/utel.mx\/blog\/wp-content\/uploads\/2014\/02\/Historia-de-la-Administracion-Deportiva.jpg","contentUrl":"https:\/\/utel.mx\/blog\/wp-content\/uploads\/2014\/02\/Historia-de-la-Administracion-Deportiva.jpg","width":600,"height":300,"caption":"Historia de la Administraci\u00f3n Deportiva"},{"@type":"BreadcrumbList","@id":"https:\/\/utel.mx\/blog\/cursos-y-diplomados\/historia-de-la-administracion-deportiva-2\/#breadcrumb","itemListElement":[{"@type":"ListItem","position":1,"name":"Home","item":"https:\/\/utel.mx\/blog\/"},{"@type":"ListItem","position":2,"name":"Historia de la administraci\u00f3n deportiva"}]},{"@type":"WebSite","@id":"https:\/\/utel.mx\/blog\/#website","url":"https:\/\/utel.mx\/blog\/","name":"BLOG | Utel","description":"Blog UTEL Universidad en L\u00ednea","publisher":{"@id":"https:\/\/utel.mx\/blog\/#organization"},"potentialAction":[{"@type":"SearchAction","target":{"@type":"EntryPoint","urlTemplate":"https:\/\/utel.mx\/blog\/?s={search_term_string}"},"query-input":{"@type":"PropertyValueSpecification","valueRequired":true,"valueName":"search_term_string"}}],"inLanguage":"es"},{"@type":"Organization","@id":"https:\/\/utel.mx\/blog\/#organization","name":"BLOG | Utel","url":"https:\/\/utel.mx\/blog\/","logo":{"@type":"ImageObject","inLanguage":"es","@id":"https:\/\/utel.mx\/blog\/#\/schema\/logo\/image\/","url":"https:\/\/utel.mx\/blog\/wp-content\/uploads\/2023\/03\/cropped-logo-blog.png","contentUrl":"https:\/\/utel.mx\/blog\/wp-content\/uploads\/2023\/03\/cropped-logo-blog.png","width":237,"height":64,"caption":"BLOG | Utel"},"image":{"@id":"https:\/\/utel.mx\/blog\/#\/schema\/logo\/image\/"}},{"@type":"Person","@id":"https:\/\/utel.mx\/blog\/#\/schema\/person\/e5b3d8d918f13bd0b0f4724daa90dd95","name":"Invitados UTEL","image":{"@type":"ImageObject","inLanguage":"es","@id":"https:\/\/utel.mx\/blog\/#\/schema\/person\/image\/","url":"https:\/\/secure.gravatar.com\/avatar\/781456f1128be5a332ab27ea8b902597?s=96&d=mm&r=g","contentUrl":"https:\/\/secure.gravatar.com\/avatar\/781456f1128be5a332ab27ea8b902597?s=96&d=mm&r=g","caption":"Invitados UTEL"},"description":"Invitados . Colaboraciones por parte de invitados de la Comunidad UTEL"}]}},"_links":{"self":[{"href":"https:\/\/utel.mx\/blog\/wp-json\/wp\/v2\/posts\/10177","targetHints":{"allow":["GET"]}}],"collection":[{"href":"https:\/\/utel.mx\/blog\/wp-json\/wp\/v2\/posts"}],"about":[{"href":"https:\/\/utel.mx\/blog\/wp-json\/wp\/v2\/types\/post"}],"author":[{"embeddable":true,"href":"https:\/\/utel.mx\/blog\/wp-json\/wp\/v2\/users\/40"}],"replies":[{"embeddable":true,"href":"https:\/\/utel.mx\/blog\/wp-json\/wp\/v2\/comments?post=10177"}],"version-history":[{"count":2,"href":"https:\/\/utel.mx\/blog\/wp-json\/wp\/v2\/posts\/10177\/revisions"}],"predecessor-version":[{"id":39541,"href":"https:\/\/utel.mx\/blog\/wp-json\/wp\/v2\/posts\/10177\/revisions\/39541"}],"wp:featuredmedia":[{"embeddable":true,"href":"https:\/\/utel.mx\/blog\/wp-json\/wp\/v2\/media\/39540"}],"wp:attachment":[{"href":"https:\/\/utel.mx\/blog\/wp-json\/wp\/v2\/media?parent=10177"}],"wp:term":[{"taxonomy":"category","embeddable":true,"href":"https:\/\/utel.mx\/blog\/wp-json\/wp\/v2\/categories?post=10177"},{"taxonomy":"post_tag","embeddable":true,"href":"https:\/\/utel.mx\/blog\/wp-json\/wp\/v2\/tags?post=10177"}],"curies":[{"name":"wp","href":"https:\/\/api.w.org\/{rel}","templated":true}]}}