{"id":10488,"date":"2013-12-26T16:41:13","date_gmt":"2013-12-26T16:41:13","guid":{"rendered":"http:\/\/utel.mx\/blog\/?p=10488"},"modified":"2023-03-10T16:56:27","modified_gmt":"2023-03-10T16:56:27","slug":"los-beneficios-empresariales-de-contratar-jovenes","status":"publish","type":"post","link":"https:\/\/utel.mx\/blog\/rol-personal\/los-beneficios-empresariales-de-contratar-jovenes\/","title":{"rendered":"Los beneficios empresariales de contratar j\u00f3venes"},"content":{"rendered":"<p dir=\"ltr\" style=\"text-align: justify;\">Apostar por j\u00f3venes becarios generalmente repercute positivamente en las empresas ya que las habilidades y conocimientos que poseen, en combinaci\u00f3n con instrucciones puntuales, ayuda a los prop\u00f3sitos de la empresa en gran medida, la capacidad de adaptaci\u00f3n y ansia por demostrar su capacidad genera un clima m\u00e1s productivo y din\u00e1mico.<\/p>\n<p dir=\"ltr\" style=\"text-align: justify;\">Desde el punto de vista organizacional, contratar j\u00f3venes contribuye a fortalecer \u00e1reas en las que se requiere mayor soporte; reduce en gran medida los \u201cvicios\u201d laborales tales como el ausentismo, improductividad, bajo desempe\u00f1o y saturaci\u00f3n. Los j\u00f3venes asumen la responsabilidad y buscan dar lo mejor de s\u00ed mismos en las actividades que les encomienden.<\/p>\n<p dir=\"ltr\" style=\"text-align: justify;\">Bajo un enfoque empresarial, ofrecer una vacante de becario reduce costos en contraste de contratar a una persona de tiempo completo ya que el salario de un empleado fijo se puede dividir entre dos o tres becarios que sumados dar\u00e1n mayores resultados, aunado a las condiciones del puesto de becario, es decir pagar o no, prestaciones, seguros de vida, etc.<\/p>\n<p dir=\"ltr\" style=\"text-align: justify;\">Los j\u00f3venes no tienen la inercia de aquellos que han laborado por largo tiempo en la empresa, por ende suelen proponer ideas innovadoras, creativas y que en algunos casos pueden dar un giro a la concepci\u00f3n que originalmente se ten\u00eda en la organizaci\u00f3n, para esto el joven becario tiene que estar en sinton\u00eda y ser asesorado correctamente por sus superiores.<\/p>\n<p dir=\"ltr\" style=\"text-align: justify;\">El perfil del becario com\u00fanmente es el mismo; contratar j\u00f3venes que desean tener su primera oportunidad, ganar en experiencia, tener un roce real con el mundo laboral y tratar de absorber todos los conocimientos que le posibiliten encontrar un empleo a futuro; en algunos casos, dependiendo su desempe\u00f1o pueden ser contratados en la misma instituci\u00f3n gracias a su capacidad y esfuerzo, lo cual siempre es un est\u00edmulo para que se entreguen por entero.<\/p>\n<p dir=\"ltr\" style=\"text-align: justify;\">Como se mencion\u00f3 con antelaci\u00f3n, para que un becario sea altamente productivo, deben conjugarse primeramente la buena voluntad del joven y una apropiada asignaci\u00f3n de sus deberes por parte de los jefes inmediatos; cabe decir que en ocasiones se improvisa sobre la marcha, esto propicia p\u00e9rdida de tiempo y desilusi\u00f3n del becario.<\/p>\n<p dir=\"ltr\" style=\"text-align: justify;\">Si a\u00fan no te encuentras estudiando no dudes en postularte como becario, esto ayudar\u00e1 a fortalecer tu curriculum y te otorgar\u00e1 mejores perspectivas en tu carrera profesional, por el contrario si est\u00e1 en tus manos solicitar a un becario no lo dudes ya que contratar j\u00f3venes para la din\u00e1mica empresarial te proporcionar\u00e1 herramientas para solventar la carga laboral y quiz\u00e1 ah\u00ed est\u00e9 el elemento que estabas buscando.<\/p>\n<p><strong>Adair Rodr\u00edguez<\/strong><\/p>\n<p dir=\"ltr\"><strong>UTEL Editorial<\/strong><\/p>\n<div id=\"advads-3756714805\" class=\"advads-cta-lp-banner-form advads-entity-placement\"><a href=\"https:\/\/utel.mx\/blog\/admisiones-universidad-online\/?utm_source=blog&#038;utm_medium=CTAlink&#038;utm_campaign=MKTseo\" aria-label=\"Universidad en linea\"><img src=\"https:\/\/utel.mx\/blog\/wp-content\/uploads\/2025\/04\/universidad-en-linea-1.png\" alt=\"Universidad en linea\"  srcset=\"https:\/\/utel.mx\/blog\/wp-content\/uploads\/2025\/04\/universidad-en-linea-1.png 626w, https:\/\/utel.mx\/blog\/wp-content\/uploads\/2025\/04\/universidad-en-linea-1-420x168.png 420w\" sizes=\"(max-width: 626px) 100vw, 626px\" width=\"626\" height=\"250\"   \/><\/a><\/div>","protected":false},"excerpt":{"rendered":"<p> [&hellip;]<\/p>\n","protected":false},"author":40,"featured_media":10543,"comment_status":"closed","ping_status":"open","sticky":false,"template":"","format":"standard","meta":{"_acf_changed":false,"site-sidebar-layout":"default","site-content-layout":"","ast-site-content-layout":"","site-content-style":"default","site-sidebar-style":"default","ast-global-header-display":"","ast-banner-title-visibility":"","ast-main-header-display":"","ast-hfb-above-header-display":"","ast-hfb-below-header-display":"","ast-hfb-mobile-header-display":"","site-post-title":"","ast-breadcrumbs-content":"","ast-featured-img":"","footer-sml-layout":"","theme-transparent-header-meta":"","adv-header-id-meta":"","stick-header-meta":"","header-above-stick-meta":"","header-main-stick-meta":"","header-below-stick-meta":"","astra-migrate-meta-layouts":"default","ast-page-background-enabled":"default","ast-page-background-meta":{"desktop":{"background-color":"var(--ast-global-color-4)","background-image":"","background-repeat":"repeat","background-position":"center center","background-size":"auto","background-attachment":"scroll","background-type":"","background-media":"","overlay-type":"","overlay-color":"","overlay-gradient":""},"tablet":{"background-color":"","background-image":"","background-repeat":"repeat","background-position":"center center","background-size":"auto","background-attachment":"scroll","background-type":"","background-media":"","overlay-type":"","overlay-color":"","overlay-gradient":""},"mobile":{"background-color":"","background-image":"","background-repeat":"repeat","background-position":"center center","background-size":"auto","background-attachment":"scroll","background-type":"","background-media":"","overlay-type":"","overlay-color":"","overlay-gradient":""}},"ast-content-background-meta":{"desktop":{"background-color":"var(--ast-global-color-5)","background-image":"","background-repeat":"repeat","background-position":"center center","background-size":"auto","background-attachment":"scroll","background-type":"","background-media":"","overlay-type":"","overlay-color":"","overlay-gradient":""},"tablet":{"background-color":"var(--ast-global-color-5)","background-image":"","background-repeat":"repeat","background-position":"center center","background-size":"auto","background-attachment":"scroll","background-type":"","background-media":"","overlay-type":"","overlay-color":"","overlay-gradient":""},"mobile":{"background-color":"var(--ast-global-color-5)","background-image":"","background-repeat":"repeat","background-position":"center center","background-size":"auto","background-attachment":"scroll","background-type":"","background-media":"","overlay-type":"","overlay-color":"","overlay-gradient":""}},"footnotes":""},"categories":[33],"tags":[],"class_list":["post-10488","post","type-post","status-publish","format-standard","has-post-thumbnail","hentry","category-rol-personal"],"acf":[],"yoast_head":"<!-- This site is optimized with the Yoast SEO plugin v26.8 - https:\/\/yoast.com\/product\/yoast-seo-wordpress\/ -->\n<title>Los beneficios empresariales de contratar j\u00f3venes - BLOG | Utel<\/title>\n<meta name=\"description\" content=\"Contratar j\u00f3venes repercute positivamente en las empresas ya que aportan ideas innovadoras y creativas. Conoce por qu\u00e9\" \/>\n<meta name=\"robots\" content=\"index, follow, max-snippet:-1, max-image-preview:large, max-video-preview:-1\" \/>\n<link rel=\"canonical\" href=\"https:\/\/utel.mx\/blog\/rol-personal\/los-beneficios-empresariales-de-contratar-jovenes\/\" \/>\n<meta property=\"og:locale\" content=\"es_ES\" \/>\n<meta property=\"og:type\" content=\"article\" \/>\n<meta property=\"og:title\" content=\"Los beneficios empresariales de contratar j\u00f3venes - BLOG | Utel\" \/>\n<meta property=\"og:description\" content=\"Contratar j\u00f3venes repercute positivamente en las empresas ya que aportan ideas innovadoras y creativas. Conoce por qu\u00e9\" \/>\n<meta property=\"og:url\" content=\"https:\/\/utel.mx\/blog\/rol-personal\/los-beneficios-empresariales-de-contratar-jovenes\/\" \/>\n<meta property=\"og:site_name\" content=\"BLOG | Utel\" \/>\n<meta property=\"article:published_time\" content=\"2013-12-26T16:41:13+00:00\" \/>\n<meta property=\"article:modified_time\" content=\"2023-03-10T16:56:27+00:00\" \/>\n<meta property=\"og:image\" content=\"https:\/\/utel.mx\/blog\/wp-content\/uploads\/2014\/01\/shutterstock_168230597.jpg\" \/>\n\t<meta property=\"og:image:width\" content=\"1000\" \/>\n\t<meta property=\"og:image:height\" content=\"667\" \/>\n\t<meta property=\"og:image:type\" content=\"image\/jpeg\" \/>\n<meta name=\"author\" content=\"Invitados UTEL\" \/>\n<meta name=\"twitter:label1\" content=\"Written by\" \/>\n\t<meta name=\"twitter:data1\" content=\"Invitados UTEL\" \/>\n\t<meta name=\"twitter:label2\" content=\"Est. reading time\" \/>\n\t<meta name=\"twitter:data2\" content=\"2 minutos\" \/>\n<script type=\"application\/ld+json\" class=\"yoast-schema-graph\">{\"@context\":\"https:\/\/schema.org\",\"@graph\":[{\"@type\":\"Article\",\"@id\":\"https:\/\/utel.mx\/blog\/rol-personal\/los-beneficios-empresariales-de-contratar-jovenes\/#article\",\"isPartOf\":{\"@id\":\"https:\/\/utel.mx\/blog\/rol-personal\/los-beneficios-empresariales-de-contratar-jovenes\/\"},\"author\":{\"name\":\"Invitados UTEL\",\"@id\":\"https:\/\/utel.mx\/blog\/#\/schema\/person\/e5b3d8d918f13bd0b0f4724daa90dd95\"},\"headline\":\"Los beneficios empresariales de contratar j\u00f3venes\",\"datePublished\":\"2013-12-26T16:41:13+00:00\",\"dateModified\":\"2023-03-10T16:56:27+00:00\",\"mainEntityOfPage\":{\"@id\":\"https:\/\/utel.mx\/blog\/rol-personal\/los-beneficios-empresariales-de-contratar-jovenes\/\"},\"wordCount\":456,\"publisher\":{\"@id\":\"https:\/\/utel.mx\/blog\/#organization\"},\"image\":{\"@id\":\"https:\/\/utel.mx\/blog\/rol-personal\/los-beneficios-empresariales-de-contratar-jovenes\/#primaryimage\"},\"thumbnailUrl\":\"https:\/\/utel.mx\/blog\/wp-content\/uploads\/2014\/01\/shutterstock_168230597.jpg\",\"articleSection\":[\"Rol personal\"],\"inLanguage\":\"es\"},{\"@type\":\"WebPage\",\"@id\":\"https:\/\/utel.mx\/blog\/rol-personal\/los-beneficios-empresariales-de-contratar-jovenes\/\",\"url\":\"https:\/\/utel.mx\/blog\/rol-personal\/los-beneficios-empresariales-de-contratar-jovenes\/\",\"name\":\"Los beneficios empresariales de contratar j\u00f3venes - BLOG | Utel\",\"isPartOf\":{\"@id\":\"https:\/\/utel.mx\/blog\/#website\"},\"primaryImageOfPage\":{\"@id\":\"https:\/\/utel.mx\/blog\/rol-personal\/los-beneficios-empresariales-de-contratar-jovenes\/#primaryimage\"},\"image\":{\"@id\":\"https:\/\/utel.mx\/blog\/rol-personal\/los-beneficios-empresariales-de-contratar-jovenes\/#primaryimage\"},\"thumbnailUrl\":\"https:\/\/utel.mx\/blog\/wp-content\/uploads\/2014\/01\/shutterstock_168230597.jpg\",\"datePublished\":\"2013-12-26T16:41:13+00:00\",\"dateModified\":\"2023-03-10T16:56:27+00:00\",\"description\":\"Contratar j\u00f3venes repercute positivamente en las empresas ya que aportan ideas innovadoras y creativas. Conoce por qu\u00e9\",\"breadcrumb\":{\"@id\":\"https:\/\/utel.mx\/blog\/rol-personal\/los-beneficios-empresariales-de-contratar-jovenes\/#breadcrumb\"},\"inLanguage\":\"es\",\"potentialAction\":[{\"@type\":\"ReadAction\",\"target\":[\"https:\/\/utel.mx\/blog\/rol-personal\/los-beneficios-empresariales-de-contratar-jovenes\/\"]}]},{\"@type\":\"ImageObject\",\"inLanguage\":\"es\",\"@id\":\"https:\/\/utel.mx\/blog\/rol-personal\/los-beneficios-empresariales-de-contratar-jovenes\/#primaryimage\",\"url\":\"https:\/\/utel.mx\/blog\/wp-content\/uploads\/2014\/01\/shutterstock_168230597.jpg\",\"contentUrl\":\"https:\/\/utel.mx\/blog\/wp-content\/uploads\/2014\/01\/shutterstock_168230597.jpg\",\"width\":1000,\"height\":667,\"caption\":\"Los beneficios empresariales de contratar a j\u00f3venes | Blog - UTEL\"},{\"@type\":\"BreadcrumbList\",\"@id\":\"https:\/\/utel.mx\/blog\/rol-personal\/los-beneficios-empresariales-de-contratar-jovenes\/#breadcrumb\",\"itemListElement\":[{\"@type\":\"ListItem\",\"position\":1,\"name\":\"Home\",\"item\":\"https:\/\/utel.mx\/blog\/\"},{\"@type\":\"ListItem\",\"position\":2,\"name\":\"Los beneficios empresariales de contratar j\u00f3venes\"}]},{\"@type\":\"WebSite\",\"@id\":\"https:\/\/utel.mx\/blog\/#website\",\"url\":\"https:\/\/utel.mx\/blog\/\",\"name\":\"BLOG | Utel\",\"description\":\"Blog UTEL Universidad en L\u00ednea\",\"publisher\":{\"@id\":\"https:\/\/utel.mx\/blog\/#organization\"},\"potentialAction\":[{\"@type\":\"SearchAction\",\"target\":{\"@type\":\"EntryPoint\",\"urlTemplate\":\"https:\/\/utel.mx\/blog\/?s={search_term_string}\"},\"query-input\":{\"@type\":\"PropertyValueSpecification\",\"valueRequired\":true,\"valueName\":\"search_term_string\"}}],\"inLanguage\":\"es\"},{\"@type\":\"Organization\",\"@id\":\"https:\/\/utel.mx\/blog\/#organization\",\"name\":\"BLOG | Utel\",\"url\":\"https:\/\/utel.mx\/blog\/\",\"logo\":{\"@type\":\"ImageObject\",\"inLanguage\":\"es\",\"@id\":\"https:\/\/utel.mx\/blog\/#\/schema\/logo\/image\/\",\"url\":\"https:\/\/utel.mx\/blog\/wp-content\/uploads\/2023\/03\/cropped-logo-blog.png\",\"contentUrl\":\"https:\/\/utel.mx\/blog\/wp-content\/uploads\/2023\/03\/cropped-logo-blog.png\",\"width\":237,\"height\":64,\"caption\":\"BLOG | Utel\"},\"image\":{\"@id\":\"https:\/\/utel.mx\/blog\/#\/schema\/logo\/image\/\"}},{\"@type\":\"Person\",\"@id\":\"https:\/\/utel.mx\/blog\/#\/schema\/person\/e5b3d8d918f13bd0b0f4724daa90dd95\",\"name\":\"Invitados UTEL\",\"image\":{\"@type\":\"ImageObject\",\"inLanguage\":\"es\",\"@id\":\"https:\/\/utel.mx\/blog\/#\/schema\/person\/image\/\",\"url\":\"https:\/\/secure.gravatar.com\/avatar\/781456f1128be5a332ab27ea8b902597?s=96&d=mm&r=g\",\"contentUrl\":\"https:\/\/secure.gravatar.com\/avatar\/781456f1128be5a332ab27ea8b902597?s=96&d=mm&r=g\",\"caption\":\"Invitados UTEL\"},\"description\":\"Invitados . Colaboraciones por parte de invitados de la Comunidad UTEL\"}]}<\/script>\n<!-- \/ Yoast SEO plugin. -->","yoast_head_json":{"title":"Los beneficios empresariales de contratar j\u00f3venes - BLOG | Utel","description":"Contratar j\u00f3venes repercute positivamente en las empresas ya que aportan ideas innovadoras y creativas. Conoce por qu\u00e9","robots":{"index":"index","follow":"follow","max-snippet":"max-snippet:-1","max-image-preview":"max-image-preview:large","max-video-preview":"max-video-preview:-1"},"canonical":"https:\/\/utel.mx\/blog\/rol-personal\/los-beneficios-empresariales-de-contratar-jovenes\/","og_locale":"es_ES","og_type":"article","og_title":"Los beneficios empresariales de contratar j\u00f3venes - BLOG | Utel","og_description":"Contratar j\u00f3venes repercute positivamente en las empresas ya que aportan ideas innovadoras y creativas. Conoce por qu\u00e9","og_url":"https:\/\/utel.mx\/blog\/rol-personal\/los-beneficios-empresariales-de-contratar-jovenes\/","og_site_name":"BLOG | Utel","article_published_time":"2013-12-26T16:41:13+00:00","article_modified_time":"2023-03-10T16:56:27+00:00","og_image":[{"width":1000,"height":667,"url":"https:\/\/utel.mx\/blog\/wp-content\/uploads\/2014\/01\/shutterstock_168230597.jpg","type":"image\/jpeg"}],"author":"Invitados UTEL","twitter_misc":{"Written by":"Invitados UTEL","Est. reading time":"2 minutos"},"schema":{"@context":"https:\/\/schema.org","@graph":[{"@type":"Article","@id":"https:\/\/utel.mx\/blog\/rol-personal\/los-beneficios-empresariales-de-contratar-jovenes\/#article","isPartOf":{"@id":"https:\/\/utel.mx\/blog\/rol-personal\/los-beneficios-empresariales-de-contratar-jovenes\/"},"author":{"name":"Invitados UTEL","@id":"https:\/\/utel.mx\/blog\/#\/schema\/person\/e5b3d8d918f13bd0b0f4724daa90dd95"},"headline":"Los beneficios empresariales de contratar j\u00f3venes","datePublished":"2013-12-26T16:41:13+00:00","dateModified":"2023-03-10T16:56:27+00:00","mainEntityOfPage":{"@id":"https:\/\/utel.mx\/blog\/rol-personal\/los-beneficios-empresariales-de-contratar-jovenes\/"},"wordCount":456,"publisher":{"@id":"https:\/\/utel.mx\/blog\/#organization"},"image":{"@id":"https:\/\/utel.mx\/blog\/rol-personal\/los-beneficios-empresariales-de-contratar-jovenes\/#primaryimage"},"thumbnailUrl":"https:\/\/utel.mx\/blog\/wp-content\/uploads\/2014\/01\/shutterstock_168230597.jpg","articleSection":["Rol personal"],"inLanguage":"es"},{"@type":"WebPage","@id":"https:\/\/utel.mx\/blog\/rol-personal\/los-beneficios-empresariales-de-contratar-jovenes\/","url":"https:\/\/utel.mx\/blog\/rol-personal\/los-beneficios-empresariales-de-contratar-jovenes\/","name":"Los beneficios empresariales de contratar j\u00f3venes - BLOG | Utel","isPartOf":{"@id":"https:\/\/utel.mx\/blog\/#website"},"primaryImageOfPage":{"@id":"https:\/\/utel.mx\/blog\/rol-personal\/los-beneficios-empresariales-de-contratar-jovenes\/#primaryimage"},"image":{"@id":"https:\/\/utel.mx\/blog\/rol-personal\/los-beneficios-empresariales-de-contratar-jovenes\/#primaryimage"},"thumbnailUrl":"https:\/\/utel.mx\/blog\/wp-content\/uploads\/2014\/01\/shutterstock_168230597.jpg","datePublished":"2013-12-26T16:41:13+00:00","dateModified":"2023-03-10T16:56:27+00:00","description":"Contratar j\u00f3venes repercute positivamente en las empresas ya que aportan ideas innovadoras y creativas. Conoce por qu\u00e9","breadcrumb":{"@id":"https:\/\/utel.mx\/blog\/rol-personal\/los-beneficios-empresariales-de-contratar-jovenes\/#breadcrumb"},"inLanguage":"es","potentialAction":[{"@type":"ReadAction","target":["https:\/\/utel.mx\/blog\/rol-personal\/los-beneficios-empresariales-de-contratar-jovenes\/"]}]},{"@type":"ImageObject","inLanguage":"es","@id":"https:\/\/utel.mx\/blog\/rol-personal\/los-beneficios-empresariales-de-contratar-jovenes\/#primaryimage","url":"https:\/\/utel.mx\/blog\/wp-content\/uploads\/2014\/01\/shutterstock_168230597.jpg","contentUrl":"https:\/\/utel.mx\/blog\/wp-content\/uploads\/2014\/01\/shutterstock_168230597.jpg","width":1000,"height":667,"caption":"Los beneficios empresariales de contratar a j\u00f3venes | Blog - UTEL"},{"@type":"BreadcrumbList","@id":"https:\/\/utel.mx\/blog\/rol-personal\/los-beneficios-empresariales-de-contratar-jovenes\/#breadcrumb","itemListElement":[{"@type":"ListItem","position":1,"name":"Home","item":"https:\/\/utel.mx\/blog\/"},{"@type":"ListItem","position":2,"name":"Los beneficios empresariales de contratar j\u00f3venes"}]},{"@type":"WebSite","@id":"https:\/\/utel.mx\/blog\/#website","url":"https:\/\/utel.mx\/blog\/","name":"BLOG | Utel","description":"Blog UTEL Universidad en L\u00ednea","publisher":{"@id":"https:\/\/utel.mx\/blog\/#organization"},"potentialAction":[{"@type":"SearchAction","target":{"@type":"EntryPoint","urlTemplate":"https:\/\/utel.mx\/blog\/?s={search_term_string}"},"query-input":{"@type":"PropertyValueSpecification","valueRequired":true,"valueName":"search_term_string"}}],"inLanguage":"es"},{"@type":"Organization","@id":"https:\/\/utel.mx\/blog\/#organization","name":"BLOG | Utel","url":"https:\/\/utel.mx\/blog\/","logo":{"@type":"ImageObject","inLanguage":"es","@id":"https:\/\/utel.mx\/blog\/#\/schema\/logo\/image\/","url":"https:\/\/utel.mx\/blog\/wp-content\/uploads\/2023\/03\/cropped-logo-blog.png","contentUrl":"https:\/\/utel.mx\/blog\/wp-content\/uploads\/2023\/03\/cropped-logo-blog.png","width":237,"height":64,"caption":"BLOG | Utel"},"image":{"@id":"https:\/\/utel.mx\/blog\/#\/schema\/logo\/image\/"}},{"@type":"Person","@id":"https:\/\/utel.mx\/blog\/#\/schema\/person\/e5b3d8d918f13bd0b0f4724daa90dd95","name":"Invitados UTEL","image":{"@type":"ImageObject","inLanguage":"es","@id":"https:\/\/utel.mx\/blog\/#\/schema\/person\/image\/","url":"https:\/\/secure.gravatar.com\/avatar\/781456f1128be5a332ab27ea8b902597?s=96&d=mm&r=g","contentUrl":"https:\/\/secure.gravatar.com\/avatar\/781456f1128be5a332ab27ea8b902597?s=96&d=mm&r=g","caption":"Invitados UTEL"},"description":"Invitados . Colaboraciones por parte de invitados de la Comunidad UTEL"}]}},"_links":{"self":[{"href":"https:\/\/utel.mx\/blog\/wp-json\/wp\/v2\/posts\/10488","targetHints":{"allow":["GET"]}}],"collection":[{"href":"https:\/\/utel.mx\/blog\/wp-json\/wp\/v2\/posts"}],"about":[{"href":"https:\/\/utel.mx\/blog\/wp-json\/wp\/v2\/types\/post"}],"author":[{"embeddable":true,"href":"https:\/\/utel.mx\/blog\/wp-json\/wp\/v2\/users\/40"}],"replies":[{"embeddable":true,"href":"https:\/\/utel.mx\/blog\/wp-json\/wp\/v2\/comments?post=10488"}],"version-history":[{"count":1,"href":"https:\/\/utel.mx\/blog\/wp-json\/wp\/v2\/posts\/10488\/revisions"}],"predecessor-version":[{"id":45146,"href":"https:\/\/utel.mx\/blog\/wp-json\/wp\/v2\/posts\/10488\/revisions\/45146"}],"wp:featuredmedia":[{"embeddable":true,"href":"https:\/\/utel.mx\/blog\/wp-json\/wp\/v2\/media\/10543"}],"wp:attachment":[{"href":"https:\/\/utel.mx\/blog\/wp-json\/wp\/v2\/media?parent=10488"}],"wp:term":[{"taxonomy":"category","embeddable":true,"href":"https:\/\/utel.mx\/blog\/wp-json\/wp\/v2\/categories?post=10488"},{"taxonomy":"post_tag","embeddable":true,"href":"https:\/\/utel.mx\/blog\/wp-json\/wp\/v2\/tags?post=10488"}],"curies":[{"name":"wp","href":"https:\/\/api.w.org\/{rel}","templated":true}]}}