{"id":10837,"date":"2014-01-17T18:00:12","date_gmt":"2014-01-17T18:00:12","guid":{"rendered":"http:\/\/utel.mx\/blog\/?p=10837"},"modified":"2023-03-10T16:56:07","modified_gmt":"2023-03-10T16:56:07","slug":"periodismo-politico","status":"publish","type":"post","link":"https:\/\/utel.mx\/blog\/10-consejos-para\/periodismo-politico\/","title":{"rendered":"Conoce m\u00e1s acerca del periodismo pol\u00edtico"},"content":{"rendered":"<p dir=\"ltr\">El periodismo pol\u00edtico se dedica a informar sobre asuntos y actividades de inter\u00e9s en el \u00e1mbito pol\u00edtico, tanto a nivel nacional como internacional.<\/p>\n<p dir=\"ltr\">Su objetivo es brindar elementos para el an\u00e1lisis y la comprensi\u00f3n de la realidad pol\u00edtica del entorno. Es por ello que su principal p\u00fablico es la sociedad, m\u00e1s espec\u00edfico, el ciudadano.<\/p>\n<p dir=\"ltr\">En el periodismo pol\u00edtico existen tres contextos b\u00e1sicos:<\/p>\n<ol>\n<li>\n<p dir=\"ltr\"><strong>Autoritario.<\/strong>\u00a0Se privilegia el orden y la eficacia sobre el consenso y el convencimiento.<\/p>\n<\/li>\n<li>\n<p dir=\"ltr\"><strong>Totalitarismo.<\/strong>\u00a0Se busca el control total sobre la sociedad y sobre los medios.<\/p>\n<\/li>\n<li>\n<p dir=\"ltr\"><strong>Democr\u00e1tico.<\/strong>\u00a0Se basa en la deliberaci\u00f3n, en la cr\u00edtica y en la formaci\u00f3n de ciudadanos informados.<\/p>\n<\/li>\n<\/ol>\n<p dir=\"ltr\">Para que toda la investigaci\u00f3n tome forma y se convierta en una noticia, se necesita de una figura llamada, <strong><em>periodista<\/em><\/strong>. \u00c9l es el encargado de estar siempre en sinton\u00eda con lo que est\u00e1 ocurriendo en el momento, recopilar la informaci\u00f3n, para despu\u00e9s transmitirla a la sociedad.<\/p>\n<p dir=\"ltr\">En este \u00e1mbito, el periodismo pol\u00edtico es ejercido por los periodistas especializados, divisibles en dos grupos:<\/p>\n<ol>\n<li>\n<p dir=\"ltr\"><strong>De instituciones.<\/strong>\u00a0Orientan sus informaciones de acuerdo a la l\u00ednea period\u00edstica del medio de comunicaci\u00f3n para el cual trabajan.<\/p>\n<\/li>\n<li>\n<p dir=\"ltr\"><strong>De investigaci\u00f3n netamente pol\u00edtica.<\/strong>\u00a0Informan sobre los aspectos que el p\u00fablico no conoce y que generalmente las autoridades ocultan.<\/p>\n<\/li>\n<\/ol>\n<p>Hoy en d\u00eda, entre las dificultades que aquejan la labor del periodista pol\u00edtico son la corrupci\u00f3n, la falta de \u00e9tica profesional y el compromiso social. Sin embargo, juega un papel decisivo en el desarrollo de los ciudadanos y la sociedad.<\/p>\n<p><strong>Wanda Mirel Solorio Garc\u00eda<\/strong><br \/>\n<strong>UTEL Editorial<\/strong><\/p>\n<div id=\"advads-2156308472\" class=\"advads-cta-lp-banner-form advads-entity-placement\"><a href=\"https:\/\/utel.mx\/blog\/admisiones-universidad-online\/?utm_source=blog&#038;utm_medium=CTAlink&#038;utm_campaign=MKTseo\" aria-label=\"Universidad en linea\"><img src=\"https:\/\/utel.mx\/blog\/wp-content\/uploads\/2025\/04\/universidad-en-linea-1.png\" alt=\"Universidad en linea\"  srcset=\"https:\/\/utel.mx\/blog\/wp-content\/uploads\/2025\/04\/universidad-en-linea-1.png 626w, https:\/\/utel.mx\/blog\/wp-content\/uploads\/2025\/04\/universidad-en-linea-1-420x168.png 420w\" sizes=\"(max-width: 626px) 100vw, 626px\" width=\"626\" height=\"250\"   \/><\/a><\/div>","protected":false},"excerpt":{"rendered":"<p> [&hellip;]<\/p>\n","protected":false},"author":9,"featured_media":10900,"comment_status":"closed","ping_status":"open","sticky":false,"template":"","format":"standard","meta":{"_acf_changed":false,"site-sidebar-layout":"default","site-content-layout":"","ast-site-content-layout":"","site-content-style":"default","site-sidebar-style":"default","ast-global-header-display":"","ast-banner-title-visibility":"","ast-main-header-display":"","ast-hfb-above-header-display":"","ast-hfb-below-header-display":"","ast-hfb-mobile-header-display":"","site-post-title":"","ast-breadcrumbs-content":"","ast-featured-img":"","footer-sml-layout":"","theme-transparent-header-meta":"","adv-header-id-meta":"","stick-header-meta":"","header-above-stick-meta":"","header-main-stick-meta":"","header-below-stick-meta":"","astra-migrate-meta-layouts":"default","ast-page-background-enabled":"default","ast-page-background-meta":{"desktop":{"background-color":"var(--ast-global-color-4)","background-image":"","background-repeat":"repeat","background-position":"center center","background-size":"auto","background-attachment":"scroll","background-type":"","background-media":"","overlay-type":"","overlay-color":"","overlay-gradient":""},"tablet":{"background-color":"","background-image":"","background-repeat":"repeat","background-position":"center center","background-size":"auto","background-attachment":"scroll","background-type":"","background-media":"","overlay-type":"","overlay-color":"","overlay-gradient":""},"mobile":{"background-color":"","background-image":"","background-repeat":"repeat","background-position":"center center","background-size":"auto","background-attachment":"scroll","background-type":"","background-media":"","overlay-type":"","overlay-color":"","overlay-gradient":""}},"ast-content-background-meta":{"desktop":{"background-color":"var(--ast-global-color-5)","background-image":"","background-repeat":"repeat","background-position":"center center","background-size":"auto","background-attachment":"scroll","background-type":"","background-media":"","overlay-type":"","overlay-color":"","overlay-gradient":""},"tablet":{"background-color":"var(--ast-global-color-5)","background-image":"","background-repeat":"repeat","background-position":"center center","background-size":"auto","background-attachment":"scroll","background-type":"","background-media":"","overlay-type":"","overlay-color":"","overlay-gradient":""},"mobile":{"background-color":"var(--ast-global-color-5)","background-image":"","background-repeat":"repeat","background-position":"center center","background-size":"auto","background-attachment":"scroll","background-type":"","background-media":"","overlay-type":"","overlay-color":"","overlay-gradient":""}},"footnotes":""},"categories":[32],"tags":[],"class_list":["post-10837","post","type-post","status-publish","format-standard","has-post-thumbnail","hentry","category-10-consejos-para"],"acf":[],"yoast_head":"<!-- This site is optimized with the Yoast SEO plugin v26.8 - https:\/\/yoast.com\/product\/yoast-seo-wordpress\/ -->\n<title>Conoce m\u00e1s acerca del periodismo pol\u00edtico - BLOG | Utel<\/title>\n<meta name=\"description\" content=\"El periodismo pol\u00edtico es una rama m\u00e1s del periodismo.\" \/>\n<meta name=\"robots\" content=\"index, follow, max-snippet:-1, max-image-preview:large, max-video-preview:-1\" \/>\n<link rel=\"canonical\" href=\"https:\/\/utel.mx\/blog\/10-consejos-para\/periodismo-politico\/\" \/>\n<meta property=\"og:locale\" content=\"es_ES\" \/>\n<meta property=\"og:type\" content=\"article\" \/>\n<meta property=\"og:title\" content=\"Conoce m\u00e1s acerca del periodismo pol\u00edtico - BLOG | Utel\" \/>\n<meta property=\"og:description\" content=\"El periodismo pol\u00edtico es una rama m\u00e1s del periodismo.\" \/>\n<meta property=\"og:url\" content=\"https:\/\/utel.mx\/blog\/10-consejos-para\/periodismo-politico\/\" \/>\n<meta property=\"og:site_name\" content=\"BLOG | Utel\" \/>\n<meta property=\"article:published_time\" content=\"2014-01-17T18:00:12+00:00\" \/>\n<meta property=\"article:modified_time\" content=\"2023-03-10T16:56:07+00:00\" \/>\n<meta property=\"og:image\" content=\"https:\/\/utel.mx\/blog\/wp-content\/uploads\/2014\/01\/shutterstock_82890862.jpg\" \/>\n\t<meta property=\"og:image:width\" content=\"1000\" \/>\n\t<meta property=\"og:image:height\" content=\"667\" \/>\n\t<meta property=\"og:image:type\" content=\"image\/jpeg\" \/>\n<meta name=\"author\" content=\"Hayde\u00e9 (Editor)\" \/>\n<meta name=\"twitter:label1\" content=\"Written by\" \/>\n\t<meta name=\"twitter:data1\" content=\"Hayde\u00e9 (Editor)\" \/>\n\t<meta name=\"twitter:label2\" content=\"Est. reading time\" \/>\n\t<meta name=\"twitter:data2\" content=\"1 minuto\" \/>\n<script type=\"application\/ld+json\" class=\"yoast-schema-graph\">{\"@context\":\"https:\/\/schema.org\",\"@graph\":[{\"@type\":\"Article\",\"@id\":\"https:\/\/utel.mx\/blog\/10-consejos-para\/periodismo-politico\/#article\",\"isPartOf\":{\"@id\":\"https:\/\/utel.mx\/blog\/10-consejos-para\/periodismo-politico\/\"},\"author\":{\"name\":\"Hayde\u00e9 (Editor)\",\"@id\":\"https:\/\/utel.mx\/blog\/#\/schema\/person\/9a4c3940beef2724facfef4f2ccec7da\"},\"headline\":\"Conoce m\u00e1s acerca del periodismo pol\u00edtico\",\"datePublished\":\"2014-01-17T18:00:12+00:00\",\"dateModified\":\"2023-03-10T16:56:07+00:00\",\"mainEntityOfPage\":{\"@id\":\"https:\/\/utel.mx\/blog\/10-consejos-para\/periodismo-politico\/\"},\"wordCount\":289,\"publisher\":{\"@id\":\"https:\/\/utel.mx\/blog\/#organization\"},\"image\":{\"@id\":\"https:\/\/utel.mx\/blog\/10-consejos-para\/periodismo-politico\/#primaryimage\"},\"thumbnailUrl\":\"https:\/\/utel.mx\/blog\/wp-content\/uploads\/2014\/01\/shutterstock_82890862.jpg\",\"articleSection\":[\"Tips\"],\"inLanguage\":\"es\"},{\"@type\":\"WebPage\",\"@id\":\"https:\/\/utel.mx\/blog\/10-consejos-para\/periodismo-politico\/\",\"url\":\"https:\/\/utel.mx\/blog\/10-consejos-para\/periodismo-politico\/\",\"name\":\"Conoce m\u00e1s acerca del periodismo pol\u00edtico - BLOG | Utel\",\"isPartOf\":{\"@id\":\"https:\/\/utel.mx\/blog\/#website\"},\"primaryImageOfPage\":{\"@id\":\"https:\/\/utel.mx\/blog\/10-consejos-para\/periodismo-politico\/#primaryimage\"},\"image\":{\"@id\":\"https:\/\/utel.mx\/blog\/10-consejos-para\/periodismo-politico\/#primaryimage\"},\"thumbnailUrl\":\"https:\/\/utel.mx\/blog\/wp-content\/uploads\/2014\/01\/shutterstock_82890862.jpg\",\"datePublished\":\"2014-01-17T18:00:12+00:00\",\"dateModified\":\"2023-03-10T16:56:07+00:00\",\"description\":\"El periodismo pol\u00edtico es una rama m\u00e1s del periodismo.\",\"breadcrumb\":{\"@id\":\"https:\/\/utel.mx\/blog\/10-consejos-para\/periodismo-politico\/#breadcrumb\"},\"inLanguage\":\"es\",\"potentialAction\":[{\"@type\":\"ReadAction\",\"target\":[\"https:\/\/utel.mx\/blog\/10-consejos-para\/periodismo-politico\/\"]}]},{\"@type\":\"ImageObject\",\"inLanguage\":\"es\",\"@id\":\"https:\/\/utel.mx\/blog\/10-consejos-para\/periodismo-politico\/#primaryimage\",\"url\":\"https:\/\/utel.mx\/blog\/wp-content\/uploads\/2014\/01\/shutterstock_82890862.jpg\",\"contentUrl\":\"https:\/\/utel.mx\/blog\/wp-content\/uploads\/2014\/01\/shutterstock_82890862.jpg\",\"width\":1000,\"height\":667,\"caption\":\"El periodismo pol\u00edtico es una rama m\u00e1s del periodismo.\"},{\"@type\":\"BreadcrumbList\",\"@id\":\"https:\/\/utel.mx\/blog\/10-consejos-para\/periodismo-politico\/#breadcrumb\",\"itemListElement\":[{\"@type\":\"ListItem\",\"position\":1,\"name\":\"Home\",\"item\":\"https:\/\/utel.mx\/blog\/\"},{\"@type\":\"ListItem\",\"position\":2,\"name\":\"Conoce m\u00e1s acerca del periodismo pol\u00edtico\"}]},{\"@type\":\"WebSite\",\"@id\":\"https:\/\/utel.mx\/blog\/#website\",\"url\":\"https:\/\/utel.mx\/blog\/\",\"name\":\"BLOG | Utel\",\"description\":\"Blog UTEL Universidad en L\u00ednea\",\"publisher\":{\"@id\":\"https:\/\/utel.mx\/blog\/#organization\"},\"potentialAction\":[{\"@type\":\"SearchAction\",\"target\":{\"@type\":\"EntryPoint\",\"urlTemplate\":\"https:\/\/utel.mx\/blog\/?s={search_term_string}\"},\"query-input\":{\"@type\":\"PropertyValueSpecification\",\"valueRequired\":true,\"valueName\":\"search_term_string\"}}],\"inLanguage\":\"es\"},{\"@type\":\"Organization\",\"@id\":\"https:\/\/utel.mx\/blog\/#organization\",\"name\":\"BLOG | Utel\",\"url\":\"https:\/\/utel.mx\/blog\/\",\"logo\":{\"@type\":\"ImageObject\",\"inLanguage\":\"es\",\"@id\":\"https:\/\/utel.mx\/blog\/#\/schema\/logo\/image\/\",\"url\":\"https:\/\/utel.mx\/blog\/wp-content\/uploads\/2023\/03\/cropped-logo-blog.png\",\"contentUrl\":\"https:\/\/utel.mx\/blog\/wp-content\/uploads\/2023\/03\/cropped-logo-blog.png\",\"width\":237,\"height\":64,\"caption\":\"BLOG | Utel\"},\"image\":{\"@id\":\"https:\/\/utel.mx\/blog\/#\/schema\/logo\/image\/\"}},{\"@type\":\"Person\",\"@id\":\"https:\/\/utel.mx\/blog\/#\/schema\/person\/9a4c3940beef2724facfef4f2ccec7da\",\"name\":\"Hayde\u00e9 (Editor)\",\"image\":{\"@type\":\"ImageObject\",\"inLanguage\":\"es\",\"@id\":\"https:\/\/utel.mx\/blog\/#\/schema\/person\/image\/\",\"url\":\"https:\/\/secure.gravatar.com\/avatar\/ba63bb7f074f0dfa874cba0ef5d985a5?s=96&d=mm&r=g\",\"contentUrl\":\"https:\/\/secure.gravatar.com\/avatar\/ba63bb7f074f0dfa874cba0ef5d985a5?s=96&d=mm&r=g\",\"caption\":\"Hayde\u00e9 (Editor)\"},\"description\":\"Licenciada en Ciencias de la Comunicaci\u00f3n\"}]}<\/script>\n<!-- \/ Yoast SEO plugin. -->","yoast_head_json":{"title":"Conoce m\u00e1s acerca del periodismo pol\u00edtico - BLOG | Utel","description":"El periodismo pol\u00edtico es una rama m\u00e1s del periodismo.","robots":{"index":"index","follow":"follow","max-snippet":"max-snippet:-1","max-image-preview":"max-image-preview:large","max-video-preview":"max-video-preview:-1"},"canonical":"https:\/\/utel.mx\/blog\/10-consejos-para\/periodismo-politico\/","og_locale":"es_ES","og_type":"article","og_title":"Conoce m\u00e1s acerca del periodismo pol\u00edtico - BLOG | Utel","og_description":"El periodismo pol\u00edtico es una rama m\u00e1s del periodismo.","og_url":"https:\/\/utel.mx\/blog\/10-consejos-para\/periodismo-politico\/","og_site_name":"BLOG | Utel","article_published_time":"2014-01-17T18:00:12+00:00","article_modified_time":"2023-03-10T16:56:07+00:00","og_image":[{"width":1000,"height":667,"url":"https:\/\/utel.mx\/blog\/wp-content\/uploads\/2014\/01\/shutterstock_82890862.jpg","type":"image\/jpeg"}],"author":"Hayde\u00e9 (Editor)","twitter_misc":{"Written by":"Hayde\u00e9 (Editor)","Est. reading time":"1 minuto"},"schema":{"@context":"https:\/\/schema.org","@graph":[{"@type":"Article","@id":"https:\/\/utel.mx\/blog\/10-consejos-para\/periodismo-politico\/#article","isPartOf":{"@id":"https:\/\/utel.mx\/blog\/10-consejos-para\/periodismo-politico\/"},"author":{"name":"Hayde\u00e9 (Editor)","@id":"https:\/\/utel.mx\/blog\/#\/schema\/person\/9a4c3940beef2724facfef4f2ccec7da"},"headline":"Conoce m\u00e1s acerca del periodismo pol\u00edtico","datePublished":"2014-01-17T18:00:12+00:00","dateModified":"2023-03-10T16:56:07+00:00","mainEntityOfPage":{"@id":"https:\/\/utel.mx\/blog\/10-consejos-para\/periodismo-politico\/"},"wordCount":289,"publisher":{"@id":"https:\/\/utel.mx\/blog\/#organization"},"image":{"@id":"https:\/\/utel.mx\/blog\/10-consejos-para\/periodismo-politico\/#primaryimage"},"thumbnailUrl":"https:\/\/utel.mx\/blog\/wp-content\/uploads\/2014\/01\/shutterstock_82890862.jpg","articleSection":["Tips"],"inLanguage":"es"},{"@type":"WebPage","@id":"https:\/\/utel.mx\/blog\/10-consejos-para\/periodismo-politico\/","url":"https:\/\/utel.mx\/blog\/10-consejos-para\/periodismo-politico\/","name":"Conoce m\u00e1s acerca del periodismo pol\u00edtico - BLOG | Utel","isPartOf":{"@id":"https:\/\/utel.mx\/blog\/#website"},"primaryImageOfPage":{"@id":"https:\/\/utel.mx\/blog\/10-consejos-para\/periodismo-politico\/#primaryimage"},"image":{"@id":"https:\/\/utel.mx\/blog\/10-consejos-para\/periodismo-politico\/#primaryimage"},"thumbnailUrl":"https:\/\/utel.mx\/blog\/wp-content\/uploads\/2014\/01\/shutterstock_82890862.jpg","datePublished":"2014-01-17T18:00:12+00:00","dateModified":"2023-03-10T16:56:07+00:00","description":"El periodismo pol\u00edtico es una rama m\u00e1s del periodismo.","breadcrumb":{"@id":"https:\/\/utel.mx\/blog\/10-consejos-para\/periodismo-politico\/#breadcrumb"},"inLanguage":"es","potentialAction":[{"@type":"ReadAction","target":["https:\/\/utel.mx\/blog\/10-consejos-para\/periodismo-politico\/"]}]},{"@type":"ImageObject","inLanguage":"es","@id":"https:\/\/utel.mx\/blog\/10-consejos-para\/periodismo-politico\/#primaryimage","url":"https:\/\/utel.mx\/blog\/wp-content\/uploads\/2014\/01\/shutterstock_82890862.jpg","contentUrl":"https:\/\/utel.mx\/blog\/wp-content\/uploads\/2014\/01\/shutterstock_82890862.jpg","width":1000,"height":667,"caption":"El periodismo pol\u00edtico es una rama m\u00e1s del periodismo."},{"@type":"BreadcrumbList","@id":"https:\/\/utel.mx\/blog\/10-consejos-para\/periodismo-politico\/#breadcrumb","itemListElement":[{"@type":"ListItem","position":1,"name":"Home","item":"https:\/\/utel.mx\/blog\/"},{"@type":"ListItem","position":2,"name":"Conoce m\u00e1s acerca del periodismo pol\u00edtico"}]},{"@type":"WebSite","@id":"https:\/\/utel.mx\/blog\/#website","url":"https:\/\/utel.mx\/blog\/","name":"BLOG | Utel","description":"Blog UTEL Universidad en L\u00ednea","publisher":{"@id":"https:\/\/utel.mx\/blog\/#organization"},"potentialAction":[{"@type":"SearchAction","target":{"@type":"EntryPoint","urlTemplate":"https:\/\/utel.mx\/blog\/?s={search_term_string}"},"query-input":{"@type":"PropertyValueSpecification","valueRequired":true,"valueName":"search_term_string"}}],"inLanguage":"es"},{"@type":"Organization","@id":"https:\/\/utel.mx\/blog\/#organization","name":"BLOG | Utel","url":"https:\/\/utel.mx\/blog\/","logo":{"@type":"ImageObject","inLanguage":"es","@id":"https:\/\/utel.mx\/blog\/#\/schema\/logo\/image\/","url":"https:\/\/utel.mx\/blog\/wp-content\/uploads\/2023\/03\/cropped-logo-blog.png","contentUrl":"https:\/\/utel.mx\/blog\/wp-content\/uploads\/2023\/03\/cropped-logo-blog.png","width":237,"height":64,"caption":"BLOG | Utel"},"image":{"@id":"https:\/\/utel.mx\/blog\/#\/schema\/logo\/image\/"}},{"@type":"Person","@id":"https:\/\/utel.mx\/blog\/#\/schema\/person\/9a4c3940beef2724facfef4f2ccec7da","name":"Hayde\u00e9 (Editor)","image":{"@type":"ImageObject","inLanguage":"es","@id":"https:\/\/utel.mx\/blog\/#\/schema\/person\/image\/","url":"https:\/\/secure.gravatar.com\/avatar\/ba63bb7f074f0dfa874cba0ef5d985a5?s=96&d=mm&r=g","contentUrl":"https:\/\/secure.gravatar.com\/avatar\/ba63bb7f074f0dfa874cba0ef5d985a5?s=96&d=mm&r=g","caption":"Hayde\u00e9 (Editor)"},"description":"Licenciada en Ciencias de la Comunicaci\u00f3n"}]}},"_links":{"self":[{"href":"https:\/\/utel.mx\/blog\/wp-json\/wp\/v2\/posts\/10837","targetHints":{"allow":["GET"]}}],"collection":[{"href":"https:\/\/utel.mx\/blog\/wp-json\/wp\/v2\/posts"}],"about":[{"href":"https:\/\/utel.mx\/blog\/wp-json\/wp\/v2\/types\/post"}],"author":[{"embeddable":true,"href":"https:\/\/utel.mx\/blog\/wp-json\/wp\/v2\/users\/9"}],"replies":[{"embeddable":true,"href":"https:\/\/utel.mx\/blog\/wp-json\/wp\/v2\/comments?post=10837"}],"version-history":[{"count":1,"href":"https:\/\/utel.mx\/blog\/wp-json\/wp\/v2\/posts\/10837\/revisions"}],"predecessor-version":[{"id":45098,"href":"https:\/\/utel.mx\/blog\/wp-json\/wp\/v2\/posts\/10837\/revisions\/45098"}],"wp:featuredmedia":[{"embeddable":true,"href":"https:\/\/utel.mx\/blog\/wp-json\/wp\/v2\/media\/10900"}],"wp:attachment":[{"href":"https:\/\/utel.mx\/blog\/wp-json\/wp\/v2\/media?parent=10837"}],"wp:term":[{"taxonomy":"category","embeddable":true,"href":"https:\/\/utel.mx\/blog\/wp-json\/wp\/v2\/categories?post=10837"},{"taxonomy":"post_tag","embeddable":true,"href":"https:\/\/utel.mx\/blog\/wp-json\/wp\/v2\/tags?post=10837"}],"curies":[{"name":"wp","href":"https:\/\/api.w.org\/{rel}","templated":true}]}}