{"id":10909,"date":"2014-01-07T19:21:23","date_gmt":"2014-01-07T19:21:23","guid":{"rendered":"http:\/\/utel.mx\/blog\/?p=10909"},"modified":"2023-03-10T16:56:18","modified_gmt":"2023-03-10T16:56:18","slug":"que-es-comunicacion-publica","status":"publish","type":"post","link":"https:\/\/utel.mx\/blog\/10-consejos-para\/que-es-comunicacion-publica\/","title":{"rendered":"\u00bfQu\u00e9 es comunicaci\u00f3n p\u00fablica?"},"content":{"rendered":"<p dir=\"ltr\"><span style=\"color: #000000;\">La comunicaci\u00f3n p\u00fablica est\u00e1 encaminada a la difusi\u00f3n de informaci\u00f3n y mensajes con distintos prop\u00f3sitos, dirigida a un p\u00fablico masivo. Para tener un alcance mayor, este tipo de comunicaci\u00f3n integra medios como: televisi\u00f3n, prensa, radio e internet, aunque todos los mecanismos para el env\u00edo de datos son v\u00e1lidos.<\/span><\/p>\n<h2 dir=\"ltr\"><span style=\"color: #008a5d;\">Comunicaci\u00f3n p\u00fablica<\/span><\/h2>\n<p dir=\"ltr\"><span style=\"color: #000000;\">La comunicaci\u00f3n p\u00fablica se desenvuelve en un marco p\u00fablico, su intervenci\u00f3n social est\u00e1 orientada al correcto e<strong>jercicio de la libertad de expresi\u00f3n<\/strong> a trav\u00e9s de la <strong>discusi\u00f3n y el debate sobre temas de inter\u00e9s general<\/strong>, cuyo fin primordial es el involucramiento de la gente en asuntos donde su intervenci\u00f3n y conocimiento es trascendental.<\/span><\/p>\n<p dir=\"ltr\"><span style=\"color: #000000;\">El Gobierno Federal a trav\u00e9s de la Coordinaci\u00f3n de Comunicaci\u00f3n Social act\u00faa en la gesti\u00f3n del \u00a0manejo de medios del presidente con la prensa, asimismo se encarga de promover, coordinar y realizar campa\u00f1as de informaci\u00f3n p\u00fablicas e internas sobre asuntos de incumbencia presidencial; se encarga de la producci\u00f3n de materiales informativos y de difusi\u00f3n para radio, televisi\u00f3n y medios impresos.<\/span><\/p>\n<p dir=\"ltr\"><span style=\"color: #000000;\">El poder que ejerce el periodismo en la opini\u00f3n p\u00fablica es preponderante, cada vez son m\u00e1s los medios y estrategias para impactar en el receptor, su protagonismo se cifra en las m\u00faltiples maneras persuasivas que tiene para que su mensaje sea asimilado y retroalimentado, no obstante muchos medios escritos siguen dependiendo de la propaganda gubernamental para subsistir.<\/span><\/p>\n<h2 dir=\"ltr\"><span style=\"color: #008a5d;\">La importancia de la publicidad<\/span><\/h2>\n<p dir=\"ltr\"><span style=\"color: #000000;\">Otro ingreso importante para los medios de comunicaci\u00f3n es la publicidad, misma que est\u00e1 regulada por el sector privado, pero que aprovecha el alcance de los medios de difusi\u00f3n masivos para ofertar y vender; su importancia radica en que funge como reguladora de la econom\u00eda y por su crecimiento, genera empleos.<\/span><\/p>\n<p dir=\"ltr\"><span style=\"color: #000000;\">M\u00e1s all\u00e1 de quienes hacen posible la comunicaci\u00f3n p\u00fablica, es necesario dirigirnos hacia qui\u00e9n la consume, o sea hacia la opini\u00f3n p\u00fablica; por sus numerosos espacios para la transmisi\u00f3n de mensajes, todos los entes sociales son parte de ella y pueden o no apoyarla. Es por eso que los departamentos de comunicaci\u00f3n deben estar versados sobre tendencias, estilos y vanguardia de marketing.<\/span><\/p>\n<p dir=\"ltr\"><span style=\"color: #000000;\">El tiempo de exposici\u00f3n de estos materiales repercute en la opini\u00f3n p\u00fablica; recordar que aunque un spot no sea de su agrado, \u00e9l p\u00fablico evoca el porqu\u00e9 es molesto e inconscientemente tiene presente qui\u00e9n era el emisor. En contraparte, si nos agrada lo que vemos, es muy posible que generemos empat\u00eda con los actores o el tipo de mensaje que recibimos.<\/span><\/p>\n<p dir=\"ltr\"><span style=\"color: #000000;\">Por eso es importante exigir contenidos de calidad, objetivos y veraces en los comunicados, su dimensi\u00f3n es tal que hay que hacer un an\u00e1lisis \u00e9tico sobre la influencia que la comunicaci\u00f3n p\u00fablica tiene en nuestra vida.<\/span><\/p>\n<p>&nbsp;<\/p>\n<p dir=\"ltr\"><span style=\"color: #000000;\">Adair Rodr\u00edguez<\/span><\/p>\n<p dir=\"ltr\"><span style=\"color: #000000;\">UTEL Editorial<\/span><\/p>\n<div id=\"advads-4173894453\" class=\"advads-cta-lp-banner-form advads-entity-placement\"><a href=\"https:\/\/utel.mx\/blog\/admisiones-universidad-online\/?utm_source=blog&#038;utm_medium=CTAlink&#038;utm_campaign=MKTseo\" aria-label=\"Universidad en linea\"><img src=\"https:\/\/utel.mx\/blog\/wp-content\/uploads\/2025\/04\/universidad-en-linea-1.png\" alt=\"Universidad en linea\"  srcset=\"https:\/\/utel.mx\/blog\/wp-content\/uploads\/2025\/04\/universidad-en-linea-1.png 626w, https:\/\/utel.mx\/blog\/wp-content\/uploads\/2025\/04\/universidad-en-linea-1-420x168.png 420w\" sizes=\"(max-width: 626px) 100vw, 626px\" width=\"626\" height=\"250\"   \/><\/a><\/div>","protected":false},"excerpt":{"rendered":"<p> [&hellip;]<\/p>\n","protected":false},"author":40,"featured_media":38545,"comment_status":"closed","ping_status":"open","sticky":false,"template":"","format":"standard","meta":{"_acf_changed":false,"site-sidebar-layout":"default","site-content-layout":"","ast-site-content-layout":"","site-content-style":"default","site-sidebar-style":"default","ast-global-header-display":"","ast-banner-title-visibility":"","ast-main-header-display":"","ast-hfb-above-header-display":"","ast-hfb-below-header-display":"","ast-hfb-mobile-header-display":"","site-post-title":"","ast-breadcrumbs-content":"","ast-featured-img":"","footer-sml-layout":"","theme-transparent-header-meta":"","adv-header-id-meta":"","stick-header-meta":"","header-above-stick-meta":"","header-main-stick-meta":"","header-below-stick-meta":"","astra-migrate-meta-layouts":"default","ast-page-background-enabled":"default","ast-page-background-meta":{"desktop":{"background-color":"var(--ast-global-color-4)","background-image":"","background-repeat":"repeat","background-position":"center center","background-size":"auto","background-attachment":"scroll","background-type":"","background-media":"","overlay-type":"","overlay-color":"","overlay-gradient":""},"tablet":{"background-color":"","background-image":"","background-repeat":"repeat","background-position":"center center","background-size":"auto","background-attachment":"scroll","background-type":"","background-media":"","overlay-type":"","overlay-color":"","overlay-gradient":""},"mobile":{"background-color":"","background-image":"","background-repeat":"repeat","background-position":"center center","background-size":"auto","background-attachment":"scroll","background-type":"","background-media":"","overlay-type":"","overlay-color":"","overlay-gradient":""}},"ast-content-background-meta":{"desktop":{"background-color":"var(--ast-global-color-5)","background-image":"","background-repeat":"repeat","background-position":"center center","background-size":"auto","background-attachment":"scroll","background-type":"","background-media":"","overlay-type":"","overlay-color":"","overlay-gradient":""},"tablet":{"background-color":"var(--ast-global-color-5)","background-image":"","background-repeat":"repeat","background-position":"center center","background-size":"auto","background-attachment":"scroll","background-type":"","background-media":"","overlay-type":"","overlay-color":"","overlay-gradient":""},"mobile":{"background-color":"var(--ast-global-color-5)","background-image":"","background-repeat":"repeat","background-position":"center center","background-size":"auto","background-attachment":"scroll","background-type":"","background-media":"","overlay-type":"","overlay-color":"","overlay-gradient":""}},"footnotes":""},"categories":[32],"tags":[],"class_list":["post-10909","post","type-post","status-publish","format-standard","has-post-thumbnail","hentry","category-10-consejos-para"],"acf":[],"yoast_head":"<!-- This site is optimized with the Yoast SEO plugin v26.8 - https:\/\/yoast.com\/product\/yoast-seo-wordpress\/ -->\n<title>\u00bfQu\u00e9 es comunicaci\u00f3n p\u00fablica? - BLOG | Utel<\/title>\n<meta name=\"description\" content=\"La comunicaci\u00f3n p\u00fablica est\u00e1 encaminada a la difusi\u00f3n de informaci\u00f3n y mensajes con distintos prop\u00f3sitos dirigida a un p\u00fablico masivo\" \/>\n<meta name=\"robots\" content=\"index, follow, max-snippet:-1, max-image-preview:large, max-video-preview:-1\" \/>\n<link rel=\"canonical\" href=\"https:\/\/utel.mx\/blog\/10-consejos-para\/que-es-comunicacion-publica\/\" \/>\n<meta property=\"og:locale\" content=\"es_ES\" \/>\n<meta property=\"og:type\" content=\"article\" \/>\n<meta property=\"og:title\" content=\"\u00bfQu\u00e9 es comunicaci\u00f3n p\u00fablica? - BLOG | Utel\" \/>\n<meta property=\"og:description\" content=\"La comunicaci\u00f3n p\u00fablica est\u00e1 encaminada a la difusi\u00f3n de informaci\u00f3n y mensajes con distintos prop\u00f3sitos dirigida a un p\u00fablico masivo\" \/>\n<meta property=\"og:url\" content=\"https:\/\/utel.mx\/blog\/10-consejos-para\/que-es-comunicacion-publica\/\" \/>\n<meta property=\"og:site_name\" content=\"BLOG | Utel\" \/>\n<meta property=\"article:published_time\" content=\"2014-01-07T19:21:23+00:00\" \/>\n<meta property=\"article:modified_time\" content=\"2023-03-10T16:56:18+00:00\" \/>\n<meta property=\"og:image\" content=\"https:\/\/utel.mx\/blog\/wp-content\/uploads\/2014\/01\/Qu\u00e9-es-Comunicaci\u00f3n-P\u00fablica.png\" \/>\n\t<meta property=\"og:image:width\" content=\"600\" \/>\n\t<meta property=\"og:image:height\" content=\"300\" \/>\n\t<meta property=\"og:image:type\" content=\"image\/png\" \/>\n<meta name=\"author\" content=\"Invitados UTEL\" \/>\n<meta name=\"twitter:label1\" content=\"Written by\" \/>\n\t<meta name=\"twitter:data1\" content=\"Invitados UTEL\" \/>\n\t<meta name=\"twitter:label2\" content=\"Est. reading time\" \/>\n\t<meta name=\"twitter:data2\" content=\"2 minutos\" \/>\n<script type=\"application\/ld+json\" class=\"yoast-schema-graph\">{\"@context\":\"https:\/\/schema.org\",\"@graph\":[{\"@type\":\"Article\",\"@id\":\"https:\/\/utel.mx\/blog\/10-consejos-para\/que-es-comunicacion-publica\/#article\",\"isPartOf\":{\"@id\":\"https:\/\/utel.mx\/blog\/10-consejos-para\/que-es-comunicacion-publica\/\"},\"author\":{\"name\":\"Invitados UTEL\",\"@id\":\"https:\/\/utel.mx\/blog\/#\/schema\/person\/e5b3d8d918f13bd0b0f4724daa90dd95\"},\"headline\":\"\u00bfQu\u00e9 es comunicaci\u00f3n p\u00fablica?\",\"datePublished\":\"2014-01-07T19:21:23+00:00\",\"dateModified\":\"2023-03-10T16:56:18+00:00\",\"mainEntityOfPage\":{\"@id\":\"https:\/\/utel.mx\/blog\/10-consejos-para\/que-es-comunicacion-publica\/\"},\"wordCount\":504,\"publisher\":{\"@id\":\"https:\/\/utel.mx\/blog\/#organization\"},\"image\":{\"@id\":\"https:\/\/utel.mx\/blog\/10-consejos-para\/que-es-comunicacion-publica\/#primaryimage\"},\"thumbnailUrl\":\"https:\/\/utel.mx\/blog\/wp-content\/uploads\/2014\/01\/Qu\u00e9-es-Comunicaci\u00f3n-P\u00fablica.png\",\"articleSection\":[\"Tips\"],\"inLanguage\":\"es\"},{\"@type\":\"WebPage\",\"@id\":\"https:\/\/utel.mx\/blog\/10-consejos-para\/que-es-comunicacion-publica\/\",\"url\":\"https:\/\/utel.mx\/blog\/10-consejos-para\/que-es-comunicacion-publica\/\",\"name\":\"\u00bfQu\u00e9 es comunicaci\u00f3n p\u00fablica? - BLOG | Utel\",\"isPartOf\":{\"@id\":\"https:\/\/utel.mx\/blog\/#website\"},\"primaryImageOfPage\":{\"@id\":\"https:\/\/utel.mx\/blog\/10-consejos-para\/que-es-comunicacion-publica\/#primaryimage\"},\"image\":{\"@id\":\"https:\/\/utel.mx\/blog\/10-consejos-para\/que-es-comunicacion-publica\/#primaryimage\"},\"thumbnailUrl\":\"https:\/\/utel.mx\/blog\/wp-content\/uploads\/2014\/01\/Qu\u00e9-es-Comunicaci\u00f3n-P\u00fablica.png\",\"datePublished\":\"2014-01-07T19:21:23+00:00\",\"dateModified\":\"2023-03-10T16:56:18+00:00\",\"description\":\"La comunicaci\u00f3n p\u00fablica est\u00e1 encaminada a la difusi\u00f3n de informaci\u00f3n y mensajes con distintos prop\u00f3sitos dirigida a un p\u00fablico masivo\",\"breadcrumb\":{\"@id\":\"https:\/\/utel.mx\/blog\/10-consejos-para\/que-es-comunicacion-publica\/#breadcrumb\"},\"inLanguage\":\"es\",\"potentialAction\":[{\"@type\":\"ReadAction\",\"target\":[\"https:\/\/utel.mx\/blog\/10-consejos-para\/que-es-comunicacion-publica\/\"]}]},{\"@type\":\"ImageObject\",\"inLanguage\":\"es\",\"@id\":\"https:\/\/utel.mx\/blog\/10-consejos-para\/que-es-comunicacion-publica\/#primaryimage\",\"url\":\"https:\/\/utel.mx\/blog\/wp-content\/uploads\/2014\/01\/Qu\u00e9-es-Comunicaci\u00f3n-P\u00fablica.png\",\"contentUrl\":\"https:\/\/utel.mx\/blog\/wp-content\/uploads\/2014\/01\/Qu\u00e9-es-Comunicaci\u00f3n-P\u00fablica.png\",\"width\":600,\"height\":300,\"caption\":\"Qu\u00e9 es la Comunicaci\u00f3n P\u00fablica\"},{\"@type\":\"BreadcrumbList\",\"@id\":\"https:\/\/utel.mx\/blog\/10-consejos-para\/que-es-comunicacion-publica\/#breadcrumb\",\"itemListElement\":[{\"@type\":\"ListItem\",\"position\":1,\"name\":\"Home\",\"item\":\"https:\/\/utel.mx\/blog\/\"},{\"@type\":\"ListItem\",\"position\":2,\"name\":\"\u00bfQu\u00e9 es comunicaci\u00f3n p\u00fablica?\"}]},{\"@type\":\"WebSite\",\"@id\":\"https:\/\/utel.mx\/blog\/#website\",\"url\":\"https:\/\/utel.mx\/blog\/\",\"name\":\"BLOG | Utel\",\"description\":\"Blog UTEL Universidad en L\u00ednea\",\"publisher\":{\"@id\":\"https:\/\/utel.mx\/blog\/#organization\"},\"potentialAction\":[{\"@type\":\"SearchAction\",\"target\":{\"@type\":\"EntryPoint\",\"urlTemplate\":\"https:\/\/utel.mx\/blog\/?s={search_term_string}\"},\"query-input\":{\"@type\":\"PropertyValueSpecification\",\"valueRequired\":true,\"valueName\":\"search_term_string\"}}],\"inLanguage\":\"es\"},{\"@type\":\"Organization\",\"@id\":\"https:\/\/utel.mx\/blog\/#organization\",\"name\":\"BLOG | Utel\",\"url\":\"https:\/\/utel.mx\/blog\/\",\"logo\":{\"@type\":\"ImageObject\",\"inLanguage\":\"es\",\"@id\":\"https:\/\/utel.mx\/blog\/#\/schema\/logo\/image\/\",\"url\":\"https:\/\/utel.mx\/blog\/wp-content\/uploads\/2023\/03\/cropped-logo-blog.png\",\"contentUrl\":\"https:\/\/utel.mx\/blog\/wp-content\/uploads\/2023\/03\/cropped-logo-blog.png\",\"width\":237,\"height\":64,\"caption\":\"BLOG | Utel\"},\"image\":{\"@id\":\"https:\/\/utel.mx\/blog\/#\/schema\/logo\/image\/\"}},{\"@type\":\"Person\",\"@id\":\"https:\/\/utel.mx\/blog\/#\/schema\/person\/e5b3d8d918f13bd0b0f4724daa90dd95\",\"name\":\"Invitados UTEL\",\"image\":{\"@type\":\"ImageObject\",\"inLanguage\":\"es\",\"@id\":\"https:\/\/utel.mx\/blog\/#\/schema\/person\/image\/\",\"url\":\"https:\/\/secure.gravatar.com\/avatar\/781456f1128be5a332ab27ea8b902597?s=96&d=mm&r=g\",\"contentUrl\":\"https:\/\/secure.gravatar.com\/avatar\/781456f1128be5a332ab27ea8b902597?s=96&d=mm&r=g\",\"caption\":\"Invitados UTEL\"},\"description\":\"Invitados . Colaboraciones por parte de invitados de la Comunidad UTEL\"}]}<\/script>\n<!-- \/ Yoast SEO plugin. -->","yoast_head_json":{"title":"\u00bfQu\u00e9 es comunicaci\u00f3n p\u00fablica? - BLOG | Utel","description":"La comunicaci\u00f3n p\u00fablica est\u00e1 encaminada a la difusi\u00f3n de informaci\u00f3n y mensajes con distintos prop\u00f3sitos dirigida a un p\u00fablico masivo","robots":{"index":"index","follow":"follow","max-snippet":"max-snippet:-1","max-image-preview":"max-image-preview:large","max-video-preview":"max-video-preview:-1"},"canonical":"https:\/\/utel.mx\/blog\/10-consejos-para\/que-es-comunicacion-publica\/","og_locale":"es_ES","og_type":"article","og_title":"\u00bfQu\u00e9 es comunicaci\u00f3n p\u00fablica? - BLOG | Utel","og_description":"La comunicaci\u00f3n p\u00fablica est\u00e1 encaminada a la difusi\u00f3n de informaci\u00f3n y mensajes con distintos prop\u00f3sitos dirigida a un p\u00fablico masivo","og_url":"https:\/\/utel.mx\/blog\/10-consejos-para\/que-es-comunicacion-publica\/","og_site_name":"BLOG | Utel","article_published_time":"2014-01-07T19:21:23+00:00","article_modified_time":"2023-03-10T16:56:18+00:00","og_image":[{"width":600,"height":300,"url":"https:\/\/utel.mx\/blog\/wp-content\/uploads\/2014\/01\/Qu\u00e9-es-Comunicaci\u00f3n-P\u00fablica.png","type":"image\/png"}],"author":"Invitados UTEL","twitter_misc":{"Written by":"Invitados UTEL","Est. reading time":"2 minutos"},"schema":{"@context":"https:\/\/schema.org","@graph":[{"@type":"Article","@id":"https:\/\/utel.mx\/blog\/10-consejos-para\/que-es-comunicacion-publica\/#article","isPartOf":{"@id":"https:\/\/utel.mx\/blog\/10-consejos-para\/que-es-comunicacion-publica\/"},"author":{"name":"Invitados UTEL","@id":"https:\/\/utel.mx\/blog\/#\/schema\/person\/e5b3d8d918f13bd0b0f4724daa90dd95"},"headline":"\u00bfQu\u00e9 es comunicaci\u00f3n p\u00fablica?","datePublished":"2014-01-07T19:21:23+00:00","dateModified":"2023-03-10T16:56:18+00:00","mainEntityOfPage":{"@id":"https:\/\/utel.mx\/blog\/10-consejos-para\/que-es-comunicacion-publica\/"},"wordCount":504,"publisher":{"@id":"https:\/\/utel.mx\/blog\/#organization"},"image":{"@id":"https:\/\/utel.mx\/blog\/10-consejos-para\/que-es-comunicacion-publica\/#primaryimage"},"thumbnailUrl":"https:\/\/utel.mx\/blog\/wp-content\/uploads\/2014\/01\/Qu\u00e9-es-Comunicaci\u00f3n-P\u00fablica.png","articleSection":["Tips"],"inLanguage":"es"},{"@type":"WebPage","@id":"https:\/\/utel.mx\/blog\/10-consejos-para\/que-es-comunicacion-publica\/","url":"https:\/\/utel.mx\/blog\/10-consejos-para\/que-es-comunicacion-publica\/","name":"\u00bfQu\u00e9 es comunicaci\u00f3n p\u00fablica? - BLOG | Utel","isPartOf":{"@id":"https:\/\/utel.mx\/blog\/#website"},"primaryImageOfPage":{"@id":"https:\/\/utel.mx\/blog\/10-consejos-para\/que-es-comunicacion-publica\/#primaryimage"},"image":{"@id":"https:\/\/utel.mx\/blog\/10-consejos-para\/que-es-comunicacion-publica\/#primaryimage"},"thumbnailUrl":"https:\/\/utel.mx\/blog\/wp-content\/uploads\/2014\/01\/Qu\u00e9-es-Comunicaci\u00f3n-P\u00fablica.png","datePublished":"2014-01-07T19:21:23+00:00","dateModified":"2023-03-10T16:56:18+00:00","description":"La comunicaci\u00f3n p\u00fablica est\u00e1 encaminada a la difusi\u00f3n de informaci\u00f3n y mensajes con distintos prop\u00f3sitos dirigida a un p\u00fablico masivo","breadcrumb":{"@id":"https:\/\/utel.mx\/blog\/10-consejos-para\/que-es-comunicacion-publica\/#breadcrumb"},"inLanguage":"es","potentialAction":[{"@type":"ReadAction","target":["https:\/\/utel.mx\/blog\/10-consejos-para\/que-es-comunicacion-publica\/"]}]},{"@type":"ImageObject","inLanguage":"es","@id":"https:\/\/utel.mx\/blog\/10-consejos-para\/que-es-comunicacion-publica\/#primaryimage","url":"https:\/\/utel.mx\/blog\/wp-content\/uploads\/2014\/01\/Qu\u00e9-es-Comunicaci\u00f3n-P\u00fablica.png","contentUrl":"https:\/\/utel.mx\/blog\/wp-content\/uploads\/2014\/01\/Qu\u00e9-es-Comunicaci\u00f3n-P\u00fablica.png","width":600,"height":300,"caption":"Qu\u00e9 es la Comunicaci\u00f3n P\u00fablica"},{"@type":"BreadcrumbList","@id":"https:\/\/utel.mx\/blog\/10-consejos-para\/que-es-comunicacion-publica\/#breadcrumb","itemListElement":[{"@type":"ListItem","position":1,"name":"Home","item":"https:\/\/utel.mx\/blog\/"},{"@type":"ListItem","position":2,"name":"\u00bfQu\u00e9 es comunicaci\u00f3n p\u00fablica?"}]},{"@type":"WebSite","@id":"https:\/\/utel.mx\/blog\/#website","url":"https:\/\/utel.mx\/blog\/","name":"BLOG | Utel","description":"Blog UTEL Universidad en L\u00ednea","publisher":{"@id":"https:\/\/utel.mx\/blog\/#organization"},"potentialAction":[{"@type":"SearchAction","target":{"@type":"EntryPoint","urlTemplate":"https:\/\/utel.mx\/blog\/?s={search_term_string}"},"query-input":{"@type":"PropertyValueSpecification","valueRequired":true,"valueName":"search_term_string"}}],"inLanguage":"es"},{"@type":"Organization","@id":"https:\/\/utel.mx\/blog\/#organization","name":"BLOG | Utel","url":"https:\/\/utel.mx\/blog\/","logo":{"@type":"ImageObject","inLanguage":"es","@id":"https:\/\/utel.mx\/blog\/#\/schema\/logo\/image\/","url":"https:\/\/utel.mx\/blog\/wp-content\/uploads\/2023\/03\/cropped-logo-blog.png","contentUrl":"https:\/\/utel.mx\/blog\/wp-content\/uploads\/2023\/03\/cropped-logo-blog.png","width":237,"height":64,"caption":"BLOG | Utel"},"image":{"@id":"https:\/\/utel.mx\/blog\/#\/schema\/logo\/image\/"}},{"@type":"Person","@id":"https:\/\/utel.mx\/blog\/#\/schema\/person\/e5b3d8d918f13bd0b0f4724daa90dd95","name":"Invitados UTEL","image":{"@type":"ImageObject","inLanguage":"es","@id":"https:\/\/utel.mx\/blog\/#\/schema\/person\/image\/","url":"https:\/\/secure.gravatar.com\/avatar\/781456f1128be5a332ab27ea8b902597?s=96&d=mm&r=g","contentUrl":"https:\/\/secure.gravatar.com\/avatar\/781456f1128be5a332ab27ea8b902597?s=96&d=mm&r=g","caption":"Invitados UTEL"},"description":"Invitados . Colaboraciones por parte de invitados de la Comunidad UTEL"}]}},"_links":{"self":[{"href":"https:\/\/utel.mx\/blog\/wp-json\/wp\/v2\/posts\/10909","targetHints":{"allow":["GET"]}}],"collection":[{"href":"https:\/\/utel.mx\/blog\/wp-json\/wp\/v2\/posts"}],"about":[{"href":"https:\/\/utel.mx\/blog\/wp-json\/wp\/v2\/types\/post"}],"author":[{"embeddable":true,"href":"https:\/\/utel.mx\/blog\/wp-json\/wp\/v2\/users\/40"}],"replies":[{"embeddable":true,"href":"https:\/\/utel.mx\/blog\/wp-json\/wp\/v2\/comments?post=10909"}],"version-history":[{"count":1,"href":"https:\/\/utel.mx\/blog\/wp-json\/wp\/v2\/posts\/10909\/revisions"}],"predecessor-version":[{"id":45123,"href":"https:\/\/utel.mx\/blog\/wp-json\/wp\/v2\/posts\/10909\/revisions\/45123"}],"wp:featuredmedia":[{"embeddable":true,"href":"https:\/\/utel.mx\/blog\/wp-json\/wp\/v2\/media\/38545"}],"wp:attachment":[{"href":"https:\/\/utel.mx\/blog\/wp-json\/wp\/v2\/media?parent=10909"}],"wp:term":[{"taxonomy":"category","embeddable":true,"href":"https:\/\/utel.mx\/blog\/wp-json\/wp\/v2\/categories?post=10909"},{"taxonomy":"post_tag","embeddable":true,"href":"https:\/\/utel.mx\/blog\/wp-json\/wp\/v2\/tags?post=10909"}],"curies":[{"name":"wp","href":"https:\/\/api.w.org\/{rel}","templated":true}]}}