{"id":11308,"date":"2014-01-23T16:33:32","date_gmt":"2014-01-23T16:33:32","guid":{"rendered":"http:\/\/utel.mx\/blog\/?p=11308"},"modified":"2023-03-10T16:56:03","modified_gmt":"2023-03-10T16:56:03","slug":"capacitate-en-la-arquitectura-de-aplicaciones-web","status":"publish","type":"post","link":"https:\/\/utel.mx\/blog\/cursos-y-diplomados\/capacitate-en-la-arquitectura-de-aplicaciones-web\/","title":{"rendered":"Capac\u00edtate en la Arquitectura de aplicaciones web"},"content":{"rendered":"<p dir=\"ltr\">La importancia de una p\u00e1gina web en las empresas se traduce en el incremento de ventas, aumento de productividad y la percepci\u00f3n positiva del p\u00fablico. El desarrollo de plataformas web\u00a0har\u00e1 que la corporaci\u00f3n compita al mismo nivel que las grandes instituciones, raz\u00f3n por la cual el dise\u00f1o web se ha vuelto sumamente rentable en los \u00faltimos a\u00f1os.<\/p>\n<p>El\u00a0<strong>Diplomado en arquitectura de aplicaciones web<\/strong> de la Universidad UTEL es\u00a0una valiosa oportunidad para capacitarse en el implemento de herramientas elementales para el dise\u00f1o de un sitio web pr\u00e1ctico, amigable y funcional. Este curso ha sido dise\u00f1ado bajo escrupulosos est\u00e1ndares que utiliza como respaldo los programas o aplicaciones m\u00e1s usuales en el dise\u00f1o y programaci\u00f3n de websites.<\/p>\n<p>Dicho diplomado tiene como objetivo brindar al profesionista los elementos necesarios para aplicar conocimientos de vanguardia en el dise\u00f1o y desarrollo de aplicaciones y soluciones en plataformas web que permitan resolver las necesidades de los individuos y organizaciones.<\/p>\n<p>El <strong>Diplomado en arquitectura de aplicaciones web<\/strong><strong>,<\/strong>\u00a0est\u00e1 destinado a profesionistas que posean cargos de altos o medios mando como por ejemplo: direcci\u00f3n, jefatura, coordinaci\u00f3n, gerencia o l\u00edderes de proyecto; a que estudiantes de sistemas computacionales con inter\u00e9s en las tecnolog\u00edas de informaci\u00f3n, as\u00ed como emprendedores que busquen desarrollar proyectos propios y que requieran capacitaci\u00f3n en la materia.<\/p>\n<p>Con una duraci\u00f3n de 120 horas, distribuidas en 16 semanas, el diplomado est\u00e1 constituido por seis m\u00f3dulos:<\/p>\n<ol>\n<li>Lenguajes y est\u00e1ndares en la web<\/li>\n<li>Dise\u00f1o y programaci\u00f3n de interfaces de usuario web<\/li>\n<li>Administraci\u00f3n de servidores web<\/li>\n<li>M\u00e9todos y desarrollo de aplicaciones y servicios web<\/li>\n<li>Sistemas de seguridad en la web<\/li>\n<li>Arquitecturas y dise\u00f1o de aplicaciones web<\/li>\n<\/ol>\n<p>Al final de diplomado el alumno habr\u00e1 desarrollado las competencias para el dise\u00f1o web, mediante el uso de lenguaje de programaci\u00f3n HTML, hojas de estilo y Java Script, con las aplicaciones necesarias para el proceso y publicaci\u00f3n de plataformas y aplicaciones de calidad para Internet.<\/p>\n<p>El diplomado dar\u00e1 inicio el pr\u00f3ximo 27 de enero, no pierdas la oportunidad de ampliar tus conocimientos y capacitarte en esta rama.<\/p>\n<p><strong>Adair Rodr\u00edguez<\/strong><br \/>\n<strong>UTEL Editorial<\/strong><\/p>\n<div id=\"advads-1878341374\" class=\"advads-cta-lp-banner-form advads-entity-placement\"><a href=\"https:\/\/utel.mx\/blog\/admisiones-universidad-online\/?utm_source=blog&#038;utm_medium=CTAlink&#038;utm_campaign=MKTseo\" aria-label=\"Universidad en linea\"><img src=\"https:\/\/utel.mx\/blog\/wp-content\/uploads\/2025\/04\/universidad-en-linea-1.png\" alt=\"Universidad en linea\"  srcset=\"https:\/\/utel.mx\/blog\/wp-content\/uploads\/2025\/04\/universidad-en-linea-1.png 626w, https:\/\/utel.mx\/blog\/wp-content\/uploads\/2025\/04\/universidad-en-linea-1-420x168.png 420w\" sizes=\"(max-width: 626px) 100vw, 626px\" width=\"626\" height=\"250\"   \/><\/a><\/div>","protected":false},"excerpt":{"rendered":"<p> [&hellip;]<\/p>\n","protected":false},"author":9,"featured_media":11311,"comment_status":"closed","ping_status":"open","sticky":false,"template":"","format":"standard","meta":{"_acf_changed":false,"site-sidebar-layout":"default","site-content-layout":"","ast-site-content-layout":"","site-content-style":"default","site-sidebar-style":"default","ast-global-header-display":"","ast-banner-title-visibility":"","ast-main-header-display":"","ast-hfb-above-header-display":"","ast-hfb-below-header-display":"","ast-hfb-mobile-header-display":"","site-post-title":"","ast-breadcrumbs-content":"","ast-featured-img":"","footer-sml-layout":"","theme-transparent-header-meta":"","adv-header-id-meta":"","stick-header-meta":"","header-above-stick-meta":"","header-main-stick-meta":"","header-below-stick-meta":"","astra-migrate-meta-layouts":"default","ast-page-background-enabled":"default","ast-page-background-meta":{"desktop":{"background-color":"var(--ast-global-color-4)","background-image":"","background-repeat":"repeat","background-position":"center center","background-size":"auto","background-attachment":"scroll","background-type":"","background-media":"","overlay-type":"","overlay-color":"","overlay-gradient":""},"tablet":{"background-color":"","background-image":"","background-repeat":"repeat","background-position":"center center","background-size":"auto","background-attachment":"scroll","background-type":"","background-media":"","overlay-type":"","overlay-color":"","overlay-gradient":""},"mobile":{"background-color":"","background-image":"","background-repeat":"repeat","background-position":"center center","background-size":"auto","background-attachment":"scroll","background-type":"","background-media":"","overlay-type":"","overlay-color":"","overlay-gradient":""}},"ast-content-background-meta":{"desktop":{"background-color":"var(--ast-global-color-5)","background-image":"","background-repeat":"repeat","background-position":"center center","background-size":"auto","background-attachment":"scroll","background-type":"","background-media":"","overlay-type":"","overlay-color":"","overlay-gradient":""},"tablet":{"background-color":"var(--ast-global-color-5)","background-image":"","background-repeat":"repeat","background-position":"center center","background-size":"auto","background-attachment":"scroll","background-type":"","background-media":"","overlay-type":"","overlay-color":"","overlay-gradient":""},"mobile":{"background-color":"var(--ast-global-color-5)","background-image":"","background-repeat":"repeat","background-position":"center center","background-size":"auto","background-attachment":"scroll","background-type":"","background-media":"","overlay-type":"","overlay-color":"","overlay-gradient":""}},"footnotes":""},"categories":[1208],"tags":[],"class_list":["post-11308","post","type-post","status-publish","format-standard","has-post-thumbnail","hentry","category-cursos-y-diplomados"],"acf":[],"yoast_head":"<!-- This site is optimized with the Yoast SEO plugin v26.8 - https:\/\/yoast.com\/product\/yoast-seo-wordpress\/ -->\n<title>Capac\u00edtate en la Arquitectura de aplicaciones web - BLOG | Utel<\/title>\n<meta name=\"description\" content=\"El Diplomado en arquitectura de aplicaciones web, desarrolla las habilidades para el dise\u00f1o de un sitio web pr\u00e1ctico, amigable y funcional.\" \/>\n<meta name=\"robots\" content=\"index, follow, max-snippet:-1, max-image-preview:large, max-video-preview:-1\" \/>\n<link rel=\"canonical\" href=\"https:\/\/utel.mx\/blog\/cursos-y-diplomados\/capacitate-en-la-arquitectura-de-aplicaciones-web\/\" \/>\n<meta property=\"og:locale\" content=\"es_ES\" \/>\n<meta property=\"og:type\" content=\"article\" \/>\n<meta property=\"og:title\" content=\"Capac\u00edtate en la Arquitectura de aplicaciones web - BLOG | Utel\" \/>\n<meta property=\"og:description\" content=\"El Diplomado en arquitectura de aplicaciones web, desarrolla las habilidades para el dise\u00f1o de un sitio web pr\u00e1ctico, amigable y funcional.\" \/>\n<meta property=\"og:url\" content=\"https:\/\/utel.mx\/blog\/cursos-y-diplomados\/capacitate-en-la-arquitectura-de-aplicaciones-web\/\" \/>\n<meta property=\"og:site_name\" content=\"BLOG | Utel\" \/>\n<meta property=\"article:published_time\" content=\"2014-01-23T16:33:32+00:00\" \/>\n<meta property=\"article:modified_time\" content=\"2023-03-10T16:56:03+00:00\" \/>\n<meta property=\"og:image\" content=\"https:\/\/utel.mx\/blog\/wp-content\/uploads\/2014\/01\/E.A.1.jpg\" \/>\n\t<meta property=\"og:image:width\" content=\"723\" \/>\n\t<meta property=\"og:image:height\" content=\"497\" \/>\n\t<meta property=\"og:image:type\" content=\"image\/jpeg\" \/>\n<meta name=\"author\" content=\"Hayde\u00e9 (Editor)\" \/>\n<meta name=\"twitter:label1\" content=\"Written by\" \/>\n\t<meta name=\"twitter:data1\" content=\"Hayde\u00e9 (Editor)\" \/>\n\t<meta name=\"twitter:label2\" content=\"Est. reading time\" \/>\n\t<meta name=\"twitter:data2\" content=\"2 minutos\" \/>\n<script type=\"application\/ld+json\" class=\"yoast-schema-graph\">{\"@context\":\"https:\/\/schema.org\",\"@graph\":[{\"@type\":\"Article\",\"@id\":\"https:\/\/utel.mx\/blog\/cursos-y-diplomados\/capacitate-en-la-arquitectura-de-aplicaciones-web\/#article\",\"isPartOf\":{\"@id\":\"https:\/\/utel.mx\/blog\/cursos-y-diplomados\/capacitate-en-la-arquitectura-de-aplicaciones-web\/\"},\"author\":{\"name\":\"Hayde\u00e9 (Editor)\",\"@id\":\"https:\/\/utel.mx\/blog\/#\/schema\/person\/9a4c3940beef2724facfef4f2ccec7da\"},\"headline\":\"Capac\u00edtate en la Arquitectura de aplicaciones web\",\"datePublished\":\"2014-01-23T16:33:32+00:00\",\"dateModified\":\"2023-03-10T16:56:03+00:00\",\"mainEntityOfPage\":{\"@id\":\"https:\/\/utel.mx\/blog\/cursos-y-diplomados\/capacitate-en-la-arquitectura-de-aplicaciones-web\/\"},\"wordCount\":379,\"publisher\":{\"@id\":\"https:\/\/utel.mx\/blog\/#organization\"},\"image\":{\"@id\":\"https:\/\/utel.mx\/blog\/cursos-y-diplomados\/capacitate-en-la-arquitectura-de-aplicaciones-web\/#primaryimage\"},\"thumbnailUrl\":\"https:\/\/utel.mx\/blog\/wp-content\/uploads\/2014\/01\/E.A.1.jpg\",\"articleSection\":[\"Cursos y diplomados\"],\"inLanguage\":\"es\"},{\"@type\":\"WebPage\",\"@id\":\"https:\/\/utel.mx\/blog\/cursos-y-diplomados\/capacitate-en-la-arquitectura-de-aplicaciones-web\/\",\"url\":\"https:\/\/utel.mx\/blog\/cursos-y-diplomados\/capacitate-en-la-arquitectura-de-aplicaciones-web\/\",\"name\":\"Capac\u00edtate en la Arquitectura de aplicaciones web - BLOG | Utel\",\"isPartOf\":{\"@id\":\"https:\/\/utel.mx\/blog\/#website\"},\"primaryImageOfPage\":{\"@id\":\"https:\/\/utel.mx\/blog\/cursos-y-diplomados\/capacitate-en-la-arquitectura-de-aplicaciones-web\/#primaryimage\"},\"image\":{\"@id\":\"https:\/\/utel.mx\/blog\/cursos-y-diplomados\/capacitate-en-la-arquitectura-de-aplicaciones-web\/#primaryimage\"},\"thumbnailUrl\":\"https:\/\/utel.mx\/blog\/wp-content\/uploads\/2014\/01\/E.A.1.jpg\",\"datePublished\":\"2014-01-23T16:33:32+00:00\",\"dateModified\":\"2023-03-10T16:56:03+00:00\",\"description\":\"El Diplomado en arquitectura de aplicaciones web, desarrolla las habilidades para el dise\u00f1o de un sitio web pr\u00e1ctico, amigable y funcional.\",\"breadcrumb\":{\"@id\":\"https:\/\/utel.mx\/blog\/cursos-y-diplomados\/capacitate-en-la-arquitectura-de-aplicaciones-web\/#breadcrumb\"},\"inLanguage\":\"es\",\"potentialAction\":[{\"@type\":\"ReadAction\",\"target\":[\"https:\/\/utel.mx\/blog\/cursos-y-diplomados\/capacitate-en-la-arquitectura-de-aplicaciones-web\/\"]}]},{\"@type\":\"ImageObject\",\"inLanguage\":\"es\",\"@id\":\"https:\/\/utel.mx\/blog\/cursos-y-diplomados\/capacitate-en-la-arquitectura-de-aplicaciones-web\/#primaryimage\",\"url\":\"https:\/\/utel.mx\/blog\/wp-content\/uploads\/2014\/01\/E.A.1.jpg\",\"contentUrl\":\"https:\/\/utel.mx\/blog\/wp-content\/uploads\/2014\/01\/E.A.1.jpg\",\"width\":723,\"height\":497,\"caption\":\"El Diplomado en arquitectura de aplicaciones web, desarrolla las habilidades para el dise\u00f1o de un sitio web pr\u00e1ctico, amigable y funcional.\"},{\"@type\":\"BreadcrumbList\",\"@id\":\"https:\/\/utel.mx\/blog\/cursos-y-diplomados\/capacitate-en-la-arquitectura-de-aplicaciones-web\/#breadcrumb\",\"itemListElement\":[{\"@type\":\"ListItem\",\"position\":1,\"name\":\"Home\",\"item\":\"https:\/\/utel.mx\/blog\/\"},{\"@type\":\"ListItem\",\"position\":2,\"name\":\"Capac\u00edtate en la Arquitectura de aplicaciones web\"}]},{\"@type\":\"WebSite\",\"@id\":\"https:\/\/utel.mx\/blog\/#website\",\"url\":\"https:\/\/utel.mx\/blog\/\",\"name\":\"BLOG | Utel\",\"description\":\"Blog UTEL Universidad en L\u00ednea\",\"publisher\":{\"@id\":\"https:\/\/utel.mx\/blog\/#organization\"},\"potentialAction\":[{\"@type\":\"SearchAction\",\"target\":{\"@type\":\"EntryPoint\",\"urlTemplate\":\"https:\/\/utel.mx\/blog\/?s={search_term_string}\"},\"query-input\":{\"@type\":\"PropertyValueSpecification\",\"valueRequired\":true,\"valueName\":\"search_term_string\"}}],\"inLanguage\":\"es\"},{\"@type\":\"Organization\",\"@id\":\"https:\/\/utel.mx\/blog\/#organization\",\"name\":\"BLOG | Utel\",\"url\":\"https:\/\/utel.mx\/blog\/\",\"logo\":{\"@type\":\"ImageObject\",\"inLanguage\":\"es\",\"@id\":\"https:\/\/utel.mx\/blog\/#\/schema\/logo\/image\/\",\"url\":\"https:\/\/utel.mx\/blog\/wp-content\/uploads\/2023\/03\/cropped-logo-blog.png\",\"contentUrl\":\"https:\/\/utel.mx\/blog\/wp-content\/uploads\/2023\/03\/cropped-logo-blog.png\",\"width\":237,\"height\":64,\"caption\":\"BLOG | Utel\"},\"image\":{\"@id\":\"https:\/\/utel.mx\/blog\/#\/schema\/logo\/image\/\"}},{\"@type\":\"Person\",\"@id\":\"https:\/\/utel.mx\/blog\/#\/schema\/person\/9a4c3940beef2724facfef4f2ccec7da\",\"name\":\"Hayde\u00e9 (Editor)\",\"image\":{\"@type\":\"ImageObject\",\"inLanguage\":\"es\",\"@id\":\"https:\/\/utel.mx\/blog\/#\/schema\/person\/image\/\",\"url\":\"https:\/\/secure.gravatar.com\/avatar\/ba63bb7f074f0dfa874cba0ef5d985a5?s=96&d=mm&r=g\",\"contentUrl\":\"https:\/\/secure.gravatar.com\/avatar\/ba63bb7f074f0dfa874cba0ef5d985a5?s=96&d=mm&r=g\",\"caption\":\"Hayde\u00e9 (Editor)\"},\"description\":\"Licenciada en Ciencias de la Comunicaci\u00f3n\"}]}<\/script>\n<!-- \/ Yoast SEO plugin. -->","yoast_head_json":{"title":"Capac\u00edtate en la Arquitectura de aplicaciones web - BLOG | Utel","description":"El Diplomado en arquitectura de aplicaciones web, desarrolla las habilidades para el dise\u00f1o de un sitio web pr\u00e1ctico, amigable y funcional.","robots":{"index":"index","follow":"follow","max-snippet":"max-snippet:-1","max-image-preview":"max-image-preview:large","max-video-preview":"max-video-preview:-1"},"canonical":"https:\/\/utel.mx\/blog\/cursos-y-diplomados\/capacitate-en-la-arquitectura-de-aplicaciones-web\/","og_locale":"es_ES","og_type":"article","og_title":"Capac\u00edtate en la Arquitectura de aplicaciones web - BLOG | Utel","og_description":"El Diplomado en arquitectura de aplicaciones web, desarrolla las habilidades para el dise\u00f1o de un sitio web pr\u00e1ctico, amigable y funcional.","og_url":"https:\/\/utel.mx\/blog\/cursos-y-diplomados\/capacitate-en-la-arquitectura-de-aplicaciones-web\/","og_site_name":"BLOG | Utel","article_published_time":"2014-01-23T16:33:32+00:00","article_modified_time":"2023-03-10T16:56:03+00:00","og_image":[{"width":723,"height":497,"url":"https:\/\/utel.mx\/blog\/wp-content\/uploads\/2014\/01\/E.A.1.jpg","type":"image\/jpeg"}],"author":"Hayde\u00e9 (Editor)","twitter_misc":{"Written by":"Hayde\u00e9 (Editor)","Est. reading time":"2 minutos"},"schema":{"@context":"https:\/\/schema.org","@graph":[{"@type":"Article","@id":"https:\/\/utel.mx\/blog\/cursos-y-diplomados\/capacitate-en-la-arquitectura-de-aplicaciones-web\/#article","isPartOf":{"@id":"https:\/\/utel.mx\/blog\/cursos-y-diplomados\/capacitate-en-la-arquitectura-de-aplicaciones-web\/"},"author":{"name":"Hayde\u00e9 (Editor)","@id":"https:\/\/utel.mx\/blog\/#\/schema\/person\/9a4c3940beef2724facfef4f2ccec7da"},"headline":"Capac\u00edtate en la Arquitectura de aplicaciones web","datePublished":"2014-01-23T16:33:32+00:00","dateModified":"2023-03-10T16:56:03+00:00","mainEntityOfPage":{"@id":"https:\/\/utel.mx\/blog\/cursos-y-diplomados\/capacitate-en-la-arquitectura-de-aplicaciones-web\/"},"wordCount":379,"publisher":{"@id":"https:\/\/utel.mx\/blog\/#organization"},"image":{"@id":"https:\/\/utel.mx\/blog\/cursos-y-diplomados\/capacitate-en-la-arquitectura-de-aplicaciones-web\/#primaryimage"},"thumbnailUrl":"https:\/\/utel.mx\/blog\/wp-content\/uploads\/2014\/01\/E.A.1.jpg","articleSection":["Cursos y diplomados"],"inLanguage":"es"},{"@type":"WebPage","@id":"https:\/\/utel.mx\/blog\/cursos-y-diplomados\/capacitate-en-la-arquitectura-de-aplicaciones-web\/","url":"https:\/\/utel.mx\/blog\/cursos-y-diplomados\/capacitate-en-la-arquitectura-de-aplicaciones-web\/","name":"Capac\u00edtate en la Arquitectura de aplicaciones web - BLOG | Utel","isPartOf":{"@id":"https:\/\/utel.mx\/blog\/#website"},"primaryImageOfPage":{"@id":"https:\/\/utel.mx\/blog\/cursos-y-diplomados\/capacitate-en-la-arquitectura-de-aplicaciones-web\/#primaryimage"},"image":{"@id":"https:\/\/utel.mx\/blog\/cursos-y-diplomados\/capacitate-en-la-arquitectura-de-aplicaciones-web\/#primaryimage"},"thumbnailUrl":"https:\/\/utel.mx\/blog\/wp-content\/uploads\/2014\/01\/E.A.1.jpg","datePublished":"2014-01-23T16:33:32+00:00","dateModified":"2023-03-10T16:56:03+00:00","description":"El Diplomado en arquitectura de aplicaciones web, desarrolla las habilidades para el dise\u00f1o de un sitio web pr\u00e1ctico, amigable y funcional.","breadcrumb":{"@id":"https:\/\/utel.mx\/blog\/cursos-y-diplomados\/capacitate-en-la-arquitectura-de-aplicaciones-web\/#breadcrumb"},"inLanguage":"es","potentialAction":[{"@type":"ReadAction","target":["https:\/\/utel.mx\/blog\/cursos-y-diplomados\/capacitate-en-la-arquitectura-de-aplicaciones-web\/"]}]},{"@type":"ImageObject","inLanguage":"es","@id":"https:\/\/utel.mx\/blog\/cursos-y-diplomados\/capacitate-en-la-arquitectura-de-aplicaciones-web\/#primaryimage","url":"https:\/\/utel.mx\/blog\/wp-content\/uploads\/2014\/01\/E.A.1.jpg","contentUrl":"https:\/\/utel.mx\/blog\/wp-content\/uploads\/2014\/01\/E.A.1.jpg","width":723,"height":497,"caption":"El Diplomado en arquitectura de aplicaciones web, desarrolla las habilidades para el dise\u00f1o de un sitio web pr\u00e1ctico, amigable y funcional."},{"@type":"BreadcrumbList","@id":"https:\/\/utel.mx\/blog\/cursos-y-diplomados\/capacitate-en-la-arquitectura-de-aplicaciones-web\/#breadcrumb","itemListElement":[{"@type":"ListItem","position":1,"name":"Home","item":"https:\/\/utel.mx\/blog\/"},{"@type":"ListItem","position":2,"name":"Capac\u00edtate en la Arquitectura de aplicaciones web"}]},{"@type":"WebSite","@id":"https:\/\/utel.mx\/blog\/#website","url":"https:\/\/utel.mx\/blog\/","name":"BLOG | Utel","description":"Blog UTEL Universidad en L\u00ednea","publisher":{"@id":"https:\/\/utel.mx\/blog\/#organization"},"potentialAction":[{"@type":"SearchAction","target":{"@type":"EntryPoint","urlTemplate":"https:\/\/utel.mx\/blog\/?s={search_term_string}"},"query-input":{"@type":"PropertyValueSpecification","valueRequired":true,"valueName":"search_term_string"}}],"inLanguage":"es"},{"@type":"Organization","@id":"https:\/\/utel.mx\/blog\/#organization","name":"BLOG | Utel","url":"https:\/\/utel.mx\/blog\/","logo":{"@type":"ImageObject","inLanguage":"es","@id":"https:\/\/utel.mx\/blog\/#\/schema\/logo\/image\/","url":"https:\/\/utel.mx\/blog\/wp-content\/uploads\/2023\/03\/cropped-logo-blog.png","contentUrl":"https:\/\/utel.mx\/blog\/wp-content\/uploads\/2023\/03\/cropped-logo-blog.png","width":237,"height":64,"caption":"BLOG | Utel"},"image":{"@id":"https:\/\/utel.mx\/blog\/#\/schema\/logo\/image\/"}},{"@type":"Person","@id":"https:\/\/utel.mx\/blog\/#\/schema\/person\/9a4c3940beef2724facfef4f2ccec7da","name":"Hayde\u00e9 (Editor)","image":{"@type":"ImageObject","inLanguage":"es","@id":"https:\/\/utel.mx\/blog\/#\/schema\/person\/image\/","url":"https:\/\/secure.gravatar.com\/avatar\/ba63bb7f074f0dfa874cba0ef5d985a5?s=96&d=mm&r=g","contentUrl":"https:\/\/secure.gravatar.com\/avatar\/ba63bb7f074f0dfa874cba0ef5d985a5?s=96&d=mm&r=g","caption":"Hayde\u00e9 (Editor)"},"description":"Licenciada en Ciencias de la Comunicaci\u00f3n"}]}},"_links":{"self":[{"href":"https:\/\/utel.mx\/blog\/wp-json\/wp\/v2\/posts\/11308","targetHints":{"allow":["GET"]}}],"collection":[{"href":"https:\/\/utel.mx\/blog\/wp-json\/wp\/v2\/posts"}],"about":[{"href":"https:\/\/utel.mx\/blog\/wp-json\/wp\/v2\/types\/post"}],"author":[{"embeddable":true,"href":"https:\/\/utel.mx\/blog\/wp-json\/wp\/v2\/users\/9"}],"replies":[{"embeddable":true,"href":"https:\/\/utel.mx\/blog\/wp-json\/wp\/v2\/comments?post=11308"}],"version-history":[{"count":1,"href":"https:\/\/utel.mx\/blog\/wp-json\/wp\/v2\/posts\/11308\/revisions"}],"predecessor-version":[{"id":45083,"href":"https:\/\/utel.mx\/blog\/wp-json\/wp\/v2\/posts\/11308\/revisions\/45083"}],"wp:featuredmedia":[{"embeddable":true,"href":"https:\/\/utel.mx\/blog\/wp-json\/wp\/v2\/media\/11311"}],"wp:attachment":[{"href":"https:\/\/utel.mx\/blog\/wp-json\/wp\/v2\/media?parent=11308"}],"wp:term":[{"taxonomy":"category","embeddable":true,"href":"https:\/\/utel.mx\/blog\/wp-json\/wp\/v2\/categories?post=11308"},{"taxonomy":"post_tag","embeddable":true,"href":"https:\/\/utel.mx\/blog\/wp-json\/wp\/v2\/tags?post=11308"}],"curies":[{"name":"wp","href":"https:\/\/api.w.org\/{rel}","templated":true}]}}