{"id":11433,"date":"2014-01-31T19:59:52","date_gmt":"2014-01-31T19:59:52","guid":{"rendered":"http:\/\/utel.mx\/blog\/?p=11433"},"modified":"2023-03-10T16:55:53","modified_gmt":"2023-03-10T16:55:53","slug":"conoce-quien-era-einstein","status":"publish","type":"post","link":"https:\/\/utel.mx\/blog\/rol-personal\/conoce-quien-era-einstein\/","title":{"rendered":"Conoce qui\u00e9n era Einstein"},"content":{"rendered":"<p>Todos alguna vez han o\u00eddo hablar de Albert Einstein, o como cultura general conocen algunos datos relacionados a \u00e9l, \u00a0pero \u00bfsabes en verdad qui\u00e9n fue?<\/p>\n<p>Famoso por sus aportaciones al mundo de la f\u00edsica, Einstein naci\u00f3 un 1 de marzo de 1879 en Alemania. Desde peque\u00f1o present\u00f3 aptitudes y gusto por la ciencia y las matem\u00e1ticas, lo que provoc\u00f3 que desempe\u00f1ara una carrera acad\u00e9mica y profesional amplia en dichos campos.<\/p>\n<p>Sus estudios dieron inicio a la edad de 17 a\u00f1os en la Escuela Polit\u00e9cnica Federal de Zurich, donde despu\u00e9s de 5 a\u00f1os se recibi\u00f3 de f\u00edsico. Siguiendo su larga trayectoria como profesor, form\u00f3 parte de la Universidad de Berna (1905), la Universidad de Zurich(1909), \u00a0la Universidad alemana de Praga(1910) y la Escuela Polit\u00e9cnica Zuriquesa(1912).<\/p>\n<p>En 1913, al ser nombrado miembro de la Academia de Prusia se traslad\u00f3 a Berl\u00edn, donde fue galardonado con el premio Nobel por su teor\u00eda sobre el efecto fotoel\u00e9ctrico y vivi\u00f3 un periodo ameno hasta que en 1933 Hitler llega con una ola de persecuci\u00f3n nazi contra los jud\u00edos.<\/p>\n<p>Debido a este suceso, Einstein emigra hacia Estados Unidos y ense\u00f1a en el Instituto de Estudios Superiores de Princeton (Nueva Jersey) por un corto periodo, hasta 1945, cuando toma la decisi\u00f3n de retirarse a la vida privada.<\/p>\n<p>No obstante, prosigui\u00f3 intensamente con su actividad cient\u00edfica y aportaciones al conocimiento universal, hasta el 18 de abril de 1955 cuando fallece.<\/p>\n<p>Para la cultura, sus aportaciones al mundo de la ciencia m\u00e1s relevantes fueron:<\/p>\n<p><strong>\u25a0 Teor\u00eda de la relatividad.<\/strong> Esta tuvo dos variantes:<\/p>\n<ol>\n<li>Especial. \u00a0Se ocupa de sistemas que se mueven uno respecto del otro con velocidad constante<\/li>\n<li>General. Se ocupa de sistemas que se mueven a velocidad variable.<\/li>\n<\/ol>\n<p><strong>\u25a0 Movimiento Browniano.<\/strong> Se da a una escala molecular por \u00e1tomos que sumergidos en cualquier medio fluido colisionan, formando part\u00edculas peque\u00f1as o t\u00e9rmicas.<\/p>\n<p><strong>\u25a0 Efecto fotoel\u00e9ctrico.<\/strong> Consiste en que cuando una luz electromagn\u00e9tica influye sobre un metal o fibra de carbono, este libera electrones.<\/p>\n<p>Para la comunidad cient\u00edfica as\u00ed como para la cultura universal, Einstein fue un prodigio que sin lugar a dudas cambi\u00f3 el paradigma de la historia, el conocimiento y de la sociedad.<\/p>\n<p><b>\u00a0Wanda Mirel Solorio Garc\u00eda<\/b><br \/>\n<b>UTEL Editorial<\/b><\/p>\n<div id=\"advads-897145072\" class=\"advads-cta-lp-banner-form advads-entity-placement\"><a href=\"https:\/\/utel.mx\/blog\/admisiones-universidad-online\/?utm_source=blog&#038;utm_medium=CTAlink&#038;utm_campaign=MKTseo\" aria-label=\"Universidad en linea\"><img src=\"https:\/\/utel.mx\/blog\/wp-content\/uploads\/2025\/04\/universidad-en-linea-1.png\" alt=\"Universidad en linea\"  srcset=\"https:\/\/utel.mx\/blog\/wp-content\/uploads\/2025\/04\/universidad-en-linea-1.png 626w, https:\/\/utel.mx\/blog\/wp-content\/uploads\/2025\/04\/universidad-en-linea-1-420x168.png 420w\" sizes=\"(max-width: 626px) 100vw, 626px\" width=\"626\" height=\"250\"   \/><\/a><\/div>","protected":false},"excerpt":{"rendered":"<p> [&hellip;]<\/p>\n","protected":false},"author":40,"featured_media":11459,"comment_status":"closed","ping_status":"open","sticky":false,"template":"","format":"standard","meta":{"_acf_changed":false,"site-sidebar-layout":"default","site-content-layout":"","ast-site-content-layout":"","site-content-style":"default","site-sidebar-style":"default","ast-global-header-display":"","ast-banner-title-visibility":"","ast-main-header-display":"","ast-hfb-above-header-display":"","ast-hfb-below-header-display":"","ast-hfb-mobile-header-display":"","site-post-title":"","ast-breadcrumbs-content":"","ast-featured-img":"","footer-sml-layout":"","theme-transparent-header-meta":"","adv-header-id-meta":"","stick-header-meta":"","header-above-stick-meta":"","header-main-stick-meta":"","header-below-stick-meta":"","astra-migrate-meta-layouts":"default","ast-page-background-enabled":"default","ast-page-background-meta":{"desktop":{"background-color":"var(--ast-global-color-4)","background-image":"","background-repeat":"repeat","background-position":"center center","background-size":"auto","background-attachment":"scroll","background-type":"","background-media":"","overlay-type":"","overlay-color":"","overlay-gradient":""},"tablet":{"background-color":"","background-image":"","background-repeat":"repeat","background-position":"center center","background-size":"auto","background-attachment":"scroll","background-type":"","background-media":"","overlay-type":"","overlay-color":"","overlay-gradient":""},"mobile":{"background-color":"","background-image":"","background-repeat":"repeat","background-position":"center center","background-size":"auto","background-attachment":"scroll","background-type":"","background-media":"","overlay-type":"","overlay-color":"","overlay-gradient":""}},"ast-content-background-meta":{"desktop":{"background-color":"var(--ast-global-color-5)","background-image":"","background-repeat":"repeat","background-position":"center center","background-size":"auto","background-attachment":"scroll","background-type":"","background-media":"","overlay-type":"","overlay-color":"","overlay-gradient":""},"tablet":{"background-color":"var(--ast-global-color-5)","background-image":"","background-repeat":"repeat","background-position":"center center","background-size":"auto","background-attachment":"scroll","background-type":"","background-media":"","overlay-type":"","overlay-color":"","overlay-gradient":""},"mobile":{"background-color":"var(--ast-global-color-5)","background-image":"","background-repeat":"repeat","background-position":"center center","background-size":"auto","background-attachment":"scroll","background-type":"","background-media":"","overlay-type":"","overlay-color":"","overlay-gradient":""}},"footnotes":""},"categories":[33],"tags":[],"class_list":["post-11433","post","type-post","status-publish","format-standard","has-post-thumbnail","hentry","category-rol-personal"],"acf":[],"yoast_head":"<!-- This site is optimized with the Yoast SEO plugin v26.8 - https:\/\/yoast.com\/product\/yoast-seo-wordpress\/ -->\n<title>Conoce qui\u00e9n era Einstein - BLOG | Utel<\/title>\n<meta name=\"description\" content=\"Conoce un poco m\u00e1s de Albert Einstein, uno de los f\u00edsicos m\u00e1s destacados en la historia de la cultura humana\" \/>\n<meta name=\"robots\" content=\"index, follow, max-snippet:-1, max-image-preview:large, max-video-preview:-1\" \/>\n<link rel=\"canonical\" href=\"https:\/\/utel.mx\/blog\/rol-personal\/conoce-quien-era-einstein\/\" \/>\n<meta property=\"og:locale\" content=\"es_ES\" \/>\n<meta property=\"og:type\" content=\"article\" \/>\n<meta property=\"og:title\" content=\"Conoce qui\u00e9n era Einstein - BLOG | Utel\" \/>\n<meta property=\"og:description\" content=\"Conoce un poco m\u00e1s de Albert Einstein, uno de los f\u00edsicos m\u00e1s destacados en la historia de la cultura humana\" \/>\n<meta property=\"og:url\" content=\"https:\/\/utel.mx\/blog\/rol-personal\/conoce-quien-era-einstein\/\" \/>\n<meta property=\"og:site_name\" content=\"BLOG | Utel\" \/>\n<meta property=\"article:published_time\" content=\"2014-01-31T19:59:52+00:00\" \/>\n<meta property=\"article:modified_time\" content=\"2023-03-10T16:55:53+00:00\" \/>\n<meta property=\"og:image\" content=\"https:\/\/utel.mx\/blog\/wp-content\/uploads\/2014\/01\/Copia-de-shutterstock_110739698.jpg\" \/>\n\t<meta property=\"og:image:width\" content=\"720\" \/>\n\t<meta property=\"og:image:height\" content=\"724\" \/>\n\t<meta property=\"og:image:type\" content=\"image\/jpeg\" \/>\n<meta name=\"author\" content=\"Invitados UTEL\" \/>\n<meta name=\"twitter:label1\" content=\"Written by\" \/>\n\t<meta name=\"twitter:data1\" content=\"Invitados UTEL\" \/>\n\t<meta name=\"twitter:label2\" content=\"Est. reading time\" \/>\n\t<meta name=\"twitter:data2\" content=\"2 minutos\" \/>\n<script type=\"application\/ld+json\" class=\"yoast-schema-graph\">{\"@context\":\"https:\/\/schema.org\",\"@graph\":[{\"@type\":\"Article\",\"@id\":\"https:\/\/utel.mx\/blog\/rol-personal\/conoce-quien-era-einstein\/#article\",\"isPartOf\":{\"@id\":\"https:\/\/utel.mx\/blog\/rol-personal\/conoce-quien-era-einstein\/\"},\"author\":{\"name\":\"Invitados UTEL\",\"@id\":\"https:\/\/utel.mx\/blog\/#\/schema\/person\/e5b3d8d918f13bd0b0f4724daa90dd95\"},\"headline\":\"Conoce qui\u00e9n era Einstein\",\"datePublished\":\"2014-01-31T19:59:52+00:00\",\"dateModified\":\"2023-03-10T16:55:53+00:00\",\"mainEntityOfPage\":{\"@id\":\"https:\/\/utel.mx\/blog\/rol-personal\/conoce-quien-era-einstein\/\"},\"wordCount\":383,\"publisher\":{\"@id\":\"https:\/\/utel.mx\/blog\/#organization\"},\"image\":{\"@id\":\"https:\/\/utel.mx\/blog\/rol-personal\/conoce-quien-era-einstein\/#primaryimage\"},\"thumbnailUrl\":\"https:\/\/utel.mx\/blog\/wp-content\/uploads\/2014\/01\/Copia-de-shutterstock_110739698.jpg\",\"articleSection\":[\"Rol personal\"],\"inLanguage\":\"es\"},{\"@type\":\"WebPage\",\"@id\":\"https:\/\/utel.mx\/blog\/rol-personal\/conoce-quien-era-einstein\/\",\"url\":\"https:\/\/utel.mx\/blog\/rol-personal\/conoce-quien-era-einstein\/\",\"name\":\"Conoce qui\u00e9n era Einstein - BLOG | Utel\",\"isPartOf\":{\"@id\":\"https:\/\/utel.mx\/blog\/#website\"},\"primaryImageOfPage\":{\"@id\":\"https:\/\/utel.mx\/blog\/rol-personal\/conoce-quien-era-einstein\/#primaryimage\"},\"image\":{\"@id\":\"https:\/\/utel.mx\/blog\/rol-personal\/conoce-quien-era-einstein\/#primaryimage\"},\"thumbnailUrl\":\"https:\/\/utel.mx\/blog\/wp-content\/uploads\/2014\/01\/Copia-de-shutterstock_110739698.jpg\",\"datePublished\":\"2014-01-31T19:59:52+00:00\",\"dateModified\":\"2023-03-10T16:55:53+00:00\",\"description\":\"Conoce un poco m\u00e1s de Albert Einstein, uno de los f\u00edsicos m\u00e1s destacados en la historia de la cultura humana\",\"breadcrumb\":{\"@id\":\"https:\/\/utel.mx\/blog\/rol-personal\/conoce-quien-era-einstein\/#breadcrumb\"},\"inLanguage\":\"es\",\"potentialAction\":[{\"@type\":\"ReadAction\",\"target\":[\"https:\/\/utel.mx\/blog\/rol-personal\/conoce-quien-era-einstein\/\"]}]},{\"@type\":\"ImageObject\",\"inLanguage\":\"es\",\"@id\":\"https:\/\/utel.mx\/blog\/rol-personal\/conoce-quien-era-einstein\/#primaryimage\",\"url\":\"https:\/\/utel.mx\/blog\/wp-content\/uploads\/2014\/01\/Copia-de-shutterstock_110739698.jpg\",\"contentUrl\":\"https:\/\/utel.mx\/blog\/wp-content\/uploads\/2014\/01\/Copia-de-shutterstock_110739698.jpg\",\"width\":720,\"height\":724,\"caption\":\"Cultura: conoce qui\u00e9n era Einstein | Blog - UTEL\"},{\"@type\":\"BreadcrumbList\",\"@id\":\"https:\/\/utel.mx\/blog\/rol-personal\/conoce-quien-era-einstein\/#breadcrumb\",\"itemListElement\":[{\"@type\":\"ListItem\",\"position\":1,\"name\":\"Home\",\"item\":\"https:\/\/utel.mx\/blog\/\"},{\"@type\":\"ListItem\",\"position\":2,\"name\":\"Conoce qui\u00e9n era Einstein\"}]},{\"@type\":\"WebSite\",\"@id\":\"https:\/\/utel.mx\/blog\/#website\",\"url\":\"https:\/\/utel.mx\/blog\/\",\"name\":\"BLOG | Utel\",\"description\":\"Blog UTEL Universidad en L\u00ednea\",\"publisher\":{\"@id\":\"https:\/\/utel.mx\/blog\/#organization\"},\"potentialAction\":[{\"@type\":\"SearchAction\",\"target\":{\"@type\":\"EntryPoint\",\"urlTemplate\":\"https:\/\/utel.mx\/blog\/?s={search_term_string}\"},\"query-input\":{\"@type\":\"PropertyValueSpecification\",\"valueRequired\":true,\"valueName\":\"search_term_string\"}}],\"inLanguage\":\"es\"},{\"@type\":\"Organization\",\"@id\":\"https:\/\/utel.mx\/blog\/#organization\",\"name\":\"BLOG | Utel\",\"url\":\"https:\/\/utel.mx\/blog\/\",\"logo\":{\"@type\":\"ImageObject\",\"inLanguage\":\"es\",\"@id\":\"https:\/\/utel.mx\/blog\/#\/schema\/logo\/image\/\",\"url\":\"https:\/\/utel.mx\/blog\/wp-content\/uploads\/2023\/03\/cropped-logo-blog.png\",\"contentUrl\":\"https:\/\/utel.mx\/blog\/wp-content\/uploads\/2023\/03\/cropped-logo-blog.png\",\"width\":237,\"height\":64,\"caption\":\"BLOG | Utel\"},\"image\":{\"@id\":\"https:\/\/utel.mx\/blog\/#\/schema\/logo\/image\/\"}},{\"@type\":\"Person\",\"@id\":\"https:\/\/utel.mx\/blog\/#\/schema\/person\/e5b3d8d918f13bd0b0f4724daa90dd95\",\"name\":\"Invitados UTEL\",\"image\":{\"@type\":\"ImageObject\",\"inLanguage\":\"es\",\"@id\":\"https:\/\/utel.mx\/blog\/#\/schema\/person\/image\/\",\"url\":\"https:\/\/secure.gravatar.com\/avatar\/781456f1128be5a332ab27ea8b902597?s=96&d=mm&r=g\",\"contentUrl\":\"https:\/\/secure.gravatar.com\/avatar\/781456f1128be5a332ab27ea8b902597?s=96&d=mm&r=g\",\"caption\":\"Invitados UTEL\"},\"description\":\"Invitados . Colaboraciones por parte de invitados de la Comunidad UTEL\"}]}<\/script>\n<!-- \/ Yoast SEO plugin. -->","yoast_head_json":{"title":"Conoce qui\u00e9n era Einstein - BLOG | Utel","description":"Conoce un poco m\u00e1s de Albert Einstein, uno de los f\u00edsicos m\u00e1s destacados en la historia de la cultura humana","robots":{"index":"index","follow":"follow","max-snippet":"max-snippet:-1","max-image-preview":"max-image-preview:large","max-video-preview":"max-video-preview:-1"},"canonical":"https:\/\/utel.mx\/blog\/rol-personal\/conoce-quien-era-einstein\/","og_locale":"es_ES","og_type":"article","og_title":"Conoce qui\u00e9n era Einstein - BLOG | Utel","og_description":"Conoce un poco m\u00e1s de Albert Einstein, uno de los f\u00edsicos m\u00e1s destacados en la historia de la cultura humana","og_url":"https:\/\/utel.mx\/blog\/rol-personal\/conoce-quien-era-einstein\/","og_site_name":"BLOG | Utel","article_published_time":"2014-01-31T19:59:52+00:00","article_modified_time":"2023-03-10T16:55:53+00:00","og_image":[{"width":720,"height":724,"url":"https:\/\/utel.mx\/blog\/wp-content\/uploads\/2014\/01\/Copia-de-shutterstock_110739698.jpg","type":"image\/jpeg"}],"author":"Invitados UTEL","twitter_misc":{"Written by":"Invitados UTEL","Est. reading time":"2 minutos"},"schema":{"@context":"https:\/\/schema.org","@graph":[{"@type":"Article","@id":"https:\/\/utel.mx\/blog\/rol-personal\/conoce-quien-era-einstein\/#article","isPartOf":{"@id":"https:\/\/utel.mx\/blog\/rol-personal\/conoce-quien-era-einstein\/"},"author":{"name":"Invitados UTEL","@id":"https:\/\/utel.mx\/blog\/#\/schema\/person\/e5b3d8d918f13bd0b0f4724daa90dd95"},"headline":"Conoce qui\u00e9n era Einstein","datePublished":"2014-01-31T19:59:52+00:00","dateModified":"2023-03-10T16:55:53+00:00","mainEntityOfPage":{"@id":"https:\/\/utel.mx\/blog\/rol-personal\/conoce-quien-era-einstein\/"},"wordCount":383,"publisher":{"@id":"https:\/\/utel.mx\/blog\/#organization"},"image":{"@id":"https:\/\/utel.mx\/blog\/rol-personal\/conoce-quien-era-einstein\/#primaryimage"},"thumbnailUrl":"https:\/\/utel.mx\/blog\/wp-content\/uploads\/2014\/01\/Copia-de-shutterstock_110739698.jpg","articleSection":["Rol personal"],"inLanguage":"es"},{"@type":"WebPage","@id":"https:\/\/utel.mx\/blog\/rol-personal\/conoce-quien-era-einstein\/","url":"https:\/\/utel.mx\/blog\/rol-personal\/conoce-quien-era-einstein\/","name":"Conoce qui\u00e9n era Einstein - BLOG | Utel","isPartOf":{"@id":"https:\/\/utel.mx\/blog\/#website"},"primaryImageOfPage":{"@id":"https:\/\/utel.mx\/blog\/rol-personal\/conoce-quien-era-einstein\/#primaryimage"},"image":{"@id":"https:\/\/utel.mx\/blog\/rol-personal\/conoce-quien-era-einstein\/#primaryimage"},"thumbnailUrl":"https:\/\/utel.mx\/blog\/wp-content\/uploads\/2014\/01\/Copia-de-shutterstock_110739698.jpg","datePublished":"2014-01-31T19:59:52+00:00","dateModified":"2023-03-10T16:55:53+00:00","description":"Conoce un poco m\u00e1s de Albert Einstein, uno de los f\u00edsicos m\u00e1s destacados en la historia de la cultura humana","breadcrumb":{"@id":"https:\/\/utel.mx\/blog\/rol-personal\/conoce-quien-era-einstein\/#breadcrumb"},"inLanguage":"es","potentialAction":[{"@type":"ReadAction","target":["https:\/\/utel.mx\/blog\/rol-personal\/conoce-quien-era-einstein\/"]}]},{"@type":"ImageObject","inLanguage":"es","@id":"https:\/\/utel.mx\/blog\/rol-personal\/conoce-quien-era-einstein\/#primaryimage","url":"https:\/\/utel.mx\/blog\/wp-content\/uploads\/2014\/01\/Copia-de-shutterstock_110739698.jpg","contentUrl":"https:\/\/utel.mx\/blog\/wp-content\/uploads\/2014\/01\/Copia-de-shutterstock_110739698.jpg","width":720,"height":724,"caption":"Cultura: conoce qui\u00e9n era Einstein | Blog - UTEL"},{"@type":"BreadcrumbList","@id":"https:\/\/utel.mx\/blog\/rol-personal\/conoce-quien-era-einstein\/#breadcrumb","itemListElement":[{"@type":"ListItem","position":1,"name":"Home","item":"https:\/\/utel.mx\/blog\/"},{"@type":"ListItem","position":2,"name":"Conoce qui\u00e9n era Einstein"}]},{"@type":"WebSite","@id":"https:\/\/utel.mx\/blog\/#website","url":"https:\/\/utel.mx\/blog\/","name":"BLOG | Utel","description":"Blog UTEL Universidad en L\u00ednea","publisher":{"@id":"https:\/\/utel.mx\/blog\/#organization"},"potentialAction":[{"@type":"SearchAction","target":{"@type":"EntryPoint","urlTemplate":"https:\/\/utel.mx\/blog\/?s={search_term_string}"},"query-input":{"@type":"PropertyValueSpecification","valueRequired":true,"valueName":"search_term_string"}}],"inLanguage":"es"},{"@type":"Organization","@id":"https:\/\/utel.mx\/blog\/#organization","name":"BLOG | Utel","url":"https:\/\/utel.mx\/blog\/","logo":{"@type":"ImageObject","inLanguage":"es","@id":"https:\/\/utel.mx\/blog\/#\/schema\/logo\/image\/","url":"https:\/\/utel.mx\/blog\/wp-content\/uploads\/2023\/03\/cropped-logo-blog.png","contentUrl":"https:\/\/utel.mx\/blog\/wp-content\/uploads\/2023\/03\/cropped-logo-blog.png","width":237,"height":64,"caption":"BLOG | Utel"},"image":{"@id":"https:\/\/utel.mx\/blog\/#\/schema\/logo\/image\/"}},{"@type":"Person","@id":"https:\/\/utel.mx\/blog\/#\/schema\/person\/e5b3d8d918f13bd0b0f4724daa90dd95","name":"Invitados UTEL","image":{"@type":"ImageObject","inLanguage":"es","@id":"https:\/\/utel.mx\/blog\/#\/schema\/person\/image\/","url":"https:\/\/secure.gravatar.com\/avatar\/781456f1128be5a332ab27ea8b902597?s=96&d=mm&r=g","contentUrl":"https:\/\/secure.gravatar.com\/avatar\/781456f1128be5a332ab27ea8b902597?s=96&d=mm&r=g","caption":"Invitados UTEL"},"description":"Invitados . Colaboraciones por parte de invitados de la Comunidad UTEL"}]}},"_links":{"self":[{"href":"https:\/\/utel.mx\/blog\/wp-json\/wp\/v2\/posts\/11433","targetHints":{"allow":["GET"]}}],"collection":[{"href":"https:\/\/utel.mx\/blog\/wp-json\/wp\/v2\/posts"}],"about":[{"href":"https:\/\/utel.mx\/blog\/wp-json\/wp\/v2\/types\/post"}],"author":[{"embeddable":true,"href":"https:\/\/utel.mx\/blog\/wp-json\/wp\/v2\/users\/40"}],"replies":[{"embeddable":true,"href":"https:\/\/utel.mx\/blog\/wp-json\/wp\/v2\/comments?post=11433"}],"version-history":[{"count":1,"href":"https:\/\/utel.mx\/blog\/wp-json\/wp\/v2\/posts\/11433\/revisions"}],"predecessor-version":[{"id":45056,"href":"https:\/\/utel.mx\/blog\/wp-json\/wp\/v2\/posts\/11433\/revisions\/45056"}],"wp:featuredmedia":[{"embeddable":true,"href":"https:\/\/utel.mx\/blog\/wp-json\/wp\/v2\/media\/11459"}],"wp:attachment":[{"href":"https:\/\/utel.mx\/blog\/wp-json\/wp\/v2\/media?parent=11433"}],"wp:term":[{"taxonomy":"category","embeddable":true,"href":"https:\/\/utel.mx\/blog\/wp-json\/wp\/v2\/categories?post=11433"},{"taxonomy":"post_tag","embeddable":true,"href":"https:\/\/utel.mx\/blog\/wp-json\/wp\/v2\/tags?post=11433"}],"curies":[{"name":"wp","href":"https:\/\/api.w.org\/{rel}","templated":true}]}}