{"id":11715,"date":"2014-02-04T21:55:18","date_gmt":"2014-02-04T21:55:18","guid":{"rendered":"http:\/\/utel.mx\/blog\/?p=11715"},"modified":"2023-03-10T16:55:48","modified_gmt":"2023-03-10T16:55:48","slug":"curso-de-la-utel-propiedad-industrial-e-intelectual","status":"publish","type":"post","link":"https:\/\/utel.mx\/blog\/cursos-y-diplomados\/curso-de-la-utel-propiedad-industrial-e-intelectual\/","title":{"rendered":"Curso UTEL: Propiedad industrial e intelectual"},"content":{"rendered":"<p dir=\"ltr\">La definici\u00f3n de la propiedad intelectual involucra las creaciones de la mente, obras literarias y art\u00edsticas, as\u00ed como los s\u00edmbolos, nombres e im\u00e1genes empleadas en el comercio. Tener registro de este tipo de propiedad ayuda a evitar plagio o mal uso de las obras del autor.<\/p>\n<p dir=\"ltr\">La propiedad industrial est\u00e1 descrita como el conjunto de derechos que posee una persona f\u00edsica o jur\u00eddica sobre una creaci\u00f3n, es decir, una patente, modelos de utilidad, topograf\u00eda de productos, dise\u00f1o industrial, un signo distintivo, ya sea marca o nombre comercial, as\u00ed como todos los elementos de una invenci\u00f3n que puedan utilizarse de forma ventajosa por un tercero.<\/p>\n<p dir=\"ltr\">Estos temas competen a aquellos cuya labor est\u00e1 enfocada a la creaci\u00f3n de materiales destinados a generar contenidos o difundir ideas con prop\u00f3sitos espec\u00edficos. Precisamente bajo este arraigo de significados, la Universidad Tecnol\u00f3gica Latinoamericana en L\u00ednea (UTEL) ha creado el curso \u201cPropiedad industrial e intelectual\u201d.<\/p>\n<p dir=\"ltr\">Este curso tiene como objeto, proporcionar los recursos conceptuales y las regulaciones de la propiedad intelectual para que el alumno las aplique en las tareas de la organizaci\u00f3n, y pueda valorar sus implicaciones en el desarrollo econ\u00f3mico de cualquier pa\u00eds. Elaborar\u00e1 estrategias de protecci\u00f3n intelectual y su registro.<\/p>\n<p dir=\"ltr\">El alumno estar\u00e1 capacitado para:<\/p>\n<ol>\n<li>Reconocer los principios internacionales en materia de protecci\u00f3n intelectual derivados de las convenciones de Par\u00eds y Berna.<\/li>\n<li>Analizar las componentes de la propiedad industrial en las leyes mexicanas y el registro, las formas e implicaciones de la protecci\u00f3n en materia de derechos de autor.<\/li>\n<li>Analizar el significado, implicaciones y estrategias de protecci\u00f3n de los secretos industriales.<\/li>\n<li>Distinguir los elementos que implican los contratos de franquicias.<\/li>\n<li>Analizar el marco legal que rodea al know how.<\/li>\n<\/ol>\n<p>El curso est\u00e1 dirigido a personas involucradas con las \u00e1reas e interesadas en adquirir o reforzar conocimientos en la materia; empresarios, l\u00edderes de proyectos, gerentes, coordinadores, supervisores, as\u00ed como los sujetos encargados de acciones de protecci\u00f3n de la propiedad industrial e intelectual.<\/p>\n<p>No pierdas la oportunidad de reforzar tu curriculum e int\u00e9grate al curso de UTEL \u201cPropiedad industrial e intelectual\u201d.<\/p>\n<p><strong>Adair Rodr\u00edguez<\/strong><\/p>\n<p><strong>UTEL Editorial<\/strong><\/p>\n<div id=\"advads-1758874484\" class=\"advads-cta-lp-banner-form advads-entity-placement\"><a href=\"https:\/\/utel.mx\/blog\/admisiones-universidad-online\/?utm_source=blog&#038;utm_medium=CTAlink&#038;utm_campaign=MKTseo\" aria-label=\"Universidad en linea\"><img src=\"https:\/\/utel.mx\/blog\/wp-content\/uploads\/2025\/04\/universidad-en-linea-1.png\" alt=\"Universidad en linea\"  srcset=\"https:\/\/utel.mx\/blog\/wp-content\/uploads\/2025\/04\/universidad-en-linea-1.png 626w, https:\/\/utel.mx\/blog\/wp-content\/uploads\/2025\/04\/universidad-en-linea-1-420x168.png 420w\" sizes=\"(max-width: 626px) 100vw, 626px\" width=\"626\" height=\"250\"   \/><\/a><\/div>","protected":false},"excerpt":{"rendered":"<p> [&hellip;]<\/p>\n","protected":false},"author":9,"featured_media":12023,"comment_status":"closed","ping_status":"open","sticky":false,"template":"","format":"standard","meta":{"_acf_changed":false,"site-sidebar-layout":"default","site-content-layout":"","ast-site-content-layout":"","site-content-style":"default","site-sidebar-style":"default","ast-global-header-display":"","ast-banner-title-visibility":"","ast-main-header-display":"","ast-hfb-above-header-display":"","ast-hfb-below-header-display":"","ast-hfb-mobile-header-display":"","site-post-title":"","ast-breadcrumbs-content":"","ast-featured-img":"","footer-sml-layout":"","theme-transparent-header-meta":"","adv-header-id-meta":"","stick-header-meta":"","header-above-stick-meta":"","header-main-stick-meta":"","header-below-stick-meta":"","astra-migrate-meta-layouts":"default","ast-page-background-enabled":"default","ast-page-background-meta":{"desktop":{"background-color":"var(--ast-global-color-4)","background-image":"","background-repeat":"repeat","background-position":"center center","background-size":"auto","background-attachment":"scroll","background-type":"","background-media":"","overlay-type":"","overlay-color":"","overlay-gradient":""},"tablet":{"background-color":"","background-image":"","background-repeat":"repeat","background-position":"center center","background-size":"auto","background-attachment":"scroll","background-type":"","background-media":"","overlay-type":"","overlay-color":"","overlay-gradient":""},"mobile":{"background-color":"","background-image":"","background-repeat":"repeat","background-position":"center center","background-size":"auto","background-attachment":"scroll","background-type":"","background-media":"","overlay-type":"","overlay-color":"","overlay-gradient":""}},"ast-content-background-meta":{"desktop":{"background-color":"var(--ast-global-color-5)","background-image":"","background-repeat":"repeat","background-position":"center center","background-size":"auto","background-attachment":"scroll","background-type":"","background-media":"","overlay-type":"","overlay-color":"","overlay-gradient":""},"tablet":{"background-color":"var(--ast-global-color-5)","background-image":"","background-repeat":"repeat","background-position":"center center","background-size":"auto","background-attachment":"scroll","background-type":"","background-media":"","overlay-type":"","overlay-color":"","overlay-gradient":""},"mobile":{"background-color":"var(--ast-global-color-5)","background-image":"","background-repeat":"repeat","background-position":"center center","background-size":"auto","background-attachment":"scroll","background-type":"","background-media":"","overlay-type":"","overlay-color":"","overlay-gradient":""}},"footnotes":""},"categories":[1208],"tags":[],"class_list":["post-11715","post","type-post","status-publish","format-standard","has-post-thumbnail","hentry","category-cursos-y-diplomados"],"acf":[],"yoast_head":"<!-- This site is optimized with the Yoast SEO plugin v26.8 - https:\/\/yoast.com\/product\/yoast-seo-wordpress\/ -->\n<title>Curso UTEL: Propiedad industrial e intelectual - BLOG | Utel<\/title>\n<meta name=\"description\" content=\"Int\u00e9grate al curso UTEL \u201cPropiedad industrial e intelectual\u201d\" \/>\n<meta name=\"robots\" content=\"index, follow, max-snippet:-1, max-image-preview:large, max-video-preview:-1\" \/>\n<link rel=\"canonical\" href=\"https:\/\/utel.mx\/blog\/cursos-y-diplomados\/curso-de-la-utel-propiedad-industrial-e-intelectual\/\" \/>\n<meta property=\"og:locale\" content=\"es_ES\" \/>\n<meta property=\"og:type\" content=\"article\" \/>\n<meta property=\"og:title\" content=\"Curso UTEL: Propiedad industrial e intelectual - BLOG | Utel\" \/>\n<meta property=\"og:description\" content=\"Int\u00e9grate al curso UTEL \u201cPropiedad industrial e intelectual\u201d\" \/>\n<meta property=\"og:url\" content=\"https:\/\/utel.mx\/blog\/cursos-y-diplomados\/curso-de-la-utel-propiedad-industrial-e-intelectual\/\" \/>\n<meta property=\"og:site_name\" content=\"BLOG | Utel\" \/>\n<meta property=\"article:published_time\" content=\"2014-02-04T21:55:18+00:00\" \/>\n<meta property=\"article:modified_time\" content=\"2023-03-10T16:55:48+00:00\" \/>\n<meta property=\"og:image\" content=\"https:\/\/utel.mx\/blog\/wp-content\/uploads\/2014\/02\/E.A.8.jpg\" \/>\n\t<meta property=\"og:image:width\" content=\"723\" \/>\n\t<meta property=\"og:image:height\" content=\"497\" \/>\n\t<meta property=\"og:image:type\" content=\"image\/jpeg\" \/>\n<meta name=\"author\" content=\"Hayde\u00e9 (Editor)\" \/>\n<meta name=\"twitter:label1\" content=\"Written by\" \/>\n\t<meta name=\"twitter:data1\" content=\"Hayde\u00e9 (Editor)\" \/>\n\t<meta name=\"twitter:label2\" content=\"Est. reading time\" \/>\n\t<meta name=\"twitter:data2\" content=\"2 minutos\" \/>\n<script type=\"application\/ld+json\" class=\"yoast-schema-graph\">{\"@context\":\"https:\/\/schema.org\",\"@graph\":[{\"@type\":\"Article\",\"@id\":\"https:\/\/utel.mx\/blog\/cursos-y-diplomados\/curso-de-la-utel-propiedad-industrial-e-intelectual\/#article\",\"isPartOf\":{\"@id\":\"https:\/\/utel.mx\/blog\/cursos-y-diplomados\/curso-de-la-utel-propiedad-industrial-e-intelectual\/\"},\"author\":{\"name\":\"Hayde\u00e9 (Editor)\",\"@id\":\"https:\/\/utel.mx\/blog\/#\/schema\/person\/9a4c3940beef2724facfef4f2ccec7da\"},\"headline\":\"Curso UTEL: Propiedad industrial e intelectual\",\"datePublished\":\"2014-02-04T21:55:18+00:00\",\"dateModified\":\"2023-03-10T16:55:48+00:00\",\"mainEntityOfPage\":{\"@id\":\"https:\/\/utel.mx\/blog\/cursos-y-diplomados\/curso-de-la-utel-propiedad-industrial-e-intelectual\/\"},\"wordCount\":373,\"publisher\":{\"@id\":\"https:\/\/utel.mx\/blog\/#organization\"},\"image\":{\"@id\":\"https:\/\/utel.mx\/blog\/cursos-y-diplomados\/curso-de-la-utel-propiedad-industrial-e-intelectual\/#primaryimage\"},\"thumbnailUrl\":\"https:\/\/utel.mx\/blog\/wp-content\/uploads\/2014\/02\/E.A.8.jpg\",\"articleSection\":[\"Cursos y diplomados\"],\"inLanguage\":\"es\"},{\"@type\":\"WebPage\",\"@id\":\"https:\/\/utel.mx\/blog\/cursos-y-diplomados\/curso-de-la-utel-propiedad-industrial-e-intelectual\/\",\"url\":\"https:\/\/utel.mx\/blog\/cursos-y-diplomados\/curso-de-la-utel-propiedad-industrial-e-intelectual\/\",\"name\":\"Curso UTEL: Propiedad industrial e intelectual - BLOG | Utel\",\"isPartOf\":{\"@id\":\"https:\/\/utel.mx\/blog\/#website\"},\"primaryImageOfPage\":{\"@id\":\"https:\/\/utel.mx\/blog\/cursos-y-diplomados\/curso-de-la-utel-propiedad-industrial-e-intelectual\/#primaryimage\"},\"image\":{\"@id\":\"https:\/\/utel.mx\/blog\/cursos-y-diplomados\/curso-de-la-utel-propiedad-industrial-e-intelectual\/#primaryimage\"},\"thumbnailUrl\":\"https:\/\/utel.mx\/blog\/wp-content\/uploads\/2014\/02\/E.A.8.jpg\",\"datePublished\":\"2014-02-04T21:55:18+00:00\",\"dateModified\":\"2023-03-10T16:55:48+00:00\",\"description\":\"Int\u00e9grate al curso UTEL \u201cPropiedad industrial e intelectual\u201d\",\"breadcrumb\":{\"@id\":\"https:\/\/utel.mx\/blog\/cursos-y-diplomados\/curso-de-la-utel-propiedad-industrial-e-intelectual\/#breadcrumb\"},\"inLanguage\":\"es\",\"potentialAction\":[{\"@type\":\"ReadAction\",\"target\":[\"https:\/\/utel.mx\/blog\/cursos-y-diplomados\/curso-de-la-utel-propiedad-industrial-e-intelectual\/\"]}]},{\"@type\":\"ImageObject\",\"inLanguage\":\"es\",\"@id\":\"https:\/\/utel.mx\/blog\/cursos-y-diplomados\/curso-de-la-utel-propiedad-industrial-e-intelectual\/#primaryimage\",\"url\":\"https:\/\/utel.mx\/blog\/wp-content\/uploads\/2014\/02\/E.A.8.jpg\",\"contentUrl\":\"https:\/\/utel.mx\/blog\/wp-content\/uploads\/2014\/02\/E.A.8.jpg\",\"width\":723,\"height\":497,\"caption\":\"Propiedad industrial e intelectual | Blog - UTEL\"},{\"@type\":\"BreadcrumbList\",\"@id\":\"https:\/\/utel.mx\/blog\/cursos-y-diplomados\/curso-de-la-utel-propiedad-industrial-e-intelectual\/#breadcrumb\",\"itemListElement\":[{\"@type\":\"ListItem\",\"position\":1,\"name\":\"Home\",\"item\":\"https:\/\/utel.mx\/blog\/\"},{\"@type\":\"ListItem\",\"position\":2,\"name\":\"Curso UTEL: Propiedad industrial e intelectual\"}]},{\"@type\":\"WebSite\",\"@id\":\"https:\/\/utel.mx\/blog\/#website\",\"url\":\"https:\/\/utel.mx\/blog\/\",\"name\":\"BLOG | Utel\",\"description\":\"Blog UTEL Universidad en L\u00ednea\",\"publisher\":{\"@id\":\"https:\/\/utel.mx\/blog\/#organization\"},\"potentialAction\":[{\"@type\":\"SearchAction\",\"target\":{\"@type\":\"EntryPoint\",\"urlTemplate\":\"https:\/\/utel.mx\/blog\/?s={search_term_string}\"},\"query-input\":{\"@type\":\"PropertyValueSpecification\",\"valueRequired\":true,\"valueName\":\"search_term_string\"}}],\"inLanguage\":\"es\"},{\"@type\":\"Organization\",\"@id\":\"https:\/\/utel.mx\/blog\/#organization\",\"name\":\"BLOG | Utel\",\"url\":\"https:\/\/utel.mx\/blog\/\",\"logo\":{\"@type\":\"ImageObject\",\"inLanguage\":\"es\",\"@id\":\"https:\/\/utel.mx\/blog\/#\/schema\/logo\/image\/\",\"url\":\"https:\/\/utel.mx\/blog\/wp-content\/uploads\/2023\/03\/cropped-logo-blog.png\",\"contentUrl\":\"https:\/\/utel.mx\/blog\/wp-content\/uploads\/2023\/03\/cropped-logo-blog.png\",\"width\":237,\"height\":64,\"caption\":\"BLOG | Utel\"},\"image\":{\"@id\":\"https:\/\/utel.mx\/blog\/#\/schema\/logo\/image\/\"}},{\"@type\":\"Person\",\"@id\":\"https:\/\/utel.mx\/blog\/#\/schema\/person\/9a4c3940beef2724facfef4f2ccec7da\",\"name\":\"Hayde\u00e9 (Editor)\",\"image\":{\"@type\":\"ImageObject\",\"inLanguage\":\"es\",\"@id\":\"https:\/\/utel.mx\/blog\/#\/schema\/person\/image\/\",\"url\":\"https:\/\/secure.gravatar.com\/avatar\/ba63bb7f074f0dfa874cba0ef5d985a5?s=96&d=mm&r=g\",\"contentUrl\":\"https:\/\/secure.gravatar.com\/avatar\/ba63bb7f074f0dfa874cba0ef5d985a5?s=96&d=mm&r=g\",\"caption\":\"Hayde\u00e9 (Editor)\"},\"description\":\"Licenciada en Ciencias de la Comunicaci\u00f3n\"}]}<\/script>\n<!-- \/ Yoast SEO plugin. -->","yoast_head_json":{"title":"Curso UTEL: Propiedad industrial e intelectual - BLOG | Utel","description":"Int\u00e9grate al curso UTEL \u201cPropiedad industrial e intelectual\u201d","robots":{"index":"index","follow":"follow","max-snippet":"max-snippet:-1","max-image-preview":"max-image-preview:large","max-video-preview":"max-video-preview:-1"},"canonical":"https:\/\/utel.mx\/blog\/cursos-y-diplomados\/curso-de-la-utel-propiedad-industrial-e-intelectual\/","og_locale":"es_ES","og_type":"article","og_title":"Curso UTEL: Propiedad industrial e intelectual - BLOG | Utel","og_description":"Int\u00e9grate al curso UTEL \u201cPropiedad industrial e intelectual\u201d","og_url":"https:\/\/utel.mx\/blog\/cursos-y-diplomados\/curso-de-la-utel-propiedad-industrial-e-intelectual\/","og_site_name":"BLOG | Utel","article_published_time":"2014-02-04T21:55:18+00:00","article_modified_time":"2023-03-10T16:55:48+00:00","og_image":[{"width":723,"height":497,"url":"https:\/\/utel.mx\/blog\/wp-content\/uploads\/2014\/02\/E.A.8.jpg","type":"image\/jpeg"}],"author":"Hayde\u00e9 (Editor)","twitter_misc":{"Written by":"Hayde\u00e9 (Editor)","Est. reading time":"2 minutos"},"schema":{"@context":"https:\/\/schema.org","@graph":[{"@type":"Article","@id":"https:\/\/utel.mx\/blog\/cursos-y-diplomados\/curso-de-la-utel-propiedad-industrial-e-intelectual\/#article","isPartOf":{"@id":"https:\/\/utel.mx\/blog\/cursos-y-diplomados\/curso-de-la-utel-propiedad-industrial-e-intelectual\/"},"author":{"name":"Hayde\u00e9 (Editor)","@id":"https:\/\/utel.mx\/blog\/#\/schema\/person\/9a4c3940beef2724facfef4f2ccec7da"},"headline":"Curso UTEL: Propiedad industrial e intelectual","datePublished":"2014-02-04T21:55:18+00:00","dateModified":"2023-03-10T16:55:48+00:00","mainEntityOfPage":{"@id":"https:\/\/utel.mx\/blog\/cursos-y-diplomados\/curso-de-la-utel-propiedad-industrial-e-intelectual\/"},"wordCount":373,"publisher":{"@id":"https:\/\/utel.mx\/blog\/#organization"},"image":{"@id":"https:\/\/utel.mx\/blog\/cursos-y-diplomados\/curso-de-la-utel-propiedad-industrial-e-intelectual\/#primaryimage"},"thumbnailUrl":"https:\/\/utel.mx\/blog\/wp-content\/uploads\/2014\/02\/E.A.8.jpg","articleSection":["Cursos y diplomados"],"inLanguage":"es"},{"@type":"WebPage","@id":"https:\/\/utel.mx\/blog\/cursos-y-diplomados\/curso-de-la-utel-propiedad-industrial-e-intelectual\/","url":"https:\/\/utel.mx\/blog\/cursos-y-diplomados\/curso-de-la-utel-propiedad-industrial-e-intelectual\/","name":"Curso UTEL: Propiedad industrial e intelectual - BLOG | Utel","isPartOf":{"@id":"https:\/\/utel.mx\/blog\/#website"},"primaryImageOfPage":{"@id":"https:\/\/utel.mx\/blog\/cursos-y-diplomados\/curso-de-la-utel-propiedad-industrial-e-intelectual\/#primaryimage"},"image":{"@id":"https:\/\/utel.mx\/blog\/cursos-y-diplomados\/curso-de-la-utel-propiedad-industrial-e-intelectual\/#primaryimage"},"thumbnailUrl":"https:\/\/utel.mx\/blog\/wp-content\/uploads\/2014\/02\/E.A.8.jpg","datePublished":"2014-02-04T21:55:18+00:00","dateModified":"2023-03-10T16:55:48+00:00","description":"Int\u00e9grate al curso UTEL \u201cPropiedad industrial e intelectual\u201d","breadcrumb":{"@id":"https:\/\/utel.mx\/blog\/cursos-y-diplomados\/curso-de-la-utel-propiedad-industrial-e-intelectual\/#breadcrumb"},"inLanguage":"es","potentialAction":[{"@type":"ReadAction","target":["https:\/\/utel.mx\/blog\/cursos-y-diplomados\/curso-de-la-utel-propiedad-industrial-e-intelectual\/"]}]},{"@type":"ImageObject","inLanguage":"es","@id":"https:\/\/utel.mx\/blog\/cursos-y-diplomados\/curso-de-la-utel-propiedad-industrial-e-intelectual\/#primaryimage","url":"https:\/\/utel.mx\/blog\/wp-content\/uploads\/2014\/02\/E.A.8.jpg","contentUrl":"https:\/\/utel.mx\/blog\/wp-content\/uploads\/2014\/02\/E.A.8.jpg","width":723,"height":497,"caption":"Propiedad industrial e intelectual | Blog - UTEL"},{"@type":"BreadcrumbList","@id":"https:\/\/utel.mx\/blog\/cursos-y-diplomados\/curso-de-la-utel-propiedad-industrial-e-intelectual\/#breadcrumb","itemListElement":[{"@type":"ListItem","position":1,"name":"Home","item":"https:\/\/utel.mx\/blog\/"},{"@type":"ListItem","position":2,"name":"Curso UTEL: Propiedad industrial e intelectual"}]},{"@type":"WebSite","@id":"https:\/\/utel.mx\/blog\/#website","url":"https:\/\/utel.mx\/blog\/","name":"BLOG | Utel","description":"Blog UTEL Universidad en L\u00ednea","publisher":{"@id":"https:\/\/utel.mx\/blog\/#organization"},"potentialAction":[{"@type":"SearchAction","target":{"@type":"EntryPoint","urlTemplate":"https:\/\/utel.mx\/blog\/?s={search_term_string}"},"query-input":{"@type":"PropertyValueSpecification","valueRequired":true,"valueName":"search_term_string"}}],"inLanguage":"es"},{"@type":"Organization","@id":"https:\/\/utel.mx\/blog\/#organization","name":"BLOG | Utel","url":"https:\/\/utel.mx\/blog\/","logo":{"@type":"ImageObject","inLanguage":"es","@id":"https:\/\/utel.mx\/blog\/#\/schema\/logo\/image\/","url":"https:\/\/utel.mx\/blog\/wp-content\/uploads\/2023\/03\/cropped-logo-blog.png","contentUrl":"https:\/\/utel.mx\/blog\/wp-content\/uploads\/2023\/03\/cropped-logo-blog.png","width":237,"height":64,"caption":"BLOG | Utel"},"image":{"@id":"https:\/\/utel.mx\/blog\/#\/schema\/logo\/image\/"}},{"@type":"Person","@id":"https:\/\/utel.mx\/blog\/#\/schema\/person\/9a4c3940beef2724facfef4f2ccec7da","name":"Hayde\u00e9 (Editor)","image":{"@type":"ImageObject","inLanguage":"es","@id":"https:\/\/utel.mx\/blog\/#\/schema\/person\/image\/","url":"https:\/\/secure.gravatar.com\/avatar\/ba63bb7f074f0dfa874cba0ef5d985a5?s=96&d=mm&r=g","contentUrl":"https:\/\/secure.gravatar.com\/avatar\/ba63bb7f074f0dfa874cba0ef5d985a5?s=96&d=mm&r=g","caption":"Hayde\u00e9 (Editor)"},"description":"Licenciada en Ciencias de la Comunicaci\u00f3n"}]}},"_links":{"self":[{"href":"https:\/\/utel.mx\/blog\/wp-json\/wp\/v2\/posts\/11715","targetHints":{"allow":["GET"]}}],"collection":[{"href":"https:\/\/utel.mx\/blog\/wp-json\/wp\/v2\/posts"}],"about":[{"href":"https:\/\/utel.mx\/blog\/wp-json\/wp\/v2\/types\/post"}],"author":[{"embeddable":true,"href":"https:\/\/utel.mx\/blog\/wp-json\/wp\/v2\/users\/9"}],"replies":[{"embeddable":true,"href":"https:\/\/utel.mx\/blog\/wp-json\/wp\/v2\/comments?post=11715"}],"version-history":[{"count":1,"href":"https:\/\/utel.mx\/blog\/wp-json\/wp\/v2\/posts\/11715\/revisions"}],"predecessor-version":[{"id":45041,"href":"https:\/\/utel.mx\/blog\/wp-json\/wp\/v2\/posts\/11715\/revisions\/45041"}],"wp:featuredmedia":[{"embeddable":true,"href":"https:\/\/utel.mx\/blog\/wp-json\/wp\/v2\/media\/12023"}],"wp:attachment":[{"href":"https:\/\/utel.mx\/blog\/wp-json\/wp\/v2\/media?parent=11715"}],"wp:term":[{"taxonomy":"category","embeddable":true,"href":"https:\/\/utel.mx\/blog\/wp-json\/wp\/v2\/categories?post=11715"},{"taxonomy":"post_tag","embeddable":true,"href":"https:\/\/utel.mx\/blog\/wp-json\/wp\/v2\/tags?post=11715"}],"curies":[{"name":"wp","href":"https:\/\/api.w.org\/{rel}","templated":true}]}}