{"id":11823,"date":"2014-01-30T23:17:37","date_gmt":"2014-01-30T23:17:37","guid":{"rendered":"http:\/\/utel.mx\/blog\/?p=11823"},"modified":"2023-03-10T16:55:54","modified_gmt":"2023-03-10T16:55:54","slug":"derecho-que-es-un-comerciante-individual","status":"publish","type":"post","link":"https:\/\/utel.mx\/blog\/10-consejos-para\/derecho-que-es-un-comerciante-individual\/","title":{"rendered":"Derecho: \u00bfQu\u00e9 es un comerciante individual?"},"content":{"rendered":"<p dir=\"ltr\"><span style=\"color: #000000;\">Entendamos al comerciante individual como al principal actor en el modelo del Derecho Mercantil; es el personaje principal del cual se origina el Derecho Comercial.<\/span><\/p>\n<p dir=\"ltr\"><span style=\"color: #000000;\">De acuerdo al <span style=\"color: #008a5d;\"><a style=\"color: #008a5d;\" title=\"El Derecho Mercantil\" href=\"https:\/\/utel.mx\/blog\/10-consejos-para\/el-derecho-mercantil\/?utm_source=blog&amp;utm_medium=CTA+Link&amp;utm_campaign=Mkt+comunicacion\">Derecho mercantil<\/a><\/span>, en el art\u00edculo 3\u00b0 del C\u00f3digo de Comercio, se hace referencia solamente a dos tipos de comerciante: <strong>el comerciante individual<\/strong> y <strong>el comerciante colectivo<\/strong>. El individual se define como una persona f\u00edsica con la capacidad legal para desempe\u00f1ar la actividad del comercio dentro de un marco jur\u00eddico establecido, siendo \u00e9ste su ejercicio primordial y ordinario.<\/span><\/p>\n<h2 dir=\"ltr\"><span style=\"color: #000000;\">El comerciante individual<\/span><\/h2>\n<p><span style=\"color: #000000;\">El t\u00e9rmino \u201ccapacidad\u201d, se refiere a que los sujetos circunscritos a este tipo de comercio pueden contratar a empleados, lo cual les confiere derechos y obligaciones sobre ellos, asimismo recalca que el comercio es la \u00fanica actividad mercantil que puede ejercer esta persona legal. Dentro del C\u00f3digo de Comercio, en la fracci\u00f3n I del art\u00edculo 3\u00ba existen sanciones sobre este empleador si es que no cumple con lo establecido a las obligaciones que le enmarca la ley.<\/span><\/p>\n<p><span style=\"color: #000000;\">Lo \u201cordinario\u201d responde a concebir el comercio como un ejercicio o pr\u00e1ctica habitual, realizando actos, reiterados, repetidos, convirtiendo esta actividad mercantil en un hecho profesional, es decir, basta con que se trate de una actuaci\u00f3n profesional, con independencia normativa cuyos resultados econ\u00f3micos puedan ser favorables o adversos.<\/span><\/p>\n<p><span style=\"color: #000000;\">Es importante hacer \u00e9nfasis en que el comerciante individual, en teor\u00eda, deber\u00eda ejercer en nombre propio (as\u00ed se omite cualquier relaci\u00f3n con sociedades mercantiles) grupos independientes dedicados a la transacci\u00f3n e intercambio de bienes, as\u00ed se declara que queda anulada cualquier forma de presta nombres o actividades il\u00edcitas mercantiles o que no est\u00e9n circunscritas a la ley, de acuerdo al derecho imperante.<\/span><\/p>\n<p><span style=\"color: #000000;\">Esta ley tambi\u00e9n da la potestad patronal para que el comerciante individual establezca t\u00e9rminos y condiciones individuales con los empleados y su derecho, es decir, debe ajustarse a la Ley Federal de Trabajo, pero puede ser flexible en cuestiones de horario, pago salarial e incentivos econ\u00f3micos. Se requiere revisar bien las leyes para actuar bajo un marco legal y tener asesor\u00eda en la materia.<\/span><\/p>\n<p><span style=\"color: #000000;\">Si est\u00e1s pensando en constituirte o ser un comerciante individual, te dejamos algunos de los requisitos o pasos que necesitar\u00e1s:<\/span><\/p>\n<p><span style=\"color: #000000;\">El interesado deber\u00e1 acudir al edificio de la Superintendencia de Administraci\u00f3n Tributaria <strong>SAT<\/strong>, y solicitar el formulario de Inscripci\u00f3n y actualizaci\u00f3n de informaci\u00f3n de Contribuyentes en el Registro Tributario Unificado.<\/span><\/p>\n<h3><span style=\"color: #000000;\">Formulario de Inscripci\u00f3n SAT-14:<\/span><\/h3>\n<ul>\n<li><span style=\"color: #000000;\">Original y fotocopia legalizada y fotocopia simple de la c\u00e9dula de vecindad o pasaporte si fuera extranjero.<\/span><\/li>\n<li><span style=\"color: #000000;\">Certificaci\u00f3n de calidad de residente en el pa\u00eds, extendida por la direcci\u00f3n General de Migraci\u00f3n en caso de ser extranjero.<\/span><\/li>\n<li><span style=\"color: #000000;\">Constancia de colegiado activo queda en poder de la Oficina o Agencia Tributaria.<\/span><\/li>\n<li><span style=\"color: #000000;\">El formulario SAT-14 deber\u00e1 acompa\u00f1arse de los formularios siguientes:<\/span><\/li>\n<li><span style=\"color: #000000;\">Solicitud de Habilitaci\u00f3n de Libros, formulario SAT-52<\/span><\/li>\n<li><span style=\"color: #000000;\">Solicitud para autorizaci\u00f3n de Impresi\u00f3n y uso de documentos y formulario, formulario SAT-42<\/span><\/li>\n<li><span style=\"color: #000000;\">El Comerciante Individual reconocido como peque\u00f1o contribuyente deber\u00e1 tomar la decisi\u00f3n de cu\u00e1l ser\u00e1 el R\u00e9gimen de pago del Impuesto sobre la Renta.<\/span><\/li>\n<\/ul>\n<p><span style=\"color: #000000;\"><strong>Adair Rodr\u00edguez<\/strong><\/span><\/p>\n<p><span style=\"color: #000000;\"><strong>UTEL Editorial<\/strong><\/span><\/p>\n<div id=\"advads-1978658007\" class=\"advads-cta-lp-banner-form advads-entity-placement\"><a href=\"https:\/\/utel.mx\/blog\/admisiones-universidad-online\/?utm_source=blog&#038;utm_medium=CTAlink&#038;utm_campaign=MKTseo\" aria-label=\"Universidad en linea\"><img src=\"https:\/\/utel.mx\/blog\/wp-content\/uploads\/2025\/04\/universidad-en-linea-1.png\" alt=\"Universidad en linea\"  srcset=\"https:\/\/utel.mx\/blog\/wp-content\/uploads\/2025\/04\/universidad-en-linea-1.png 626w, https:\/\/utel.mx\/blog\/wp-content\/uploads\/2025\/04\/universidad-en-linea-1-420x168.png 420w\" sizes=\"(max-width: 626px) 100vw, 626px\" width=\"626\" height=\"250\"   \/><\/a><\/div>","protected":false},"excerpt":{"rendered":"<p> [&hellip;]<\/p>\n","protected":false},"author":40,"featured_media":39519,"comment_status":"closed","ping_status":"open","sticky":false,"template":"","format":"standard","meta":{"_acf_changed":false,"site-sidebar-layout":"default","site-content-layout":"","ast-site-content-layout":"","site-content-style":"default","site-sidebar-style":"default","ast-global-header-display":"","ast-banner-title-visibility":"","ast-main-header-display":"","ast-hfb-above-header-display":"","ast-hfb-below-header-display":"","ast-hfb-mobile-header-display":"","site-post-title":"","ast-breadcrumbs-content":"","ast-featured-img":"","footer-sml-layout":"","theme-transparent-header-meta":"","adv-header-id-meta":"","stick-header-meta":"","header-above-stick-meta":"","header-main-stick-meta":"","header-below-stick-meta":"","astra-migrate-meta-layouts":"default","ast-page-background-enabled":"default","ast-page-background-meta":{"desktop":{"background-color":"var(--ast-global-color-4)","background-image":"","background-repeat":"repeat","background-position":"center center","background-size":"auto","background-attachment":"scroll","background-type":"","background-media":"","overlay-type":"","overlay-color":"","overlay-gradient":""},"tablet":{"background-color":"","background-image":"","background-repeat":"repeat","background-position":"center center","background-size":"auto","background-attachment":"scroll","background-type":"","background-media":"","overlay-type":"","overlay-color":"","overlay-gradient":""},"mobile":{"background-color":"","background-image":"","background-repeat":"repeat","background-position":"center center","background-size":"auto","background-attachment":"scroll","background-type":"","background-media":"","overlay-type":"","overlay-color":"","overlay-gradient":""}},"ast-content-background-meta":{"desktop":{"background-color":"var(--ast-global-color-5)","background-image":"","background-repeat":"repeat","background-position":"center center","background-size":"auto","background-attachment":"scroll","background-type":"","background-media":"","overlay-type":"","overlay-color":"","overlay-gradient":""},"tablet":{"background-color":"var(--ast-global-color-5)","background-image":"","background-repeat":"repeat","background-position":"center center","background-size":"auto","background-attachment":"scroll","background-type":"","background-media":"","overlay-type":"","overlay-color":"","overlay-gradient":""},"mobile":{"background-color":"var(--ast-global-color-5)","background-image":"","background-repeat":"repeat","background-position":"center center","background-size":"auto","background-attachment":"scroll","background-type":"","background-media":"","overlay-type":"","overlay-color":"","overlay-gradient":""}},"footnotes":""},"categories":[32],"tags":[],"class_list":["post-11823","post","type-post","status-publish","format-standard","has-post-thumbnail","hentry","category-10-consejos-para"],"acf":[],"yoast_head":"<!-- This site is optimized with the Yoast SEO plugin v26.8 - https:\/\/yoast.com\/product\/yoast-seo-wordpress\/ -->\n<title>Derecho: \u00bfQu\u00e9 es un comerciante individual? - BLOG | Utel<\/title>\n<meta name=\"description\" content=\"Conoce la rama mercantil del derecho y los principios fundamentales que rigen la actividad del comercio, as\u00ed como sus distintas clasificaciones\" \/>\n<meta name=\"robots\" content=\"index, follow, max-snippet:-1, max-image-preview:large, max-video-preview:-1\" \/>\n<link rel=\"canonical\" href=\"https:\/\/utel.mx\/blog\/10-consejos-para\/derecho-que-es-un-comerciante-individual\/\" \/>\n<meta property=\"og:locale\" content=\"es_ES\" \/>\n<meta property=\"og:type\" content=\"article\" \/>\n<meta property=\"og:title\" content=\"Derecho: \u00bfQu\u00e9 es un comerciante individual? - BLOG | Utel\" \/>\n<meta property=\"og:description\" content=\"Conoce la rama mercantil del derecho y los principios fundamentales que rigen la actividad del comercio, as\u00ed como sus distintas clasificaciones\" \/>\n<meta property=\"og:url\" content=\"https:\/\/utel.mx\/blog\/10-consejos-para\/derecho-que-es-un-comerciante-individual\/\" \/>\n<meta property=\"og:site_name\" content=\"BLOG | Utel\" \/>\n<meta property=\"article:published_time\" content=\"2014-01-30T23:17:37+00:00\" \/>\n<meta property=\"article:modified_time\" content=\"2023-03-10T16:55:54+00:00\" \/>\n<meta property=\"og:image\" content=\"https:\/\/utel.mx\/blog\/wp-content\/uploads\/2014\/01\/Derecho.-Que-es-un-comerciante-individual..jpg\" \/>\n\t<meta property=\"og:image:width\" content=\"600\" \/>\n\t<meta property=\"og:image:height\" content=\"300\" \/>\n\t<meta property=\"og:image:type\" content=\"image\/jpeg\" \/>\n<meta name=\"author\" content=\"Invitados UTEL\" \/>\n<meta name=\"twitter:label1\" content=\"Written by\" \/>\n\t<meta name=\"twitter:data1\" content=\"Invitados UTEL\" \/>\n\t<meta name=\"twitter:label2\" content=\"Est. reading time\" \/>\n\t<meta name=\"twitter:data2\" content=\"3 minutos\" \/>\n<script type=\"application\/ld+json\" class=\"yoast-schema-graph\">{\"@context\":\"https:\/\/schema.org\",\"@graph\":[{\"@type\":\"Article\",\"@id\":\"https:\/\/utel.mx\/blog\/10-consejos-para\/derecho-que-es-un-comerciante-individual\/#article\",\"isPartOf\":{\"@id\":\"https:\/\/utel.mx\/blog\/10-consejos-para\/derecho-que-es-un-comerciante-individual\/\"},\"author\":{\"name\":\"Invitados UTEL\",\"@id\":\"https:\/\/utel.mx\/blog\/#\/schema\/person\/e5b3d8d918f13bd0b0f4724daa90dd95\"},\"headline\":\"Derecho: \u00bfQu\u00e9 es un comerciante individual?\",\"datePublished\":\"2014-01-30T23:17:37+00:00\",\"dateModified\":\"2023-03-10T16:55:54+00:00\",\"mainEntityOfPage\":{\"@id\":\"https:\/\/utel.mx\/blog\/10-consejos-para\/derecho-que-es-un-comerciante-individual\/\"},\"wordCount\":545,\"publisher\":{\"@id\":\"https:\/\/utel.mx\/blog\/#organization\"},\"image\":{\"@id\":\"https:\/\/utel.mx\/blog\/10-consejos-para\/derecho-que-es-un-comerciante-individual\/#primaryimage\"},\"thumbnailUrl\":\"https:\/\/utel.mx\/blog\/wp-content\/uploads\/2014\/01\/Derecho.-Que-es-un-comerciante-individual..jpg\",\"articleSection\":[\"Tips\"],\"inLanguage\":\"es\"},{\"@type\":\"WebPage\",\"@id\":\"https:\/\/utel.mx\/blog\/10-consejos-para\/derecho-que-es-un-comerciante-individual\/\",\"url\":\"https:\/\/utel.mx\/blog\/10-consejos-para\/derecho-que-es-un-comerciante-individual\/\",\"name\":\"Derecho: \u00bfQu\u00e9 es un comerciante individual? - BLOG | Utel\",\"isPartOf\":{\"@id\":\"https:\/\/utel.mx\/blog\/#website\"},\"primaryImageOfPage\":{\"@id\":\"https:\/\/utel.mx\/blog\/10-consejos-para\/derecho-que-es-un-comerciante-individual\/#primaryimage\"},\"image\":{\"@id\":\"https:\/\/utel.mx\/blog\/10-consejos-para\/derecho-que-es-un-comerciante-individual\/#primaryimage\"},\"thumbnailUrl\":\"https:\/\/utel.mx\/blog\/wp-content\/uploads\/2014\/01\/Derecho.-Que-es-un-comerciante-individual..jpg\",\"datePublished\":\"2014-01-30T23:17:37+00:00\",\"dateModified\":\"2023-03-10T16:55:54+00:00\",\"description\":\"Conoce la rama mercantil del derecho y los principios fundamentales que rigen la actividad del comercio, as\u00ed como sus distintas clasificaciones\",\"breadcrumb\":{\"@id\":\"https:\/\/utel.mx\/blog\/10-consejos-para\/derecho-que-es-un-comerciante-individual\/#breadcrumb\"},\"inLanguage\":\"es\",\"potentialAction\":[{\"@type\":\"ReadAction\",\"target\":[\"https:\/\/utel.mx\/blog\/10-consejos-para\/derecho-que-es-un-comerciante-individual\/\"]}]},{\"@type\":\"ImageObject\",\"inLanguage\":\"es\",\"@id\":\"https:\/\/utel.mx\/blog\/10-consejos-para\/derecho-que-es-un-comerciante-individual\/#primaryimage\",\"url\":\"https:\/\/utel.mx\/blog\/wp-content\/uploads\/2014\/01\/Derecho.-Que-es-un-comerciante-individual..jpg\",\"contentUrl\":\"https:\/\/utel.mx\/blog\/wp-content\/uploads\/2014\/01\/Derecho.-Que-es-un-comerciante-individual..jpg\",\"width\":600,\"height\":300,\"caption\":\"Derecho. Qu\u00e9 es un comerciante individual.\"},{\"@type\":\"BreadcrumbList\",\"@id\":\"https:\/\/utel.mx\/blog\/10-consejos-para\/derecho-que-es-un-comerciante-individual\/#breadcrumb\",\"itemListElement\":[{\"@type\":\"ListItem\",\"position\":1,\"name\":\"Home\",\"item\":\"https:\/\/utel.mx\/blog\/\"},{\"@type\":\"ListItem\",\"position\":2,\"name\":\"Derecho: \u00bfQu\u00e9 es un comerciante individual?\"}]},{\"@type\":\"WebSite\",\"@id\":\"https:\/\/utel.mx\/blog\/#website\",\"url\":\"https:\/\/utel.mx\/blog\/\",\"name\":\"BLOG | Utel\",\"description\":\"Blog UTEL Universidad en L\u00ednea\",\"publisher\":{\"@id\":\"https:\/\/utel.mx\/blog\/#organization\"},\"potentialAction\":[{\"@type\":\"SearchAction\",\"target\":{\"@type\":\"EntryPoint\",\"urlTemplate\":\"https:\/\/utel.mx\/blog\/?s={search_term_string}\"},\"query-input\":{\"@type\":\"PropertyValueSpecification\",\"valueRequired\":true,\"valueName\":\"search_term_string\"}}],\"inLanguage\":\"es\"},{\"@type\":\"Organization\",\"@id\":\"https:\/\/utel.mx\/blog\/#organization\",\"name\":\"BLOG | Utel\",\"url\":\"https:\/\/utel.mx\/blog\/\",\"logo\":{\"@type\":\"ImageObject\",\"inLanguage\":\"es\",\"@id\":\"https:\/\/utel.mx\/blog\/#\/schema\/logo\/image\/\",\"url\":\"https:\/\/utel.mx\/blog\/wp-content\/uploads\/2023\/03\/cropped-logo-blog.png\",\"contentUrl\":\"https:\/\/utel.mx\/blog\/wp-content\/uploads\/2023\/03\/cropped-logo-blog.png\",\"width\":237,\"height\":64,\"caption\":\"BLOG | Utel\"},\"image\":{\"@id\":\"https:\/\/utel.mx\/blog\/#\/schema\/logo\/image\/\"}},{\"@type\":\"Person\",\"@id\":\"https:\/\/utel.mx\/blog\/#\/schema\/person\/e5b3d8d918f13bd0b0f4724daa90dd95\",\"name\":\"Invitados UTEL\",\"image\":{\"@type\":\"ImageObject\",\"inLanguage\":\"es\",\"@id\":\"https:\/\/utel.mx\/blog\/#\/schema\/person\/image\/\",\"url\":\"https:\/\/secure.gravatar.com\/avatar\/781456f1128be5a332ab27ea8b902597?s=96&d=mm&r=g\",\"contentUrl\":\"https:\/\/secure.gravatar.com\/avatar\/781456f1128be5a332ab27ea8b902597?s=96&d=mm&r=g\",\"caption\":\"Invitados UTEL\"},\"description\":\"Invitados . Colaboraciones por parte de invitados de la Comunidad UTEL\"}]}<\/script>\n<!-- \/ Yoast SEO plugin. -->","yoast_head_json":{"title":"Derecho: \u00bfQu\u00e9 es un comerciante individual? - BLOG | Utel","description":"Conoce la rama mercantil del derecho y los principios fundamentales que rigen la actividad del comercio, as\u00ed como sus distintas clasificaciones","robots":{"index":"index","follow":"follow","max-snippet":"max-snippet:-1","max-image-preview":"max-image-preview:large","max-video-preview":"max-video-preview:-1"},"canonical":"https:\/\/utel.mx\/blog\/10-consejos-para\/derecho-que-es-un-comerciante-individual\/","og_locale":"es_ES","og_type":"article","og_title":"Derecho: \u00bfQu\u00e9 es un comerciante individual? - BLOG | Utel","og_description":"Conoce la rama mercantil del derecho y los principios fundamentales que rigen la actividad del comercio, as\u00ed como sus distintas clasificaciones","og_url":"https:\/\/utel.mx\/blog\/10-consejos-para\/derecho-que-es-un-comerciante-individual\/","og_site_name":"BLOG | Utel","article_published_time":"2014-01-30T23:17:37+00:00","article_modified_time":"2023-03-10T16:55:54+00:00","og_image":[{"width":600,"height":300,"url":"https:\/\/utel.mx\/blog\/wp-content\/uploads\/2014\/01\/Derecho.-Que-es-un-comerciante-individual..jpg","type":"image\/jpeg"}],"author":"Invitados UTEL","twitter_misc":{"Written by":"Invitados UTEL","Est. reading time":"3 minutos"},"schema":{"@context":"https:\/\/schema.org","@graph":[{"@type":"Article","@id":"https:\/\/utel.mx\/blog\/10-consejos-para\/derecho-que-es-un-comerciante-individual\/#article","isPartOf":{"@id":"https:\/\/utel.mx\/blog\/10-consejos-para\/derecho-que-es-un-comerciante-individual\/"},"author":{"name":"Invitados UTEL","@id":"https:\/\/utel.mx\/blog\/#\/schema\/person\/e5b3d8d918f13bd0b0f4724daa90dd95"},"headline":"Derecho: \u00bfQu\u00e9 es un comerciante individual?","datePublished":"2014-01-30T23:17:37+00:00","dateModified":"2023-03-10T16:55:54+00:00","mainEntityOfPage":{"@id":"https:\/\/utel.mx\/blog\/10-consejos-para\/derecho-que-es-un-comerciante-individual\/"},"wordCount":545,"publisher":{"@id":"https:\/\/utel.mx\/blog\/#organization"},"image":{"@id":"https:\/\/utel.mx\/blog\/10-consejos-para\/derecho-que-es-un-comerciante-individual\/#primaryimage"},"thumbnailUrl":"https:\/\/utel.mx\/blog\/wp-content\/uploads\/2014\/01\/Derecho.-Que-es-un-comerciante-individual..jpg","articleSection":["Tips"],"inLanguage":"es"},{"@type":"WebPage","@id":"https:\/\/utel.mx\/blog\/10-consejos-para\/derecho-que-es-un-comerciante-individual\/","url":"https:\/\/utel.mx\/blog\/10-consejos-para\/derecho-que-es-un-comerciante-individual\/","name":"Derecho: \u00bfQu\u00e9 es un comerciante individual? - BLOG | Utel","isPartOf":{"@id":"https:\/\/utel.mx\/blog\/#website"},"primaryImageOfPage":{"@id":"https:\/\/utel.mx\/blog\/10-consejos-para\/derecho-que-es-un-comerciante-individual\/#primaryimage"},"image":{"@id":"https:\/\/utel.mx\/blog\/10-consejos-para\/derecho-que-es-un-comerciante-individual\/#primaryimage"},"thumbnailUrl":"https:\/\/utel.mx\/blog\/wp-content\/uploads\/2014\/01\/Derecho.-Que-es-un-comerciante-individual..jpg","datePublished":"2014-01-30T23:17:37+00:00","dateModified":"2023-03-10T16:55:54+00:00","description":"Conoce la rama mercantil del derecho y los principios fundamentales que rigen la actividad del comercio, as\u00ed como sus distintas clasificaciones","breadcrumb":{"@id":"https:\/\/utel.mx\/blog\/10-consejos-para\/derecho-que-es-un-comerciante-individual\/#breadcrumb"},"inLanguage":"es","potentialAction":[{"@type":"ReadAction","target":["https:\/\/utel.mx\/blog\/10-consejos-para\/derecho-que-es-un-comerciante-individual\/"]}]},{"@type":"ImageObject","inLanguage":"es","@id":"https:\/\/utel.mx\/blog\/10-consejos-para\/derecho-que-es-un-comerciante-individual\/#primaryimage","url":"https:\/\/utel.mx\/blog\/wp-content\/uploads\/2014\/01\/Derecho.-Que-es-un-comerciante-individual..jpg","contentUrl":"https:\/\/utel.mx\/blog\/wp-content\/uploads\/2014\/01\/Derecho.-Que-es-un-comerciante-individual..jpg","width":600,"height":300,"caption":"Derecho. Qu\u00e9 es un comerciante individual."},{"@type":"BreadcrumbList","@id":"https:\/\/utel.mx\/blog\/10-consejos-para\/derecho-que-es-un-comerciante-individual\/#breadcrumb","itemListElement":[{"@type":"ListItem","position":1,"name":"Home","item":"https:\/\/utel.mx\/blog\/"},{"@type":"ListItem","position":2,"name":"Derecho: \u00bfQu\u00e9 es un comerciante individual?"}]},{"@type":"WebSite","@id":"https:\/\/utel.mx\/blog\/#website","url":"https:\/\/utel.mx\/blog\/","name":"BLOG | Utel","description":"Blog UTEL Universidad en L\u00ednea","publisher":{"@id":"https:\/\/utel.mx\/blog\/#organization"},"potentialAction":[{"@type":"SearchAction","target":{"@type":"EntryPoint","urlTemplate":"https:\/\/utel.mx\/blog\/?s={search_term_string}"},"query-input":{"@type":"PropertyValueSpecification","valueRequired":true,"valueName":"search_term_string"}}],"inLanguage":"es"},{"@type":"Organization","@id":"https:\/\/utel.mx\/blog\/#organization","name":"BLOG | Utel","url":"https:\/\/utel.mx\/blog\/","logo":{"@type":"ImageObject","inLanguage":"es","@id":"https:\/\/utel.mx\/blog\/#\/schema\/logo\/image\/","url":"https:\/\/utel.mx\/blog\/wp-content\/uploads\/2023\/03\/cropped-logo-blog.png","contentUrl":"https:\/\/utel.mx\/blog\/wp-content\/uploads\/2023\/03\/cropped-logo-blog.png","width":237,"height":64,"caption":"BLOG | Utel"},"image":{"@id":"https:\/\/utel.mx\/blog\/#\/schema\/logo\/image\/"}},{"@type":"Person","@id":"https:\/\/utel.mx\/blog\/#\/schema\/person\/e5b3d8d918f13bd0b0f4724daa90dd95","name":"Invitados UTEL","image":{"@type":"ImageObject","inLanguage":"es","@id":"https:\/\/utel.mx\/blog\/#\/schema\/person\/image\/","url":"https:\/\/secure.gravatar.com\/avatar\/781456f1128be5a332ab27ea8b902597?s=96&d=mm&r=g","contentUrl":"https:\/\/secure.gravatar.com\/avatar\/781456f1128be5a332ab27ea8b902597?s=96&d=mm&r=g","caption":"Invitados UTEL"},"description":"Invitados . Colaboraciones por parte de invitados de la Comunidad UTEL"}]}},"_links":{"self":[{"href":"https:\/\/utel.mx\/blog\/wp-json\/wp\/v2\/posts\/11823","targetHints":{"allow":["GET"]}}],"collection":[{"href":"https:\/\/utel.mx\/blog\/wp-json\/wp\/v2\/posts"}],"about":[{"href":"https:\/\/utel.mx\/blog\/wp-json\/wp\/v2\/types\/post"}],"author":[{"embeddable":true,"href":"https:\/\/utel.mx\/blog\/wp-json\/wp\/v2\/users\/40"}],"replies":[{"embeddable":true,"href":"https:\/\/utel.mx\/blog\/wp-json\/wp\/v2\/comments?post=11823"}],"version-history":[{"count":1,"href":"https:\/\/utel.mx\/blog\/wp-json\/wp\/v2\/posts\/11823\/revisions"}],"predecessor-version":[{"id":39376,"href":"https:\/\/utel.mx\/blog\/wp-json\/wp\/v2\/posts\/11823\/revisions\/39376"}],"wp:featuredmedia":[{"embeddable":true,"href":"https:\/\/utel.mx\/blog\/wp-json\/wp\/v2\/media\/39519"}],"wp:attachment":[{"href":"https:\/\/utel.mx\/blog\/wp-json\/wp\/v2\/media?parent=11823"}],"wp:term":[{"taxonomy":"category","embeddable":true,"href":"https:\/\/utel.mx\/blog\/wp-json\/wp\/v2\/categories?post=11823"},{"taxonomy":"post_tag","embeddable":true,"href":"https:\/\/utel.mx\/blog\/wp-json\/wp\/v2\/tags?post=11823"}],"curies":[{"name":"wp","href":"https:\/\/api.w.org\/{rel}","templated":true}]}}