{"id":12349,"date":"2014-03-03T21:29:32","date_gmt":"2014-03-03T21:29:32","guid":{"rendered":"http:\/\/utel.mx\/blog\/?p=12349"},"modified":"2023-03-10T16:57:56","modified_gmt":"2023-03-10T16:57:56","slug":"derecho-empresarial","status":"publish","type":"post","link":"https:\/\/utel.mx\/blog\/10-consejos-para\/derecho-empresarial\/","title":{"rendered":"El Derecho Empresarial en M\u00e9xico"},"content":{"rendered":"<p style=\"line-height: 13.5pt; background: white; margin: 0cm 0cm 6.75pt 0cm;\"><span style=\"font-size: 9.0pt; font-family: 'Tahoma','sans-serif'; color: #828082;\">La importancia del derecho empresarial radica en el an\u00e1lisis de las necesidades jur\u00eddicas de las empresas; M\u00e9xico al ser un pa\u00eds con relevantes recursos naturales, requiere de la asistencia profesional en este rubro.<\/span><\/p>\n<p style=\"line-height: 13.5pt; background: white; orphans: auto; text-align: start; widows: auto; -webkit-text-stroke-width: 0px; word-spacing: 0px; margin: 0cm 0cm 6.75pt 0cm;\"><span style=\"font-size: 9.0pt; font-family: 'Tahoma','sans-serif'; color: #828082;\">El estudio de las leyes en el contexto laboral, por ejemplo, el derecho empresarial en M\u00e9xico, ha crecido gracias a los diferentes tratados de libre comercio; ejercicios que sit\u00faan al pa\u00eds en una importante actividad econ\u00f3mica mundial. En este contexto, el conocimiento del marco legal optimiza el tr\u00e1nsito de mercanc\u00edas y asegura que todo se lleve a cabo bajo el consentimiento de la ley.<\/span><\/p>\n<p style=\"line-height: 13.5pt; background: white; orphans: auto; text-align: start; widows: auto; -webkit-text-stroke-width: 0px; word-spacing: 0px; margin: 0cm 0cm 6.75pt 0cm;\"><span style=\"font-size: 9.0pt; font-family: 'Tahoma','sans-serif'; color: #828082;\">La actuaci\u00f3n del derecho empresarial en M\u00e9xico ha servido para impulsar el desarrollo de los procesos econ\u00f3micos e industriales, al crecimiento de peque\u00f1as y medianas empresas que son fuente de empleo y que cada vez se consolidan con m\u00e1s fuerza en el mercado, y finalmente, promueve que en la asistencia de importaciones se respeten los est\u00e1ndares y las normatividad nacionales. En un principio, el estudio de los negocios y la empresa ha sido poco tratado en el derecho, sin embargo el auge del libre mercado en las \u00faltimas d\u00e9cadas en M\u00e9xico y en el mundo, ha obligado a tenerla en consideraci\u00f3n.<\/span><\/p>\n<p style=\"line-height: 13.5pt; background: white; margin: 0cm 0cm 6.75pt 0cm;\"><span style=\"font-size: 9.0pt; font-family: 'Tahoma','sans-serif'; color: #828082;\">De acuerdo con el derecho, la empresa se define como \u201cel conjunto de capital, trabajo y administraci\u00f3n dedicados a satisfacer una necesidad en el mercado\u201d, as\u00ed como de la misma forma significa un \u201cconjunto de contratos\u201d. Las pautas b\u00e1sicas del derecho concerniente a las empresas y al mercado provienen principalmente del derecho estadounidense y han sido implementadas en M\u00e9xico a partir del tratado de libre comercio (TLC). El derecho empresarial se encuentra profundamente relacionado con el corporativo y con el mercantil, uno de sus comunes denominadores es el \u201cfondo empresarial\u201d. Este concepto se define a s\u00ed mismo como el conjunto de bienes que constituye la empresa, y algunos juristas lo consideran la empresa misma, y en algunas ocasiones es tan solo un elemento de esta. <\/span><\/p>\n<p>&nbsp;<\/p>\n<p dir=\"ltr\"><strong>Adair Rodr\u00edguez<\/strong><\/p>\n<p dir=\"ltr\"><strong>UTEL Editorial<\/strong><\/p>\n<p><strong>\u00a0<\/strong><\/p>\n<div id=\"advads-564258242\" class=\"advads-cta-lp-banner-form advads-entity-placement\"><a href=\"https:\/\/utel.mx\/blog\/admisiones-universidad-online\/?utm_source=blog&#038;utm_medium=CTAlink&#038;utm_campaign=MKTseo\" aria-label=\"Universidad en linea\"><img src=\"https:\/\/utel.mx\/blog\/wp-content\/uploads\/2025\/04\/universidad-en-linea-1.png\" alt=\"Universidad en linea\"  srcset=\"https:\/\/utel.mx\/blog\/wp-content\/uploads\/2025\/04\/universidad-en-linea-1.png 626w, https:\/\/utel.mx\/blog\/wp-content\/uploads\/2025\/04\/universidad-en-linea-1-420x168.png 420w\" sizes=\"(max-width: 626px) 100vw, 626px\" width=\"626\" height=\"250\"   \/><\/a><\/div>","protected":false},"excerpt":{"rendered":"<p> [&hellip;]<\/p>\n","protected":false},"author":9,"featured_media":12392,"comment_status":"closed","ping_status":"open","sticky":false,"template":"","format":"standard","meta":{"_acf_changed":false,"site-sidebar-layout":"default","site-content-layout":"","ast-site-content-layout":"","site-content-style":"default","site-sidebar-style":"default","ast-global-header-display":"","ast-banner-title-visibility":"","ast-main-header-display":"","ast-hfb-above-header-display":"","ast-hfb-below-header-display":"","ast-hfb-mobile-header-display":"","site-post-title":"","ast-breadcrumbs-content":"","ast-featured-img":"","footer-sml-layout":"","theme-transparent-header-meta":"","adv-header-id-meta":"","stick-header-meta":"","header-above-stick-meta":"","header-main-stick-meta":"","header-below-stick-meta":"","astra-migrate-meta-layouts":"default","ast-page-background-enabled":"default","ast-page-background-meta":{"desktop":{"background-color":"var(--ast-global-color-4)","background-image":"","background-repeat":"repeat","background-position":"center center","background-size":"auto","background-attachment":"scroll","background-type":"","background-media":"","overlay-type":"","overlay-color":"","overlay-gradient":""},"tablet":{"background-color":"","background-image":"","background-repeat":"repeat","background-position":"center center","background-size":"auto","background-attachment":"scroll","background-type":"","background-media":"","overlay-type":"","overlay-color":"","overlay-gradient":""},"mobile":{"background-color":"","background-image":"","background-repeat":"repeat","background-position":"center center","background-size":"auto","background-attachment":"scroll","background-type":"","background-media":"","overlay-type":"","overlay-color":"","overlay-gradient":""}},"ast-content-background-meta":{"desktop":{"background-color":"var(--ast-global-color-5)","background-image":"","background-repeat":"repeat","background-position":"center center","background-size":"auto","background-attachment":"scroll","background-type":"","background-media":"","overlay-type":"","overlay-color":"","overlay-gradient":""},"tablet":{"background-color":"var(--ast-global-color-5)","background-image":"","background-repeat":"repeat","background-position":"center center","background-size":"auto","background-attachment":"scroll","background-type":"","background-media":"","overlay-type":"","overlay-color":"","overlay-gradient":""},"mobile":{"background-color":"var(--ast-global-color-5)","background-image":"","background-repeat":"repeat","background-position":"center center","background-size":"auto","background-attachment":"scroll","background-type":"","background-media":"","overlay-type":"","overlay-color":"","overlay-gradient":""}},"footnotes":""},"categories":[32],"tags":[],"class_list":["post-12349","post","type-post","status-publish","format-standard","has-post-thumbnail","hentry","category-10-consejos-para"],"acf":[],"yoast_head":"<!-- This site is optimized with the Yoast SEO plugin v26.8 - https:\/\/yoast.com\/product\/yoast-seo-wordpress\/ -->\n<title>El Derecho Empresarial en M\u00e9xico - BLOG | Utel<\/title>\n<meta name=\"description\" content=\"La importancia del derecho empresarial radica en el an\u00e1lisis de las necesidades jur\u00eddicas de las empresas\" \/>\n<meta name=\"robots\" content=\"index, follow, max-snippet:-1, max-image-preview:large, max-video-preview:-1\" \/>\n<link rel=\"canonical\" href=\"https:\/\/utel.mx\/blog\/10-consejos-para\/derecho-empresarial\/\" \/>\n<meta property=\"og:locale\" content=\"es_ES\" \/>\n<meta property=\"og:type\" content=\"article\" \/>\n<meta property=\"og:title\" content=\"El Derecho Empresarial en M\u00e9xico - BLOG | Utel\" \/>\n<meta property=\"og:description\" content=\"La importancia del derecho empresarial radica en el an\u00e1lisis de las necesidades jur\u00eddicas de las empresas\" \/>\n<meta property=\"og:url\" content=\"https:\/\/utel.mx\/blog\/10-consejos-para\/derecho-empresarial\/\" \/>\n<meta property=\"og:site_name\" content=\"BLOG | Utel\" \/>\n<meta property=\"article:published_time\" content=\"2014-03-03T21:29:32+00:00\" \/>\n<meta property=\"article:modified_time\" content=\"2023-03-10T16:57:56+00:00\" \/>\n<meta property=\"og:image\" content=\"https:\/\/utel.mx\/blog\/wp-content\/uploads\/2014\/03\/shutterstock_113634316.jpg\" \/>\n\t<meta property=\"og:image:width\" content=\"1000\" \/>\n\t<meta property=\"og:image:height\" content=\"667\" \/>\n\t<meta property=\"og:image:type\" content=\"image\/jpeg\" \/>\n<meta name=\"author\" content=\"Hayde\u00e9 (Editor)\" \/>\n<meta name=\"twitter:label1\" content=\"Written by\" \/>\n\t<meta name=\"twitter:data1\" content=\"Hayde\u00e9 (Editor)\" \/>\n\t<meta name=\"twitter:label2\" content=\"Est. reading time\" \/>\n\t<meta name=\"twitter:data2\" content=\"2 minutos\" \/>\n<script type=\"application\/ld+json\" class=\"yoast-schema-graph\">{\"@context\":\"https:\/\/schema.org\",\"@graph\":[{\"@type\":\"Article\",\"@id\":\"https:\/\/utel.mx\/blog\/10-consejos-para\/derecho-empresarial\/#article\",\"isPartOf\":{\"@id\":\"https:\/\/utel.mx\/blog\/10-consejos-para\/derecho-empresarial\/\"},\"author\":{\"name\":\"Hayde\u00e9 (Editor)\",\"@id\":\"https:\/\/utel.mx\/blog\/#\/schema\/person\/9a4c3940beef2724facfef4f2ccec7da\"},\"headline\":\"El Derecho Empresarial en M\u00e9xico\",\"datePublished\":\"2014-03-03T21:29:32+00:00\",\"dateModified\":\"2023-03-10T16:57:56+00:00\",\"mainEntityOfPage\":{\"@id\":\"https:\/\/utel.mx\/blog\/10-consejos-para\/derecho-empresarial\/\"},\"wordCount\":357,\"publisher\":{\"@id\":\"https:\/\/utel.mx\/blog\/#organization\"},\"image\":{\"@id\":\"https:\/\/utel.mx\/blog\/10-consejos-para\/derecho-empresarial\/#primaryimage\"},\"thumbnailUrl\":\"https:\/\/utel.mx\/blog\/wp-content\/uploads\/2014\/03\/shutterstock_113634316.jpg\",\"articleSection\":[\"Tips\"],\"inLanguage\":\"es\"},{\"@type\":\"WebPage\",\"@id\":\"https:\/\/utel.mx\/blog\/10-consejos-para\/derecho-empresarial\/\",\"url\":\"https:\/\/utel.mx\/blog\/10-consejos-para\/derecho-empresarial\/\",\"name\":\"El Derecho Empresarial en M\u00e9xico - BLOG | Utel\",\"isPartOf\":{\"@id\":\"https:\/\/utel.mx\/blog\/#website\"},\"primaryImageOfPage\":{\"@id\":\"https:\/\/utel.mx\/blog\/10-consejos-para\/derecho-empresarial\/#primaryimage\"},\"image\":{\"@id\":\"https:\/\/utel.mx\/blog\/10-consejos-para\/derecho-empresarial\/#primaryimage\"},\"thumbnailUrl\":\"https:\/\/utel.mx\/blog\/wp-content\/uploads\/2014\/03\/shutterstock_113634316.jpg\",\"datePublished\":\"2014-03-03T21:29:32+00:00\",\"dateModified\":\"2023-03-10T16:57:56+00:00\",\"description\":\"La importancia del derecho empresarial radica en el an\u00e1lisis de las necesidades jur\u00eddicas de las empresas\",\"breadcrumb\":{\"@id\":\"https:\/\/utel.mx\/blog\/10-consejos-para\/derecho-empresarial\/#breadcrumb\"},\"inLanguage\":\"es\",\"potentialAction\":[{\"@type\":\"ReadAction\",\"target\":[\"https:\/\/utel.mx\/blog\/10-consejos-para\/derecho-empresarial\/\"]}]},{\"@type\":\"ImageObject\",\"inLanguage\":\"es\",\"@id\":\"https:\/\/utel.mx\/blog\/10-consejos-para\/derecho-empresarial\/#primaryimage\",\"url\":\"https:\/\/utel.mx\/blog\/wp-content\/uploads\/2014\/03\/shutterstock_113634316.jpg\",\"contentUrl\":\"https:\/\/utel.mx\/blog\/wp-content\/uploads\/2014\/03\/shutterstock_113634316.jpg\",\"width\":1000,\"height\":667,\"caption\":\"El Derecho Empresarial en M\u00e9xico | Blog - UTEL\"},{\"@type\":\"BreadcrumbList\",\"@id\":\"https:\/\/utel.mx\/blog\/10-consejos-para\/derecho-empresarial\/#breadcrumb\",\"itemListElement\":[{\"@type\":\"ListItem\",\"position\":1,\"name\":\"Home\",\"item\":\"https:\/\/utel.mx\/blog\/\"},{\"@type\":\"ListItem\",\"position\":2,\"name\":\"El Derecho Empresarial en M\u00e9xico\"}]},{\"@type\":\"WebSite\",\"@id\":\"https:\/\/utel.mx\/blog\/#website\",\"url\":\"https:\/\/utel.mx\/blog\/\",\"name\":\"BLOG | Utel\",\"description\":\"Blog UTEL Universidad en L\u00ednea\",\"publisher\":{\"@id\":\"https:\/\/utel.mx\/blog\/#organization\"},\"potentialAction\":[{\"@type\":\"SearchAction\",\"target\":{\"@type\":\"EntryPoint\",\"urlTemplate\":\"https:\/\/utel.mx\/blog\/?s={search_term_string}\"},\"query-input\":{\"@type\":\"PropertyValueSpecification\",\"valueRequired\":true,\"valueName\":\"search_term_string\"}}],\"inLanguage\":\"es\"},{\"@type\":\"Organization\",\"@id\":\"https:\/\/utel.mx\/blog\/#organization\",\"name\":\"BLOG | Utel\",\"url\":\"https:\/\/utel.mx\/blog\/\",\"logo\":{\"@type\":\"ImageObject\",\"inLanguage\":\"es\",\"@id\":\"https:\/\/utel.mx\/blog\/#\/schema\/logo\/image\/\",\"url\":\"https:\/\/utel.mx\/blog\/wp-content\/uploads\/2023\/03\/cropped-logo-blog.png\",\"contentUrl\":\"https:\/\/utel.mx\/blog\/wp-content\/uploads\/2023\/03\/cropped-logo-blog.png\",\"width\":237,\"height\":64,\"caption\":\"BLOG | Utel\"},\"image\":{\"@id\":\"https:\/\/utel.mx\/blog\/#\/schema\/logo\/image\/\"}},{\"@type\":\"Person\",\"@id\":\"https:\/\/utel.mx\/blog\/#\/schema\/person\/9a4c3940beef2724facfef4f2ccec7da\",\"name\":\"Hayde\u00e9 (Editor)\",\"image\":{\"@type\":\"ImageObject\",\"inLanguage\":\"es\",\"@id\":\"https:\/\/utel.mx\/blog\/#\/schema\/person\/image\/\",\"url\":\"https:\/\/secure.gravatar.com\/avatar\/ba63bb7f074f0dfa874cba0ef5d985a5?s=96&d=mm&r=g\",\"contentUrl\":\"https:\/\/secure.gravatar.com\/avatar\/ba63bb7f074f0dfa874cba0ef5d985a5?s=96&d=mm&r=g\",\"caption\":\"Hayde\u00e9 (Editor)\"},\"description\":\"Licenciada en Ciencias de la Comunicaci\u00f3n\"}]}<\/script>\n<!-- \/ Yoast SEO plugin. -->","yoast_head_json":{"title":"El Derecho Empresarial en M\u00e9xico - BLOG | Utel","description":"La importancia del derecho empresarial radica en el an\u00e1lisis de las necesidades jur\u00eddicas de las empresas","robots":{"index":"index","follow":"follow","max-snippet":"max-snippet:-1","max-image-preview":"max-image-preview:large","max-video-preview":"max-video-preview:-1"},"canonical":"https:\/\/utel.mx\/blog\/10-consejos-para\/derecho-empresarial\/","og_locale":"es_ES","og_type":"article","og_title":"El Derecho Empresarial en M\u00e9xico - BLOG | Utel","og_description":"La importancia del derecho empresarial radica en el an\u00e1lisis de las necesidades jur\u00eddicas de las empresas","og_url":"https:\/\/utel.mx\/blog\/10-consejos-para\/derecho-empresarial\/","og_site_name":"BLOG | Utel","article_published_time":"2014-03-03T21:29:32+00:00","article_modified_time":"2023-03-10T16:57:56+00:00","og_image":[{"width":1000,"height":667,"url":"https:\/\/utel.mx\/blog\/wp-content\/uploads\/2014\/03\/shutterstock_113634316.jpg","type":"image\/jpeg"}],"author":"Hayde\u00e9 (Editor)","twitter_misc":{"Written by":"Hayde\u00e9 (Editor)","Est. reading time":"2 minutos"},"schema":{"@context":"https:\/\/schema.org","@graph":[{"@type":"Article","@id":"https:\/\/utel.mx\/blog\/10-consejos-para\/derecho-empresarial\/#article","isPartOf":{"@id":"https:\/\/utel.mx\/blog\/10-consejos-para\/derecho-empresarial\/"},"author":{"name":"Hayde\u00e9 (Editor)","@id":"https:\/\/utel.mx\/blog\/#\/schema\/person\/9a4c3940beef2724facfef4f2ccec7da"},"headline":"El Derecho Empresarial en M\u00e9xico","datePublished":"2014-03-03T21:29:32+00:00","dateModified":"2023-03-10T16:57:56+00:00","mainEntityOfPage":{"@id":"https:\/\/utel.mx\/blog\/10-consejos-para\/derecho-empresarial\/"},"wordCount":357,"publisher":{"@id":"https:\/\/utel.mx\/blog\/#organization"},"image":{"@id":"https:\/\/utel.mx\/blog\/10-consejos-para\/derecho-empresarial\/#primaryimage"},"thumbnailUrl":"https:\/\/utel.mx\/blog\/wp-content\/uploads\/2014\/03\/shutterstock_113634316.jpg","articleSection":["Tips"],"inLanguage":"es"},{"@type":"WebPage","@id":"https:\/\/utel.mx\/blog\/10-consejos-para\/derecho-empresarial\/","url":"https:\/\/utel.mx\/blog\/10-consejos-para\/derecho-empresarial\/","name":"El Derecho Empresarial en M\u00e9xico - BLOG | Utel","isPartOf":{"@id":"https:\/\/utel.mx\/blog\/#website"},"primaryImageOfPage":{"@id":"https:\/\/utel.mx\/blog\/10-consejos-para\/derecho-empresarial\/#primaryimage"},"image":{"@id":"https:\/\/utel.mx\/blog\/10-consejos-para\/derecho-empresarial\/#primaryimage"},"thumbnailUrl":"https:\/\/utel.mx\/blog\/wp-content\/uploads\/2014\/03\/shutterstock_113634316.jpg","datePublished":"2014-03-03T21:29:32+00:00","dateModified":"2023-03-10T16:57:56+00:00","description":"La importancia del derecho empresarial radica en el an\u00e1lisis de las necesidades jur\u00eddicas de las empresas","breadcrumb":{"@id":"https:\/\/utel.mx\/blog\/10-consejos-para\/derecho-empresarial\/#breadcrumb"},"inLanguage":"es","potentialAction":[{"@type":"ReadAction","target":["https:\/\/utel.mx\/blog\/10-consejos-para\/derecho-empresarial\/"]}]},{"@type":"ImageObject","inLanguage":"es","@id":"https:\/\/utel.mx\/blog\/10-consejos-para\/derecho-empresarial\/#primaryimage","url":"https:\/\/utel.mx\/blog\/wp-content\/uploads\/2014\/03\/shutterstock_113634316.jpg","contentUrl":"https:\/\/utel.mx\/blog\/wp-content\/uploads\/2014\/03\/shutterstock_113634316.jpg","width":1000,"height":667,"caption":"El Derecho Empresarial en M\u00e9xico | Blog - UTEL"},{"@type":"BreadcrumbList","@id":"https:\/\/utel.mx\/blog\/10-consejos-para\/derecho-empresarial\/#breadcrumb","itemListElement":[{"@type":"ListItem","position":1,"name":"Home","item":"https:\/\/utel.mx\/blog\/"},{"@type":"ListItem","position":2,"name":"El Derecho Empresarial en M\u00e9xico"}]},{"@type":"WebSite","@id":"https:\/\/utel.mx\/blog\/#website","url":"https:\/\/utel.mx\/blog\/","name":"BLOG | Utel","description":"Blog UTEL Universidad en L\u00ednea","publisher":{"@id":"https:\/\/utel.mx\/blog\/#organization"},"potentialAction":[{"@type":"SearchAction","target":{"@type":"EntryPoint","urlTemplate":"https:\/\/utel.mx\/blog\/?s={search_term_string}"},"query-input":{"@type":"PropertyValueSpecification","valueRequired":true,"valueName":"search_term_string"}}],"inLanguage":"es"},{"@type":"Organization","@id":"https:\/\/utel.mx\/blog\/#organization","name":"BLOG | Utel","url":"https:\/\/utel.mx\/blog\/","logo":{"@type":"ImageObject","inLanguage":"es","@id":"https:\/\/utel.mx\/blog\/#\/schema\/logo\/image\/","url":"https:\/\/utel.mx\/blog\/wp-content\/uploads\/2023\/03\/cropped-logo-blog.png","contentUrl":"https:\/\/utel.mx\/blog\/wp-content\/uploads\/2023\/03\/cropped-logo-blog.png","width":237,"height":64,"caption":"BLOG | Utel"},"image":{"@id":"https:\/\/utel.mx\/blog\/#\/schema\/logo\/image\/"}},{"@type":"Person","@id":"https:\/\/utel.mx\/blog\/#\/schema\/person\/9a4c3940beef2724facfef4f2ccec7da","name":"Hayde\u00e9 (Editor)","image":{"@type":"ImageObject","inLanguage":"es","@id":"https:\/\/utel.mx\/blog\/#\/schema\/person\/image\/","url":"https:\/\/secure.gravatar.com\/avatar\/ba63bb7f074f0dfa874cba0ef5d985a5?s=96&d=mm&r=g","contentUrl":"https:\/\/secure.gravatar.com\/avatar\/ba63bb7f074f0dfa874cba0ef5d985a5?s=96&d=mm&r=g","caption":"Hayde\u00e9 (Editor)"},"description":"Licenciada en Ciencias de la Comunicaci\u00f3n"}]}},"_links":{"self":[{"href":"https:\/\/utel.mx\/blog\/wp-json\/wp\/v2\/posts\/12349","targetHints":{"allow":["GET"]}}],"collection":[{"href":"https:\/\/utel.mx\/blog\/wp-json\/wp\/v2\/posts"}],"about":[{"href":"https:\/\/utel.mx\/blog\/wp-json\/wp\/v2\/types\/post"}],"author":[{"embeddable":true,"href":"https:\/\/utel.mx\/blog\/wp-json\/wp\/v2\/users\/9"}],"replies":[{"embeddable":true,"href":"https:\/\/utel.mx\/blog\/wp-json\/wp\/v2\/comments?post=12349"}],"version-history":[{"count":1,"href":"https:\/\/utel.mx\/blog\/wp-json\/wp\/v2\/posts\/12349\/revisions"}],"predecessor-version":[{"id":45323,"href":"https:\/\/utel.mx\/blog\/wp-json\/wp\/v2\/posts\/12349\/revisions\/45323"}],"wp:featuredmedia":[{"embeddable":true,"href":"https:\/\/utel.mx\/blog\/wp-json\/wp\/v2\/media\/12392"}],"wp:attachment":[{"href":"https:\/\/utel.mx\/blog\/wp-json\/wp\/v2\/media?parent=12349"}],"wp:term":[{"taxonomy":"category","embeddable":true,"href":"https:\/\/utel.mx\/blog\/wp-json\/wp\/v2\/categories?post=12349"},{"taxonomy":"post_tag","embeddable":true,"href":"https:\/\/utel.mx\/blog\/wp-json\/wp\/v2\/tags?post=12349"}],"curies":[{"name":"wp","href":"https:\/\/api.w.org\/{rel}","templated":true}]}}