{"id":12431,"date":"2014-03-11T23:15:35","date_gmt":"2014-03-11T23:15:35","guid":{"rendered":"http:\/\/utel.mx\/blog\/?p=12431"},"modified":"2023-03-10T16:57:50","modified_gmt":"2023-03-10T16:57:50","slug":"conoce-el-modelo-de-preferencias-cerebrales-de-herrmann","status":"publish","type":"post","link":"https:\/\/utel.mx\/blog\/rol-personal\/conoce-el-modelo-de-preferencias-cerebrales-de-herrmann\/","title":{"rendered":"Conoce el modelo de preferencias cerebrales de Herrmann"},"content":{"rendered":"<p dir=\"ltr\"><span style=\"color: #000000;\"><strong>El modelo de preferencias cerebrales<\/strong> nos permite conocer nuestra propia naturaleza, es un instrumento de desarrollo personal y profesional.<\/span><\/p>\n<p dir=\"ltr\"><span style=\"color: #000000;\"><strong>Ned Herrmann<\/strong>, quien fue directivo de la empresa General Electric, es el creador de este modelo y a lo largo de su carrera cosech\u00f3 distinciones y premios de distintos rubros, en la <strong>Universidad Coronell<\/strong> donde realiz\u00f3 sus estudios recibi\u00f3 un premio de M\u00fasica y F\u00edsica, ya en el \u00e1mbito profesional, fue distinguido por su labor en la pintura y la escultura; su capacidad para desempe\u00f1arse en \u00e1reas tan dispares lo motiv\u00f3 a indagar m\u00e1s sobre el funcionamiento cerebral.<\/span><\/p>\n<p dir=\"ltr\"><span style=\"color: #000000;\">Con base en sus investigaciones acerca de d\u00f3nde proviene la creatividad, Ned Herrmann ide\u00f3 un <strong>modelo cerebral de cuatro cuadrantes<\/strong> para explicar el proceso del pensamiento y la creaci\u00f3n; as\u00ed cada cuadrante est\u00e1 vinculado a un estilo particular de pensar, crear y aprender. Los modos preferidos de percepci\u00f3n son: pensamiento, resoluci\u00f3n de problemas, toma de decisiones y <strong><span style=\"color: #008a5d;\"><a style=\"color: #008a5d;\" href=\"https:\/\/utel.mx\/blog\/10-consejos-para\/descubre-que-es-el-aprendizaje-cuantico\/?utm_source=blog&amp;utm_medium=CTA+Link&amp;utm_campaign=Mktcomunicacion\" target=\"_blank\" rel=\"noopener\">aprendizaje<\/a><\/span><\/strong>.<\/span><\/p>\n<p dir=\"ltr\"><span style=\"color: #000000;\">Tomando como base un modelo metaf\u00f3ricamente redondo, Herrmann divide al cerebro en cuatro secciones, superior izquierda derecha e inferior izquierda derecha, o siguiendo este orden de izquierda a derecha en forma descendente: A, D, B, C; cada lado con caracter\u00edsticas particulares que se explican a continuaci\u00f3n:<\/span><\/p>\n<p><span style=\"color: #000000;\">A. Se encarga de <strong>los procesos l\u00f3gicos<\/strong>, anal\u00edticos, cr\u00edticos, matem\u00e1ticos y realistas.<\/span><\/p>\n<p dir=\"ltr\"><span style=\"color: #000000;\">D. Lado de <strong>lo creativo<\/strong>, art\u00edstico, global, intuitivo y conceptual.<\/span><\/p>\n<p dir=\"ltr\"><span style=\"color: #000000;\">B. Ah\u00ed interviene <strong>lo controlado<\/strong>, organizado, concreto, ordenado y minucioso.<\/span><\/p>\n<p dir=\"ltr\"><span style=\"color: #000000;\">C. Implica <strong>lo sensible<\/strong>, emotivo, intuitivo, relacional y espiritual.<\/span><\/p>\n<p dir=\"ltr\"><span style=\"color: #000000;\">Herrmann sostiene que las preferencias cerebrales no implican ser m\u00e1s inteligente o tener m\u00e1s competencias entre unas u otras personas, es solamente una manera de distinguir qu\u00e9 lado o \u00e1rea es la que desarrolla m\u00e1s una persona y as\u00ed entender sus <strong>talentos o capacidades<\/strong>, menciona que es un instrumento s\u00f3lo para identificar.<\/span><\/p>\n<p dir=\"ltr\"><span style=\"color: #000000;\">El modelo de preferencias cerebrales fue uno de los primeros en hacer distinciones en las \u00e1reas del cerebro implicadas en la creatividad o funcionamiento espec\u00edfico de determinadas actividades, a\u00fan es utilizado como referente para entender estilos de personalidad y c\u00f3mo \u00e9stas determinan el \u00e1rea en la que mejor se desenvuelve una persona.<\/span><\/p>\n<p dir=\"ltr\"><span style=\"color: #000000;\"><strong>Adair Rodr\u00edguez<\/strong><\/span><\/p>\n<p><span style=\"color: #000000;\"><strong>UTEL Editorial<\/strong><\/span><\/p>\n<p><\/p>\n\n\n<div class=\"wp-block-buttons is-content-justification-center is-layout-flex wp-block-buttons-is-layout-flex\">\n<div class=\"wp-block-button is-style-fill\"><a class=\"wp-block-button__link has-background\" href=\"https:\/\/admisiones.utel.edu.mx\/p\/utel-general?utm_source=blog&amp;utm_medium=cta-boton&amp;utm_campaign=MktComunicacion\" style=\"background-color:#85c14d\" target=\"_blank\" rel=\"noreferrer noopener\"> <span class=\"has-inline-color has-white-color\">M\u00e1s informaci\u00f3n aqu\u00ed<\/span> <\/a><\/div>\n<\/div>\n\n\n<p><\/p><div id=\"advads-2396138585\" class=\"advads-cta-lp-banner-form advads-entity-placement\"><a href=\"https:\/\/utel.mx\/blog\/admisiones-universidad-online\/?utm_source=blog&#038;utm_medium=CTAlink&#038;utm_campaign=MKTseo\" aria-label=\"Universidad en linea\"><img src=\"https:\/\/utel.mx\/blog\/wp-content\/uploads\/2025\/04\/universidad-en-linea-1.png\" alt=\"Universidad en linea\"  srcset=\"https:\/\/utel.mx\/blog\/wp-content\/uploads\/2025\/04\/universidad-en-linea-1.png 626w, https:\/\/utel.mx\/blog\/wp-content\/uploads\/2025\/04\/universidad-en-linea-1-420x168.png 420w\" sizes=\"(max-width: 626px) 100vw, 626px\" width=\"626\" height=\"250\"   \/><\/a><\/div>","protected":false},"excerpt":{"rendered":"<p> [&hellip;]<\/p>\n","protected":false},"author":40,"featured_media":40253,"comment_status":"closed","ping_status":"open","sticky":false,"template":"","format":"standard","meta":{"_acf_changed":false,"site-sidebar-layout":"default","site-content-layout":"","ast-site-content-layout":"","site-content-style":"default","site-sidebar-style":"default","ast-global-header-display":"","ast-banner-title-visibility":"","ast-main-header-display":"","ast-hfb-above-header-display":"","ast-hfb-below-header-display":"","ast-hfb-mobile-header-display":"","site-post-title":"","ast-breadcrumbs-content":"","ast-featured-img":"","footer-sml-layout":"","theme-transparent-header-meta":"","adv-header-id-meta":"","stick-header-meta":"","header-above-stick-meta":"","header-main-stick-meta":"","header-below-stick-meta":"","astra-migrate-meta-layouts":"default","ast-page-background-enabled":"default","ast-page-background-meta":{"desktop":{"background-color":"var(--ast-global-color-4)","background-image":"","background-repeat":"repeat","background-position":"center center","background-size":"auto","background-attachment":"scroll","background-type":"","background-media":"","overlay-type":"","overlay-color":"","overlay-gradient":""},"tablet":{"background-color":"","background-image":"","background-repeat":"repeat","background-position":"center center","background-size":"auto","background-attachment":"scroll","background-type":"","background-media":"","overlay-type":"","overlay-color":"","overlay-gradient":""},"mobile":{"background-color":"","background-image":"","background-repeat":"repeat","background-position":"center center","background-size":"auto","background-attachment":"scroll","background-type":"","background-media":"","overlay-type":"","overlay-color":"","overlay-gradient":""}},"ast-content-background-meta":{"desktop":{"background-color":"var(--ast-global-color-5)","background-image":"","background-repeat":"repeat","background-position":"center center","background-size":"auto","background-attachment":"scroll","background-type":"","background-media":"","overlay-type":"","overlay-color":"","overlay-gradient":""},"tablet":{"background-color":"var(--ast-global-color-5)","background-image":"","background-repeat":"repeat","background-position":"center center","background-size":"auto","background-attachment":"scroll","background-type":"","background-media":"","overlay-type":"","overlay-color":"","overlay-gradient":""},"mobile":{"background-color":"var(--ast-global-color-5)","background-image":"","background-repeat":"repeat","background-position":"center center","background-size":"auto","background-attachment":"scroll","background-type":"","background-media":"","overlay-type":"","overlay-color":"","overlay-gradient":""}},"footnotes":""},"categories":[33],"tags":[],"class_list":["post-12431","post","type-post","status-publish","format-standard","has-post-thumbnail","hentry","category-rol-personal"],"acf":[],"yoast_head":"<!-- This site is optimized with the Yoast SEO plugin v26.8 - https:\/\/yoast.com\/product\/yoast-seo-wordpress\/ -->\n<title>Conoce el modelo de preferencias cerebrales de Herrmann - BLOG | Utel<\/title>\n<meta name=\"description\" content=\"El modelo de preferencias cerebrales nos permite conocer nuestra naturaleza propia, es un instrumento de desarrollo personal y profesional\" \/>\n<meta name=\"robots\" content=\"index, follow, max-snippet:-1, max-image-preview:large, max-video-preview:-1\" \/>\n<link rel=\"canonical\" href=\"https:\/\/utel.mx\/blog\/rol-personal\/conoce-el-modelo-de-preferencias-cerebrales-de-herrmann\/\" \/>\n<meta property=\"og:locale\" content=\"es_ES\" \/>\n<meta property=\"og:type\" content=\"article\" \/>\n<meta property=\"og:title\" content=\"Conoce el modelo de preferencias cerebrales de Herrmann - BLOG | Utel\" \/>\n<meta property=\"og:description\" content=\"El modelo de preferencias cerebrales nos permite conocer nuestra naturaleza propia, es un instrumento de desarrollo personal y profesional\" \/>\n<meta property=\"og:url\" content=\"https:\/\/utel.mx\/blog\/rol-personal\/conoce-el-modelo-de-preferencias-cerebrales-de-herrmann\/\" \/>\n<meta property=\"og:site_name\" content=\"BLOG | Utel\" \/>\n<meta property=\"article:published_time\" content=\"2014-03-11T23:15:35+00:00\" \/>\n<meta property=\"article:modified_time\" content=\"2023-03-10T16:57:50+00:00\" \/>\n<meta property=\"og:image\" content=\"https:\/\/utel.mx\/blog\/wp-content\/uploads\/2014\/03\/Conoce-el-modelo-de-preferencias-cerebrales-de-Herrmann.jpg\" \/>\n\t<meta property=\"og:image:width\" content=\"600\" \/>\n\t<meta property=\"og:image:height\" content=\"300\" \/>\n\t<meta property=\"og:image:type\" content=\"image\/jpeg\" \/>\n<meta name=\"author\" content=\"Invitados UTEL\" \/>\n<meta name=\"twitter:label1\" content=\"Written by\" \/>\n\t<meta name=\"twitter:data1\" content=\"Invitados UTEL\" \/>\n\t<meta name=\"twitter:label2\" content=\"Est. reading time\" \/>\n\t<meta name=\"twitter:data2\" content=\"2 minutos\" \/>\n<script type=\"application\/ld+json\" class=\"yoast-schema-graph\">{\"@context\":\"https:\/\/schema.org\",\"@graph\":[{\"@type\":\"Article\",\"@id\":\"https:\/\/utel.mx\/blog\/rol-personal\/conoce-el-modelo-de-preferencias-cerebrales-de-herrmann\/#article\",\"isPartOf\":{\"@id\":\"https:\/\/utel.mx\/blog\/rol-personal\/conoce-el-modelo-de-preferencias-cerebrales-de-herrmann\/\"},\"author\":{\"name\":\"Invitados UTEL\",\"@id\":\"https:\/\/utel.mx\/blog\/#\/schema\/person\/e5b3d8d918f13bd0b0f4724daa90dd95\"},\"headline\":\"Conoce el modelo de preferencias cerebrales de Herrmann\",\"datePublished\":\"2014-03-11T23:15:35+00:00\",\"dateModified\":\"2023-03-10T16:57:50+00:00\",\"mainEntityOfPage\":{\"@id\":\"https:\/\/utel.mx\/blog\/rol-personal\/conoce-el-modelo-de-preferencias-cerebrales-de-herrmann\/\"},\"wordCount\":387,\"publisher\":{\"@id\":\"https:\/\/utel.mx\/blog\/#organization\"},\"image\":{\"@id\":\"https:\/\/utel.mx\/blog\/rol-personal\/conoce-el-modelo-de-preferencias-cerebrales-de-herrmann\/#primaryimage\"},\"thumbnailUrl\":\"https:\/\/utel.mx\/blog\/wp-content\/uploads\/2014\/03\/Conoce-el-modelo-de-preferencias-cerebrales-de-Herrmann.jpg\",\"articleSection\":[\"Rol personal\"],\"inLanguage\":\"es\"},{\"@type\":\"WebPage\",\"@id\":\"https:\/\/utel.mx\/blog\/rol-personal\/conoce-el-modelo-de-preferencias-cerebrales-de-herrmann\/\",\"url\":\"https:\/\/utel.mx\/blog\/rol-personal\/conoce-el-modelo-de-preferencias-cerebrales-de-herrmann\/\",\"name\":\"Conoce el modelo de preferencias cerebrales de Herrmann - BLOG | Utel\",\"isPartOf\":{\"@id\":\"https:\/\/utel.mx\/blog\/#website\"},\"primaryImageOfPage\":{\"@id\":\"https:\/\/utel.mx\/blog\/rol-personal\/conoce-el-modelo-de-preferencias-cerebrales-de-herrmann\/#primaryimage\"},\"image\":{\"@id\":\"https:\/\/utel.mx\/blog\/rol-personal\/conoce-el-modelo-de-preferencias-cerebrales-de-herrmann\/#primaryimage\"},\"thumbnailUrl\":\"https:\/\/utel.mx\/blog\/wp-content\/uploads\/2014\/03\/Conoce-el-modelo-de-preferencias-cerebrales-de-Herrmann.jpg\",\"datePublished\":\"2014-03-11T23:15:35+00:00\",\"dateModified\":\"2023-03-10T16:57:50+00:00\",\"description\":\"El modelo de preferencias cerebrales nos permite conocer nuestra naturaleza propia, es un instrumento de desarrollo personal y profesional\",\"breadcrumb\":{\"@id\":\"https:\/\/utel.mx\/blog\/rol-personal\/conoce-el-modelo-de-preferencias-cerebrales-de-herrmann\/#breadcrumb\"},\"inLanguage\":\"es\",\"potentialAction\":[{\"@type\":\"ReadAction\",\"target\":[\"https:\/\/utel.mx\/blog\/rol-personal\/conoce-el-modelo-de-preferencias-cerebrales-de-herrmann\/\"]}]},{\"@type\":\"ImageObject\",\"inLanguage\":\"es\",\"@id\":\"https:\/\/utel.mx\/blog\/rol-personal\/conoce-el-modelo-de-preferencias-cerebrales-de-herrmann\/#primaryimage\",\"url\":\"https:\/\/utel.mx\/blog\/wp-content\/uploads\/2014\/03\/Conoce-el-modelo-de-preferencias-cerebrales-de-Herrmann.jpg\",\"contentUrl\":\"https:\/\/utel.mx\/blog\/wp-content\/uploads\/2014\/03\/Conoce-el-modelo-de-preferencias-cerebrales-de-Herrmann.jpg\",\"width\":600,\"height\":300,\"caption\":\"Conoce el modelo de preferencias cerebrales de Herrmann\"},{\"@type\":\"BreadcrumbList\",\"@id\":\"https:\/\/utel.mx\/blog\/rol-personal\/conoce-el-modelo-de-preferencias-cerebrales-de-herrmann\/#breadcrumb\",\"itemListElement\":[{\"@type\":\"ListItem\",\"position\":1,\"name\":\"Home\",\"item\":\"https:\/\/utel.mx\/blog\/\"},{\"@type\":\"ListItem\",\"position\":2,\"name\":\"Conoce el modelo de preferencias cerebrales de Herrmann\"}]},{\"@type\":\"WebSite\",\"@id\":\"https:\/\/utel.mx\/blog\/#website\",\"url\":\"https:\/\/utel.mx\/blog\/\",\"name\":\"BLOG | Utel\",\"description\":\"Blog UTEL Universidad en L\u00ednea\",\"publisher\":{\"@id\":\"https:\/\/utel.mx\/blog\/#organization\"},\"potentialAction\":[{\"@type\":\"SearchAction\",\"target\":{\"@type\":\"EntryPoint\",\"urlTemplate\":\"https:\/\/utel.mx\/blog\/?s={search_term_string}\"},\"query-input\":{\"@type\":\"PropertyValueSpecification\",\"valueRequired\":true,\"valueName\":\"search_term_string\"}}],\"inLanguage\":\"es\"},{\"@type\":\"Organization\",\"@id\":\"https:\/\/utel.mx\/blog\/#organization\",\"name\":\"BLOG | Utel\",\"url\":\"https:\/\/utel.mx\/blog\/\",\"logo\":{\"@type\":\"ImageObject\",\"inLanguage\":\"es\",\"@id\":\"https:\/\/utel.mx\/blog\/#\/schema\/logo\/image\/\",\"url\":\"https:\/\/utel.mx\/blog\/wp-content\/uploads\/2023\/03\/cropped-logo-blog.png\",\"contentUrl\":\"https:\/\/utel.mx\/blog\/wp-content\/uploads\/2023\/03\/cropped-logo-blog.png\",\"width\":237,\"height\":64,\"caption\":\"BLOG | Utel\"},\"image\":{\"@id\":\"https:\/\/utel.mx\/blog\/#\/schema\/logo\/image\/\"}},{\"@type\":\"Person\",\"@id\":\"https:\/\/utel.mx\/blog\/#\/schema\/person\/e5b3d8d918f13bd0b0f4724daa90dd95\",\"name\":\"Invitados UTEL\",\"image\":{\"@type\":\"ImageObject\",\"inLanguage\":\"es\",\"@id\":\"https:\/\/utel.mx\/blog\/#\/schema\/person\/image\/\",\"url\":\"https:\/\/secure.gravatar.com\/avatar\/781456f1128be5a332ab27ea8b902597?s=96&d=mm&r=g\",\"contentUrl\":\"https:\/\/secure.gravatar.com\/avatar\/781456f1128be5a332ab27ea8b902597?s=96&d=mm&r=g\",\"caption\":\"Invitados UTEL\"},\"description\":\"Invitados . Colaboraciones por parte de invitados de la Comunidad UTEL\"}]}<\/script>\n<!-- \/ Yoast SEO plugin. -->","yoast_head_json":{"title":"Conoce el modelo de preferencias cerebrales de Herrmann - BLOG | Utel","description":"El modelo de preferencias cerebrales nos permite conocer nuestra naturaleza propia, es un instrumento de desarrollo personal y profesional","robots":{"index":"index","follow":"follow","max-snippet":"max-snippet:-1","max-image-preview":"max-image-preview:large","max-video-preview":"max-video-preview:-1"},"canonical":"https:\/\/utel.mx\/blog\/rol-personal\/conoce-el-modelo-de-preferencias-cerebrales-de-herrmann\/","og_locale":"es_ES","og_type":"article","og_title":"Conoce el modelo de preferencias cerebrales de Herrmann - BLOG | Utel","og_description":"El modelo de preferencias cerebrales nos permite conocer nuestra naturaleza propia, es un instrumento de desarrollo personal y profesional","og_url":"https:\/\/utel.mx\/blog\/rol-personal\/conoce-el-modelo-de-preferencias-cerebrales-de-herrmann\/","og_site_name":"BLOG | Utel","article_published_time":"2014-03-11T23:15:35+00:00","article_modified_time":"2023-03-10T16:57:50+00:00","og_image":[{"width":600,"height":300,"url":"https:\/\/utel.mx\/blog\/wp-content\/uploads\/2014\/03\/Conoce-el-modelo-de-preferencias-cerebrales-de-Herrmann.jpg","type":"image\/jpeg"}],"author":"Invitados UTEL","twitter_misc":{"Written by":"Invitados UTEL","Est. reading time":"2 minutos"},"schema":{"@context":"https:\/\/schema.org","@graph":[{"@type":"Article","@id":"https:\/\/utel.mx\/blog\/rol-personal\/conoce-el-modelo-de-preferencias-cerebrales-de-herrmann\/#article","isPartOf":{"@id":"https:\/\/utel.mx\/blog\/rol-personal\/conoce-el-modelo-de-preferencias-cerebrales-de-herrmann\/"},"author":{"name":"Invitados UTEL","@id":"https:\/\/utel.mx\/blog\/#\/schema\/person\/e5b3d8d918f13bd0b0f4724daa90dd95"},"headline":"Conoce el modelo de preferencias cerebrales de Herrmann","datePublished":"2014-03-11T23:15:35+00:00","dateModified":"2023-03-10T16:57:50+00:00","mainEntityOfPage":{"@id":"https:\/\/utel.mx\/blog\/rol-personal\/conoce-el-modelo-de-preferencias-cerebrales-de-herrmann\/"},"wordCount":387,"publisher":{"@id":"https:\/\/utel.mx\/blog\/#organization"},"image":{"@id":"https:\/\/utel.mx\/blog\/rol-personal\/conoce-el-modelo-de-preferencias-cerebrales-de-herrmann\/#primaryimage"},"thumbnailUrl":"https:\/\/utel.mx\/blog\/wp-content\/uploads\/2014\/03\/Conoce-el-modelo-de-preferencias-cerebrales-de-Herrmann.jpg","articleSection":["Rol personal"],"inLanguage":"es"},{"@type":"WebPage","@id":"https:\/\/utel.mx\/blog\/rol-personal\/conoce-el-modelo-de-preferencias-cerebrales-de-herrmann\/","url":"https:\/\/utel.mx\/blog\/rol-personal\/conoce-el-modelo-de-preferencias-cerebrales-de-herrmann\/","name":"Conoce el modelo de preferencias cerebrales de Herrmann - BLOG | Utel","isPartOf":{"@id":"https:\/\/utel.mx\/blog\/#website"},"primaryImageOfPage":{"@id":"https:\/\/utel.mx\/blog\/rol-personal\/conoce-el-modelo-de-preferencias-cerebrales-de-herrmann\/#primaryimage"},"image":{"@id":"https:\/\/utel.mx\/blog\/rol-personal\/conoce-el-modelo-de-preferencias-cerebrales-de-herrmann\/#primaryimage"},"thumbnailUrl":"https:\/\/utel.mx\/blog\/wp-content\/uploads\/2014\/03\/Conoce-el-modelo-de-preferencias-cerebrales-de-Herrmann.jpg","datePublished":"2014-03-11T23:15:35+00:00","dateModified":"2023-03-10T16:57:50+00:00","description":"El modelo de preferencias cerebrales nos permite conocer nuestra naturaleza propia, es un instrumento de desarrollo personal y profesional","breadcrumb":{"@id":"https:\/\/utel.mx\/blog\/rol-personal\/conoce-el-modelo-de-preferencias-cerebrales-de-herrmann\/#breadcrumb"},"inLanguage":"es","potentialAction":[{"@type":"ReadAction","target":["https:\/\/utel.mx\/blog\/rol-personal\/conoce-el-modelo-de-preferencias-cerebrales-de-herrmann\/"]}]},{"@type":"ImageObject","inLanguage":"es","@id":"https:\/\/utel.mx\/blog\/rol-personal\/conoce-el-modelo-de-preferencias-cerebrales-de-herrmann\/#primaryimage","url":"https:\/\/utel.mx\/blog\/wp-content\/uploads\/2014\/03\/Conoce-el-modelo-de-preferencias-cerebrales-de-Herrmann.jpg","contentUrl":"https:\/\/utel.mx\/blog\/wp-content\/uploads\/2014\/03\/Conoce-el-modelo-de-preferencias-cerebrales-de-Herrmann.jpg","width":600,"height":300,"caption":"Conoce el modelo de preferencias cerebrales de Herrmann"},{"@type":"BreadcrumbList","@id":"https:\/\/utel.mx\/blog\/rol-personal\/conoce-el-modelo-de-preferencias-cerebrales-de-herrmann\/#breadcrumb","itemListElement":[{"@type":"ListItem","position":1,"name":"Home","item":"https:\/\/utel.mx\/blog\/"},{"@type":"ListItem","position":2,"name":"Conoce el modelo de preferencias cerebrales de Herrmann"}]},{"@type":"WebSite","@id":"https:\/\/utel.mx\/blog\/#website","url":"https:\/\/utel.mx\/blog\/","name":"BLOG | Utel","description":"Blog UTEL Universidad en L\u00ednea","publisher":{"@id":"https:\/\/utel.mx\/blog\/#organization"},"potentialAction":[{"@type":"SearchAction","target":{"@type":"EntryPoint","urlTemplate":"https:\/\/utel.mx\/blog\/?s={search_term_string}"},"query-input":{"@type":"PropertyValueSpecification","valueRequired":true,"valueName":"search_term_string"}}],"inLanguage":"es"},{"@type":"Organization","@id":"https:\/\/utel.mx\/blog\/#organization","name":"BLOG | Utel","url":"https:\/\/utel.mx\/blog\/","logo":{"@type":"ImageObject","inLanguage":"es","@id":"https:\/\/utel.mx\/blog\/#\/schema\/logo\/image\/","url":"https:\/\/utel.mx\/blog\/wp-content\/uploads\/2023\/03\/cropped-logo-blog.png","contentUrl":"https:\/\/utel.mx\/blog\/wp-content\/uploads\/2023\/03\/cropped-logo-blog.png","width":237,"height":64,"caption":"BLOG | Utel"},"image":{"@id":"https:\/\/utel.mx\/blog\/#\/schema\/logo\/image\/"}},{"@type":"Person","@id":"https:\/\/utel.mx\/blog\/#\/schema\/person\/e5b3d8d918f13bd0b0f4724daa90dd95","name":"Invitados UTEL","image":{"@type":"ImageObject","inLanguage":"es","@id":"https:\/\/utel.mx\/blog\/#\/schema\/person\/image\/","url":"https:\/\/secure.gravatar.com\/avatar\/781456f1128be5a332ab27ea8b902597?s=96&d=mm&r=g","contentUrl":"https:\/\/secure.gravatar.com\/avatar\/781456f1128be5a332ab27ea8b902597?s=96&d=mm&r=g","caption":"Invitados UTEL"},"description":"Invitados . Colaboraciones por parte de invitados de la Comunidad UTEL"}]}},"_links":{"self":[{"href":"https:\/\/utel.mx\/blog\/wp-json\/wp\/v2\/posts\/12431","targetHints":{"allow":["GET"]}}],"collection":[{"href":"https:\/\/utel.mx\/blog\/wp-json\/wp\/v2\/posts"}],"about":[{"href":"https:\/\/utel.mx\/blog\/wp-json\/wp\/v2\/types\/post"}],"author":[{"embeddable":true,"href":"https:\/\/utel.mx\/blog\/wp-json\/wp\/v2\/users\/40"}],"replies":[{"embeddable":true,"href":"https:\/\/utel.mx\/blog\/wp-json\/wp\/v2\/comments?post=12431"}],"version-history":[{"count":3,"href":"https:\/\/utel.mx\/blog\/wp-json\/wp\/v2\/posts\/12431\/revisions"}],"predecessor-version":[{"id":40254,"href":"https:\/\/utel.mx\/blog\/wp-json\/wp\/v2\/posts\/12431\/revisions\/40254"}],"wp:featuredmedia":[{"embeddable":true,"href":"https:\/\/utel.mx\/blog\/wp-json\/wp\/v2\/media\/40253"}],"wp:attachment":[{"href":"https:\/\/utel.mx\/blog\/wp-json\/wp\/v2\/media?parent=12431"}],"wp:term":[{"taxonomy":"category","embeddable":true,"href":"https:\/\/utel.mx\/blog\/wp-json\/wp\/v2\/categories?post=12431"},{"taxonomy":"post_tag","embeddable":true,"href":"https:\/\/utel.mx\/blog\/wp-json\/wp\/v2\/tags?post=12431"}],"curies":[{"name":"wp","href":"https:\/\/api.w.org\/{rel}","templated":true}]}}