{"id":12772,"date":"2014-04-03T00:16:01","date_gmt":"2014-04-03T00:16:01","guid":{"rendered":"http:\/\/utel.mx\/blog\/?p=12772"},"modified":"2023-03-10T16:57:38","modified_gmt":"2023-03-10T16:57:38","slug":"el-coach-ejecutivo-orientado-a-objetivos-empresariales","status":"publish","type":"post","link":"https:\/\/utel.mx\/blog\/rol-personal\/el-coach-ejecutivo-orientado-a-objetivos-empresariales\/","title":{"rendered":"El coach ejecutivo, orientado a objetivos empresariales"},"content":{"rendered":"<p style=\"text-align: justify;\" align=\"center\">Hoy en d\u00eda es inaceptable pensar que una empresa funciona y es exitosa por s\u00ed misma. \u00a0Como ya se sabe, los empleados son el motor de una compa\u00f1\u00eda y de ellos depende el buen funcionamiento de la misma.<\/p>\n<p style=\"text-align: justify;\">Es por eso que en los \u00faltimos a\u00f1os se han incrementado los beneficios y la calidad laboral en pos de que los empleados se sientan felices, c\u00f3modos y con un sentido de pertenencia hacia el lugar en donde trabajan, ya que est\u00e1 comprobado que un empleado que es feliz y se siente seguro y c\u00f3modo con su puesto, representa mayor productividad y por lo tanto, mayores ganancias para la empresa.<\/p>\n<p style=\"text-align: justify;\">Sin embargo, hay quienes necesitan de una constante fuente de motivaci\u00f3n para realizar su trabajo de la mejor manera posible, as\u00ed como para buscar orientaci\u00f3n y retroalimentaci\u00f3n en sus labores. Es aqu\u00ed donde la figura del <b>coach ejecutivo<\/b> entra en juego.<\/p>\n<p style=\"text-align: justify;\">Un directivo o jefe no precisamente es un l\u00edder. Para llegar a serlo, se necesita m\u00e1s que s\u00f3lo autoridad hacia los empleados. Seg\u00fan Richard Leider, pionero en el coaching ejecutivo y Fundador y presidente de Inventure Group, un l\u00edder se desempe\u00f1a mejor cuando act\u00faa en armon\u00eda con \u00e9l mismo, lo que se traduce a que si un l\u00edder tiene seguridad y metas bien establecidas, ser\u00e1 capaz de transmitir esas emociones positivas a su equipo de trabajo para as\u00ed lograr los objetivos planteados.<\/p>\n<p style=\"text-align: justify;\">Seg\u00fan Leider, la labor de un <em>coach ejecutivo<\/em>\u00a0consiste en dos aspectos principales: incrementar las utilidades de la empresa de manera r\u00e1pida y\u00a0 generar estrategias para que los empresarios tengan m\u00e1s tiempo para ellos mismos y dejen de trabajar \u201cen\u201d su negocio y comiencen a trabajar \u201cpara\u201d su negocio.<\/p>\n<p style=\"text-align: justify;\">Gracias a esto es que los equipos de trabajo, bajo la asesor\u00eda de un coach, logran los objetivos en menor tiempo, aumentando la productividad. Sin embargo, para mejorar estos aspectos no s\u00f3lo se necesita de un cambio de estrategia sino tambi\u00e9n de un cambio de actitud, tanto del l\u00edder del equipo como de los subordinados.<\/p>\n<p style=\"text-align: justify;\">Desde el apoyo moral hacia las ideas, progresos y logros de los empleados, hasta la capacitaci\u00f3n para cambiar de conocimientos, habilidades, competencia y capacidades para anticiparse al mercado de futuro permiten a la organizaci\u00f3n tener mayor control sobre su destino.<\/p>\n<p style=\"text-align: justify;\">El trabajo de un coach ejecutivo\u00a0se trata de extraer el potencial que hay en otra persona, para que de esa manera se obtenga a un ejecutivo que sea un l\u00edder m\u00e1s eficiente y aut\u00e9ntico y que sea capaz de realizar un cambio significativo para la empresa.<\/p>\n<p style=\"text-align: justify;\"><strong>Celeste Cuevas Fern\u00e1ndez\u00a0<\/strong><br \/>\n<strong>UTEL Editorial\u00a0<\/strong><\/p>\n<p style=\"text-align: center;\"><a href=\"http:\/\/contacto.utel.edu.mx\/online\/formd\/UTEL\/?utm_source=blog&amp;utm_medium=boton-contacto&amp;utm_campaign=la-labor-de-un-coach-ejecutivo-orientada-a-objetivos-empresariales\"><img decoding=\"async\" class=\" wp-image-13059 aligncenter\" title=\"La labor de un coach ejecutivo | Blog - UTEL\" alt=\"La labor de un coach ejecutivo | Blog - UTEL\" src=\"http:\/\/utel.mx\/blog\/wp-content\/uploads\/2014\/04\/boton_blog.png\" width=\"186\" height=\"57\" \/><\/a><\/p>\n<div id=\"advads-1595502978\" class=\"advads-cta-lp-banner-form advads-entity-placement\"><a href=\"https:\/\/utel.mx\/blog\/admisiones-universidad-online\/?utm_source=blog&#038;utm_medium=CTAlink&#038;utm_campaign=MKTseo\" aria-label=\"Universidad en linea\"><img src=\"https:\/\/utel.mx\/blog\/wp-content\/uploads\/2025\/04\/universidad-en-linea-1.png\" alt=\"Universidad en linea\"  srcset=\"https:\/\/utel.mx\/blog\/wp-content\/uploads\/2025\/04\/universidad-en-linea-1.png 626w, https:\/\/utel.mx\/blog\/wp-content\/uploads\/2025\/04\/universidad-en-linea-1-420x168.png 420w\" sizes=\"(max-width: 626px) 100vw, 626px\" width=\"626\" height=\"250\"   \/><\/a><\/div>","protected":false},"excerpt":{"rendered":"<p> [&hellip;]<\/p>\n","protected":false},"author":9,"featured_media":12779,"comment_status":"closed","ping_status":"open","sticky":false,"template":"","format":"standard","meta":{"_acf_changed":false,"site-sidebar-layout":"default","site-content-layout":"","ast-site-content-layout":"","site-content-style":"default","site-sidebar-style":"default","ast-global-header-display":"","ast-banner-title-visibility":"","ast-main-header-display":"","ast-hfb-above-header-display":"","ast-hfb-below-header-display":"","ast-hfb-mobile-header-display":"","site-post-title":"","ast-breadcrumbs-content":"","ast-featured-img":"","footer-sml-layout":"","theme-transparent-header-meta":"","adv-header-id-meta":"","stick-header-meta":"","header-above-stick-meta":"","header-main-stick-meta":"","header-below-stick-meta":"","astra-migrate-meta-layouts":"default","ast-page-background-enabled":"default","ast-page-background-meta":{"desktop":{"background-color":"var(--ast-global-color-4)","background-image":"","background-repeat":"repeat","background-position":"center center","background-size":"auto","background-attachment":"scroll","background-type":"","background-media":"","overlay-type":"","overlay-color":"","overlay-gradient":""},"tablet":{"background-color":"","background-image":"","background-repeat":"repeat","background-position":"center center","background-size":"auto","background-attachment":"scroll","background-type":"","background-media":"","overlay-type":"","overlay-color":"","overlay-gradient":""},"mobile":{"background-color":"","background-image":"","background-repeat":"repeat","background-position":"center center","background-size":"auto","background-attachment":"scroll","background-type":"","background-media":"","overlay-type":"","overlay-color":"","overlay-gradient":""}},"ast-content-background-meta":{"desktop":{"background-color":"var(--ast-global-color-5)","background-image":"","background-repeat":"repeat","background-position":"center center","background-size":"auto","background-attachment":"scroll","background-type":"","background-media":"","overlay-type":"","overlay-color":"","overlay-gradient":""},"tablet":{"background-color":"var(--ast-global-color-5)","background-image":"","background-repeat":"repeat","background-position":"center center","background-size":"auto","background-attachment":"scroll","background-type":"","background-media":"","overlay-type":"","overlay-color":"","overlay-gradient":""},"mobile":{"background-color":"var(--ast-global-color-5)","background-image":"","background-repeat":"repeat","background-position":"center center","background-size":"auto","background-attachment":"scroll","background-type":"","background-media":"","overlay-type":"","overlay-color":"","overlay-gradient":""}},"footnotes":""},"categories":[33],"tags":[],"class_list":["post-12772","post","type-post","status-publish","format-standard","has-post-thumbnail","hentry","category-rol-personal"],"acf":[],"yoast_head":"<!-- This site is optimized with the Yoast SEO plugin v26.8 - https:\/\/yoast.com\/product\/yoast-seo-wordpress\/ -->\n<title>El coach ejecutivo, orientado a objetivos empresariales - BLOG | Utel<\/title>\n<meta name=\"description\" content=\"Conoce c\u00f3mo la generaci\u00f3n de estrategias por parte de un coach ejecutivo beneficia a las empresas y a sus directivos.\" \/>\n<meta name=\"robots\" content=\"index, follow, max-snippet:-1, max-image-preview:large, max-video-preview:-1\" \/>\n<link rel=\"canonical\" href=\"https:\/\/utel.mx\/blog\/rol-personal\/el-coach-ejecutivo-orientado-a-objetivos-empresariales\/\" \/>\n<meta property=\"og:locale\" content=\"es_ES\" \/>\n<meta property=\"og:type\" content=\"article\" \/>\n<meta property=\"og:title\" content=\"El coach ejecutivo, orientado a objetivos empresariales - BLOG | Utel\" \/>\n<meta property=\"og:description\" content=\"Conoce c\u00f3mo la generaci\u00f3n de estrategias por parte de un coach ejecutivo beneficia a las empresas y a sus directivos.\" \/>\n<meta property=\"og:url\" content=\"https:\/\/utel.mx\/blog\/rol-personal\/el-coach-ejecutivo-orientado-a-objetivos-empresariales\/\" \/>\n<meta property=\"og:site_name\" content=\"BLOG | Utel\" \/>\n<meta property=\"article:published_time\" content=\"2014-04-03T00:16:01+00:00\" \/>\n<meta property=\"article:modified_time\" content=\"2023-03-10T16:57:38+00:00\" \/>\n<meta property=\"og:image\" content=\"https:\/\/utel.mx\/blog\/wp-content\/uploads\/2014\/04\/shutterstock_157219337.jpg\" \/>\n\t<meta property=\"og:image:width\" content=\"1000\" \/>\n\t<meta property=\"og:image:height\" content=\"667\" \/>\n\t<meta property=\"og:image:type\" content=\"image\/jpeg\" \/>\n<meta name=\"author\" content=\"Hayde\u00e9 (Editor)\" \/>\n<meta name=\"twitter:label1\" content=\"Written by\" \/>\n\t<meta name=\"twitter:data1\" content=\"Hayde\u00e9 (Editor)\" \/>\n\t<meta name=\"twitter:label2\" content=\"Est. reading time\" \/>\n\t<meta name=\"twitter:data2\" content=\"2 minutos\" \/>\n<script type=\"application\/ld+json\" class=\"yoast-schema-graph\">{\"@context\":\"https:\/\/schema.org\",\"@graph\":[{\"@type\":\"Article\",\"@id\":\"https:\/\/utel.mx\/blog\/rol-personal\/el-coach-ejecutivo-orientado-a-objetivos-empresariales\/#article\",\"isPartOf\":{\"@id\":\"https:\/\/utel.mx\/blog\/rol-personal\/el-coach-ejecutivo-orientado-a-objetivos-empresariales\/\"},\"author\":{\"name\":\"Hayde\u00e9 (Editor)\",\"@id\":\"https:\/\/utel.mx\/blog\/#\/schema\/person\/9a4c3940beef2724facfef4f2ccec7da\"},\"headline\":\"El coach ejecutivo, orientado a objetivos empresariales\",\"datePublished\":\"2014-04-03T00:16:01+00:00\",\"dateModified\":\"2023-03-10T16:57:38+00:00\",\"mainEntityOfPage\":{\"@id\":\"https:\/\/utel.mx\/blog\/rol-personal\/el-coach-ejecutivo-orientado-a-objetivos-empresariales\/\"},\"wordCount\":464,\"publisher\":{\"@id\":\"https:\/\/utel.mx\/blog\/#organization\"},\"image\":{\"@id\":\"https:\/\/utel.mx\/blog\/rol-personal\/el-coach-ejecutivo-orientado-a-objetivos-empresariales\/#primaryimage\"},\"thumbnailUrl\":\"https:\/\/utel.mx\/blog\/wp-content\/uploads\/2014\/04\/shutterstock_157219337.jpg\",\"articleSection\":[\"Rol personal\"],\"inLanguage\":\"es\"},{\"@type\":\"WebPage\",\"@id\":\"https:\/\/utel.mx\/blog\/rol-personal\/el-coach-ejecutivo-orientado-a-objetivos-empresariales\/\",\"url\":\"https:\/\/utel.mx\/blog\/rol-personal\/el-coach-ejecutivo-orientado-a-objetivos-empresariales\/\",\"name\":\"El coach ejecutivo, orientado a objetivos empresariales - BLOG | Utel\",\"isPartOf\":{\"@id\":\"https:\/\/utel.mx\/blog\/#website\"},\"primaryImageOfPage\":{\"@id\":\"https:\/\/utel.mx\/blog\/rol-personal\/el-coach-ejecutivo-orientado-a-objetivos-empresariales\/#primaryimage\"},\"image\":{\"@id\":\"https:\/\/utel.mx\/blog\/rol-personal\/el-coach-ejecutivo-orientado-a-objetivos-empresariales\/#primaryimage\"},\"thumbnailUrl\":\"https:\/\/utel.mx\/blog\/wp-content\/uploads\/2014\/04\/shutterstock_157219337.jpg\",\"datePublished\":\"2014-04-03T00:16:01+00:00\",\"dateModified\":\"2023-03-10T16:57:38+00:00\",\"description\":\"Conoce c\u00f3mo la generaci\u00f3n de estrategias por parte de un coach ejecutivo beneficia a las empresas y a sus directivos.\",\"breadcrumb\":{\"@id\":\"https:\/\/utel.mx\/blog\/rol-personal\/el-coach-ejecutivo-orientado-a-objetivos-empresariales\/#breadcrumb\"},\"inLanguage\":\"es\",\"potentialAction\":[{\"@type\":\"ReadAction\",\"target\":[\"https:\/\/utel.mx\/blog\/rol-personal\/el-coach-ejecutivo-orientado-a-objetivos-empresariales\/\"]}]},{\"@type\":\"ImageObject\",\"inLanguage\":\"es\",\"@id\":\"https:\/\/utel.mx\/blog\/rol-personal\/el-coach-ejecutivo-orientado-a-objetivos-empresariales\/#primaryimage\",\"url\":\"https:\/\/utel.mx\/blog\/wp-content\/uploads\/2014\/04\/shutterstock_157219337.jpg\",\"contentUrl\":\"https:\/\/utel.mx\/blog\/wp-content\/uploads\/2014\/04\/shutterstock_157219337.jpg\",\"width\":1000,\"height\":667,\"caption\":\"El coach ejecutivo, orientado a objetivos empresariales | Blog - UTEL\"},{\"@type\":\"BreadcrumbList\",\"@id\":\"https:\/\/utel.mx\/blog\/rol-personal\/el-coach-ejecutivo-orientado-a-objetivos-empresariales\/#breadcrumb\",\"itemListElement\":[{\"@type\":\"ListItem\",\"position\":1,\"name\":\"Home\",\"item\":\"https:\/\/utel.mx\/blog\/\"},{\"@type\":\"ListItem\",\"position\":2,\"name\":\"El coach ejecutivo, orientado a objetivos empresariales\"}]},{\"@type\":\"WebSite\",\"@id\":\"https:\/\/utel.mx\/blog\/#website\",\"url\":\"https:\/\/utel.mx\/blog\/\",\"name\":\"BLOG | Utel\",\"description\":\"Blog UTEL Universidad en L\u00ednea\",\"publisher\":{\"@id\":\"https:\/\/utel.mx\/blog\/#organization\"},\"potentialAction\":[{\"@type\":\"SearchAction\",\"target\":{\"@type\":\"EntryPoint\",\"urlTemplate\":\"https:\/\/utel.mx\/blog\/?s={search_term_string}\"},\"query-input\":{\"@type\":\"PropertyValueSpecification\",\"valueRequired\":true,\"valueName\":\"search_term_string\"}}],\"inLanguage\":\"es\"},{\"@type\":\"Organization\",\"@id\":\"https:\/\/utel.mx\/blog\/#organization\",\"name\":\"BLOG | Utel\",\"url\":\"https:\/\/utel.mx\/blog\/\",\"logo\":{\"@type\":\"ImageObject\",\"inLanguage\":\"es\",\"@id\":\"https:\/\/utel.mx\/blog\/#\/schema\/logo\/image\/\",\"url\":\"https:\/\/utel.mx\/blog\/wp-content\/uploads\/2023\/03\/cropped-logo-blog.png\",\"contentUrl\":\"https:\/\/utel.mx\/blog\/wp-content\/uploads\/2023\/03\/cropped-logo-blog.png\",\"width\":237,\"height\":64,\"caption\":\"BLOG | Utel\"},\"image\":{\"@id\":\"https:\/\/utel.mx\/blog\/#\/schema\/logo\/image\/\"}},{\"@type\":\"Person\",\"@id\":\"https:\/\/utel.mx\/blog\/#\/schema\/person\/9a4c3940beef2724facfef4f2ccec7da\",\"name\":\"Hayde\u00e9 (Editor)\",\"image\":{\"@type\":\"ImageObject\",\"inLanguage\":\"es\",\"@id\":\"https:\/\/utel.mx\/blog\/#\/schema\/person\/image\/\",\"url\":\"https:\/\/secure.gravatar.com\/avatar\/ba63bb7f074f0dfa874cba0ef5d985a5?s=96&d=mm&r=g\",\"contentUrl\":\"https:\/\/secure.gravatar.com\/avatar\/ba63bb7f074f0dfa874cba0ef5d985a5?s=96&d=mm&r=g\",\"caption\":\"Hayde\u00e9 (Editor)\"},\"description\":\"Licenciada en Ciencias de la Comunicaci\u00f3n\"}]}<\/script>\n<!-- \/ Yoast SEO plugin. -->","yoast_head_json":{"title":"El coach ejecutivo, orientado a objetivos empresariales - BLOG | Utel","description":"Conoce c\u00f3mo la generaci\u00f3n de estrategias por parte de un coach ejecutivo beneficia a las empresas y a sus directivos.","robots":{"index":"index","follow":"follow","max-snippet":"max-snippet:-1","max-image-preview":"max-image-preview:large","max-video-preview":"max-video-preview:-1"},"canonical":"https:\/\/utel.mx\/blog\/rol-personal\/el-coach-ejecutivo-orientado-a-objetivos-empresariales\/","og_locale":"es_ES","og_type":"article","og_title":"El coach ejecutivo, orientado a objetivos empresariales - BLOG | Utel","og_description":"Conoce c\u00f3mo la generaci\u00f3n de estrategias por parte de un coach ejecutivo beneficia a las empresas y a sus directivos.","og_url":"https:\/\/utel.mx\/blog\/rol-personal\/el-coach-ejecutivo-orientado-a-objetivos-empresariales\/","og_site_name":"BLOG | Utel","article_published_time":"2014-04-03T00:16:01+00:00","article_modified_time":"2023-03-10T16:57:38+00:00","og_image":[{"width":1000,"height":667,"url":"https:\/\/utel.mx\/blog\/wp-content\/uploads\/2014\/04\/shutterstock_157219337.jpg","type":"image\/jpeg"}],"author":"Hayde\u00e9 (Editor)","twitter_misc":{"Written by":"Hayde\u00e9 (Editor)","Est. reading time":"2 minutos"},"schema":{"@context":"https:\/\/schema.org","@graph":[{"@type":"Article","@id":"https:\/\/utel.mx\/blog\/rol-personal\/el-coach-ejecutivo-orientado-a-objetivos-empresariales\/#article","isPartOf":{"@id":"https:\/\/utel.mx\/blog\/rol-personal\/el-coach-ejecutivo-orientado-a-objetivos-empresariales\/"},"author":{"name":"Hayde\u00e9 (Editor)","@id":"https:\/\/utel.mx\/blog\/#\/schema\/person\/9a4c3940beef2724facfef4f2ccec7da"},"headline":"El coach ejecutivo, orientado a objetivos empresariales","datePublished":"2014-04-03T00:16:01+00:00","dateModified":"2023-03-10T16:57:38+00:00","mainEntityOfPage":{"@id":"https:\/\/utel.mx\/blog\/rol-personal\/el-coach-ejecutivo-orientado-a-objetivos-empresariales\/"},"wordCount":464,"publisher":{"@id":"https:\/\/utel.mx\/blog\/#organization"},"image":{"@id":"https:\/\/utel.mx\/blog\/rol-personal\/el-coach-ejecutivo-orientado-a-objetivos-empresariales\/#primaryimage"},"thumbnailUrl":"https:\/\/utel.mx\/blog\/wp-content\/uploads\/2014\/04\/shutterstock_157219337.jpg","articleSection":["Rol personal"],"inLanguage":"es"},{"@type":"WebPage","@id":"https:\/\/utel.mx\/blog\/rol-personal\/el-coach-ejecutivo-orientado-a-objetivos-empresariales\/","url":"https:\/\/utel.mx\/blog\/rol-personal\/el-coach-ejecutivo-orientado-a-objetivos-empresariales\/","name":"El coach ejecutivo, orientado a objetivos empresariales - BLOG | Utel","isPartOf":{"@id":"https:\/\/utel.mx\/blog\/#website"},"primaryImageOfPage":{"@id":"https:\/\/utel.mx\/blog\/rol-personal\/el-coach-ejecutivo-orientado-a-objetivos-empresariales\/#primaryimage"},"image":{"@id":"https:\/\/utel.mx\/blog\/rol-personal\/el-coach-ejecutivo-orientado-a-objetivos-empresariales\/#primaryimage"},"thumbnailUrl":"https:\/\/utel.mx\/blog\/wp-content\/uploads\/2014\/04\/shutterstock_157219337.jpg","datePublished":"2014-04-03T00:16:01+00:00","dateModified":"2023-03-10T16:57:38+00:00","description":"Conoce c\u00f3mo la generaci\u00f3n de estrategias por parte de un coach ejecutivo beneficia a las empresas y a sus directivos.","breadcrumb":{"@id":"https:\/\/utel.mx\/blog\/rol-personal\/el-coach-ejecutivo-orientado-a-objetivos-empresariales\/#breadcrumb"},"inLanguage":"es","potentialAction":[{"@type":"ReadAction","target":["https:\/\/utel.mx\/blog\/rol-personal\/el-coach-ejecutivo-orientado-a-objetivos-empresariales\/"]}]},{"@type":"ImageObject","inLanguage":"es","@id":"https:\/\/utel.mx\/blog\/rol-personal\/el-coach-ejecutivo-orientado-a-objetivos-empresariales\/#primaryimage","url":"https:\/\/utel.mx\/blog\/wp-content\/uploads\/2014\/04\/shutterstock_157219337.jpg","contentUrl":"https:\/\/utel.mx\/blog\/wp-content\/uploads\/2014\/04\/shutterstock_157219337.jpg","width":1000,"height":667,"caption":"El coach ejecutivo, orientado a objetivos empresariales | Blog - UTEL"},{"@type":"BreadcrumbList","@id":"https:\/\/utel.mx\/blog\/rol-personal\/el-coach-ejecutivo-orientado-a-objetivos-empresariales\/#breadcrumb","itemListElement":[{"@type":"ListItem","position":1,"name":"Home","item":"https:\/\/utel.mx\/blog\/"},{"@type":"ListItem","position":2,"name":"El coach ejecutivo, orientado a objetivos empresariales"}]},{"@type":"WebSite","@id":"https:\/\/utel.mx\/blog\/#website","url":"https:\/\/utel.mx\/blog\/","name":"BLOG | Utel","description":"Blog UTEL Universidad en L\u00ednea","publisher":{"@id":"https:\/\/utel.mx\/blog\/#organization"},"potentialAction":[{"@type":"SearchAction","target":{"@type":"EntryPoint","urlTemplate":"https:\/\/utel.mx\/blog\/?s={search_term_string}"},"query-input":{"@type":"PropertyValueSpecification","valueRequired":true,"valueName":"search_term_string"}}],"inLanguage":"es"},{"@type":"Organization","@id":"https:\/\/utel.mx\/blog\/#organization","name":"BLOG | Utel","url":"https:\/\/utel.mx\/blog\/","logo":{"@type":"ImageObject","inLanguage":"es","@id":"https:\/\/utel.mx\/blog\/#\/schema\/logo\/image\/","url":"https:\/\/utel.mx\/blog\/wp-content\/uploads\/2023\/03\/cropped-logo-blog.png","contentUrl":"https:\/\/utel.mx\/blog\/wp-content\/uploads\/2023\/03\/cropped-logo-blog.png","width":237,"height":64,"caption":"BLOG | Utel"},"image":{"@id":"https:\/\/utel.mx\/blog\/#\/schema\/logo\/image\/"}},{"@type":"Person","@id":"https:\/\/utel.mx\/blog\/#\/schema\/person\/9a4c3940beef2724facfef4f2ccec7da","name":"Hayde\u00e9 (Editor)","image":{"@type":"ImageObject","inLanguage":"es","@id":"https:\/\/utel.mx\/blog\/#\/schema\/person\/image\/","url":"https:\/\/secure.gravatar.com\/avatar\/ba63bb7f074f0dfa874cba0ef5d985a5?s=96&d=mm&r=g","contentUrl":"https:\/\/secure.gravatar.com\/avatar\/ba63bb7f074f0dfa874cba0ef5d985a5?s=96&d=mm&r=g","caption":"Hayde\u00e9 (Editor)"},"description":"Licenciada en Ciencias de la Comunicaci\u00f3n"}]}},"_links":{"self":[{"href":"https:\/\/utel.mx\/blog\/wp-json\/wp\/v2\/posts\/12772","targetHints":{"allow":["GET"]}}],"collection":[{"href":"https:\/\/utel.mx\/blog\/wp-json\/wp\/v2\/posts"}],"about":[{"href":"https:\/\/utel.mx\/blog\/wp-json\/wp\/v2\/types\/post"}],"author":[{"embeddable":true,"href":"https:\/\/utel.mx\/blog\/wp-json\/wp\/v2\/users\/9"}],"replies":[{"embeddable":true,"href":"https:\/\/utel.mx\/blog\/wp-json\/wp\/v2\/comments?post=12772"}],"version-history":[{"count":1,"href":"https:\/\/utel.mx\/blog\/wp-json\/wp\/v2\/posts\/12772\/revisions"}],"predecessor-version":[{"id":45278,"href":"https:\/\/utel.mx\/blog\/wp-json\/wp\/v2\/posts\/12772\/revisions\/45278"}],"wp:featuredmedia":[{"embeddable":true,"href":"https:\/\/utel.mx\/blog\/wp-json\/wp\/v2\/media\/12779"}],"wp:attachment":[{"href":"https:\/\/utel.mx\/blog\/wp-json\/wp\/v2\/media?parent=12772"}],"wp:term":[{"taxonomy":"category","embeddable":true,"href":"https:\/\/utel.mx\/blog\/wp-json\/wp\/v2\/categories?post=12772"},{"taxonomy":"post_tag","embeddable":true,"href":"https:\/\/utel.mx\/blog\/wp-json\/wp\/v2\/tags?post=12772"}],"curies":[{"name":"wp","href":"https:\/\/api.w.org\/{rel}","templated":true}]}}