{"id":12882,"date":"2014-03-14T18:00:25","date_gmt":"2014-03-14T18:00:25","guid":{"rendered":"http:\/\/utel.mx\/blog\/?p=12882"},"modified":"2023-03-10T16:57:48","modified_gmt":"2023-03-10T16:57:48","slug":"los-5-retos-que-enfrenta-la-mercadotecnia-digital","status":"publish","type":"post","link":"https:\/\/utel.mx\/blog\/dia-a-dia\/retos-profesionales\/los-5-retos-que-enfrenta-la-mercadotecnia-digital\/","title":{"rendered":"Los 5 retos que enfrenta la mercadotecnia digital"},"content":{"rendered":"<p dir=\"ltr\" style=\"text-align: justify;\">Al incursionar por primera vez en el mundo de la mercadotecnia digital te podr\u00e1s dar cuenta que esta proporciona a cualquier marca o empresa la oportunidad de ampliar sus canales de comunicaci\u00f3n con una corriente interactiva.<\/p>\n<p style=\"text-align: justify;\">Establecer conceptos de confianza y fidelidad por parte de los consumidores hacia una marca suele ser una de las tareas con mayor peso del \u00e1rea de mercadotecnia; no obstante hoy en d\u00eda la tecnolog\u00eda ha facilitado el proceso de ofrecer productos y servicios adecuados a las necesidades existentes en el mercado.<\/p>\n<p dir=\"ltr\" style=\"text-align: justify;\">La mercadotecnia digital por naturaleza misma se encuentra establecida en un equilibrio, es decir que el encargado de posicionar a la marca en la web con el uso de diversas herramientas, optimizar\u00e1 estrategias para conseguir los objetivos definidos a largo plazo.<\/p>\n<p style=\"text-align: justify;\">A continuaci\u00f3n se presentan los cinco principales retos que la mercadotecnia digital\u00a0enfrenta actualmente.<\/p>\n<ol>\n<li dir=\"ltr\" style=\"text-align: justify;\">\n<p dir=\"ltr\">Definir claramente los elementos fundamentales en la estrategia que se pretende llevar a cabo, para potencializar el valor de la marca de una manera digerible para el consumidor.<\/p>\n<\/li>\n<li dir=\"ltr\" style=\"text-align: justify;\">\n<p dir=\"ltr\">Profundizar en conocer al cliente y como se maneja en funci\u00f3n a las nuevas tecnolog\u00edas de comunicaci\u00f3n. Se debe segmentar al p\u00fablico objetivo y por consiguiente determinar qu\u00e9 plataforma es la apropiada para cada mensaje.<\/p>\n<\/li>\n<li dir=\"ltr\" style=\"text-align: justify;\">\n<p dir=\"ltr\">Mantenerse siempre a la vanguardia en propuestas de contenido atractivas para el segmento de p\u00fablico seleccionado.<\/p>\n<\/li>\n<li dir=\"ltr\" style=\"text-align: justify;\">\n<p dir=\"ltr\">Crear conciencia a todas las \u00e1reas funcionales la ventaja competitiva que se genera a trav\u00e9s de la imagen de la marca, para un completo trabajo en equipo.<\/p>\n<\/li>\n<li dir=\"ltr\">\n<p dir=\"ltr\" style=\"text-align: justify;\">Confundir eficiencia con viralidad, el concentrarse en ofrecer contenido con este fin obstaculizar\u00e1 el proceso creativo por parte de los community managers y el proceso de respuesta por parte de los clientes y consumidores.<\/p>\n<\/li>\n<\/ol>\n<p><strong>UTEL Editorial<\/strong><\/p>\n<div id=\"advads-705778365\" class=\"advads-cta-lp-banner-form advads-entity-placement\"><a href=\"https:\/\/utel.mx\/blog\/admisiones-universidad-online\/?utm_source=blog&#038;utm_medium=CTAlink&#038;utm_campaign=MKTseo\" aria-label=\"Universidad en linea\"><img src=\"https:\/\/utel.mx\/blog\/wp-content\/uploads\/2025\/04\/universidad-en-linea-1.png\" alt=\"Universidad en linea\"  srcset=\"https:\/\/utel.mx\/blog\/wp-content\/uploads\/2025\/04\/universidad-en-linea-1.png 626w, https:\/\/utel.mx\/blog\/wp-content\/uploads\/2025\/04\/universidad-en-linea-1-420x168.png 420w\" sizes=\"(max-width: 626px) 100vw, 626px\" width=\"626\" height=\"250\"   \/><\/a><\/div>","protected":false},"excerpt":{"rendered":"<p> [&hellip;]<\/p>\n","protected":false},"author":9,"featured_media":17791,"comment_status":"closed","ping_status":"open","sticky":false,"template":"","format":"standard","meta":{"_acf_changed":false,"site-sidebar-layout":"default","site-content-layout":"","ast-site-content-layout":"","site-content-style":"default","site-sidebar-style":"default","ast-global-header-display":"","ast-banner-title-visibility":"","ast-main-header-display":"","ast-hfb-above-header-display":"","ast-hfb-below-header-display":"","ast-hfb-mobile-header-display":"","site-post-title":"","ast-breadcrumbs-content":"","ast-featured-img":"","footer-sml-layout":"","theme-transparent-header-meta":"","adv-header-id-meta":"","stick-header-meta":"","header-above-stick-meta":"","header-main-stick-meta":"","header-below-stick-meta":"","astra-migrate-meta-layouts":"default","ast-page-background-enabled":"default","ast-page-background-meta":{"desktop":{"background-color":"var(--ast-global-color-4)","background-image":"","background-repeat":"repeat","background-position":"center center","background-size":"auto","background-attachment":"scroll","background-type":"","background-media":"","overlay-type":"","overlay-color":"","overlay-gradient":""},"tablet":{"background-color":"","background-image":"","background-repeat":"repeat","background-position":"center center","background-size":"auto","background-attachment":"scroll","background-type":"","background-media":"","overlay-type":"","overlay-color":"","overlay-gradient":""},"mobile":{"background-color":"","background-image":"","background-repeat":"repeat","background-position":"center center","background-size":"auto","background-attachment":"scroll","background-type":"","background-media":"","overlay-type":"","overlay-color":"","overlay-gradient":""}},"ast-content-background-meta":{"desktop":{"background-color":"var(--ast-global-color-5)","background-image":"","background-repeat":"repeat","background-position":"center center","background-size":"auto","background-attachment":"scroll","background-type":"","background-media":"","overlay-type":"","overlay-color":"","overlay-gradient":""},"tablet":{"background-color":"var(--ast-global-color-5)","background-image":"","background-repeat":"repeat","background-position":"center center","background-size":"auto","background-attachment":"scroll","background-type":"","background-media":"","overlay-type":"","overlay-color":"","overlay-gradient":""},"mobile":{"background-color":"var(--ast-global-color-5)","background-image":"","background-repeat":"repeat","background-position":"center center","background-size":"auto","background-attachment":"scroll","background-type":"","background-media":"","overlay-type":"","overlay-color":"","overlay-gradient":""}},"footnotes":""},"categories":[3164],"tags":[],"class_list":["post-12882","post","type-post","status-publish","format-standard","has-post-thumbnail","hentry","category-retos-profesionales"],"acf":[],"yoast_head":"<!-- This site is optimized with the Yoast SEO plugin v26.8 - https:\/\/yoast.com\/product\/yoast-seo-wordpress\/ -->\n<title>Los 5 retos que enfrenta la mercadotecnia digital - BLOG | Utel<\/title>\n<meta name=\"description\" content=\"Conoce los cinco retos a los que la mercadotecnia digital se ve expuesta hoy en d\u00eda.\" \/>\n<meta name=\"robots\" content=\"index, follow, max-snippet:-1, max-image-preview:large, max-video-preview:-1\" \/>\n<link rel=\"canonical\" href=\"https:\/\/utel.mx\/blog\/dia-a-dia\/retos-profesionales\/los-5-retos-que-enfrenta-la-mercadotecnia-digital\/\" \/>\n<meta property=\"og:locale\" content=\"es_ES\" \/>\n<meta property=\"og:type\" content=\"article\" \/>\n<meta property=\"og:title\" content=\"Los 5 retos que enfrenta la mercadotecnia digital - BLOG | Utel\" \/>\n<meta property=\"og:description\" content=\"Conoce los cinco retos a los que la mercadotecnia digital se ve expuesta hoy en d\u00eda.\" \/>\n<meta property=\"og:url\" content=\"https:\/\/utel.mx\/blog\/dia-a-dia\/retos-profesionales\/los-5-retos-que-enfrenta-la-mercadotecnia-digital\/\" \/>\n<meta property=\"og:site_name\" content=\"BLOG | Utel\" \/>\n<meta property=\"article:published_time\" content=\"2014-03-14T18:00:25+00:00\" \/>\n<meta property=\"article:modified_time\" content=\"2023-03-10T16:57:48+00:00\" \/>\n<meta property=\"og:image\" content=\"https:\/\/utel.mx\/blog\/wp-content\/uploads\/2014\/03\/shutterstock_158869706.jpg\" \/>\n\t<meta property=\"og:image:width\" content=\"768\" \/>\n\t<meta property=\"og:image:height\" content=\"921\" \/>\n\t<meta property=\"og:image:type\" content=\"image\/jpeg\" \/>\n<meta name=\"author\" content=\"Hayde\u00e9 (Editor)\" \/>\n<meta name=\"twitter:label1\" content=\"Written by\" \/>\n\t<meta name=\"twitter:data1\" content=\"Hayde\u00e9 (Editor)\" \/>\n\t<meta name=\"twitter:label2\" content=\"Est. reading time\" \/>\n\t<meta name=\"twitter:data2\" content=\"1 minuto\" \/>\n<script type=\"application\/ld+json\" class=\"yoast-schema-graph\">{\"@context\":\"https:\/\/schema.org\",\"@graph\":[{\"@type\":\"Article\",\"@id\":\"https:\/\/utel.mx\/blog\/dia-a-dia\/retos-profesionales\/los-5-retos-que-enfrenta-la-mercadotecnia-digital\/#article\",\"isPartOf\":{\"@id\":\"https:\/\/utel.mx\/blog\/dia-a-dia\/retos-profesionales\/los-5-retos-que-enfrenta-la-mercadotecnia-digital\/\"},\"author\":{\"name\":\"Hayde\u00e9 (Editor)\",\"@id\":\"https:\/\/utel.mx\/blog\/#\/schema\/person\/9a4c3940beef2724facfef4f2ccec7da\"},\"headline\":\"Los 5 retos que enfrenta la mercadotecnia digital\",\"datePublished\":\"2014-03-14T18:00:25+00:00\",\"dateModified\":\"2023-03-10T16:57:48+00:00\",\"mainEntityOfPage\":{\"@id\":\"https:\/\/utel.mx\/blog\/dia-a-dia\/retos-profesionales\/los-5-retos-que-enfrenta-la-mercadotecnia-digital\/\"},\"wordCount\":302,\"publisher\":{\"@id\":\"https:\/\/utel.mx\/blog\/#organization\"},\"image\":{\"@id\":\"https:\/\/utel.mx\/blog\/dia-a-dia\/retos-profesionales\/los-5-retos-que-enfrenta-la-mercadotecnia-digital\/#primaryimage\"},\"thumbnailUrl\":\"https:\/\/utel.mx\/blog\/wp-content\/uploads\/2014\/03\/shutterstock_158869706.jpg\",\"articleSection\":[\"Retos profesionales\"],\"inLanguage\":\"es\"},{\"@type\":\"WebPage\",\"@id\":\"https:\/\/utel.mx\/blog\/dia-a-dia\/retos-profesionales\/los-5-retos-que-enfrenta-la-mercadotecnia-digital\/\",\"url\":\"https:\/\/utel.mx\/blog\/dia-a-dia\/retos-profesionales\/los-5-retos-que-enfrenta-la-mercadotecnia-digital\/\",\"name\":\"Los 5 retos que enfrenta la mercadotecnia digital - BLOG | Utel\",\"isPartOf\":{\"@id\":\"https:\/\/utel.mx\/blog\/#website\"},\"primaryImageOfPage\":{\"@id\":\"https:\/\/utel.mx\/blog\/dia-a-dia\/retos-profesionales\/los-5-retos-que-enfrenta-la-mercadotecnia-digital\/#primaryimage\"},\"image\":{\"@id\":\"https:\/\/utel.mx\/blog\/dia-a-dia\/retos-profesionales\/los-5-retos-que-enfrenta-la-mercadotecnia-digital\/#primaryimage\"},\"thumbnailUrl\":\"https:\/\/utel.mx\/blog\/wp-content\/uploads\/2014\/03\/shutterstock_158869706.jpg\",\"datePublished\":\"2014-03-14T18:00:25+00:00\",\"dateModified\":\"2023-03-10T16:57:48+00:00\",\"description\":\"Conoce los cinco retos a los que la mercadotecnia digital se ve expuesta hoy en d\u00eda.\",\"breadcrumb\":{\"@id\":\"https:\/\/utel.mx\/blog\/dia-a-dia\/retos-profesionales\/los-5-retos-que-enfrenta-la-mercadotecnia-digital\/#breadcrumb\"},\"inLanguage\":\"es\",\"potentialAction\":[{\"@type\":\"ReadAction\",\"target\":[\"https:\/\/utel.mx\/blog\/dia-a-dia\/retos-profesionales\/los-5-retos-que-enfrenta-la-mercadotecnia-digital\/\"]}]},{\"@type\":\"ImageObject\",\"inLanguage\":\"es\",\"@id\":\"https:\/\/utel.mx\/blog\/dia-a-dia\/retos-profesionales\/los-5-retos-que-enfrenta-la-mercadotecnia-digital\/#primaryimage\",\"url\":\"https:\/\/utel.mx\/blog\/wp-content\/uploads\/2014\/03\/shutterstock_158869706.jpg\",\"contentUrl\":\"https:\/\/utel.mx\/blog\/wp-content\/uploads\/2014\/03\/shutterstock_158869706.jpg\",\"width\":768,\"height\":921,\"caption\":\"El uso de las TIC en las organizaciones\"},{\"@type\":\"BreadcrumbList\",\"@id\":\"https:\/\/utel.mx\/blog\/dia-a-dia\/retos-profesionales\/los-5-retos-que-enfrenta-la-mercadotecnia-digital\/#breadcrumb\",\"itemListElement\":[{\"@type\":\"ListItem\",\"position\":1,\"name\":\"Home\",\"item\":\"https:\/\/utel.mx\/blog\/\"},{\"@type\":\"ListItem\",\"position\":2,\"name\":\"Los 5 retos que enfrenta la mercadotecnia digital\"}]},{\"@type\":\"WebSite\",\"@id\":\"https:\/\/utel.mx\/blog\/#website\",\"url\":\"https:\/\/utel.mx\/blog\/\",\"name\":\"BLOG | Utel\",\"description\":\"Blog UTEL Universidad en L\u00ednea\",\"publisher\":{\"@id\":\"https:\/\/utel.mx\/blog\/#organization\"},\"potentialAction\":[{\"@type\":\"SearchAction\",\"target\":{\"@type\":\"EntryPoint\",\"urlTemplate\":\"https:\/\/utel.mx\/blog\/?s={search_term_string}\"},\"query-input\":{\"@type\":\"PropertyValueSpecification\",\"valueRequired\":true,\"valueName\":\"search_term_string\"}}],\"inLanguage\":\"es\"},{\"@type\":\"Organization\",\"@id\":\"https:\/\/utel.mx\/blog\/#organization\",\"name\":\"BLOG | Utel\",\"url\":\"https:\/\/utel.mx\/blog\/\",\"logo\":{\"@type\":\"ImageObject\",\"inLanguage\":\"es\",\"@id\":\"https:\/\/utel.mx\/blog\/#\/schema\/logo\/image\/\",\"url\":\"https:\/\/utel.mx\/blog\/wp-content\/uploads\/2023\/03\/cropped-logo-blog.png\",\"contentUrl\":\"https:\/\/utel.mx\/blog\/wp-content\/uploads\/2023\/03\/cropped-logo-blog.png\",\"width\":237,\"height\":64,\"caption\":\"BLOG | Utel\"},\"image\":{\"@id\":\"https:\/\/utel.mx\/blog\/#\/schema\/logo\/image\/\"}},{\"@type\":\"Person\",\"@id\":\"https:\/\/utel.mx\/blog\/#\/schema\/person\/9a4c3940beef2724facfef4f2ccec7da\",\"name\":\"Hayde\u00e9 (Editor)\",\"image\":{\"@type\":\"ImageObject\",\"inLanguage\":\"es\",\"@id\":\"https:\/\/utel.mx\/blog\/#\/schema\/person\/image\/\",\"url\":\"https:\/\/secure.gravatar.com\/avatar\/ba63bb7f074f0dfa874cba0ef5d985a5?s=96&d=mm&r=g\",\"contentUrl\":\"https:\/\/secure.gravatar.com\/avatar\/ba63bb7f074f0dfa874cba0ef5d985a5?s=96&d=mm&r=g\",\"caption\":\"Hayde\u00e9 (Editor)\"},\"description\":\"Licenciada en Ciencias de la Comunicaci\u00f3n\"}]}<\/script>\n<!-- \/ Yoast SEO plugin. -->","yoast_head_json":{"title":"Los 5 retos que enfrenta la mercadotecnia digital - BLOG | Utel","description":"Conoce los cinco retos a los que la mercadotecnia digital se ve expuesta hoy en d\u00eda.","robots":{"index":"index","follow":"follow","max-snippet":"max-snippet:-1","max-image-preview":"max-image-preview:large","max-video-preview":"max-video-preview:-1"},"canonical":"https:\/\/utel.mx\/blog\/dia-a-dia\/retos-profesionales\/los-5-retos-que-enfrenta-la-mercadotecnia-digital\/","og_locale":"es_ES","og_type":"article","og_title":"Los 5 retos que enfrenta la mercadotecnia digital - BLOG | Utel","og_description":"Conoce los cinco retos a los que la mercadotecnia digital se ve expuesta hoy en d\u00eda.","og_url":"https:\/\/utel.mx\/blog\/dia-a-dia\/retos-profesionales\/los-5-retos-que-enfrenta-la-mercadotecnia-digital\/","og_site_name":"BLOG | Utel","article_published_time":"2014-03-14T18:00:25+00:00","article_modified_time":"2023-03-10T16:57:48+00:00","og_image":[{"width":768,"height":921,"url":"https:\/\/utel.mx\/blog\/wp-content\/uploads\/2014\/03\/shutterstock_158869706.jpg","type":"image\/jpeg"}],"author":"Hayde\u00e9 (Editor)","twitter_misc":{"Written by":"Hayde\u00e9 (Editor)","Est. reading time":"1 minuto"},"schema":{"@context":"https:\/\/schema.org","@graph":[{"@type":"Article","@id":"https:\/\/utel.mx\/blog\/dia-a-dia\/retos-profesionales\/los-5-retos-que-enfrenta-la-mercadotecnia-digital\/#article","isPartOf":{"@id":"https:\/\/utel.mx\/blog\/dia-a-dia\/retos-profesionales\/los-5-retos-que-enfrenta-la-mercadotecnia-digital\/"},"author":{"name":"Hayde\u00e9 (Editor)","@id":"https:\/\/utel.mx\/blog\/#\/schema\/person\/9a4c3940beef2724facfef4f2ccec7da"},"headline":"Los 5 retos que enfrenta la mercadotecnia digital","datePublished":"2014-03-14T18:00:25+00:00","dateModified":"2023-03-10T16:57:48+00:00","mainEntityOfPage":{"@id":"https:\/\/utel.mx\/blog\/dia-a-dia\/retos-profesionales\/los-5-retos-que-enfrenta-la-mercadotecnia-digital\/"},"wordCount":302,"publisher":{"@id":"https:\/\/utel.mx\/blog\/#organization"},"image":{"@id":"https:\/\/utel.mx\/blog\/dia-a-dia\/retos-profesionales\/los-5-retos-que-enfrenta-la-mercadotecnia-digital\/#primaryimage"},"thumbnailUrl":"https:\/\/utel.mx\/blog\/wp-content\/uploads\/2014\/03\/shutterstock_158869706.jpg","articleSection":["Retos profesionales"],"inLanguage":"es"},{"@type":"WebPage","@id":"https:\/\/utel.mx\/blog\/dia-a-dia\/retos-profesionales\/los-5-retos-que-enfrenta-la-mercadotecnia-digital\/","url":"https:\/\/utel.mx\/blog\/dia-a-dia\/retos-profesionales\/los-5-retos-que-enfrenta-la-mercadotecnia-digital\/","name":"Los 5 retos que enfrenta la mercadotecnia digital - BLOG | Utel","isPartOf":{"@id":"https:\/\/utel.mx\/blog\/#website"},"primaryImageOfPage":{"@id":"https:\/\/utel.mx\/blog\/dia-a-dia\/retos-profesionales\/los-5-retos-que-enfrenta-la-mercadotecnia-digital\/#primaryimage"},"image":{"@id":"https:\/\/utel.mx\/blog\/dia-a-dia\/retos-profesionales\/los-5-retos-que-enfrenta-la-mercadotecnia-digital\/#primaryimage"},"thumbnailUrl":"https:\/\/utel.mx\/blog\/wp-content\/uploads\/2014\/03\/shutterstock_158869706.jpg","datePublished":"2014-03-14T18:00:25+00:00","dateModified":"2023-03-10T16:57:48+00:00","description":"Conoce los cinco retos a los que la mercadotecnia digital se ve expuesta hoy en d\u00eda.","breadcrumb":{"@id":"https:\/\/utel.mx\/blog\/dia-a-dia\/retos-profesionales\/los-5-retos-que-enfrenta-la-mercadotecnia-digital\/#breadcrumb"},"inLanguage":"es","potentialAction":[{"@type":"ReadAction","target":["https:\/\/utel.mx\/blog\/dia-a-dia\/retos-profesionales\/los-5-retos-que-enfrenta-la-mercadotecnia-digital\/"]}]},{"@type":"ImageObject","inLanguage":"es","@id":"https:\/\/utel.mx\/blog\/dia-a-dia\/retos-profesionales\/los-5-retos-que-enfrenta-la-mercadotecnia-digital\/#primaryimage","url":"https:\/\/utel.mx\/blog\/wp-content\/uploads\/2014\/03\/shutterstock_158869706.jpg","contentUrl":"https:\/\/utel.mx\/blog\/wp-content\/uploads\/2014\/03\/shutterstock_158869706.jpg","width":768,"height":921,"caption":"El uso de las TIC en las organizaciones"},{"@type":"BreadcrumbList","@id":"https:\/\/utel.mx\/blog\/dia-a-dia\/retos-profesionales\/los-5-retos-que-enfrenta-la-mercadotecnia-digital\/#breadcrumb","itemListElement":[{"@type":"ListItem","position":1,"name":"Home","item":"https:\/\/utel.mx\/blog\/"},{"@type":"ListItem","position":2,"name":"Los 5 retos que enfrenta la mercadotecnia digital"}]},{"@type":"WebSite","@id":"https:\/\/utel.mx\/blog\/#website","url":"https:\/\/utel.mx\/blog\/","name":"BLOG | Utel","description":"Blog UTEL Universidad en L\u00ednea","publisher":{"@id":"https:\/\/utel.mx\/blog\/#organization"},"potentialAction":[{"@type":"SearchAction","target":{"@type":"EntryPoint","urlTemplate":"https:\/\/utel.mx\/blog\/?s={search_term_string}"},"query-input":{"@type":"PropertyValueSpecification","valueRequired":true,"valueName":"search_term_string"}}],"inLanguage":"es"},{"@type":"Organization","@id":"https:\/\/utel.mx\/blog\/#organization","name":"BLOG | Utel","url":"https:\/\/utel.mx\/blog\/","logo":{"@type":"ImageObject","inLanguage":"es","@id":"https:\/\/utel.mx\/blog\/#\/schema\/logo\/image\/","url":"https:\/\/utel.mx\/blog\/wp-content\/uploads\/2023\/03\/cropped-logo-blog.png","contentUrl":"https:\/\/utel.mx\/blog\/wp-content\/uploads\/2023\/03\/cropped-logo-blog.png","width":237,"height":64,"caption":"BLOG | Utel"},"image":{"@id":"https:\/\/utel.mx\/blog\/#\/schema\/logo\/image\/"}},{"@type":"Person","@id":"https:\/\/utel.mx\/blog\/#\/schema\/person\/9a4c3940beef2724facfef4f2ccec7da","name":"Hayde\u00e9 (Editor)","image":{"@type":"ImageObject","inLanguage":"es","@id":"https:\/\/utel.mx\/blog\/#\/schema\/person\/image\/","url":"https:\/\/secure.gravatar.com\/avatar\/ba63bb7f074f0dfa874cba0ef5d985a5?s=96&d=mm&r=g","contentUrl":"https:\/\/secure.gravatar.com\/avatar\/ba63bb7f074f0dfa874cba0ef5d985a5?s=96&d=mm&r=g","caption":"Hayde\u00e9 (Editor)"},"description":"Licenciada en Ciencias de la Comunicaci\u00f3n"}]}},"_links":{"self":[{"href":"https:\/\/utel.mx\/blog\/wp-json\/wp\/v2\/posts\/12882","targetHints":{"allow":["GET"]}}],"collection":[{"href":"https:\/\/utel.mx\/blog\/wp-json\/wp\/v2\/posts"}],"about":[{"href":"https:\/\/utel.mx\/blog\/wp-json\/wp\/v2\/types\/post"}],"author":[{"embeddable":true,"href":"https:\/\/utel.mx\/blog\/wp-json\/wp\/v2\/users\/9"}],"replies":[{"embeddable":true,"href":"https:\/\/utel.mx\/blog\/wp-json\/wp\/v2\/comments?post=12882"}],"version-history":[{"count":1,"href":"https:\/\/utel.mx\/blog\/wp-json\/wp\/v2\/posts\/12882\/revisions"}],"predecessor-version":[{"id":45303,"href":"https:\/\/utel.mx\/blog\/wp-json\/wp\/v2\/posts\/12882\/revisions\/45303"}],"wp:featuredmedia":[{"embeddable":true,"href":"https:\/\/utel.mx\/blog\/wp-json\/wp\/v2\/media\/17791"}],"wp:attachment":[{"href":"https:\/\/utel.mx\/blog\/wp-json\/wp\/v2\/media?parent=12882"}],"wp:term":[{"taxonomy":"category","embeddable":true,"href":"https:\/\/utel.mx\/blog\/wp-json\/wp\/v2\/categories?post=12882"},{"taxonomy":"post_tag","embeddable":true,"href":"https:\/\/utel.mx\/blog\/wp-json\/wp\/v2\/tags?post=12882"}],"curies":[{"name":"wp","href":"https:\/\/api.w.org\/{rel}","templated":true}]}}