{"id":13229,"date":"2014-04-21T17:01:05","date_gmt":"2014-04-21T17:01:05","guid":{"rendered":"http:\/\/utel.mx\/blog\/?p=13229"},"modified":"2023-03-10T16:57:26","modified_gmt":"2023-03-10T16:57:26","slug":"el-hemisferio-izquierdo-y-el-aprendizaje-de-idiomas","status":"publish","type":"post","link":"https:\/\/utel.mx\/blog\/rol-personal\/el-hemisferio-izquierdo-y-el-aprendizaje-de-idiomas\/","title":{"rendered":"El hemisferio izquierdo y el aprendizaje de idiomas"},"content":{"rendered":"<p dir=\"ltr\" style=\"text-align: justify;\">El proceso de aprendizaje de una lengua radica en las conexiones de las regiones del hemisferio izquierdo del cerebro, as\u00ed lo revel\u00f3 el grupo de Cognici\u00f3n y Plasticidad Cerebral del Instituto de Investigaci\u00f3n Biom\u00e9dica de Bellvitge (IDIBELL).<\/p>\n<p style=\"text-align: justify;\">Durante a\u00f1os se hab\u00eda especulado acerca de las zonas cerebrales que deb\u00edan intervenir para aprender una lengua extranjera, sin embargo la IDIBELL y la Universidad de Barcelona, descubrieron que el factor del aprendizaje de un idioma se ubica en el hemisferio izquierdo, exactamente en el fasc\u00edculo arqueado del cerebro.<\/p>\n<p style=\"text-align: justify;\">Esta regi\u00f3n figura como un haz de fibras nerviosas que enlaza las regiones auditivas del l\u00f3bulo temporal, con la regi\u00f3n motriz instalada en el l\u00f3bulo frontal del hemisferio izquierdo del cerebro. El estudio que cont\u00f3 tambi\u00e9n con colaboraci\u00f3n de investigadores del King\u2019s College de Londres, aporta nueva informaci\u00f3n sobre la capacidad \u00fanica de los seres humanos para aprender un idioma, puesto que existen modelos de conexi\u00f3n dis\u00edmiles entre estas regiones cerebrales en contraste con otras especies.<\/p>\n<p style=\"text-align: justify;\">La din\u00e1mica del estudio consisti\u00f3 en que los voluntarios escucharon nueve palabras sin ning\u00fan significado real pero con construcciones an\u00e1logas a las palabras del espa\u00f1ol castellano, entre cada palabra se dej\u00f3 un intervalo de 25 milisegundos, inapreciable pero suficiente para ayudar al aprendizaje; estas palabras se repet\u00edan aleatoriamente durante de 42 veces. Luego de esta \u00a0la fase de aprendizaje, los sujetos deb\u00edan identificar las palabras que hab\u00edan escuchado previamente.<\/p>\n<p style=\"text-align: justify;\">As\u00ed a trav\u00e9s del an\u00e1lisis de resonancias magn\u00e9ticas aplicadas a los 27 voluntarios, se descubri\u00f3 una actividad cerebral mayor en el hemisferio izquierdo, as\u00ed se concluy\u00f3 que las diferencias entre cada sujeto en el desarrollo de las interconexiones en esta zona de nuestro \u00f3rgano pensante, condiciona la capacidad de aprendizaje de nuevas palabras.<\/p>\n<p style=\"text-align: justify;\">El aprendizaje de una lengua tiene que ver con la asociaci\u00f3n que hacemos entre los conocimientos de nuestra lengua madre y un idioma extranjero, asimismo mientras m\u00e1s palabras se empleen y conozcan de nuestro vocabulario, ser\u00e1 menor el tiempo que demore aprender palabras nuevas, as\u00ed el cerebro estar\u00e1 m\u00e1s concentrado en las construcciones gramaticales.<\/p>\n<p><strong>Adair Rodr\u00edguez<\/strong><br \/>\n<strong>UTEL Editorial<\/strong><\/p>\n<p style=\"text-align: center;\"><a href=\"http:\/\/contacto.utel.edu.mx\/online\/formd\/UTEL\/?utm_source=blog&amp;utm_medium=boton-contacto&amp;utm_campaign=hemisferio-izquierdo-cerebral-responsable-del-aprendizaje-de-idiomas\"><img decoding=\"async\" class=\" wp-image-13059 aligncenter\" title=\"El hemisferio izquierdo y los idiomas | Blog - UTEL\" alt=\"El hemisferio izquierdo y los idiomas | Blog - UTEL\" src=\"http:\/\/utel.mx\/blog\/wp-content\/uploads\/2014\/04\/boton_blog.png\" width=\"186\" height=\"57\" \/><\/a><\/p>\n<div id=\"advads-2153191446\" class=\"advads-cta-lp-banner-form advads-entity-placement\"><a href=\"https:\/\/utel.mx\/blog\/admisiones-universidad-online\/?utm_source=blog&#038;utm_medium=CTAlink&#038;utm_campaign=MKTseo\" aria-label=\"Universidad en linea\"><img src=\"https:\/\/utel.mx\/blog\/wp-content\/uploads\/2025\/04\/universidad-en-linea-1.png\" alt=\"Universidad en linea\"  srcset=\"https:\/\/utel.mx\/blog\/wp-content\/uploads\/2025\/04\/universidad-en-linea-1.png 626w, https:\/\/utel.mx\/blog\/wp-content\/uploads\/2025\/04\/universidad-en-linea-1-420x168.png 420w\" sizes=\"(max-width: 626px) 100vw, 626px\" width=\"626\" height=\"250\"   \/><\/a><\/div>","protected":false},"excerpt":{"rendered":"<p> [&hellip;]<\/p>\n","protected":false},"author":9,"featured_media":13230,"comment_status":"closed","ping_status":"open","sticky":false,"template":"","format":"standard","meta":{"_acf_changed":false,"site-sidebar-layout":"default","site-content-layout":"","ast-site-content-layout":"","site-content-style":"default","site-sidebar-style":"default","ast-global-header-display":"","ast-banner-title-visibility":"","ast-main-header-display":"","ast-hfb-above-header-display":"","ast-hfb-below-header-display":"","ast-hfb-mobile-header-display":"","site-post-title":"","ast-breadcrumbs-content":"","ast-featured-img":"","footer-sml-layout":"","theme-transparent-header-meta":"","adv-header-id-meta":"","stick-header-meta":"","header-above-stick-meta":"","header-main-stick-meta":"","header-below-stick-meta":"","astra-migrate-meta-layouts":"default","ast-page-background-enabled":"default","ast-page-background-meta":{"desktop":{"background-color":"var(--ast-global-color-4)","background-image":"","background-repeat":"repeat","background-position":"center center","background-size":"auto","background-attachment":"scroll","background-type":"","background-media":"","overlay-type":"","overlay-color":"","overlay-gradient":""},"tablet":{"background-color":"","background-image":"","background-repeat":"repeat","background-position":"center center","background-size":"auto","background-attachment":"scroll","background-type":"","background-media":"","overlay-type":"","overlay-color":"","overlay-gradient":""},"mobile":{"background-color":"","background-image":"","background-repeat":"repeat","background-position":"center center","background-size":"auto","background-attachment":"scroll","background-type":"","background-media":"","overlay-type":"","overlay-color":"","overlay-gradient":""}},"ast-content-background-meta":{"desktop":{"background-color":"var(--ast-global-color-5)","background-image":"","background-repeat":"repeat","background-position":"center center","background-size":"auto","background-attachment":"scroll","background-type":"","background-media":"","overlay-type":"","overlay-color":"","overlay-gradient":""},"tablet":{"background-color":"var(--ast-global-color-5)","background-image":"","background-repeat":"repeat","background-position":"center center","background-size":"auto","background-attachment":"scroll","background-type":"","background-media":"","overlay-type":"","overlay-color":"","overlay-gradient":""},"mobile":{"background-color":"var(--ast-global-color-5)","background-image":"","background-repeat":"repeat","background-position":"center center","background-size":"auto","background-attachment":"scroll","background-type":"","background-media":"","overlay-type":"","overlay-color":"","overlay-gradient":""}},"footnotes":""},"categories":[33],"tags":[],"class_list":["post-13229","post","type-post","status-publish","format-standard","has-post-thumbnail","hentry","category-rol-personal"],"acf":[],"yoast_head":"<!-- This site is optimized with the Yoast SEO plugin v26.8 - https:\/\/yoast.com\/product\/yoast-seo-wordpress\/ -->\n<title>El hemisferio izquierdo y el aprendizaje de idiomas - BLOG | Utel<\/title>\n<meta name=\"description\" content=\"El proceso de aprendizaje de una lengua radica en las conexiones de las regiones del hemisferio izquierdo del cerebro, as\u00ed lo revel\u00f3 el IDIBELL.\" \/>\n<meta name=\"robots\" content=\"index, follow, max-snippet:-1, max-image-preview:large, max-video-preview:-1\" \/>\n<link rel=\"canonical\" href=\"https:\/\/utel.mx\/blog\/rol-personal\/el-hemisferio-izquierdo-y-el-aprendizaje-de-idiomas\/\" \/>\n<meta property=\"og:locale\" content=\"es_ES\" \/>\n<meta property=\"og:type\" content=\"article\" \/>\n<meta property=\"og:title\" content=\"El hemisferio izquierdo y el aprendizaje de idiomas - BLOG | Utel\" \/>\n<meta property=\"og:description\" content=\"El proceso de aprendizaje de una lengua radica en las conexiones de las regiones del hemisferio izquierdo del cerebro, as\u00ed lo revel\u00f3 el IDIBELL.\" \/>\n<meta property=\"og:url\" content=\"https:\/\/utel.mx\/blog\/rol-personal\/el-hemisferio-izquierdo-y-el-aprendizaje-de-idiomas\/\" \/>\n<meta property=\"og:site_name\" content=\"BLOG | Utel\" \/>\n<meta property=\"article:published_time\" content=\"2014-04-21T17:01:05+00:00\" \/>\n<meta property=\"article:modified_time\" content=\"2023-03-10T16:57:26+00:00\" \/>\n<meta property=\"og:image\" content=\"https:\/\/utel.mx\/blog\/wp-content\/uploads\/2014\/04\/shutterstock_178202807.jpg\" \/>\n\t<meta property=\"og:image:width\" content=\"1000\" \/>\n\t<meta property=\"og:image:height\" content=\"875\" \/>\n\t<meta property=\"og:image:type\" content=\"image\/jpeg\" \/>\n<meta name=\"author\" content=\"Hayde\u00e9 (Editor)\" \/>\n<meta name=\"twitter:label1\" content=\"Written by\" \/>\n\t<meta name=\"twitter:data1\" content=\"Hayde\u00e9 (Editor)\" \/>\n\t<meta name=\"twitter:label2\" content=\"Est. reading time\" \/>\n\t<meta name=\"twitter:data2\" content=\"2 minutos\" \/>\n<script type=\"application\/ld+json\" class=\"yoast-schema-graph\">{\"@context\":\"https:\/\/schema.org\",\"@graph\":[{\"@type\":\"Article\",\"@id\":\"https:\/\/utel.mx\/blog\/rol-personal\/el-hemisferio-izquierdo-y-el-aprendizaje-de-idiomas\/#article\",\"isPartOf\":{\"@id\":\"https:\/\/utel.mx\/blog\/rol-personal\/el-hemisferio-izquierdo-y-el-aprendizaje-de-idiomas\/\"},\"author\":{\"name\":\"Hayde\u00e9 (Editor)\",\"@id\":\"https:\/\/utel.mx\/blog\/#\/schema\/person\/9a4c3940beef2724facfef4f2ccec7da\"},\"headline\":\"El hemisferio izquierdo y el aprendizaje de idiomas\",\"datePublished\":\"2014-04-21T17:01:05+00:00\",\"dateModified\":\"2023-03-10T16:57:26+00:00\",\"mainEntityOfPage\":{\"@id\":\"https:\/\/utel.mx\/blog\/rol-personal\/el-hemisferio-izquierdo-y-el-aprendizaje-de-idiomas\/\"},\"wordCount\":378,\"publisher\":{\"@id\":\"https:\/\/utel.mx\/blog\/#organization\"},\"image\":{\"@id\":\"https:\/\/utel.mx\/blog\/rol-personal\/el-hemisferio-izquierdo-y-el-aprendizaje-de-idiomas\/#primaryimage\"},\"thumbnailUrl\":\"https:\/\/utel.mx\/blog\/wp-content\/uploads\/2014\/04\/shutterstock_178202807.jpg\",\"articleSection\":[\"Rol personal\"],\"inLanguage\":\"es\"},{\"@type\":\"WebPage\",\"@id\":\"https:\/\/utel.mx\/blog\/rol-personal\/el-hemisferio-izquierdo-y-el-aprendizaje-de-idiomas\/\",\"url\":\"https:\/\/utel.mx\/blog\/rol-personal\/el-hemisferio-izquierdo-y-el-aprendizaje-de-idiomas\/\",\"name\":\"El hemisferio izquierdo y el aprendizaje de idiomas - BLOG | Utel\",\"isPartOf\":{\"@id\":\"https:\/\/utel.mx\/blog\/#website\"},\"primaryImageOfPage\":{\"@id\":\"https:\/\/utel.mx\/blog\/rol-personal\/el-hemisferio-izquierdo-y-el-aprendizaje-de-idiomas\/#primaryimage\"},\"image\":{\"@id\":\"https:\/\/utel.mx\/blog\/rol-personal\/el-hemisferio-izquierdo-y-el-aprendizaje-de-idiomas\/#primaryimage\"},\"thumbnailUrl\":\"https:\/\/utel.mx\/blog\/wp-content\/uploads\/2014\/04\/shutterstock_178202807.jpg\",\"datePublished\":\"2014-04-21T17:01:05+00:00\",\"dateModified\":\"2023-03-10T16:57:26+00:00\",\"description\":\"El proceso de aprendizaje de una lengua radica en las conexiones de las regiones del hemisferio izquierdo del cerebro, as\u00ed lo revel\u00f3 el IDIBELL.\",\"breadcrumb\":{\"@id\":\"https:\/\/utel.mx\/blog\/rol-personal\/el-hemisferio-izquierdo-y-el-aprendizaje-de-idiomas\/#breadcrumb\"},\"inLanguage\":\"es\",\"potentialAction\":[{\"@type\":\"ReadAction\",\"target\":[\"https:\/\/utel.mx\/blog\/rol-personal\/el-hemisferio-izquierdo-y-el-aprendizaje-de-idiomas\/\"]}]},{\"@type\":\"ImageObject\",\"inLanguage\":\"es\",\"@id\":\"https:\/\/utel.mx\/blog\/rol-personal\/el-hemisferio-izquierdo-y-el-aprendizaje-de-idiomas\/#primaryimage\",\"url\":\"https:\/\/utel.mx\/blog\/wp-content\/uploads\/2014\/04\/shutterstock_178202807.jpg\",\"contentUrl\":\"https:\/\/utel.mx\/blog\/wp-content\/uploads\/2014\/04\/shutterstock_178202807.jpg\",\"width\":1000,\"height\":875,\"caption\":\"Hemisferio izquierdo cerebral, responsable del aprendizaje de idiomas | Blog - UTEL\"},{\"@type\":\"BreadcrumbList\",\"@id\":\"https:\/\/utel.mx\/blog\/rol-personal\/el-hemisferio-izquierdo-y-el-aprendizaje-de-idiomas\/#breadcrumb\",\"itemListElement\":[{\"@type\":\"ListItem\",\"position\":1,\"name\":\"Home\",\"item\":\"https:\/\/utel.mx\/blog\/\"},{\"@type\":\"ListItem\",\"position\":2,\"name\":\"El hemisferio izquierdo y el aprendizaje de idiomas\"}]},{\"@type\":\"WebSite\",\"@id\":\"https:\/\/utel.mx\/blog\/#website\",\"url\":\"https:\/\/utel.mx\/blog\/\",\"name\":\"BLOG | Utel\",\"description\":\"Blog UTEL Universidad en L\u00ednea\",\"publisher\":{\"@id\":\"https:\/\/utel.mx\/blog\/#organization\"},\"potentialAction\":[{\"@type\":\"SearchAction\",\"target\":{\"@type\":\"EntryPoint\",\"urlTemplate\":\"https:\/\/utel.mx\/blog\/?s={search_term_string}\"},\"query-input\":{\"@type\":\"PropertyValueSpecification\",\"valueRequired\":true,\"valueName\":\"search_term_string\"}}],\"inLanguage\":\"es\"},{\"@type\":\"Organization\",\"@id\":\"https:\/\/utel.mx\/blog\/#organization\",\"name\":\"BLOG | Utel\",\"url\":\"https:\/\/utel.mx\/blog\/\",\"logo\":{\"@type\":\"ImageObject\",\"inLanguage\":\"es\",\"@id\":\"https:\/\/utel.mx\/blog\/#\/schema\/logo\/image\/\",\"url\":\"https:\/\/utel.mx\/blog\/wp-content\/uploads\/2023\/03\/cropped-logo-blog.png\",\"contentUrl\":\"https:\/\/utel.mx\/blog\/wp-content\/uploads\/2023\/03\/cropped-logo-blog.png\",\"width\":237,\"height\":64,\"caption\":\"BLOG | Utel\"},\"image\":{\"@id\":\"https:\/\/utel.mx\/blog\/#\/schema\/logo\/image\/\"}},{\"@type\":\"Person\",\"@id\":\"https:\/\/utel.mx\/blog\/#\/schema\/person\/9a4c3940beef2724facfef4f2ccec7da\",\"name\":\"Hayde\u00e9 (Editor)\",\"image\":{\"@type\":\"ImageObject\",\"inLanguage\":\"es\",\"@id\":\"https:\/\/utel.mx\/blog\/#\/schema\/person\/image\/\",\"url\":\"https:\/\/secure.gravatar.com\/avatar\/ba63bb7f074f0dfa874cba0ef5d985a5?s=96&d=mm&r=g\",\"contentUrl\":\"https:\/\/secure.gravatar.com\/avatar\/ba63bb7f074f0dfa874cba0ef5d985a5?s=96&d=mm&r=g\",\"caption\":\"Hayde\u00e9 (Editor)\"},\"description\":\"Licenciada en Ciencias de la Comunicaci\u00f3n\"}]}<\/script>\n<!-- \/ Yoast SEO plugin. -->","yoast_head_json":{"title":"El hemisferio izquierdo y el aprendizaje de idiomas - BLOG | Utel","description":"El proceso de aprendizaje de una lengua radica en las conexiones de las regiones del hemisferio izquierdo del cerebro, as\u00ed lo revel\u00f3 el IDIBELL.","robots":{"index":"index","follow":"follow","max-snippet":"max-snippet:-1","max-image-preview":"max-image-preview:large","max-video-preview":"max-video-preview:-1"},"canonical":"https:\/\/utel.mx\/blog\/rol-personal\/el-hemisferio-izquierdo-y-el-aprendizaje-de-idiomas\/","og_locale":"es_ES","og_type":"article","og_title":"El hemisferio izquierdo y el aprendizaje de idiomas - BLOG | Utel","og_description":"El proceso de aprendizaje de una lengua radica en las conexiones de las regiones del hemisferio izquierdo del cerebro, as\u00ed lo revel\u00f3 el IDIBELL.","og_url":"https:\/\/utel.mx\/blog\/rol-personal\/el-hemisferio-izquierdo-y-el-aprendizaje-de-idiomas\/","og_site_name":"BLOG | Utel","article_published_time":"2014-04-21T17:01:05+00:00","article_modified_time":"2023-03-10T16:57:26+00:00","og_image":[{"width":1000,"height":875,"url":"https:\/\/utel.mx\/blog\/wp-content\/uploads\/2014\/04\/shutterstock_178202807.jpg","type":"image\/jpeg"}],"author":"Hayde\u00e9 (Editor)","twitter_misc":{"Written by":"Hayde\u00e9 (Editor)","Est. reading time":"2 minutos"},"schema":{"@context":"https:\/\/schema.org","@graph":[{"@type":"Article","@id":"https:\/\/utel.mx\/blog\/rol-personal\/el-hemisferio-izquierdo-y-el-aprendizaje-de-idiomas\/#article","isPartOf":{"@id":"https:\/\/utel.mx\/blog\/rol-personal\/el-hemisferio-izquierdo-y-el-aprendizaje-de-idiomas\/"},"author":{"name":"Hayde\u00e9 (Editor)","@id":"https:\/\/utel.mx\/blog\/#\/schema\/person\/9a4c3940beef2724facfef4f2ccec7da"},"headline":"El hemisferio izquierdo y el aprendizaje de idiomas","datePublished":"2014-04-21T17:01:05+00:00","dateModified":"2023-03-10T16:57:26+00:00","mainEntityOfPage":{"@id":"https:\/\/utel.mx\/blog\/rol-personal\/el-hemisferio-izquierdo-y-el-aprendizaje-de-idiomas\/"},"wordCount":378,"publisher":{"@id":"https:\/\/utel.mx\/blog\/#organization"},"image":{"@id":"https:\/\/utel.mx\/blog\/rol-personal\/el-hemisferio-izquierdo-y-el-aprendizaje-de-idiomas\/#primaryimage"},"thumbnailUrl":"https:\/\/utel.mx\/blog\/wp-content\/uploads\/2014\/04\/shutterstock_178202807.jpg","articleSection":["Rol personal"],"inLanguage":"es"},{"@type":"WebPage","@id":"https:\/\/utel.mx\/blog\/rol-personal\/el-hemisferio-izquierdo-y-el-aprendizaje-de-idiomas\/","url":"https:\/\/utel.mx\/blog\/rol-personal\/el-hemisferio-izquierdo-y-el-aprendizaje-de-idiomas\/","name":"El hemisferio izquierdo y el aprendizaje de idiomas - BLOG | Utel","isPartOf":{"@id":"https:\/\/utel.mx\/blog\/#website"},"primaryImageOfPage":{"@id":"https:\/\/utel.mx\/blog\/rol-personal\/el-hemisferio-izquierdo-y-el-aprendizaje-de-idiomas\/#primaryimage"},"image":{"@id":"https:\/\/utel.mx\/blog\/rol-personal\/el-hemisferio-izquierdo-y-el-aprendizaje-de-idiomas\/#primaryimage"},"thumbnailUrl":"https:\/\/utel.mx\/blog\/wp-content\/uploads\/2014\/04\/shutterstock_178202807.jpg","datePublished":"2014-04-21T17:01:05+00:00","dateModified":"2023-03-10T16:57:26+00:00","description":"El proceso de aprendizaje de una lengua radica en las conexiones de las regiones del hemisferio izquierdo del cerebro, as\u00ed lo revel\u00f3 el IDIBELL.","breadcrumb":{"@id":"https:\/\/utel.mx\/blog\/rol-personal\/el-hemisferio-izquierdo-y-el-aprendizaje-de-idiomas\/#breadcrumb"},"inLanguage":"es","potentialAction":[{"@type":"ReadAction","target":["https:\/\/utel.mx\/blog\/rol-personal\/el-hemisferio-izquierdo-y-el-aprendizaje-de-idiomas\/"]}]},{"@type":"ImageObject","inLanguage":"es","@id":"https:\/\/utel.mx\/blog\/rol-personal\/el-hemisferio-izquierdo-y-el-aprendizaje-de-idiomas\/#primaryimage","url":"https:\/\/utel.mx\/blog\/wp-content\/uploads\/2014\/04\/shutterstock_178202807.jpg","contentUrl":"https:\/\/utel.mx\/blog\/wp-content\/uploads\/2014\/04\/shutterstock_178202807.jpg","width":1000,"height":875,"caption":"Hemisferio izquierdo cerebral, responsable del aprendizaje de idiomas | Blog - UTEL"},{"@type":"BreadcrumbList","@id":"https:\/\/utel.mx\/blog\/rol-personal\/el-hemisferio-izquierdo-y-el-aprendizaje-de-idiomas\/#breadcrumb","itemListElement":[{"@type":"ListItem","position":1,"name":"Home","item":"https:\/\/utel.mx\/blog\/"},{"@type":"ListItem","position":2,"name":"El hemisferio izquierdo y el aprendizaje de idiomas"}]},{"@type":"WebSite","@id":"https:\/\/utel.mx\/blog\/#website","url":"https:\/\/utel.mx\/blog\/","name":"BLOG | Utel","description":"Blog UTEL Universidad en L\u00ednea","publisher":{"@id":"https:\/\/utel.mx\/blog\/#organization"},"potentialAction":[{"@type":"SearchAction","target":{"@type":"EntryPoint","urlTemplate":"https:\/\/utel.mx\/blog\/?s={search_term_string}"},"query-input":{"@type":"PropertyValueSpecification","valueRequired":true,"valueName":"search_term_string"}}],"inLanguage":"es"},{"@type":"Organization","@id":"https:\/\/utel.mx\/blog\/#organization","name":"BLOG | Utel","url":"https:\/\/utel.mx\/blog\/","logo":{"@type":"ImageObject","inLanguage":"es","@id":"https:\/\/utel.mx\/blog\/#\/schema\/logo\/image\/","url":"https:\/\/utel.mx\/blog\/wp-content\/uploads\/2023\/03\/cropped-logo-blog.png","contentUrl":"https:\/\/utel.mx\/blog\/wp-content\/uploads\/2023\/03\/cropped-logo-blog.png","width":237,"height":64,"caption":"BLOG | Utel"},"image":{"@id":"https:\/\/utel.mx\/blog\/#\/schema\/logo\/image\/"}},{"@type":"Person","@id":"https:\/\/utel.mx\/blog\/#\/schema\/person\/9a4c3940beef2724facfef4f2ccec7da","name":"Hayde\u00e9 (Editor)","image":{"@type":"ImageObject","inLanguage":"es","@id":"https:\/\/utel.mx\/blog\/#\/schema\/person\/image\/","url":"https:\/\/secure.gravatar.com\/avatar\/ba63bb7f074f0dfa874cba0ef5d985a5?s=96&d=mm&r=g","contentUrl":"https:\/\/secure.gravatar.com\/avatar\/ba63bb7f074f0dfa874cba0ef5d985a5?s=96&d=mm&r=g","caption":"Hayde\u00e9 (Editor)"},"description":"Licenciada en Ciencias de la Comunicaci\u00f3n"}]}},"_links":{"self":[{"href":"https:\/\/utel.mx\/blog\/wp-json\/wp\/v2\/posts\/13229","targetHints":{"allow":["GET"]}}],"collection":[{"href":"https:\/\/utel.mx\/blog\/wp-json\/wp\/v2\/posts"}],"about":[{"href":"https:\/\/utel.mx\/blog\/wp-json\/wp\/v2\/types\/post"}],"author":[{"embeddable":true,"href":"https:\/\/utel.mx\/blog\/wp-json\/wp\/v2\/users\/9"}],"replies":[{"embeddable":true,"href":"https:\/\/utel.mx\/blog\/wp-json\/wp\/v2\/comments?post=13229"}],"version-history":[{"count":1,"href":"https:\/\/utel.mx\/blog\/wp-json\/wp\/v2\/posts\/13229\/revisions"}],"predecessor-version":[{"id":45242,"href":"https:\/\/utel.mx\/blog\/wp-json\/wp\/v2\/posts\/13229\/revisions\/45242"}],"wp:featuredmedia":[{"embeddable":true,"href":"https:\/\/utel.mx\/blog\/wp-json\/wp\/v2\/media\/13230"}],"wp:attachment":[{"href":"https:\/\/utel.mx\/blog\/wp-json\/wp\/v2\/media?parent=13229"}],"wp:term":[{"taxonomy":"category","embeddable":true,"href":"https:\/\/utel.mx\/blog\/wp-json\/wp\/v2\/categories?post=13229"},{"taxonomy":"post_tag","embeddable":true,"href":"https:\/\/utel.mx\/blog\/wp-json\/wp\/v2\/tags?post=13229"}],"curies":[{"name":"wp","href":"https:\/\/api.w.org\/{rel}","templated":true}]}}