{"id":13483,"date":"2014-05-06T01:54:15","date_gmt":"2014-05-06T01:54:15","guid":{"rendered":"http:\/\/utel.mx\/blog\/?p=13483"},"modified":"2023-03-10T16:57:19","modified_gmt":"2023-03-10T16:57:19","slug":"optimismo-vs-pesimismo-con-cual-te-identificas","status":"publish","type":"post","link":"https:\/\/utel.mx\/blog\/rol-personal\/optimismo-vs-pesimismo-con-cual-te-identificas\/","title":{"rendered":"Optimismo Vs pesimismo \u00bfcon cu\u00e1l te identificas?"},"content":{"rendered":"<p dir=\"ltr\" style=\"text-align: justify;\">El optimismo va m\u00e1s all\u00e1 del simple pensamiento positivo, es un estilo de vida. El pesimismo en cambio es una actitud que permea nuestro estado de \u00e1nimo pero que nos puede auxiliar para tomar decisiones asertivas.<\/p>\n<p dir=\"ltr\" style=\"text-align: justify;\">Tener una visi\u00f3n optimista es poseer una disposici\u00f3n o tendencia a mirar el aspecto m\u00e1s favorable de los acontecimientos y esperar el resultado m\u00e1s ventajoso de ello. El pesimismo es lo contrario, se destaca el lado negativo de los sucesos. Invariablemente hemos sido conducidos en alguna ocasi\u00f3n por alguno de estos sentimientos, la \u00a0postura que asumimos con m\u00e1s frecuencia denota la manera de c\u00f3mo afrontamos nuestro d\u00eda a d\u00eda.<\/p>\n<p dir=\"ltr\" style=\"text-align: justify;\"><strong>Optimismo Vs pesimismo<\/strong><\/p>\n<p dir=\"ltr\" style=\"text-align: justify;\">El psic\u00f3logo estadounidense, Mart\u00edn Seligman, ha planteado que en m\u00e1s de mil estudios que incluyen a medio mill\u00f3n de ni\u00f1os y adultos, que la gente optimista se mostraba con menos frecuencia deprimida, ten\u00eda m\u00e1s \u00e9xito en la escuela y en el trabajo, asimismo eran m\u00e1s saludables que la gente pesimista.<\/p>\n<p dir=\"ltr\" style=\"text-align: justify;\">Joseph P. Forgas, catedr\u00e1tico de la Universidad de Nueva Gales del Sur, hizo una revisi\u00f3n a estudios publicados en el magazine Psychological Science, que enuncian actividades y funciones que se realizan mejor bajo sentimientos de pesimismo. Por ejemplo en 2009 a trav\u00e9s de un experimento se demostr\u00f3 que en los d\u00edas nublados, cuando la gente luce malhumorada, su memoria se acent\u00faa debido a que no a\u00f1ade detalles a sus descripciones mentales.<\/p>\n<p dir=\"ltr\" style=\"text-align: justify;\">El individuo optimista asume la responsabilidad para lograr que las cosas buenas sucedan, si algo malo acontece piensa que es algo pasajero. As\u00ed juzga los hechos desde una \u00f3ptica m\u00e1s favorable y con buen humor al tratar de revertir esa mala racha en una oportunidad de crecimiento.<\/p>\n<p dir=\"ltr\" style=\"text-align: justify;\">La gente pesimista piensa que los malos acontecimientos son permanentes, as\u00ed los momentos positivos son fortuitos. Este tipo de personas suele asignar culpas de los eventos desagradables o se culpar\u00e1 \u00e9l mismo. En los encuentros cara a cara con un nuevo sujeto, a diferencia de los optimistas, los pesimistas recaban toda la informaci\u00f3n posible del individuo al no estar pendientes de causar una buena impresi\u00f3n.<\/p>\n<p dir=\"ltr\" style=\"text-align: justify;\">El optimismo m\u00e1s que una sonrisa de oreja a oreja y parecer ingenuo todo el tiempo, apela a sentirse en armon\u00eda y no dejarse abatir por eventos causados por terceros. En ocasiones hay que observar las cosas desde un punto de vista imparcial, serio, anal\u00edtico, para tomar determinaciones objetivas, las decisiones no siempre satisfar\u00e1n a todos por igual.<\/p>\n<p dir=\"ltr\" style=\"text-align: justify;\">\u00bfT\u00fa de qu\u00e9 bando te consideras?<\/p>\n<p><strong>Adair Rodr\u00edguez<\/strong><br \/>\n<strong>UTEL Editorial<\/strong><\/p>\n<p style=\"text-align: center;\"><a href=\"http:\/\/contacto.utel.edu.mx\/online\/formd\/UTEL\/?utm_source=blog&amp;utm_medium=boton-contacto&amp;utm_campaign=optimismo-vs-pesimismo-con-cual-te-identificas\"><img decoding=\"async\" class=\" wp-image-13278 aligncenter\" title=\"Optimismo Vs pesimismo | Blog - UTEL\" alt=\"Optimismo Vs pesimismo | Blog - UTEL\" src=\"http:\/\/utel.mx\/blog\/wp-content\/uploads\/2014\/04\/boton_blog1.png\" width=\"186\" height=\"57\" \/><\/a><\/p>\n<div id=\"advads-170461929\" class=\"advads-cta-lp-banner-form advads-entity-placement\"><a href=\"https:\/\/utel.mx\/blog\/admisiones-universidad-online\/?utm_source=blog&#038;utm_medium=CTAlink&#038;utm_campaign=MKTseo\" aria-label=\"Universidad en linea\"><img src=\"https:\/\/utel.mx\/blog\/wp-content\/uploads\/2025\/04\/universidad-en-linea-1.png\" alt=\"Universidad en linea\"  srcset=\"https:\/\/utel.mx\/blog\/wp-content\/uploads\/2025\/04\/universidad-en-linea-1.png 626w, https:\/\/utel.mx\/blog\/wp-content\/uploads\/2025\/04\/universidad-en-linea-1-420x168.png 420w\" sizes=\"(max-width: 626px) 100vw, 626px\" width=\"626\" height=\"250\"   \/><\/a><\/div>","protected":false},"excerpt":{"rendered":"<p> [&hellip;]<\/p>\n","protected":false},"author":9,"featured_media":13484,"comment_status":"closed","ping_status":"open","sticky":false,"template":"","format":"standard","meta":{"_acf_changed":false,"site-sidebar-layout":"default","site-content-layout":"","ast-site-content-layout":"","site-content-style":"default","site-sidebar-style":"default","ast-global-header-display":"","ast-banner-title-visibility":"","ast-main-header-display":"","ast-hfb-above-header-display":"","ast-hfb-below-header-display":"","ast-hfb-mobile-header-display":"","site-post-title":"","ast-breadcrumbs-content":"","ast-featured-img":"","footer-sml-layout":"","theme-transparent-header-meta":"","adv-header-id-meta":"","stick-header-meta":"","header-above-stick-meta":"","header-main-stick-meta":"","header-below-stick-meta":"","astra-migrate-meta-layouts":"default","ast-page-background-enabled":"default","ast-page-background-meta":{"desktop":{"background-color":"var(--ast-global-color-4)","background-image":"","background-repeat":"repeat","background-position":"center center","background-size":"auto","background-attachment":"scroll","background-type":"","background-media":"","overlay-type":"","overlay-color":"","overlay-gradient":""},"tablet":{"background-color":"","background-image":"","background-repeat":"repeat","background-position":"center center","background-size":"auto","background-attachment":"scroll","background-type":"","background-media":"","overlay-type":"","overlay-color":"","overlay-gradient":""},"mobile":{"background-color":"","background-image":"","background-repeat":"repeat","background-position":"center center","background-size":"auto","background-attachment":"scroll","background-type":"","background-media":"","overlay-type":"","overlay-color":"","overlay-gradient":""}},"ast-content-background-meta":{"desktop":{"background-color":"var(--ast-global-color-5)","background-image":"","background-repeat":"repeat","background-position":"center center","background-size":"auto","background-attachment":"scroll","background-type":"","background-media":"","overlay-type":"","overlay-color":"","overlay-gradient":""},"tablet":{"background-color":"var(--ast-global-color-5)","background-image":"","background-repeat":"repeat","background-position":"center center","background-size":"auto","background-attachment":"scroll","background-type":"","background-media":"","overlay-type":"","overlay-color":"","overlay-gradient":""},"mobile":{"background-color":"var(--ast-global-color-5)","background-image":"","background-repeat":"repeat","background-position":"center center","background-size":"auto","background-attachment":"scroll","background-type":"","background-media":"","overlay-type":"","overlay-color":"","overlay-gradient":""}},"footnotes":""},"categories":[33],"tags":[],"class_list":["post-13483","post","type-post","status-publish","format-standard","has-post-thumbnail","hentry","category-rol-personal"],"acf":[],"yoast_head":"<!-- This site is optimized with the Yoast SEO plugin v26.8 - https:\/\/yoast.com\/product\/yoast-seo-wordpress\/ -->\n<title>Optimismo Vs pesimismo \u00bfcon cu\u00e1l te identificas? - BLOG | Utel<\/title>\n<meta name=\"description\" content=\"El optimismo va m\u00e1s all\u00e1 del simple pensamiento positivo, es un estilo de vida. El pesimismo en cambio es una actitud que permea nuestro estado de \u00e1nimo.\" \/>\n<meta name=\"robots\" content=\"index, follow, max-snippet:-1, max-image-preview:large, max-video-preview:-1\" \/>\n<link rel=\"canonical\" href=\"https:\/\/utel.mx\/blog\/rol-personal\/optimismo-vs-pesimismo-con-cual-te-identificas\/\" \/>\n<meta property=\"og:locale\" content=\"es_ES\" \/>\n<meta property=\"og:type\" content=\"article\" \/>\n<meta property=\"og:title\" content=\"Optimismo Vs pesimismo \u00bfcon cu\u00e1l te identificas? - BLOG | Utel\" \/>\n<meta property=\"og:description\" content=\"El optimismo va m\u00e1s all\u00e1 del simple pensamiento positivo, es un estilo de vida. El pesimismo en cambio es una actitud que permea nuestro estado de \u00e1nimo.\" \/>\n<meta property=\"og:url\" content=\"https:\/\/utel.mx\/blog\/rol-personal\/optimismo-vs-pesimismo-con-cual-te-identificas\/\" \/>\n<meta property=\"og:site_name\" content=\"BLOG | Utel\" \/>\n<meta property=\"article:published_time\" content=\"2014-05-06T01:54:15+00:00\" \/>\n<meta property=\"article:modified_time\" content=\"2023-03-10T16:57:19+00:00\" \/>\n<meta property=\"og:image\" content=\"https:\/\/utel.mx\/blog\/wp-content\/uploads\/2014\/05\/shutterstock_63935509.jpg\" \/>\n\t<meta property=\"og:image:width\" content=\"1000\" \/>\n\t<meta property=\"og:image:height\" content=\"667\" \/>\n\t<meta property=\"og:image:type\" content=\"image\/jpeg\" \/>\n<meta name=\"author\" content=\"Hayde\u00e9 (Editor)\" \/>\n<meta name=\"twitter:label1\" content=\"Written by\" \/>\n\t<meta name=\"twitter:data1\" content=\"Hayde\u00e9 (Editor)\" \/>\n\t<meta name=\"twitter:label2\" content=\"Est. reading time\" \/>\n\t<meta name=\"twitter:data2\" content=\"2 minutos\" \/>\n<script type=\"application\/ld+json\" class=\"yoast-schema-graph\">{\"@context\":\"https:\/\/schema.org\",\"@graph\":[{\"@type\":\"Article\",\"@id\":\"https:\/\/utel.mx\/blog\/rol-personal\/optimismo-vs-pesimismo-con-cual-te-identificas\/#article\",\"isPartOf\":{\"@id\":\"https:\/\/utel.mx\/blog\/rol-personal\/optimismo-vs-pesimismo-con-cual-te-identificas\/\"},\"author\":{\"name\":\"Hayde\u00e9 (Editor)\",\"@id\":\"https:\/\/utel.mx\/blog\/#\/schema\/person\/9a4c3940beef2724facfef4f2ccec7da\"},\"headline\":\"Optimismo Vs pesimismo \u00bfcon cu\u00e1l te identificas?\",\"datePublished\":\"2014-05-06T01:54:15+00:00\",\"dateModified\":\"2023-03-10T16:57:19+00:00\",\"mainEntityOfPage\":{\"@id\":\"https:\/\/utel.mx\/blog\/rol-personal\/optimismo-vs-pesimismo-con-cual-te-identificas\/\"},\"wordCount\":448,\"publisher\":{\"@id\":\"https:\/\/utel.mx\/blog\/#organization\"},\"image\":{\"@id\":\"https:\/\/utel.mx\/blog\/rol-personal\/optimismo-vs-pesimismo-con-cual-te-identificas\/#primaryimage\"},\"thumbnailUrl\":\"https:\/\/utel.mx\/blog\/wp-content\/uploads\/2014\/05\/shutterstock_63935509.jpg\",\"articleSection\":[\"Rol personal\"],\"inLanguage\":\"es\"},{\"@type\":\"WebPage\",\"@id\":\"https:\/\/utel.mx\/blog\/rol-personal\/optimismo-vs-pesimismo-con-cual-te-identificas\/\",\"url\":\"https:\/\/utel.mx\/blog\/rol-personal\/optimismo-vs-pesimismo-con-cual-te-identificas\/\",\"name\":\"Optimismo Vs pesimismo \u00bfcon cu\u00e1l te identificas? - BLOG | Utel\",\"isPartOf\":{\"@id\":\"https:\/\/utel.mx\/blog\/#website\"},\"primaryImageOfPage\":{\"@id\":\"https:\/\/utel.mx\/blog\/rol-personal\/optimismo-vs-pesimismo-con-cual-te-identificas\/#primaryimage\"},\"image\":{\"@id\":\"https:\/\/utel.mx\/blog\/rol-personal\/optimismo-vs-pesimismo-con-cual-te-identificas\/#primaryimage\"},\"thumbnailUrl\":\"https:\/\/utel.mx\/blog\/wp-content\/uploads\/2014\/05\/shutterstock_63935509.jpg\",\"datePublished\":\"2014-05-06T01:54:15+00:00\",\"dateModified\":\"2023-03-10T16:57:19+00:00\",\"description\":\"El optimismo va m\u00e1s all\u00e1 del simple pensamiento positivo, es un estilo de vida. El pesimismo en cambio es una actitud que permea nuestro estado de \u00e1nimo.\",\"breadcrumb\":{\"@id\":\"https:\/\/utel.mx\/blog\/rol-personal\/optimismo-vs-pesimismo-con-cual-te-identificas\/#breadcrumb\"},\"inLanguage\":\"es\",\"potentialAction\":[{\"@type\":\"ReadAction\",\"target\":[\"https:\/\/utel.mx\/blog\/rol-personal\/optimismo-vs-pesimismo-con-cual-te-identificas\/\"]}]},{\"@type\":\"ImageObject\",\"inLanguage\":\"es\",\"@id\":\"https:\/\/utel.mx\/blog\/rol-personal\/optimismo-vs-pesimismo-con-cual-te-identificas\/#primaryimage\",\"url\":\"https:\/\/utel.mx\/blog\/wp-content\/uploads\/2014\/05\/shutterstock_63935509.jpg\",\"contentUrl\":\"https:\/\/utel.mx\/blog\/wp-content\/uploads\/2014\/05\/shutterstock_63935509.jpg\",\"width\":1000,\"height\":667,\"caption\":\"Optimismo Vs pesimismo \u00bfcon cu\u00e1l te identificas? | Blog - UTEL\"},{\"@type\":\"BreadcrumbList\",\"@id\":\"https:\/\/utel.mx\/blog\/rol-personal\/optimismo-vs-pesimismo-con-cual-te-identificas\/#breadcrumb\",\"itemListElement\":[{\"@type\":\"ListItem\",\"position\":1,\"name\":\"Home\",\"item\":\"https:\/\/utel.mx\/blog\/\"},{\"@type\":\"ListItem\",\"position\":2,\"name\":\"Optimismo Vs pesimismo \u00bfcon cu\u00e1l te identificas?\"}]},{\"@type\":\"WebSite\",\"@id\":\"https:\/\/utel.mx\/blog\/#website\",\"url\":\"https:\/\/utel.mx\/blog\/\",\"name\":\"BLOG | Utel\",\"description\":\"Blog UTEL Universidad en L\u00ednea\",\"publisher\":{\"@id\":\"https:\/\/utel.mx\/blog\/#organization\"},\"potentialAction\":[{\"@type\":\"SearchAction\",\"target\":{\"@type\":\"EntryPoint\",\"urlTemplate\":\"https:\/\/utel.mx\/blog\/?s={search_term_string}\"},\"query-input\":{\"@type\":\"PropertyValueSpecification\",\"valueRequired\":true,\"valueName\":\"search_term_string\"}}],\"inLanguage\":\"es\"},{\"@type\":\"Organization\",\"@id\":\"https:\/\/utel.mx\/blog\/#organization\",\"name\":\"BLOG | Utel\",\"url\":\"https:\/\/utel.mx\/blog\/\",\"logo\":{\"@type\":\"ImageObject\",\"inLanguage\":\"es\",\"@id\":\"https:\/\/utel.mx\/blog\/#\/schema\/logo\/image\/\",\"url\":\"https:\/\/utel.mx\/blog\/wp-content\/uploads\/2023\/03\/cropped-logo-blog.png\",\"contentUrl\":\"https:\/\/utel.mx\/blog\/wp-content\/uploads\/2023\/03\/cropped-logo-blog.png\",\"width\":237,\"height\":64,\"caption\":\"BLOG | Utel\"},\"image\":{\"@id\":\"https:\/\/utel.mx\/blog\/#\/schema\/logo\/image\/\"}},{\"@type\":\"Person\",\"@id\":\"https:\/\/utel.mx\/blog\/#\/schema\/person\/9a4c3940beef2724facfef4f2ccec7da\",\"name\":\"Hayde\u00e9 (Editor)\",\"image\":{\"@type\":\"ImageObject\",\"inLanguage\":\"es\",\"@id\":\"https:\/\/utel.mx\/blog\/#\/schema\/person\/image\/\",\"url\":\"https:\/\/secure.gravatar.com\/avatar\/ba63bb7f074f0dfa874cba0ef5d985a5?s=96&d=mm&r=g\",\"contentUrl\":\"https:\/\/secure.gravatar.com\/avatar\/ba63bb7f074f0dfa874cba0ef5d985a5?s=96&d=mm&r=g\",\"caption\":\"Hayde\u00e9 (Editor)\"},\"description\":\"Licenciada en Ciencias de la Comunicaci\u00f3n\"}]}<\/script>\n<!-- \/ Yoast SEO plugin. -->","yoast_head_json":{"title":"Optimismo Vs pesimismo \u00bfcon cu\u00e1l te identificas? - BLOG | Utel","description":"El optimismo va m\u00e1s all\u00e1 del simple pensamiento positivo, es un estilo de vida. El pesimismo en cambio es una actitud que permea nuestro estado de \u00e1nimo.","robots":{"index":"index","follow":"follow","max-snippet":"max-snippet:-1","max-image-preview":"max-image-preview:large","max-video-preview":"max-video-preview:-1"},"canonical":"https:\/\/utel.mx\/blog\/rol-personal\/optimismo-vs-pesimismo-con-cual-te-identificas\/","og_locale":"es_ES","og_type":"article","og_title":"Optimismo Vs pesimismo \u00bfcon cu\u00e1l te identificas? - BLOG | Utel","og_description":"El optimismo va m\u00e1s all\u00e1 del simple pensamiento positivo, es un estilo de vida. El pesimismo en cambio es una actitud que permea nuestro estado de \u00e1nimo.","og_url":"https:\/\/utel.mx\/blog\/rol-personal\/optimismo-vs-pesimismo-con-cual-te-identificas\/","og_site_name":"BLOG | Utel","article_published_time":"2014-05-06T01:54:15+00:00","article_modified_time":"2023-03-10T16:57:19+00:00","og_image":[{"width":1000,"height":667,"url":"https:\/\/utel.mx\/blog\/wp-content\/uploads\/2014\/05\/shutterstock_63935509.jpg","type":"image\/jpeg"}],"author":"Hayde\u00e9 (Editor)","twitter_misc":{"Written by":"Hayde\u00e9 (Editor)","Est. reading time":"2 minutos"},"schema":{"@context":"https:\/\/schema.org","@graph":[{"@type":"Article","@id":"https:\/\/utel.mx\/blog\/rol-personal\/optimismo-vs-pesimismo-con-cual-te-identificas\/#article","isPartOf":{"@id":"https:\/\/utel.mx\/blog\/rol-personal\/optimismo-vs-pesimismo-con-cual-te-identificas\/"},"author":{"name":"Hayde\u00e9 (Editor)","@id":"https:\/\/utel.mx\/blog\/#\/schema\/person\/9a4c3940beef2724facfef4f2ccec7da"},"headline":"Optimismo Vs pesimismo \u00bfcon cu\u00e1l te identificas?","datePublished":"2014-05-06T01:54:15+00:00","dateModified":"2023-03-10T16:57:19+00:00","mainEntityOfPage":{"@id":"https:\/\/utel.mx\/blog\/rol-personal\/optimismo-vs-pesimismo-con-cual-te-identificas\/"},"wordCount":448,"publisher":{"@id":"https:\/\/utel.mx\/blog\/#organization"},"image":{"@id":"https:\/\/utel.mx\/blog\/rol-personal\/optimismo-vs-pesimismo-con-cual-te-identificas\/#primaryimage"},"thumbnailUrl":"https:\/\/utel.mx\/blog\/wp-content\/uploads\/2014\/05\/shutterstock_63935509.jpg","articleSection":["Rol personal"],"inLanguage":"es"},{"@type":"WebPage","@id":"https:\/\/utel.mx\/blog\/rol-personal\/optimismo-vs-pesimismo-con-cual-te-identificas\/","url":"https:\/\/utel.mx\/blog\/rol-personal\/optimismo-vs-pesimismo-con-cual-te-identificas\/","name":"Optimismo Vs pesimismo \u00bfcon cu\u00e1l te identificas? - BLOG | Utel","isPartOf":{"@id":"https:\/\/utel.mx\/blog\/#website"},"primaryImageOfPage":{"@id":"https:\/\/utel.mx\/blog\/rol-personal\/optimismo-vs-pesimismo-con-cual-te-identificas\/#primaryimage"},"image":{"@id":"https:\/\/utel.mx\/blog\/rol-personal\/optimismo-vs-pesimismo-con-cual-te-identificas\/#primaryimage"},"thumbnailUrl":"https:\/\/utel.mx\/blog\/wp-content\/uploads\/2014\/05\/shutterstock_63935509.jpg","datePublished":"2014-05-06T01:54:15+00:00","dateModified":"2023-03-10T16:57:19+00:00","description":"El optimismo va m\u00e1s all\u00e1 del simple pensamiento positivo, es un estilo de vida. El pesimismo en cambio es una actitud que permea nuestro estado de \u00e1nimo.","breadcrumb":{"@id":"https:\/\/utel.mx\/blog\/rol-personal\/optimismo-vs-pesimismo-con-cual-te-identificas\/#breadcrumb"},"inLanguage":"es","potentialAction":[{"@type":"ReadAction","target":["https:\/\/utel.mx\/blog\/rol-personal\/optimismo-vs-pesimismo-con-cual-te-identificas\/"]}]},{"@type":"ImageObject","inLanguage":"es","@id":"https:\/\/utel.mx\/blog\/rol-personal\/optimismo-vs-pesimismo-con-cual-te-identificas\/#primaryimage","url":"https:\/\/utel.mx\/blog\/wp-content\/uploads\/2014\/05\/shutterstock_63935509.jpg","contentUrl":"https:\/\/utel.mx\/blog\/wp-content\/uploads\/2014\/05\/shutterstock_63935509.jpg","width":1000,"height":667,"caption":"Optimismo Vs pesimismo \u00bfcon cu\u00e1l te identificas? | Blog - UTEL"},{"@type":"BreadcrumbList","@id":"https:\/\/utel.mx\/blog\/rol-personal\/optimismo-vs-pesimismo-con-cual-te-identificas\/#breadcrumb","itemListElement":[{"@type":"ListItem","position":1,"name":"Home","item":"https:\/\/utel.mx\/blog\/"},{"@type":"ListItem","position":2,"name":"Optimismo Vs pesimismo \u00bfcon cu\u00e1l te identificas?"}]},{"@type":"WebSite","@id":"https:\/\/utel.mx\/blog\/#website","url":"https:\/\/utel.mx\/blog\/","name":"BLOG | Utel","description":"Blog UTEL Universidad en L\u00ednea","publisher":{"@id":"https:\/\/utel.mx\/blog\/#organization"},"potentialAction":[{"@type":"SearchAction","target":{"@type":"EntryPoint","urlTemplate":"https:\/\/utel.mx\/blog\/?s={search_term_string}"},"query-input":{"@type":"PropertyValueSpecification","valueRequired":true,"valueName":"search_term_string"}}],"inLanguage":"es"},{"@type":"Organization","@id":"https:\/\/utel.mx\/blog\/#organization","name":"BLOG | Utel","url":"https:\/\/utel.mx\/blog\/","logo":{"@type":"ImageObject","inLanguage":"es","@id":"https:\/\/utel.mx\/blog\/#\/schema\/logo\/image\/","url":"https:\/\/utel.mx\/blog\/wp-content\/uploads\/2023\/03\/cropped-logo-blog.png","contentUrl":"https:\/\/utel.mx\/blog\/wp-content\/uploads\/2023\/03\/cropped-logo-blog.png","width":237,"height":64,"caption":"BLOG | Utel"},"image":{"@id":"https:\/\/utel.mx\/blog\/#\/schema\/logo\/image\/"}},{"@type":"Person","@id":"https:\/\/utel.mx\/blog\/#\/schema\/person\/9a4c3940beef2724facfef4f2ccec7da","name":"Hayde\u00e9 (Editor)","image":{"@type":"ImageObject","inLanguage":"es","@id":"https:\/\/utel.mx\/blog\/#\/schema\/person\/image\/","url":"https:\/\/secure.gravatar.com\/avatar\/ba63bb7f074f0dfa874cba0ef5d985a5?s=96&d=mm&r=g","contentUrl":"https:\/\/secure.gravatar.com\/avatar\/ba63bb7f074f0dfa874cba0ef5d985a5?s=96&d=mm&r=g","caption":"Hayde\u00e9 (Editor)"},"description":"Licenciada en Ciencias de la Comunicaci\u00f3n"}]}},"_links":{"self":[{"href":"https:\/\/utel.mx\/blog\/wp-json\/wp\/v2\/posts\/13483","targetHints":{"allow":["GET"]}}],"collection":[{"href":"https:\/\/utel.mx\/blog\/wp-json\/wp\/v2\/posts"}],"about":[{"href":"https:\/\/utel.mx\/blog\/wp-json\/wp\/v2\/types\/post"}],"author":[{"embeddable":true,"href":"https:\/\/utel.mx\/blog\/wp-json\/wp\/v2\/users\/9"}],"replies":[{"embeddable":true,"href":"https:\/\/utel.mx\/blog\/wp-json\/wp\/v2\/comments?post=13483"}],"version-history":[{"count":1,"href":"https:\/\/utel.mx\/blog\/wp-json\/wp\/v2\/posts\/13483\/revisions"}],"predecessor-version":[{"id":45225,"href":"https:\/\/utel.mx\/blog\/wp-json\/wp\/v2\/posts\/13483\/revisions\/45225"}],"wp:featuredmedia":[{"embeddable":true,"href":"https:\/\/utel.mx\/blog\/wp-json\/wp\/v2\/media\/13484"}],"wp:attachment":[{"href":"https:\/\/utel.mx\/blog\/wp-json\/wp\/v2\/media?parent=13483"}],"wp:term":[{"taxonomy":"category","embeddable":true,"href":"https:\/\/utel.mx\/blog\/wp-json\/wp\/v2\/categories?post=13483"},{"taxonomy":"post_tag","embeddable":true,"href":"https:\/\/utel.mx\/blog\/wp-json\/wp\/v2\/tags?post=13483"}],"curies":[{"name":"wp","href":"https:\/\/api.w.org\/{rel}","templated":true}]}}