{"id":13626,"date":"2014-05-12T10:50:07","date_gmt":"2014-05-12T10:50:07","guid":{"rendered":"http:\/\/utel.mx\/blog\/?p=13626"},"modified":"2023-03-10T17:04:06","modified_gmt":"2023-03-10T17:04:06","slug":"etica-en-el-contexto-de-la-inteligencia-humana","status":"publish","type":"post","link":"https:\/\/utel.mx\/blog\/rol-personal\/etica-en-el-contexto-de-la-inteligencia-humana\/","title":{"rendered":"\u00c9tica en el contexto de la inteligencia humana"},"content":{"rendered":"<p dir=\"ltr\" style=\"text-align: justify;\">El desarrollo del sentimiento de la empat\u00eda es un factor medular que configura nuestro sentido de \u00e9tica, creaci\u00f3n de la inteligencia humana que versa sobre la calidad moral de la conducta humana.<\/p>\n<p dir=\"ltr\" style=\"text-align: justify;\">Generacionalmente la \u00e9tica ha sido impartida como un conjunto de prohibiciones, obligaciones y normas que debe seguir el hombre. En el contexto de la inteligencia emocional, este concepto adquiere una dimensi\u00f3n paralela que tiene que ver m\u00e1s con actitudes vinculadas al desarrollo de la empat\u00eda.<\/p>\n<p dir=\"ltr\" style=\"text-align: justify;\">La actitud emp\u00e1tica est\u00e1 \u00edntimamente ligada a los juicios morales, dado que estos se relacionan con v\u00edctimas potenciales; por ejemplo \u00bfqu\u00e9 har\u00edamos si nuestra mejor amiga (o) viviera enga\u00f1ado por su pareja y nosotros lo supi\u00e9ramos? \u00bfMentir o decir la verdad? Estos son los dilemas \u00e9ticos que requieren una decisi\u00f3n dolorosa invariablemente.<\/p>\n<p dir=\"ltr\" style=\"text-align: justify;\">Conocer los principios de la inteligencia emocional orienta a tomar una determinaci\u00f3n desde la perspectiva de la empat\u00eda. Cuando nos comunicamos significativamente con alguien establecemos v\u00ednculos, nos \u201cconectamos con lo que le pasa\u201d; decidir con \u00e9tica es siempre decir la verdad.<\/p>\n<p dir=\"ltr\" style=\"text-align: justify;\">La inteligencia emocional apela a tener un \u00f3ptimo desarrollo moral, es decir tener emociones y conductas que reflejen inter\u00e9s por los dem\u00e1s: compartir, ayudar, estimular, mostrar actitud altruista, respeto hacia los otros y voluntad legitima para respetar y hacer valer las correctas normas sociales.<\/p>\n<p dir=\"ltr\" style=\"text-align: justify;\">Aqu\u00ed se enlistan de manera breve capacidades que debe poseer el individuo con sentido \u00e9tico entendido en inteligencia emocional:<\/p>\n<p dir=\"ltr\" style=\"text-align: justify;\"><strong>\u300bDiscernir.<\/strong> Es un principio fundamental de la \u00e9tica, se basa en distinguir una mala conducta de una buena a partir de nuestra calidad humana.<\/p>\n<p dir=\"ltr\" style=\"text-align: justify;\"><strong>\u300bReacci\u00f3n emocional.<\/strong> Es una respuesta emotiva a la violaci\u00f3n de las normas morales, puede ser verg\u00fcenza, indignaci\u00f3n, temor, etc., estos sentimientos nos motivar\u00e1n a actuar para revertir el acto.<\/p>\n<p dir=\"ltr\" style=\"text-align: justify;\"><strong>\u300bEmpat\u00eda social.<\/strong> Tiene que ver con el grado en el que nos involucremos de manera positiva en los menesteres de nuestros c\u00edrculos: amigos, familiares, vecinos, etc.<\/p>\n<p dir=\"ltr\" style=\"text-align: justify;\"><strong>\u300bImpulsar el sentido \u00e9tico.<\/strong> Nuestros actos hablan por s\u00ed mismos, no obstante el contenido que generemos en redes sociales y otros medios ayudar\u00e1 a generar un clima de sana convivencia o de responsabilidad social.<\/p>\n<p><strong>Adair Rodr\u00edguez<\/strong><br \/>\n<strong>UTEL Editorial<\/strong><\/p>\n<p style=\"text-align: center;\"><a href=\"http:\/\/contacto.utel.edu.mx\/online\/formd\/UTEL\/?utm_source=blog&amp;utm_medium=boton-contacto&amp;utm_campaign=etica-en-el-contexto-de-la-inteligencia-humana\"><img decoding=\"async\" class=\" wp-image-13278 aligncenter\" title=\"\u00c9tica en el contexto de la inteligencia humana | Blog - UTEL\" alt=\"\u00c9tica en el contexto de la inteligencia humana | Blog - UTEL\" src=\"http:\/\/utel.mx\/blog\/wp-content\/uploads\/2014\/04\/boton_blog1.png\" width=\"186\" height=\"57\" \/><\/a><\/p>\n<div id=\"advads-4016192016\" class=\"advads-cta-lp-banner-form advads-entity-placement\"><a href=\"https:\/\/utel.mx\/blog\/admisiones-universidad-online\/?utm_source=blog&#038;utm_medium=CTAlink&#038;utm_campaign=MKTseo\" aria-label=\"Universidad en linea\"><img src=\"https:\/\/utel.mx\/blog\/wp-content\/uploads\/2025\/04\/universidad-en-linea-1.png\" alt=\"Universidad en linea\"  srcset=\"https:\/\/utel.mx\/blog\/wp-content\/uploads\/2025\/04\/universidad-en-linea-1.png 626w, https:\/\/utel.mx\/blog\/wp-content\/uploads\/2025\/04\/universidad-en-linea-1-420x168.png 420w\" sizes=\"(max-width: 626px) 100vw, 626px\" width=\"626\" height=\"250\"   \/><\/a><\/div>","protected":false},"excerpt":{"rendered":"<p> [&hellip;]<\/p>\n","protected":false},"author":9,"featured_media":13631,"comment_status":"closed","ping_status":"open","sticky":false,"template":"","format":"standard","meta":{"_acf_changed":false,"site-sidebar-layout":"default","site-content-layout":"","ast-site-content-layout":"","site-content-style":"default","site-sidebar-style":"default","ast-global-header-display":"","ast-banner-title-visibility":"","ast-main-header-display":"","ast-hfb-above-header-display":"","ast-hfb-below-header-display":"","ast-hfb-mobile-header-display":"","site-post-title":"","ast-breadcrumbs-content":"","ast-featured-img":"","footer-sml-layout":"","theme-transparent-header-meta":"","adv-header-id-meta":"","stick-header-meta":"","header-above-stick-meta":"","header-main-stick-meta":"","header-below-stick-meta":"","astra-migrate-meta-layouts":"default","ast-page-background-enabled":"default","ast-page-background-meta":{"desktop":{"background-color":"var(--ast-global-color-4)","background-image":"","background-repeat":"repeat","background-position":"center center","background-size":"auto","background-attachment":"scroll","background-type":"","background-media":"","overlay-type":"","overlay-color":"","overlay-gradient":""},"tablet":{"background-color":"","background-image":"","background-repeat":"repeat","background-position":"center center","background-size":"auto","background-attachment":"scroll","background-type":"","background-media":"","overlay-type":"","overlay-color":"","overlay-gradient":""},"mobile":{"background-color":"","background-image":"","background-repeat":"repeat","background-position":"center center","background-size":"auto","background-attachment":"scroll","background-type":"","background-media":"","overlay-type":"","overlay-color":"","overlay-gradient":""}},"ast-content-background-meta":{"desktop":{"background-color":"var(--ast-global-color-5)","background-image":"","background-repeat":"repeat","background-position":"center center","background-size":"auto","background-attachment":"scroll","background-type":"","background-media":"","overlay-type":"","overlay-color":"","overlay-gradient":""},"tablet":{"background-color":"var(--ast-global-color-5)","background-image":"","background-repeat":"repeat","background-position":"center center","background-size":"auto","background-attachment":"scroll","background-type":"","background-media":"","overlay-type":"","overlay-color":"","overlay-gradient":""},"mobile":{"background-color":"var(--ast-global-color-5)","background-image":"","background-repeat":"repeat","background-position":"center center","background-size":"auto","background-attachment":"scroll","background-type":"","background-media":"","overlay-type":"","overlay-color":"","overlay-gradient":""}},"footnotes":""},"categories":[33],"tags":[],"class_list":["post-13626","post","type-post","status-publish","format-standard","has-post-thumbnail","hentry","category-rol-personal"],"acf":[],"yoast_head":"<!-- This site is optimized with the Yoast SEO plugin v26.8 - https:\/\/yoast.com\/product\/yoast-seo-wordpress\/ -->\n<title>\u00c9tica en el contexto de la inteligencia humana - BLOG | Utel<\/title>\n<meta name=\"description\" content=\"El desarrollo de la empat\u00eda es un factor medular que configura nuestro sentido de \u00e9tica.\" \/>\n<meta name=\"robots\" content=\"index, follow, max-snippet:-1, max-image-preview:large, max-video-preview:-1\" \/>\n<link rel=\"canonical\" href=\"https:\/\/utel.mx\/blog\/rol-personal\/etica-en-el-contexto-de-la-inteligencia-humana\/\" \/>\n<meta property=\"og:locale\" content=\"es_ES\" \/>\n<meta property=\"og:type\" content=\"article\" \/>\n<meta property=\"og:title\" content=\"\u00c9tica en el contexto de la inteligencia humana - BLOG | Utel\" \/>\n<meta property=\"og:description\" content=\"El desarrollo de la empat\u00eda es un factor medular que configura nuestro sentido de \u00e9tica.\" \/>\n<meta property=\"og:url\" content=\"https:\/\/utel.mx\/blog\/rol-personal\/etica-en-el-contexto-de-la-inteligencia-humana\/\" \/>\n<meta property=\"og:site_name\" content=\"BLOG | Utel\" \/>\n<meta property=\"article:published_time\" content=\"2014-05-12T10:50:07+00:00\" \/>\n<meta property=\"article:modified_time\" content=\"2023-03-10T17:04:06+00:00\" \/>\n<meta property=\"og:image\" content=\"https:\/\/utel.mx\/blog\/wp-content\/uploads\/2014\/05\/imagen_h.jpg\" \/>\n\t<meta property=\"og:image:width\" content=\"1000\" \/>\n\t<meta property=\"og:image:height\" content=\"1000\" \/>\n\t<meta property=\"og:image:type\" content=\"image\/jpeg\" \/>\n<meta name=\"author\" content=\"Hayde\u00e9 (Editor)\" \/>\n<meta name=\"twitter:label1\" content=\"Written by\" \/>\n\t<meta name=\"twitter:data1\" content=\"Hayde\u00e9 (Editor)\" \/>\n\t<meta name=\"twitter:label2\" content=\"Est. reading time\" \/>\n\t<meta name=\"twitter:data2\" content=\"2 minutos\" \/>\n<script type=\"application\/ld+json\" class=\"yoast-schema-graph\">{\"@context\":\"https:\/\/schema.org\",\"@graph\":[{\"@type\":\"Article\",\"@id\":\"https:\/\/utel.mx\/blog\/rol-personal\/etica-en-el-contexto-de-la-inteligencia-humana\/#article\",\"isPartOf\":{\"@id\":\"https:\/\/utel.mx\/blog\/rol-personal\/etica-en-el-contexto-de-la-inteligencia-humana\/\"},\"author\":{\"name\":\"Hayde\u00e9 (Editor)\",\"@id\":\"https:\/\/utel.mx\/blog\/#\/schema\/person\/9a4c3940beef2724facfef4f2ccec7da\"},\"headline\":\"\u00c9tica en el contexto de la inteligencia humana\",\"datePublished\":\"2014-05-12T10:50:07+00:00\",\"dateModified\":\"2023-03-10T17:04:06+00:00\",\"mainEntityOfPage\":{\"@id\":\"https:\/\/utel.mx\/blog\/rol-personal\/etica-en-el-contexto-de-la-inteligencia-humana\/\"},\"wordCount\":382,\"publisher\":{\"@id\":\"https:\/\/utel.mx\/blog\/#organization\"},\"image\":{\"@id\":\"https:\/\/utel.mx\/blog\/rol-personal\/etica-en-el-contexto-de-la-inteligencia-humana\/#primaryimage\"},\"thumbnailUrl\":\"https:\/\/utel.mx\/blog\/wp-content\/uploads\/2014\/05\/imagen_h.jpg\",\"articleSection\":[\"Rol personal\"],\"inLanguage\":\"es\"},{\"@type\":\"WebPage\",\"@id\":\"https:\/\/utel.mx\/blog\/rol-personal\/etica-en-el-contexto-de-la-inteligencia-humana\/\",\"url\":\"https:\/\/utel.mx\/blog\/rol-personal\/etica-en-el-contexto-de-la-inteligencia-humana\/\",\"name\":\"\u00c9tica en el contexto de la inteligencia humana - BLOG | Utel\",\"isPartOf\":{\"@id\":\"https:\/\/utel.mx\/blog\/#website\"},\"primaryImageOfPage\":{\"@id\":\"https:\/\/utel.mx\/blog\/rol-personal\/etica-en-el-contexto-de-la-inteligencia-humana\/#primaryimage\"},\"image\":{\"@id\":\"https:\/\/utel.mx\/blog\/rol-personal\/etica-en-el-contexto-de-la-inteligencia-humana\/#primaryimage\"},\"thumbnailUrl\":\"https:\/\/utel.mx\/blog\/wp-content\/uploads\/2014\/05\/imagen_h.jpg\",\"datePublished\":\"2014-05-12T10:50:07+00:00\",\"dateModified\":\"2023-03-10T17:04:06+00:00\",\"description\":\"El desarrollo de la empat\u00eda es un factor medular que configura nuestro sentido de \u00e9tica.\",\"breadcrumb\":{\"@id\":\"https:\/\/utel.mx\/blog\/rol-personal\/etica-en-el-contexto-de-la-inteligencia-humana\/#breadcrumb\"},\"inLanguage\":\"es\",\"potentialAction\":[{\"@type\":\"ReadAction\",\"target\":[\"https:\/\/utel.mx\/blog\/rol-personal\/etica-en-el-contexto-de-la-inteligencia-humana\/\"]}]},{\"@type\":\"ImageObject\",\"inLanguage\":\"es\",\"@id\":\"https:\/\/utel.mx\/blog\/rol-personal\/etica-en-el-contexto-de-la-inteligencia-humana\/#primaryimage\",\"url\":\"https:\/\/utel.mx\/blog\/wp-content\/uploads\/2014\/05\/imagen_h.jpg\",\"contentUrl\":\"https:\/\/utel.mx\/blog\/wp-content\/uploads\/2014\/05\/imagen_h.jpg\",\"width\":1000,\"height\":1000,\"caption\":\"\u00c9tica en el contexto de la inteligencia humana | Blog - UTEL\"},{\"@type\":\"BreadcrumbList\",\"@id\":\"https:\/\/utel.mx\/blog\/rol-personal\/etica-en-el-contexto-de-la-inteligencia-humana\/#breadcrumb\",\"itemListElement\":[{\"@type\":\"ListItem\",\"position\":1,\"name\":\"Home\",\"item\":\"https:\/\/utel.mx\/blog\/\"},{\"@type\":\"ListItem\",\"position\":2,\"name\":\"\u00c9tica en el contexto de la inteligencia humana\"}]},{\"@type\":\"WebSite\",\"@id\":\"https:\/\/utel.mx\/blog\/#website\",\"url\":\"https:\/\/utel.mx\/blog\/\",\"name\":\"BLOG | Utel\",\"description\":\"Blog UTEL Universidad en L\u00ednea\",\"publisher\":{\"@id\":\"https:\/\/utel.mx\/blog\/#organization\"},\"potentialAction\":[{\"@type\":\"SearchAction\",\"target\":{\"@type\":\"EntryPoint\",\"urlTemplate\":\"https:\/\/utel.mx\/blog\/?s={search_term_string}\"},\"query-input\":{\"@type\":\"PropertyValueSpecification\",\"valueRequired\":true,\"valueName\":\"search_term_string\"}}],\"inLanguage\":\"es\"},{\"@type\":\"Organization\",\"@id\":\"https:\/\/utel.mx\/blog\/#organization\",\"name\":\"BLOG | Utel\",\"url\":\"https:\/\/utel.mx\/blog\/\",\"logo\":{\"@type\":\"ImageObject\",\"inLanguage\":\"es\",\"@id\":\"https:\/\/utel.mx\/blog\/#\/schema\/logo\/image\/\",\"url\":\"https:\/\/utel.mx\/blog\/wp-content\/uploads\/2023\/03\/cropped-logo-blog.png\",\"contentUrl\":\"https:\/\/utel.mx\/blog\/wp-content\/uploads\/2023\/03\/cropped-logo-blog.png\",\"width\":237,\"height\":64,\"caption\":\"BLOG | Utel\"},\"image\":{\"@id\":\"https:\/\/utel.mx\/blog\/#\/schema\/logo\/image\/\"}},{\"@type\":\"Person\",\"@id\":\"https:\/\/utel.mx\/blog\/#\/schema\/person\/9a4c3940beef2724facfef4f2ccec7da\",\"name\":\"Hayde\u00e9 (Editor)\",\"image\":{\"@type\":\"ImageObject\",\"inLanguage\":\"es\",\"@id\":\"https:\/\/utel.mx\/blog\/#\/schema\/person\/image\/\",\"url\":\"https:\/\/secure.gravatar.com\/avatar\/ba63bb7f074f0dfa874cba0ef5d985a5?s=96&d=mm&r=g\",\"contentUrl\":\"https:\/\/secure.gravatar.com\/avatar\/ba63bb7f074f0dfa874cba0ef5d985a5?s=96&d=mm&r=g\",\"caption\":\"Hayde\u00e9 (Editor)\"},\"description\":\"Licenciada en Ciencias de la Comunicaci\u00f3n\"}]}<\/script>\n<!-- \/ Yoast SEO plugin. -->","yoast_head_json":{"title":"\u00c9tica en el contexto de la inteligencia humana - BLOG | Utel","description":"El desarrollo de la empat\u00eda es un factor medular que configura nuestro sentido de \u00e9tica.","robots":{"index":"index","follow":"follow","max-snippet":"max-snippet:-1","max-image-preview":"max-image-preview:large","max-video-preview":"max-video-preview:-1"},"canonical":"https:\/\/utel.mx\/blog\/rol-personal\/etica-en-el-contexto-de-la-inteligencia-humana\/","og_locale":"es_ES","og_type":"article","og_title":"\u00c9tica en el contexto de la inteligencia humana - BLOG | Utel","og_description":"El desarrollo de la empat\u00eda es un factor medular que configura nuestro sentido de \u00e9tica.","og_url":"https:\/\/utel.mx\/blog\/rol-personal\/etica-en-el-contexto-de-la-inteligencia-humana\/","og_site_name":"BLOG | Utel","article_published_time":"2014-05-12T10:50:07+00:00","article_modified_time":"2023-03-10T17:04:06+00:00","og_image":[{"width":1000,"height":1000,"url":"https:\/\/utel.mx\/blog\/wp-content\/uploads\/2014\/05\/imagen_h.jpg","type":"image\/jpeg"}],"author":"Hayde\u00e9 (Editor)","twitter_misc":{"Written by":"Hayde\u00e9 (Editor)","Est. reading time":"2 minutos"},"schema":{"@context":"https:\/\/schema.org","@graph":[{"@type":"Article","@id":"https:\/\/utel.mx\/blog\/rol-personal\/etica-en-el-contexto-de-la-inteligencia-humana\/#article","isPartOf":{"@id":"https:\/\/utel.mx\/blog\/rol-personal\/etica-en-el-contexto-de-la-inteligencia-humana\/"},"author":{"name":"Hayde\u00e9 (Editor)","@id":"https:\/\/utel.mx\/blog\/#\/schema\/person\/9a4c3940beef2724facfef4f2ccec7da"},"headline":"\u00c9tica en el contexto de la inteligencia humana","datePublished":"2014-05-12T10:50:07+00:00","dateModified":"2023-03-10T17:04:06+00:00","mainEntityOfPage":{"@id":"https:\/\/utel.mx\/blog\/rol-personal\/etica-en-el-contexto-de-la-inteligencia-humana\/"},"wordCount":382,"publisher":{"@id":"https:\/\/utel.mx\/blog\/#organization"},"image":{"@id":"https:\/\/utel.mx\/blog\/rol-personal\/etica-en-el-contexto-de-la-inteligencia-humana\/#primaryimage"},"thumbnailUrl":"https:\/\/utel.mx\/blog\/wp-content\/uploads\/2014\/05\/imagen_h.jpg","articleSection":["Rol personal"],"inLanguage":"es"},{"@type":"WebPage","@id":"https:\/\/utel.mx\/blog\/rol-personal\/etica-en-el-contexto-de-la-inteligencia-humana\/","url":"https:\/\/utel.mx\/blog\/rol-personal\/etica-en-el-contexto-de-la-inteligencia-humana\/","name":"\u00c9tica en el contexto de la inteligencia humana - BLOG | Utel","isPartOf":{"@id":"https:\/\/utel.mx\/blog\/#website"},"primaryImageOfPage":{"@id":"https:\/\/utel.mx\/blog\/rol-personal\/etica-en-el-contexto-de-la-inteligencia-humana\/#primaryimage"},"image":{"@id":"https:\/\/utel.mx\/blog\/rol-personal\/etica-en-el-contexto-de-la-inteligencia-humana\/#primaryimage"},"thumbnailUrl":"https:\/\/utel.mx\/blog\/wp-content\/uploads\/2014\/05\/imagen_h.jpg","datePublished":"2014-05-12T10:50:07+00:00","dateModified":"2023-03-10T17:04:06+00:00","description":"El desarrollo de la empat\u00eda es un factor medular que configura nuestro sentido de \u00e9tica.","breadcrumb":{"@id":"https:\/\/utel.mx\/blog\/rol-personal\/etica-en-el-contexto-de-la-inteligencia-humana\/#breadcrumb"},"inLanguage":"es","potentialAction":[{"@type":"ReadAction","target":["https:\/\/utel.mx\/blog\/rol-personal\/etica-en-el-contexto-de-la-inteligencia-humana\/"]}]},{"@type":"ImageObject","inLanguage":"es","@id":"https:\/\/utel.mx\/blog\/rol-personal\/etica-en-el-contexto-de-la-inteligencia-humana\/#primaryimage","url":"https:\/\/utel.mx\/blog\/wp-content\/uploads\/2014\/05\/imagen_h.jpg","contentUrl":"https:\/\/utel.mx\/blog\/wp-content\/uploads\/2014\/05\/imagen_h.jpg","width":1000,"height":1000,"caption":"\u00c9tica en el contexto de la inteligencia humana | Blog - UTEL"},{"@type":"BreadcrumbList","@id":"https:\/\/utel.mx\/blog\/rol-personal\/etica-en-el-contexto-de-la-inteligencia-humana\/#breadcrumb","itemListElement":[{"@type":"ListItem","position":1,"name":"Home","item":"https:\/\/utel.mx\/blog\/"},{"@type":"ListItem","position":2,"name":"\u00c9tica en el contexto de la inteligencia humana"}]},{"@type":"WebSite","@id":"https:\/\/utel.mx\/blog\/#website","url":"https:\/\/utel.mx\/blog\/","name":"BLOG | Utel","description":"Blog UTEL Universidad en L\u00ednea","publisher":{"@id":"https:\/\/utel.mx\/blog\/#organization"},"potentialAction":[{"@type":"SearchAction","target":{"@type":"EntryPoint","urlTemplate":"https:\/\/utel.mx\/blog\/?s={search_term_string}"},"query-input":{"@type":"PropertyValueSpecification","valueRequired":true,"valueName":"search_term_string"}}],"inLanguage":"es"},{"@type":"Organization","@id":"https:\/\/utel.mx\/blog\/#organization","name":"BLOG | Utel","url":"https:\/\/utel.mx\/blog\/","logo":{"@type":"ImageObject","inLanguage":"es","@id":"https:\/\/utel.mx\/blog\/#\/schema\/logo\/image\/","url":"https:\/\/utel.mx\/blog\/wp-content\/uploads\/2023\/03\/cropped-logo-blog.png","contentUrl":"https:\/\/utel.mx\/blog\/wp-content\/uploads\/2023\/03\/cropped-logo-blog.png","width":237,"height":64,"caption":"BLOG | Utel"},"image":{"@id":"https:\/\/utel.mx\/blog\/#\/schema\/logo\/image\/"}},{"@type":"Person","@id":"https:\/\/utel.mx\/blog\/#\/schema\/person\/9a4c3940beef2724facfef4f2ccec7da","name":"Hayde\u00e9 (Editor)","image":{"@type":"ImageObject","inLanguage":"es","@id":"https:\/\/utel.mx\/blog\/#\/schema\/person\/image\/","url":"https:\/\/secure.gravatar.com\/avatar\/ba63bb7f074f0dfa874cba0ef5d985a5?s=96&d=mm&r=g","contentUrl":"https:\/\/secure.gravatar.com\/avatar\/ba63bb7f074f0dfa874cba0ef5d985a5?s=96&d=mm&r=g","caption":"Hayde\u00e9 (Editor)"},"description":"Licenciada en Ciencias de la Comunicaci\u00f3n"}]}},"_links":{"self":[{"href":"https:\/\/utel.mx\/blog\/wp-json\/wp\/v2\/posts\/13626","targetHints":{"allow":["GET"]}}],"collection":[{"href":"https:\/\/utel.mx\/blog\/wp-json\/wp\/v2\/posts"}],"about":[{"href":"https:\/\/utel.mx\/blog\/wp-json\/wp\/v2\/types\/post"}],"author":[{"embeddable":true,"href":"https:\/\/utel.mx\/blog\/wp-json\/wp\/v2\/users\/9"}],"replies":[{"embeddable":true,"href":"https:\/\/utel.mx\/blog\/wp-json\/wp\/v2\/comments?post=13626"}],"version-history":[{"count":1,"href":"https:\/\/utel.mx\/blog\/wp-json\/wp\/v2\/posts\/13626\/revisions"}],"predecessor-version":[{"id":45577,"href":"https:\/\/utel.mx\/blog\/wp-json\/wp\/v2\/posts\/13626\/revisions\/45577"}],"wp:featuredmedia":[{"embeddable":true,"href":"https:\/\/utel.mx\/blog\/wp-json\/wp\/v2\/media\/13631"}],"wp:attachment":[{"href":"https:\/\/utel.mx\/blog\/wp-json\/wp\/v2\/media?parent=13626"}],"wp:term":[{"taxonomy":"category","embeddable":true,"href":"https:\/\/utel.mx\/blog\/wp-json\/wp\/v2\/categories?post=13626"},{"taxonomy":"post_tag","embeddable":true,"href":"https:\/\/utel.mx\/blog\/wp-json\/wp\/v2\/tags?post=13626"}],"curies":[{"name":"wp","href":"https:\/\/api.w.org\/{rel}","templated":true}]}}