{"id":13730,"date":"2014-05-14T13:52:12","date_gmt":"2014-05-14T13:52:12","guid":{"rendered":"http:\/\/utel.mx\/blog\/?p=13730"},"modified":"2023-03-10T17:04:04","modified_gmt":"2023-03-10T17:04:04","slug":"mujeres-y-hombres-quien-es-mas-emocional","status":"publish","type":"post","link":"https:\/\/utel.mx\/blog\/rol-personal\/mujeres-y-hombres-quien-es-mas-emocional\/","title":{"rendered":"Mujeres y hombres \u00bfqui\u00e9n es m\u00e1s emocional?"},"content":{"rendered":"<p dir=\"ltr\" style=\"text-align: justify;\"><span style=\"color: #000000;\">A trav\u00e9s de los a\u00f1os, las opiniones acerca de qu\u00e9 g\u00e9nero es m\u00e1s emocional han suscitado un acalorado debate, sin embargo, la evidencia cient\u00edfica concluye que las diferencias radican en la manera de expresar la emoci\u00f3n.<\/span><\/p>\n<p dir=\"ltr\" style=\"text-align: justify;\"><span style=\"color: #000000;\">Con frecuencia se dice que los hombres son menos emocionales que las mujeres, pero esto no quiere decir que sientan menos ni tampoco que sean incapaces de mostrar sus sentimientos. En esencia su nivel emocional es similar, no obstante la apertura de externar lo que sienten es lo que al final hace la diferencia.<\/span><\/p>\n<h2 dir=\"ltr\"><span style=\"color: #000000;\">Las medidas emocionales<\/span><\/h2>\n<p dir=\"ltr\" style=\"text-align: justify;\"><span style=\"color: #000000;\">En un estudio, cuando hombres y mujeres vieron descripciones de personas que sufr\u00edan, los varones mostraron poca emoci\u00f3n mientras que las mujeres expresaron preocupaci\u00f3n por la gente que mostraba sufrimiento (Eisenberg y Lennon 1983). No obstante, las medidas fisiol\u00f3gicas de activaci\u00f3n emocional (como ritmo card\u00edaco y la presi\u00f3n sangu\u00ednea) revelaron que los hombres estaban tan afectados como las mujeres.<\/span><\/p>\n<p dir=\"ltr\" style=\"text-align: justify;\"><span style=\"color: #000000;\">Los cient\u00edficos concluyeron que los varones inhiben la expresi\u00f3n de sus emociones, en tanto las mujeres ten\u00edan m\u00e1s apertura al externar sus sentimientos. En el caso anterior se considera que los sentimientos de tristeza, empat\u00eda, compasi\u00f3n y sufrimiento no son tan viriles, por eso se les \u201ceduca\u201d o entrena desde ni\u00f1os a no manifestarlos.<\/span><\/p>\n<p dir=\"ltr\" style=\"text-align: justify;\"><span style=\"color: #000000;\">Un aspecto relevante son las diferentes reacciones de uno y otro sexo ante la misma situaci\u00f3n. En un estudio los participantes respondieron ante situaciones hipot\u00e9ticas en las que eran traicionados o criticados por otra persona (Brody, 1985). Los hombres argumentaron que sentir\u00edan enojo, por su parte, las mujeres fueron propensas a sentir dolor, tristeza o desilusi\u00f3n.<\/span><\/p>\n<p dir=\"ltr\" style=\"text-align: justify;\"><span style=\"color: #000000;\">Medi\u00e1ticamente, la diferencia radica en c\u00f3mo expresa cada uno la emoci\u00f3n; en hombres, por ejemplo, el enojo es una expresi\u00f3n hacia afuera que suele manifestar con violencia hacia los dem\u00e1s. En mujeres este sentimiento es hacia adentro, tiene impacto interno y su emotividad es contenida; de ah\u00ed que cuando se les cuestiona qu\u00e9 les sucede suelan responder con monos\u00edlabos como: \u201cno, nada\u00bb o \u00abestoy bien\u201d.<\/span><\/p>\n<p><span style=\"color: #000000;\"><strong>Adair Rodr\u00edguez \u00c1ngeles<\/strong><\/span><\/p>\n<p><span style=\"color: #000000;\"><strong>UTEL Editorial<\/strong><\/span><\/p>\n<p style=\"text-align: center;\"><span style=\"color: #000000;\"><a style=\"color: #000000;\" href=\"http:\/\/contacto.utel.edu.mx\/online\/formd\/UTEL\/?utm_source=blog&amp;utm_medium=boton-contacto&amp;utm_campaign=mujeres-y-hombres-quien-es-mas-emocional\" target=\"_blank\" rel=\"noopener\"><img decoding=\"async\" class=\" wp-image-13724 aligncenter\" title=\"Mujeres y hombres \u00bfqui\u00e9n es m\u00e1s emocional? | Blog - UTEL\" src=\"http:\/\/utel.mx\/blog\/wp-content\/uploads\/2014\/04\/boton_blog2.png\" alt=\"Mujeres y hombres \u00bfqui\u00e9n es m\u00e1s emocional? | Blog - UTEL\" width=\"186\" height=\"57\"><\/a><\/span><\/p>\n<div id=\"advads-2583323676\" class=\"advads-cta-lp-banner-form advads-entity-placement\"><a href=\"https:\/\/utel.mx\/blog\/admisiones-universidad-online\/?utm_source=blog&#038;utm_medium=CTAlink&#038;utm_campaign=MKTseo\" aria-label=\"Universidad en linea\"><img src=\"https:\/\/utel.mx\/blog\/wp-content\/uploads\/2025\/04\/universidad-en-linea-1.png\" alt=\"Universidad en linea\"  srcset=\"https:\/\/utel.mx\/blog\/wp-content\/uploads\/2025\/04\/universidad-en-linea-1.png 626w, https:\/\/utel.mx\/blog\/wp-content\/uploads\/2025\/04\/universidad-en-linea-1-420x168.png 420w\" sizes=\"(max-width: 626px) 100vw, 626px\" width=\"626\" height=\"250\"   \/><\/a><\/div>","protected":false},"excerpt":{"rendered":"<p> [&hellip;]<\/p>\n","protected":false},"author":9,"featured_media":39591,"comment_status":"closed","ping_status":"open","sticky":false,"template":"","format":"standard","meta":{"_acf_changed":false,"site-sidebar-layout":"default","site-content-layout":"","ast-site-content-layout":"","site-content-style":"default","site-sidebar-style":"default","ast-global-header-display":"","ast-banner-title-visibility":"","ast-main-header-display":"","ast-hfb-above-header-display":"","ast-hfb-below-header-display":"","ast-hfb-mobile-header-display":"","site-post-title":"","ast-breadcrumbs-content":"","ast-featured-img":"","footer-sml-layout":"","theme-transparent-header-meta":"","adv-header-id-meta":"","stick-header-meta":"","header-above-stick-meta":"","header-main-stick-meta":"","header-below-stick-meta":"","astra-migrate-meta-layouts":"default","ast-page-background-enabled":"default","ast-page-background-meta":{"desktop":{"background-color":"var(--ast-global-color-4)","background-image":"","background-repeat":"repeat","background-position":"center center","background-size":"auto","background-attachment":"scroll","background-type":"","background-media":"","overlay-type":"","overlay-color":"","overlay-gradient":""},"tablet":{"background-color":"","background-image":"","background-repeat":"repeat","background-position":"center center","background-size":"auto","background-attachment":"scroll","background-type":"","background-media":"","overlay-type":"","overlay-color":"","overlay-gradient":""},"mobile":{"background-color":"","background-image":"","background-repeat":"repeat","background-position":"center center","background-size":"auto","background-attachment":"scroll","background-type":"","background-media":"","overlay-type":"","overlay-color":"","overlay-gradient":""}},"ast-content-background-meta":{"desktop":{"background-color":"var(--ast-global-color-5)","background-image":"","background-repeat":"repeat","background-position":"center center","background-size":"auto","background-attachment":"scroll","background-type":"","background-media":"","overlay-type":"","overlay-color":"","overlay-gradient":""},"tablet":{"background-color":"var(--ast-global-color-5)","background-image":"","background-repeat":"repeat","background-position":"center center","background-size":"auto","background-attachment":"scroll","background-type":"","background-media":"","overlay-type":"","overlay-color":"","overlay-gradient":""},"mobile":{"background-color":"var(--ast-global-color-5)","background-image":"","background-repeat":"repeat","background-position":"center center","background-size":"auto","background-attachment":"scroll","background-type":"","background-media":"","overlay-type":"","overlay-color":"","overlay-gradient":""}},"footnotes":""},"categories":[33],"tags":[],"class_list":["post-13730","post","type-post","status-publish","format-standard","has-post-thumbnail","hentry","category-rol-personal"],"acf":[],"yoast_head":"<!-- This site is optimized with the Yoast SEO plugin v26.8 - https:\/\/yoast.com\/product\/yoast-seo-wordpress\/ -->\n<title>Mujeres y hombres \u00bfqui\u00e9n es m\u00e1s emocional? - BLOG | Utel<\/title>\n<meta name=\"description\" content=\"\u00bfQu\u00e9 g\u00e9nero es m\u00e1s emocional?, la evidencia cient\u00edfica concluye que las diferencias radican en la manera de expresar la emoci\u00f3n.\" \/>\n<meta name=\"robots\" content=\"index, follow, max-snippet:-1, max-image-preview:large, max-video-preview:-1\" \/>\n<link rel=\"canonical\" href=\"https:\/\/utel.mx\/blog\/rol-personal\/mujeres-y-hombres-quien-es-mas-emocional\/\" \/>\n<meta property=\"og:locale\" content=\"es_ES\" \/>\n<meta property=\"og:type\" content=\"article\" \/>\n<meta property=\"og:title\" content=\"Mujeres y hombres \u00bfqui\u00e9n es m\u00e1s emocional? - BLOG | Utel\" \/>\n<meta property=\"og:description\" content=\"\u00bfQu\u00e9 g\u00e9nero es m\u00e1s emocional?, la evidencia cient\u00edfica concluye que las diferencias radican en la manera de expresar la emoci\u00f3n.\" \/>\n<meta property=\"og:url\" content=\"https:\/\/utel.mx\/blog\/rol-personal\/mujeres-y-hombres-quien-es-mas-emocional\/\" \/>\n<meta property=\"og:site_name\" content=\"BLOG | Utel\" \/>\n<meta property=\"article:published_time\" content=\"2014-05-14T13:52:12+00:00\" \/>\n<meta property=\"article:modified_time\" content=\"2023-03-10T17:04:04+00:00\" \/>\n<meta property=\"og:image\" content=\"https:\/\/utel.mx\/blog\/wp-content\/uploads\/2014\/05\/Mujeres-y-hombres.-Quien-es-mas-emocional.jpg\" \/>\n\t<meta property=\"og:image:width\" content=\"600\" \/>\n\t<meta property=\"og:image:height\" content=\"300\" \/>\n\t<meta property=\"og:image:type\" content=\"image\/jpeg\" \/>\n<meta name=\"author\" content=\"Hayde\u00e9 (Editor)\" \/>\n<meta name=\"twitter:label1\" content=\"Written by\" \/>\n\t<meta name=\"twitter:data1\" content=\"Hayde\u00e9 (Editor)\" \/>\n\t<meta name=\"twitter:label2\" content=\"Est. reading time\" \/>\n\t<meta name=\"twitter:data2\" content=\"2 minutos\" \/>\n<script type=\"application\/ld+json\" class=\"yoast-schema-graph\">{\"@context\":\"https:\/\/schema.org\",\"@graph\":[{\"@type\":\"Article\",\"@id\":\"https:\/\/utel.mx\/blog\/rol-personal\/mujeres-y-hombres-quien-es-mas-emocional\/#article\",\"isPartOf\":{\"@id\":\"https:\/\/utel.mx\/blog\/rol-personal\/mujeres-y-hombres-quien-es-mas-emocional\/\"},\"author\":{\"name\":\"Hayde\u00e9 (Editor)\",\"@id\":\"https:\/\/utel.mx\/blog\/#\/schema\/person\/9a4c3940beef2724facfef4f2ccec7da\"},\"headline\":\"Mujeres y hombres \u00bfqui\u00e9n es m\u00e1s emocional?\",\"datePublished\":\"2014-05-14T13:52:12+00:00\",\"dateModified\":\"2023-03-10T17:04:04+00:00\",\"mainEntityOfPage\":{\"@id\":\"https:\/\/utel.mx\/blog\/rol-personal\/mujeres-y-hombres-quien-es-mas-emocional\/\"},\"wordCount\":371,\"publisher\":{\"@id\":\"https:\/\/utel.mx\/blog\/#organization\"},\"image\":{\"@id\":\"https:\/\/utel.mx\/blog\/rol-personal\/mujeres-y-hombres-quien-es-mas-emocional\/#primaryimage\"},\"thumbnailUrl\":\"https:\/\/utel.mx\/blog\/wp-content\/uploads\/2014\/05\/Mujeres-y-hombres.-Quien-es-mas-emocional.jpg\",\"articleSection\":[\"Rol personal\"],\"inLanguage\":\"es\"},{\"@type\":\"WebPage\",\"@id\":\"https:\/\/utel.mx\/blog\/rol-personal\/mujeres-y-hombres-quien-es-mas-emocional\/\",\"url\":\"https:\/\/utel.mx\/blog\/rol-personal\/mujeres-y-hombres-quien-es-mas-emocional\/\",\"name\":\"Mujeres y hombres \u00bfqui\u00e9n es m\u00e1s emocional? - BLOG | Utel\",\"isPartOf\":{\"@id\":\"https:\/\/utel.mx\/blog\/#website\"},\"primaryImageOfPage\":{\"@id\":\"https:\/\/utel.mx\/blog\/rol-personal\/mujeres-y-hombres-quien-es-mas-emocional\/#primaryimage\"},\"image\":{\"@id\":\"https:\/\/utel.mx\/blog\/rol-personal\/mujeres-y-hombres-quien-es-mas-emocional\/#primaryimage\"},\"thumbnailUrl\":\"https:\/\/utel.mx\/blog\/wp-content\/uploads\/2014\/05\/Mujeres-y-hombres.-Quien-es-mas-emocional.jpg\",\"datePublished\":\"2014-05-14T13:52:12+00:00\",\"dateModified\":\"2023-03-10T17:04:04+00:00\",\"description\":\"\u00bfQu\u00e9 g\u00e9nero es m\u00e1s emocional?, la evidencia cient\u00edfica concluye que las diferencias radican en la manera de expresar la emoci\u00f3n.\",\"breadcrumb\":{\"@id\":\"https:\/\/utel.mx\/blog\/rol-personal\/mujeres-y-hombres-quien-es-mas-emocional\/#breadcrumb\"},\"inLanguage\":\"es\",\"potentialAction\":[{\"@type\":\"ReadAction\",\"target\":[\"https:\/\/utel.mx\/blog\/rol-personal\/mujeres-y-hombres-quien-es-mas-emocional\/\"]}]},{\"@type\":\"ImageObject\",\"inLanguage\":\"es\",\"@id\":\"https:\/\/utel.mx\/blog\/rol-personal\/mujeres-y-hombres-quien-es-mas-emocional\/#primaryimage\",\"url\":\"https:\/\/utel.mx\/blog\/wp-content\/uploads\/2014\/05\/Mujeres-y-hombres.-Quien-es-mas-emocional.jpg\",\"contentUrl\":\"https:\/\/utel.mx\/blog\/wp-content\/uploads\/2014\/05\/Mujeres-y-hombres.-Quien-es-mas-emocional.jpg\",\"width\":600,\"height\":300,\"caption\":\"Mujeres y hombres. Qui\u00e9n es m\u00e1s emocional\"},{\"@type\":\"BreadcrumbList\",\"@id\":\"https:\/\/utel.mx\/blog\/rol-personal\/mujeres-y-hombres-quien-es-mas-emocional\/#breadcrumb\",\"itemListElement\":[{\"@type\":\"ListItem\",\"position\":1,\"name\":\"Home\",\"item\":\"https:\/\/utel.mx\/blog\/\"},{\"@type\":\"ListItem\",\"position\":2,\"name\":\"Mujeres y hombres \u00bfqui\u00e9n es m\u00e1s emocional?\"}]},{\"@type\":\"WebSite\",\"@id\":\"https:\/\/utel.mx\/blog\/#website\",\"url\":\"https:\/\/utel.mx\/blog\/\",\"name\":\"BLOG | Utel\",\"description\":\"Blog UTEL Universidad en L\u00ednea\",\"publisher\":{\"@id\":\"https:\/\/utel.mx\/blog\/#organization\"},\"potentialAction\":[{\"@type\":\"SearchAction\",\"target\":{\"@type\":\"EntryPoint\",\"urlTemplate\":\"https:\/\/utel.mx\/blog\/?s={search_term_string}\"},\"query-input\":{\"@type\":\"PropertyValueSpecification\",\"valueRequired\":true,\"valueName\":\"search_term_string\"}}],\"inLanguage\":\"es\"},{\"@type\":\"Organization\",\"@id\":\"https:\/\/utel.mx\/blog\/#organization\",\"name\":\"BLOG | Utel\",\"url\":\"https:\/\/utel.mx\/blog\/\",\"logo\":{\"@type\":\"ImageObject\",\"inLanguage\":\"es\",\"@id\":\"https:\/\/utel.mx\/blog\/#\/schema\/logo\/image\/\",\"url\":\"https:\/\/utel.mx\/blog\/wp-content\/uploads\/2023\/03\/cropped-logo-blog.png\",\"contentUrl\":\"https:\/\/utel.mx\/blog\/wp-content\/uploads\/2023\/03\/cropped-logo-blog.png\",\"width\":237,\"height\":64,\"caption\":\"BLOG | Utel\"},\"image\":{\"@id\":\"https:\/\/utel.mx\/blog\/#\/schema\/logo\/image\/\"}},{\"@type\":\"Person\",\"@id\":\"https:\/\/utel.mx\/blog\/#\/schema\/person\/9a4c3940beef2724facfef4f2ccec7da\",\"name\":\"Hayde\u00e9 (Editor)\",\"image\":{\"@type\":\"ImageObject\",\"inLanguage\":\"es\",\"@id\":\"https:\/\/utel.mx\/blog\/#\/schema\/person\/image\/\",\"url\":\"https:\/\/secure.gravatar.com\/avatar\/ba63bb7f074f0dfa874cba0ef5d985a5?s=96&d=mm&r=g\",\"contentUrl\":\"https:\/\/secure.gravatar.com\/avatar\/ba63bb7f074f0dfa874cba0ef5d985a5?s=96&d=mm&r=g\",\"caption\":\"Hayde\u00e9 (Editor)\"},\"description\":\"Licenciada en Ciencias de la Comunicaci\u00f3n\"}]}<\/script>\n<!-- \/ Yoast SEO plugin. -->","yoast_head_json":{"title":"Mujeres y hombres \u00bfqui\u00e9n es m\u00e1s emocional? - BLOG | Utel","description":"\u00bfQu\u00e9 g\u00e9nero es m\u00e1s emocional?, la evidencia cient\u00edfica concluye que las diferencias radican en la manera de expresar la emoci\u00f3n.","robots":{"index":"index","follow":"follow","max-snippet":"max-snippet:-1","max-image-preview":"max-image-preview:large","max-video-preview":"max-video-preview:-1"},"canonical":"https:\/\/utel.mx\/blog\/rol-personal\/mujeres-y-hombres-quien-es-mas-emocional\/","og_locale":"es_ES","og_type":"article","og_title":"Mujeres y hombres \u00bfqui\u00e9n es m\u00e1s emocional? - BLOG | Utel","og_description":"\u00bfQu\u00e9 g\u00e9nero es m\u00e1s emocional?, la evidencia cient\u00edfica concluye que las diferencias radican en la manera de expresar la emoci\u00f3n.","og_url":"https:\/\/utel.mx\/blog\/rol-personal\/mujeres-y-hombres-quien-es-mas-emocional\/","og_site_name":"BLOG | Utel","article_published_time":"2014-05-14T13:52:12+00:00","article_modified_time":"2023-03-10T17:04:04+00:00","og_image":[{"width":600,"height":300,"url":"https:\/\/utel.mx\/blog\/wp-content\/uploads\/2014\/05\/Mujeres-y-hombres.-Quien-es-mas-emocional.jpg","type":"image\/jpeg"}],"author":"Hayde\u00e9 (Editor)","twitter_misc":{"Written by":"Hayde\u00e9 (Editor)","Est. reading time":"2 minutos"},"schema":{"@context":"https:\/\/schema.org","@graph":[{"@type":"Article","@id":"https:\/\/utel.mx\/blog\/rol-personal\/mujeres-y-hombres-quien-es-mas-emocional\/#article","isPartOf":{"@id":"https:\/\/utel.mx\/blog\/rol-personal\/mujeres-y-hombres-quien-es-mas-emocional\/"},"author":{"name":"Hayde\u00e9 (Editor)","@id":"https:\/\/utel.mx\/blog\/#\/schema\/person\/9a4c3940beef2724facfef4f2ccec7da"},"headline":"Mujeres y hombres \u00bfqui\u00e9n es m\u00e1s emocional?","datePublished":"2014-05-14T13:52:12+00:00","dateModified":"2023-03-10T17:04:04+00:00","mainEntityOfPage":{"@id":"https:\/\/utel.mx\/blog\/rol-personal\/mujeres-y-hombres-quien-es-mas-emocional\/"},"wordCount":371,"publisher":{"@id":"https:\/\/utel.mx\/blog\/#organization"},"image":{"@id":"https:\/\/utel.mx\/blog\/rol-personal\/mujeres-y-hombres-quien-es-mas-emocional\/#primaryimage"},"thumbnailUrl":"https:\/\/utel.mx\/blog\/wp-content\/uploads\/2014\/05\/Mujeres-y-hombres.-Quien-es-mas-emocional.jpg","articleSection":["Rol personal"],"inLanguage":"es"},{"@type":"WebPage","@id":"https:\/\/utel.mx\/blog\/rol-personal\/mujeres-y-hombres-quien-es-mas-emocional\/","url":"https:\/\/utel.mx\/blog\/rol-personal\/mujeres-y-hombres-quien-es-mas-emocional\/","name":"Mujeres y hombres \u00bfqui\u00e9n es m\u00e1s emocional? - BLOG | Utel","isPartOf":{"@id":"https:\/\/utel.mx\/blog\/#website"},"primaryImageOfPage":{"@id":"https:\/\/utel.mx\/blog\/rol-personal\/mujeres-y-hombres-quien-es-mas-emocional\/#primaryimage"},"image":{"@id":"https:\/\/utel.mx\/blog\/rol-personal\/mujeres-y-hombres-quien-es-mas-emocional\/#primaryimage"},"thumbnailUrl":"https:\/\/utel.mx\/blog\/wp-content\/uploads\/2014\/05\/Mujeres-y-hombres.-Quien-es-mas-emocional.jpg","datePublished":"2014-05-14T13:52:12+00:00","dateModified":"2023-03-10T17:04:04+00:00","description":"\u00bfQu\u00e9 g\u00e9nero es m\u00e1s emocional?, la evidencia cient\u00edfica concluye que las diferencias radican en la manera de expresar la emoci\u00f3n.","breadcrumb":{"@id":"https:\/\/utel.mx\/blog\/rol-personal\/mujeres-y-hombres-quien-es-mas-emocional\/#breadcrumb"},"inLanguage":"es","potentialAction":[{"@type":"ReadAction","target":["https:\/\/utel.mx\/blog\/rol-personal\/mujeres-y-hombres-quien-es-mas-emocional\/"]}]},{"@type":"ImageObject","inLanguage":"es","@id":"https:\/\/utel.mx\/blog\/rol-personal\/mujeres-y-hombres-quien-es-mas-emocional\/#primaryimage","url":"https:\/\/utel.mx\/blog\/wp-content\/uploads\/2014\/05\/Mujeres-y-hombres.-Quien-es-mas-emocional.jpg","contentUrl":"https:\/\/utel.mx\/blog\/wp-content\/uploads\/2014\/05\/Mujeres-y-hombres.-Quien-es-mas-emocional.jpg","width":600,"height":300,"caption":"Mujeres y hombres. Qui\u00e9n es m\u00e1s emocional"},{"@type":"BreadcrumbList","@id":"https:\/\/utel.mx\/blog\/rol-personal\/mujeres-y-hombres-quien-es-mas-emocional\/#breadcrumb","itemListElement":[{"@type":"ListItem","position":1,"name":"Home","item":"https:\/\/utel.mx\/blog\/"},{"@type":"ListItem","position":2,"name":"Mujeres y hombres \u00bfqui\u00e9n es m\u00e1s emocional?"}]},{"@type":"WebSite","@id":"https:\/\/utel.mx\/blog\/#website","url":"https:\/\/utel.mx\/blog\/","name":"BLOG | Utel","description":"Blog UTEL Universidad en L\u00ednea","publisher":{"@id":"https:\/\/utel.mx\/blog\/#organization"},"potentialAction":[{"@type":"SearchAction","target":{"@type":"EntryPoint","urlTemplate":"https:\/\/utel.mx\/blog\/?s={search_term_string}"},"query-input":{"@type":"PropertyValueSpecification","valueRequired":true,"valueName":"search_term_string"}}],"inLanguage":"es"},{"@type":"Organization","@id":"https:\/\/utel.mx\/blog\/#organization","name":"BLOG | Utel","url":"https:\/\/utel.mx\/blog\/","logo":{"@type":"ImageObject","inLanguage":"es","@id":"https:\/\/utel.mx\/blog\/#\/schema\/logo\/image\/","url":"https:\/\/utel.mx\/blog\/wp-content\/uploads\/2023\/03\/cropped-logo-blog.png","contentUrl":"https:\/\/utel.mx\/blog\/wp-content\/uploads\/2023\/03\/cropped-logo-blog.png","width":237,"height":64,"caption":"BLOG | Utel"},"image":{"@id":"https:\/\/utel.mx\/blog\/#\/schema\/logo\/image\/"}},{"@type":"Person","@id":"https:\/\/utel.mx\/blog\/#\/schema\/person\/9a4c3940beef2724facfef4f2ccec7da","name":"Hayde\u00e9 (Editor)","image":{"@type":"ImageObject","inLanguage":"es","@id":"https:\/\/utel.mx\/blog\/#\/schema\/person\/image\/","url":"https:\/\/secure.gravatar.com\/avatar\/ba63bb7f074f0dfa874cba0ef5d985a5?s=96&d=mm&r=g","contentUrl":"https:\/\/secure.gravatar.com\/avatar\/ba63bb7f074f0dfa874cba0ef5d985a5?s=96&d=mm&r=g","caption":"Hayde\u00e9 (Editor)"},"description":"Licenciada en Ciencias de la Comunicaci\u00f3n"}]}},"_links":{"self":[{"href":"https:\/\/utel.mx\/blog\/wp-json\/wp\/v2\/posts\/13730","targetHints":{"allow":["GET"]}}],"collection":[{"href":"https:\/\/utel.mx\/blog\/wp-json\/wp\/v2\/posts"}],"about":[{"href":"https:\/\/utel.mx\/blog\/wp-json\/wp\/v2\/types\/post"}],"author":[{"embeddable":true,"href":"https:\/\/utel.mx\/blog\/wp-json\/wp\/v2\/users\/9"}],"replies":[{"embeddable":true,"href":"https:\/\/utel.mx\/blog\/wp-json\/wp\/v2\/comments?post=13730"}],"version-history":[{"count":4,"href":"https:\/\/utel.mx\/blog\/wp-json\/wp\/v2\/posts\/13730\/revisions"}],"predecessor-version":[{"id":39592,"href":"https:\/\/utel.mx\/blog\/wp-json\/wp\/v2\/posts\/13730\/revisions\/39592"}],"wp:featuredmedia":[{"embeddable":true,"href":"https:\/\/utel.mx\/blog\/wp-json\/wp\/v2\/media\/39591"}],"wp:attachment":[{"href":"https:\/\/utel.mx\/blog\/wp-json\/wp\/v2\/media?parent=13730"}],"wp:term":[{"taxonomy":"category","embeddable":true,"href":"https:\/\/utel.mx\/blog\/wp-json\/wp\/v2\/categories?post=13730"},{"taxonomy":"post_tag","embeddable":true,"href":"https:\/\/utel.mx\/blog\/wp-json\/wp\/v2\/tags?post=13730"}],"curies":[{"name":"wp","href":"https:\/\/api.w.org\/{rel}","templated":true}]}}