{"id":13735,"date":"2014-05-15T10:01:28","date_gmt":"2014-05-15T10:01:28","guid":{"rendered":"http:\/\/utel.mx\/blog\/?p=13735"},"modified":"2023-03-10T17:04:04","modified_gmt":"2023-03-10T17:04:04","slug":"llega-al-zocalo-la-feria-de-las-culturas-amigas-2014","status":"publish","type":"post","link":"https:\/\/utel.mx\/blog\/dia-a-dia\/llega-al-zocalo-la-feria-de-las-culturas-amigas-2014\/","title":{"rendered":"Llega al z\u00f3calo la Feria de las Culturas Amigas 2014"},"content":{"rendered":"<p dir=\"ltr\" style=\"text-align: justify;\">La Plaza de la Constituci\u00f3n albergar\u00e1 la sexta edici\u00f3n de la Feria de las Culturas Amigas 2014, a realizarse del pr\u00f3ximo el 17 de mayo al 01 de junio.<\/p>\n<p dir=\"ltr\" style=\"text-align: justify;\">El 24 de abril de 2009, el pa\u00eds vivi\u00f3 momentos de tensi\u00f3n al anunciarse el estado de alerta debido a la contingencia sanitaria de la influenza. El Distrito Federal y el Estado de M\u00e9xico suspendieron clases y las actividades de entretenimiento al aire libre; se cre\u00f3 un estado generalizado de temor en la sociedad. M\u00e9xico fue se\u00f1alado por la comunidad internacional y la econom\u00eda nacional resinti\u00f3 12 d\u00edas de inactividad.<\/p>\n<p dir=\"ltr\" style=\"text-align: justify;\">Solidarizados con el pueblo de M\u00e9xico, diversos pa\u00edses concurrieron en el Paseo de la Reforma en la primera edici\u00f3n de la Feria de las Culturas Amigas. El evento estuvo destinado a estimular la econom\u00eda del sector tur\u00edstico de la Ciudad de M\u00e9xico. El \u00e9xito fue rotundo y a seis a\u00f1os de su creaci\u00f3n, es un evento que re\u00fane a multitudes \u00e1vidas de degustar platillos, admirar artesan\u00edas y valorar lo m\u00e1s representativo de las culturas del mundo.<\/p>\n<p dir=\"ltr\" style=\"text-align: justify;\">La Feria de las Culturas Amigas contar\u00e1 con la presencia de al menos 80 pa\u00edses, donde la m\u00fasica, gastronom\u00eda y el baile, ser\u00e1n las principales actividades en las que turistas nacionales e internacionales podr\u00e1n participar a partir de las 11:00 a las 20:00 horas. La convocatoria para las naciones del mundo contin\u00faa abierta por lo cual podr\u00e1n sumarse m\u00e1s pa\u00edses.<\/p>\n<p dir=\"ltr\" style=\"text-align: justify;\">En esta ocasi\u00f3n se decidi\u00f3 cambiar de sede al Z\u00f3calo capitalino debido a la afluencia del p\u00fablico que en su edici\u00f3n pasada reuni\u00f3 a un mill\u00f3n 750 de visitantes. Este a\u00f1o se espera que concurran dos millones de asistentes, las v\u00edas de acceso, Metro y Metrob\u00fas, estar\u00e1n habilitadas para recibir a los asistentes.<\/p>\n<p dir=\"ltr\" style=\"text-align: justify;\">Esta es una oportunidad para conocer m\u00e1s de tu pa\u00edses o culturas favoritos, en los stands podr\u00e1s encontrar informaci\u00f3n de viajes, convenios escolares e impartici\u00f3n de idiomas en las diferentes embajadas. Si est\u00e1s estudiando idiomas, esta una perfecta ocasi\u00f3n para poner en pr\u00e1ctica tus habilidades, sobrar\u00e1n personas con las que podr\u00e1s interactuar.<\/p>\n<p><strong>Adair Rodr\u00edguez\u00a0Angeles<\/strong><br \/>\n<strong>UTEL Editorial<\/strong><\/p>\n<p style=\"text-align: center;\"><a href=\"http:\/\/contacto.utel.edu.mx\/online\/formd\/UTEL\/?utm_source=blog&amp;utm_medium=boton-contacto&amp;utm_campaign=llega-al-zocalo-capitalino-la-feria-de-las-culturas-amigas-2014\"><img decoding=\"async\" class=\" wp-image-13724 aligncenter\" title=\"Feria de las Culturas Amigas 2014 | Blog - UTEL\" src=\"http:\/\/utel.mx\/blog\/wp-content\/uploads\/2014\/04\/boton_blog2.png\" alt=\"Feria de las Culturas Amigas 2014 | Blog - UTEL\" width=\"186\" height=\"57\" \/><\/a><\/p>\n<div id=\"advads-845697987\" class=\"advads-cta-lp-banner-form advads-entity-placement\"><a href=\"https:\/\/utel.mx\/blog\/admisiones-universidad-online\/?utm_source=blog&#038;utm_medium=CTAlink&#038;utm_campaign=MKTseo\" aria-label=\"Universidad en linea\"><img src=\"https:\/\/utel.mx\/blog\/wp-content\/uploads\/2025\/04\/universidad-en-linea-1.png\" alt=\"Universidad en linea\"  srcset=\"https:\/\/utel.mx\/blog\/wp-content\/uploads\/2025\/04\/universidad-en-linea-1.png 626w, https:\/\/utel.mx\/blog\/wp-content\/uploads\/2025\/04\/universidad-en-linea-1-420x168.png 420w\" sizes=\"(max-width: 626px) 100vw, 626px\" width=\"626\" height=\"250\"   \/><\/a><\/div>","protected":false},"excerpt":{"rendered":"<p> [&hellip;]<\/p>\n","protected":false},"author":9,"featured_media":13747,"comment_status":"closed","ping_status":"open","sticky":false,"template":"","format":"standard","meta":{"_acf_changed":false,"site-sidebar-layout":"default","site-content-layout":"","ast-site-content-layout":"","site-content-style":"default","site-sidebar-style":"default","ast-global-header-display":"","ast-banner-title-visibility":"","ast-main-header-display":"","ast-hfb-above-header-display":"","ast-hfb-below-header-display":"","ast-hfb-mobile-header-display":"","site-post-title":"","ast-breadcrumbs-content":"","ast-featured-img":"","footer-sml-layout":"","theme-transparent-header-meta":"","adv-header-id-meta":"","stick-header-meta":"","header-above-stick-meta":"","header-main-stick-meta":"","header-below-stick-meta":"","astra-migrate-meta-layouts":"default","ast-page-background-enabled":"default","ast-page-background-meta":{"desktop":{"background-color":"var(--ast-global-color-4)","background-image":"","background-repeat":"repeat","background-position":"center center","background-size":"auto","background-attachment":"scroll","background-type":"","background-media":"","overlay-type":"","overlay-color":"","overlay-gradient":""},"tablet":{"background-color":"","background-image":"","background-repeat":"repeat","background-position":"center center","background-size":"auto","background-attachment":"scroll","background-type":"","background-media":"","overlay-type":"","overlay-color":"","overlay-gradient":""},"mobile":{"background-color":"","background-image":"","background-repeat":"repeat","background-position":"center center","background-size":"auto","background-attachment":"scroll","background-type":"","background-media":"","overlay-type":"","overlay-color":"","overlay-gradient":""}},"ast-content-background-meta":{"desktop":{"background-color":"var(--ast-global-color-5)","background-image":"","background-repeat":"repeat","background-position":"center center","background-size":"auto","background-attachment":"scroll","background-type":"","background-media":"","overlay-type":"","overlay-color":"","overlay-gradient":""},"tablet":{"background-color":"var(--ast-global-color-5)","background-image":"","background-repeat":"repeat","background-position":"center center","background-size":"auto","background-attachment":"scroll","background-type":"","background-media":"","overlay-type":"","overlay-color":"","overlay-gradient":""},"mobile":{"background-color":"var(--ast-global-color-5)","background-image":"","background-repeat":"repeat","background-position":"center center","background-size":"auto","background-attachment":"scroll","background-type":"","background-media":"","overlay-type":"","overlay-color":"","overlay-gradient":""}},"footnotes":""},"categories":[3163],"tags":[],"class_list":["post-13735","post","type-post","status-publish","format-standard","has-post-thumbnail","hentry","category-dia-a-dia"],"acf":[],"yoast_head":"<!-- This site is optimized with the Yoast SEO plugin v26.8 - https:\/\/yoast.com\/product\/yoast-seo-wordpress\/ -->\n<title>Llega al z\u00f3calo la Feria de las Culturas Amigas 2014 - BLOG | Utel<\/title>\n<meta name=\"description\" content=\"La Plaza de la Constituci\u00f3n albergar\u00e1 la sexta edici\u00f3n de la Feria de las Culturas Amigas 2014, a realizarse del pr\u00f3ximo el 17 de mayo al 01 de junio.\" \/>\n<meta name=\"robots\" content=\"index, follow, max-snippet:-1, max-image-preview:large, max-video-preview:-1\" \/>\n<link rel=\"canonical\" href=\"https:\/\/utel.mx\/blog\/dia-a-dia\/llega-al-zocalo-la-feria-de-las-culturas-amigas-2014\/\" \/>\n<meta property=\"og:locale\" content=\"es_ES\" \/>\n<meta property=\"og:type\" content=\"article\" \/>\n<meta property=\"og:title\" content=\"Llega al z\u00f3calo la Feria de las Culturas Amigas 2014 - BLOG | Utel\" \/>\n<meta property=\"og:description\" content=\"La Plaza de la Constituci\u00f3n albergar\u00e1 la sexta edici\u00f3n de la Feria de las Culturas Amigas 2014, a realizarse del pr\u00f3ximo el 17 de mayo al 01 de junio.\" \/>\n<meta property=\"og:url\" content=\"https:\/\/utel.mx\/blog\/dia-a-dia\/llega-al-zocalo-la-feria-de-las-culturas-amigas-2014\/\" \/>\n<meta property=\"og:site_name\" content=\"BLOG | Utel\" \/>\n<meta property=\"article:published_time\" content=\"2014-05-15T10:01:28+00:00\" \/>\n<meta property=\"article:modified_time\" content=\"2023-03-10T17:04:04+00:00\" \/>\n<meta property=\"og:image\" content=\"https:\/\/utel.mx\/blog\/wp-content\/uploads\/2014\/05\/Calculo-de-determinantes.jpg\" \/>\n\t<meta property=\"og:image:width\" content=\"798\" \/>\n\t<meta property=\"og:image:height\" content=\"530\" \/>\n\t<meta property=\"og:image:type\" content=\"image\/jpeg\" \/>\n<meta name=\"author\" content=\"Hayde\u00e9 (Editor)\" \/>\n<meta name=\"twitter:label1\" content=\"Written by\" \/>\n\t<meta name=\"twitter:data1\" content=\"Hayde\u00e9 (Editor)\" \/>\n\t<meta name=\"twitter:label2\" content=\"Est. reading time\" \/>\n\t<meta name=\"twitter:data2\" content=\"2 minutos\" \/>\n<script type=\"application\/ld+json\" class=\"yoast-schema-graph\">{\"@context\":\"https:\/\/schema.org\",\"@graph\":[{\"@type\":\"Article\",\"@id\":\"https:\/\/utel.mx\/blog\/dia-a-dia\/llega-al-zocalo-la-feria-de-las-culturas-amigas-2014\/#article\",\"isPartOf\":{\"@id\":\"https:\/\/utel.mx\/blog\/dia-a-dia\/llega-al-zocalo-la-feria-de-las-culturas-amigas-2014\/\"},\"author\":{\"name\":\"Hayde\u00e9 (Editor)\",\"@id\":\"https:\/\/utel.mx\/blog\/#\/schema\/person\/9a4c3940beef2724facfef4f2ccec7da\"},\"headline\":\"Llega al z\u00f3calo la Feria de las Culturas Amigas 2014\",\"datePublished\":\"2014-05-15T10:01:28+00:00\",\"dateModified\":\"2023-03-10T17:04:04+00:00\",\"mainEntityOfPage\":{\"@id\":\"https:\/\/utel.mx\/blog\/dia-a-dia\/llega-al-zocalo-la-feria-de-las-culturas-amigas-2014\/\"},\"wordCount\":395,\"publisher\":{\"@id\":\"https:\/\/utel.mx\/blog\/#organization\"},\"image\":{\"@id\":\"https:\/\/utel.mx\/blog\/dia-a-dia\/llega-al-zocalo-la-feria-de-las-culturas-amigas-2014\/#primaryimage\"},\"thumbnailUrl\":\"https:\/\/utel.mx\/blog\/wp-content\/uploads\/2014\/05\/Calculo-de-determinantes.jpg\",\"articleSection\":[\"D\u00eda a d\u00eda\"],\"inLanguage\":\"es\"},{\"@type\":\"WebPage\",\"@id\":\"https:\/\/utel.mx\/blog\/dia-a-dia\/llega-al-zocalo-la-feria-de-las-culturas-amigas-2014\/\",\"url\":\"https:\/\/utel.mx\/blog\/dia-a-dia\/llega-al-zocalo-la-feria-de-las-culturas-amigas-2014\/\",\"name\":\"Llega al z\u00f3calo la Feria de las Culturas Amigas 2014 - BLOG | Utel\",\"isPartOf\":{\"@id\":\"https:\/\/utel.mx\/blog\/#website\"},\"primaryImageOfPage\":{\"@id\":\"https:\/\/utel.mx\/blog\/dia-a-dia\/llega-al-zocalo-la-feria-de-las-culturas-amigas-2014\/#primaryimage\"},\"image\":{\"@id\":\"https:\/\/utel.mx\/blog\/dia-a-dia\/llega-al-zocalo-la-feria-de-las-culturas-amigas-2014\/#primaryimage\"},\"thumbnailUrl\":\"https:\/\/utel.mx\/blog\/wp-content\/uploads\/2014\/05\/Calculo-de-determinantes.jpg\",\"datePublished\":\"2014-05-15T10:01:28+00:00\",\"dateModified\":\"2023-03-10T17:04:04+00:00\",\"description\":\"La Plaza de la Constituci\u00f3n albergar\u00e1 la sexta edici\u00f3n de la Feria de las Culturas Amigas 2014, a realizarse del pr\u00f3ximo el 17 de mayo al 01 de junio.\",\"breadcrumb\":{\"@id\":\"https:\/\/utel.mx\/blog\/dia-a-dia\/llega-al-zocalo-la-feria-de-las-culturas-amigas-2014\/#breadcrumb\"},\"inLanguage\":\"es\",\"potentialAction\":[{\"@type\":\"ReadAction\",\"target\":[\"https:\/\/utel.mx\/blog\/dia-a-dia\/llega-al-zocalo-la-feria-de-las-culturas-amigas-2014\/\"]}]},{\"@type\":\"ImageObject\",\"inLanguage\":\"es\",\"@id\":\"https:\/\/utel.mx\/blog\/dia-a-dia\/llega-al-zocalo-la-feria-de-las-culturas-amigas-2014\/#primaryimage\",\"url\":\"https:\/\/utel.mx\/blog\/wp-content\/uploads\/2014\/05\/Calculo-de-determinantes.jpg\",\"contentUrl\":\"https:\/\/utel.mx\/blog\/wp-content\/uploads\/2014\/05\/Calculo-de-determinantes.jpg\",\"width\":798,\"height\":530,\"caption\":\"Llega al z\u00f3calo capitalino la Feria de las Culturas Amigas 2014 | Blog - UTEL\"},{\"@type\":\"BreadcrumbList\",\"@id\":\"https:\/\/utel.mx\/blog\/dia-a-dia\/llega-al-zocalo-la-feria-de-las-culturas-amigas-2014\/#breadcrumb\",\"itemListElement\":[{\"@type\":\"ListItem\",\"position\":1,\"name\":\"Home\",\"item\":\"https:\/\/utel.mx\/blog\/\"},{\"@type\":\"ListItem\",\"position\":2,\"name\":\"Llega al z\u00f3calo la Feria de las Culturas Amigas 2014\"}]},{\"@type\":\"WebSite\",\"@id\":\"https:\/\/utel.mx\/blog\/#website\",\"url\":\"https:\/\/utel.mx\/blog\/\",\"name\":\"BLOG | Utel\",\"description\":\"Blog UTEL Universidad en L\u00ednea\",\"publisher\":{\"@id\":\"https:\/\/utel.mx\/blog\/#organization\"},\"potentialAction\":[{\"@type\":\"SearchAction\",\"target\":{\"@type\":\"EntryPoint\",\"urlTemplate\":\"https:\/\/utel.mx\/blog\/?s={search_term_string}\"},\"query-input\":{\"@type\":\"PropertyValueSpecification\",\"valueRequired\":true,\"valueName\":\"search_term_string\"}}],\"inLanguage\":\"es\"},{\"@type\":\"Organization\",\"@id\":\"https:\/\/utel.mx\/blog\/#organization\",\"name\":\"BLOG | Utel\",\"url\":\"https:\/\/utel.mx\/blog\/\",\"logo\":{\"@type\":\"ImageObject\",\"inLanguage\":\"es\",\"@id\":\"https:\/\/utel.mx\/blog\/#\/schema\/logo\/image\/\",\"url\":\"https:\/\/utel.mx\/blog\/wp-content\/uploads\/2023\/03\/cropped-logo-blog.png\",\"contentUrl\":\"https:\/\/utel.mx\/blog\/wp-content\/uploads\/2023\/03\/cropped-logo-blog.png\",\"width\":237,\"height\":64,\"caption\":\"BLOG | Utel\"},\"image\":{\"@id\":\"https:\/\/utel.mx\/blog\/#\/schema\/logo\/image\/\"}},{\"@type\":\"Person\",\"@id\":\"https:\/\/utel.mx\/blog\/#\/schema\/person\/9a4c3940beef2724facfef4f2ccec7da\",\"name\":\"Hayde\u00e9 (Editor)\",\"image\":{\"@type\":\"ImageObject\",\"inLanguage\":\"es\",\"@id\":\"https:\/\/utel.mx\/blog\/#\/schema\/person\/image\/\",\"url\":\"https:\/\/secure.gravatar.com\/avatar\/ba63bb7f074f0dfa874cba0ef5d985a5?s=96&d=mm&r=g\",\"contentUrl\":\"https:\/\/secure.gravatar.com\/avatar\/ba63bb7f074f0dfa874cba0ef5d985a5?s=96&d=mm&r=g\",\"caption\":\"Hayde\u00e9 (Editor)\"},\"description\":\"Licenciada en Ciencias de la Comunicaci\u00f3n\"}]}<\/script>\n<!-- \/ Yoast SEO plugin. -->","yoast_head_json":{"title":"Llega al z\u00f3calo la Feria de las Culturas Amigas 2014 - BLOG | Utel","description":"La Plaza de la Constituci\u00f3n albergar\u00e1 la sexta edici\u00f3n de la Feria de las Culturas Amigas 2014, a realizarse del pr\u00f3ximo el 17 de mayo al 01 de junio.","robots":{"index":"index","follow":"follow","max-snippet":"max-snippet:-1","max-image-preview":"max-image-preview:large","max-video-preview":"max-video-preview:-1"},"canonical":"https:\/\/utel.mx\/blog\/dia-a-dia\/llega-al-zocalo-la-feria-de-las-culturas-amigas-2014\/","og_locale":"es_ES","og_type":"article","og_title":"Llega al z\u00f3calo la Feria de las Culturas Amigas 2014 - BLOG | Utel","og_description":"La Plaza de la Constituci\u00f3n albergar\u00e1 la sexta edici\u00f3n de la Feria de las Culturas Amigas 2014, a realizarse del pr\u00f3ximo el 17 de mayo al 01 de junio.","og_url":"https:\/\/utel.mx\/blog\/dia-a-dia\/llega-al-zocalo-la-feria-de-las-culturas-amigas-2014\/","og_site_name":"BLOG | Utel","article_published_time":"2014-05-15T10:01:28+00:00","article_modified_time":"2023-03-10T17:04:04+00:00","og_image":[{"width":798,"height":530,"url":"https:\/\/utel.mx\/blog\/wp-content\/uploads\/2014\/05\/Calculo-de-determinantes.jpg","type":"image\/jpeg"}],"author":"Hayde\u00e9 (Editor)","twitter_misc":{"Written by":"Hayde\u00e9 (Editor)","Est. reading time":"2 minutos"},"schema":{"@context":"https:\/\/schema.org","@graph":[{"@type":"Article","@id":"https:\/\/utel.mx\/blog\/dia-a-dia\/llega-al-zocalo-la-feria-de-las-culturas-amigas-2014\/#article","isPartOf":{"@id":"https:\/\/utel.mx\/blog\/dia-a-dia\/llega-al-zocalo-la-feria-de-las-culturas-amigas-2014\/"},"author":{"name":"Hayde\u00e9 (Editor)","@id":"https:\/\/utel.mx\/blog\/#\/schema\/person\/9a4c3940beef2724facfef4f2ccec7da"},"headline":"Llega al z\u00f3calo la Feria de las Culturas Amigas 2014","datePublished":"2014-05-15T10:01:28+00:00","dateModified":"2023-03-10T17:04:04+00:00","mainEntityOfPage":{"@id":"https:\/\/utel.mx\/blog\/dia-a-dia\/llega-al-zocalo-la-feria-de-las-culturas-amigas-2014\/"},"wordCount":395,"publisher":{"@id":"https:\/\/utel.mx\/blog\/#organization"},"image":{"@id":"https:\/\/utel.mx\/blog\/dia-a-dia\/llega-al-zocalo-la-feria-de-las-culturas-amigas-2014\/#primaryimage"},"thumbnailUrl":"https:\/\/utel.mx\/blog\/wp-content\/uploads\/2014\/05\/Calculo-de-determinantes.jpg","articleSection":["D\u00eda a d\u00eda"],"inLanguage":"es"},{"@type":"WebPage","@id":"https:\/\/utel.mx\/blog\/dia-a-dia\/llega-al-zocalo-la-feria-de-las-culturas-amigas-2014\/","url":"https:\/\/utel.mx\/blog\/dia-a-dia\/llega-al-zocalo-la-feria-de-las-culturas-amigas-2014\/","name":"Llega al z\u00f3calo la Feria de las Culturas Amigas 2014 - BLOG | Utel","isPartOf":{"@id":"https:\/\/utel.mx\/blog\/#website"},"primaryImageOfPage":{"@id":"https:\/\/utel.mx\/blog\/dia-a-dia\/llega-al-zocalo-la-feria-de-las-culturas-amigas-2014\/#primaryimage"},"image":{"@id":"https:\/\/utel.mx\/blog\/dia-a-dia\/llega-al-zocalo-la-feria-de-las-culturas-amigas-2014\/#primaryimage"},"thumbnailUrl":"https:\/\/utel.mx\/blog\/wp-content\/uploads\/2014\/05\/Calculo-de-determinantes.jpg","datePublished":"2014-05-15T10:01:28+00:00","dateModified":"2023-03-10T17:04:04+00:00","description":"La Plaza de la Constituci\u00f3n albergar\u00e1 la sexta edici\u00f3n de la Feria de las Culturas Amigas 2014, a realizarse del pr\u00f3ximo el 17 de mayo al 01 de junio.","breadcrumb":{"@id":"https:\/\/utel.mx\/blog\/dia-a-dia\/llega-al-zocalo-la-feria-de-las-culturas-amigas-2014\/#breadcrumb"},"inLanguage":"es","potentialAction":[{"@type":"ReadAction","target":["https:\/\/utel.mx\/blog\/dia-a-dia\/llega-al-zocalo-la-feria-de-las-culturas-amigas-2014\/"]}]},{"@type":"ImageObject","inLanguage":"es","@id":"https:\/\/utel.mx\/blog\/dia-a-dia\/llega-al-zocalo-la-feria-de-las-culturas-amigas-2014\/#primaryimage","url":"https:\/\/utel.mx\/blog\/wp-content\/uploads\/2014\/05\/Calculo-de-determinantes.jpg","contentUrl":"https:\/\/utel.mx\/blog\/wp-content\/uploads\/2014\/05\/Calculo-de-determinantes.jpg","width":798,"height":530,"caption":"Llega al z\u00f3calo capitalino la Feria de las Culturas Amigas 2014 | Blog - UTEL"},{"@type":"BreadcrumbList","@id":"https:\/\/utel.mx\/blog\/dia-a-dia\/llega-al-zocalo-la-feria-de-las-culturas-amigas-2014\/#breadcrumb","itemListElement":[{"@type":"ListItem","position":1,"name":"Home","item":"https:\/\/utel.mx\/blog\/"},{"@type":"ListItem","position":2,"name":"Llega al z\u00f3calo la Feria de las Culturas Amigas 2014"}]},{"@type":"WebSite","@id":"https:\/\/utel.mx\/blog\/#website","url":"https:\/\/utel.mx\/blog\/","name":"BLOG | Utel","description":"Blog UTEL Universidad en L\u00ednea","publisher":{"@id":"https:\/\/utel.mx\/blog\/#organization"},"potentialAction":[{"@type":"SearchAction","target":{"@type":"EntryPoint","urlTemplate":"https:\/\/utel.mx\/blog\/?s={search_term_string}"},"query-input":{"@type":"PropertyValueSpecification","valueRequired":true,"valueName":"search_term_string"}}],"inLanguage":"es"},{"@type":"Organization","@id":"https:\/\/utel.mx\/blog\/#organization","name":"BLOG | Utel","url":"https:\/\/utel.mx\/blog\/","logo":{"@type":"ImageObject","inLanguage":"es","@id":"https:\/\/utel.mx\/blog\/#\/schema\/logo\/image\/","url":"https:\/\/utel.mx\/blog\/wp-content\/uploads\/2023\/03\/cropped-logo-blog.png","contentUrl":"https:\/\/utel.mx\/blog\/wp-content\/uploads\/2023\/03\/cropped-logo-blog.png","width":237,"height":64,"caption":"BLOG | Utel"},"image":{"@id":"https:\/\/utel.mx\/blog\/#\/schema\/logo\/image\/"}},{"@type":"Person","@id":"https:\/\/utel.mx\/blog\/#\/schema\/person\/9a4c3940beef2724facfef4f2ccec7da","name":"Hayde\u00e9 (Editor)","image":{"@type":"ImageObject","inLanguage":"es","@id":"https:\/\/utel.mx\/blog\/#\/schema\/person\/image\/","url":"https:\/\/secure.gravatar.com\/avatar\/ba63bb7f074f0dfa874cba0ef5d985a5?s=96&d=mm&r=g","contentUrl":"https:\/\/secure.gravatar.com\/avatar\/ba63bb7f074f0dfa874cba0ef5d985a5?s=96&d=mm&r=g","caption":"Hayde\u00e9 (Editor)"},"description":"Licenciada en Ciencias de la Comunicaci\u00f3n"}]}},"_links":{"self":[{"href":"https:\/\/utel.mx\/blog\/wp-json\/wp\/v2\/posts\/13735","targetHints":{"allow":["GET"]}}],"collection":[{"href":"https:\/\/utel.mx\/blog\/wp-json\/wp\/v2\/posts"}],"about":[{"href":"https:\/\/utel.mx\/blog\/wp-json\/wp\/v2\/types\/post"}],"author":[{"embeddable":true,"href":"https:\/\/utel.mx\/blog\/wp-json\/wp\/v2\/users\/9"}],"replies":[{"embeddable":true,"href":"https:\/\/utel.mx\/blog\/wp-json\/wp\/v2\/comments?post=13735"}],"version-history":[{"count":1,"href":"https:\/\/utel.mx\/blog\/wp-json\/wp\/v2\/posts\/13735\/revisions"}],"predecessor-version":[{"id":45571,"href":"https:\/\/utel.mx\/blog\/wp-json\/wp\/v2\/posts\/13735\/revisions\/45571"}],"wp:featuredmedia":[{"embeddable":true,"href":"https:\/\/utel.mx\/blog\/wp-json\/wp\/v2\/media\/13747"}],"wp:attachment":[{"href":"https:\/\/utel.mx\/blog\/wp-json\/wp\/v2\/media?parent=13735"}],"wp:term":[{"taxonomy":"category","embeddable":true,"href":"https:\/\/utel.mx\/blog\/wp-json\/wp\/v2\/categories?post=13735"},{"taxonomy":"post_tag","embeddable":true,"href":"https:\/\/utel.mx\/blog\/wp-json\/wp\/v2\/tags?post=13735"}],"curies":[{"name":"wp","href":"https:\/\/api.w.org\/{rel}","templated":true}]}}