{"id":1377,"date":"2013-05-17T16:44:46","date_gmt":"2013-05-17T16:44:46","guid":{"rendered":"http:\/\/utel.mx\/blog\/?p=1377"},"modified":"2023-03-10T16:53:21","modified_gmt":"2023-03-10T16:53:21","slug":"que-es-el-derecho-laboral","status":"publish","type":"post","link":"https:\/\/utel.mx\/blog\/10-consejos-para\/que-es-el-derecho-laboral\/","title":{"rendered":"\u00bfQu\u00e9 es el derecho laboral?"},"content":{"rendered":"<p style=\"text-align: left;\" align=\"center\"><span style=\"color: #000000;\">La necesidad de regular la relaci\u00f3n entre el empleado y el jefe tiene como fundamento legal el Derecho Laboral, ley que en t\u00e9rminos generales tiene la finalidad de equilibrar los derechos y obligaciones de ambas partes para propiciar la armon\u00eda social.<\/span><\/p>\n<p><span style=\"color: #000000;\">Pero \u00bfc\u00f3mo entendemos la palabra trabajo? <strong>El trabajo<\/strong> es aquella actividad que cualquier individuo est\u00e1 en plena facultad de realizar, con el objetivo de contribuir a la transformaci\u00f3n del ambiente que lo rodea y a cambio obtener <strong>una remuneraci\u00f3n econ\u00f3mica<\/strong> que asegure y facilite su subsistencia.<\/span><\/p>\n<h2><span style=\"color: #000000;\">\u00bfQu\u00e9 es el Derecho Laboral?<\/span><\/h2>\n<p><span style=\"color: #000000;\"><strong>El Derecho Laboral<\/strong> es el derecho protector de la clase trabajadora, <strong>busca el equilibrio de los factores de producci\u00f3n<\/strong>, el capital de trabajo, garantizar las fuentes de empleo y productividad, acciones que le brindan al trabajador la oportunidad de vivir y ofrecerle a su familia una vida plena.<\/span><\/p>\n<p><span style=\"color: #000000;\">Es decir, por medio del conjunto de una serie de normas, principios y acciones, se pretende <strong>unificar una relaci\u00f3n laboral sana<\/strong> que propicie la comodidad tanto del empleador como del trabajador.<\/span><\/p>\n<h3><span style=\"color: #000000;\"><strong>Principios generales laborales<\/strong><\/span><\/h3>\n<p><span style=\"color: #000000;\"><strong>La Constituci\u00f3n Pol\u00edtica de los Estados Unidos Mexicanos<\/strong> establece los principios generales laborales divididos en seis puntos:<\/span><\/p>\n<ol>\n<li><span style=\"color: #000000;\">El trabajo como derecho y deber.<\/span><\/li>\n<li><span style=\"color: #000000;\">Libertad en el empleo.<\/span><\/li>\n<li><span style=\"color: #000000;\">Igualdad.<\/span><\/li>\n<li><span style=\"color: #000000;\">Estabilidad en el empleo.<\/span><\/li>\n<li><span style=\"color: #000000;\">Aplicaci\u00f3n de la norma m\u00e1s favorable para el trabajador.<\/span><\/li>\n<li><span style=\"color: #000000;\">Suplencia de la queja.<\/span><\/li>\n<\/ol>\n<p><span style=\"color: #000000;\">A su vez, el <strong>art\u00edculo<\/strong> <strong>35 de la Ley Federal del trabajo<\/strong> establece que la relaci\u00f3n de trabajo nace en el momento en que el empleado empieza a prestar los servicios a la organizaci\u00f3n, empresa o instituci\u00f3n, por tiempo fijo o por obra determinada.<\/span><\/p>\n<p><span style=\"color: #000000;\"><strong>El contrato individual de trabajo<\/strong> es aquel que se genera cuando una persona se compromete a prestar su trabajo mediante el pago de un salario. <strong>El contrato por obra determinada<\/strong>\u00a0es aquel que normalmente se relaciona con la industria, construcci\u00f3n de caminos viales, etc., y es vigente el tiempo que dure la obra.<\/span><\/p>\n<p><span style=\"color: #000000;\">En ambos casos se debe regir por una jornada laboral determinada sin rebasar <strong>los t\u00e9rminos legales<\/strong>.<\/span><\/p>\n<p><span style=\"color: #000000;\"><b>Mar\u00eda M\u00e9ndez Coronel<\/b><\/span><\/p>\n<p><span style=\"color: #000000;\"><b>EDITORIAL UTEL<\/b><\/span><\/p>\n<p>\u00a0<\/p>\n\n\n<div class=\"wp-block-buttons is-content-justification-center is-layout-flex wp-block-buttons-is-layout-flex\">\n<div class=\"wp-block-button is-style-fill\"><a class=\"wp-block-button__link has-background\" href=\"https:\/\/admisiones.utel.edu.mx\/p\/utel-general?utm_source=blog&amp;utm_medium=cta-boton&amp;utm_campaign=MktComunicacion\" style=\"background-color:#85c14d\" target=\"_blank\" rel=\"noreferrer noopener\"> <span class=\"has-inline-color has-white-color\">M\u00e1s informaci\u00f3n aqu\u00ed<\/span> <\/a><\/div>\n<\/div>\n<div id=\"advads-436838924\" class=\"advads-cta-lp-banner-form advads-entity-placement\"><a href=\"https:\/\/utel.mx\/blog\/admisiones-universidad-online\/?utm_source=blog&#038;utm_medium=CTAlink&#038;utm_campaign=MKTseo\" aria-label=\"Universidad en linea\"><img src=\"https:\/\/utel.mx\/blog\/wp-content\/uploads\/2025\/04\/universidad-en-linea-1.png\" alt=\"Universidad en linea\"  srcset=\"https:\/\/utel.mx\/blog\/wp-content\/uploads\/2025\/04\/universidad-en-linea-1.png 626w, https:\/\/utel.mx\/blog\/wp-content\/uploads\/2025\/04\/universidad-en-linea-1-420x168.png 420w\" sizes=\"(max-width: 626px) 100vw, 626px\" width=\"626\" height=\"250\"   \/><\/a><\/div>","protected":false},"excerpt":{"rendered":"<p> [&hellip;]<\/p>\n","protected":false},"author":40,"featured_media":38546,"comment_status":"closed","ping_status":"open","sticky":false,"template":"","format":"standard","meta":{"_acf_changed":false,"site-sidebar-layout":"default","site-content-layout":"","ast-site-content-layout":"","site-content-style":"default","site-sidebar-style":"default","ast-global-header-display":"","ast-banner-title-visibility":"","ast-main-header-display":"","ast-hfb-above-header-display":"","ast-hfb-below-header-display":"","ast-hfb-mobile-header-display":"","site-post-title":"","ast-breadcrumbs-content":"","ast-featured-img":"","footer-sml-layout":"","theme-transparent-header-meta":"","adv-header-id-meta":"","stick-header-meta":"","header-above-stick-meta":"","header-main-stick-meta":"","header-below-stick-meta":"","astra-migrate-meta-layouts":"default","ast-page-background-enabled":"default","ast-page-background-meta":{"desktop":{"background-color":"var(--ast-global-color-4)","background-image":"","background-repeat":"repeat","background-position":"center center","background-size":"auto","background-attachment":"scroll","background-type":"","background-media":"","overlay-type":"","overlay-color":"","overlay-gradient":""},"tablet":{"background-color":"","background-image":"","background-repeat":"repeat","background-position":"center center","background-size":"auto","background-attachment":"scroll","background-type":"","background-media":"","overlay-type":"","overlay-color":"","overlay-gradient":""},"mobile":{"background-color":"","background-image":"","background-repeat":"repeat","background-position":"center center","background-size":"auto","background-attachment":"scroll","background-type":"","background-media":"","overlay-type":"","overlay-color":"","overlay-gradient":""}},"ast-content-background-meta":{"desktop":{"background-color":"var(--ast-global-color-5)","background-image":"","background-repeat":"repeat","background-position":"center center","background-size":"auto","background-attachment":"scroll","background-type":"","background-media":"","overlay-type":"","overlay-color":"","overlay-gradient":""},"tablet":{"background-color":"var(--ast-global-color-5)","background-image":"","background-repeat":"repeat","background-position":"center center","background-size":"auto","background-attachment":"scroll","background-type":"","background-media":"","overlay-type":"","overlay-color":"","overlay-gradient":""},"mobile":{"background-color":"var(--ast-global-color-5)","background-image":"","background-repeat":"repeat","background-position":"center center","background-size":"auto","background-attachment":"scroll","background-type":"","background-media":"","overlay-type":"","overlay-color":"","overlay-gradient":""}},"footnotes":""},"categories":[32],"tags":[],"class_list":["post-1377","post","type-post","status-publish","format-standard","has-post-thumbnail","hentry","category-10-consejos-para"],"acf":[],"yoast_head":"<!-- This site is optimized with the Yoast SEO plugin v26.8 - https:\/\/yoast.com\/product\/yoast-seo-wordpress\/ -->\n<title>\u00bfQu\u00e9 es el derecho laboral? - BLOG | Utel<\/title>\n<meta name=\"description\" content=\"El Derecho laboral regula distintos factores que intervienen entre un trabajador y un empleador, con\u00f3celos aqu\u00ed.\" \/>\n<meta name=\"robots\" content=\"index, follow, max-snippet:-1, max-image-preview:large, max-video-preview:-1\" \/>\n<link rel=\"canonical\" href=\"https:\/\/utel.mx\/blog\/10-consejos-para\/que-es-el-derecho-laboral\/\" \/>\n<meta property=\"og:locale\" content=\"es_ES\" \/>\n<meta property=\"og:type\" content=\"article\" \/>\n<meta property=\"og:title\" content=\"\u00bfQu\u00e9 es el derecho laboral? - BLOG | Utel\" \/>\n<meta property=\"og:description\" content=\"El Derecho laboral regula distintos factores que intervienen entre un trabajador y un empleador, con\u00f3celos aqu\u00ed.\" \/>\n<meta property=\"og:url\" content=\"https:\/\/utel.mx\/blog\/10-consejos-para\/que-es-el-derecho-laboral\/\" \/>\n<meta property=\"og:site_name\" content=\"BLOG | Utel\" \/>\n<meta property=\"article:published_time\" content=\"2013-05-17T16:44:46+00:00\" \/>\n<meta property=\"article:modified_time\" content=\"2023-03-10T16:53:21+00:00\" \/>\n<meta property=\"og:image\" content=\"https:\/\/utel.mx\/blog\/wp-content\/uploads\/2013\/05\/Qu\u00e9-es-el-Derecho-Laboral.png\" \/>\n\t<meta property=\"og:image:width\" content=\"600\" \/>\n\t<meta property=\"og:image:height\" content=\"300\" \/>\n\t<meta property=\"og:image:type\" content=\"image\/png\" \/>\n<meta name=\"author\" content=\"Invitados UTEL\" \/>\n<meta name=\"twitter:label1\" content=\"Written by\" \/>\n\t<meta name=\"twitter:data1\" content=\"Invitados UTEL\" \/>\n\t<meta name=\"twitter:label2\" content=\"Est. reading time\" \/>\n\t<meta name=\"twitter:data2\" content=\"2 minutos\" \/>\n<script type=\"application\/ld+json\" class=\"yoast-schema-graph\">{\"@context\":\"https:\/\/schema.org\",\"@graph\":[{\"@type\":\"Article\",\"@id\":\"https:\/\/utel.mx\/blog\/10-consejos-para\/que-es-el-derecho-laboral\/#article\",\"isPartOf\":{\"@id\":\"https:\/\/utel.mx\/blog\/10-consejos-para\/que-es-el-derecho-laboral\/\"},\"author\":{\"name\":\"Invitados UTEL\",\"@id\":\"https:\/\/utel.mx\/blog\/#\/schema\/person\/e5b3d8d918f13bd0b0f4724daa90dd95\"},\"headline\":\"\u00bfQu\u00e9 es el derecho laboral?\",\"datePublished\":\"2013-05-17T16:44:46+00:00\",\"dateModified\":\"2023-03-10T16:53:21+00:00\",\"mainEntityOfPage\":{\"@id\":\"https:\/\/utel.mx\/blog\/10-consejos-para\/que-es-el-derecho-laboral\/\"},\"wordCount\":367,\"publisher\":{\"@id\":\"https:\/\/utel.mx\/blog\/#organization\"},\"image\":{\"@id\":\"https:\/\/utel.mx\/blog\/10-consejos-para\/que-es-el-derecho-laboral\/#primaryimage\"},\"thumbnailUrl\":\"https:\/\/utel.mx\/blog\/wp-content\/uploads\/2013\/05\/Qu\u00e9-es-el-Derecho-Laboral.png\",\"articleSection\":[\"Tips\"],\"inLanguage\":\"es\"},{\"@type\":\"WebPage\",\"@id\":\"https:\/\/utel.mx\/blog\/10-consejos-para\/que-es-el-derecho-laboral\/\",\"url\":\"https:\/\/utel.mx\/blog\/10-consejos-para\/que-es-el-derecho-laboral\/\",\"name\":\"\u00bfQu\u00e9 es el derecho laboral? - BLOG | Utel\",\"isPartOf\":{\"@id\":\"https:\/\/utel.mx\/blog\/#website\"},\"primaryImageOfPage\":{\"@id\":\"https:\/\/utel.mx\/blog\/10-consejos-para\/que-es-el-derecho-laboral\/#primaryimage\"},\"image\":{\"@id\":\"https:\/\/utel.mx\/blog\/10-consejos-para\/que-es-el-derecho-laboral\/#primaryimage\"},\"thumbnailUrl\":\"https:\/\/utel.mx\/blog\/wp-content\/uploads\/2013\/05\/Qu\u00e9-es-el-Derecho-Laboral.png\",\"datePublished\":\"2013-05-17T16:44:46+00:00\",\"dateModified\":\"2023-03-10T16:53:21+00:00\",\"description\":\"El Derecho laboral regula distintos factores que intervienen entre un trabajador y un empleador, con\u00f3celos aqu\u00ed.\",\"breadcrumb\":{\"@id\":\"https:\/\/utel.mx\/blog\/10-consejos-para\/que-es-el-derecho-laboral\/#breadcrumb\"},\"inLanguage\":\"es\",\"potentialAction\":[{\"@type\":\"ReadAction\",\"target\":[\"https:\/\/utel.mx\/blog\/10-consejos-para\/que-es-el-derecho-laboral\/\"]}]},{\"@type\":\"ImageObject\",\"inLanguage\":\"es\",\"@id\":\"https:\/\/utel.mx\/blog\/10-consejos-para\/que-es-el-derecho-laboral\/#primaryimage\",\"url\":\"https:\/\/utel.mx\/blog\/wp-content\/uploads\/2013\/05\/Qu\u00e9-es-el-Derecho-Laboral.png\",\"contentUrl\":\"https:\/\/utel.mx\/blog\/wp-content\/uploads\/2013\/05\/Qu\u00e9-es-el-Derecho-Laboral.png\",\"width\":600,\"height\":300,\"caption\":\"Qu\u00e9 es el Derecho Laboral\"},{\"@type\":\"BreadcrumbList\",\"@id\":\"https:\/\/utel.mx\/blog\/10-consejos-para\/que-es-el-derecho-laboral\/#breadcrumb\",\"itemListElement\":[{\"@type\":\"ListItem\",\"position\":1,\"name\":\"Home\",\"item\":\"https:\/\/utel.mx\/blog\/\"},{\"@type\":\"ListItem\",\"position\":2,\"name\":\"\u00bfQu\u00e9 es el derecho laboral?\"}]},{\"@type\":\"WebSite\",\"@id\":\"https:\/\/utel.mx\/blog\/#website\",\"url\":\"https:\/\/utel.mx\/blog\/\",\"name\":\"BLOG | Utel\",\"description\":\"Blog UTEL Universidad en L\u00ednea\",\"publisher\":{\"@id\":\"https:\/\/utel.mx\/blog\/#organization\"},\"potentialAction\":[{\"@type\":\"SearchAction\",\"target\":{\"@type\":\"EntryPoint\",\"urlTemplate\":\"https:\/\/utel.mx\/blog\/?s={search_term_string}\"},\"query-input\":{\"@type\":\"PropertyValueSpecification\",\"valueRequired\":true,\"valueName\":\"search_term_string\"}}],\"inLanguage\":\"es\"},{\"@type\":\"Organization\",\"@id\":\"https:\/\/utel.mx\/blog\/#organization\",\"name\":\"BLOG | Utel\",\"url\":\"https:\/\/utel.mx\/blog\/\",\"logo\":{\"@type\":\"ImageObject\",\"inLanguage\":\"es\",\"@id\":\"https:\/\/utel.mx\/blog\/#\/schema\/logo\/image\/\",\"url\":\"https:\/\/utel.mx\/blog\/wp-content\/uploads\/2023\/03\/cropped-logo-blog.png\",\"contentUrl\":\"https:\/\/utel.mx\/blog\/wp-content\/uploads\/2023\/03\/cropped-logo-blog.png\",\"width\":237,\"height\":64,\"caption\":\"BLOG | Utel\"},\"image\":{\"@id\":\"https:\/\/utel.mx\/blog\/#\/schema\/logo\/image\/\"}},{\"@type\":\"Person\",\"@id\":\"https:\/\/utel.mx\/blog\/#\/schema\/person\/e5b3d8d918f13bd0b0f4724daa90dd95\",\"name\":\"Invitados UTEL\",\"image\":{\"@type\":\"ImageObject\",\"inLanguage\":\"es\",\"@id\":\"https:\/\/utel.mx\/blog\/#\/schema\/person\/image\/\",\"url\":\"https:\/\/secure.gravatar.com\/avatar\/781456f1128be5a332ab27ea8b902597?s=96&d=mm&r=g\",\"contentUrl\":\"https:\/\/secure.gravatar.com\/avatar\/781456f1128be5a332ab27ea8b902597?s=96&d=mm&r=g\",\"caption\":\"Invitados UTEL\"},\"description\":\"Invitados . Colaboraciones por parte de invitados de la Comunidad UTEL\"}]}<\/script>\n<!-- \/ Yoast SEO plugin. -->","yoast_head_json":{"title":"\u00bfQu\u00e9 es el derecho laboral? - BLOG | Utel","description":"El Derecho laboral regula distintos factores que intervienen entre un trabajador y un empleador, con\u00f3celos aqu\u00ed.","robots":{"index":"index","follow":"follow","max-snippet":"max-snippet:-1","max-image-preview":"max-image-preview:large","max-video-preview":"max-video-preview:-1"},"canonical":"https:\/\/utel.mx\/blog\/10-consejos-para\/que-es-el-derecho-laboral\/","og_locale":"es_ES","og_type":"article","og_title":"\u00bfQu\u00e9 es el derecho laboral? - BLOG | Utel","og_description":"El Derecho laboral regula distintos factores que intervienen entre un trabajador y un empleador, con\u00f3celos aqu\u00ed.","og_url":"https:\/\/utel.mx\/blog\/10-consejos-para\/que-es-el-derecho-laboral\/","og_site_name":"BLOG | Utel","article_published_time":"2013-05-17T16:44:46+00:00","article_modified_time":"2023-03-10T16:53:21+00:00","og_image":[{"width":600,"height":300,"url":"https:\/\/utel.mx\/blog\/wp-content\/uploads\/2013\/05\/Qu\u00e9-es-el-Derecho-Laboral.png","type":"image\/png"}],"author":"Invitados UTEL","twitter_misc":{"Written by":"Invitados UTEL","Est. reading time":"2 minutos"},"schema":{"@context":"https:\/\/schema.org","@graph":[{"@type":"Article","@id":"https:\/\/utel.mx\/blog\/10-consejos-para\/que-es-el-derecho-laboral\/#article","isPartOf":{"@id":"https:\/\/utel.mx\/blog\/10-consejos-para\/que-es-el-derecho-laboral\/"},"author":{"name":"Invitados UTEL","@id":"https:\/\/utel.mx\/blog\/#\/schema\/person\/e5b3d8d918f13bd0b0f4724daa90dd95"},"headline":"\u00bfQu\u00e9 es el derecho laboral?","datePublished":"2013-05-17T16:44:46+00:00","dateModified":"2023-03-10T16:53:21+00:00","mainEntityOfPage":{"@id":"https:\/\/utel.mx\/blog\/10-consejos-para\/que-es-el-derecho-laboral\/"},"wordCount":367,"publisher":{"@id":"https:\/\/utel.mx\/blog\/#organization"},"image":{"@id":"https:\/\/utel.mx\/blog\/10-consejos-para\/que-es-el-derecho-laboral\/#primaryimage"},"thumbnailUrl":"https:\/\/utel.mx\/blog\/wp-content\/uploads\/2013\/05\/Qu\u00e9-es-el-Derecho-Laboral.png","articleSection":["Tips"],"inLanguage":"es"},{"@type":"WebPage","@id":"https:\/\/utel.mx\/blog\/10-consejos-para\/que-es-el-derecho-laboral\/","url":"https:\/\/utel.mx\/blog\/10-consejos-para\/que-es-el-derecho-laboral\/","name":"\u00bfQu\u00e9 es el derecho laboral? - BLOG | Utel","isPartOf":{"@id":"https:\/\/utel.mx\/blog\/#website"},"primaryImageOfPage":{"@id":"https:\/\/utel.mx\/blog\/10-consejos-para\/que-es-el-derecho-laboral\/#primaryimage"},"image":{"@id":"https:\/\/utel.mx\/blog\/10-consejos-para\/que-es-el-derecho-laboral\/#primaryimage"},"thumbnailUrl":"https:\/\/utel.mx\/blog\/wp-content\/uploads\/2013\/05\/Qu\u00e9-es-el-Derecho-Laboral.png","datePublished":"2013-05-17T16:44:46+00:00","dateModified":"2023-03-10T16:53:21+00:00","description":"El Derecho laboral regula distintos factores que intervienen entre un trabajador y un empleador, con\u00f3celos aqu\u00ed.","breadcrumb":{"@id":"https:\/\/utel.mx\/blog\/10-consejos-para\/que-es-el-derecho-laboral\/#breadcrumb"},"inLanguage":"es","potentialAction":[{"@type":"ReadAction","target":["https:\/\/utel.mx\/blog\/10-consejos-para\/que-es-el-derecho-laboral\/"]}]},{"@type":"ImageObject","inLanguage":"es","@id":"https:\/\/utel.mx\/blog\/10-consejos-para\/que-es-el-derecho-laboral\/#primaryimage","url":"https:\/\/utel.mx\/blog\/wp-content\/uploads\/2013\/05\/Qu\u00e9-es-el-Derecho-Laboral.png","contentUrl":"https:\/\/utel.mx\/blog\/wp-content\/uploads\/2013\/05\/Qu\u00e9-es-el-Derecho-Laboral.png","width":600,"height":300,"caption":"Qu\u00e9 es el Derecho Laboral"},{"@type":"BreadcrumbList","@id":"https:\/\/utel.mx\/blog\/10-consejos-para\/que-es-el-derecho-laboral\/#breadcrumb","itemListElement":[{"@type":"ListItem","position":1,"name":"Home","item":"https:\/\/utel.mx\/blog\/"},{"@type":"ListItem","position":2,"name":"\u00bfQu\u00e9 es el derecho laboral?"}]},{"@type":"WebSite","@id":"https:\/\/utel.mx\/blog\/#website","url":"https:\/\/utel.mx\/blog\/","name":"BLOG | Utel","description":"Blog UTEL Universidad en L\u00ednea","publisher":{"@id":"https:\/\/utel.mx\/blog\/#organization"},"potentialAction":[{"@type":"SearchAction","target":{"@type":"EntryPoint","urlTemplate":"https:\/\/utel.mx\/blog\/?s={search_term_string}"},"query-input":{"@type":"PropertyValueSpecification","valueRequired":true,"valueName":"search_term_string"}}],"inLanguage":"es"},{"@type":"Organization","@id":"https:\/\/utel.mx\/blog\/#organization","name":"BLOG | Utel","url":"https:\/\/utel.mx\/blog\/","logo":{"@type":"ImageObject","inLanguage":"es","@id":"https:\/\/utel.mx\/blog\/#\/schema\/logo\/image\/","url":"https:\/\/utel.mx\/blog\/wp-content\/uploads\/2023\/03\/cropped-logo-blog.png","contentUrl":"https:\/\/utel.mx\/blog\/wp-content\/uploads\/2023\/03\/cropped-logo-blog.png","width":237,"height":64,"caption":"BLOG | Utel"},"image":{"@id":"https:\/\/utel.mx\/blog\/#\/schema\/logo\/image\/"}},{"@type":"Person","@id":"https:\/\/utel.mx\/blog\/#\/schema\/person\/e5b3d8d918f13bd0b0f4724daa90dd95","name":"Invitados UTEL","image":{"@type":"ImageObject","inLanguage":"es","@id":"https:\/\/utel.mx\/blog\/#\/schema\/person\/image\/","url":"https:\/\/secure.gravatar.com\/avatar\/781456f1128be5a332ab27ea8b902597?s=96&d=mm&r=g","contentUrl":"https:\/\/secure.gravatar.com\/avatar\/781456f1128be5a332ab27ea8b902597?s=96&d=mm&r=g","caption":"Invitados UTEL"},"description":"Invitados . Colaboraciones por parte de invitados de la Comunidad UTEL"}]}},"_links":{"self":[{"href":"https:\/\/utel.mx\/blog\/wp-json\/wp\/v2\/posts\/1377","targetHints":{"allow":["GET"]}}],"collection":[{"href":"https:\/\/utel.mx\/blog\/wp-json\/wp\/v2\/posts"}],"about":[{"href":"https:\/\/utel.mx\/blog\/wp-json\/wp\/v2\/types\/post"}],"author":[{"embeddable":true,"href":"https:\/\/utel.mx\/blog\/wp-json\/wp\/v2\/users\/40"}],"replies":[{"embeddable":true,"href":"https:\/\/utel.mx\/blog\/wp-json\/wp\/v2\/comments?post=1377"}],"version-history":[{"count":3,"href":"https:\/\/utel.mx\/blog\/wp-json\/wp\/v2\/posts\/1377\/revisions"}],"predecessor-version":[{"id":39775,"href":"https:\/\/utel.mx\/blog\/wp-json\/wp\/v2\/posts\/1377\/revisions\/39775"}],"wp:featuredmedia":[{"embeddable":true,"href":"https:\/\/utel.mx\/blog\/wp-json\/wp\/v2\/media\/38546"}],"wp:attachment":[{"href":"https:\/\/utel.mx\/blog\/wp-json\/wp\/v2\/media?parent=1377"}],"wp:term":[{"taxonomy":"category","embeddable":true,"href":"https:\/\/utel.mx\/blog\/wp-json\/wp\/v2\/categories?post=1377"},{"taxonomy":"post_tag","embeddable":true,"href":"https:\/\/utel.mx\/blog\/wp-json\/wp\/v2\/tags?post=1377"}],"curies":[{"name":"wp","href":"https:\/\/api.w.org\/{rel}","templated":true}]}}