{"id":13921,"date":"2014-05-28T14:50:47","date_gmt":"2014-05-28T14:50:47","guid":{"rendered":"http:\/\/utel.mx\/blog\/?p=13921"},"modified":"2023-03-10T17:03:59","modified_gmt":"2023-03-10T17:03:59","slug":"que-es-y-de-que-se-encarga-la-orientacion-educativa","status":"publish","type":"post","link":"https:\/\/utel.mx\/blog\/10-consejos-para\/que-es-y-de-que-se-encarga-la-orientacion-educativa\/","title":{"rendered":"\u00bfQu\u00e9 es y de qu\u00e9 se encarga la orientaci\u00f3n educativa?"},"content":{"rendered":"<p dir=\"ltr\" style=\"text-align: justify;\"><span style=\"color: #000000;\"><strong>La orientaci\u00f3n educativa<\/strong> es un proceso sistem\u00e1tico de asistencia a personas en proceso formativo, ya sea en el \u00e1mbito personal como profesional, cuyo objetivo es desarrollar conductas vocacionales que los auxilien en su vida adulta. Se fundamenta esencialmente en la intervenci\u00f3n continua de principios de prevenci\u00f3n, desarrollo e intervenci\u00f3n social, a trav\u00e9s de la educaci\u00f3n.<\/span><\/p>\n<p dir=\"ltr\" style=\"text-align: justify;\"><span style=\"color: #000000;\">Tomar decisiones es un aspecto que pondera la orientaci\u00f3n educativa, en este sentido hablamos de un concepto pr\u00e1ctico, ya que est\u00e1 encaminado a c\u00f3mo resolver dudas acerca del camino vocacional a seguir. Informa y comunica al alumno las alternativas que tiene dentro del panorama educativo, en este sentido el asesor en turno debe tener conocimiento general del estudiante y aplicar un <a style=\"color: #000000;\" href=\"https:\/\/vocacional.utel.edu.mx\/test_vocacional\/?next=%2Ftest_vocacional%2Fpersonalidad%2F&amp;utm_source=blog&amp;utm_medium=cta&amp;utm_campaign=MktComunicacion\"><span style=\"color: #008a5d;\">test vocacional<\/span>.<\/a><\/span><\/p>\n<p dir=\"ltr\" style=\"text-align: justify;\"><span style=\"color: #000000;\">La orientaci\u00f3n educativa es un proceso encaminado a descubrir diversos aspectos personales que pueden intervenir en el estudiante para tomar una decisi\u00f3n en pro\u00a0de su desarrollo profesional, rasgos como capacidades cognitivas, preferencias, gustos, inclinaciones, entorno donde est\u00e1 inserto; como su nombre lo indica es una \u201corientaci\u00f3n\u201d de car\u00e1cter vocacional para el futuro profesional.<\/span><\/p>\n<h2 dir=\"ltr\" style=\"text-align: justify;\"><span style=\"color: #000000;\">El papel del asesor<\/span><\/h2>\n<p dir=\"ltr\" style=\"text-align: justify;\"><span style=\"color: #000000;\">La intervenci\u00f3n del asesor intenta desvelar el potencial del estudiante, hacer hincapi\u00e9 en el hecho de que pueda desarrollar ese potencial en la b\u00fasqueda del bienestar personal y social. La idea es que, a trav\u00e9s del autodescubrimiento, el individuo asuma sus aut\u00e9nticas preferencias y \u00e1reas de oportunidad y act\u00fae en consecuencia, de tal modo que su decisi\u00f3n tenga un impacto de por vida.<\/span><\/p>\n<h3 dir=\"ltr\"><span style=\"color: #000000;\">El objetivo de la orientaci\u00f3n educativa<\/span><\/h3>\n<p dir=\"ltr\" style=\"text-align: justify;\"><span style=\"color: #000000;\">La orientaci\u00f3n educativa procura la ense\u00f1anza de las t\u00e9cnicas para el desenvolvimiento de aptitudes de comunicaci\u00f3n interpersonal con las que el estudiante pueda resolver sus problemas psicol\u00f3gicos presentes y futuros. Asimismo, intenta desarrollar habilidades para mejorar la convivencia social en un marco educativo.<\/span><\/p>\n<p dir=\"ltr\" style=\"text-align: justify;\"><span style=\"color: #000000;\">Este proceso de asesor\u00eda continua promueve ejercicios de tipo preventivo dirigidas a la implementaci\u00f3n de h\u00e1bitos de estudio, atenci\u00f3n y concentraci\u00f3n en el sesgo educativo, aprovechamiento del tiempo y desarrollo de habilidades cognitivas.<\/span><\/p>\n<p><span style=\"color: #000000;\"><strong>Adair Rodr\u00edguez \u00c1ngeles<\/strong><\/span><br \/>\n<span style=\"color: #000000;\"> <strong>UTEL Editorial<\/strong><\/span><\/p>\n<p style=\"text-align: center;\"><a href=\"http:\/\/contacto.utel.edu.mx\/online\/formd\/UTEL\/?utm_source=blog&amp;utm_medium=boton-contacto&amp;utm_campaign=que-es-y-de-que-se-encarga-la-orientacion-educativa\"><img decoding=\"async\" class=\" wp-image-13838 aligncenter\" title=\"\u00bfQu\u00e9 es y de qu\u00e9 se encarga la orientaci\u00f3n educativa? | Blog - UTEL\" src=\"http:\/\/utel.mx\/blog\/wp-content\/uploads\/2014\/05\/boton_blog.png\" alt=\"\u00bfQu\u00e9 es y de qu\u00e9 se encarga la orientaci\u00f3n educativa? | Blog - UTEL\" width=\"209\" height=\"64\" \/><\/a><\/p>\n<div id=\"advads-218685692\" class=\"advads-cta-lp-banner-form advads-entity-placement\"><a href=\"https:\/\/utel.mx\/blog\/admisiones-universidad-online\/?utm_source=blog&#038;utm_medium=CTAlink&#038;utm_campaign=MKTseo\" aria-label=\"Universidad en linea\"><img src=\"https:\/\/utel.mx\/blog\/wp-content\/uploads\/2025\/04\/universidad-en-linea-1.png\" alt=\"Universidad en linea\"  srcset=\"https:\/\/utel.mx\/blog\/wp-content\/uploads\/2025\/04\/universidad-en-linea-1.png 626w, https:\/\/utel.mx\/blog\/wp-content\/uploads\/2025\/04\/universidad-en-linea-1-420x168.png 420w\" sizes=\"(max-width: 626px) 100vw, 626px\" width=\"626\" height=\"250\"   \/><\/a><\/div>","protected":false},"excerpt":{"rendered":"<p> [&hellip;]<\/p>\n","protected":false},"author":9,"featured_media":38077,"comment_status":"closed","ping_status":"open","sticky":false,"template":"","format":"standard","meta":{"_acf_changed":false,"site-sidebar-layout":"default","site-content-layout":"","ast-site-content-layout":"","site-content-style":"default","site-sidebar-style":"default","ast-global-header-display":"","ast-banner-title-visibility":"","ast-main-header-display":"","ast-hfb-above-header-display":"","ast-hfb-below-header-display":"","ast-hfb-mobile-header-display":"","site-post-title":"","ast-breadcrumbs-content":"","ast-featured-img":"","footer-sml-layout":"","theme-transparent-header-meta":"","adv-header-id-meta":"","stick-header-meta":"","header-above-stick-meta":"","header-main-stick-meta":"","header-below-stick-meta":"","astra-migrate-meta-layouts":"default","ast-page-background-enabled":"default","ast-page-background-meta":{"desktop":{"background-color":"var(--ast-global-color-4)","background-image":"","background-repeat":"repeat","background-position":"center center","background-size":"auto","background-attachment":"scroll","background-type":"","background-media":"","overlay-type":"","overlay-color":"","overlay-gradient":""},"tablet":{"background-color":"","background-image":"","background-repeat":"repeat","background-position":"center center","background-size":"auto","background-attachment":"scroll","background-type":"","background-media":"","overlay-type":"","overlay-color":"","overlay-gradient":""},"mobile":{"background-color":"","background-image":"","background-repeat":"repeat","background-position":"center center","background-size":"auto","background-attachment":"scroll","background-type":"","background-media":"","overlay-type":"","overlay-color":"","overlay-gradient":""}},"ast-content-background-meta":{"desktop":{"background-color":"var(--ast-global-color-5)","background-image":"","background-repeat":"repeat","background-position":"center center","background-size":"auto","background-attachment":"scroll","background-type":"","background-media":"","overlay-type":"","overlay-color":"","overlay-gradient":""},"tablet":{"background-color":"var(--ast-global-color-5)","background-image":"","background-repeat":"repeat","background-position":"center center","background-size":"auto","background-attachment":"scroll","background-type":"","background-media":"","overlay-type":"","overlay-color":"","overlay-gradient":""},"mobile":{"background-color":"var(--ast-global-color-5)","background-image":"","background-repeat":"repeat","background-position":"center center","background-size":"auto","background-attachment":"scroll","background-type":"","background-media":"","overlay-type":"","overlay-color":"","overlay-gradient":""}},"footnotes":""},"categories":[32],"tags":[],"class_list":["post-13921","post","type-post","status-publish","format-standard","has-post-thumbnail","hentry","category-10-consejos-para"],"acf":[],"yoast_head":"<!-- This site is optimized with the Yoast SEO plugin v26.8 - https:\/\/yoast.com\/product\/yoast-seo-wordpress\/ -->\n<title>\u00bfQu\u00e9 es y de qu\u00e9 se encarga la orientaci\u00f3n educativa? - BLOG | Utel<\/title>\n<meta name=\"description\" content=\"La orientaci\u00f3n educativa es un proceso encaminado a descubrir aspectos que pueden ayudar a tomar una decisi\u00f3n en pro del desarrollo profesional.\" \/>\n<meta name=\"robots\" content=\"index, follow, max-snippet:-1, max-image-preview:large, max-video-preview:-1\" \/>\n<link rel=\"canonical\" href=\"https:\/\/utel.mx\/blog\/10-consejos-para\/que-es-y-de-que-se-encarga-la-orientacion-educativa\/\" \/>\n<meta property=\"og:locale\" content=\"es_ES\" \/>\n<meta property=\"og:type\" content=\"article\" \/>\n<meta property=\"og:title\" content=\"\u00bfQu\u00e9 es y de qu\u00e9 se encarga la orientaci\u00f3n educativa? - BLOG | Utel\" \/>\n<meta property=\"og:description\" content=\"La orientaci\u00f3n educativa es un proceso encaminado a descubrir aspectos que pueden ayudar a tomar una decisi\u00f3n en pro del desarrollo profesional.\" \/>\n<meta property=\"og:url\" content=\"https:\/\/utel.mx\/blog\/10-consejos-para\/que-es-y-de-que-se-encarga-la-orientacion-educativa\/\" \/>\n<meta property=\"og:site_name\" content=\"BLOG | Utel\" \/>\n<meta property=\"article:published_time\" content=\"2014-05-28T14:50:47+00:00\" \/>\n<meta property=\"article:modified_time\" content=\"2023-03-10T17:03:59+00:00\" \/>\n<meta property=\"og:image\" content=\"https:\/\/utel.mx\/blog\/wp-content\/uploads\/2014\/05\/Qu\u00e9-es-y-de-qu\u00e9-se-encarga-la-Orientaci\u00f3n-Educativa.png\" \/>\n\t<meta property=\"og:image:width\" content=\"600\" \/>\n\t<meta property=\"og:image:height\" content=\"300\" \/>\n\t<meta property=\"og:image:type\" content=\"image\/png\" \/>\n<meta name=\"author\" content=\"Hayde\u00e9 (Editor)\" \/>\n<meta name=\"twitter:label1\" content=\"Written by\" \/>\n\t<meta name=\"twitter:data1\" content=\"Hayde\u00e9 (Editor)\" \/>\n\t<meta name=\"twitter:label2\" content=\"Est. reading time\" \/>\n\t<meta name=\"twitter:data2\" content=\"2 minutos\" \/>\n<script type=\"application\/ld+json\" class=\"yoast-schema-graph\">{\"@context\":\"https:\/\/schema.org\",\"@graph\":[{\"@type\":\"Article\",\"@id\":\"https:\/\/utel.mx\/blog\/10-consejos-para\/que-es-y-de-que-se-encarga-la-orientacion-educativa\/#article\",\"isPartOf\":{\"@id\":\"https:\/\/utel.mx\/blog\/10-consejos-para\/que-es-y-de-que-se-encarga-la-orientacion-educativa\/\"},\"author\":{\"name\":\"Hayde\u00e9 (Editor)\",\"@id\":\"https:\/\/utel.mx\/blog\/#\/schema\/person\/9a4c3940beef2724facfef4f2ccec7da\"},\"headline\":\"\u00bfQu\u00e9 es y de qu\u00e9 se encarga la orientaci\u00f3n educativa?\",\"datePublished\":\"2014-05-28T14:50:47+00:00\",\"dateModified\":\"2023-03-10T17:03:59+00:00\",\"mainEntityOfPage\":{\"@id\":\"https:\/\/utel.mx\/blog\/10-consejos-para\/que-es-y-de-que-se-encarga-la-orientacion-educativa\/\"},\"wordCount\":369,\"publisher\":{\"@id\":\"https:\/\/utel.mx\/blog\/#organization\"},\"image\":{\"@id\":\"https:\/\/utel.mx\/blog\/10-consejos-para\/que-es-y-de-que-se-encarga-la-orientacion-educativa\/#primaryimage\"},\"thumbnailUrl\":\"https:\/\/utel.mx\/blog\/wp-content\/uploads\/2014\/05\/Qu\u00e9-es-y-de-qu\u00e9-se-encarga-la-Orientaci\u00f3n-Educativa.png\",\"articleSection\":[\"Tips\"],\"inLanguage\":\"es\"},{\"@type\":\"WebPage\",\"@id\":\"https:\/\/utel.mx\/blog\/10-consejos-para\/que-es-y-de-que-se-encarga-la-orientacion-educativa\/\",\"url\":\"https:\/\/utel.mx\/blog\/10-consejos-para\/que-es-y-de-que-se-encarga-la-orientacion-educativa\/\",\"name\":\"\u00bfQu\u00e9 es y de qu\u00e9 se encarga la orientaci\u00f3n educativa? - BLOG | Utel\",\"isPartOf\":{\"@id\":\"https:\/\/utel.mx\/blog\/#website\"},\"primaryImageOfPage\":{\"@id\":\"https:\/\/utel.mx\/blog\/10-consejos-para\/que-es-y-de-que-se-encarga-la-orientacion-educativa\/#primaryimage\"},\"image\":{\"@id\":\"https:\/\/utel.mx\/blog\/10-consejos-para\/que-es-y-de-que-se-encarga-la-orientacion-educativa\/#primaryimage\"},\"thumbnailUrl\":\"https:\/\/utel.mx\/blog\/wp-content\/uploads\/2014\/05\/Qu\u00e9-es-y-de-qu\u00e9-se-encarga-la-Orientaci\u00f3n-Educativa.png\",\"datePublished\":\"2014-05-28T14:50:47+00:00\",\"dateModified\":\"2023-03-10T17:03:59+00:00\",\"description\":\"La orientaci\u00f3n educativa es un proceso encaminado a descubrir aspectos que pueden ayudar a tomar una decisi\u00f3n en pro del desarrollo profesional.\",\"breadcrumb\":{\"@id\":\"https:\/\/utel.mx\/blog\/10-consejos-para\/que-es-y-de-que-se-encarga-la-orientacion-educativa\/#breadcrumb\"},\"inLanguage\":\"es\",\"potentialAction\":[{\"@type\":\"ReadAction\",\"target\":[\"https:\/\/utel.mx\/blog\/10-consejos-para\/que-es-y-de-que-se-encarga-la-orientacion-educativa\/\"]}]},{\"@type\":\"ImageObject\",\"inLanguage\":\"es\",\"@id\":\"https:\/\/utel.mx\/blog\/10-consejos-para\/que-es-y-de-que-se-encarga-la-orientacion-educativa\/#primaryimage\",\"url\":\"https:\/\/utel.mx\/blog\/wp-content\/uploads\/2014\/05\/Qu\u00e9-es-y-de-qu\u00e9-se-encarga-la-Orientaci\u00f3n-Educativa.png\",\"contentUrl\":\"https:\/\/utel.mx\/blog\/wp-content\/uploads\/2014\/05\/Qu\u00e9-es-y-de-qu\u00e9-se-encarga-la-Orientaci\u00f3n-Educativa.png\",\"width\":600,\"height\":300,\"caption\":\"\u00bfQu\u00e9 es y de qu\u00e9 se encarga la orientaci\u00f3n educativa?\"},{\"@type\":\"BreadcrumbList\",\"@id\":\"https:\/\/utel.mx\/blog\/10-consejos-para\/que-es-y-de-que-se-encarga-la-orientacion-educativa\/#breadcrumb\",\"itemListElement\":[{\"@type\":\"ListItem\",\"position\":1,\"name\":\"Home\",\"item\":\"https:\/\/utel.mx\/blog\/\"},{\"@type\":\"ListItem\",\"position\":2,\"name\":\"\u00bfQu\u00e9 es y de qu\u00e9 se encarga la orientaci\u00f3n educativa?\"}]},{\"@type\":\"WebSite\",\"@id\":\"https:\/\/utel.mx\/blog\/#website\",\"url\":\"https:\/\/utel.mx\/blog\/\",\"name\":\"BLOG | Utel\",\"description\":\"Blog UTEL Universidad en L\u00ednea\",\"publisher\":{\"@id\":\"https:\/\/utel.mx\/blog\/#organization\"},\"potentialAction\":[{\"@type\":\"SearchAction\",\"target\":{\"@type\":\"EntryPoint\",\"urlTemplate\":\"https:\/\/utel.mx\/blog\/?s={search_term_string}\"},\"query-input\":{\"@type\":\"PropertyValueSpecification\",\"valueRequired\":true,\"valueName\":\"search_term_string\"}}],\"inLanguage\":\"es\"},{\"@type\":\"Organization\",\"@id\":\"https:\/\/utel.mx\/blog\/#organization\",\"name\":\"BLOG | Utel\",\"url\":\"https:\/\/utel.mx\/blog\/\",\"logo\":{\"@type\":\"ImageObject\",\"inLanguage\":\"es\",\"@id\":\"https:\/\/utel.mx\/blog\/#\/schema\/logo\/image\/\",\"url\":\"https:\/\/utel.mx\/blog\/wp-content\/uploads\/2023\/03\/cropped-logo-blog.png\",\"contentUrl\":\"https:\/\/utel.mx\/blog\/wp-content\/uploads\/2023\/03\/cropped-logo-blog.png\",\"width\":237,\"height\":64,\"caption\":\"BLOG | Utel\"},\"image\":{\"@id\":\"https:\/\/utel.mx\/blog\/#\/schema\/logo\/image\/\"}},{\"@type\":\"Person\",\"@id\":\"https:\/\/utel.mx\/blog\/#\/schema\/person\/9a4c3940beef2724facfef4f2ccec7da\",\"name\":\"Hayde\u00e9 (Editor)\",\"image\":{\"@type\":\"ImageObject\",\"inLanguage\":\"es\",\"@id\":\"https:\/\/utel.mx\/blog\/#\/schema\/person\/image\/\",\"url\":\"https:\/\/secure.gravatar.com\/avatar\/ba63bb7f074f0dfa874cba0ef5d985a5?s=96&d=mm&r=g\",\"contentUrl\":\"https:\/\/secure.gravatar.com\/avatar\/ba63bb7f074f0dfa874cba0ef5d985a5?s=96&d=mm&r=g\",\"caption\":\"Hayde\u00e9 (Editor)\"},\"description\":\"Licenciada en Ciencias de la Comunicaci\u00f3n\"}]}<\/script>\n<!-- \/ Yoast SEO plugin. -->","yoast_head_json":{"title":"\u00bfQu\u00e9 es y de qu\u00e9 se encarga la orientaci\u00f3n educativa? - BLOG | Utel","description":"La orientaci\u00f3n educativa es un proceso encaminado a descubrir aspectos que pueden ayudar a tomar una decisi\u00f3n en pro del desarrollo profesional.","robots":{"index":"index","follow":"follow","max-snippet":"max-snippet:-1","max-image-preview":"max-image-preview:large","max-video-preview":"max-video-preview:-1"},"canonical":"https:\/\/utel.mx\/blog\/10-consejos-para\/que-es-y-de-que-se-encarga-la-orientacion-educativa\/","og_locale":"es_ES","og_type":"article","og_title":"\u00bfQu\u00e9 es y de qu\u00e9 se encarga la orientaci\u00f3n educativa? - BLOG | Utel","og_description":"La orientaci\u00f3n educativa es un proceso encaminado a descubrir aspectos que pueden ayudar a tomar una decisi\u00f3n en pro del desarrollo profesional.","og_url":"https:\/\/utel.mx\/blog\/10-consejos-para\/que-es-y-de-que-se-encarga-la-orientacion-educativa\/","og_site_name":"BLOG | Utel","article_published_time":"2014-05-28T14:50:47+00:00","article_modified_time":"2023-03-10T17:03:59+00:00","og_image":[{"width":600,"height":300,"url":"https:\/\/utel.mx\/blog\/wp-content\/uploads\/2014\/05\/Qu\u00e9-es-y-de-qu\u00e9-se-encarga-la-Orientaci\u00f3n-Educativa.png","type":"image\/png"}],"author":"Hayde\u00e9 (Editor)","twitter_misc":{"Written by":"Hayde\u00e9 (Editor)","Est. reading time":"2 minutos"},"schema":{"@context":"https:\/\/schema.org","@graph":[{"@type":"Article","@id":"https:\/\/utel.mx\/blog\/10-consejos-para\/que-es-y-de-que-se-encarga-la-orientacion-educativa\/#article","isPartOf":{"@id":"https:\/\/utel.mx\/blog\/10-consejos-para\/que-es-y-de-que-se-encarga-la-orientacion-educativa\/"},"author":{"name":"Hayde\u00e9 (Editor)","@id":"https:\/\/utel.mx\/blog\/#\/schema\/person\/9a4c3940beef2724facfef4f2ccec7da"},"headline":"\u00bfQu\u00e9 es y de qu\u00e9 se encarga la orientaci\u00f3n educativa?","datePublished":"2014-05-28T14:50:47+00:00","dateModified":"2023-03-10T17:03:59+00:00","mainEntityOfPage":{"@id":"https:\/\/utel.mx\/blog\/10-consejos-para\/que-es-y-de-que-se-encarga-la-orientacion-educativa\/"},"wordCount":369,"publisher":{"@id":"https:\/\/utel.mx\/blog\/#organization"},"image":{"@id":"https:\/\/utel.mx\/blog\/10-consejos-para\/que-es-y-de-que-se-encarga-la-orientacion-educativa\/#primaryimage"},"thumbnailUrl":"https:\/\/utel.mx\/blog\/wp-content\/uploads\/2014\/05\/Qu\u00e9-es-y-de-qu\u00e9-se-encarga-la-Orientaci\u00f3n-Educativa.png","articleSection":["Tips"],"inLanguage":"es"},{"@type":"WebPage","@id":"https:\/\/utel.mx\/blog\/10-consejos-para\/que-es-y-de-que-se-encarga-la-orientacion-educativa\/","url":"https:\/\/utel.mx\/blog\/10-consejos-para\/que-es-y-de-que-se-encarga-la-orientacion-educativa\/","name":"\u00bfQu\u00e9 es y de qu\u00e9 se encarga la orientaci\u00f3n educativa? - BLOG | Utel","isPartOf":{"@id":"https:\/\/utel.mx\/blog\/#website"},"primaryImageOfPage":{"@id":"https:\/\/utel.mx\/blog\/10-consejos-para\/que-es-y-de-que-se-encarga-la-orientacion-educativa\/#primaryimage"},"image":{"@id":"https:\/\/utel.mx\/blog\/10-consejos-para\/que-es-y-de-que-se-encarga-la-orientacion-educativa\/#primaryimage"},"thumbnailUrl":"https:\/\/utel.mx\/blog\/wp-content\/uploads\/2014\/05\/Qu\u00e9-es-y-de-qu\u00e9-se-encarga-la-Orientaci\u00f3n-Educativa.png","datePublished":"2014-05-28T14:50:47+00:00","dateModified":"2023-03-10T17:03:59+00:00","description":"La orientaci\u00f3n educativa es un proceso encaminado a descubrir aspectos que pueden ayudar a tomar una decisi\u00f3n en pro del desarrollo profesional.","breadcrumb":{"@id":"https:\/\/utel.mx\/blog\/10-consejos-para\/que-es-y-de-que-se-encarga-la-orientacion-educativa\/#breadcrumb"},"inLanguage":"es","potentialAction":[{"@type":"ReadAction","target":["https:\/\/utel.mx\/blog\/10-consejos-para\/que-es-y-de-que-se-encarga-la-orientacion-educativa\/"]}]},{"@type":"ImageObject","inLanguage":"es","@id":"https:\/\/utel.mx\/blog\/10-consejos-para\/que-es-y-de-que-se-encarga-la-orientacion-educativa\/#primaryimage","url":"https:\/\/utel.mx\/blog\/wp-content\/uploads\/2014\/05\/Qu\u00e9-es-y-de-qu\u00e9-se-encarga-la-Orientaci\u00f3n-Educativa.png","contentUrl":"https:\/\/utel.mx\/blog\/wp-content\/uploads\/2014\/05\/Qu\u00e9-es-y-de-qu\u00e9-se-encarga-la-Orientaci\u00f3n-Educativa.png","width":600,"height":300,"caption":"\u00bfQu\u00e9 es y de qu\u00e9 se encarga la orientaci\u00f3n educativa?"},{"@type":"BreadcrumbList","@id":"https:\/\/utel.mx\/blog\/10-consejos-para\/que-es-y-de-que-se-encarga-la-orientacion-educativa\/#breadcrumb","itemListElement":[{"@type":"ListItem","position":1,"name":"Home","item":"https:\/\/utel.mx\/blog\/"},{"@type":"ListItem","position":2,"name":"\u00bfQu\u00e9 es y de qu\u00e9 se encarga la orientaci\u00f3n educativa?"}]},{"@type":"WebSite","@id":"https:\/\/utel.mx\/blog\/#website","url":"https:\/\/utel.mx\/blog\/","name":"BLOG | Utel","description":"Blog UTEL Universidad en L\u00ednea","publisher":{"@id":"https:\/\/utel.mx\/blog\/#organization"},"potentialAction":[{"@type":"SearchAction","target":{"@type":"EntryPoint","urlTemplate":"https:\/\/utel.mx\/blog\/?s={search_term_string}"},"query-input":{"@type":"PropertyValueSpecification","valueRequired":true,"valueName":"search_term_string"}}],"inLanguage":"es"},{"@type":"Organization","@id":"https:\/\/utel.mx\/blog\/#organization","name":"BLOG | Utel","url":"https:\/\/utel.mx\/blog\/","logo":{"@type":"ImageObject","inLanguage":"es","@id":"https:\/\/utel.mx\/blog\/#\/schema\/logo\/image\/","url":"https:\/\/utel.mx\/blog\/wp-content\/uploads\/2023\/03\/cropped-logo-blog.png","contentUrl":"https:\/\/utel.mx\/blog\/wp-content\/uploads\/2023\/03\/cropped-logo-blog.png","width":237,"height":64,"caption":"BLOG | Utel"},"image":{"@id":"https:\/\/utel.mx\/blog\/#\/schema\/logo\/image\/"}},{"@type":"Person","@id":"https:\/\/utel.mx\/blog\/#\/schema\/person\/9a4c3940beef2724facfef4f2ccec7da","name":"Hayde\u00e9 (Editor)","image":{"@type":"ImageObject","inLanguage":"es","@id":"https:\/\/utel.mx\/blog\/#\/schema\/person\/image\/","url":"https:\/\/secure.gravatar.com\/avatar\/ba63bb7f074f0dfa874cba0ef5d985a5?s=96&d=mm&r=g","contentUrl":"https:\/\/secure.gravatar.com\/avatar\/ba63bb7f074f0dfa874cba0ef5d985a5?s=96&d=mm&r=g","caption":"Hayde\u00e9 (Editor)"},"description":"Licenciada en Ciencias de la Comunicaci\u00f3n"}]}},"_links":{"self":[{"href":"https:\/\/utel.mx\/blog\/wp-json\/wp\/v2\/posts\/13921","targetHints":{"allow":["GET"]}}],"collection":[{"href":"https:\/\/utel.mx\/blog\/wp-json\/wp\/v2\/posts"}],"about":[{"href":"https:\/\/utel.mx\/blog\/wp-json\/wp\/v2\/types\/post"}],"author":[{"embeddable":true,"href":"https:\/\/utel.mx\/blog\/wp-json\/wp\/v2\/users\/9"}],"replies":[{"embeddable":true,"href":"https:\/\/utel.mx\/blog\/wp-json\/wp\/v2\/comments?post=13921"}],"version-history":[{"count":1,"href":"https:\/\/utel.mx\/blog\/wp-json\/wp\/v2\/posts\/13921\/revisions"}],"predecessor-version":[{"id":40457,"href":"https:\/\/utel.mx\/blog\/wp-json\/wp\/v2\/posts\/13921\/revisions\/40457"}],"wp:featuredmedia":[{"embeddable":true,"href":"https:\/\/utel.mx\/blog\/wp-json\/wp\/v2\/media\/38077"}],"wp:attachment":[{"href":"https:\/\/utel.mx\/blog\/wp-json\/wp\/v2\/media?parent=13921"}],"wp:term":[{"taxonomy":"category","embeddable":true,"href":"https:\/\/utel.mx\/blog\/wp-json\/wp\/v2\/categories?post=13921"},{"taxonomy":"post_tag","embeddable":true,"href":"https:\/\/utel.mx\/blog\/wp-json\/wp\/v2\/tags?post=13921"}],"curies":[{"name":"wp","href":"https:\/\/api.w.org\/{rel}","templated":true}]}}