{"id":15097,"date":"2014-08-11T03:42:50","date_gmt":"2014-08-11T03:42:50","guid":{"rendered":"http:\/\/utel.mx\/blog\/?p=15097"},"modified":"2023-03-10T17:03:33","modified_gmt":"2023-03-10T17:03:33","slug":"desercion-laboral-que-factores-la-originan","status":"publish","type":"post","link":"https:\/\/utel.mx\/blog\/rol-personal\/desercion-laboral-que-factores-la-originan\/","title":{"rendered":"Deserci\u00f3n laboral \u00bfQu\u00e9 factores la originan?"},"content":{"rendered":"<p style=\"text-align: justify;\"><span style=\"color: #000000;\"><em>Ranstad Workmonitor,<\/em> un estudio realizado en junio del 2014, describe que 9 de cada diez empleados cambiar\u00eda de trabajo inmediatamente por diversas razones, convirtiendo a M\u00e9xico en el pa\u00eds con m\u00e1s deserci\u00f3n laboral de Am\u00e9rica Latina.<\/span><\/p>\n<p style=\"text-align: justify;\"><span style=\"color: #000000;\">La rotaci\u00f3n de personal es necesaria hasta cierto nivel para ir mejorando la productividad de la organizaci\u00f3n al ir buscando debilidades y promover cambios. Sin embargo, en M\u00e9xico se da un movimiento de personal exagerado; algunas razones de este son mejores ofertas econ\u00f3micas por parte de otras empresas, o falta de oportunidades de desarrollo profesional y un estancamiento.<\/span><\/p>\n<h2><span style=\"color: #000000;\">Las causas de la deserci\u00f3n laboral<\/span><\/h2>\n<p style=\"text-align: justify;\"><span style=\"color: #000000;\">En \u201c<em>The 7 Hidden Reasons Employees Leave<\/em>\u201d el especialista Leigh Branham declara que existen problemas internos en las organizaciones que obligan a los empleados a buscar m\u00e1s movilidad laboral, desencadenando altos grados de deserci\u00f3n laboral, &nbsp;y estas son algunas de las causas:<\/span><\/p>\n<p style=\"text-align: justify;\"><span style=\"color: #000000;\"><strong>El empleado se crea expectativas del trabajo<\/strong>. Las expectativas que uno se crea pueden ser destruidas f\u00e1cilmente, por eso es importante analizar a fondo lo que el trabajo ofrece. El 4% deja su empleo el primer d\u00eda, el 50% los primeros meses y el 40% no dura m\u00e1s de a\u00f1o y medio, seg\u00fan datos arrojados por OCCMundial.<\/span><\/p>\n<p style=\"text-align: justify;\"><span style=\"color: #000000;\"><strong>La persona no coincide con el puesto<\/strong>. De acuerdo con OCCMundial, el 96% de los profesionistas de M\u00e9xico tiene nuevas ideas y s\u00f3lo la mitad las lleva acabo. Muchos empleados sienten un estancamiento en sus actividades laborales.<\/span><\/p>\n<p style=\"text-align: justify;\"><span style=\"color: #000000;\"><strong>Poco seguimiento al empleado<\/strong>. En algunas ocasiones las empresas fallan en otorgar retroalimentaci\u00f3n a los empleados al momento de realizar su trabajo, ocasionando que haya poca asesor\u00eda informal y estancamiento.<\/span><\/p>\n<p style=\"text-align: justify;\"><span style=\"color: #000000;\"><strong>Pocas oportunidades de crecimiento<\/strong>. La movilidad de personal otorga retroalimentaci\u00f3n y renovaci\u00f3n, sin embargo su exceso se debe a las pocas oportunidades de crecimiento profesional que otorgan las empresas.<\/span><\/p>\n<p style=\"text-align: justify;\"><span style=\"color: #000000;\"><strong>Desconfianza en altos mandos<\/strong>. En algunas ocasiones los altos mando no siguen las m\u00e1ximas de la cultura empresarial tal como \u00ab<strong>la gente es nuestro activo m\u00e1s importante\u00bb<\/strong><em>, <\/em>provocando la desconfianza progresiva del resto del personal.<\/span><\/p>\n<p style=\"text-align: justify;\"><span style=\"color: #000000;\">Aunque estas cuatro causas corresponden a la organizaci\u00f3n interna de una empresa, la movilizaci\u00f3n del personal se debe b\u00e1sicamente a dos razones primordiales, falta de oportunidad laboral y poco ofrecimiento salarial.<\/span><\/p>\n<p style=\"text-align: justify;\"><span style=\"color: #000000;\"><strong>Ernesto Uranga <\/strong><\/span><\/p>\n<p style=\"text-align: justify;\"><span style=\"color: #000000;\"><strong>UTEL Editorial<\/strong><\/span><\/p>\n<p style=\"text-align: justify;\"><a href=\"http:\/\/contacto.utel.edu.mx\/online\/formd\/UTEL\/?utm_source=blog&amp;utm_medium=boton-contacto&amp;utm_campaign=desercion-laboral-que-factores-la-originan\"><img decoding=\"async\" class=\"aligncenter wp-image-13838\" src=\"http:\/\/utel.mx\/blog\/wp-content\/uploads\/2014\/05\/boton_blog.png\" alt=\"boton contacto| Blog \u2013 UTEL\" width=\"199\" height=\"61\"><\/a><\/p>\n<div id=\"advads-3849972061\" class=\"advads-cta-lp-banner-form advads-entity-placement\"><a href=\"https:\/\/utel.mx\/blog\/admisiones-universidad-online\/?utm_source=blog&#038;utm_medium=CTAlink&#038;utm_campaign=MKTseo\" aria-label=\"Universidad en linea\"><img src=\"https:\/\/utel.mx\/blog\/wp-content\/uploads\/2025\/04\/universidad-en-linea-1.png\" alt=\"Universidad en linea\"  srcset=\"https:\/\/utel.mx\/blog\/wp-content\/uploads\/2025\/04\/universidad-en-linea-1.png 626w, https:\/\/utel.mx\/blog\/wp-content\/uploads\/2025\/04\/universidad-en-linea-1-420x168.png 420w\" sizes=\"(max-width: 626px) 100vw, 626px\" width=\"626\" height=\"250\"   \/><\/a><\/div>","protected":false},"excerpt":{"rendered":"<p> [&hellip;]<\/p>\n","protected":false},"author":40,"featured_media":40787,"comment_status":"closed","ping_status":"open","sticky":false,"template":"","format":"standard","meta":{"_acf_changed":false,"site-sidebar-layout":"default","site-content-layout":"","ast-site-content-layout":"","site-content-style":"default","site-sidebar-style":"default","ast-global-header-display":"","ast-banner-title-visibility":"","ast-main-header-display":"","ast-hfb-above-header-display":"","ast-hfb-below-header-display":"","ast-hfb-mobile-header-display":"","site-post-title":"","ast-breadcrumbs-content":"","ast-featured-img":"","footer-sml-layout":"","theme-transparent-header-meta":"","adv-header-id-meta":"","stick-header-meta":"","header-above-stick-meta":"","header-main-stick-meta":"","header-below-stick-meta":"","astra-migrate-meta-layouts":"default","ast-page-background-enabled":"default","ast-page-background-meta":{"desktop":{"background-color":"var(--ast-global-color-4)","background-image":"","background-repeat":"repeat","background-position":"center center","background-size":"auto","background-attachment":"scroll","background-type":"","background-media":"","overlay-type":"","overlay-color":"","overlay-gradient":""},"tablet":{"background-color":"","background-image":"","background-repeat":"repeat","background-position":"center center","background-size":"auto","background-attachment":"scroll","background-type":"","background-media":"","overlay-type":"","overlay-color":"","overlay-gradient":""},"mobile":{"background-color":"","background-image":"","background-repeat":"repeat","background-position":"center center","background-size":"auto","background-attachment":"scroll","background-type":"","background-media":"","overlay-type":"","overlay-color":"","overlay-gradient":""}},"ast-content-background-meta":{"desktop":{"background-color":"var(--ast-global-color-5)","background-image":"","background-repeat":"repeat","background-position":"center center","background-size":"auto","background-attachment":"scroll","background-type":"","background-media":"","overlay-type":"","overlay-color":"","overlay-gradient":""},"tablet":{"background-color":"var(--ast-global-color-5)","background-image":"","background-repeat":"repeat","background-position":"center center","background-size":"auto","background-attachment":"scroll","background-type":"","background-media":"","overlay-type":"","overlay-color":"","overlay-gradient":""},"mobile":{"background-color":"var(--ast-global-color-5)","background-image":"","background-repeat":"repeat","background-position":"center center","background-size":"auto","background-attachment":"scroll","background-type":"","background-media":"","overlay-type":"","overlay-color":"","overlay-gradient":""}},"footnotes":""},"categories":[33],"tags":[],"class_list":["post-15097","post","type-post","status-publish","format-standard","has-post-thumbnail","hentry","category-rol-personal"],"acf":[],"yoast_head":"<!-- This site is optimized with the Yoast SEO plugin v26.8 - https:\/\/yoast.com\/product\/yoast-seo-wordpress\/ -->\n<title>Deserci\u00f3n laboral \u00bfQu\u00e9 factores la originan? - BLOG | Utel<\/title>\n<meta name=\"description\" content=\"M\u00e9xico es uno de los pa\u00edses con m\u00e1s rotaci\u00f3n de personal en Am\u00e9rica Latina, conoce cu\u00e1les son algunas causas de la deserci\u00f3n laboral en nuestro pa\u00eds.\" \/>\n<meta name=\"robots\" content=\"index, follow, max-snippet:-1, max-image-preview:large, max-video-preview:-1\" \/>\n<link rel=\"canonical\" href=\"https:\/\/utel.mx\/blog\/rol-personal\/desercion-laboral-que-factores-la-originan\/\" \/>\n<meta property=\"og:locale\" content=\"es_ES\" \/>\n<meta property=\"og:type\" content=\"article\" \/>\n<meta property=\"og:title\" content=\"Deserci\u00f3n laboral \u00bfQu\u00e9 factores la originan? - BLOG | Utel\" \/>\n<meta property=\"og:description\" content=\"M\u00e9xico es uno de los pa\u00edses con m\u00e1s rotaci\u00f3n de personal en Am\u00e9rica Latina, conoce cu\u00e1les son algunas causas de la deserci\u00f3n laboral en nuestro pa\u00eds.\" \/>\n<meta property=\"og:url\" content=\"https:\/\/utel.mx\/blog\/rol-personal\/desercion-laboral-que-factores-la-originan\/\" \/>\n<meta property=\"og:site_name\" content=\"BLOG | Utel\" \/>\n<meta property=\"article:published_time\" content=\"2014-08-11T03:42:50+00:00\" \/>\n<meta property=\"article:modified_time\" content=\"2023-03-10T17:03:33+00:00\" \/>\n<meta property=\"og:image\" content=\"https:\/\/utel.mx\/blog\/wp-content\/uploads\/2014\/08\/Desercion-laboral-Que-factores-la-originan.png\" \/>\n\t<meta property=\"og:image:width\" content=\"600\" \/>\n\t<meta property=\"og:image:height\" content=\"300\" \/>\n\t<meta property=\"og:image:type\" content=\"image\/png\" \/>\n<meta name=\"author\" content=\"Invitados UTEL\" \/>\n<meta name=\"twitter:label1\" content=\"Written by\" \/>\n\t<meta name=\"twitter:data1\" content=\"Invitados UTEL\" \/>\n\t<meta name=\"twitter:label2\" content=\"Est. reading time\" \/>\n\t<meta name=\"twitter:data2\" content=\"2 minutos\" \/>\n<script type=\"application\/ld+json\" class=\"yoast-schema-graph\">{\"@context\":\"https:\/\/schema.org\",\"@graph\":[{\"@type\":\"Article\",\"@id\":\"https:\/\/utel.mx\/blog\/rol-personal\/desercion-laboral-que-factores-la-originan\/#article\",\"isPartOf\":{\"@id\":\"https:\/\/utel.mx\/blog\/rol-personal\/desercion-laboral-que-factores-la-originan\/\"},\"author\":{\"name\":\"Invitados UTEL\",\"@id\":\"https:\/\/utel.mx\/blog\/#\/schema\/person\/e5b3d8d918f13bd0b0f4724daa90dd95\"},\"headline\":\"Deserci\u00f3n laboral \u00bfQu\u00e9 factores la originan?\",\"datePublished\":\"2014-08-11T03:42:50+00:00\",\"dateModified\":\"2023-03-10T17:03:33+00:00\",\"mainEntityOfPage\":{\"@id\":\"https:\/\/utel.mx\/blog\/rol-personal\/desercion-laboral-que-factores-la-originan\/\"},\"wordCount\":395,\"publisher\":{\"@id\":\"https:\/\/utel.mx\/blog\/#organization\"},\"image\":{\"@id\":\"https:\/\/utel.mx\/blog\/rol-personal\/desercion-laboral-que-factores-la-originan\/#primaryimage\"},\"thumbnailUrl\":\"https:\/\/utel.mx\/blog\/wp-content\/uploads\/2014\/08\/Desercion-laboral-Que-factores-la-originan.png\",\"articleSection\":[\"Rol personal\"],\"inLanguage\":\"es\"},{\"@type\":\"WebPage\",\"@id\":\"https:\/\/utel.mx\/blog\/rol-personal\/desercion-laboral-que-factores-la-originan\/\",\"url\":\"https:\/\/utel.mx\/blog\/rol-personal\/desercion-laboral-que-factores-la-originan\/\",\"name\":\"Deserci\u00f3n laboral \u00bfQu\u00e9 factores la originan? - BLOG | Utel\",\"isPartOf\":{\"@id\":\"https:\/\/utel.mx\/blog\/#website\"},\"primaryImageOfPage\":{\"@id\":\"https:\/\/utel.mx\/blog\/rol-personal\/desercion-laboral-que-factores-la-originan\/#primaryimage\"},\"image\":{\"@id\":\"https:\/\/utel.mx\/blog\/rol-personal\/desercion-laboral-que-factores-la-originan\/#primaryimage\"},\"thumbnailUrl\":\"https:\/\/utel.mx\/blog\/wp-content\/uploads\/2014\/08\/Desercion-laboral-Que-factores-la-originan.png\",\"datePublished\":\"2014-08-11T03:42:50+00:00\",\"dateModified\":\"2023-03-10T17:03:33+00:00\",\"description\":\"M\u00e9xico es uno de los pa\u00edses con m\u00e1s rotaci\u00f3n de personal en Am\u00e9rica Latina, conoce cu\u00e1les son algunas causas de la deserci\u00f3n laboral en nuestro pa\u00eds.\",\"breadcrumb\":{\"@id\":\"https:\/\/utel.mx\/blog\/rol-personal\/desercion-laboral-que-factores-la-originan\/#breadcrumb\"},\"inLanguage\":\"es\",\"potentialAction\":[{\"@type\":\"ReadAction\",\"target\":[\"https:\/\/utel.mx\/blog\/rol-personal\/desercion-laboral-que-factores-la-originan\/\"]}]},{\"@type\":\"ImageObject\",\"inLanguage\":\"es\",\"@id\":\"https:\/\/utel.mx\/blog\/rol-personal\/desercion-laboral-que-factores-la-originan\/#primaryimage\",\"url\":\"https:\/\/utel.mx\/blog\/wp-content\/uploads\/2014\/08\/Desercion-laboral-Que-factores-la-originan.png\",\"contentUrl\":\"https:\/\/utel.mx\/blog\/wp-content\/uploads\/2014\/08\/Desercion-laboral-Que-factores-la-originan.png\",\"width\":600,\"height\":300,\"caption\":\"Deserci\u00f3n laboral Qu\u00e9 factores la originan\"},{\"@type\":\"BreadcrumbList\",\"@id\":\"https:\/\/utel.mx\/blog\/rol-personal\/desercion-laboral-que-factores-la-originan\/#breadcrumb\",\"itemListElement\":[{\"@type\":\"ListItem\",\"position\":1,\"name\":\"Home\",\"item\":\"https:\/\/utel.mx\/blog\/\"},{\"@type\":\"ListItem\",\"position\":2,\"name\":\"Deserci\u00f3n laboral \u00bfQu\u00e9 factores la originan?\"}]},{\"@type\":\"WebSite\",\"@id\":\"https:\/\/utel.mx\/blog\/#website\",\"url\":\"https:\/\/utel.mx\/blog\/\",\"name\":\"BLOG | Utel\",\"description\":\"Blog UTEL Universidad en L\u00ednea\",\"publisher\":{\"@id\":\"https:\/\/utel.mx\/blog\/#organization\"},\"potentialAction\":[{\"@type\":\"SearchAction\",\"target\":{\"@type\":\"EntryPoint\",\"urlTemplate\":\"https:\/\/utel.mx\/blog\/?s={search_term_string}\"},\"query-input\":{\"@type\":\"PropertyValueSpecification\",\"valueRequired\":true,\"valueName\":\"search_term_string\"}}],\"inLanguage\":\"es\"},{\"@type\":\"Organization\",\"@id\":\"https:\/\/utel.mx\/blog\/#organization\",\"name\":\"BLOG | Utel\",\"url\":\"https:\/\/utel.mx\/blog\/\",\"logo\":{\"@type\":\"ImageObject\",\"inLanguage\":\"es\",\"@id\":\"https:\/\/utel.mx\/blog\/#\/schema\/logo\/image\/\",\"url\":\"https:\/\/utel.mx\/blog\/wp-content\/uploads\/2023\/03\/cropped-logo-blog.png\",\"contentUrl\":\"https:\/\/utel.mx\/blog\/wp-content\/uploads\/2023\/03\/cropped-logo-blog.png\",\"width\":237,\"height\":64,\"caption\":\"BLOG | Utel\"},\"image\":{\"@id\":\"https:\/\/utel.mx\/blog\/#\/schema\/logo\/image\/\"}},{\"@type\":\"Person\",\"@id\":\"https:\/\/utel.mx\/blog\/#\/schema\/person\/e5b3d8d918f13bd0b0f4724daa90dd95\",\"name\":\"Invitados UTEL\",\"image\":{\"@type\":\"ImageObject\",\"inLanguage\":\"es\",\"@id\":\"https:\/\/utel.mx\/blog\/#\/schema\/person\/image\/\",\"url\":\"https:\/\/secure.gravatar.com\/avatar\/781456f1128be5a332ab27ea8b902597?s=96&d=mm&r=g\",\"contentUrl\":\"https:\/\/secure.gravatar.com\/avatar\/781456f1128be5a332ab27ea8b902597?s=96&d=mm&r=g\",\"caption\":\"Invitados UTEL\"},\"description\":\"Invitados . Colaboraciones por parte de invitados de la Comunidad UTEL\"}]}<\/script>\n<!-- \/ Yoast SEO plugin. -->","yoast_head_json":{"title":"Deserci\u00f3n laboral \u00bfQu\u00e9 factores la originan? - BLOG | Utel","description":"M\u00e9xico es uno de los pa\u00edses con m\u00e1s rotaci\u00f3n de personal en Am\u00e9rica Latina, conoce cu\u00e1les son algunas causas de la deserci\u00f3n laboral en nuestro pa\u00eds.","robots":{"index":"index","follow":"follow","max-snippet":"max-snippet:-1","max-image-preview":"max-image-preview:large","max-video-preview":"max-video-preview:-1"},"canonical":"https:\/\/utel.mx\/blog\/rol-personal\/desercion-laboral-que-factores-la-originan\/","og_locale":"es_ES","og_type":"article","og_title":"Deserci\u00f3n laboral \u00bfQu\u00e9 factores la originan? - BLOG | Utel","og_description":"M\u00e9xico es uno de los pa\u00edses con m\u00e1s rotaci\u00f3n de personal en Am\u00e9rica Latina, conoce cu\u00e1les son algunas causas de la deserci\u00f3n laboral en nuestro pa\u00eds.","og_url":"https:\/\/utel.mx\/blog\/rol-personal\/desercion-laboral-que-factores-la-originan\/","og_site_name":"BLOG | Utel","article_published_time":"2014-08-11T03:42:50+00:00","article_modified_time":"2023-03-10T17:03:33+00:00","og_image":[{"width":600,"height":300,"url":"https:\/\/utel.mx\/blog\/wp-content\/uploads\/2014\/08\/Desercion-laboral-Que-factores-la-originan.png","type":"image\/png"}],"author":"Invitados UTEL","twitter_misc":{"Written by":"Invitados UTEL","Est. reading time":"2 minutos"},"schema":{"@context":"https:\/\/schema.org","@graph":[{"@type":"Article","@id":"https:\/\/utel.mx\/blog\/rol-personal\/desercion-laboral-que-factores-la-originan\/#article","isPartOf":{"@id":"https:\/\/utel.mx\/blog\/rol-personal\/desercion-laboral-que-factores-la-originan\/"},"author":{"name":"Invitados UTEL","@id":"https:\/\/utel.mx\/blog\/#\/schema\/person\/e5b3d8d918f13bd0b0f4724daa90dd95"},"headline":"Deserci\u00f3n laboral \u00bfQu\u00e9 factores la originan?","datePublished":"2014-08-11T03:42:50+00:00","dateModified":"2023-03-10T17:03:33+00:00","mainEntityOfPage":{"@id":"https:\/\/utel.mx\/blog\/rol-personal\/desercion-laboral-que-factores-la-originan\/"},"wordCount":395,"publisher":{"@id":"https:\/\/utel.mx\/blog\/#organization"},"image":{"@id":"https:\/\/utel.mx\/blog\/rol-personal\/desercion-laboral-que-factores-la-originan\/#primaryimage"},"thumbnailUrl":"https:\/\/utel.mx\/blog\/wp-content\/uploads\/2014\/08\/Desercion-laboral-Que-factores-la-originan.png","articleSection":["Rol personal"],"inLanguage":"es"},{"@type":"WebPage","@id":"https:\/\/utel.mx\/blog\/rol-personal\/desercion-laboral-que-factores-la-originan\/","url":"https:\/\/utel.mx\/blog\/rol-personal\/desercion-laboral-que-factores-la-originan\/","name":"Deserci\u00f3n laboral \u00bfQu\u00e9 factores la originan? - BLOG | Utel","isPartOf":{"@id":"https:\/\/utel.mx\/blog\/#website"},"primaryImageOfPage":{"@id":"https:\/\/utel.mx\/blog\/rol-personal\/desercion-laboral-que-factores-la-originan\/#primaryimage"},"image":{"@id":"https:\/\/utel.mx\/blog\/rol-personal\/desercion-laboral-que-factores-la-originan\/#primaryimage"},"thumbnailUrl":"https:\/\/utel.mx\/blog\/wp-content\/uploads\/2014\/08\/Desercion-laboral-Que-factores-la-originan.png","datePublished":"2014-08-11T03:42:50+00:00","dateModified":"2023-03-10T17:03:33+00:00","description":"M\u00e9xico es uno de los pa\u00edses con m\u00e1s rotaci\u00f3n de personal en Am\u00e9rica Latina, conoce cu\u00e1les son algunas causas de la deserci\u00f3n laboral en nuestro pa\u00eds.","breadcrumb":{"@id":"https:\/\/utel.mx\/blog\/rol-personal\/desercion-laboral-que-factores-la-originan\/#breadcrumb"},"inLanguage":"es","potentialAction":[{"@type":"ReadAction","target":["https:\/\/utel.mx\/blog\/rol-personal\/desercion-laboral-que-factores-la-originan\/"]}]},{"@type":"ImageObject","inLanguage":"es","@id":"https:\/\/utel.mx\/blog\/rol-personal\/desercion-laboral-que-factores-la-originan\/#primaryimage","url":"https:\/\/utel.mx\/blog\/wp-content\/uploads\/2014\/08\/Desercion-laboral-Que-factores-la-originan.png","contentUrl":"https:\/\/utel.mx\/blog\/wp-content\/uploads\/2014\/08\/Desercion-laboral-Que-factores-la-originan.png","width":600,"height":300,"caption":"Deserci\u00f3n laboral Qu\u00e9 factores la originan"},{"@type":"BreadcrumbList","@id":"https:\/\/utel.mx\/blog\/rol-personal\/desercion-laboral-que-factores-la-originan\/#breadcrumb","itemListElement":[{"@type":"ListItem","position":1,"name":"Home","item":"https:\/\/utel.mx\/blog\/"},{"@type":"ListItem","position":2,"name":"Deserci\u00f3n laboral \u00bfQu\u00e9 factores la originan?"}]},{"@type":"WebSite","@id":"https:\/\/utel.mx\/blog\/#website","url":"https:\/\/utel.mx\/blog\/","name":"BLOG | Utel","description":"Blog UTEL Universidad en L\u00ednea","publisher":{"@id":"https:\/\/utel.mx\/blog\/#organization"},"potentialAction":[{"@type":"SearchAction","target":{"@type":"EntryPoint","urlTemplate":"https:\/\/utel.mx\/blog\/?s={search_term_string}"},"query-input":{"@type":"PropertyValueSpecification","valueRequired":true,"valueName":"search_term_string"}}],"inLanguage":"es"},{"@type":"Organization","@id":"https:\/\/utel.mx\/blog\/#organization","name":"BLOG | Utel","url":"https:\/\/utel.mx\/blog\/","logo":{"@type":"ImageObject","inLanguage":"es","@id":"https:\/\/utel.mx\/blog\/#\/schema\/logo\/image\/","url":"https:\/\/utel.mx\/blog\/wp-content\/uploads\/2023\/03\/cropped-logo-blog.png","contentUrl":"https:\/\/utel.mx\/blog\/wp-content\/uploads\/2023\/03\/cropped-logo-blog.png","width":237,"height":64,"caption":"BLOG | Utel"},"image":{"@id":"https:\/\/utel.mx\/blog\/#\/schema\/logo\/image\/"}},{"@type":"Person","@id":"https:\/\/utel.mx\/blog\/#\/schema\/person\/e5b3d8d918f13bd0b0f4724daa90dd95","name":"Invitados UTEL","image":{"@type":"ImageObject","inLanguage":"es","@id":"https:\/\/utel.mx\/blog\/#\/schema\/person\/image\/","url":"https:\/\/secure.gravatar.com\/avatar\/781456f1128be5a332ab27ea8b902597?s=96&d=mm&r=g","contentUrl":"https:\/\/secure.gravatar.com\/avatar\/781456f1128be5a332ab27ea8b902597?s=96&d=mm&r=g","caption":"Invitados UTEL"},"description":"Invitados . Colaboraciones por parte de invitados de la Comunidad UTEL"}]}},"_links":{"self":[{"href":"https:\/\/utel.mx\/blog\/wp-json\/wp\/v2\/posts\/15097","targetHints":{"allow":["GET"]}}],"collection":[{"href":"https:\/\/utel.mx\/blog\/wp-json\/wp\/v2\/posts"}],"about":[{"href":"https:\/\/utel.mx\/blog\/wp-json\/wp\/v2\/types\/post"}],"author":[{"embeddable":true,"href":"https:\/\/utel.mx\/blog\/wp-json\/wp\/v2\/users\/40"}],"replies":[{"embeddable":true,"href":"https:\/\/utel.mx\/blog\/wp-json\/wp\/v2\/comments?post=15097"}],"version-history":[{"count":3,"href":"https:\/\/utel.mx\/blog\/wp-json\/wp\/v2\/posts\/15097\/revisions"}],"predecessor-version":[{"id":40789,"href":"https:\/\/utel.mx\/blog\/wp-json\/wp\/v2\/posts\/15097\/revisions\/40789"}],"wp:featuredmedia":[{"embeddable":true,"href":"https:\/\/utel.mx\/blog\/wp-json\/wp\/v2\/media\/40787"}],"wp:attachment":[{"href":"https:\/\/utel.mx\/blog\/wp-json\/wp\/v2\/media?parent=15097"}],"wp:term":[{"taxonomy":"category","embeddable":true,"href":"https:\/\/utel.mx\/blog\/wp-json\/wp\/v2\/categories?post=15097"},{"taxonomy":"post_tag","embeddable":true,"href":"https:\/\/utel.mx\/blog\/wp-json\/wp\/v2\/tags?post=15097"}],"curies":[{"name":"wp","href":"https:\/\/api.w.org\/{rel}","templated":true}]}}