{"id":15161,"date":"2014-08-13T15:46:07","date_gmt":"2014-08-13T15:46:07","guid":{"rendered":"http:\/\/utel.mx\/blog\/?p=15161"},"modified":"2023-03-10T17:03:31","modified_gmt":"2023-03-10T17:03:31","slug":"que-engloba-el-concepto-educacion-de-calidad","status":"publish","type":"post","link":"https:\/\/utel.mx\/blog\/estudia-en-linea\/que-engloba-el-concepto-educacion-de-calidad\/","title":{"rendered":"\u00bfQu\u00e9 engloba el concepto \u201cEducaci\u00f3n de calidad\u201d?"},"content":{"rendered":"<p style=\"text-align: justify;\">Hablar sobre educaci\u00f3n de calidad involucra una discusi\u00f3n constante. En ella se involucran varios elementos, tanto objetivos como objetivos e ideolog\u00eda. Tambi\u00e9n involucra los paradigmas del evaluador y sus respectivas influencias.<\/p>\n<p style=\"text-align: justify;\">Est\u00e1 claro que hablar de buena o mala educaci\u00f3n depende enteramente de las circunstancias en las que se plantee la pregunta, muchos factores externos a las instituciones educativas influyen en esto. De igual forma, los par\u00e1metros con los que se miden los evaluadores responden a un valor num\u00e9rico, en la mayor\u00eda de las ocasiones, la instituci\u00f3n educativa en cuesti\u00f3n es la determinante.<\/p>\n<p style=\"text-align: justify;\">Entre el maestro y el alumno se forma una relaci\u00f3n sin igual, de la misma forma sucede con el conocimiento o la materia y el alumno. Generalmente tanto padres como alumnos, tutores y maestros repiten conclusiones de los denominados \u201cexpertos\u201d en la materia, y el establecer un criterio \u201cbueno\u201d o \u201cmalo\u201d resulta dif\u00edcil.<\/p>\n<p style=\"text-align: justify;\">Sin embargo, la Pedagog\u00eda y la Did\u00e1ctica tienen la finalidad de establecer un criterio no-num\u00e9rico que beneficie su aspecto pr\u00e1ctico instrumental. Bueno o malo, positivo o negativo, aceptable o inaceptable. Nosotros al optar por criterios de evaluaci\u00f3n, no tan exactos, por as\u00ed decirlo recomendamos tres acciones que seg\u00fan el rector de la Universidad de Rosario, constituyen una obligaci\u00f3n para cualquier docente al pretender brindar educaci\u00f3n de calidad:<\/p>\n<p style=\"text-align: justify;\"><strong>Leer y estar al tanto<\/strong>. No nos referimos simple y sencillamente a leer, sino a estar pendiente de cualquier publicaci\u00f3n surgida sobre el tema impartido, para estar al tanto de las transformaciones y avances. Para esto, los recursos tecnol\u00f3gicos pueden ser de gran ayuda.<\/p>\n<p style=\"text-align: justify;\"><strong>Pasi\u00f3n del docente<\/strong>. Es preciso desempe\u00f1arse en la ense\u00f1anza y la educaci\u00f3n con convicciones profundas. A veces es necesario saber decir \u201cno s\u00e9\u201d, pero pronto tendr\u00e9 la respuesta por el beneficio de todos.<\/p>\n<p style=\"text-align: justify;\"><strong>Planificar, desarrollar, y autoevaluar la clase<\/strong>. Aqu\u00ed recurrimos a la vieja f\u00f3rmula positivista de establecer el principio, el medio y el fin de la lecci\u00f3n.<\/p>\n<p style=\"text-align: justify;\">Es dif\u00edcil poder medir num\u00e9ricamente la calidad de la educaci\u00f3n, sin embargo lo que si podemos hacer es, como docentes, adherirnos a h\u00e1bitos y par\u00e1metros de calidad que nos permitan dar todo de nosotros en el proceso de aprendizaje de los alumnos.<\/p>\n<p style=\"text-align: justify;\"><a href=\"http:\/\/contacto.utel.edu.mx\/online\/formd\/UTEL\/?utm_source=blog&amp;utm_medium=boton-contacto&amp;utm_campaign=que-engloba-el-concepto-educacion-de-calidad\"><img decoding=\"async\" class=\"aligncenter wp-image-13838\" src=\"http:\/\/utel.mx\/blog\/wp-content\/uploads\/2014\/05\/boton_blog.png\" alt=\"boton contacto| Blog \u2013 UTEL\" width=\"186\" height=\"57\" \/><\/a><\/p>\n<p style=\"text-align: justify;\">Fuente: Ovide, Menin- <em>\u00bfQu\u00e9 es una educaci\u00f3n de calidad?<\/em><\/p>\n<div id=\"advads-2516618184\" class=\"advads-cta-lp-banner-form advads-entity-placement\"><a href=\"https:\/\/utel.mx\/blog\/admisiones-universidad-online\/?utm_source=blog&#038;utm_medium=CTAlink&#038;utm_campaign=MKTseo\" aria-label=\"Universidad en linea\"><img src=\"https:\/\/utel.mx\/blog\/wp-content\/uploads\/2025\/04\/universidad-en-linea-1.png\" alt=\"Universidad en linea\"  srcset=\"https:\/\/utel.mx\/blog\/wp-content\/uploads\/2025\/04\/universidad-en-linea-1.png 626w, https:\/\/utel.mx\/blog\/wp-content\/uploads\/2025\/04\/universidad-en-linea-1-420x168.png 420w\" sizes=\"(max-width: 626px) 100vw, 626px\" width=\"626\" height=\"250\"   \/><\/a><\/div>","protected":false},"excerpt":{"rendered":"<p> [&hellip;]<\/p>\n","protected":false},"author":40,"featured_media":15186,"comment_status":"closed","ping_status":"open","sticky":false,"template":"","format":"standard","meta":{"_acf_changed":false,"site-sidebar-layout":"default","site-content-layout":"","ast-site-content-layout":"","site-content-style":"default","site-sidebar-style":"default","ast-global-header-display":"","ast-banner-title-visibility":"","ast-main-header-display":"","ast-hfb-above-header-display":"","ast-hfb-below-header-display":"","ast-hfb-mobile-header-display":"","site-post-title":"","ast-breadcrumbs-content":"","ast-featured-img":"","footer-sml-layout":"","theme-transparent-header-meta":"","adv-header-id-meta":"","stick-header-meta":"","header-above-stick-meta":"","header-main-stick-meta":"","header-below-stick-meta":"","astra-migrate-meta-layouts":"default","ast-page-background-enabled":"default","ast-page-background-meta":{"desktop":{"background-color":"var(--ast-global-color-4)","background-image":"","background-repeat":"repeat","background-position":"center center","background-size":"auto","background-attachment":"scroll","background-type":"","background-media":"","overlay-type":"","overlay-color":"","overlay-gradient":""},"tablet":{"background-color":"","background-image":"","background-repeat":"repeat","background-position":"center center","background-size":"auto","background-attachment":"scroll","background-type":"","background-media":"","overlay-type":"","overlay-color":"","overlay-gradient":""},"mobile":{"background-color":"","background-image":"","background-repeat":"repeat","background-position":"center center","background-size":"auto","background-attachment":"scroll","background-type":"","background-media":"","overlay-type":"","overlay-color":"","overlay-gradient":""}},"ast-content-background-meta":{"desktop":{"background-color":"var(--ast-global-color-5)","background-image":"","background-repeat":"repeat","background-position":"center center","background-size":"auto","background-attachment":"scroll","background-type":"","background-media":"","overlay-type":"","overlay-color":"","overlay-gradient":""},"tablet":{"background-color":"var(--ast-global-color-5)","background-image":"","background-repeat":"repeat","background-position":"center center","background-size":"auto","background-attachment":"scroll","background-type":"","background-media":"","overlay-type":"","overlay-color":"","overlay-gradient":""},"mobile":{"background-color":"var(--ast-global-color-5)","background-image":"","background-repeat":"repeat","background-position":"center center","background-size":"auto","background-attachment":"scroll","background-type":"","background-media":"","overlay-type":"","overlay-color":"","overlay-gradient":""}},"footnotes":""},"categories":[7],"tags":[],"class_list":["post-15161","post","type-post","status-publish","format-standard","has-post-thumbnail","hentry","category-estudia-en-linea"],"acf":[],"yoast_head":"<!-- This site is optimized with the Yoast SEO plugin v26.8 - https:\/\/yoast.com\/product\/yoast-seo-wordpress\/ -->\n<title>\u00bfQu\u00e9 engloba el concepto \u201cEducaci\u00f3n de calidad\u201d? - BLOG | Utel<\/title>\n<meta name=\"description\" content=\"La educaci\u00f3n de calidad involucra objetivos e ideolog\u00eda, as\u00ed como los paradigmas del evaluador y sus respectivas influencias.\" \/>\n<meta name=\"robots\" content=\"index, follow, max-snippet:-1, max-image-preview:large, max-video-preview:-1\" \/>\n<link rel=\"canonical\" href=\"https:\/\/utel.mx\/blog\/estudia-en-linea\/que-engloba-el-concepto-educacion-de-calidad\/\" \/>\n<meta property=\"og:locale\" content=\"es_ES\" \/>\n<meta property=\"og:type\" content=\"article\" \/>\n<meta property=\"og:title\" content=\"\u00bfQu\u00e9 engloba el concepto \u201cEducaci\u00f3n de calidad\u201d? - BLOG | Utel\" \/>\n<meta property=\"og:description\" content=\"La educaci\u00f3n de calidad involucra objetivos e ideolog\u00eda, as\u00ed como los paradigmas del evaluador y sus respectivas influencias.\" \/>\n<meta property=\"og:url\" content=\"https:\/\/utel.mx\/blog\/estudia-en-linea\/que-engloba-el-concepto-educacion-de-calidad\/\" \/>\n<meta property=\"og:site_name\" content=\"BLOG | Utel\" \/>\n<meta property=\"article:published_time\" content=\"2014-08-13T15:46:07+00:00\" \/>\n<meta property=\"article:modified_time\" content=\"2023-03-10T17:03:31+00:00\" \/>\n<meta property=\"og:image\" content=\"https:\/\/utel.mx\/blog\/wp-content\/uploads\/2014\/08\/\u00bfQu\u00e9-engloba-el-concepto-\u201cEducaci\u00f3n-de-calidad\u201d-BLOG-UTEL.jpg\" \/>\n\t<meta property=\"og:image:width\" content=\"1000\" \/>\n\t<meta property=\"og:image:height\" content=\"667\" \/>\n\t<meta property=\"og:image:type\" content=\"image\/jpeg\" \/>\n<meta name=\"author\" content=\"Invitados UTEL\" \/>\n<meta name=\"twitter:label1\" content=\"Written by\" \/>\n\t<meta name=\"twitter:data1\" content=\"Invitados UTEL\" \/>\n\t<meta name=\"twitter:label2\" content=\"Est. reading time\" \/>\n\t<meta name=\"twitter:data2\" content=\"2 minutos\" \/>\n<script type=\"application\/ld+json\" class=\"yoast-schema-graph\">{\"@context\":\"https:\/\/schema.org\",\"@graph\":[{\"@type\":\"Article\",\"@id\":\"https:\/\/utel.mx\/blog\/estudia-en-linea\/que-engloba-el-concepto-educacion-de-calidad\/#article\",\"isPartOf\":{\"@id\":\"https:\/\/utel.mx\/blog\/estudia-en-linea\/que-engloba-el-concepto-educacion-de-calidad\/\"},\"author\":{\"name\":\"Invitados UTEL\",\"@id\":\"https:\/\/utel.mx\/blog\/#\/schema\/person\/e5b3d8d918f13bd0b0f4724daa90dd95\"},\"headline\":\"\u00bfQu\u00e9 engloba el concepto \u201cEducaci\u00f3n de calidad\u201d?\",\"datePublished\":\"2014-08-13T15:46:07+00:00\",\"dateModified\":\"2023-03-10T17:03:31+00:00\",\"mainEntityOfPage\":{\"@id\":\"https:\/\/utel.mx\/blog\/estudia-en-linea\/que-engloba-el-concepto-educacion-de-calidad\/\"},\"wordCount\":408,\"publisher\":{\"@id\":\"https:\/\/utel.mx\/blog\/#organization\"},\"image\":{\"@id\":\"https:\/\/utel.mx\/blog\/estudia-en-linea\/que-engloba-el-concepto-educacion-de-calidad\/#primaryimage\"},\"thumbnailUrl\":\"https:\/\/utel.mx\/blog\/wp-content\/uploads\/2014\/08\/\u00bfQu\u00e9-engloba-el-concepto-\u201cEducaci\u00f3n-de-calidad\u201d-BLOG-UTEL.jpg\",\"articleSection\":[\"Estudia en L\u00ednea\"],\"inLanguage\":\"es\"},{\"@type\":\"WebPage\",\"@id\":\"https:\/\/utel.mx\/blog\/estudia-en-linea\/que-engloba-el-concepto-educacion-de-calidad\/\",\"url\":\"https:\/\/utel.mx\/blog\/estudia-en-linea\/que-engloba-el-concepto-educacion-de-calidad\/\",\"name\":\"\u00bfQu\u00e9 engloba el concepto \u201cEducaci\u00f3n de calidad\u201d? - BLOG | Utel\",\"isPartOf\":{\"@id\":\"https:\/\/utel.mx\/blog\/#website\"},\"primaryImageOfPage\":{\"@id\":\"https:\/\/utel.mx\/blog\/estudia-en-linea\/que-engloba-el-concepto-educacion-de-calidad\/#primaryimage\"},\"image\":{\"@id\":\"https:\/\/utel.mx\/blog\/estudia-en-linea\/que-engloba-el-concepto-educacion-de-calidad\/#primaryimage\"},\"thumbnailUrl\":\"https:\/\/utel.mx\/blog\/wp-content\/uploads\/2014\/08\/\u00bfQu\u00e9-engloba-el-concepto-\u201cEducaci\u00f3n-de-calidad\u201d-BLOG-UTEL.jpg\",\"datePublished\":\"2014-08-13T15:46:07+00:00\",\"dateModified\":\"2023-03-10T17:03:31+00:00\",\"description\":\"La educaci\u00f3n de calidad involucra objetivos e ideolog\u00eda, as\u00ed como los paradigmas del evaluador y sus respectivas influencias.\",\"breadcrumb\":{\"@id\":\"https:\/\/utel.mx\/blog\/estudia-en-linea\/que-engloba-el-concepto-educacion-de-calidad\/#breadcrumb\"},\"inLanguage\":\"es\",\"potentialAction\":[{\"@type\":\"ReadAction\",\"target\":[\"https:\/\/utel.mx\/blog\/estudia-en-linea\/que-engloba-el-concepto-educacion-de-calidad\/\"]}]},{\"@type\":\"ImageObject\",\"inLanguage\":\"es\",\"@id\":\"https:\/\/utel.mx\/blog\/estudia-en-linea\/que-engloba-el-concepto-educacion-de-calidad\/#primaryimage\",\"url\":\"https:\/\/utel.mx\/blog\/wp-content\/uploads\/2014\/08\/\u00bfQu\u00e9-engloba-el-concepto-\u201cEducaci\u00f3n-de-calidad\u201d-BLOG-UTEL.jpg\",\"contentUrl\":\"https:\/\/utel.mx\/blog\/wp-content\/uploads\/2014\/08\/\u00bfQu\u00e9-engloba-el-concepto-\u201cEducaci\u00f3n-de-calidad\u201d-BLOG-UTEL.jpg\",\"width\":1000,\"height\":667,\"caption\":\"\u00bfQu\u00e9 engloba el concepto \u201cEducaci\u00f3n de calidad\u201d- BLOG UTEL\"},{\"@type\":\"BreadcrumbList\",\"@id\":\"https:\/\/utel.mx\/blog\/estudia-en-linea\/que-engloba-el-concepto-educacion-de-calidad\/#breadcrumb\",\"itemListElement\":[{\"@type\":\"ListItem\",\"position\":1,\"name\":\"Home\",\"item\":\"https:\/\/utel.mx\/blog\/\"},{\"@type\":\"ListItem\",\"position\":2,\"name\":\"\u00bfQu\u00e9 engloba el concepto \u201cEducaci\u00f3n de calidad\u201d?\"}]},{\"@type\":\"WebSite\",\"@id\":\"https:\/\/utel.mx\/blog\/#website\",\"url\":\"https:\/\/utel.mx\/blog\/\",\"name\":\"BLOG | Utel\",\"description\":\"Blog UTEL Universidad en L\u00ednea\",\"publisher\":{\"@id\":\"https:\/\/utel.mx\/blog\/#organization\"},\"potentialAction\":[{\"@type\":\"SearchAction\",\"target\":{\"@type\":\"EntryPoint\",\"urlTemplate\":\"https:\/\/utel.mx\/blog\/?s={search_term_string}\"},\"query-input\":{\"@type\":\"PropertyValueSpecification\",\"valueRequired\":true,\"valueName\":\"search_term_string\"}}],\"inLanguage\":\"es\"},{\"@type\":\"Organization\",\"@id\":\"https:\/\/utel.mx\/blog\/#organization\",\"name\":\"BLOG | Utel\",\"url\":\"https:\/\/utel.mx\/blog\/\",\"logo\":{\"@type\":\"ImageObject\",\"inLanguage\":\"es\",\"@id\":\"https:\/\/utel.mx\/blog\/#\/schema\/logo\/image\/\",\"url\":\"https:\/\/utel.mx\/blog\/wp-content\/uploads\/2023\/03\/cropped-logo-blog.png\",\"contentUrl\":\"https:\/\/utel.mx\/blog\/wp-content\/uploads\/2023\/03\/cropped-logo-blog.png\",\"width\":237,\"height\":64,\"caption\":\"BLOG | Utel\"},\"image\":{\"@id\":\"https:\/\/utel.mx\/blog\/#\/schema\/logo\/image\/\"}},{\"@type\":\"Person\",\"@id\":\"https:\/\/utel.mx\/blog\/#\/schema\/person\/e5b3d8d918f13bd0b0f4724daa90dd95\",\"name\":\"Invitados UTEL\",\"image\":{\"@type\":\"ImageObject\",\"inLanguage\":\"es\",\"@id\":\"https:\/\/utel.mx\/blog\/#\/schema\/person\/image\/\",\"url\":\"https:\/\/secure.gravatar.com\/avatar\/781456f1128be5a332ab27ea8b902597?s=96&d=mm&r=g\",\"contentUrl\":\"https:\/\/secure.gravatar.com\/avatar\/781456f1128be5a332ab27ea8b902597?s=96&d=mm&r=g\",\"caption\":\"Invitados UTEL\"},\"description\":\"Invitados . Colaboraciones por parte de invitados de la Comunidad UTEL\"}]}<\/script>\n<!-- \/ Yoast SEO plugin. -->","yoast_head_json":{"title":"\u00bfQu\u00e9 engloba el concepto \u201cEducaci\u00f3n de calidad\u201d? - BLOG | Utel","description":"La educaci\u00f3n de calidad involucra objetivos e ideolog\u00eda, as\u00ed como los paradigmas del evaluador y sus respectivas influencias.","robots":{"index":"index","follow":"follow","max-snippet":"max-snippet:-1","max-image-preview":"max-image-preview:large","max-video-preview":"max-video-preview:-1"},"canonical":"https:\/\/utel.mx\/blog\/estudia-en-linea\/que-engloba-el-concepto-educacion-de-calidad\/","og_locale":"es_ES","og_type":"article","og_title":"\u00bfQu\u00e9 engloba el concepto \u201cEducaci\u00f3n de calidad\u201d? - BLOG | Utel","og_description":"La educaci\u00f3n de calidad involucra objetivos e ideolog\u00eda, as\u00ed como los paradigmas del evaluador y sus respectivas influencias.","og_url":"https:\/\/utel.mx\/blog\/estudia-en-linea\/que-engloba-el-concepto-educacion-de-calidad\/","og_site_name":"BLOG | Utel","article_published_time":"2014-08-13T15:46:07+00:00","article_modified_time":"2023-03-10T17:03:31+00:00","og_image":[{"width":1000,"height":667,"url":"https:\/\/utel.mx\/blog\/wp-content\/uploads\/2014\/08\/\u00bfQu\u00e9-engloba-el-concepto-\u201cEducaci\u00f3n-de-calidad\u201d-BLOG-UTEL.jpg","type":"image\/jpeg"}],"author":"Invitados UTEL","twitter_misc":{"Written by":"Invitados UTEL","Est. reading time":"2 minutos"},"schema":{"@context":"https:\/\/schema.org","@graph":[{"@type":"Article","@id":"https:\/\/utel.mx\/blog\/estudia-en-linea\/que-engloba-el-concepto-educacion-de-calidad\/#article","isPartOf":{"@id":"https:\/\/utel.mx\/blog\/estudia-en-linea\/que-engloba-el-concepto-educacion-de-calidad\/"},"author":{"name":"Invitados UTEL","@id":"https:\/\/utel.mx\/blog\/#\/schema\/person\/e5b3d8d918f13bd0b0f4724daa90dd95"},"headline":"\u00bfQu\u00e9 engloba el concepto \u201cEducaci\u00f3n de calidad\u201d?","datePublished":"2014-08-13T15:46:07+00:00","dateModified":"2023-03-10T17:03:31+00:00","mainEntityOfPage":{"@id":"https:\/\/utel.mx\/blog\/estudia-en-linea\/que-engloba-el-concepto-educacion-de-calidad\/"},"wordCount":408,"publisher":{"@id":"https:\/\/utel.mx\/blog\/#organization"},"image":{"@id":"https:\/\/utel.mx\/blog\/estudia-en-linea\/que-engloba-el-concepto-educacion-de-calidad\/#primaryimage"},"thumbnailUrl":"https:\/\/utel.mx\/blog\/wp-content\/uploads\/2014\/08\/\u00bfQu\u00e9-engloba-el-concepto-\u201cEducaci\u00f3n-de-calidad\u201d-BLOG-UTEL.jpg","articleSection":["Estudia en L\u00ednea"],"inLanguage":"es"},{"@type":"WebPage","@id":"https:\/\/utel.mx\/blog\/estudia-en-linea\/que-engloba-el-concepto-educacion-de-calidad\/","url":"https:\/\/utel.mx\/blog\/estudia-en-linea\/que-engloba-el-concepto-educacion-de-calidad\/","name":"\u00bfQu\u00e9 engloba el concepto \u201cEducaci\u00f3n de calidad\u201d? - BLOG | Utel","isPartOf":{"@id":"https:\/\/utel.mx\/blog\/#website"},"primaryImageOfPage":{"@id":"https:\/\/utel.mx\/blog\/estudia-en-linea\/que-engloba-el-concepto-educacion-de-calidad\/#primaryimage"},"image":{"@id":"https:\/\/utel.mx\/blog\/estudia-en-linea\/que-engloba-el-concepto-educacion-de-calidad\/#primaryimage"},"thumbnailUrl":"https:\/\/utel.mx\/blog\/wp-content\/uploads\/2014\/08\/\u00bfQu\u00e9-engloba-el-concepto-\u201cEducaci\u00f3n-de-calidad\u201d-BLOG-UTEL.jpg","datePublished":"2014-08-13T15:46:07+00:00","dateModified":"2023-03-10T17:03:31+00:00","description":"La educaci\u00f3n de calidad involucra objetivos e ideolog\u00eda, as\u00ed como los paradigmas del evaluador y sus respectivas influencias.","breadcrumb":{"@id":"https:\/\/utel.mx\/blog\/estudia-en-linea\/que-engloba-el-concepto-educacion-de-calidad\/#breadcrumb"},"inLanguage":"es","potentialAction":[{"@type":"ReadAction","target":["https:\/\/utel.mx\/blog\/estudia-en-linea\/que-engloba-el-concepto-educacion-de-calidad\/"]}]},{"@type":"ImageObject","inLanguage":"es","@id":"https:\/\/utel.mx\/blog\/estudia-en-linea\/que-engloba-el-concepto-educacion-de-calidad\/#primaryimage","url":"https:\/\/utel.mx\/blog\/wp-content\/uploads\/2014\/08\/\u00bfQu\u00e9-engloba-el-concepto-\u201cEducaci\u00f3n-de-calidad\u201d-BLOG-UTEL.jpg","contentUrl":"https:\/\/utel.mx\/blog\/wp-content\/uploads\/2014\/08\/\u00bfQu\u00e9-engloba-el-concepto-\u201cEducaci\u00f3n-de-calidad\u201d-BLOG-UTEL.jpg","width":1000,"height":667,"caption":"\u00bfQu\u00e9 engloba el concepto \u201cEducaci\u00f3n de calidad\u201d- BLOG UTEL"},{"@type":"BreadcrumbList","@id":"https:\/\/utel.mx\/blog\/estudia-en-linea\/que-engloba-el-concepto-educacion-de-calidad\/#breadcrumb","itemListElement":[{"@type":"ListItem","position":1,"name":"Home","item":"https:\/\/utel.mx\/blog\/"},{"@type":"ListItem","position":2,"name":"\u00bfQu\u00e9 engloba el concepto \u201cEducaci\u00f3n de calidad\u201d?"}]},{"@type":"WebSite","@id":"https:\/\/utel.mx\/blog\/#website","url":"https:\/\/utel.mx\/blog\/","name":"BLOG | Utel","description":"Blog UTEL Universidad en L\u00ednea","publisher":{"@id":"https:\/\/utel.mx\/blog\/#organization"},"potentialAction":[{"@type":"SearchAction","target":{"@type":"EntryPoint","urlTemplate":"https:\/\/utel.mx\/blog\/?s={search_term_string}"},"query-input":{"@type":"PropertyValueSpecification","valueRequired":true,"valueName":"search_term_string"}}],"inLanguage":"es"},{"@type":"Organization","@id":"https:\/\/utel.mx\/blog\/#organization","name":"BLOG | Utel","url":"https:\/\/utel.mx\/blog\/","logo":{"@type":"ImageObject","inLanguage":"es","@id":"https:\/\/utel.mx\/blog\/#\/schema\/logo\/image\/","url":"https:\/\/utel.mx\/blog\/wp-content\/uploads\/2023\/03\/cropped-logo-blog.png","contentUrl":"https:\/\/utel.mx\/blog\/wp-content\/uploads\/2023\/03\/cropped-logo-blog.png","width":237,"height":64,"caption":"BLOG | Utel"},"image":{"@id":"https:\/\/utel.mx\/blog\/#\/schema\/logo\/image\/"}},{"@type":"Person","@id":"https:\/\/utel.mx\/blog\/#\/schema\/person\/e5b3d8d918f13bd0b0f4724daa90dd95","name":"Invitados UTEL","image":{"@type":"ImageObject","inLanguage":"es","@id":"https:\/\/utel.mx\/blog\/#\/schema\/person\/image\/","url":"https:\/\/secure.gravatar.com\/avatar\/781456f1128be5a332ab27ea8b902597?s=96&d=mm&r=g","contentUrl":"https:\/\/secure.gravatar.com\/avatar\/781456f1128be5a332ab27ea8b902597?s=96&d=mm&r=g","caption":"Invitados UTEL"},"description":"Invitados . Colaboraciones por parte de invitados de la Comunidad UTEL"}]}},"_links":{"self":[{"href":"https:\/\/utel.mx\/blog\/wp-json\/wp\/v2\/posts\/15161","targetHints":{"allow":["GET"]}}],"collection":[{"href":"https:\/\/utel.mx\/blog\/wp-json\/wp\/v2\/posts"}],"about":[{"href":"https:\/\/utel.mx\/blog\/wp-json\/wp\/v2\/types\/post"}],"author":[{"embeddable":true,"href":"https:\/\/utel.mx\/blog\/wp-json\/wp\/v2\/users\/40"}],"replies":[{"embeddable":true,"href":"https:\/\/utel.mx\/blog\/wp-json\/wp\/v2\/comments?post=15161"}],"version-history":[{"count":1,"href":"https:\/\/utel.mx\/blog\/wp-json\/wp\/v2\/posts\/15161\/revisions"}],"predecessor-version":[{"id":45474,"href":"https:\/\/utel.mx\/blog\/wp-json\/wp\/v2\/posts\/15161\/revisions\/45474"}],"wp:featuredmedia":[{"embeddable":true,"href":"https:\/\/utel.mx\/blog\/wp-json\/wp\/v2\/media\/15186"}],"wp:attachment":[{"href":"https:\/\/utel.mx\/blog\/wp-json\/wp\/v2\/media?parent=15161"}],"wp:term":[{"taxonomy":"category","embeddable":true,"href":"https:\/\/utel.mx\/blog\/wp-json\/wp\/v2\/categories?post=15161"},{"taxonomy":"post_tag","embeddable":true,"href":"https:\/\/utel.mx\/blog\/wp-json\/wp\/v2\/tags?post=15161"}],"curies":[{"name":"wp","href":"https:\/\/api.w.org\/{rel}","templated":true}]}}