{"id":15994,"date":"2014-10-31T16:52:43","date_gmt":"2014-10-31T16:52:43","guid":{"rendered":"http:\/\/utel.mx\/blog\/?p=15994"},"modified":"2023-03-10T17:03:11","modified_gmt":"2023-03-10T17:03:11","slug":"es-importante-un-plan-de-negocios-funcional","status":"publish","type":"post","link":"https:\/\/utel.mx\/blog\/rol-personal\/es-importante-un-plan-de-negocios-funcional\/","title":{"rendered":"\u00bfEs importante un plan de negocios funcional?"},"content":{"rendered":"<p style=\"text-align: justify;\">Sean Hackney result\u00f3 ser un emprendedor poco com\u00fan. Empez\u00f3 a escribir un plan de negocios con intenci\u00f3n de hacerlo, ten\u00eda la esperanza de ser contratado por alguna compa\u00f1\u00eda, ya que hab\u00eda dejado de trabajar en Red Bull North America Inc. Le mostr\u00f3 este plan a su padre en ese momento abogado corporativo de Red Bull, y este le dijo; \u201cno lo env\u00edes, hag\u00e1moslo\u201d. A partir de las sugerencias de Sean Hackney.<\/p>\n<p style=\"text-align: justify;\">Hoy, nuestro protagonista tiene 40 a\u00f1os y cuenta con su propia empresa, Roaring Lion, ubicada en Sun Valley, California, dedicada de la misma forma, a las bebidas energizantes. Actualmente tiene un activo de US 6.2 millones y de acuerdo a las palabras de Hackney \u201cde una inversi\u00f3n inicial de 62 mil d\u00f3lares hemos hecho crecer el negocio hasta llegar a ser la bebida n\u00famero dos en bares y clubes nocturnos\u201d.<\/p>\n<p style=\"text-align: justify;\">Revisando el plan de negocios, ya con una empresa consolidada, se ha establecido que este act\u00faa m\u00e1s bien como un plan de mercadotecnia. Seg\u00fan informaci\u00f3n reunida por William Gartner, y revisando la encuesta nacional norteamericana Estudio Panal de la Din\u00e1mica Empresarial, que re\u00fane la opini\u00f3n de 800 personas, este concluy\u00f3 que las posibilidades de \u00e9xito de los emprendedores se multiplican con un plan de negocios.<\/p>\n<p style=\"text-align: justify;\">Gartner comenta \u201cnuestra investigaci\u00f3n mostr\u00f3 que los planes de negocios tienen que ver con emprender el camino. Quienes lo escriben tambi\u00e9n hacen m\u00e1s cosas como investigaci\u00f3n de mercados y proyecciones, adem\u00e1s de incrementar las posibilidades de seguir adelante\u201d. En ocasiones el momento en el que se empieza la empresa y se redacta el plan de negocios ocurre en tiempos distintos, seg\u00fan la investigaci\u00f3n, incluso ya despu\u00e9s de iniciado el proyecto, el plan puede ser funcional.<\/p>\n<p style=\"text-align: justify;\">William Bygrave, profesor de Babson College, experto en iniciativas empresariales, mantiene cierta desconfianza en los planes empresariales, el insiste en que no es tan importante tenerlo por escrito mientras \u201cya sea que se trate de una construcci\u00f3n mental que nunca se ha volcado en papel o de una descripci\u00f3n m\u00e1s avanzada garabateada al reverso de un sobre\u201d, en conclusi\u00f3n, es necesario un plan, sea escrito o en la mente.<\/p>\n<p style=\"text-align: justify;\">Bygrave nos comenta que \u201cIncluso si no lo hacen por escrito, han tenido que pensar en la manera en que la identificaci\u00f3n de una oportunidad se ajusta a la mercadotecnia, integrar el equipo correcto, hacer las proyecciones financieras y dem\u00e1s\u201d.<\/p>\n<p><b>Ernesto Uranga<\/b><\/p>\n<p><b>UTEL Editorial<\/b><\/p>\n<p><a href=\"http:\/\/contacto.utel.edu.mx\/online\/formd\/UTEL\/?utm_source=blog&amp;utm_medium=boton-contacto&amp;utm_campaign=es-importante-un-plan-de-negocios-funcional\"><img decoding=\"async\" class=\"aligncenter wp-image-13059\" src=\"http:\/\/utel.mx\/blog\/wp-content\/uploads\/2014\/04\/boton_blog.png\" alt=\"boton_blog\" width=\"186\" height=\"57\" \/><\/a><\/p>\n<div id=\"advads-1035985026\" class=\"advads-cta-lp-banner-form advads-entity-placement\"><a href=\"https:\/\/utel.mx\/blog\/admisiones-universidad-online\/?utm_source=blog&#038;utm_medium=CTAlink&#038;utm_campaign=MKTseo\" aria-label=\"Universidad en linea\"><img src=\"https:\/\/utel.mx\/blog\/wp-content\/uploads\/2025\/04\/universidad-en-linea-1.png\" alt=\"Universidad en linea\"  srcset=\"https:\/\/utel.mx\/blog\/wp-content\/uploads\/2025\/04\/universidad-en-linea-1.png 626w, https:\/\/utel.mx\/blog\/wp-content\/uploads\/2025\/04\/universidad-en-linea-1-420x168.png 420w\" sizes=\"(max-width: 626px) 100vw, 626px\" width=\"626\" height=\"250\"   \/><\/a><\/div>","protected":false},"excerpt":{"rendered":"<p> [&hellip;]<\/p>\n","protected":false},"author":40,"featured_media":15995,"comment_status":"closed","ping_status":"open","sticky":false,"template":"","format":"standard","meta":{"_acf_changed":false,"site-sidebar-layout":"default","site-content-layout":"","ast-site-content-layout":"","site-content-style":"default","site-sidebar-style":"default","ast-global-header-display":"","ast-banner-title-visibility":"","ast-main-header-display":"","ast-hfb-above-header-display":"","ast-hfb-below-header-display":"","ast-hfb-mobile-header-display":"","site-post-title":"","ast-breadcrumbs-content":"","ast-featured-img":"","footer-sml-layout":"","theme-transparent-header-meta":"","adv-header-id-meta":"","stick-header-meta":"","header-above-stick-meta":"","header-main-stick-meta":"","header-below-stick-meta":"","astra-migrate-meta-layouts":"default","ast-page-background-enabled":"default","ast-page-background-meta":{"desktop":{"background-color":"var(--ast-global-color-4)","background-image":"","background-repeat":"repeat","background-position":"center center","background-size":"auto","background-attachment":"scroll","background-type":"","background-media":"","overlay-type":"","overlay-color":"","overlay-gradient":""},"tablet":{"background-color":"","background-image":"","background-repeat":"repeat","background-position":"center center","background-size":"auto","background-attachment":"scroll","background-type":"","background-media":"","overlay-type":"","overlay-color":"","overlay-gradient":""},"mobile":{"background-color":"","background-image":"","background-repeat":"repeat","background-position":"center center","background-size":"auto","background-attachment":"scroll","background-type":"","background-media":"","overlay-type":"","overlay-color":"","overlay-gradient":""}},"ast-content-background-meta":{"desktop":{"background-color":"var(--ast-global-color-5)","background-image":"","background-repeat":"repeat","background-position":"center center","background-size":"auto","background-attachment":"scroll","background-type":"","background-media":"","overlay-type":"","overlay-color":"","overlay-gradient":""},"tablet":{"background-color":"var(--ast-global-color-5)","background-image":"","background-repeat":"repeat","background-position":"center center","background-size":"auto","background-attachment":"scroll","background-type":"","background-media":"","overlay-type":"","overlay-color":"","overlay-gradient":""},"mobile":{"background-color":"var(--ast-global-color-5)","background-image":"","background-repeat":"repeat","background-position":"center center","background-size":"auto","background-attachment":"scroll","background-type":"","background-media":"","overlay-type":"","overlay-color":"","overlay-gradient":""}},"footnotes":""},"categories":[33],"tags":[],"class_list":["post-15994","post","type-post","status-publish","format-standard","has-post-thumbnail","hentry","category-rol-personal"],"acf":[],"yoast_head":"<!-- This site is optimized with the Yoast SEO plugin v26.8 - https:\/\/yoast.com\/product\/yoast-seo-wordpress\/ -->\n<title>\u00bfEs importante un plan de negocios funcional? - BLOG | Utel<\/title>\n<meta name=\"description\" content=\"l plan de negocios, ya con una empresa consolidada, se ha establecido que este act\u00faa m\u00e1s bien como un plan de mercadotecnia.\" \/>\n<meta name=\"robots\" content=\"index, follow, max-snippet:-1, max-image-preview:large, max-video-preview:-1\" \/>\n<link rel=\"canonical\" href=\"https:\/\/utel.mx\/blog\/rol-personal\/es-importante-un-plan-de-negocios-funcional\/\" \/>\n<meta property=\"og:locale\" content=\"es_ES\" \/>\n<meta property=\"og:type\" content=\"article\" \/>\n<meta property=\"og:title\" content=\"\u00bfEs importante un plan de negocios funcional? - BLOG | Utel\" \/>\n<meta property=\"og:description\" content=\"l plan de negocios, ya con una empresa consolidada, se ha establecido que este act\u00faa m\u00e1s bien como un plan de mercadotecnia.\" \/>\n<meta property=\"og:url\" content=\"https:\/\/utel.mx\/blog\/rol-personal\/es-importante-un-plan-de-negocios-funcional\/\" \/>\n<meta property=\"og:site_name\" content=\"BLOG | Utel\" \/>\n<meta property=\"article:published_time\" content=\"2014-10-31T16:52:43+00:00\" \/>\n<meta property=\"article:modified_time\" content=\"2023-03-10T17:03:11+00:00\" \/>\n<meta property=\"og:image\" content=\"https:\/\/utel.mx\/blog\/wp-content\/uploads\/2014\/10\/\u00bfEs-importante-un-plan-de-negocios-funcional-BLOG-UT.jpg\" \/>\n\t<meta property=\"og:image:width\" content=\"1000\" \/>\n\t<meta property=\"og:image:height\" content=\"666\" \/>\n\t<meta property=\"og:image:type\" content=\"image\/jpeg\" \/>\n<meta name=\"author\" content=\"Invitados UTEL\" \/>\n<meta name=\"twitter:label1\" content=\"Written by\" \/>\n\t<meta name=\"twitter:data1\" content=\"Invitados UTEL\" \/>\n\t<meta name=\"twitter:label2\" content=\"Est. reading time\" \/>\n\t<meta name=\"twitter:data2\" content=\"2 minutos\" \/>\n<script type=\"application\/ld+json\" class=\"yoast-schema-graph\">{\"@context\":\"https:\/\/schema.org\",\"@graph\":[{\"@type\":\"Article\",\"@id\":\"https:\/\/utel.mx\/blog\/rol-personal\/es-importante-un-plan-de-negocios-funcional\/#article\",\"isPartOf\":{\"@id\":\"https:\/\/utel.mx\/blog\/rol-personal\/es-importante-un-plan-de-negocios-funcional\/\"},\"author\":{\"name\":\"Invitados UTEL\",\"@id\":\"https:\/\/utel.mx\/blog\/#\/schema\/person\/e5b3d8d918f13bd0b0f4724daa90dd95\"},\"headline\":\"\u00bfEs importante un plan de negocios funcional?\",\"datePublished\":\"2014-10-31T16:52:43+00:00\",\"dateModified\":\"2023-03-10T17:03:11+00:00\",\"mainEntityOfPage\":{\"@id\":\"https:\/\/utel.mx\/blog\/rol-personal\/es-importante-un-plan-de-negocios-funcional\/\"},\"wordCount\":429,\"publisher\":{\"@id\":\"https:\/\/utel.mx\/blog\/#organization\"},\"image\":{\"@id\":\"https:\/\/utel.mx\/blog\/rol-personal\/es-importante-un-plan-de-negocios-funcional\/#primaryimage\"},\"thumbnailUrl\":\"https:\/\/utel.mx\/blog\/wp-content\/uploads\/2014\/10\/\u00bfEs-importante-un-plan-de-negocios-funcional-BLOG-UT.jpg\",\"articleSection\":[\"Rol personal\"],\"inLanguage\":\"es\"},{\"@type\":\"WebPage\",\"@id\":\"https:\/\/utel.mx\/blog\/rol-personal\/es-importante-un-plan-de-negocios-funcional\/\",\"url\":\"https:\/\/utel.mx\/blog\/rol-personal\/es-importante-un-plan-de-negocios-funcional\/\",\"name\":\"\u00bfEs importante un plan de negocios funcional? - BLOG | Utel\",\"isPartOf\":{\"@id\":\"https:\/\/utel.mx\/blog\/#website\"},\"primaryImageOfPage\":{\"@id\":\"https:\/\/utel.mx\/blog\/rol-personal\/es-importante-un-plan-de-negocios-funcional\/#primaryimage\"},\"image\":{\"@id\":\"https:\/\/utel.mx\/blog\/rol-personal\/es-importante-un-plan-de-negocios-funcional\/#primaryimage\"},\"thumbnailUrl\":\"https:\/\/utel.mx\/blog\/wp-content\/uploads\/2014\/10\/\u00bfEs-importante-un-plan-de-negocios-funcional-BLOG-UT.jpg\",\"datePublished\":\"2014-10-31T16:52:43+00:00\",\"dateModified\":\"2023-03-10T17:03:11+00:00\",\"description\":\"l plan de negocios, ya con una empresa consolidada, se ha establecido que este act\u00faa m\u00e1s bien como un plan de mercadotecnia.\",\"breadcrumb\":{\"@id\":\"https:\/\/utel.mx\/blog\/rol-personal\/es-importante-un-plan-de-negocios-funcional\/#breadcrumb\"},\"inLanguage\":\"es\",\"potentialAction\":[{\"@type\":\"ReadAction\",\"target\":[\"https:\/\/utel.mx\/blog\/rol-personal\/es-importante-un-plan-de-negocios-funcional\/\"]}]},{\"@type\":\"ImageObject\",\"inLanguage\":\"es\",\"@id\":\"https:\/\/utel.mx\/blog\/rol-personal\/es-importante-un-plan-de-negocios-funcional\/#primaryimage\",\"url\":\"https:\/\/utel.mx\/blog\/wp-content\/uploads\/2014\/10\/\u00bfEs-importante-un-plan-de-negocios-funcional-BLOG-UT.jpg\",\"contentUrl\":\"https:\/\/utel.mx\/blog\/wp-content\/uploads\/2014\/10\/\u00bfEs-importante-un-plan-de-negocios-funcional-BLOG-UT.jpg\",\"width\":1000,\"height\":666,\"caption\":\"\u00bfEs importante un plan de negocios funcional - BLOG UTEL\"},{\"@type\":\"BreadcrumbList\",\"@id\":\"https:\/\/utel.mx\/blog\/rol-personal\/es-importante-un-plan-de-negocios-funcional\/#breadcrumb\",\"itemListElement\":[{\"@type\":\"ListItem\",\"position\":1,\"name\":\"Home\",\"item\":\"https:\/\/utel.mx\/blog\/\"},{\"@type\":\"ListItem\",\"position\":2,\"name\":\"\u00bfEs importante un plan de negocios funcional?\"}]},{\"@type\":\"WebSite\",\"@id\":\"https:\/\/utel.mx\/blog\/#website\",\"url\":\"https:\/\/utel.mx\/blog\/\",\"name\":\"BLOG | Utel\",\"description\":\"Blog UTEL Universidad en L\u00ednea\",\"publisher\":{\"@id\":\"https:\/\/utel.mx\/blog\/#organization\"},\"potentialAction\":[{\"@type\":\"SearchAction\",\"target\":{\"@type\":\"EntryPoint\",\"urlTemplate\":\"https:\/\/utel.mx\/blog\/?s={search_term_string}\"},\"query-input\":{\"@type\":\"PropertyValueSpecification\",\"valueRequired\":true,\"valueName\":\"search_term_string\"}}],\"inLanguage\":\"es\"},{\"@type\":\"Organization\",\"@id\":\"https:\/\/utel.mx\/blog\/#organization\",\"name\":\"BLOG | Utel\",\"url\":\"https:\/\/utel.mx\/blog\/\",\"logo\":{\"@type\":\"ImageObject\",\"inLanguage\":\"es\",\"@id\":\"https:\/\/utel.mx\/blog\/#\/schema\/logo\/image\/\",\"url\":\"https:\/\/utel.mx\/blog\/wp-content\/uploads\/2023\/03\/cropped-logo-blog.png\",\"contentUrl\":\"https:\/\/utel.mx\/blog\/wp-content\/uploads\/2023\/03\/cropped-logo-blog.png\",\"width\":237,\"height\":64,\"caption\":\"BLOG | Utel\"},\"image\":{\"@id\":\"https:\/\/utel.mx\/blog\/#\/schema\/logo\/image\/\"}},{\"@type\":\"Person\",\"@id\":\"https:\/\/utel.mx\/blog\/#\/schema\/person\/e5b3d8d918f13bd0b0f4724daa90dd95\",\"name\":\"Invitados UTEL\",\"image\":{\"@type\":\"ImageObject\",\"inLanguage\":\"es\",\"@id\":\"https:\/\/utel.mx\/blog\/#\/schema\/person\/image\/\",\"url\":\"https:\/\/secure.gravatar.com\/avatar\/781456f1128be5a332ab27ea8b902597?s=96&d=mm&r=g\",\"contentUrl\":\"https:\/\/secure.gravatar.com\/avatar\/781456f1128be5a332ab27ea8b902597?s=96&d=mm&r=g\",\"caption\":\"Invitados UTEL\"},\"description\":\"Invitados . Colaboraciones por parte de invitados de la Comunidad UTEL\"}]}<\/script>\n<!-- \/ Yoast SEO plugin. -->","yoast_head_json":{"title":"\u00bfEs importante un plan de negocios funcional? - BLOG | Utel","description":"l plan de negocios, ya con una empresa consolidada, se ha establecido que este act\u00faa m\u00e1s bien como un plan de mercadotecnia.","robots":{"index":"index","follow":"follow","max-snippet":"max-snippet:-1","max-image-preview":"max-image-preview:large","max-video-preview":"max-video-preview:-1"},"canonical":"https:\/\/utel.mx\/blog\/rol-personal\/es-importante-un-plan-de-negocios-funcional\/","og_locale":"es_ES","og_type":"article","og_title":"\u00bfEs importante un plan de negocios funcional? - BLOG | Utel","og_description":"l plan de negocios, ya con una empresa consolidada, se ha establecido que este act\u00faa m\u00e1s bien como un plan de mercadotecnia.","og_url":"https:\/\/utel.mx\/blog\/rol-personal\/es-importante-un-plan-de-negocios-funcional\/","og_site_name":"BLOG | Utel","article_published_time":"2014-10-31T16:52:43+00:00","article_modified_time":"2023-03-10T17:03:11+00:00","og_image":[{"width":1000,"height":666,"url":"https:\/\/utel.mx\/blog\/wp-content\/uploads\/2014\/10\/\u00bfEs-importante-un-plan-de-negocios-funcional-BLOG-UT.jpg","type":"image\/jpeg"}],"author":"Invitados UTEL","twitter_misc":{"Written by":"Invitados UTEL","Est. reading time":"2 minutos"},"schema":{"@context":"https:\/\/schema.org","@graph":[{"@type":"Article","@id":"https:\/\/utel.mx\/blog\/rol-personal\/es-importante-un-plan-de-negocios-funcional\/#article","isPartOf":{"@id":"https:\/\/utel.mx\/blog\/rol-personal\/es-importante-un-plan-de-negocios-funcional\/"},"author":{"name":"Invitados UTEL","@id":"https:\/\/utel.mx\/blog\/#\/schema\/person\/e5b3d8d918f13bd0b0f4724daa90dd95"},"headline":"\u00bfEs importante un plan de negocios funcional?","datePublished":"2014-10-31T16:52:43+00:00","dateModified":"2023-03-10T17:03:11+00:00","mainEntityOfPage":{"@id":"https:\/\/utel.mx\/blog\/rol-personal\/es-importante-un-plan-de-negocios-funcional\/"},"wordCount":429,"publisher":{"@id":"https:\/\/utel.mx\/blog\/#organization"},"image":{"@id":"https:\/\/utel.mx\/blog\/rol-personal\/es-importante-un-plan-de-negocios-funcional\/#primaryimage"},"thumbnailUrl":"https:\/\/utel.mx\/blog\/wp-content\/uploads\/2014\/10\/\u00bfEs-importante-un-plan-de-negocios-funcional-BLOG-UT.jpg","articleSection":["Rol personal"],"inLanguage":"es"},{"@type":"WebPage","@id":"https:\/\/utel.mx\/blog\/rol-personal\/es-importante-un-plan-de-negocios-funcional\/","url":"https:\/\/utel.mx\/blog\/rol-personal\/es-importante-un-plan-de-negocios-funcional\/","name":"\u00bfEs importante un plan de negocios funcional? - BLOG | Utel","isPartOf":{"@id":"https:\/\/utel.mx\/blog\/#website"},"primaryImageOfPage":{"@id":"https:\/\/utel.mx\/blog\/rol-personal\/es-importante-un-plan-de-negocios-funcional\/#primaryimage"},"image":{"@id":"https:\/\/utel.mx\/blog\/rol-personal\/es-importante-un-plan-de-negocios-funcional\/#primaryimage"},"thumbnailUrl":"https:\/\/utel.mx\/blog\/wp-content\/uploads\/2014\/10\/\u00bfEs-importante-un-plan-de-negocios-funcional-BLOG-UT.jpg","datePublished":"2014-10-31T16:52:43+00:00","dateModified":"2023-03-10T17:03:11+00:00","description":"l plan de negocios, ya con una empresa consolidada, se ha establecido que este act\u00faa m\u00e1s bien como un plan de mercadotecnia.","breadcrumb":{"@id":"https:\/\/utel.mx\/blog\/rol-personal\/es-importante-un-plan-de-negocios-funcional\/#breadcrumb"},"inLanguage":"es","potentialAction":[{"@type":"ReadAction","target":["https:\/\/utel.mx\/blog\/rol-personal\/es-importante-un-plan-de-negocios-funcional\/"]}]},{"@type":"ImageObject","inLanguage":"es","@id":"https:\/\/utel.mx\/blog\/rol-personal\/es-importante-un-plan-de-negocios-funcional\/#primaryimage","url":"https:\/\/utel.mx\/blog\/wp-content\/uploads\/2014\/10\/\u00bfEs-importante-un-plan-de-negocios-funcional-BLOG-UT.jpg","contentUrl":"https:\/\/utel.mx\/blog\/wp-content\/uploads\/2014\/10\/\u00bfEs-importante-un-plan-de-negocios-funcional-BLOG-UT.jpg","width":1000,"height":666,"caption":"\u00bfEs importante un plan de negocios funcional - BLOG UTEL"},{"@type":"BreadcrumbList","@id":"https:\/\/utel.mx\/blog\/rol-personal\/es-importante-un-plan-de-negocios-funcional\/#breadcrumb","itemListElement":[{"@type":"ListItem","position":1,"name":"Home","item":"https:\/\/utel.mx\/blog\/"},{"@type":"ListItem","position":2,"name":"\u00bfEs importante un plan de negocios funcional?"}]},{"@type":"WebSite","@id":"https:\/\/utel.mx\/blog\/#website","url":"https:\/\/utel.mx\/blog\/","name":"BLOG | Utel","description":"Blog UTEL Universidad en L\u00ednea","publisher":{"@id":"https:\/\/utel.mx\/blog\/#organization"},"potentialAction":[{"@type":"SearchAction","target":{"@type":"EntryPoint","urlTemplate":"https:\/\/utel.mx\/blog\/?s={search_term_string}"},"query-input":{"@type":"PropertyValueSpecification","valueRequired":true,"valueName":"search_term_string"}}],"inLanguage":"es"},{"@type":"Organization","@id":"https:\/\/utel.mx\/blog\/#organization","name":"BLOG | Utel","url":"https:\/\/utel.mx\/blog\/","logo":{"@type":"ImageObject","inLanguage":"es","@id":"https:\/\/utel.mx\/blog\/#\/schema\/logo\/image\/","url":"https:\/\/utel.mx\/blog\/wp-content\/uploads\/2023\/03\/cropped-logo-blog.png","contentUrl":"https:\/\/utel.mx\/blog\/wp-content\/uploads\/2023\/03\/cropped-logo-blog.png","width":237,"height":64,"caption":"BLOG | Utel"},"image":{"@id":"https:\/\/utel.mx\/blog\/#\/schema\/logo\/image\/"}},{"@type":"Person","@id":"https:\/\/utel.mx\/blog\/#\/schema\/person\/e5b3d8d918f13bd0b0f4724daa90dd95","name":"Invitados UTEL","image":{"@type":"ImageObject","inLanguage":"es","@id":"https:\/\/utel.mx\/blog\/#\/schema\/person\/image\/","url":"https:\/\/secure.gravatar.com\/avatar\/781456f1128be5a332ab27ea8b902597?s=96&d=mm&r=g","contentUrl":"https:\/\/secure.gravatar.com\/avatar\/781456f1128be5a332ab27ea8b902597?s=96&d=mm&r=g","caption":"Invitados UTEL"},"description":"Invitados . Colaboraciones por parte de invitados de la Comunidad UTEL"}]}},"_links":{"self":[{"href":"https:\/\/utel.mx\/blog\/wp-json\/wp\/v2\/posts\/15994","targetHints":{"allow":["GET"]}}],"collection":[{"href":"https:\/\/utel.mx\/blog\/wp-json\/wp\/v2\/posts"}],"about":[{"href":"https:\/\/utel.mx\/blog\/wp-json\/wp\/v2\/types\/post"}],"author":[{"embeddable":true,"href":"https:\/\/utel.mx\/blog\/wp-json\/wp\/v2\/users\/40"}],"replies":[{"embeddable":true,"href":"https:\/\/utel.mx\/blog\/wp-json\/wp\/v2\/comments?post=15994"}],"version-history":[{"count":1,"href":"https:\/\/utel.mx\/blog\/wp-json\/wp\/v2\/posts\/15994\/revisions"}],"predecessor-version":[{"id":45420,"href":"https:\/\/utel.mx\/blog\/wp-json\/wp\/v2\/posts\/15994\/revisions\/45420"}],"wp:featuredmedia":[{"embeddable":true,"href":"https:\/\/utel.mx\/blog\/wp-json\/wp\/v2\/media\/15995"}],"wp:attachment":[{"href":"https:\/\/utel.mx\/blog\/wp-json\/wp\/v2\/media?parent=15994"}],"wp:term":[{"taxonomy":"category","embeddable":true,"href":"https:\/\/utel.mx\/blog\/wp-json\/wp\/v2\/categories?post=15994"},{"taxonomy":"post_tag","embeddable":true,"href":"https:\/\/utel.mx\/blog\/wp-json\/wp\/v2\/tags?post=15994"}],"curies":[{"name":"wp","href":"https:\/\/api.w.org\/{rel}","templated":true}]}}