{"id":1686,"date":"2013-07-30T17:21:43","date_gmt":"2013-07-30T17:21:43","guid":{"rendered":"http:\/\/utel.mx\/blog\/?p=1686"},"modified":"2023-03-10T16:52:57","modified_gmt":"2023-03-10T16:52:57","slug":"teorias-del-estado-de-derecho","status":"publish","type":"post","link":"https:\/\/utel.mx\/blog\/10-consejos-para\/teorias-del-estado-de-derecho\/","title":{"rendered":"Teor\u00edas del Estado de Derecho"},"content":{"rendered":"<p><span style=\"color: #000000;\">Dentro del dominio de las ciencias sociales existe un campo de conocimiento de car\u00e1cter interdisciplinario, al cual se le denomina Teor\u00eda General del Estado.<\/span><\/p>\n<p><span style=\"color: #000000;\">El Estado de Derecho es aquel que se rige por un sistema de leyes e instituciones ordenado entorno a una instituci\u00f3n, donde las ramas del poder p\u00fablico act\u00faan conforme al ordenamiento y se opone a los sistemas dictatoriales en donde los funcionarios pueden obrar en su libre arbitrio.<\/span><\/p>\n<h2><span style=\"color: #000000;\">\u00bfQu\u00e9 es la Teor\u00eda del Estado?<\/span><\/h2>\n<p><span style=\"color: #000000;\">La Teor\u00eda del Estado es una disciplina que se desarrolla dentro de una rama del derecho p\u00fablico en Alemania a principios del siglo XIX y que tiene como objeto de estudio el fen\u00f3meno \u00abestado\u00bb. Una parte fundamental es la discusi\u00f3n de las diversas teor\u00edas que intentan explicar su significado.<\/span><\/p>\n<p><span style=\"color: #000000;\">Hist\u00f3ricamente hablando, las teor\u00edas organicistas fueron las primeras en aparecer y son aquellas que consideran al estado como un ente similar a los organismos vivos, es decir, una sociedad es un conjunto de individuos que tienen una cultura com\u00fan. Seg\u00fan el organicismo, la sociedad es anterior al sujeto, la cual forma parte de la esencia del ser humano, de tal manera que aquellos que viven aislados de la sociedad no pueden ser considerados como tales.<\/span><\/p>\n<p><span style=\"color: #000000;\">Las teor\u00edas sociol\u00f3gicas del estado entienden a \u00e9ste como una unidad colectiva o de asociaci\u00f3n, caracterizado por el exterminio te\u00f3rico y por los conflictos destructivos que a menudo la acompa\u00f1aron.<\/span><\/p>\n<p><span style=\"color: #000000;\">En la actualidad, la teor\u00eda sociol\u00f3gica designa un desarrollo intelectual, el cual tiende a asociar el mayor n\u00famero de fen\u00f3menos observados de acuerdo a nuestros sentidos, presididos por un principio general explicativo.<\/span><\/p>\n<p><span style=\"color: #000000;\">Entre los especialistas de la teor\u00eda general del estado las teor\u00edas jur\u00eddicas son las que han alcanzado una mayor aceptaci\u00f3n, clasific\u00e1ndose en dos grupos: El primero &nbsp;se refiere a los que sostienen la personalidad jur\u00eddica del estado y&nbsp; que lo identifican con esta rama jur\u00eddica, la exageraci\u00f3n de esta postura es de suponer que las normas lo son todo y proclaman la unidad entre el estado y el derecho.<\/span><\/p>\n<p><span style=\"color: #000000;\">En cuanto a las teor\u00edas pol\u00edticas son aquellas que se basan en valores fundados en doctrinas diversas, tiene como objeto reflexionar sobre c\u00f3mo los seres humanos deber\u00edamos ordenar nuestra convivencia en sociedad, precisando conceptos pol\u00edticos fundamentales como la libertad, igualdad, democracia, etc., examinando cu\u00e1les instituciones y pr\u00e1cticas pol\u00edticas conducen a su realizaci\u00f3n.<\/span><\/p>\n<p><span style=\"color: #000000;\"><b>Iv\u00e1n Mendoza<\/b><\/span><\/p>\n<p><span style=\"color: #000000;\"><b>UTEL Editorial<\/b><\/span><\/p>\n<div id=\"advads-407521491\" class=\"advads-cta-lp-banner-form advads-entity-placement\"><a href=\"https:\/\/utel.mx\/blog\/admisiones-universidad-online\/?utm_source=blog&#038;utm_medium=CTAlink&#038;utm_campaign=MKTseo\" aria-label=\"Universidad en linea\"><img src=\"https:\/\/utel.mx\/blog\/wp-content\/uploads\/2025\/04\/universidad-en-linea-1.png\" alt=\"Universidad en linea\"  srcset=\"https:\/\/utel.mx\/blog\/wp-content\/uploads\/2025\/04\/universidad-en-linea-1.png 626w, https:\/\/utel.mx\/blog\/wp-content\/uploads\/2025\/04\/universidad-en-linea-1-420x168.png 420w\" sizes=\"(max-width: 626px) 100vw, 626px\" width=\"626\" height=\"250\"   \/><\/a><\/div>","protected":false},"excerpt":{"rendered":"<p> [&hellip;]<\/p>\n","protected":false},"author":40,"featured_media":39631,"comment_status":"closed","ping_status":"open","sticky":false,"template":"","format":"standard","meta":{"_acf_changed":false,"site-sidebar-layout":"default","site-content-layout":"","ast-site-content-layout":"","site-content-style":"default","site-sidebar-style":"default","ast-global-header-display":"","ast-banner-title-visibility":"","ast-main-header-display":"","ast-hfb-above-header-display":"","ast-hfb-below-header-display":"","ast-hfb-mobile-header-display":"","site-post-title":"","ast-breadcrumbs-content":"","ast-featured-img":"","footer-sml-layout":"","theme-transparent-header-meta":"","adv-header-id-meta":"","stick-header-meta":"","header-above-stick-meta":"","header-main-stick-meta":"","header-below-stick-meta":"","astra-migrate-meta-layouts":"default","ast-page-background-enabled":"default","ast-page-background-meta":{"desktop":{"background-color":"var(--ast-global-color-4)","background-image":"","background-repeat":"repeat","background-position":"center center","background-size":"auto","background-attachment":"scroll","background-type":"","background-media":"","overlay-type":"","overlay-color":"","overlay-gradient":""},"tablet":{"background-color":"","background-image":"","background-repeat":"repeat","background-position":"center center","background-size":"auto","background-attachment":"scroll","background-type":"","background-media":"","overlay-type":"","overlay-color":"","overlay-gradient":""},"mobile":{"background-color":"","background-image":"","background-repeat":"repeat","background-position":"center center","background-size":"auto","background-attachment":"scroll","background-type":"","background-media":"","overlay-type":"","overlay-color":"","overlay-gradient":""}},"ast-content-background-meta":{"desktop":{"background-color":"var(--ast-global-color-5)","background-image":"","background-repeat":"repeat","background-position":"center center","background-size":"auto","background-attachment":"scroll","background-type":"","background-media":"","overlay-type":"","overlay-color":"","overlay-gradient":""},"tablet":{"background-color":"var(--ast-global-color-5)","background-image":"","background-repeat":"repeat","background-position":"center center","background-size":"auto","background-attachment":"scroll","background-type":"","background-media":"","overlay-type":"","overlay-color":"","overlay-gradient":""},"mobile":{"background-color":"var(--ast-global-color-5)","background-image":"","background-repeat":"repeat","background-position":"center center","background-size":"auto","background-attachment":"scroll","background-type":"","background-media":"","overlay-type":"","overlay-color":"","overlay-gradient":""}},"footnotes":""},"categories":[32],"tags":[],"class_list":["post-1686","post","type-post","status-publish","format-standard","has-post-thumbnail","hentry","category-10-consejos-para"],"acf":[],"yoast_head":"<!-- This site is optimized with the Yoast SEO plugin v26.8 - https:\/\/yoast.com\/product\/yoast-seo-wordpress\/ -->\n<title>Teor\u00edas del Estado de Derecho - BLOG | Utel<\/title>\n<meta name=\"description\" content=\"Conoce todo acerca de las teor\u00edas del Estado de Derecho, c\u00f3mo aplicarlas y para qu\u00e9 sirven.\" \/>\n<meta name=\"robots\" content=\"index, follow, max-snippet:-1, max-image-preview:large, max-video-preview:-1\" \/>\n<link rel=\"canonical\" href=\"https:\/\/utel.mx\/blog\/10-consejos-para\/teorias-del-estado-de-derecho\/\" \/>\n<meta property=\"og:locale\" content=\"es_ES\" \/>\n<meta property=\"og:type\" content=\"article\" \/>\n<meta property=\"og:title\" content=\"Teor\u00edas del Estado de Derecho - BLOG | Utel\" \/>\n<meta property=\"og:description\" content=\"Conoce todo acerca de las teor\u00edas del Estado de Derecho, c\u00f3mo aplicarlas y para qu\u00e9 sirven.\" \/>\n<meta property=\"og:url\" content=\"https:\/\/utel.mx\/blog\/10-consejos-para\/teorias-del-estado-de-derecho\/\" \/>\n<meta property=\"og:site_name\" content=\"BLOG | Utel\" \/>\n<meta property=\"article:published_time\" content=\"2013-07-30T17:21:43+00:00\" \/>\n<meta property=\"article:modified_time\" content=\"2023-03-10T16:52:57+00:00\" \/>\n<meta property=\"og:image\" content=\"https:\/\/utel.mx\/blog\/wp-content\/uploads\/2013\/07\/Teorias-del-estado-de-Derecho.jpg\" \/>\n\t<meta property=\"og:image:width\" content=\"600\" \/>\n\t<meta property=\"og:image:height\" content=\"300\" \/>\n\t<meta property=\"og:image:type\" content=\"image\/jpeg\" \/>\n<meta name=\"author\" content=\"Invitados UTEL\" \/>\n<meta name=\"twitter:label1\" content=\"Written by\" \/>\n\t<meta name=\"twitter:data1\" content=\"Invitados UTEL\" \/>\n\t<meta name=\"twitter:label2\" content=\"Est. reading time\" \/>\n\t<meta name=\"twitter:data2\" content=\"2 minutos\" \/>\n<script type=\"application\/ld+json\" class=\"yoast-schema-graph\">{\"@context\":\"https:\/\/schema.org\",\"@graph\":[{\"@type\":\"Article\",\"@id\":\"https:\/\/utel.mx\/blog\/10-consejos-para\/teorias-del-estado-de-derecho\/#article\",\"isPartOf\":{\"@id\":\"https:\/\/utel.mx\/blog\/10-consejos-para\/teorias-del-estado-de-derecho\/\"},\"author\":{\"name\":\"Invitados UTEL\",\"@id\":\"https:\/\/utel.mx\/blog\/#\/schema\/person\/e5b3d8d918f13bd0b0f4724daa90dd95\"},\"headline\":\"Teor\u00edas del Estado de Derecho\",\"datePublished\":\"2013-07-30T17:21:43+00:00\",\"dateModified\":\"2023-03-10T16:52:57+00:00\",\"mainEntityOfPage\":{\"@id\":\"https:\/\/utel.mx\/blog\/10-consejos-para\/teorias-del-estado-de-derecho\/\"},\"wordCount\":439,\"publisher\":{\"@id\":\"https:\/\/utel.mx\/blog\/#organization\"},\"image\":{\"@id\":\"https:\/\/utel.mx\/blog\/10-consejos-para\/teorias-del-estado-de-derecho\/#primaryimage\"},\"thumbnailUrl\":\"https:\/\/utel.mx\/blog\/wp-content\/uploads\/2013\/07\/Teorias-del-estado-de-Derecho.jpg\",\"articleSection\":[\"Tips\"],\"inLanguage\":\"es\"},{\"@type\":\"WebPage\",\"@id\":\"https:\/\/utel.mx\/blog\/10-consejos-para\/teorias-del-estado-de-derecho\/\",\"url\":\"https:\/\/utel.mx\/blog\/10-consejos-para\/teorias-del-estado-de-derecho\/\",\"name\":\"Teor\u00edas del Estado de Derecho - BLOG | Utel\",\"isPartOf\":{\"@id\":\"https:\/\/utel.mx\/blog\/#website\"},\"primaryImageOfPage\":{\"@id\":\"https:\/\/utel.mx\/blog\/10-consejos-para\/teorias-del-estado-de-derecho\/#primaryimage\"},\"image\":{\"@id\":\"https:\/\/utel.mx\/blog\/10-consejos-para\/teorias-del-estado-de-derecho\/#primaryimage\"},\"thumbnailUrl\":\"https:\/\/utel.mx\/blog\/wp-content\/uploads\/2013\/07\/Teorias-del-estado-de-Derecho.jpg\",\"datePublished\":\"2013-07-30T17:21:43+00:00\",\"dateModified\":\"2023-03-10T16:52:57+00:00\",\"description\":\"Conoce todo acerca de las teor\u00edas del Estado de Derecho, c\u00f3mo aplicarlas y para qu\u00e9 sirven.\",\"breadcrumb\":{\"@id\":\"https:\/\/utel.mx\/blog\/10-consejos-para\/teorias-del-estado-de-derecho\/#breadcrumb\"},\"inLanguage\":\"es\",\"potentialAction\":[{\"@type\":\"ReadAction\",\"target\":[\"https:\/\/utel.mx\/blog\/10-consejos-para\/teorias-del-estado-de-derecho\/\"]}]},{\"@type\":\"ImageObject\",\"inLanguage\":\"es\",\"@id\":\"https:\/\/utel.mx\/blog\/10-consejos-para\/teorias-del-estado-de-derecho\/#primaryimage\",\"url\":\"https:\/\/utel.mx\/blog\/wp-content\/uploads\/2013\/07\/Teorias-del-estado-de-Derecho.jpg\",\"contentUrl\":\"https:\/\/utel.mx\/blog\/wp-content\/uploads\/2013\/07\/Teorias-del-estado-de-Derecho.jpg\",\"width\":600,\"height\":300,\"caption\":\"Teor\u00edas del estado de Derecho\"},{\"@type\":\"BreadcrumbList\",\"@id\":\"https:\/\/utel.mx\/blog\/10-consejos-para\/teorias-del-estado-de-derecho\/#breadcrumb\",\"itemListElement\":[{\"@type\":\"ListItem\",\"position\":1,\"name\":\"Home\",\"item\":\"https:\/\/utel.mx\/blog\/\"},{\"@type\":\"ListItem\",\"position\":2,\"name\":\"Teor\u00edas del Estado de Derecho\"}]},{\"@type\":\"WebSite\",\"@id\":\"https:\/\/utel.mx\/blog\/#website\",\"url\":\"https:\/\/utel.mx\/blog\/\",\"name\":\"BLOG | Utel\",\"description\":\"Blog UTEL Universidad en L\u00ednea\",\"publisher\":{\"@id\":\"https:\/\/utel.mx\/blog\/#organization\"},\"potentialAction\":[{\"@type\":\"SearchAction\",\"target\":{\"@type\":\"EntryPoint\",\"urlTemplate\":\"https:\/\/utel.mx\/blog\/?s={search_term_string}\"},\"query-input\":{\"@type\":\"PropertyValueSpecification\",\"valueRequired\":true,\"valueName\":\"search_term_string\"}}],\"inLanguage\":\"es\"},{\"@type\":\"Organization\",\"@id\":\"https:\/\/utel.mx\/blog\/#organization\",\"name\":\"BLOG | Utel\",\"url\":\"https:\/\/utel.mx\/blog\/\",\"logo\":{\"@type\":\"ImageObject\",\"inLanguage\":\"es\",\"@id\":\"https:\/\/utel.mx\/blog\/#\/schema\/logo\/image\/\",\"url\":\"https:\/\/utel.mx\/blog\/wp-content\/uploads\/2023\/03\/cropped-logo-blog.png\",\"contentUrl\":\"https:\/\/utel.mx\/blog\/wp-content\/uploads\/2023\/03\/cropped-logo-blog.png\",\"width\":237,\"height\":64,\"caption\":\"BLOG | Utel\"},\"image\":{\"@id\":\"https:\/\/utel.mx\/blog\/#\/schema\/logo\/image\/\"}},{\"@type\":\"Person\",\"@id\":\"https:\/\/utel.mx\/blog\/#\/schema\/person\/e5b3d8d918f13bd0b0f4724daa90dd95\",\"name\":\"Invitados UTEL\",\"image\":{\"@type\":\"ImageObject\",\"inLanguage\":\"es\",\"@id\":\"https:\/\/utel.mx\/blog\/#\/schema\/person\/image\/\",\"url\":\"https:\/\/secure.gravatar.com\/avatar\/781456f1128be5a332ab27ea8b902597?s=96&d=mm&r=g\",\"contentUrl\":\"https:\/\/secure.gravatar.com\/avatar\/781456f1128be5a332ab27ea8b902597?s=96&d=mm&r=g\",\"caption\":\"Invitados UTEL\"},\"description\":\"Invitados . Colaboraciones por parte de invitados de la Comunidad UTEL\"}]}<\/script>\n<!-- \/ Yoast SEO plugin. -->","yoast_head_json":{"title":"Teor\u00edas del Estado de Derecho - BLOG | Utel","description":"Conoce todo acerca de las teor\u00edas del Estado de Derecho, c\u00f3mo aplicarlas y para qu\u00e9 sirven.","robots":{"index":"index","follow":"follow","max-snippet":"max-snippet:-1","max-image-preview":"max-image-preview:large","max-video-preview":"max-video-preview:-1"},"canonical":"https:\/\/utel.mx\/blog\/10-consejos-para\/teorias-del-estado-de-derecho\/","og_locale":"es_ES","og_type":"article","og_title":"Teor\u00edas del Estado de Derecho - BLOG | Utel","og_description":"Conoce todo acerca de las teor\u00edas del Estado de Derecho, c\u00f3mo aplicarlas y para qu\u00e9 sirven.","og_url":"https:\/\/utel.mx\/blog\/10-consejos-para\/teorias-del-estado-de-derecho\/","og_site_name":"BLOG | Utel","article_published_time":"2013-07-30T17:21:43+00:00","article_modified_time":"2023-03-10T16:52:57+00:00","og_image":[{"width":600,"height":300,"url":"https:\/\/utel.mx\/blog\/wp-content\/uploads\/2013\/07\/Teorias-del-estado-de-Derecho.jpg","type":"image\/jpeg"}],"author":"Invitados UTEL","twitter_misc":{"Written by":"Invitados UTEL","Est. reading time":"2 minutos"},"schema":{"@context":"https:\/\/schema.org","@graph":[{"@type":"Article","@id":"https:\/\/utel.mx\/blog\/10-consejos-para\/teorias-del-estado-de-derecho\/#article","isPartOf":{"@id":"https:\/\/utel.mx\/blog\/10-consejos-para\/teorias-del-estado-de-derecho\/"},"author":{"name":"Invitados UTEL","@id":"https:\/\/utel.mx\/blog\/#\/schema\/person\/e5b3d8d918f13bd0b0f4724daa90dd95"},"headline":"Teor\u00edas del Estado de Derecho","datePublished":"2013-07-30T17:21:43+00:00","dateModified":"2023-03-10T16:52:57+00:00","mainEntityOfPage":{"@id":"https:\/\/utel.mx\/blog\/10-consejos-para\/teorias-del-estado-de-derecho\/"},"wordCount":439,"publisher":{"@id":"https:\/\/utel.mx\/blog\/#organization"},"image":{"@id":"https:\/\/utel.mx\/blog\/10-consejos-para\/teorias-del-estado-de-derecho\/#primaryimage"},"thumbnailUrl":"https:\/\/utel.mx\/blog\/wp-content\/uploads\/2013\/07\/Teorias-del-estado-de-Derecho.jpg","articleSection":["Tips"],"inLanguage":"es"},{"@type":"WebPage","@id":"https:\/\/utel.mx\/blog\/10-consejos-para\/teorias-del-estado-de-derecho\/","url":"https:\/\/utel.mx\/blog\/10-consejos-para\/teorias-del-estado-de-derecho\/","name":"Teor\u00edas del Estado de Derecho - BLOG | Utel","isPartOf":{"@id":"https:\/\/utel.mx\/blog\/#website"},"primaryImageOfPage":{"@id":"https:\/\/utel.mx\/blog\/10-consejos-para\/teorias-del-estado-de-derecho\/#primaryimage"},"image":{"@id":"https:\/\/utel.mx\/blog\/10-consejos-para\/teorias-del-estado-de-derecho\/#primaryimage"},"thumbnailUrl":"https:\/\/utel.mx\/blog\/wp-content\/uploads\/2013\/07\/Teorias-del-estado-de-Derecho.jpg","datePublished":"2013-07-30T17:21:43+00:00","dateModified":"2023-03-10T16:52:57+00:00","description":"Conoce todo acerca de las teor\u00edas del Estado de Derecho, c\u00f3mo aplicarlas y para qu\u00e9 sirven.","breadcrumb":{"@id":"https:\/\/utel.mx\/blog\/10-consejos-para\/teorias-del-estado-de-derecho\/#breadcrumb"},"inLanguage":"es","potentialAction":[{"@type":"ReadAction","target":["https:\/\/utel.mx\/blog\/10-consejos-para\/teorias-del-estado-de-derecho\/"]}]},{"@type":"ImageObject","inLanguage":"es","@id":"https:\/\/utel.mx\/blog\/10-consejos-para\/teorias-del-estado-de-derecho\/#primaryimage","url":"https:\/\/utel.mx\/blog\/wp-content\/uploads\/2013\/07\/Teorias-del-estado-de-Derecho.jpg","contentUrl":"https:\/\/utel.mx\/blog\/wp-content\/uploads\/2013\/07\/Teorias-del-estado-de-Derecho.jpg","width":600,"height":300,"caption":"Teor\u00edas del estado de Derecho"},{"@type":"BreadcrumbList","@id":"https:\/\/utel.mx\/blog\/10-consejos-para\/teorias-del-estado-de-derecho\/#breadcrumb","itemListElement":[{"@type":"ListItem","position":1,"name":"Home","item":"https:\/\/utel.mx\/blog\/"},{"@type":"ListItem","position":2,"name":"Teor\u00edas del Estado de Derecho"}]},{"@type":"WebSite","@id":"https:\/\/utel.mx\/blog\/#website","url":"https:\/\/utel.mx\/blog\/","name":"BLOG | Utel","description":"Blog UTEL Universidad en L\u00ednea","publisher":{"@id":"https:\/\/utel.mx\/blog\/#organization"},"potentialAction":[{"@type":"SearchAction","target":{"@type":"EntryPoint","urlTemplate":"https:\/\/utel.mx\/blog\/?s={search_term_string}"},"query-input":{"@type":"PropertyValueSpecification","valueRequired":true,"valueName":"search_term_string"}}],"inLanguage":"es"},{"@type":"Organization","@id":"https:\/\/utel.mx\/blog\/#organization","name":"BLOG | Utel","url":"https:\/\/utel.mx\/blog\/","logo":{"@type":"ImageObject","inLanguage":"es","@id":"https:\/\/utel.mx\/blog\/#\/schema\/logo\/image\/","url":"https:\/\/utel.mx\/blog\/wp-content\/uploads\/2023\/03\/cropped-logo-blog.png","contentUrl":"https:\/\/utel.mx\/blog\/wp-content\/uploads\/2023\/03\/cropped-logo-blog.png","width":237,"height":64,"caption":"BLOG | Utel"},"image":{"@id":"https:\/\/utel.mx\/blog\/#\/schema\/logo\/image\/"}},{"@type":"Person","@id":"https:\/\/utel.mx\/blog\/#\/schema\/person\/e5b3d8d918f13bd0b0f4724daa90dd95","name":"Invitados UTEL","image":{"@type":"ImageObject","inLanguage":"es","@id":"https:\/\/utel.mx\/blog\/#\/schema\/person\/image\/","url":"https:\/\/secure.gravatar.com\/avatar\/781456f1128be5a332ab27ea8b902597?s=96&d=mm&r=g","contentUrl":"https:\/\/secure.gravatar.com\/avatar\/781456f1128be5a332ab27ea8b902597?s=96&d=mm&r=g","caption":"Invitados UTEL"},"description":"Invitados . Colaboraciones por parte de invitados de la Comunidad UTEL"}]}},"_links":{"self":[{"href":"https:\/\/utel.mx\/blog\/wp-json\/wp\/v2\/posts\/1686","targetHints":{"allow":["GET"]}}],"collection":[{"href":"https:\/\/utel.mx\/blog\/wp-json\/wp\/v2\/posts"}],"about":[{"href":"https:\/\/utel.mx\/blog\/wp-json\/wp\/v2\/types\/post"}],"author":[{"embeddable":true,"href":"https:\/\/utel.mx\/blog\/wp-json\/wp\/v2\/users\/40"}],"replies":[{"embeddable":true,"href":"https:\/\/utel.mx\/blog\/wp-json\/wp\/v2\/comments?post=1686"}],"version-history":[{"count":2,"href":"https:\/\/utel.mx\/blog\/wp-json\/wp\/v2\/posts\/1686\/revisions"}],"predecessor-version":[{"id":39632,"href":"https:\/\/utel.mx\/blog\/wp-json\/wp\/v2\/posts\/1686\/revisions\/39632"}],"wp:featuredmedia":[{"embeddable":true,"href":"https:\/\/utel.mx\/blog\/wp-json\/wp\/v2\/media\/39631"}],"wp:attachment":[{"href":"https:\/\/utel.mx\/blog\/wp-json\/wp\/v2\/media?parent=1686"}],"wp:term":[{"taxonomy":"category","embeddable":true,"href":"https:\/\/utel.mx\/blog\/wp-json\/wp\/v2\/categories?post=1686"},{"taxonomy":"post_tag","embeddable":true,"href":"https:\/\/utel.mx\/blog\/wp-json\/wp\/v2\/tags?post=1686"}],"curies":[{"name":"wp","href":"https:\/\/api.w.org\/{rel}","templated":true}]}}