{"id":17971,"date":"2015-04-28T16:09:42","date_gmt":"2015-04-28T16:09:42","guid":{"rendered":"http:\/\/utel.mx\/blog\/?p=17971"},"modified":"2023-03-10T17:05:17","modified_gmt":"2023-03-10T17:05:17","slug":"cuales-son-los-pasos-de-la-administracion-estrategica","status":"publish","type":"post","link":"https:\/\/utel.mx\/blog\/dia-a-dia\/retos-profesionales\/cuales-son-los-pasos-de-la-administracion-estrategica\/","title":{"rendered":"\u00bfCu\u00e1les son los pasos de la administraci\u00f3n estrat\u00e9gica?"},"content":{"rendered":"<p><span style=\"color: #000000;\">Una perfecta introducci\u00f3n a la <strong>administraci\u00f3n estrat\u00e9gica<\/strong> son sus cuatro pasos esenciales: <em>An\u00e1lisis ambiental, formulaci\u00f3n de estrategia, implementaci\u00f3n de estrategia y evaluaci\u00f3n y control. <\/em>De estos cuatro elementos depende un proceso aceptable de administraci\u00f3n para cualquier nueva organizaci\u00f3n.<\/span><\/p>\n<p><span style=\"color: #000000;\">Una nueva organizaci\u00f3n debe de asumir riesgos (y antes de eso debe puntualizarlos mediante un m\u00e9todo) y debe de estar siempre en disposici\u00f3n de innovar. Partiendo desde el punto de vista de la teor\u00eda moderna de las organizaciones, los puntos clave de la administraci\u00f3n estrat\u00e9gica son estos, pues de ellos se desprende un proceso de reconocimiento y de acci\u00f3n.<\/span><\/p>\n<h2><span style=\"color: #000000;\">Pasos de la administraci\u00f3n estrat\u00e9gica<\/span><\/h2>\n<p><span style=\"color: #000000;\">El primero de ellos, el <em>an\u00e1lisis ambiental<\/em> se ocupa de reconocer las fortalezas y las debilidades de la organizaci\u00f3n, tanto en el ambiente social e industrial, como en su estructura, recursos y cultura. B\u00e1sicamente este primer paso es un proceso de recolecci\u00f3n de informaci\u00f3n. En esta primera fase se deben de reconocer las oportunidades y amenazas (para ello existe una gran variedad de herramientas), as\u00ed como ubicar las fuerzas generales y los posibles alcances de la empresa.<\/span><\/p>\n<p><span style=\"color: #000000;\">En el segundo escal\u00f3n, la <em>formulaci\u00f3n de la estrategia, <\/em>es cuando debemos de establecer la raz\u00f3n, objetivos, estrategias y pol\u00edticas con las que trabajaremos. De esto se desprende la raz\u00f3n de existir, definir qu\u00e9 resultados se requieren y cu\u00e1l ser\u00e1 el plan para lograrlos. En la parte de <em>Implementaci\u00f3n de la estrategia <\/em>debemos de poner en marcha ese plan que realizamos con anterioridad, para esto debemos de basarnos en programas (actividades necesarias), su costo (presupuesto) y sus procedimientos exactos.<\/span><\/p>\n<p><span style=\"color: #000000;\">Claro que el \u00faltimo paso de la columna vertebral de nuestra estrategia es el de <em>Evaluaci\u00f3n y control. <\/em>Aqu\u00ed se pretende establecer una forma de <em>supervisi\u00f3n<\/em> del desempe\u00f1o deseado.<\/span><\/p>\n<p><span style=\"color: #000000;\">Mediante estos sencillos elementos podemos estar al tanto de la fuerza y la posible debilidad que pueda tener nuestra empresa. Asimismo, podemos estar al tanto de los est\u00edmulos y modificar la estructura y estrategias con el objetivo de conseguir mejores resultados.<\/span><\/p>\n<p><span style=\"color: #000000;\">Fuente:<\/span><\/p>\n<p><a href=\"http:\/\/biblio3.url.edu.gt\/Publi\/Libros\/ADMestrategicaypolitica\/01.pdf\">http:\/\/biblio3.url.edu.gt\/Publi\/Libros\/ADMestrategicaypolitica\/01.pdf<\/a><\/p>\n<p><a href=\"http:\/\/contacto.utel.edu.mx\/online\/formd\/UTEL\/?utm_source=blog&amp;utm_medium=boton-contacto&amp;utm_campaign=Cuales-son-los-pasos-de-la-administracion-estrategica\" target=\"_blank\" rel=\"noopener\"><img decoding=\"async\" class=\"aligncenter size-full wp-image-16700\" src=\"http:\/\/utel.mx\/blog\/wp-content\/uploads\/2015\/02\/boton_blog.png\" alt=\"\u00bfCu\u00e1les son los pasos de la administraci\u00f3n estrat\u00e9gica?\" width=\"232\" height=\"71\"><\/a><\/p>\n<div id=\"advads-1177166690\" class=\"advads-cta-lp-banner-form advads-entity-placement\"><a href=\"https:\/\/utel.mx\/blog\/admisiones-universidad-online\/?utm_source=blog&#038;utm_medium=CTAlink&#038;utm_campaign=MKTseo\" aria-label=\"Universidad en linea\"><img src=\"https:\/\/utel.mx\/blog\/wp-content\/uploads\/2025\/04\/universidad-en-linea-1.png\" alt=\"Universidad en linea\"  srcset=\"https:\/\/utel.mx\/blog\/wp-content\/uploads\/2025\/04\/universidad-en-linea-1.png 626w, https:\/\/utel.mx\/blog\/wp-content\/uploads\/2025\/04\/universidad-en-linea-1-420x168.png 420w\" sizes=\"(max-width: 626px) 100vw, 626px\" width=\"626\" height=\"250\"   \/><\/a><\/div>","protected":false},"excerpt":{"rendered":"<p> [&hellip;]<\/p>\n","protected":false},"author":40,"featured_media":39514,"comment_status":"closed","ping_status":"open","sticky":false,"template":"","format":"standard","meta":{"_acf_changed":false,"site-sidebar-layout":"default","site-content-layout":"","ast-site-content-layout":"","site-content-style":"default","site-sidebar-style":"default","ast-global-header-display":"","ast-banner-title-visibility":"","ast-main-header-display":"","ast-hfb-above-header-display":"","ast-hfb-below-header-display":"","ast-hfb-mobile-header-display":"","site-post-title":"","ast-breadcrumbs-content":"","ast-featured-img":"","footer-sml-layout":"","theme-transparent-header-meta":"","adv-header-id-meta":"","stick-header-meta":"","header-above-stick-meta":"","header-main-stick-meta":"","header-below-stick-meta":"","astra-migrate-meta-layouts":"default","ast-page-background-enabled":"default","ast-page-background-meta":{"desktop":{"background-color":"var(--ast-global-color-4)","background-image":"","background-repeat":"repeat","background-position":"center center","background-size":"auto","background-attachment":"scroll","background-type":"","background-media":"","overlay-type":"","overlay-color":"","overlay-gradient":""},"tablet":{"background-color":"","background-image":"","background-repeat":"repeat","background-position":"center center","background-size":"auto","background-attachment":"scroll","background-type":"","background-media":"","overlay-type":"","overlay-color":"","overlay-gradient":""},"mobile":{"background-color":"","background-image":"","background-repeat":"repeat","background-position":"center center","background-size":"auto","background-attachment":"scroll","background-type":"","background-media":"","overlay-type":"","overlay-color":"","overlay-gradient":""}},"ast-content-background-meta":{"desktop":{"background-color":"var(--ast-global-color-5)","background-image":"","background-repeat":"repeat","background-position":"center center","background-size":"auto","background-attachment":"scroll","background-type":"","background-media":"","overlay-type":"","overlay-color":"","overlay-gradient":""},"tablet":{"background-color":"var(--ast-global-color-5)","background-image":"","background-repeat":"repeat","background-position":"center center","background-size":"auto","background-attachment":"scroll","background-type":"","background-media":"","overlay-type":"","overlay-color":"","overlay-gradient":""},"mobile":{"background-color":"var(--ast-global-color-5)","background-image":"","background-repeat":"repeat","background-position":"center center","background-size":"auto","background-attachment":"scroll","background-type":"","background-media":"","overlay-type":"","overlay-color":"","overlay-gradient":""}},"footnotes":""},"categories":[3164],"tags":[],"class_list":["post-17971","post","type-post","status-publish","format-standard","has-post-thumbnail","hentry","category-retos-profesionales"],"acf":[],"yoast_head":"<!-- This site is optimized with the Yoast SEO plugin v26.8 - https:\/\/yoast.com\/product\/yoast-seo-wordpress\/ -->\n<title>\u00bfCu\u00e1les son los pasos de la administraci\u00f3n estrat\u00e9gica? - BLOG | Utel<\/title>\n<meta name=\"description\" content=\"Conoce un poco m\u00e1s sobre la administraci\u00f3n estrat\u00e9gica y alguno de los pasos dentro de este modelo.\" \/>\n<meta name=\"robots\" content=\"index, follow, max-snippet:-1, max-image-preview:large, max-video-preview:-1\" \/>\n<link rel=\"canonical\" href=\"https:\/\/utel.mx\/blog\/dia-a-dia\/retos-profesionales\/cuales-son-los-pasos-de-la-administracion-estrategica\/\" \/>\n<meta property=\"og:locale\" content=\"es_ES\" \/>\n<meta property=\"og:type\" content=\"article\" \/>\n<meta property=\"og:title\" content=\"\u00bfCu\u00e1les son los pasos de la administraci\u00f3n estrat\u00e9gica? - BLOG | Utel\" \/>\n<meta property=\"og:description\" content=\"Conoce un poco m\u00e1s sobre la administraci\u00f3n estrat\u00e9gica y alguno de los pasos dentro de este modelo.\" \/>\n<meta property=\"og:url\" content=\"https:\/\/utel.mx\/blog\/dia-a-dia\/retos-profesionales\/cuales-son-los-pasos-de-la-administracion-estrategica\/\" \/>\n<meta property=\"og:site_name\" content=\"BLOG | Utel\" \/>\n<meta property=\"article:published_time\" content=\"2015-04-28T16:09:42+00:00\" \/>\n<meta property=\"article:modified_time\" content=\"2023-03-10T17:05:17+00:00\" \/>\n<meta property=\"og:image\" content=\"https:\/\/utel.mx\/blog\/wp-content\/uploads\/2015\/04\/Cuales-son-los-pasos-de-la-Administracion-Estrategica.jpg\" \/>\n\t<meta property=\"og:image:width\" content=\"600\" \/>\n\t<meta property=\"og:image:height\" content=\"300\" \/>\n\t<meta property=\"og:image:type\" content=\"image\/jpeg\" \/>\n<meta name=\"author\" content=\"Invitados UTEL\" \/>\n<meta name=\"twitter:label1\" content=\"Written by\" \/>\n\t<meta name=\"twitter:data1\" content=\"Invitados UTEL\" \/>\n\t<meta name=\"twitter:label2\" content=\"Est. reading time\" \/>\n\t<meta name=\"twitter:data2\" content=\"2 minutos\" \/>\n<script type=\"application\/ld+json\" class=\"yoast-schema-graph\">{\"@context\":\"https:\/\/schema.org\",\"@graph\":[{\"@type\":\"Article\",\"@id\":\"https:\/\/utel.mx\/blog\/dia-a-dia\/retos-profesionales\/cuales-son-los-pasos-de-la-administracion-estrategica\/#article\",\"isPartOf\":{\"@id\":\"https:\/\/utel.mx\/blog\/dia-a-dia\/retos-profesionales\/cuales-son-los-pasos-de-la-administracion-estrategica\/\"},\"author\":{\"name\":\"Invitados UTEL\",\"@id\":\"https:\/\/utel.mx\/blog\/#\/schema\/person\/e5b3d8d918f13bd0b0f4724daa90dd95\"},\"headline\":\"\u00bfCu\u00e1les son los pasos de la administraci\u00f3n estrat\u00e9gica?\",\"datePublished\":\"2015-04-28T16:09:42+00:00\",\"dateModified\":\"2023-03-10T17:05:17+00:00\",\"mainEntityOfPage\":{\"@id\":\"https:\/\/utel.mx\/blog\/dia-a-dia\/retos-profesionales\/cuales-son-los-pasos-de-la-administracion-estrategica\/\"},\"wordCount\":383,\"publisher\":{\"@id\":\"https:\/\/utel.mx\/blog\/#organization\"},\"image\":{\"@id\":\"https:\/\/utel.mx\/blog\/dia-a-dia\/retos-profesionales\/cuales-son-los-pasos-de-la-administracion-estrategica\/#primaryimage\"},\"thumbnailUrl\":\"https:\/\/utel.mx\/blog\/wp-content\/uploads\/2015\/04\/Cuales-son-los-pasos-de-la-Administracion-Estrategica.jpg\",\"articleSection\":[\"Retos profesionales\"],\"inLanguage\":\"es\"},{\"@type\":\"WebPage\",\"@id\":\"https:\/\/utel.mx\/blog\/dia-a-dia\/retos-profesionales\/cuales-son-los-pasos-de-la-administracion-estrategica\/\",\"url\":\"https:\/\/utel.mx\/blog\/dia-a-dia\/retos-profesionales\/cuales-son-los-pasos-de-la-administracion-estrategica\/\",\"name\":\"\u00bfCu\u00e1les son los pasos de la administraci\u00f3n estrat\u00e9gica? - BLOG | Utel\",\"isPartOf\":{\"@id\":\"https:\/\/utel.mx\/blog\/#website\"},\"primaryImageOfPage\":{\"@id\":\"https:\/\/utel.mx\/blog\/dia-a-dia\/retos-profesionales\/cuales-son-los-pasos-de-la-administracion-estrategica\/#primaryimage\"},\"image\":{\"@id\":\"https:\/\/utel.mx\/blog\/dia-a-dia\/retos-profesionales\/cuales-son-los-pasos-de-la-administracion-estrategica\/#primaryimage\"},\"thumbnailUrl\":\"https:\/\/utel.mx\/blog\/wp-content\/uploads\/2015\/04\/Cuales-son-los-pasos-de-la-Administracion-Estrategica.jpg\",\"datePublished\":\"2015-04-28T16:09:42+00:00\",\"dateModified\":\"2023-03-10T17:05:17+00:00\",\"description\":\"Conoce un poco m\u00e1s sobre la administraci\u00f3n estrat\u00e9gica y alguno de los pasos dentro de este modelo.\",\"breadcrumb\":{\"@id\":\"https:\/\/utel.mx\/blog\/dia-a-dia\/retos-profesionales\/cuales-son-los-pasos-de-la-administracion-estrategica\/#breadcrumb\"},\"inLanguage\":\"es\",\"potentialAction\":[{\"@type\":\"ReadAction\",\"target\":[\"https:\/\/utel.mx\/blog\/dia-a-dia\/retos-profesionales\/cuales-son-los-pasos-de-la-administracion-estrategica\/\"]}]},{\"@type\":\"ImageObject\",\"inLanguage\":\"es\",\"@id\":\"https:\/\/utel.mx\/blog\/dia-a-dia\/retos-profesionales\/cuales-son-los-pasos-de-la-administracion-estrategica\/#primaryimage\",\"url\":\"https:\/\/utel.mx\/blog\/wp-content\/uploads\/2015\/04\/Cuales-son-los-pasos-de-la-Administracion-Estrategica.jpg\",\"contentUrl\":\"https:\/\/utel.mx\/blog\/wp-content\/uploads\/2015\/04\/Cuales-son-los-pasos-de-la-Administracion-Estrategica.jpg\",\"width\":600,\"height\":300,\"caption\":\"Cu\u00e1les son los pasos de la Administraci\u00f3n Estrat\u00e9gica\"},{\"@type\":\"BreadcrumbList\",\"@id\":\"https:\/\/utel.mx\/blog\/dia-a-dia\/retos-profesionales\/cuales-son-los-pasos-de-la-administracion-estrategica\/#breadcrumb\",\"itemListElement\":[{\"@type\":\"ListItem\",\"position\":1,\"name\":\"Home\",\"item\":\"https:\/\/utel.mx\/blog\/\"},{\"@type\":\"ListItem\",\"position\":2,\"name\":\"\u00bfCu\u00e1les son los pasos de la administraci\u00f3n estrat\u00e9gica?\"}]},{\"@type\":\"WebSite\",\"@id\":\"https:\/\/utel.mx\/blog\/#website\",\"url\":\"https:\/\/utel.mx\/blog\/\",\"name\":\"BLOG | Utel\",\"description\":\"Blog UTEL Universidad en L\u00ednea\",\"publisher\":{\"@id\":\"https:\/\/utel.mx\/blog\/#organization\"},\"potentialAction\":[{\"@type\":\"SearchAction\",\"target\":{\"@type\":\"EntryPoint\",\"urlTemplate\":\"https:\/\/utel.mx\/blog\/?s={search_term_string}\"},\"query-input\":{\"@type\":\"PropertyValueSpecification\",\"valueRequired\":true,\"valueName\":\"search_term_string\"}}],\"inLanguage\":\"es\"},{\"@type\":\"Organization\",\"@id\":\"https:\/\/utel.mx\/blog\/#organization\",\"name\":\"BLOG | Utel\",\"url\":\"https:\/\/utel.mx\/blog\/\",\"logo\":{\"@type\":\"ImageObject\",\"inLanguage\":\"es\",\"@id\":\"https:\/\/utel.mx\/blog\/#\/schema\/logo\/image\/\",\"url\":\"https:\/\/utel.mx\/blog\/wp-content\/uploads\/2023\/03\/cropped-logo-blog.png\",\"contentUrl\":\"https:\/\/utel.mx\/blog\/wp-content\/uploads\/2023\/03\/cropped-logo-blog.png\",\"width\":237,\"height\":64,\"caption\":\"BLOG | Utel\"},\"image\":{\"@id\":\"https:\/\/utel.mx\/blog\/#\/schema\/logo\/image\/\"}},{\"@type\":\"Person\",\"@id\":\"https:\/\/utel.mx\/blog\/#\/schema\/person\/e5b3d8d918f13bd0b0f4724daa90dd95\",\"name\":\"Invitados UTEL\",\"image\":{\"@type\":\"ImageObject\",\"inLanguage\":\"es\",\"@id\":\"https:\/\/utel.mx\/blog\/#\/schema\/person\/image\/\",\"url\":\"https:\/\/secure.gravatar.com\/avatar\/781456f1128be5a332ab27ea8b902597?s=96&d=mm&r=g\",\"contentUrl\":\"https:\/\/secure.gravatar.com\/avatar\/781456f1128be5a332ab27ea8b902597?s=96&d=mm&r=g\",\"caption\":\"Invitados UTEL\"},\"description\":\"Invitados . Colaboraciones por parte de invitados de la Comunidad UTEL\"}]}<\/script>\n<!-- \/ Yoast SEO plugin. -->","yoast_head_json":{"title":"\u00bfCu\u00e1les son los pasos de la administraci\u00f3n estrat\u00e9gica? - BLOG | Utel","description":"Conoce un poco m\u00e1s sobre la administraci\u00f3n estrat\u00e9gica y alguno de los pasos dentro de este modelo.","robots":{"index":"index","follow":"follow","max-snippet":"max-snippet:-1","max-image-preview":"max-image-preview:large","max-video-preview":"max-video-preview:-1"},"canonical":"https:\/\/utel.mx\/blog\/dia-a-dia\/retos-profesionales\/cuales-son-los-pasos-de-la-administracion-estrategica\/","og_locale":"es_ES","og_type":"article","og_title":"\u00bfCu\u00e1les son los pasos de la administraci\u00f3n estrat\u00e9gica? - BLOG | Utel","og_description":"Conoce un poco m\u00e1s sobre la administraci\u00f3n estrat\u00e9gica y alguno de los pasos dentro de este modelo.","og_url":"https:\/\/utel.mx\/blog\/dia-a-dia\/retos-profesionales\/cuales-son-los-pasos-de-la-administracion-estrategica\/","og_site_name":"BLOG | Utel","article_published_time":"2015-04-28T16:09:42+00:00","article_modified_time":"2023-03-10T17:05:17+00:00","og_image":[{"width":600,"height":300,"url":"https:\/\/utel.mx\/blog\/wp-content\/uploads\/2015\/04\/Cuales-son-los-pasos-de-la-Administracion-Estrategica.jpg","type":"image\/jpeg"}],"author":"Invitados UTEL","twitter_misc":{"Written by":"Invitados UTEL","Est. reading time":"2 minutos"},"schema":{"@context":"https:\/\/schema.org","@graph":[{"@type":"Article","@id":"https:\/\/utel.mx\/blog\/dia-a-dia\/retos-profesionales\/cuales-son-los-pasos-de-la-administracion-estrategica\/#article","isPartOf":{"@id":"https:\/\/utel.mx\/blog\/dia-a-dia\/retos-profesionales\/cuales-son-los-pasos-de-la-administracion-estrategica\/"},"author":{"name":"Invitados UTEL","@id":"https:\/\/utel.mx\/blog\/#\/schema\/person\/e5b3d8d918f13bd0b0f4724daa90dd95"},"headline":"\u00bfCu\u00e1les son los pasos de la administraci\u00f3n estrat\u00e9gica?","datePublished":"2015-04-28T16:09:42+00:00","dateModified":"2023-03-10T17:05:17+00:00","mainEntityOfPage":{"@id":"https:\/\/utel.mx\/blog\/dia-a-dia\/retos-profesionales\/cuales-son-los-pasos-de-la-administracion-estrategica\/"},"wordCount":383,"publisher":{"@id":"https:\/\/utel.mx\/blog\/#organization"},"image":{"@id":"https:\/\/utel.mx\/blog\/dia-a-dia\/retos-profesionales\/cuales-son-los-pasos-de-la-administracion-estrategica\/#primaryimage"},"thumbnailUrl":"https:\/\/utel.mx\/blog\/wp-content\/uploads\/2015\/04\/Cuales-son-los-pasos-de-la-Administracion-Estrategica.jpg","articleSection":["Retos profesionales"],"inLanguage":"es"},{"@type":"WebPage","@id":"https:\/\/utel.mx\/blog\/dia-a-dia\/retos-profesionales\/cuales-son-los-pasos-de-la-administracion-estrategica\/","url":"https:\/\/utel.mx\/blog\/dia-a-dia\/retos-profesionales\/cuales-son-los-pasos-de-la-administracion-estrategica\/","name":"\u00bfCu\u00e1les son los pasos de la administraci\u00f3n estrat\u00e9gica? - BLOG | Utel","isPartOf":{"@id":"https:\/\/utel.mx\/blog\/#website"},"primaryImageOfPage":{"@id":"https:\/\/utel.mx\/blog\/dia-a-dia\/retos-profesionales\/cuales-son-los-pasos-de-la-administracion-estrategica\/#primaryimage"},"image":{"@id":"https:\/\/utel.mx\/blog\/dia-a-dia\/retos-profesionales\/cuales-son-los-pasos-de-la-administracion-estrategica\/#primaryimage"},"thumbnailUrl":"https:\/\/utel.mx\/blog\/wp-content\/uploads\/2015\/04\/Cuales-son-los-pasos-de-la-Administracion-Estrategica.jpg","datePublished":"2015-04-28T16:09:42+00:00","dateModified":"2023-03-10T17:05:17+00:00","description":"Conoce un poco m\u00e1s sobre la administraci\u00f3n estrat\u00e9gica y alguno de los pasos dentro de este modelo.","breadcrumb":{"@id":"https:\/\/utel.mx\/blog\/dia-a-dia\/retos-profesionales\/cuales-son-los-pasos-de-la-administracion-estrategica\/#breadcrumb"},"inLanguage":"es","potentialAction":[{"@type":"ReadAction","target":["https:\/\/utel.mx\/blog\/dia-a-dia\/retos-profesionales\/cuales-son-los-pasos-de-la-administracion-estrategica\/"]}]},{"@type":"ImageObject","inLanguage":"es","@id":"https:\/\/utel.mx\/blog\/dia-a-dia\/retos-profesionales\/cuales-son-los-pasos-de-la-administracion-estrategica\/#primaryimage","url":"https:\/\/utel.mx\/blog\/wp-content\/uploads\/2015\/04\/Cuales-son-los-pasos-de-la-Administracion-Estrategica.jpg","contentUrl":"https:\/\/utel.mx\/blog\/wp-content\/uploads\/2015\/04\/Cuales-son-los-pasos-de-la-Administracion-Estrategica.jpg","width":600,"height":300,"caption":"Cu\u00e1les son los pasos de la Administraci\u00f3n Estrat\u00e9gica"},{"@type":"BreadcrumbList","@id":"https:\/\/utel.mx\/blog\/dia-a-dia\/retos-profesionales\/cuales-son-los-pasos-de-la-administracion-estrategica\/#breadcrumb","itemListElement":[{"@type":"ListItem","position":1,"name":"Home","item":"https:\/\/utel.mx\/blog\/"},{"@type":"ListItem","position":2,"name":"\u00bfCu\u00e1les son los pasos de la administraci\u00f3n estrat\u00e9gica?"}]},{"@type":"WebSite","@id":"https:\/\/utel.mx\/blog\/#website","url":"https:\/\/utel.mx\/blog\/","name":"BLOG | Utel","description":"Blog UTEL Universidad en L\u00ednea","publisher":{"@id":"https:\/\/utel.mx\/blog\/#organization"},"potentialAction":[{"@type":"SearchAction","target":{"@type":"EntryPoint","urlTemplate":"https:\/\/utel.mx\/blog\/?s={search_term_string}"},"query-input":{"@type":"PropertyValueSpecification","valueRequired":true,"valueName":"search_term_string"}}],"inLanguage":"es"},{"@type":"Organization","@id":"https:\/\/utel.mx\/blog\/#organization","name":"BLOG | Utel","url":"https:\/\/utel.mx\/blog\/","logo":{"@type":"ImageObject","inLanguage":"es","@id":"https:\/\/utel.mx\/blog\/#\/schema\/logo\/image\/","url":"https:\/\/utel.mx\/blog\/wp-content\/uploads\/2023\/03\/cropped-logo-blog.png","contentUrl":"https:\/\/utel.mx\/blog\/wp-content\/uploads\/2023\/03\/cropped-logo-blog.png","width":237,"height":64,"caption":"BLOG | Utel"},"image":{"@id":"https:\/\/utel.mx\/blog\/#\/schema\/logo\/image\/"}},{"@type":"Person","@id":"https:\/\/utel.mx\/blog\/#\/schema\/person\/e5b3d8d918f13bd0b0f4724daa90dd95","name":"Invitados UTEL","image":{"@type":"ImageObject","inLanguage":"es","@id":"https:\/\/utel.mx\/blog\/#\/schema\/person\/image\/","url":"https:\/\/secure.gravatar.com\/avatar\/781456f1128be5a332ab27ea8b902597?s=96&d=mm&r=g","contentUrl":"https:\/\/secure.gravatar.com\/avatar\/781456f1128be5a332ab27ea8b902597?s=96&d=mm&r=g","caption":"Invitados UTEL"},"description":"Invitados . Colaboraciones por parte de invitados de la Comunidad UTEL"}]}},"_links":{"self":[{"href":"https:\/\/utel.mx\/blog\/wp-json\/wp\/v2\/posts\/17971","targetHints":{"allow":["GET"]}}],"collection":[{"href":"https:\/\/utel.mx\/blog\/wp-json\/wp\/v2\/posts"}],"about":[{"href":"https:\/\/utel.mx\/blog\/wp-json\/wp\/v2\/types\/post"}],"author":[{"embeddable":true,"href":"https:\/\/utel.mx\/blog\/wp-json\/wp\/v2\/users\/40"}],"replies":[{"embeddable":true,"href":"https:\/\/utel.mx\/blog\/wp-json\/wp\/v2\/comments?post=17971"}],"version-history":[{"count":3,"href":"https:\/\/utel.mx\/blog\/wp-json\/wp\/v2\/posts\/17971\/revisions"}],"predecessor-version":[{"id":39515,"href":"https:\/\/utel.mx\/blog\/wp-json\/wp\/v2\/posts\/17971\/revisions\/39515"}],"wp:featuredmedia":[{"embeddable":true,"href":"https:\/\/utel.mx\/blog\/wp-json\/wp\/v2\/media\/39514"}],"wp:attachment":[{"href":"https:\/\/utel.mx\/blog\/wp-json\/wp\/v2\/media?parent=17971"}],"wp:term":[{"taxonomy":"category","embeddable":true,"href":"https:\/\/utel.mx\/blog\/wp-json\/wp\/v2\/categories?post=17971"},{"taxonomy":"post_tag","embeddable":true,"href":"https:\/\/utel.mx\/blog\/wp-json\/wp\/v2\/tags?post=17971"}],"curies":[{"name":"wp","href":"https:\/\/api.w.org\/{rel}","templated":true}]}}