{"id":18670,"date":"2015-06-05T15:40:18","date_gmt":"2015-06-05T15:40:18","guid":{"rendered":"http:\/\/utel.mx\/blog\/?p=18670"},"modified":"2025-01-20T22:59:10","modified_gmt":"2025-01-20T22:59:10","slug":"como-preparar-un-discurso","status":"publish","type":"post","link":"https:\/\/utel.mx\/blog\/dia-a-dia\/retos-profesionales\/como-preparar-un-discurso\/","title":{"rendered":"\u00bfC\u00f3mo preparar un discurso?"},"content":{"rendered":"<p><span style=\"color: #000000;\">Este art\u00edculo es una referencia para preparar un discurso que ser\u00e1 comunicado de manera oral frente a un p\u00fablico, con el objetivo de exponer ideas, fundamentar o proponer soluciones a alg\u00fan problema. El impacto de un discurso depende en gran medida de la creatividad del orador, as\u00ed como de la fortaleza de sus argumentos.<\/span><\/p>\n<h2><span style=\"color: #008a5d;\">Tips\u00a0sobre\u00a0como\u00a0hacer un discurso<\/span><\/h2>\n<ul>\n<li><span style=\"color: #000000;\">Especifica claramente tu <strong>objetivo<\/strong>. Es muy importante que definas qu\u00e9 es exactamente lo que quieres lograr con este trabajo y cu\u00e1l es la finalidad de lo que quieres exponer.<\/span><\/li>\n<li><span style=\"color: #000000;\">Identifica las <strong>ideas principales<\/strong> y las palabras que te acompa\u00f1ar\u00e1n durante todo el discurso.<\/span><\/li>\n<li><span style=\"color: #000000;\">Formula una <strong>introducci\u00f3n clara<\/strong> y f\u00e1cil de entender.<\/span><\/li>\n<li><span style=\"color: #000000;\">Redacta el discurso. Escr\u00edbelo de manera estructurada para que te sea f\u00e1cil entenderlo, ajustarlo y ensayarlo.<\/span><\/li>\n<li><span style=\"color: #000000;\">Adopta una postura frente al tema.<\/span><\/li>\n<li><span style=\"color: #000000;\">Defiende en todo momento tu postura.<\/span><\/li>\n<li><span style=\"color: #000000;\"><strong>Plantea un cuestionamiento<\/strong>. Genera duda en los espectadores.<\/span><\/li>\n<li><span style=\"color: #000000;\">Entra de lleno en la pol\u00e9mica. No tengas miedo si quieres generar debate con el p\u00fablico.<\/span><\/li>\n<li><span style=\"color: #000000;\"><strong>Calcula el tiempo<\/strong> que durar\u00e1 el discurso. Utiliza un reloj.<\/span><\/li>\n<li><span style=\"color: #000000;\">Conclusi\u00f3n convincente. Si buscas convencer al p\u00fablico, aseg\u00farate de\u00a0<strong>dejar una reflexi\u00f3n<\/strong> o una frase que impacte a la audiencia.<\/span><\/li>\n<li><span style=\"color: #000000;\">Concluye a tiempo. No te extiendas m\u00e1s de lo planeado y encuentra el momento m\u00e1s acertado para terminar tu exposici\u00f3n.<\/span><\/li>\n<li><span style=\"color: #000000;\">Ensaya el discurso hasta que te sientas c\u00f3modo, exponi\u00e9ndolo cu\u00e1ntas veces sea necesario.<\/span><\/li>\n<\/ul>\n<p><a href=\"https:\/\/ingenierosconectados.com\/?utm_source=Organico&amp;utm_medium=Blog&amp;utm_campaign=MKTlusyblogutl\"><img fetchpriority=\"high\" decoding=\"async\" class=\"aligncenter wp-image-50146 size-full\" src=\"https:\/\/utel.mx\/blog\/wp-content\/uploads\/2013\/09\/GSS_creatividad_IC_cintilloparaIC.jpg\" alt=\"Blog de ingenieria\" width=\"600\" height=\"150\" srcset=\"https:\/\/utel.mx\/blog\/wp-content\/uploads\/2013\/09\/GSS_creatividad_IC_cintilloparaIC.jpg 600w, https:\/\/utel.mx\/blog\/wp-content\/uploads\/2013\/09\/GSS_creatividad_IC_cintilloparaIC-420x105.jpg 420w\" sizes=\"(max-width: 600px) 100vw, 600px\" \/><\/a><\/p>\n<h3><span style=\"color: #008a5d;\">Para aderezar un discurso puedes utilizar:<\/span><\/h3>\n<ol>\n<li><span style=\"color: #000000;\">Frases c\u00e9lebres para enriquecer<\/span><\/li>\n<li><span style=\"color: #000000;\">Presentaci\u00f3n de diapositivas, im\u00e1genes, estad\u00edsticas o alg\u00fan dato relacionado.<\/span><\/li>\n<li><span style=\"color: #000000;\">Proyectar alg\u00fan video o ejemplificar el tema.<\/span><\/li>\n<li><span style=\"color: #000000;\">Contar una an\u00e9cdota.<\/span><\/li>\n<\/ol>\n<p><span style=\"color: #000000;\">Es importante que tengas en cuenta que el discurso sirve para exponer ideas y generar debates pero tambi\u00e9n para proporcionar informaci\u00f3n y proponer soluciones a problemas. Por esto puede haber diferentes maneras de estructurar un discurso y los puntos propuestos en este art\u00edculo te pueden ayudar a tener un contexto general de c\u00f3mo preparar tu discurso y que \u00e9ste tenga el \u00e9xito que esperas.<\/span><\/p>\n<p><span style=\"color: #000000;\"><strong>Cristian David Castro Sol\u00f3rzano<\/strong><\/span><\/p>\n<p><span style=\"color: #000000;\"><strong>Alumno UTEL<\/strong><\/span><a href=\"https:\/\/admisiones.utel.edu.mx\/p\/utel-general?utm_source=blog&amp;utm_medium=CTA&amp;utm_campaign=MktComunicacion&amp;utm_content=preparar+discurso\"><br \/>\n<\/a><\/p>\n<div id=\"advads-1660267137\" class=\"advads-cta-lp-banner-form advads-entity-placement\"><a href=\"https:\/\/utel.mx\/blog\/admisiones-universidad-online\/?utm_source=blog&#038;utm_medium=CTAlink&#038;utm_campaign=MKTseo\" aria-label=\"Universidad en linea\"><img src=\"https:\/\/utel.mx\/blog\/wp-content\/uploads\/2025\/04\/universidad-en-linea-1.png\" alt=\"Universidad en linea\"  srcset=\"https:\/\/utel.mx\/blog\/wp-content\/uploads\/2025\/04\/universidad-en-linea-1.png 626w, https:\/\/utel.mx\/blog\/wp-content\/uploads\/2025\/04\/universidad-en-linea-1-420x168.png 420w\" sizes=\"(max-width: 626px) 100vw, 626px\" width=\"626\" height=\"250\"   \/><\/a><\/div>","protected":false},"excerpt":{"rendered":"<p> [&hellip;]<\/p>\n","protected":false},"author":40,"featured_media":37925,"comment_status":"closed","ping_status":"open","sticky":false,"template":"","format":"standard","meta":{"_acf_changed":false,"site-sidebar-layout":"default","site-content-layout":"","ast-site-content-layout":"default","site-content-style":"default","site-sidebar-style":"default","ast-global-header-display":"","ast-banner-title-visibility":"","ast-main-header-display":"","ast-hfb-above-header-display":"","ast-hfb-below-header-display":"","ast-hfb-mobile-header-display":"","site-post-title":"","ast-breadcrumbs-content":"","ast-featured-img":"","footer-sml-layout":"","theme-transparent-header-meta":"","adv-header-id-meta":"","stick-header-meta":"","header-above-stick-meta":"","header-main-stick-meta":"","header-below-stick-meta":"","astra-migrate-meta-layouts":"set","ast-page-background-enabled":"default","ast-page-background-meta":{"desktop":{"background-color":"var(--ast-global-color-4)","background-image":"","background-repeat":"repeat","background-position":"center center","background-size":"auto","background-attachment":"scroll","background-type":"","background-media":"","overlay-type":"","overlay-color":"","overlay-gradient":""},"tablet":{"background-color":"","background-image":"","background-repeat":"repeat","background-position":"center center","background-size":"auto","background-attachment":"scroll","background-type":"","background-media":"","overlay-type":"","overlay-color":"","overlay-gradient":""},"mobile":{"background-color":"","background-image":"","background-repeat":"repeat","background-position":"center center","background-size":"auto","background-attachment":"scroll","background-type":"","background-media":"","overlay-type":"","overlay-color":"","overlay-gradient":""}},"ast-content-background-meta":{"desktop":{"background-color":"var(--ast-global-color-5)","background-image":"","background-repeat":"repeat","background-position":"center center","background-size":"auto","background-attachment":"scroll","background-type":"","background-media":"","overlay-type":"","overlay-color":"","overlay-gradient":""},"tablet":{"background-color":"var(--ast-global-color-5)","background-image":"","background-repeat":"repeat","background-position":"center center","background-size":"auto","background-attachment":"scroll","background-type":"","background-media":"","overlay-type":"","overlay-color":"","overlay-gradient":""},"mobile":{"background-color":"var(--ast-global-color-5)","background-image":"","background-repeat":"repeat","background-position":"center center","background-size":"auto","background-attachment":"scroll","background-type":"","background-media":"","overlay-type":"","overlay-color":"","overlay-gradient":""}},"footnotes":""},"categories":[3164],"tags":[],"class_list":["post-18670","post","type-post","status-publish","format-standard","has-post-thumbnail","hentry","category-retos-profesionales"],"acf":[],"yoast_head":"<!-- This site is optimized with the Yoast SEO plugin v26.8 - https:\/\/yoast.com\/product\/yoast-seo-wordpress\/ -->\n<title>\u00bfC\u00f3mo preparar un discurso? - BLOG | Utel<\/title>\n<meta name=\"description\" content=\"Hablar en p\u00fablico es un arte que requiere estrategias, aqu\u00ed te damos algunos consejos sobre c\u00f3mo hacer un discurso y materiales que puedes usar.\" \/>\n<meta name=\"robots\" content=\"index, follow, max-snippet:-1, max-image-preview:large, max-video-preview:-1\" \/>\n<link rel=\"canonical\" href=\"https:\/\/utel.mx\/blog\/dia-a-dia\/retos-profesionales\/como-preparar-un-discurso\/\" \/>\n<meta property=\"og:locale\" content=\"es_ES\" \/>\n<meta property=\"og:type\" content=\"article\" \/>\n<meta property=\"og:title\" content=\"\u00bfC\u00f3mo preparar un discurso? - BLOG | Utel\" \/>\n<meta property=\"og:description\" content=\"Hablar en p\u00fablico es un arte que requiere estrategias, aqu\u00ed te damos algunos consejos sobre c\u00f3mo hacer un discurso y materiales que puedes usar.\" \/>\n<meta property=\"og:url\" content=\"https:\/\/utel.mx\/blog\/dia-a-dia\/retos-profesionales\/como-preparar-un-discurso\/\" \/>\n<meta property=\"og:site_name\" content=\"BLOG | Utel\" \/>\n<meta property=\"article:published_time\" content=\"2015-06-05T15:40:18+00:00\" \/>\n<meta property=\"article:modified_time\" content=\"2025-01-20T22:59:10+00:00\" \/>\n<meta property=\"og:image\" content=\"https:\/\/utel.mx\/blog\/wp-content\/uploads\/2015\/06\/C\u00f3mo-preparar-un-discurso.jpg\" \/>\n\t<meta property=\"og:image:width\" content=\"600\" \/>\n\t<meta property=\"og:image:height\" content=\"300\" \/>\n\t<meta property=\"og:image:type\" content=\"image\/jpeg\" \/>\n<meta name=\"author\" content=\"Invitados UTEL\" \/>\n<meta name=\"twitter:label1\" content=\"Written by\" \/>\n\t<meta name=\"twitter:data1\" content=\"Invitados UTEL\" \/>\n\t<meta name=\"twitter:label2\" content=\"Est. reading time\" \/>\n\t<meta name=\"twitter:data2\" content=\"2 minutos\" \/>\n<script type=\"application\/ld+json\" class=\"yoast-schema-graph\">{\"@context\":\"https:\/\/schema.org\",\"@graph\":[{\"@type\":\"Article\",\"@id\":\"https:\/\/utel.mx\/blog\/dia-a-dia\/retos-profesionales\/como-preparar-un-discurso\/#article\",\"isPartOf\":{\"@id\":\"https:\/\/utel.mx\/blog\/dia-a-dia\/retos-profesionales\/como-preparar-un-discurso\/\"},\"author\":{\"name\":\"Invitados UTEL\",\"@id\":\"https:\/\/utel.mx\/blog\/#\/schema\/person\/e5b3d8d918f13bd0b0f4724daa90dd95\"},\"headline\":\"\u00bfC\u00f3mo preparar un discurso?\",\"datePublished\":\"2015-06-05T15:40:18+00:00\",\"dateModified\":\"2025-01-20T22:59:10+00:00\",\"mainEntityOfPage\":{\"@id\":\"https:\/\/utel.mx\/blog\/dia-a-dia\/retos-profesionales\/como-preparar-un-discurso\/\"},\"wordCount\":364,\"publisher\":{\"@id\":\"https:\/\/utel.mx\/blog\/#organization\"},\"image\":{\"@id\":\"https:\/\/utel.mx\/blog\/dia-a-dia\/retos-profesionales\/como-preparar-un-discurso\/#primaryimage\"},\"thumbnailUrl\":\"https:\/\/utel.mx\/blog\/wp-content\/uploads\/2015\/06\/C\u00f3mo-preparar-un-discurso.jpg\",\"articleSection\":[\"Retos profesionales\"],\"inLanguage\":\"es\"},{\"@type\":\"WebPage\",\"@id\":\"https:\/\/utel.mx\/blog\/dia-a-dia\/retos-profesionales\/como-preparar-un-discurso\/\",\"url\":\"https:\/\/utel.mx\/blog\/dia-a-dia\/retos-profesionales\/como-preparar-un-discurso\/\",\"name\":\"\u00bfC\u00f3mo preparar un discurso? - BLOG | Utel\",\"isPartOf\":{\"@id\":\"https:\/\/utel.mx\/blog\/#website\"},\"primaryImageOfPage\":{\"@id\":\"https:\/\/utel.mx\/blog\/dia-a-dia\/retos-profesionales\/como-preparar-un-discurso\/#primaryimage\"},\"image\":{\"@id\":\"https:\/\/utel.mx\/blog\/dia-a-dia\/retos-profesionales\/como-preparar-un-discurso\/#primaryimage\"},\"thumbnailUrl\":\"https:\/\/utel.mx\/blog\/wp-content\/uploads\/2015\/06\/C\u00f3mo-preparar-un-discurso.jpg\",\"datePublished\":\"2015-06-05T15:40:18+00:00\",\"dateModified\":\"2025-01-20T22:59:10+00:00\",\"description\":\"Hablar en p\u00fablico es un arte que requiere estrategias, aqu\u00ed te damos algunos consejos sobre c\u00f3mo hacer un discurso y materiales que puedes usar.\",\"breadcrumb\":{\"@id\":\"https:\/\/utel.mx\/blog\/dia-a-dia\/retos-profesionales\/como-preparar-un-discurso\/#breadcrumb\"},\"inLanguage\":\"es\",\"potentialAction\":[{\"@type\":\"ReadAction\",\"target\":[\"https:\/\/utel.mx\/blog\/dia-a-dia\/retos-profesionales\/como-preparar-un-discurso\/\"]}]},{\"@type\":\"ImageObject\",\"inLanguage\":\"es\",\"@id\":\"https:\/\/utel.mx\/blog\/dia-a-dia\/retos-profesionales\/como-preparar-un-discurso\/#primaryimage\",\"url\":\"https:\/\/utel.mx\/blog\/wp-content\/uploads\/2015\/06\/C\u00f3mo-preparar-un-discurso.jpg\",\"contentUrl\":\"https:\/\/utel.mx\/blog\/wp-content\/uploads\/2015\/06\/C\u00f3mo-preparar-un-discurso.jpg\",\"width\":600,\"height\":300,\"caption\":\"C\u00f3mo preparar un discurso\"},{\"@type\":\"BreadcrumbList\",\"@id\":\"https:\/\/utel.mx\/blog\/dia-a-dia\/retos-profesionales\/como-preparar-un-discurso\/#breadcrumb\",\"itemListElement\":[{\"@type\":\"ListItem\",\"position\":1,\"name\":\"Home\",\"item\":\"https:\/\/utel.mx\/blog\/\"},{\"@type\":\"ListItem\",\"position\":2,\"name\":\"\u00bfC\u00f3mo preparar un discurso?\"}]},{\"@type\":\"WebSite\",\"@id\":\"https:\/\/utel.mx\/blog\/#website\",\"url\":\"https:\/\/utel.mx\/blog\/\",\"name\":\"BLOG | Utel\",\"description\":\"Blog UTEL Universidad en L\u00ednea\",\"publisher\":{\"@id\":\"https:\/\/utel.mx\/blog\/#organization\"},\"potentialAction\":[{\"@type\":\"SearchAction\",\"target\":{\"@type\":\"EntryPoint\",\"urlTemplate\":\"https:\/\/utel.mx\/blog\/?s={search_term_string}\"},\"query-input\":{\"@type\":\"PropertyValueSpecification\",\"valueRequired\":true,\"valueName\":\"search_term_string\"}}],\"inLanguage\":\"es\"},{\"@type\":\"Organization\",\"@id\":\"https:\/\/utel.mx\/blog\/#organization\",\"name\":\"BLOG | Utel\",\"url\":\"https:\/\/utel.mx\/blog\/\",\"logo\":{\"@type\":\"ImageObject\",\"inLanguage\":\"es\",\"@id\":\"https:\/\/utel.mx\/blog\/#\/schema\/logo\/image\/\",\"url\":\"https:\/\/utel.mx\/blog\/wp-content\/uploads\/2023\/03\/cropped-logo-blog.png\",\"contentUrl\":\"https:\/\/utel.mx\/blog\/wp-content\/uploads\/2023\/03\/cropped-logo-blog.png\",\"width\":237,\"height\":64,\"caption\":\"BLOG | Utel\"},\"image\":{\"@id\":\"https:\/\/utel.mx\/blog\/#\/schema\/logo\/image\/\"}},{\"@type\":\"Person\",\"@id\":\"https:\/\/utel.mx\/blog\/#\/schema\/person\/e5b3d8d918f13bd0b0f4724daa90dd95\",\"name\":\"Invitados UTEL\",\"image\":{\"@type\":\"ImageObject\",\"inLanguage\":\"es\",\"@id\":\"https:\/\/utel.mx\/blog\/#\/schema\/person\/image\/\",\"url\":\"https:\/\/secure.gravatar.com\/avatar\/781456f1128be5a332ab27ea8b902597?s=96&d=mm&r=g\",\"contentUrl\":\"https:\/\/secure.gravatar.com\/avatar\/781456f1128be5a332ab27ea8b902597?s=96&d=mm&r=g\",\"caption\":\"Invitados UTEL\"},\"description\":\"Invitados . Colaboraciones por parte de invitados de la Comunidad UTEL\"}]}<\/script>\n<!-- \/ Yoast SEO plugin. -->","yoast_head_json":{"title":"\u00bfC\u00f3mo preparar un discurso? - BLOG | Utel","description":"Hablar en p\u00fablico es un arte que requiere estrategias, aqu\u00ed te damos algunos consejos sobre c\u00f3mo hacer un discurso y materiales que puedes usar.","robots":{"index":"index","follow":"follow","max-snippet":"max-snippet:-1","max-image-preview":"max-image-preview:large","max-video-preview":"max-video-preview:-1"},"canonical":"https:\/\/utel.mx\/blog\/dia-a-dia\/retos-profesionales\/como-preparar-un-discurso\/","og_locale":"es_ES","og_type":"article","og_title":"\u00bfC\u00f3mo preparar un discurso? - BLOG | Utel","og_description":"Hablar en p\u00fablico es un arte que requiere estrategias, aqu\u00ed te damos algunos consejos sobre c\u00f3mo hacer un discurso y materiales que puedes usar.","og_url":"https:\/\/utel.mx\/blog\/dia-a-dia\/retos-profesionales\/como-preparar-un-discurso\/","og_site_name":"BLOG | Utel","article_published_time":"2015-06-05T15:40:18+00:00","article_modified_time":"2025-01-20T22:59:10+00:00","og_image":[{"width":600,"height":300,"url":"https:\/\/utel.mx\/blog\/wp-content\/uploads\/2015\/06\/C\u00f3mo-preparar-un-discurso.jpg","type":"image\/jpeg"}],"author":"Invitados UTEL","twitter_misc":{"Written by":"Invitados UTEL","Est. reading time":"2 minutos"},"schema":{"@context":"https:\/\/schema.org","@graph":[{"@type":"Article","@id":"https:\/\/utel.mx\/blog\/dia-a-dia\/retos-profesionales\/como-preparar-un-discurso\/#article","isPartOf":{"@id":"https:\/\/utel.mx\/blog\/dia-a-dia\/retos-profesionales\/como-preparar-un-discurso\/"},"author":{"name":"Invitados UTEL","@id":"https:\/\/utel.mx\/blog\/#\/schema\/person\/e5b3d8d918f13bd0b0f4724daa90dd95"},"headline":"\u00bfC\u00f3mo preparar un discurso?","datePublished":"2015-06-05T15:40:18+00:00","dateModified":"2025-01-20T22:59:10+00:00","mainEntityOfPage":{"@id":"https:\/\/utel.mx\/blog\/dia-a-dia\/retos-profesionales\/como-preparar-un-discurso\/"},"wordCount":364,"publisher":{"@id":"https:\/\/utel.mx\/blog\/#organization"},"image":{"@id":"https:\/\/utel.mx\/blog\/dia-a-dia\/retos-profesionales\/como-preparar-un-discurso\/#primaryimage"},"thumbnailUrl":"https:\/\/utel.mx\/blog\/wp-content\/uploads\/2015\/06\/C\u00f3mo-preparar-un-discurso.jpg","articleSection":["Retos profesionales"],"inLanguage":"es"},{"@type":"WebPage","@id":"https:\/\/utel.mx\/blog\/dia-a-dia\/retos-profesionales\/como-preparar-un-discurso\/","url":"https:\/\/utel.mx\/blog\/dia-a-dia\/retos-profesionales\/como-preparar-un-discurso\/","name":"\u00bfC\u00f3mo preparar un discurso? - BLOG | Utel","isPartOf":{"@id":"https:\/\/utel.mx\/blog\/#website"},"primaryImageOfPage":{"@id":"https:\/\/utel.mx\/blog\/dia-a-dia\/retos-profesionales\/como-preparar-un-discurso\/#primaryimage"},"image":{"@id":"https:\/\/utel.mx\/blog\/dia-a-dia\/retos-profesionales\/como-preparar-un-discurso\/#primaryimage"},"thumbnailUrl":"https:\/\/utel.mx\/blog\/wp-content\/uploads\/2015\/06\/C\u00f3mo-preparar-un-discurso.jpg","datePublished":"2015-06-05T15:40:18+00:00","dateModified":"2025-01-20T22:59:10+00:00","description":"Hablar en p\u00fablico es un arte que requiere estrategias, aqu\u00ed te damos algunos consejos sobre c\u00f3mo hacer un discurso y materiales que puedes usar.","breadcrumb":{"@id":"https:\/\/utel.mx\/blog\/dia-a-dia\/retos-profesionales\/como-preparar-un-discurso\/#breadcrumb"},"inLanguage":"es","potentialAction":[{"@type":"ReadAction","target":["https:\/\/utel.mx\/blog\/dia-a-dia\/retos-profesionales\/como-preparar-un-discurso\/"]}]},{"@type":"ImageObject","inLanguage":"es","@id":"https:\/\/utel.mx\/blog\/dia-a-dia\/retos-profesionales\/como-preparar-un-discurso\/#primaryimage","url":"https:\/\/utel.mx\/blog\/wp-content\/uploads\/2015\/06\/C\u00f3mo-preparar-un-discurso.jpg","contentUrl":"https:\/\/utel.mx\/blog\/wp-content\/uploads\/2015\/06\/C\u00f3mo-preparar-un-discurso.jpg","width":600,"height":300,"caption":"C\u00f3mo preparar un discurso"},{"@type":"BreadcrumbList","@id":"https:\/\/utel.mx\/blog\/dia-a-dia\/retos-profesionales\/como-preparar-un-discurso\/#breadcrumb","itemListElement":[{"@type":"ListItem","position":1,"name":"Home","item":"https:\/\/utel.mx\/blog\/"},{"@type":"ListItem","position":2,"name":"\u00bfC\u00f3mo preparar un discurso?"}]},{"@type":"WebSite","@id":"https:\/\/utel.mx\/blog\/#website","url":"https:\/\/utel.mx\/blog\/","name":"BLOG | Utel","description":"Blog UTEL Universidad en L\u00ednea","publisher":{"@id":"https:\/\/utel.mx\/blog\/#organization"},"potentialAction":[{"@type":"SearchAction","target":{"@type":"EntryPoint","urlTemplate":"https:\/\/utel.mx\/blog\/?s={search_term_string}"},"query-input":{"@type":"PropertyValueSpecification","valueRequired":true,"valueName":"search_term_string"}}],"inLanguage":"es"},{"@type":"Organization","@id":"https:\/\/utel.mx\/blog\/#organization","name":"BLOG | Utel","url":"https:\/\/utel.mx\/blog\/","logo":{"@type":"ImageObject","inLanguage":"es","@id":"https:\/\/utel.mx\/blog\/#\/schema\/logo\/image\/","url":"https:\/\/utel.mx\/blog\/wp-content\/uploads\/2023\/03\/cropped-logo-blog.png","contentUrl":"https:\/\/utel.mx\/blog\/wp-content\/uploads\/2023\/03\/cropped-logo-blog.png","width":237,"height":64,"caption":"BLOG | Utel"},"image":{"@id":"https:\/\/utel.mx\/blog\/#\/schema\/logo\/image\/"}},{"@type":"Person","@id":"https:\/\/utel.mx\/blog\/#\/schema\/person\/e5b3d8d918f13bd0b0f4724daa90dd95","name":"Invitados UTEL","image":{"@type":"ImageObject","inLanguage":"es","@id":"https:\/\/utel.mx\/blog\/#\/schema\/person\/image\/","url":"https:\/\/secure.gravatar.com\/avatar\/781456f1128be5a332ab27ea8b902597?s=96&d=mm&r=g","contentUrl":"https:\/\/secure.gravatar.com\/avatar\/781456f1128be5a332ab27ea8b902597?s=96&d=mm&r=g","caption":"Invitados UTEL"},"description":"Invitados . Colaboraciones por parte de invitados de la Comunidad UTEL"}]}},"_links":{"self":[{"href":"https:\/\/utel.mx\/blog\/wp-json\/wp\/v2\/posts\/18670","targetHints":{"allow":["GET"]}}],"collection":[{"href":"https:\/\/utel.mx\/blog\/wp-json\/wp\/v2\/posts"}],"about":[{"href":"https:\/\/utel.mx\/blog\/wp-json\/wp\/v2\/types\/post"}],"author":[{"embeddable":true,"href":"https:\/\/utel.mx\/blog\/wp-json\/wp\/v2\/users\/40"}],"replies":[{"embeddable":true,"href":"https:\/\/utel.mx\/blog\/wp-json\/wp\/v2\/comments?post=18670"}],"version-history":[{"count":2,"href":"https:\/\/utel.mx\/blog\/wp-json\/wp\/v2\/posts\/18670\/revisions"}],"predecessor-version":[{"id":50158,"href":"https:\/\/utel.mx\/blog\/wp-json\/wp\/v2\/posts\/18670\/revisions\/50158"}],"wp:featuredmedia":[{"embeddable":true,"href":"https:\/\/utel.mx\/blog\/wp-json\/wp\/v2\/media\/37925"}],"wp:attachment":[{"href":"https:\/\/utel.mx\/blog\/wp-json\/wp\/v2\/media?parent=18670"}],"wp:term":[{"taxonomy":"category","embeddable":true,"href":"https:\/\/utel.mx\/blog\/wp-json\/wp\/v2\/categories?post=18670"},{"taxonomy":"post_tag","embeddable":true,"href":"https:\/\/utel.mx\/blog\/wp-json\/wp\/v2\/tags?post=18670"}],"curies":[{"name":"wp","href":"https:\/\/api.w.org\/{rel}","templated":true}]}}