{"id":18762,"date":"2015-06-11T16:39:51","date_gmt":"2015-06-11T16:39:51","guid":{"rendered":"http:\/\/utel.mx\/blog\/?p=18762"},"modified":"2023-03-10T17:04:54","modified_gmt":"2023-03-10T17:04:54","slug":"que-es-la-paralisis-del-sueno","status":"publish","type":"post","link":"https:\/\/utel.mx\/blog\/rol-personal\/que-es-la-paralisis-del-sueno\/","title":{"rendered":"\u00bfQu\u00e9 es la par\u00e1lisis del sue\u00f1o?"},"content":{"rendered":"<p>Es muy com\u00fan que una persona te cuente sobre un sue\u00f1o horrible que tuvo alguna noche y que adem\u00e1s diga que le sucede lo mismo en repetidas ocasiones provoc\u00e1ndole pavor. Definiendo esto c\u00f3mo algo mucho peor que una pesadilla. Esto es conocido como par\u00e1lisis del suelo y vamos a conocer lo que sienten los que la padecen.<\/p>\n<p>En nuestra sociedad com\u00fanmente conocemos a esta situaci\u00f3n con la expresi\u00f3n \u00abse te sube el muerto\u00bb.<\/p>\n<p>No existe una explicaci\u00f3n cient\u00edfica para esta <em>parasomnia<\/em> (trastorno de la conducta durante el sue\u00f1o) pero hay personas que sufren este trastorno de tal manera que incluso han llegado a forzarse a s\u00ed mismas a no dormir para evitar esta temida experiencia.<\/p>\n<p>Es imposible mover un solo m\u00fasculo y la persona tiene la sensaci\u00f3n de estar consciente de que est\u00e1 dormida pero que no puede moverse ni abrir los ojos, sinti\u00e9ndose atrapada en su propio cuerpo. Tambi\u00e9n se complica la respiraci\u00f3n y la desesperaci\u00f3n invade totalmente a quien la est\u00e1 experimentando. Algunas personas sufren alucinaciones y sienten en carne propia c\u00f3mo es ser cuadripl\u00e9jico llegando a creer que hay una <em>presencia<\/em> en su habitaci\u00f3n.<\/p>\n<p>Los ataques a menudo implican\u00a0<strong>sensaciones de terror, ira y de muerte inminente, ya que las alucinaciones suelen ser de car\u00e1cter siniestro y mal\u00e9volo<\/strong><\/p>\n<p>A pesar de que la persona est\u00e1 en realidad despierta y que una parte del cerebro sigue dormida, no supone un riesgo para la vida en ning\u00fan sentido porque nada de lo que se ve, escucha o siente durante esta etapa, es real. Este horrible pasaje suele desaparecer a los pocos minutos de haber iniciado y es m\u00e1s r\u00e1pido si otra persona despierta a quien duerme. Sin embargo el despertar no sirve de mucho si la persona sigue acostada y sin moverse ya que si se vuelve a dormir corre el riesgo de volver a sufrir otro ataque de par\u00e1lisis del sue\u00f1o.<\/p>\n<p>Sin duda, la par\u00e1lisis del sue\u00f1o, es un padecimiento aterrador donde el miedo y la impotencia suele apoderarse de las personas que lo sufren. Quiz\u00e1 con el tiempo se descubra una explicaci\u00f3n cient\u00edfica para este problema de la mente y eso pueda ayudar a encontrar una cura o terapia para combatirlo.<\/p>\n<p>&nbsp;<\/p>\n<p>Ilustraci\u00f3n: \u201cLa pesadilla\u201d de Henry Fuseli, ilustra las interpretaciones de la par\u00e1lisis del sue\u00f1o, en el folclor medieval.<\/p>\n<p>Referencias.<\/p>\n<p>Laura Mart\u00ednez. (2014)\u00bfQu\u00e9 es la par\u00e1lisis del sue\u00f1o? 2015, de Muy Interesante Sitio web: <a href=\"http:\/\/www.muyinteresante.es\/salud\/preguntas-respuestas\/que-es-la-paralisis-del-sueno-201400500045\">http:\/\/www.muyinteresante.es\/salud\/preguntas-respuestas\/que-es-la-paralisis-del-sueno-201400500045#<\/a><\/p>\n<p>&nbsp;<\/p>\n<p><strong>Cristian David Castro Solorzano<\/strong><\/p>\n<p><strong>Alumno UTEL<\/strong><\/p>\n<p>&nbsp;<\/p>\n<p><a href=\"http:\/\/contacto.utel.edu.mx\/online\/formd\/UTEL\/?utm_source=boton-contacto&amp;utm_medium=blog&amp;utm_campaign=que-es-la-paralisis-del-sueno\"><img decoding=\"async\" class=\"alignnone size-full wp-image-18233\" src=\"http:\/\/utel.mx\/blog\/wp-content\/uploads\/2015\/05\/boton_blog.png\" alt=\"Bot\u00f3n contacto\" width=\"232\" height=\"71\" \/><\/a><\/p>\n<div class=\"post-content articulo\">\n<h5><strong>Las opiniones y posturas vertidas en los art\u00edculos publicados en el Blog UTEL son de exclusiva responsabilidad del autor o autores de los mismos, y no reflejan necesariamente los puntos de vista de la\u00a0Universidad Tecnol\u00f3gica Latinoamericana en L\u00ednea.<\/strong><\/h5>\n<\/div>\n<p>&nbsp;<\/p>\n<p>&nbsp;<\/p>\n<p>&nbsp;<\/p>\n<p>&nbsp;<\/p>\n<div id=\"advads-757915133\" class=\"advads-cta-lp-banner-form advads-entity-placement\"><a href=\"https:\/\/utel.mx\/blog\/admisiones-universidad-online\/?utm_source=blog&#038;utm_medium=CTAlink&#038;utm_campaign=MKTseo\" aria-label=\"Universidad en linea\"><img src=\"https:\/\/utel.mx\/blog\/wp-content\/uploads\/2025\/04\/universidad-en-linea-1.png\" alt=\"Universidad en linea\"  srcset=\"https:\/\/utel.mx\/blog\/wp-content\/uploads\/2025\/04\/universidad-en-linea-1.png 626w, https:\/\/utel.mx\/blog\/wp-content\/uploads\/2025\/04\/universidad-en-linea-1-420x168.png 420w\" sizes=\"(max-width: 626px) 100vw, 626px\" width=\"626\" height=\"250\"   \/><\/a><\/div>","protected":false},"excerpt":{"rendered":"<p> [&hellip;]<\/p>\n","protected":false},"author":40,"featured_media":18764,"comment_status":"closed","ping_status":"open","sticky":false,"template":"","format":"standard","meta":{"_acf_changed":false,"site-sidebar-layout":"default","site-content-layout":"","ast-site-content-layout":"","site-content-style":"default","site-sidebar-style":"default","ast-global-header-display":"","ast-banner-title-visibility":"","ast-main-header-display":"","ast-hfb-above-header-display":"","ast-hfb-below-header-display":"","ast-hfb-mobile-header-display":"","site-post-title":"","ast-breadcrumbs-content":"","ast-featured-img":"","footer-sml-layout":"","theme-transparent-header-meta":"","adv-header-id-meta":"","stick-header-meta":"","header-above-stick-meta":"","header-main-stick-meta":"","header-below-stick-meta":"","astra-migrate-meta-layouts":"default","ast-page-background-enabled":"default","ast-page-background-meta":{"desktop":{"background-color":"var(--ast-global-color-4)","background-image":"","background-repeat":"repeat","background-position":"center center","background-size":"auto","background-attachment":"scroll","background-type":"","background-media":"","overlay-type":"","overlay-color":"","overlay-gradient":""},"tablet":{"background-color":"","background-image":"","background-repeat":"repeat","background-position":"center center","background-size":"auto","background-attachment":"scroll","background-type":"","background-media":"","overlay-type":"","overlay-color":"","overlay-gradient":""},"mobile":{"background-color":"","background-image":"","background-repeat":"repeat","background-position":"center center","background-size":"auto","background-attachment":"scroll","background-type":"","background-media":"","overlay-type":"","overlay-color":"","overlay-gradient":""}},"ast-content-background-meta":{"desktop":{"background-color":"var(--ast-global-color-5)","background-image":"","background-repeat":"repeat","background-position":"center center","background-size":"auto","background-attachment":"scroll","background-type":"","background-media":"","overlay-type":"","overlay-color":"","overlay-gradient":""},"tablet":{"background-color":"var(--ast-global-color-5)","background-image":"","background-repeat":"repeat","background-position":"center center","background-size":"auto","background-attachment":"scroll","background-type":"","background-media":"","overlay-type":"","overlay-color":"","overlay-gradient":""},"mobile":{"background-color":"var(--ast-global-color-5)","background-image":"","background-repeat":"repeat","background-position":"center center","background-size":"auto","background-attachment":"scroll","background-type":"","background-media":"","overlay-type":"","overlay-color":"","overlay-gradient":""}},"footnotes":""},"categories":[33],"tags":[],"class_list":["post-18762","post","type-post","status-publish","format-standard","has-post-thumbnail","hentry","category-rol-personal"],"acf":[],"yoast_head":"<!-- This site is optimized with the Yoast SEO plugin v26.8 - https:\/\/yoast.com\/product\/yoast-seo-wordpress\/ -->\n<title>\u00bfQu\u00e9 es la par\u00e1lisis del sue\u00f1o? - BLOG | Utel<\/title>\n<meta name=\"description\" content=\"La par\u00e1lisis del sue\u00f1o es un trastorno aterrador que es muy com\u00fan entre las personas, aprende cu\u00e1les son sus s\u00edntomas para identificarla y conocerla.\" \/>\n<meta name=\"robots\" content=\"index, follow, max-snippet:-1, max-image-preview:large, max-video-preview:-1\" \/>\n<link rel=\"canonical\" href=\"https:\/\/utel.mx\/blog\/rol-personal\/que-es-la-paralisis-del-sueno\/\" \/>\n<meta property=\"og:locale\" content=\"es_ES\" \/>\n<meta property=\"og:type\" content=\"article\" \/>\n<meta property=\"og:title\" content=\"\u00bfQu\u00e9 es la par\u00e1lisis del sue\u00f1o? - BLOG | Utel\" \/>\n<meta property=\"og:description\" content=\"La par\u00e1lisis del sue\u00f1o es un trastorno aterrador que es muy com\u00fan entre las personas, aprende cu\u00e1les son sus s\u00edntomas para identificarla y conocerla.\" \/>\n<meta property=\"og:url\" content=\"https:\/\/utel.mx\/blog\/rol-personal\/que-es-la-paralisis-del-sueno\/\" \/>\n<meta property=\"og:site_name\" content=\"BLOG | Utel\" \/>\n<meta property=\"article:published_time\" content=\"2015-06-11T16:39:51+00:00\" \/>\n<meta property=\"article:modified_time\" content=\"2023-03-10T17:04:54+00:00\" \/>\n<meta property=\"og:image\" content=\"https:\/\/utel.mx\/blog\/wp-content\/uploads\/2015\/06\/1024px-John_Henry_Fuseli_-_The_Nightmare.jpg\" \/>\n\t<meta property=\"og:image:width\" content=\"1024\" \/>\n\t<meta property=\"og:image:height\" content=\"829\" \/>\n\t<meta property=\"og:image:type\" content=\"image\/jpeg\" \/>\n<meta name=\"author\" content=\"Invitados UTEL\" \/>\n<meta name=\"twitter:label1\" content=\"Written by\" \/>\n\t<meta name=\"twitter:data1\" content=\"Invitados UTEL\" \/>\n\t<meta name=\"twitter:label2\" content=\"Est. reading time\" \/>\n\t<meta name=\"twitter:data2\" content=\"2 minutos\" \/>\n<script type=\"application\/ld+json\" class=\"yoast-schema-graph\">{\"@context\":\"https:\/\/schema.org\",\"@graph\":[{\"@type\":\"Article\",\"@id\":\"https:\/\/utel.mx\/blog\/rol-personal\/que-es-la-paralisis-del-sueno\/#article\",\"isPartOf\":{\"@id\":\"https:\/\/utel.mx\/blog\/rol-personal\/que-es-la-paralisis-del-sueno\/\"},\"author\":{\"name\":\"Invitados UTEL\",\"@id\":\"https:\/\/utel.mx\/blog\/#\/schema\/person\/e5b3d8d918f13bd0b0f4724daa90dd95\"},\"headline\":\"\u00bfQu\u00e9 es la par\u00e1lisis del sue\u00f1o?\",\"datePublished\":\"2015-06-11T16:39:51+00:00\",\"dateModified\":\"2023-03-10T17:04:54+00:00\",\"mainEntityOfPage\":{\"@id\":\"https:\/\/utel.mx\/blog\/rol-personal\/que-es-la-paralisis-del-sueno\/\"},\"wordCount\":504,\"publisher\":{\"@id\":\"https:\/\/utel.mx\/blog\/#organization\"},\"image\":{\"@id\":\"https:\/\/utel.mx\/blog\/rol-personal\/que-es-la-paralisis-del-sueno\/#primaryimage\"},\"thumbnailUrl\":\"https:\/\/utel.mx\/blog\/wp-content\/uploads\/2015\/06\/1024px-John_Henry_Fuseli_-_The_Nightmare.jpg\",\"articleSection\":[\"Rol personal\"],\"inLanguage\":\"es\"},{\"@type\":\"WebPage\",\"@id\":\"https:\/\/utel.mx\/blog\/rol-personal\/que-es-la-paralisis-del-sueno\/\",\"url\":\"https:\/\/utel.mx\/blog\/rol-personal\/que-es-la-paralisis-del-sueno\/\",\"name\":\"\u00bfQu\u00e9 es la par\u00e1lisis del sue\u00f1o? - BLOG | Utel\",\"isPartOf\":{\"@id\":\"https:\/\/utel.mx\/blog\/#website\"},\"primaryImageOfPage\":{\"@id\":\"https:\/\/utel.mx\/blog\/rol-personal\/que-es-la-paralisis-del-sueno\/#primaryimage\"},\"image\":{\"@id\":\"https:\/\/utel.mx\/blog\/rol-personal\/que-es-la-paralisis-del-sueno\/#primaryimage\"},\"thumbnailUrl\":\"https:\/\/utel.mx\/blog\/wp-content\/uploads\/2015\/06\/1024px-John_Henry_Fuseli_-_The_Nightmare.jpg\",\"datePublished\":\"2015-06-11T16:39:51+00:00\",\"dateModified\":\"2023-03-10T17:04:54+00:00\",\"description\":\"La par\u00e1lisis del sue\u00f1o es un trastorno aterrador que es muy com\u00fan entre las personas, aprende cu\u00e1les son sus s\u00edntomas para identificarla y conocerla.\",\"breadcrumb\":{\"@id\":\"https:\/\/utel.mx\/blog\/rol-personal\/que-es-la-paralisis-del-sueno\/#breadcrumb\"},\"inLanguage\":\"es\",\"potentialAction\":[{\"@type\":\"ReadAction\",\"target\":[\"https:\/\/utel.mx\/blog\/rol-personal\/que-es-la-paralisis-del-sueno\/\"]}]},{\"@type\":\"ImageObject\",\"inLanguage\":\"es\",\"@id\":\"https:\/\/utel.mx\/blog\/rol-personal\/que-es-la-paralisis-del-sueno\/#primaryimage\",\"url\":\"https:\/\/utel.mx\/blog\/wp-content\/uploads\/2015\/06\/1024px-John_Henry_Fuseli_-_The_Nightmare.jpg\",\"contentUrl\":\"https:\/\/utel.mx\/blog\/wp-content\/uploads\/2015\/06\/1024px-John_Henry_Fuseli_-_The_Nightmare.jpg\",\"width\":1024,\"height\":829},{\"@type\":\"BreadcrumbList\",\"@id\":\"https:\/\/utel.mx\/blog\/rol-personal\/que-es-la-paralisis-del-sueno\/#breadcrumb\",\"itemListElement\":[{\"@type\":\"ListItem\",\"position\":1,\"name\":\"Home\",\"item\":\"https:\/\/utel.mx\/blog\/\"},{\"@type\":\"ListItem\",\"position\":2,\"name\":\"\u00bfQu\u00e9 es la par\u00e1lisis del sue\u00f1o?\"}]},{\"@type\":\"WebSite\",\"@id\":\"https:\/\/utel.mx\/blog\/#website\",\"url\":\"https:\/\/utel.mx\/blog\/\",\"name\":\"BLOG | Utel\",\"description\":\"Blog UTEL Universidad en L\u00ednea\",\"publisher\":{\"@id\":\"https:\/\/utel.mx\/blog\/#organization\"},\"potentialAction\":[{\"@type\":\"SearchAction\",\"target\":{\"@type\":\"EntryPoint\",\"urlTemplate\":\"https:\/\/utel.mx\/blog\/?s={search_term_string}\"},\"query-input\":{\"@type\":\"PropertyValueSpecification\",\"valueRequired\":true,\"valueName\":\"search_term_string\"}}],\"inLanguage\":\"es\"},{\"@type\":\"Organization\",\"@id\":\"https:\/\/utel.mx\/blog\/#organization\",\"name\":\"BLOG | Utel\",\"url\":\"https:\/\/utel.mx\/blog\/\",\"logo\":{\"@type\":\"ImageObject\",\"inLanguage\":\"es\",\"@id\":\"https:\/\/utel.mx\/blog\/#\/schema\/logo\/image\/\",\"url\":\"https:\/\/utel.mx\/blog\/wp-content\/uploads\/2023\/03\/cropped-logo-blog.png\",\"contentUrl\":\"https:\/\/utel.mx\/blog\/wp-content\/uploads\/2023\/03\/cropped-logo-blog.png\",\"width\":237,\"height\":64,\"caption\":\"BLOG | Utel\"},\"image\":{\"@id\":\"https:\/\/utel.mx\/blog\/#\/schema\/logo\/image\/\"}},{\"@type\":\"Person\",\"@id\":\"https:\/\/utel.mx\/blog\/#\/schema\/person\/e5b3d8d918f13bd0b0f4724daa90dd95\",\"name\":\"Invitados UTEL\",\"image\":{\"@type\":\"ImageObject\",\"inLanguage\":\"es\",\"@id\":\"https:\/\/utel.mx\/blog\/#\/schema\/person\/image\/\",\"url\":\"https:\/\/secure.gravatar.com\/avatar\/781456f1128be5a332ab27ea8b902597?s=96&d=mm&r=g\",\"contentUrl\":\"https:\/\/secure.gravatar.com\/avatar\/781456f1128be5a332ab27ea8b902597?s=96&d=mm&r=g\",\"caption\":\"Invitados UTEL\"},\"description\":\"Invitados . Colaboraciones por parte de invitados de la Comunidad UTEL\"}]}<\/script>\n<!-- \/ Yoast SEO plugin. -->","yoast_head_json":{"title":"\u00bfQu\u00e9 es la par\u00e1lisis del sue\u00f1o? - BLOG | Utel","description":"La par\u00e1lisis del sue\u00f1o es un trastorno aterrador que es muy com\u00fan entre las personas, aprende cu\u00e1les son sus s\u00edntomas para identificarla y conocerla.","robots":{"index":"index","follow":"follow","max-snippet":"max-snippet:-1","max-image-preview":"max-image-preview:large","max-video-preview":"max-video-preview:-1"},"canonical":"https:\/\/utel.mx\/blog\/rol-personal\/que-es-la-paralisis-del-sueno\/","og_locale":"es_ES","og_type":"article","og_title":"\u00bfQu\u00e9 es la par\u00e1lisis del sue\u00f1o? - BLOG | Utel","og_description":"La par\u00e1lisis del sue\u00f1o es un trastorno aterrador que es muy com\u00fan entre las personas, aprende cu\u00e1les son sus s\u00edntomas para identificarla y conocerla.","og_url":"https:\/\/utel.mx\/blog\/rol-personal\/que-es-la-paralisis-del-sueno\/","og_site_name":"BLOG | Utel","article_published_time":"2015-06-11T16:39:51+00:00","article_modified_time":"2023-03-10T17:04:54+00:00","og_image":[{"width":1024,"height":829,"url":"https:\/\/utel.mx\/blog\/wp-content\/uploads\/2015\/06\/1024px-John_Henry_Fuseli_-_The_Nightmare.jpg","type":"image\/jpeg"}],"author":"Invitados UTEL","twitter_misc":{"Written by":"Invitados UTEL","Est. reading time":"2 minutos"},"schema":{"@context":"https:\/\/schema.org","@graph":[{"@type":"Article","@id":"https:\/\/utel.mx\/blog\/rol-personal\/que-es-la-paralisis-del-sueno\/#article","isPartOf":{"@id":"https:\/\/utel.mx\/blog\/rol-personal\/que-es-la-paralisis-del-sueno\/"},"author":{"name":"Invitados UTEL","@id":"https:\/\/utel.mx\/blog\/#\/schema\/person\/e5b3d8d918f13bd0b0f4724daa90dd95"},"headline":"\u00bfQu\u00e9 es la par\u00e1lisis del sue\u00f1o?","datePublished":"2015-06-11T16:39:51+00:00","dateModified":"2023-03-10T17:04:54+00:00","mainEntityOfPage":{"@id":"https:\/\/utel.mx\/blog\/rol-personal\/que-es-la-paralisis-del-sueno\/"},"wordCount":504,"publisher":{"@id":"https:\/\/utel.mx\/blog\/#organization"},"image":{"@id":"https:\/\/utel.mx\/blog\/rol-personal\/que-es-la-paralisis-del-sueno\/#primaryimage"},"thumbnailUrl":"https:\/\/utel.mx\/blog\/wp-content\/uploads\/2015\/06\/1024px-John_Henry_Fuseli_-_The_Nightmare.jpg","articleSection":["Rol personal"],"inLanguage":"es"},{"@type":"WebPage","@id":"https:\/\/utel.mx\/blog\/rol-personal\/que-es-la-paralisis-del-sueno\/","url":"https:\/\/utel.mx\/blog\/rol-personal\/que-es-la-paralisis-del-sueno\/","name":"\u00bfQu\u00e9 es la par\u00e1lisis del sue\u00f1o? - BLOG | Utel","isPartOf":{"@id":"https:\/\/utel.mx\/blog\/#website"},"primaryImageOfPage":{"@id":"https:\/\/utel.mx\/blog\/rol-personal\/que-es-la-paralisis-del-sueno\/#primaryimage"},"image":{"@id":"https:\/\/utel.mx\/blog\/rol-personal\/que-es-la-paralisis-del-sueno\/#primaryimage"},"thumbnailUrl":"https:\/\/utel.mx\/blog\/wp-content\/uploads\/2015\/06\/1024px-John_Henry_Fuseli_-_The_Nightmare.jpg","datePublished":"2015-06-11T16:39:51+00:00","dateModified":"2023-03-10T17:04:54+00:00","description":"La par\u00e1lisis del sue\u00f1o es un trastorno aterrador que es muy com\u00fan entre las personas, aprende cu\u00e1les son sus s\u00edntomas para identificarla y conocerla.","breadcrumb":{"@id":"https:\/\/utel.mx\/blog\/rol-personal\/que-es-la-paralisis-del-sueno\/#breadcrumb"},"inLanguage":"es","potentialAction":[{"@type":"ReadAction","target":["https:\/\/utel.mx\/blog\/rol-personal\/que-es-la-paralisis-del-sueno\/"]}]},{"@type":"ImageObject","inLanguage":"es","@id":"https:\/\/utel.mx\/blog\/rol-personal\/que-es-la-paralisis-del-sueno\/#primaryimage","url":"https:\/\/utel.mx\/blog\/wp-content\/uploads\/2015\/06\/1024px-John_Henry_Fuseli_-_The_Nightmare.jpg","contentUrl":"https:\/\/utel.mx\/blog\/wp-content\/uploads\/2015\/06\/1024px-John_Henry_Fuseli_-_The_Nightmare.jpg","width":1024,"height":829},{"@type":"BreadcrumbList","@id":"https:\/\/utel.mx\/blog\/rol-personal\/que-es-la-paralisis-del-sueno\/#breadcrumb","itemListElement":[{"@type":"ListItem","position":1,"name":"Home","item":"https:\/\/utel.mx\/blog\/"},{"@type":"ListItem","position":2,"name":"\u00bfQu\u00e9 es la par\u00e1lisis del sue\u00f1o?"}]},{"@type":"WebSite","@id":"https:\/\/utel.mx\/blog\/#website","url":"https:\/\/utel.mx\/blog\/","name":"BLOG | Utel","description":"Blog UTEL Universidad en L\u00ednea","publisher":{"@id":"https:\/\/utel.mx\/blog\/#organization"},"potentialAction":[{"@type":"SearchAction","target":{"@type":"EntryPoint","urlTemplate":"https:\/\/utel.mx\/blog\/?s={search_term_string}"},"query-input":{"@type":"PropertyValueSpecification","valueRequired":true,"valueName":"search_term_string"}}],"inLanguage":"es"},{"@type":"Organization","@id":"https:\/\/utel.mx\/blog\/#organization","name":"BLOG | Utel","url":"https:\/\/utel.mx\/blog\/","logo":{"@type":"ImageObject","inLanguage":"es","@id":"https:\/\/utel.mx\/blog\/#\/schema\/logo\/image\/","url":"https:\/\/utel.mx\/blog\/wp-content\/uploads\/2023\/03\/cropped-logo-blog.png","contentUrl":"https:\/\/utel.mx\/blog\/wp-content\/uploads\/2023\/03\/cropped-logo-blog.png","width":237,"height":64,"caption":"BLOG | Utel"},"image":{"@id":"https:\/\/utel.mx\/blog\/#\/schema\/logo\/image\/"}},{"@type":"Person","@id":"https:\/\/utel.mx\/blog\/#\/schema\/person\/e5b3d8d918f13bd0b0f4724daa90dd95","name":"Invitados UTEL","image":{"@type":"ImageObject","inLanguage":"es","@id":"https:\/\/utel.mx\/blog\/#\/schema\/person\/image\/","url":"https:\/\/secure.gravatar.com\/avatar\/781456f1128be5a332ab27ea8b902597?s=96&d=mm&r=g","contentUrl":"https:\/\/secure.gravatar.com\/avatar\/781456f1128be5a332ab27ea8b902597?s=96&d=mm&r=g","caption":"Invitados UTEL"},"description":"Invitados . Colaboraciones por parte de invitados de la Comunidad UTEL"}]}},"_links":{"self":[{"href":"https:\/\/utel.mx\/blog\/wp-json\/wp\/v2\/posts\/18762","targetHints":{"allow":["GET"]}}],"collection":[{"href":"https:\/\/utel.mx\/blog\/wp-json\/wp\/v2\/posts"}],"about":[{"href":"https:\/\/utel.mx\/blog\/wp-json\/wp\/v2\/types\/post"}],"author":[{"embeddable":true,"href":"https:\/\/utel.mx\/blog\/wp-json\/wp\/v2\/users\/40"}],"replies":[{"embeddable":true,"href":"https:\/\/utel.mx\/blog\/wp-json\/wp\/v2\/comments?post=18762"}],"version-history":[{"count":1,"href":"https:\/\/utel.mx\/blog\/wp-json\/wp\/v2\/posts\/18762\/revisions"}],"predecessor-version":[{"id":45625,"href":"https:\/\/utel.mx\/blog\/wp-json\/wp\/v2\/posts\/18762\/revisions\/45625"}],"wp:featuredmedia":[{"embeddable":true,"href":"https:\/\/utel.mx\/blog\/wp-json\/wp\/v2\/media\/18764"}],"wp:attachment":[{"href":"https:\/\/utel.mx\/blog\/wp-json\/wp\/v2\/media?parent=18762"}],"wp:term":[{"taxonomy":"category","embeddable":true,"href":"https:\/\/utel.mx\/blog\/wp-json\/wp\/v2\/categories?post=18762"},{"taxonomy":"post_tag","embeddable":true,"href":"https:\/\/utel.mx\/blog\/wp-json\/wp\/v2\/tags?post=18762"}],"curies":[{"name":"wp","href":"https:\/\/api.w.org\/{rel}","templated":true}]}}