{"id":19638,"date":"2015-08-07T15:41:03","date_gmt":"2015-08-07T15:41:03","guid":{"rendered":"http:\/\/utel.mx\/blog\/?p=19638"},"modified":"2023-03-10T17:07:19","modified_gmt":"2023-03-10T17:07:19","slug":"conoce-la-pena-de-bernal-en-queretaro","status":"publish","type":"post","link":"https:\/\/utel.mx\/blog\/dia-a-dia\/conoce-la-pena-de-bernal-en-queretaro\/","title":{"rendered":"Conoce la Pe\u00f1a de Bernal en Quer\u00e9taro"},"content":{"rendered":"<h2>Si te gustan los pueblos m\u00e1gicos o tradicionales en esta ocasi\u00f3n te recomendamos\u00a0 visitar Bernal, Quer\u00e9taro\u00a0 y su infinidad de atractivos tur\u00edsticos.<\/h2>\n<p>Quiz\u00e1s estamos acostumbrados a la modernidad\u00a0 y ritmo de vida acelerado de las grandes ciudades, pero siempre es un gusto vacacionar o conocer esos lugares que se caracterizan por su arraigo cultural y tradiciones ancestrales, en esta ocasi\u00f3n al lugar elegido es la pe\u00f1a de Bernal el cual se localiza en el estado de Quer\u00e9taro.<\/p>\n<p>Dentro del tradicional pueblo de Bernal, encontramos infinidad de atractivos tur\u00edsticos entre los cuales destaca la pe\u00f1a de Bernal, que est\u00e1 considerada \u00a0como el tercer monolito m\u00e1s grande del mundo, despu\u00e9s del Pe\u00f1\u00f3n de Gibraltar en Espa\u00f1a y el Pan de Az\u00facar de Brasil\u00a0 y \u00a0es gracias a \u00e9sta que \u00a0el pueblo de Bernal debe gran parte de su notoriedad y fama.<\/p>\n<p>Si te gustan los deportes extremos, este es un lugar ideal para practicar la escalada, pero si\u00a0 por el contrario prefieres \u00a0las actividades menos riesgosas, puedes decidirte por conocer la pe\u00f1a desde el mirador.<\/p>\n<p>Dentro de las grandes tradiciones que distinguen el pueblo de Bernal destaca la celebraci\u00f3n del 3 de mayo, \u00a0que consiste en hacer una procesi\u00f3n desde la capilla de la Santa Cruz hasta otra capilla ubicada aproximadamente a la mitad de la pe\u00f1a de Bernal, para posteriormente terminar de subir la cruz a trav\u00e9s de diferentes personas llamadas <em>escalonero,<\/em> que sin ning\u00fan tipo de seguridad o arn\u00e9s que los proteja, van transportando la cruz hasta colocarla en la cima de la pe\u00f1a.<\/p>\n<p>El disfrutar de un paseo por el pueblo de Bernal ya sea a pie o en tranv\u00eda es \u00a0otra gran opci\u00f3n, pues se pueden conocer\u00a0 infinidad de lugares interesantes adem\u00e1s de historias y leyendas, como las que se representan en el teatro del pueblo al aire libre.<\/p>\n<p>Al llegar al el centro de Bernal lo primero que vemos es una construcci\u00f3n de origen virreinal mejor conocida como\u00a0 <em>El Castillo<\/em> actualmente sede de la delegaci\u00f3n municipal y del museo de la m\u00e1scara, dentro del museo encontramos una colecci\u00f3n de 300 mascaras elaboradas tanto\u00a0 por artistas locales como de diversas partes del mundo.<\/p>\n<p>A un lado est\u00e1 el templo de San Sebasti\u00e1n, as\u00ed como diferentes tiendas \u00a0artesanales en donde se encuentran los textiles tradicionales\u00a0 de la zona donde destacan las cobijas, y tapetes de lana.<\/p>\n<p>Despu\u00e9s de terminar el recorrido puedes \u00a0disfrutar de las delicias de su comida tradicional como son: las cl\u00e1sicas \u00a0\u00a0gorditas, las \u00a0enchiladas serranas, los nopales santos y la \u00a0barbacoa de borrego tapada con penca de maguey. No olvides visitar las dulcer\u00edas del lugar para probar los t\u00edpicos\u00a0 dulces de leche, frutas cristalizadas, y ex\u00f3ticas mermeladas como la famosa de mango con chile \u00a0habanero.<\/p>\n<p>Como puedes darte cuenta, visitar Bernal, Quer\u00e9taro es \u00a0una gran \u00a0experiencia que no te puedes perder.<\/p>\n<p>&nbsp;<\/p>\n<p><strong>Referencias<\/strong><\/p>\n<p>Pueblos m\u00e1gicos (s.f.) <strong>Pe\u00f1a de Bernal Pueblo M\u00e1gico Quer\u00e9taro<\/strong>. Julio 2015, de Pueblos M\u00e9xico Sitio web: <a href=\"https:\/\/www.pueblosmexico.com.mx\/pueblo_mexico_ficha.php?id_rubrique=320\">https:\/\/www.pueblosmexico.com.mx\/pueblo_mexico_ficha.php?id_rubrique=320<\/a><\/p>\n<p>M\u00e9xico Desconocido (s.f.) <strong>Bernal<\/strong>. Julio 2015 de M\u00e9xico Desconocido. Sitio web:<a href=\"http:\/\/www.mexicodesconocido.com.mx\/bernal-pueblos-magicos-de-mexico.html\">http:\/\/www.mexicodesconocido.com.mx\/bernal-pueblos-magicos-de-mexico.html<\/a><\/p>\n<p>Visit M\u00e9xico (s.f.) <strong>Una experiencia de altura en Quer\u00e9taro.<\/strong> Julio 2015, de Visit M\u00e9xico. Sitio web: <a href=\"http:\/\/www.visitmexico.com\/es\/pena-de-bernal-queretaro\">http:\/\/www.visitmexico.com\/es\/pena-de-bernal-queretaro<\/a><\/p>\n<p>&nbsp;<\/p>\n<p><strong>Teresa Rodr\u00edguez<\/strong><\/p>\n<p><strong>Alumna UTEL<\/strong><\/p>\n<p><a href=\"http:\/\/contacto.utel.edu.mx\/online\/formd\/UTEL\/?utm_source=boton-contacto&amp;utm_medium=blog&amp;utm_campaign=conoce-la-pena-de-bernal-en-queretaro\"><img decoding=\"async\" class=\"alignnone size-full wp-image-18233\" src=\"http:\/\/utel.mx\/blog\/wp-content\/uploads\/2015\/05\/boton_blog.png\" alt=\"Bot\u00f3n contacto\" width=\"232\" height=\"71\" \/><\/a><\/p>\n<h5><strong>Las opiniones y posturas vertidas en los art\u00edculos publicados en el Blog UTEL son de exclusiva responsabilidad del autor o autores de los mismos, y no reflejan necesariamente los puntos de vista de la\u00a0Universidad Tecnol\u00f3gica Latinoamericana en L\u00ednea.<\/strong><\/h5>\n<p>&nbsp;<\/p>\n<p>&nbsp;<\/p>\n<div id=\"advads-4084399392\" class=\"advads-cta-lp-banner-form advads-entity-placement\"><a href=\"https:\/\/utel.mx\/blog\/admisiones-universidad-online\/?utm_source=blog&#038;utm_medium=CTAlink&#038;utm_campaign=MKTseo\" aria-label=\"Universidad en linea\"><img src=\"https:\/\/utel.mx\/blog\/wp-content\/uploads\/2025\/04\/universidad-en-linea-1.png\" alt=\"Universidad en linea\"  srcset=\"https:\/\/utel.mx\/blog\/wp-content\/uploads\/2025\/04\/universidad-en-linea-1.png 626w, https:\/\/utel.mx\/blog\/wp-content\/uploads\/2025\/04\/universidad-en-linea-1-420x168.png 420w\" sizes=\"(max-width: 626px) 100vw, 626px\" width=\"626\" height=\"250\"   \/><\/a><\/div>","protected":false},"excerpt":{"rendered":"<p> [&hellip;]<\/p>\n","protected":false},"author":40,"featured_media":19639,"comment_status":"closed","ping_status":"open","sticky":false,"template":"","format":"standard","meta":{"_acf_changed":false,"site-sidebar-layout":"default","site-content-layout":"","ast-site-content-layout":"","site-content-style":"default","site-sidebar-style":"default","ast-global-header-display":"","ast-banner-title-visibility":"","ast-main-header-display":"","ast-hfb-above-header-display":"","ast-hfb-below-header-display":"","ast-hfb-mobile-header-display":"","site-post-title":"","ast-breadcrumbs-content":"","ast-featured-img":"","footer-sml-layout":"","theme-transparent-header-meta":"","adv-header-id-meta":"","stick-header-meta":"","header-above-stick-meta":"","header-main-stick-meta":"","header-below-stick-meta":"","astra-migrate-meta-layouts":"default","ast-page-background-enabled":"default","ast-page-background-meta":{"desktop":{"background-color":"var(--ast-global-color-4)","background-image":"","background-repeat":"repeat","background-position":"center center","background-size":"auto","background-attachment":"scroll","background-type":"","background-media":"","overlay-type":"","overlay-color":"","overlay-gradient":""},"tablet":{"background-color":"","background-image":"","background-repeat":"repeat","background-position":"center center","background-size":"auto","background-attachment":"scroll","background-type":"","background-media":"","overlay-type":"","overlay-color":"","overlay-gradient":""},"mobile":{"background-color":"","background-image":"","background-repeat":"repeat","background-position":"center center","background-size":"auto","background-attachment":"scroll","background-type":"","background-media":"","overlay-type":"","overlay-color":"","overlay-gradient":""}},"ast-content-background-meta":{"desktop":{"background-color":"var(--ast-global-color-5)","background-image":"","background-repeat":"repeat","background-position":"center center","background-size":"auto","background-attachment":"scroll","background-type":"","background-media":"","overlay-type":"","overlay-color":"","overlay-gradient":""},"tablet":{"background-color":"var(--ast-global-color-5)","background-image":"","background-repeat":"repeat","background-position":"center center","background-size":"auto","background-attachment":"scroll","background-type":"","background-media":"","overlay-type":"","overlay-color":"","overlay-gradient":""},"mobile":{"background-color":"var(--ast-global-color-5)","background-image":"","background-repeat":"repeat","background-position":"center center","background-size":"auto","background-attachment":"scroll","background-type":"","background-media":"","overlay-type":"","overlay-color":"","overlay-gradient":""}},"footnotes":""},"categories":[3163],"tags":[],"class_list":["post-19638","post","type-post","status-publish","format-standard","has-post-thumbnail","hentry","category-dia-a-dia"],"acf":[],"yoast_head":"<!-- This site is optimized with the Yoast SEO plugin v26.8 - https:\/\/yoast.com\/product\/yoast-seo-wordpress\/ -->\n<title>Conoce la Pe\u00f1a de Bernal en Quer\u00e9taro - BLOG | Utel<\/title>\n<meta name=\"description\" content=\"La Pe\u00f1a de Bernal ubicada en Bernal, Quer\u00e9taro es un gran atractivo tur\u00edstico y cultural que nadie se puede perder.\" \/>\n<meta name=\"robots\" content=\"index, follow, max-snippet:-1, max-image-preview:large, max-video-preview:-1\" \/>\n<link rel=\"canonical\" href=\"https:\/\/utel.mx\/blog\/dia-a-dia\/conoce-la-pena-de-bernal-en-queretaro\/\" \/>\n<meta property=\"og:locale\" content=\"es_ES\" \/>\n<meta property=\"og:type\" content=\"article\" \/>\n<meta property=\"og:title\" content=\"Conoce la Pe\u00f1a de Bernal en Quer\u00e9taro - BLOG | Utel\" \/>\n<meta property=\"og:description\" content=\"La Pe\u00f1a de Bernal ubicada en Bernal, Quer\u00e9taro es un gran atractivo tur\u00edstico y cultural que nadie se puede perder.\" \/>\n<meta property=\"og:url\" content=\"https:\/\/utel.mx\/blog\/dia-a-dia\/conoce-la-pena-de-bernal-en-queretaro\/\" \/>\n<meta property=\"og:site_name\" content=\"BLOG | Utel\" \/>\n<meta property=\"article:published_time\" content=\"2015-08-07T15:41:03+00:00\" \/>\n<meta property=\"article:modified_time\" content=\"2023-03-10T17:07:19+00:00\" \/>\n<meta property=\"og:image\" content=\"https:\/\/utel.mx\/blog\/wp-content\/uploads\/2015\/08\/arton154.jpg\" \/>\n\t<meta property=\"og:image:width\" content=\"800\" \/>\n\t<meta property=\"og:image:height\" content=\"520\" \/>\n\t<meta property=\"og:image:type\" content=\"image\/jpeg\" \/>\n<meta name=\"author\" content=\"Invitados UTEL\" \/>\n<meta name=\"twitter:label1\" content=\"Written by\" \/>\n\t<meta name=\"twitter:data1\" content=\"Invitados UTEL\" \/>\n\t<meta name=\"twitter:label2\" content=\"Est. reading time\" \/>\n\t<meta name=\"twitter:data2\" content=\"3 minutos\" \/>\n<script type=\"application\/ld+json\" class=\"yoast-schema-graph\">{\"@context\":\"https:\/\/schema.org\",\"@graph\":[{\"@type\":\"Article\",\"@id\":\"https:\/\/utel.mx\/blog\/dia-a-dia\/conoce-la-pena-de-bernal-en-queretaro\/#article\",\"isPartOf\":{\"@id\":\"https:\/\/utel.mx\/blog\/dia-a-dia\/conoce-la-pena-de-bernal-en-queretaro\/\"},\"author\":{\"name\":\"Invitados UTEL\",\"@id\":\"https:\/\/utel.mx\/blog\/#\/schema\/person\/e5b3d8d918f13bd0b0f4724daa90dd95\"},\"headline\":\"Conoce la Pe\u00f1a de Bernal en Quer\u00e9taro\",\"datePublished\":\"2015-08-07T15:41:03+00:00\",\"dateModified\":\"2023-03-10T17:07:19+00:00\",\"mainEntityOfPage\":{\"@id\":\"https:\/\/utel.mx\/blog\/dia-a-dia\/conoce-la-pena-de-bernal-en-queretaro\/\"},\"wordCount\":638,\"publisher\":{\"@id\":\"https:\/\/utel.mx\/blog\/#organization\"},\"image\":{\"@id\":\"https:\/\/utel.mx\/blog\/dia-a-dia\/conoce-la-pena-de-bernal-en-queretaro\/#primaryimage\"},\"thumbnailUrl\":\"https:\/\/utel.mx\/blog\/wp-content\/uploads\/2015\/08\/arton154.jpg\",\"articleSection\":[\"D\u00eda a d\u00eda\"],\"inLanguage\":\"es\"},{\"@type\":\"WebPage\",\"@id\":\"https:\/\/utel.mx\/blog\/dia-a-dia\/conoce-la-pena-de-bernal-en-queretaro\/\",\"url\":\"https:\/\/utel.mx\/blog\/dia-a-dia\/conoce-la-pena-de-bernal-en-queretaro\/\",\"name\":\"Conoce la Pe\u00f1a de Bernal en Quer\u00e9taro - BLOG | Utel\",\"isPartOf\":{\"@id\":\"https:\/\/utel.mx\/blog\/#website\"},\"primaryImageOfPage\":{\"@id\":\"https:\/\/utel.mx\/blog\/dia-a-dia\/conoce-la-pena-de-bernal-en-queretaro\/#primaryimage\"},\"image\":{\"@id\":\"https:\/\/utel.mx\/blog\/dia-a-dia\/conoce-la-pena-de-bernal-en-queretaro\/#primaryimage\"},\"thumbnailUrl\":\"https:\/\/utel.mx\/blog\/wp-content\/uploads\/2015\/08\/arton154.jpg\",\"datePublished\":\"2015-08-07T15:41:03+00:00\",\"dateModified\":\"2023-03-10T17:07:19+00:00\",\"description\":\"La Pe\u00f1a de Bernal ubicada en Bernal, Quer\u00e9taro es un gran atractivo tur\u00edstico y cultural que nadie se puede perder.\",\"breadcrumb\":{\"@id\":\"https:\/\/utel.mx\/blog\/dia-a-dia\/conoce-la-pena-de-bernal-en-queretaro\/#breadcrumb\"},\"inLanguage\":\"es\",\"potentialAction\":[{\"@type\":\"ReadAction\",\"target\":[\"https:\/\/utel.mx\/blog\/dia-a-dia\/conoce-la-pena-de-bernal-en-queretaro\/\"]}]},{\"@type\":\"ImageObject\",\"inLanguage\":\"es\",\"@id\":\"https:\/\/utel.mx\/blog\/dia-a-dia\/conoce-la-pena-de-bernal-en-queretaro\/#primaryimage\",\"url\":\"https:\/\/utel.mx\/blog\/wp-content\/uploads\/2015\/08\/arton154.jpg\",\"contentUrl\":\"https:\/\/utel.mx\/blog\/wp-content\/uploads\/2015\/08\/arton154.jpg\",\"width\":800,\"height\":520},{\"@type\":\"BreadcrumbList\",\"@id\":\"https:\/\/utel.mx\/blog\/dia-a-dia\/conoce-la-pena-de-bernal-en-queretaro\/#breadcrumb\",\"itemListElement\":[{\"@type\":\"ListItem\",\"position\":1,\"name\":\"Home\",\"item\":\"https:\/\/utel.mx\/blog\/\"},{\"@type\":\"ListItem\",\"position\":2,\"name\":\"Conoce la Pe\u00f1a de Bernal en Quer\u00e9taro\"}]},{\"@type\":\"WebSite\",\"@id\":\"https:\/\/utel.mx\/blog\/#website\",\"url\":\"https:\/\/utel.mx\/blog\/\",\"name\":\"BLOG | Utel\",\"description\":\"Blog UTEL Universidad en L\u00ednea\",\"publisher\":{\"@id\":\"https:\/\/utel.mx\/blog\/#organization\"},\"potentialAction\":[{\"@type\":\"SearchAction\",\"target\":{\"@type\":\"EntryPoint\",\"urlTemplate\":\"https:\/\/utel.mx\/blog\/?s={search_term_string}\"},\"query-input\":{\"@type\":\"PropertyValueSpecification\",\"valueRequired\":true,\"valueName\":\"search_term_string\"}}],\"inLanguage\":\"es\"},{\"@type\":\"Organization\",\"@id\":\"https:\/\/utel.mx\/blog\/#organization\",\"name\":\"BLOG | Utel\",\"url\":\"https:\/\/utel.mx\/blog\/\",\"logo\":{\"@type\":\"ImageObject\",\"inLanguage\":\"es\",\"@id\":\"https:\/\/utel.mx\/blog\/#\/schema\/logo\/image\/\",\"url\":\"https:\/\/utel.mx\/blog\/wp-content\/uploads\/2023\/03\/cropped-logo-blog.png\",\"contentUrl\":\"https:\/\/utel.mx\/blog\/wp-content\/uploads\/2023\/03\/cropped-logo-blog.png\",\"width\":237,\"height\":64,\"caption\":\"BLOG | Utel\"},\"image\":{\"@id\":\"https:\/\/utel.mx\/blog\/#\/schema\/logo\/image\/\"}},{\"@type\":\"Person\",\"@id\":\"https:\/\/utel.mx\/blog\/#\/schema\/person\/e5b3d8d918f13bd0b0f4724daa90dd95\",\"name\":\"Invitados UTEL\",\"image\":{\"@type\":\"ImageObject\",\"inLanguage\":\"es\",\"@id\":\"https:\/\/utel.mx\/blog\/#\/schema\/person\/image\/\",\"url\":\"https:\/\/secure.gravatar.com\/avatar\/781456f1128be5a332ab27ea8b902597?s=96&d=mm&r=g\",\"contentUrl\":\"https:\/\/secure.gravatar.com\/avatar\/781456f1128be5a332ab27ea8b902597?s=96&d=mm&r=g\",\"caption\":\"Invitados UTEL\"},\"description\":\"Invitados . Colaboraciones por parte de invitados de la Comunidad UTEL\"}]}<\/script>\n<!-- \/ Yoast SEO plugin. -->","yoast_head_json":{"title":"Conoce la Pe\u00f1a de Bernal en Quer\u00e9taro - BLOG | Utel","description":"La Pe\u00f1a de Bernal ubicada en Bernal, Quer\u00e9taro es un gran atractivo tur\u00edstico y cultural que nadie se puede perder.","robots":{"index":"index","follow":"follow","max-snippet":"max-snippet:-1","max-image-preview":"max-image-preview:large","max-video-preview":"max-video-preview:-1"},"canonical":"https:\/\/utel.mx\/blog\/dia-a-dia\/conoce-la-pena-de-bernal-en-queretaro\/","og_locale":"es_ES","og_type":"article","og_title":"Conoce la Pe\u00f1a de Bernal en Quer\u00e9taro - BLOG | Utel","og_description":"La Pe\u00f1a de Bernal ubicada en Bernal, Quer\u00e9taro es un gran atractivo tur\u00edstico y cultural que nadie se puede perder.","og_url":"https:\/\/utel.mx\/blog\/dia-a-dia\/conoce-la-pena-de-bernal-en-queretaro\/","og_site_name":"BLOG | Utel","article_published_time":"2015-08-07T15:41:03+00:00","article_modified_time":"2023-03-10T17:07:19+00:00","og_image":[{"width":800,"height":520,"url":"https:\/\/utel.mx\/blog\/wp-content\/uploads\/2015\/08\/arton154.jpg","type":"image\/jpeg"}],"author":"Invitados UTEL","twitter_misc":{"Written by":"Invitados UTEL","Est. reading time":"3 minutos"},"schema":{"@context":"https:\/\/schema.org","@graph":[{"@type":"Article","@id":"https:\/\/utel.mx\/blog\/dia-a-dia\/conoce-la-pena-de-bernal-en-queretaro\/#article","isPartOf":{"@id":"https:\/\/utel.mx\/blog\/dia-a-dia\/conoce-la-pena-de-bernal-en-queretaro\/"},"author":{"name":"Invitados UTEL","@id":"https:\/\/utel.mx\/blog\/#\/schema\/person\/e5b3d8d918f13bd0b0f4724daa90dd95"},"headline":"Conoce la Pe\u00f1a de Bernal en Quer\u00e9taro","datePublished":"2015-08-07T15:41:03+00:00","dateModified":"2023-03-10T17:07:19+00:00","mainEntityOfPage":{"@id":"https:\/\/utel.mx\/blog\/dia-a-dia\/conoce-la-pena-de-bernal-en-queretaro\/"},"wordCount":638,"publisher":{"@id":"https:\/\/utel.mx\/blog\/#organization"},"image":{"@id":"https:\/\/utel.mx\/blog\/dia-a-dia\/conoce-la-pena-de-bernal-en-queretaro\/#primaryimage"},"thumbnailUrl":"https:\/\/utel.mx\/blog\/wp-content\/uploads\/2015\/08\/arton154.jpg","articleSection":["D\u00eda a d\u00eda"],"inLanguage":"es"},{"@type":"WebPage","@id":"https:\/\/utel.mx\/blog\/dia-a-dia\/conoce-la-pena-de-bernal-en-queretaro\/","url":"https:\/\/utel.mx\/blog\/dia-a-dia\/conoce-la-pena-de-bernal-en-queretaro\/","name":"Conoce la Pe\u00f1a de Bernal en Quer\u00e9taro - BLOG | Utel","isPartOf":{"@id":"https:\/\/utel.mx\/blog\/#website"},"primaryImageOfPage":{"@id":"https:\/\/utel.mx\/blog\/dia-a-dia\/conoce-la-pena-de-bernal-en-queretaro\/#primaryimage"},"image":{"@id":"https:\/\/utel.mx\/blog\/dia-a-dia\/conoce-la-pena-de-bernal-en-queretaro\/#primaryimage"},"thumbnailUrl":"https:\/\/utel.mx\/blog\/wp-content\/uploads\/2015\/08\/arton154.jpg","datePublished":"2015-08-07T15:41:03+00:00","dateModified":"2023-03-10T17:07:19+00:00","description":"La Pe\u00f1a de Bernal ubicada en Bernal, Quer\u00e9taro es un gran atractivo tur\u00edstico y cultural que nadie se puede perder.","breadcrumb":{"@id":"https:\/\/utel.mx\/blog\/dia-a-dia\/conoce-la-pena-de-bernal-en-queretaro\/#breadcrumb"},"inLanguage":"es","potentialAction":[{"@type":"ReadAction","target":["https:\/\/utel.mx\/blog\/dia-a-dia\/conoce-la-pena-de-bernal-en-queretaro\/"]}]},{"@type":"ImageObject","inLanguage":"es","@id":"https:\/\/utel.mx\/blog\/dia-a-dia\/conoce-la-pena-de-bernal-en-queretaro\/#primaryimage","url":"https:\/\/utel.mx\/blog\/wp-content\/uploads\/2015\/08\/arton154.jpg","contentUrl":"https:\/\/utel.mx\/blog\/wp-content\/uploads\/2015\/08\/arton154.jpg","width":800,"height":520},{"@type":"BreadcrumbList","@id":"https:\/\/utel.mx\/blog\/dia-a-dia\/conoce-la-pena-de-bernal-en-queretaro\/#breadcrumb","itemListElement":[{"@type":"ListItem","position":1,"name":"Home","item":"https:\/\/utel.mx\/blog\/"},{"@type":"ListItem","position":2,"name":"Conoce la Pe\u00f1a de Bernal en Quer\u00e9taro"}]},{"@type":"WebSite","@id":"https:\/\/utel.mx\/blog\/#website","url":"https:\/\/utel.mx\/blog\/","name":"BLOG | Utel","description":"Blog UTEL Universidad en L\u00ednea","publisher":{"@id":"https:\/\/utel.mx\/blog\/#organization"},"potentialAction":[{"@type":"SearchAction","target":{"@type":"EntryPoint","urlTemplate":"https:\/\/utel.mx\/blog\/?s={search_term_string}"},"query-input":{"@type":"PropertyValueSpecification","valueRequired":true,"valueName":"search_term_string"}}],"inLanguage":"es"},{"@type":"Organization","@id":"https:\/\/utel.mx\/blog\/#organization","name":"BLOG | Utel","url":"https:\/\/utel.mx\/blog\/","logo":{"@type":"ImageObject","inLanguage":"es","@id":"https:\/\/utel.mx\/blog\/#\/schema\/logo\/image\/","url":"https:\/\/utel.mx\/blog\/wp-content\/uploads\/2023\/03\/cropped-logo-blog.png","contentUrl":"https:\/\/utel.mx\/blog\/wp-content\/uploads\/2023\/03\/cropped-logo-blog.png","width":237,"height":64,"caption":"BLOG | Utel"},"image":{"@id":"https:\/\/utel.mx\/blog\/#\/schema\/logo\/image\/"}},{"@type":"Person","@id":"https:\/\/utel.mx\/blog\/#\/schema\/person\/e5b3d8d918f13bd0b0f4724daa90dd95","name":"Invitados UTEL","image":{"@type":"ImageObject","inLanguage":"es","@id":"https:\/\/utel.mx\/blog\/#\/schema\/person\/image\/","url":"https:\/\/secure.gravatar.com\/avatar\/781456f1128be5a332ab27ea8b902597?s=96&d=mm&r=g","contentUrl":"https:\/\/secure.gravatar.com\/avatar\/781456f1128be5a332ab27ea8b902597?s=96&d=mm&r=g","caption":"Invitados UTEL"},"description":"Invitados . Colaboraciones por parte de invitados de la Comunidad UTEL"}]}},"_links":{"self":[{"href":"https:\/\/utel.mx\/blog\/wp-json\/wp\/v2\/posts\/19638","targetHints":{"allow":["GET"]}}],"collection":[{"href":"https:\/\/utel.mx\/blog\/wp-json\/wp\/v2\/posts"}],"about":[{"href":"https:\/\/utel.mx\/blog\/wp-json\/wp\/v2\/types\/post"}],"author":[{"embeddable":true,"href":"https:\/\/utel.mx\/blog\/wp-json\/wp\/v2\/users\/40"}],"replies":[{"embeddable":true,"href":"https:\/\/utel.mx\/blog\/wp-json\/wp\/v2\/comments?post=19638"}],"version-history":[{"count":1,"href":"https:\/\/utel.mx\/blog\/wp-json\/wp\/v2\/posts\/19638\/revisions"}],"predecessor-version":[{"id":45916,"href":"https:\/\/utel.mx\/blog\/wp-json\/wp\/v2\/posts\/19638\/revisions\/45916"}],"wp:featuredmedia":[{"embeddable":true,"href":"https:\/\/utel.mx\/blog\/wp-json\/wp\/v2\/media\/19639"}],"wp:attachment":[{"href":"https:\/\/utel.mx\/blog\/wp-json\/wp\/v2\/media?parent=19638"}],"wp:term":[{"taxonomy":"category","embeddable":true,"href":"https:\/\/utel.mx\/blog\/wp-json\/wp\/v2\/categories?post=19638"},{"taxonomy":"post_tag","embeddable":true,"href":"https:\/\/utel.mx\/blog\/wp-json\/wp\/v2\/tags?post=19638"}],"curies":[{"name":"wp","href":"https:\/\/api.w.org\/{rel}","templated":true}]}}