{"id":19900,"date":"2015-09-07T08:24:38","date_gmt":"2015-09-07T08:24:38","guid":{"rendered":"http:\/\/utel.mx\/blog\/?p=19900"},"modified":"2023-03-10T17:07:05","modified_gmt":"2023-03-10T17:07:05","slug":"charles-chaplin-el-genio-del-cine","status":"publish","type":"post","link":"https:\/\/utel.mx\/blog\/dia-a-dia\/charles-chaplin-el-genio-del-cine\/","title":{"rendered":"Charles Chaplin, el genio del cine"},"content":{"rendered":"<p style=\"text-align: justify;\">\u00bfQui\u00e9n no ha escuchado hablar de Charles Chaplin? \u00bfQui\u00e9n, al escuchar el nombre del m\u00edtico actor brit\u00e1nico no lo asocia de inmediato con la figura del hombre de bomb\u00edn, pantalones abultados y bast\u00f3n, del bigote recortado de forma tan peculiar?<\/p>\n<p style=\"text-align: justify;\">Charles Spencer Chaplin naci\u00f3 el 16 de abril de 1889 en Londres, Inglaterra. Despu\u00e9s de haber pasado una infancia de privaciones, debido al abandono de su padre y al internamiento de su madre en un asilo para personas que padecen enfermedades mentales, comenz\u00f3 a hacer apariciones en compa\u00f1\u00edas de teatro ambulantes. A los 19 a\u00f1os comenz\u00f3 a trabajar para la compa\u00f1\u00eda de Fred Karno, la cual lo llev\u00f3 a Estados Unidos, y en 1919 cre\u00f3 la compa\u00f1\u00eda distribuidora \u201cUnited Artists\u201d, con la cual produjo los filmes que lo llevaron a la fama mundial \u2013y lo mantienen en ella, casi un siglo despu\u00e9s- , los cuales son iconos de la historia del cine.<\/p>\n<p style=\"text-align: justify;\">\u201dThe Tramp\u201d (\u201cEl vagabundo\u201d), el personaje que Chaplin transform\u00f3 en un icono \u00a0fue el protagonista de todos sus filmes pertenecientes a la \u00e9poca del cine mudo. Fue descrito por su creador como \u201cun caballero, un poeta, un so\u00f1ador, un solitario; siempre en b\u00fasqueda de romance y aventura\u201d. Algunos cr\u00edticos de cine han afirmado que, con el nacimiento de \u201cThe Tramp\u201d, que en el 2014 cumpli\u00f3 100 a\u00f1os, naci\u00f3 tambi\u00e9n la moderna comedia en el cine.<\/p>\n<p style=\"text-align: justify;\">A partir de los a\u00f1os 20 del siglo pasado, con la creaci\u00f3n de United Artists, los filmes m\u00e1s memorables de Chaplin fueron filmados, con guion, direcci\u00f3n y m\u00fasica del mismo Charles. Dichos filmes son:<\/p>\n<ul>\n<li>The Kid (\u201cEl chico\u201d)<\/li>\n<li>A Woman of Paris (\u201cUna mujer de Par\u00eds\u201d)<\/li>\n<li>\u201cThe Gold Rush\u201d (\u201cLa quimera del oro\u201d)<\/li>\n<li>\u201cThe Circus\u201d (\u201cEl circo\u201d)<\/li>\n<li>\u201cCity Lights\u201d (\u201cLuces de la ciudad\u201d)<\/li>\n<li>\u201cModern Times\u201d (\u201cTiempos modernos\u201d)<\/li>\n<li>\u201cThe Great Dictator\u201d (\u201cEl gran dictador\u201d, que marc\u00f3 la entrada de Chaplin al cine sonoro)<\/li>\n<li>\u201cMonsieur Verdoux\u201d (\u201cEl se\u00f1or Verdoux\u201d)<\/li>\n<li>\u201cLimelight\u201d (\u201cCandilejas\u201d)<\/li>\n<li>\u201cA King in New York\u201d (\u201cUn rey en Nueva York\u201d)<\/li>\n<li>\u201cA Countess From Hong Kong\u201d (\u201cUna condesa de Hong Kong\u201d).<\/li>\n<\/ul>\n<p style=\"text-align: justify;\">De tem\u00e1ticas tan diversas como la historia de un ni\u00f1o abandonado a la de un hombre que contra\u00eda matrimonio con mujeres ricas a las que posteriormente asesinaba, Chaplin incluy\u00f3 en todas sus pel\u00edculas una cr\u00edtica a la sociedad occidental, aspecto que encontr\u00f3 su cl\u00edmax en \u201cTiempos modernos\u201d, en la cual Charlot (nombre con el que \u201cThe Tramp\u201d fue identificado) pasa por el desempleo y la enajenaci\u00f3n del individuo en la \u00e9poca de la industrializaci\u00f3n; as\u00ed como en \u201cEl gran dictador\u201d, la cual es una ingeniosa s\u00e1tira de las figuras de Adolf Hitler y Benito Mussolini.<\/p>\n<p style=\"text-align: justify;\">Esta pel\u00edcula, especialmente el discurso incluido en ella, en el cual condena la guerra, le cost\u00f3 a Chaplin ser etiquetado como \u201ccomunista\u201d y pr\u00e1cticamente fue expulsado de Estados Unidos en 1952. A partir de entonces vivi\u00f3 en Suiza, donde falleci\u00f3 el 25 de diciembre de 1977. Cinco a\u00f1os antes, en 1972, la Academia de Artes y Ciencias Cinematogr\u00e1ficas de Hollywood le otorg\u00f3 un premio \u00d3scar honorario \u201cpor la incalculable influencia que ha tenido en la manera de hacer cine\u201d, en una ceremonia en la cual recibi\u00f3 12 minutos de aplausos de pie por parte del p\u00fablico.<\/p>\n<p><strong>Ishtar Gonz\u00e1lez Rivas<\/strong><\/p>\n<p><a href=\"http:\/\/contacto.utel.edu.mx\/online\/formd\/UTEL\/?utm_source=boton-contacto&amp;utm_medium=blog&amp;utm_campaign=charles-chaplin-el-genio-del-cine\"><img decoding=\"async\" class=\"aligncenter wp-image-18233 size-full\" src=\"http:\/\/utel.mx\/blog\/wp-content\/uploads\/2015\/05\/boton_blog.png\" alt=\"Bot\u00f3n contacto\" width=\"232\" height=\"71\" \/><\/a><\/p>\n<p>&nbsp;<\/p>\n<p>Referencias:<\/p>\n<p><a href=\"http:\/\/www.charliechaplin.com\/en\/filming\/articles\/212-Chaplin-at-Keystone-The-Tramp-is-Born\">www.charliechaplin.com\/en\/filming\/articles\/212-Chaplin-at-Keystone-The-Tramp-is-Born<\/a><br \/>\n<u>www.charliechaplin.com\/en\/biography\/articles\/21-Overview-of-His-Life<\/u><br \/>\n<u>www.charliechaplin.com\/en\/films<\/u><\/p>\n<h5><strong>Las opiniones y posturas vertidas en los art\u00edculos publicados en el Blog UTEL son de exclusiva responsabilidad del autor o autores de los mismos, y no reflejan necesariamente los puntos de vista de la\u00a0Universidad Tecnol\u00f3gica Latinoamericana en L\u00ednea.<\/strong><\/h5>\n<div id=\"advads-4062378069\" class=\"advads-cta-lp-banner-form advads-entity-placement\"><a href=\"https:\/\/utel.mx\/blog\/admisiones-universidad-online\/?utm_source=blog&#038;utm_medium=CTAlink&#038;utm_campaign=MKTseo\" aria-label=\"Universidad en linea\"><img src=\"https:\/\/utel.mx\/blog\/wp-content\/uploads\/2025\/04\/universidad-en-linea-1.png\" alt=\"Universidad en linea\"  srcset=\"https:\/\/utel.mx\/blog\/wp-content\/uploads\/2025\/04\/universidad-en-linea-1.png 626w, https:\/\/utel.mx\/blog\/wp-content\/uploads\/2025\/04\/universidad-en-linea-1-420x168.png 420w\" sizes=\"(max-width: 626px) 100vw, 626px\" width=\"626\" height=\"250\"   \/><\/a><\/div>","protected":false},"excerpt":{"rendered":"<p> [&hellip;]<\/p>\n","protected":false},"author":40,"featured_media":19899,"comment_status":"closed","ping_status":"open","sticky":false,"template":"","format":"standard","meta":{"_acf_changed":false,"site-sidebar-layout":"default","site-content-layout":"","ast-site-content-layout":"","site-content-style":"default","site-sidebar-style":"default","ast-global-header-display":"","ast-banner-title-visibility":"","ast-main-header-display":"","ast-hfb-above-header-display":"","ast-hfb-below-header-display":"","ast-hfb-mobile-header-display":"","site-post-title":"","ast-breadcrumbs-content":"","ast-featured-img":"","footer-sml-layout":"","theme-transparent-header-meta":"","adv-header-id-meta":"","stick-header-meta":"","header-above-stick-meta":"","header-main-stick-meta":"","header-below-stick-meta":"","astra-migrate-meta-layouts":"default","ast-page-background-enabled":"default","ast-page-background-meta":{"desktop":{"background-color":"var(--ast-global-color-4)","background-image":"","background-repeat":"repeat","background-position":"center center","background-size":"auto","background-attachment":"scroll","background-type":"","background-media":"","overlay-type":"","overlay-color":"","overlay-gradient":""},"tablet":{"background-color":"","background-image":"","background-repeat":"repeat","background-position":"center center","background-size":"auto","background-attachment":"scroll","background-type":"","background-media":"","overlay-type":"","overlay-color":"","overlay-gradient":""},"mobile":{"background-color":"","background-image":"","background-repeat":"repeat","background-position":"center center","background-size":"auto","background-attachment":"scroll","background-type":"","background-media":"","overlay-type":"","overlay-color":"","overlay-gradient":""}},"ast-content-background-meta":{"desktop":{"background-color":"var(--ast-global-color-5)","background-image":"","background-repeat":"repeat","background-position":"center center","background-size":"auto","background-attachment":"scroll","background-type":"","background-media":"","overlay-type":"","overlay-color":"","overlay-gradient":""},"tablet":{"background-color":"var(--ast-global-color-5)","background-image":"","background-repeat":"repeat","background-position":"center center","background-size":"auto","background-attachment":"scroll","background-type":"","background-media":"","overlay-type":"","overlay-color":"","overlay-gradient":""},"mobile":{"background-color":"var(--ast-global-color-5)","background-image":"","background-repeat":"repeat","background-position":"center center","background-size":"auto","background-attachment":"scroll","background-type":"","background-media":"","overlay-type":"","overlay-color":"","overlay-gradient":""}},"footnotes":""},"categories":[3163],"tags":[],"class_list":["post-19900","post","type-post","status-publish","format-standard","has-post-thumbnail","hentry","category-dia-a-dia"],"acf":[],"yoast_head":"<!-- This site is optimized with the Yoast SEO plugin v26.8 - https:\/\/yoast.com\/product\/yoast-seo-wordpress\/ -->\n<title>Charles Chaplin, el genio del cine - BLOG | Utel<\/title>\n<meta name=\"description\" content=\"Charles Chaplin, figura ic\u00f3nica en la historia del cine especialmente de la \u00e9poca del cine mudo, que gracias al entra\u00f1able personaje conocido como \u201cThe Tramp\u201d (\u201cEl vagabundo\u201d), sigue conmoviendo al p\u00fablico de todas nacionalidades y edades a m\u00e1s de 100 a\u00f1os de su creaci\u00f3n.\" \/>\n<meta name=\"robots\" content=\"index, follow, max-snippet:-1, max-image-preview:large, max-video-preview:-1\" \/>\n<link rel=\"canonical\" href=\"https:\/\/utel.mx\/blog\/dia-a-dia\/charles-chaplin-el-genio-del-cine\/\" \/>\n<meta property=\"og:locale\" content=\"es_ES\" \/>\n<meta property=\"og:type\" content=\"article\" \/>\n<meta property=\"og:title\" content=\"Charles Chaplin, el genio del cine - BLOG | Utel\" \/>\n<meta property=\"og:description\" content=\"Charles Chaplin, figura ic\u00f3nica en la historia del cine especialmente de la \u00e9poca del cine mudo, que gracias al entra\u00f1able personaje conocido como \u201cThe Tramp\u201d (\u201cEl vagabundo\u201d), sigue conmoviendo al p\u00fablico de todas nacionalidades y edades a m\u00e1s de 100 a\u00f1os de su creaci\u00f3n.\" \/>\n<meta property=\"og:url\" content=\"https:\/\/utel.mx\/blog\/dia-a-dia\/charles-chaplin-el-genio-del-cine\/\" \/>\n<meta property=\"og:site_name\" content=\"BLOG | Utel\" \/>\n<meta property=\"article:published_time\" content=\"2015-09-07T08:24:38+00:00\" \/>\n<meta property=\"article:modified_time\" content=\"2023-03-10T17:07:05+00:00\" \/>\n<meta property=\"og:image\" content=\"https:\/\/utel.mx\/blog\/wp-content\/uploads\/2015\/09\/shutterstock_283679426.jpg\" \/>\n\t<meta property=\"og:image:width\" content=\"1000\" \/>\n\t<meta property=\"og:image:height\" content=\"662\" \/>\n\t<meta property=\"og:image:type\" content=\"image\/jpeg\" \/>\n<meta name=\"author\" content=\"Invitados UTEL\" \/>\n<meta name=\"twitter:label1\" content=\"Written by\" \/>\n\t<meta name=\"twitter:data1\" content=\"Invitados UTEL\" \/>\n\t<meta name=\"twitter:label2\" content=\"Est. reading time\" \/>\n\t<meta name=\"twitter:data2\" content=\"3 minutos\" \/>\n<script type=\"application\/ld+json\" class=\"yoast-schema-graph\">{\"@context\":\"https:\/\/schema.org\",\"@graph\":[{\"@type\":\"Article\",\"@id\":\"https:\/\/utel.mx\/blog\/dia-a-dia\/charles-chaplin-el-genio-del-cine\/#article\",\"isPartOf\":{\"@id\":\"https:\/\/utel.mx\/blog\/dia-a-dia\/charles-chaplin-el-genio-del-cine\/\"},\"author\":{\"name\":\"Invitados UTEL\",\"@id\":\"https:\/\/utel.mx\/blog\/#\/schema\/person\/e5b3d8d918f13bd0b0f4724daa90dd95\"},\"headline\":\"Charles Chaplin, el genio del cine\",\"datePublished\":\"2015-09-07T08:24:38+00:00\",\"dateModified\":\"2023-03-10T17:07:05+00:00\",\"mainEntityOfPage\":{\"@id\":\"https:\/\/utel.mx\/blog\/dia-a-dia\/charles-chaplin-el-genio-del-cine\/\"},\"wordCount\":625,\"publisher\":{\"@id\":\"https:\/\/utel.mx\/blog\/#organization\"},\"image\":{\"@id\":\"https:\/\/utel.mx\/blog\/dia-a-dia\/charles-chaplin-el-genio-del-cine\/#primaryimage\"},\"thumbnailUrl\":\"https:\/\/utel.mx\/blog\/wp-content\/uploads\/2015\/09\/shutterstock_283679426.jpg\",\"articleSection\":[\"D\u00eda a d\u00eda\"],\"inLanguage\":\"es\"},{\"@type\":\"WebPage\",\"@id\":\"https:\/\/utel.mx\/blog\/dia-a-dia\/charles-chaplin-el-genio-del-cine\/\",\"url\":\"https:\/\/utel.mx\/blog\/dia-a-dia\/charles-chaplin-el-genio-del-cine\/\",\"name\":\"Charles Chaplin, el genio del cine - BLOG | Utel\",\"isPartOf\":{\"@id\":\"https:\/\/utel.mx\/blog\/#website\"},\"primaryImageOfPage\":{\"@id\":\"https:\/\/utel.mx\/blog\/dia-a-dia\/charles-chaplin-el-genio-del-cine\/#primaryimage\"},\"image\":{\"@id\":\"https:\/\/utel.mx\/blog\/dia-a-dia\/charles-chaplin-el-genio-del-cine\/#primaryimage\"},\"thumbnailUrl\":\"https:\/\/utel.mx\/blog\/wp-content\/uploads\/2015\/09\/shutterstock_283679426.jpg\",\"datePublished\":\"2015-09-07T08:24:38+00:00\",\"dateModified\":\"2023-03-10T17:07:05+00:00\",\"description\":\"Charles Chaplin, figura ic\u00f3nica en la historia del cine especialmente de la \u00e9poca del cine mudo, que gracias al entra\u00f1able personaje conocido como \u201cThe Tramp\u201d (\u201cEl vagabundo\u201d), sigue conmoviendo al p\u00fablico de todas nacionalidades y edades a m\u00e1s de 100 a\u00f1os de su creaci\u00f3n.\",\"breadcrumb\":{\"@id\":\"https:\/\/utel.mx\/blog\/dia-a-dia\/charles-chaplin-el-genio-del-cine\/#breadcrumb\"},\"inLanguage\":\"es\",\"potentialAction\":[{\"@type\":\"ReadAction\",\"target\":[\"https:\/\/utel.mx\/blog\/dia-a-dia\/charles-chaplin-el-genio-del-cine\/\"]}]},{\"@type\":\"ImageObject\",\"inLanguage\":\"es\",\"@id\":\"https:\/\/utel.mx\/blog\/dia-a-dia\/charles-chaplin-el-genio-del-cine\/#primaryimage\",\"url\":\"https:\/\/utel.mx\/blog\/wp-content\/uploads\/2015\/09\/shutterstock_283679426.jpg\",\"contentUrl\":\"https:\/\/utel.mx\/blog\/wp-content\/uploads\/2015\/09\/shutterstock_283679426.jpg\",\"width\":1000,\"height\":662},{\"@type\":\"BreadcrumbList\",\"@id\":\"https:\/\/utel.mx\/blog\/dia-a-dia\/charles-chaplin-el-genio-del-cine\/#breadcrumb\",\"itemListElement\":[{\"@type\":\"ListItem\",\"position\":1,\"name\":\"Home\",\"item\":\"https:\/\/utel.mx\/blog\/\"},{\"@type\":\"ListItem\",\"position\":2,\"name\":\"Charles Chaplin, el genio del cine\"}]},{\"@type\":\"WebSite\",\"@id\":\"https:\/\/utel.mx\/blog\/#website\",\"url\":\"https:\/\/utel.mx\/blog\/\",\"name\":\"BLOG | Utel\",\"description\":\"Blog UTEL Universidad en L\u00ednea\",\"publisher\":{\"@id\":\"https:\/\/utel.mx\/blog\/#organization\"},\"potentialAction\":[{\"@type\":\"SearchAction\",\"target\":{\"@type\":\"EntryPoint\",\"urlTemplate\":\"https:\/\/utel.mx\/blog\/?s={search_term_string}\"},\"query-input\":{\"@type\":\"PropertyValueSpecification\",\"valueRequired\":true,\"valueName\":\"search_term_string\"}}],\"inLanguage\":\"es\"},{\"@type\":\"Organization\",\"@id\":\"https:\/\/utel.mx\/blog\/#organization\",\"name\":\"BLOG | Utel\",\"url\":\"https:\/\/utel.mx\/blog\/\",\"logo\":{\"@type\":\"ImageObject\",\"inLanguage\":\"es\",\"@id\":\"https:\/\/utel.mx\/blog\/#\/schema\/logo\/image\/\",\"url\":\"https:\/\/utel.mx\/blog\/wp-content\/uploads\/2023\/03\/cropped-logo-blog.png\",\"contentUrl\":\"https:\/\/utel.mx\/blog\/wp-content\/uploads\/2023\/03\/cropped-logo-blog.png\",\"width\":237,\"height\":64,\"caption\":\"BLOG | Utel\"},\"image\":{\"@id\":\"https:\/\/utel.mx\/blog\/#\/schema\/logo\/image\/\"}},{\"@type\":\"Person\",\"@id\":\"https:\/\/utel.mx\/blog\/#\/schema\/person\/e5b3d8d918f13bd0b0f4724daa90dd95\",\"name\":\"Invitados UTEL\",\"image\":{\"@type\":\"ImageObject\",\"inLanguage\":\"es\",\"@id\":\"https:\/\/utel.mx\/blog\/#\/schema\/person\/image\/\",\"url\":\"https:\/\/secure.gravatar.com\/avatar\/781456f1128be5a332ab27ea8b902597?s=96&d=mm&r=g\",\"contentUrl\":\"https:\/\/secure.gravatar.com\/avatar\/781456f1128be5a332ab27ea8b902597?s=96&d=mm&r=g\",\"caption\":\"Invitados UTEL\"},\"description\":\"Invitados . Colaboraciones por parte de invitados de la Comunidad UTEL\"}]}<\/script>\n<!-- \/ Yoast SEO plugin. -->","yoast_head_json":{"title":"Charles Chaplin, el genio del cine - BLOG | Utel","description":"Charles Chaplin, figura ic\u00f3nica en la historia del cine especialmente de la \u00e9poca del cine mudo, que gracias al entra\u00f1able personaje conocido como \u201cThe Tramp\u201d (\u201cEl vagabundo\u201d), sigue conmoviendo al p\u00fablico de todas nacionalidades y edades a m\u00e1s de 100 a\u00f1os de su creaci\u00f3n.","robots":{"index":"index","follow":"follow","max-snippet":"max-snippet:-1","max-image-preview":"max-image-preview:large","max-video-preview":"max-video-preview:-1"},"canonical":"https:\/\/utel.mx\/blog\/dia-a-dia\/charles-chaplin-el-genio-del-cine\/","og_locale":"es_ES","og_type":"article","og_title":"Charles Chaplin, el genio del cine - BLOG | Utel","og_description":"Charles Chaplin, figura ic\u00f3nica en la historia del cine especialmente de la \u00e9poca del cine mudo, que gracias al entra\u00f1able personaje conocido como \u201cThe Tramp\u201d (\u201cEl vagabundo\u201d), sigue conmoviendo al p\u00fablico de todas nacionalidades y edades a m\u00e1s de 100 a\u00f1os de su creaci\u00f3n.","og_url":"https:\/\/utel.mx\/blog\/dia-a-dia\/charles-chaplin-el-genio-del-cine\/","og_site_name":"BLOG | Utel","article_published_time":"2015-09-07T08:24:38+00:00","article_modified_time":"2023-03-10T17:07:05+00:00","og_image":[{"width":1000,"height":662,"url":"https:\/\/utel.mx\/blog\/wp-content\/uploads\/2015\/09\/shutterstock_283679426.jpg","type":"image\/jpeg"}],"author":"Invitados UTEL","twitter_misc":{"Written by":"Invitados UTEL","Est. reading time":"3 minutos"},"schema":{"@context":"https:\/\/schema.org","@graph":[{"@type":"Article","@id":"https:\/\/utel.mx\/blog\/dia-a-dia\/charles-chaplin-el-genio-del-cine\/#article","isPartOf":{"@id":"https:\/\/utel.mx\/blog\/dia-a-dia\/charles-chaplin-el-genio-del-cine\/"},"author":{"name":"Invitados UTEL","@id":"https:\/\/utel.mx\/blog\/#\/schema\/person\/e5b3d8d918f13bd0b0f4724daa90dd95"},"headline":"Charles Chaplin, el genio del cine","datePublished":"2015-09-07T08:24:38+00:00","dateModified":"2023-03-10T17:07:05+00:00","mainEntityOfPage":{"@id":"https:\/\/utel.mx\/blog\/dia-a-dia\/charles-chaplin-el-genio-del-cine\/"},"wordCount":625,"publisher":{"@id":"https:\/\/utel.mx\/blog\/#organization"},"image":{"@id":"https:\/\/utel.mx\/blog\/dia-a-dia\/charles-chaplin-el-genio-del-cine\/#primaryimage"},"thumbnailUrl":"https:\/\/utel.mx\/blog\/wp-content\/uploads\/2015\/09\/shutterstock_283679426.jpg","articleSection":["D\u00eda a d\u00eda"],"inLanguage":"es"},{"@type":"WebPage","@id":"https:\/\/utel.mx\/blog\/dia-a-dia\/charles-chaplin-el-genio-del-cine\/","url":"https:\/\/utel.mx\/blog\/dia-a-dia\/charles-chaplin-el-genio-del-cine\/","name":"Charles Chaplin, el genio del cine - BLOG | Utel","isPartOf":{"@id":"https:\/\/utel.mx\/blog\/#website"},"primaryImageOfPage":{"@id":"https:\/\/utel.mx\/blog\/dia-a-dia\/charles-chaplin-el-genio-del-cine\/#primaryimage"},"image":{"@id":"https:\/\/utel.mx\/blog\/dia-a-dia\/charles-chaplin-el-genio-del-cine\/#primaryimage"},"thumbnailUrl":"https:\/\/utel.mx\/blog\/wp-content\/uploads\/2015\/09\/shutterstock_283679426.jpg","datePublished":"2015-09-07T08:24:38+00:00","dateModified":"2023-03-10T17:07:05+00:00","description":"Charles Chaplin, figura ic\u00f3nica en la historia del cine especialmente de la \u00e9poca del cine mudo, que gracias al entra\u00f1able personaje conocido como \u201cThe Tramp\u201d (\u201cEl vagabundo\u201d), sigue conmoviendo al p\u00fablico de todas nacionalidades y edades a m\u00e1s de 100 a\u00f1os de su creaci\u00f3n.","breadcrumb":{"@id":"https:\/\/utel.mx\/blog\/dia-a-dia\/charles-chaplin-el-genio-del-cine\/#breadcrumb"},"inLanguage":"es","potentialAction":[{"@type":"ReadAction","target":["https:\/\/utel.mx\/blog\/dia-a-dia\/charles-chaplin-el-genio-del-cine\/"]}]},{"@type":"ImageObject","inLanguage":"es","@id":"https:\/\/utel.mx\/blog\/dia-a-dia\/charles-chaplin-el-genio-del-cine\/#primaryimage","url":"https:\/\/utel.mx\/blog\/wp-content\/uploads\/2015\/09\/shutterstock_283679426.jpg","contentUrl":"https:\/\/utel.mx\/blog\/wp-content\/uploads\/2015\/09\/shutterstock_283679426.jpg","width":1000,"height":662},{"@type":"BreadcrumbList","@id":"https:\/\/utel.mx\/blog\/dia-a-dia\/charles-chaplin-el-genio-del-cine\/#breadcrumb","itemListElement":[{"@type":"ListItem","position":1,"name":"Home","item":"https:\/\/utel.mx\/blog\/"},{"@type":"ListItem","position":2,"name":"Charles Chaplin, el genio del cine"}]},{"@type":"WebSite","@id":"https:\/\/utel.mx\/blog\/#website","url":"https:\/\/utel.mx\/blog\/","name":"BLOG | Utel","description":"Blog UTEL Universidad en L\u00ednea","publisher":{"@id":"https:\/\/utel.mx\/blog\/#organization"},"potentialAction":[{"@type":"SearchAction","target":{"@type":"EntryPoint","urlTemplate":"https:\/\/utel.mx\/blog\/?s={search_term_string}"},"query-input":{"@type":"PropertyValueSpecification","valueRequired":true,"valueName":"search_term_string"}}],"inLanguage":"es"},{"@type":"Organization","@id":"https:\/\/utel.mx\/blog\/#organization","name":"BLOG | Utel","url":"https:\/\/utel.mx\/blog\/","logo":{"@type":"ImageObject","inLanguage":"es","@id":"https:\/\/utel.mx\/blog\/#\/schema\/logo\/image\/","url":"https:\/\/utel.mx\/blog\/wp-content\/uploads\/2023\/03\/cropped-logo-blog.png","contentUrl":"https:\/\/utel.mx\/blog\/wp-content\/uploads\/2023\/03\/cropped-logo-blog.png","width":237,"height":64,"caption":"BLOG | Utel"},"image":{"@id":"https:\/\/utel.mx\/blog\/#\/schema\/logo\/image\/"}},{"@type":"Person","@id":"https:\/\/utel.mx\/blog\/#\/schema\/person\/e5b3d8d918f13bd0b0f4724daa90dd95","name":"Invitados UTEL","image":{"@type":"ImageObject","inLanguage":"es","@id":"https:\/\/utel.mx\/blog\/#\/schema\/person\/image\/","url":"https:\/\/secure.gravatar.com\/avatar\/781456f1128be5a332ab27ea8b902597?s=96&d=mm&r=g","contentUrl":"https:\/\/secure.gravatar.com\/avatar\/781456f1128be5a332ab27ea8b902597?s=96&d=mm&r=g","caption":"Invitados UTEL"},"description":"Invitados . Colaboraciones por parte de invitados de la Comunidad UTEL"}]}},"_links":{"self":[{"href":"https:\/\/utel.mx\/blog\/wp-json\/wp\/v2\/posts\/19900","targetHints":{"allow":["GET"]}}],"collection":[{"href":"https:\/\/utel.mx\/blog\/wp-json\/wp\/v2\/posts"}],"about":[{"href":"https:\/\/utel.mx\/blog\/wp-json\/wp\/v2\/types\/post"}],"author":[{"embeddable":true,"href":"https:\/\/utel.mx\/blog\/wp-json\/wp\/v2\/users\/40"}],"replies":[{"embeddable":true,"href":"https:\/\/utel.mx\/blog\/wp-json\/wp\/v2\/comments?post=19900"}],"version-history":[{"count":1,"href":"https:\/\/utel.mx\/blog\/wp-json\/wp\/v2\/posts\/19900\/revisions"}],"predecessor-version":[{"id":45893,"href":"https:\/\/utel.mx\/blog\/wp-json\/wp\/v2\/posts\/19900\/revisions\/45893"}],"wp:featuredmedia":[{"embeddable":true,"href":"https:\/\/utel.mx\/blog\/wp-json\/wp\/v2\/media\/19899"}],"wp:attachment":[{"href":"https:\/\/utel.mx\/blog\/wp-json\/wp\/v2\/media?parent=19900"}],"wp:term":[{"taxonomy":"category","embeddable":true,"href":"https:\/\/utel.mx\/blog\/wp-json\/wp\/v2\/categories?post=19900"},{"taxonomy":"post_tag","embeddable":true,"href":"https:\/\/utel.mx\/blog\/wp-json\/wp\/v2\/tags?post=19900"}],"curies":[{"name":"wp","href":"https:\/\/api.w.org\/{rel}","templated":true}]}}