{"id":2025,"date":"2013-09-10T16:49:24","date_gmt":"2013-09-10T16:49:24","guid":{"rendered":"http:\/\/utel.mx\/blog\/?p=2025"},"modified":"2023-03-10T16:55:04","modified_gmt":"2023-03-10T16:55:04","slug":"social-media-y-la-educacion-en-el-aula-virtual","status":"publish","type":"post","link":"https:\/\/utel.mx\/blog\/estudia-en-linea\/social-media-y-la-educacion-en-el-aula-virtual\/","title":{"rendered":"Social Media y la educaci\u00f3n en el aula virtual"},"content":{"rendered":"<p>Actualmente Social Media no solo es una herramienta que sirve para entretener e informar diariamente acerca del acontecer del mundo, sino que tambi\u00e9n crea cercan\u00eda y genera nuevas maneras de aprendizaje.<\/p>\n<p>De acuerdo con la Red Latinoamericana de Portales Educativos, Pearson Learning Solution\u00a0public\u00f3 en el 2011 una investigaci\u00f3n sobre la importancia y el uso de las redes sociales, los datos arrojados fueron que el 90% de los profesores se apoyan para sus cursos con material Social Medial, contra el 19% que creen que las redes sociales quitan el tiempo.<\/p>\n<p>Los m\u00e9todos de ense\u00f1anza ya no solo son aplicables dentro del aula, sino tambi\u00e9n fuera de ella, con los novedosos m\u00e9todos de ense\u00f1anza en l\u00ednea y el uso de blogs de consulta, podcast, e-books y videos que ayudan al aprendizaje y un mejor rendimiento, as\u00ed como el uso del aula virtual, con la que se activa la interacci\u00f3n y el aprendizaje colaborativo.<\/p>\n<p>Gracias a sus herramientas, la demanda educativa en l\u00ednea, se ha incrementado debido a su capacidad de facilitar el acceso desde cualquier lugar y con m\u00e9todos de ense\u00f1anza m\u00e1s completos y orientados al alumno.<\/p>\n<p>Instituciones mexicanas y tambi\u00e9n de ense\u00f1anza de idiomas, comienzan a realizar aplicaciones para un mejor aprendizaje abarcando todos los niveles de educaci\u00f3n superior, con los cuales se puede obtener certificados que avalen los cursos, sin importar que se trate de un modelo en l\u00ednea y no presencial.<\/p>\n<p>Si bien el Internet abre puertas hacia cualquier parte del mundo, en cuesti\u00f3n de aprendizaje y entretenimiento, el portal openculture.com, ofrece audio libros, clases online de idiomas dependiendo de las necesidades de cada alumno, as\u00ed como cursos online\u00a0 impartidos por universidades de prestigio en diferentes ramas. Sin embargo el inconveniente de tomar este tipo de cursos, es que no se puede obtener un diploma o certificado que lo avale, por lo cual se recomienda ampliamente buscar un curso en l\u00ednea<b>\u00a0<\/b>respaldado<b>\u00a0<\/b>por una instituci\u00f3n educativa.<\/p>\n<p>El crecimiento del uso de Social Media como aprendizaje en l\u00ednea<b> <\/b>se ha incrementado debido a que el mercado laboral demanda profesionistas m\u00e1s y mejores preparados, pero sin descuidar sus labores, por lo cual la educaci\u00f3n en l\u00ednea es una beneficiosa opci\u00f3n, abriendo cada vez m\u00e1s el \u00a0paso al aula virtual.<\/p>\n<p><b>Tania Paola Peralta<\/b><\/p>\n<p><b>UTEL Editorial<\/b><\/p>\n<div id=\"advads-447296820\" class=\"advads-cta-lp-banner-form advads-entity-placement\"><a href=\"https:\/\/utel.mx\/blog\/admisiones-universidad-online\/?utm_source=blog&#038;utm_medium=CTAlink&#038;utm_campaign=MKTseo\" aria-label=\"Universidad en linea\"><img src=\"https:\/\/utel.mx\/blog\/wp-content\/uploads\/2025\/04\/universidad-en-linea-1.png\" alt=\"Universidad en linea\"  srcset=\"https:\/\/utel.mx\/blog\/wp-content\/uploads\/2025\/04\/universidad-en-linea-1.png 626w, https:\/\/utel.mx\/blog\/wp-content\/uploads\/2025\/04\/universidad-en-linea-1-420x168.png 420w\" sizes=\"(max-width: 626px) 100vw, 626px\" width=\"626\" height=\"250\"   \/><\/a><\/div>","protected":false},"excerpt":{"rendered":"<p> [&hellip;]<\/p>\n","protected":false},"author":40,"featured_media":2413,"comment_status":"closed","ping_status":"open","sticky":false,"template":"","format":"standard","meta":{"_acf_changed":false,"site-sidebar-layout":"default","site-content-layout":"","ast-site-content-layout":"","site-content-style":"default","site-sidebar-style":"default","ast-global-header-display":"","ast-banner-title-visibility":"","ast-main-header-display":"","ast-hfb-above-header-display":"","ast-hfb-below-header-display":"","ast-hfb-mobile-header-display":"","site-post-title":"","ast-breadcrumbs-content":"","ast-featured-img":"","footer-sml-layout":"","theme-transparent-header-meta":"","adv-header-id-meta":"","stick-header-meta":"","header-above-stick-meta":"","header-main-stick-meta":"","header-below-stick-meta":"","astra-migrate-meta-layouts":"default","ast-page-background-enabled":"default","ast-page-background-meta":{"desktop":{"background-color":"var(--ast-global-color-4)","background-image":"","background-repeat":"repeat","background-position":"center center","background-size":"auto","background-attachment":"scroll","background-type":"","background-media":"","overlay-type":"","overlay-color":"","overlay-gradient":""},"tablet":{"background-color":"","background-image":"","background-repeat":"repeat","background-position":"center center","background-size":"auto","background-attachment":"scroll","background-type":"","background-media":"","overlay-type":"","overlay-color":"","overlay-gradient":""},"mobile":{"background-color":"","background-image":"","background-repeat":"repeat","background-position":"center center","background-size":"auto","background-attachment":"scroll","background-type":"","background-media":"","overlay-type":"","overlay-color":"","overlay-gradient":""}},"ast-content-background-meta":{"desktop":{"background-color":"var(--ast-global-color-5)","background-image":"","background-repeat":"repeat","background-position":"center center","background-size":"auto","background-attachment":"scroll","background-type":"","background-media":"","overlay-type":"","overlay-color":"","overlay-gradient":""},"tablet":{"background-color":"var(--ast-global-color-5)","background-image":"","background-repeat":"repeat","background-position":"center center","background-size":"auto","background-attachment":"scroll","background-type":"","background-media":"","overlay-type":"","overlay-color":"","overlay-gradient":""},"mobile":{"background-color":"var(--ast-global-color-5)","background-image":"","background-repeat":"repeat","background-position":"center center","background-size":"auto","background-attachment":"scroll","background-type":"","background-media":"","overlay-type":"","overlay-color":"","overlay-gradient":""}},"footnotes":""},"categories":[7],"tags":[],"class_list":["post-2025","post","type-post","status-publish","format-standard","has-post-thumbnail","hentry","category-estudia-en-linea"],"acf":[],"yoast_head":"<!-- This site is optimized with the Yoast SEO plugin v26.8 - https:\/\/yoast.com\/product\/yoast-seo-wordpress\/ -->\n<title>Social Media y la educaci\u00f3n en el aula virtual - BLOG | Utel<\/title>\n<meta name=\"description\" content=\"\u00bfNo puedes o no te gusta el modelo educativo presencial? Te presentamos el aula virtual, un nuevo avance en la tecnolog\u00eda docente.\" \/>\n<meta name=\"robots\" content=\"index, follow, max-snippet:-1, max-image-preview:large, max-video-preview:-1\" \/>\n<link rel=\"canonical\" href=\"https:\/\/utel.mx\/blog\/estudia-en-linea\/social-media-y-la-educacion-en-el-aula-virtual\/\" \/>\n<meta property=\"og:locale\" content=\"es_ES\" \/>\n<meta property=\"og:type\" content=\"article\" \/>\n<meta property=\"og:title\" content=\"Social Media y la educaci\u00f3n en el aula virtual - BLOG | Utel\" \/>\n<meta property=\"og:description\" content=\"\u00bfNo puedes o no te gusta el modelo educativo presencial? Te presentamos el aula virtual, un nuevo avance en la tecnolog\u00eda docente.\" \/>\n<meta property=\"og:url\" content=\"https:\/\/utel.mx\/blog\/estudia-en-linea\/social-media-y-la-educacion-en-el-aula-virtual\/\" \/>\n<meta property=\"og:site_name\" content=\"BLOG | Utel\" \/>\n<meta property=\"article:published_time\" content=\"2013-09-10T16:49:24+00:00\" \/>\n<meta property=\"article:modified_time\" content=\"2023-03-10T16:55:04+00:00\" \/>\n<meta property=\"og:image\" content=\"https:\/\/utel.mx\/blog\/wp-content\/uploads\/2013\/07\/shutterstock_69482764-1024x682.jpg\" \/>\n\t<meta property=\"og:image:width\" content=\"1024\" \/>\n\t<meta property=\"og:image:height\" content=\"682\" \/>\n\t<meta property=\"og:image:type\" content=\"image\/jpeg\" \/>\n<meta name=\"author\" content=\"Invitados UTEL\" \/>\n<meta name=\"twitter:label1\" content=\"Written by\" \/>\n\t<meta name=\"twitter:data1\" content=\"Invitados UTEL\" \/>\n\t<meta name=\"twitter:label2\" content=\"Est. reading time\" \/>\n\t<meta name=\"twitter:data2\" content=\"2 minutos\" \/>\n<script type=\"application\/ld+json\" class=\"yoast-schema-graph\">{\"@context\":\"https:\/\/schema.org\",\"@graph\":[{\"@type\":\"Article\",\"@id\":\"https:\/\/utel.mx\/blog\/estudia-en-linea\/social-media-y-la-educacion-en-el-aula-virtual\/#article\",\"isPartOf\":{\"@id\":\"https:\/\/utel.mx\/blog\/estudia-en-linea\/social-media-y-la-educacion-en-el-aula-virtual\/\"},\"author\":{\"name\":\"Invitados UTEL\",\"@id\":\"https:\/\/utel.mx\/blog\/#\/schema\/person\/e5b3d8d918f13bd0b0f4724daa90dd95\"},\"headline\":\"Social Media y la educaci\u00f3n en el aula virtual\",\"datePublished\":\"2013-09-10T16:49:24+00:00\",\"dateModified\":\"2023-03-10T16:55:04+00:00\",\"mainEntityOfPage\":{\"@id\":\"https:\/\/utel.mx\/blog\/estudia-en-linea\/social-media-y-la-educacion-en-el-aula-virtual\/\"},\"wordCount\":409,\"publisher\":{\"@id\":\"https:\/\/utel.mx\/blog\/#organization\"},\"image\":{\"@id\":\"https:\/\/utel.mx\/blog\/estudia-en-linea\/social-media-y-la-educacion-en-el-aula-virtual\/#primaryimage\"},\"thumbnailUrl\":\"https:\/\/utel.mx\/blog\/wp-content\/uploads\/2013\/07\/shutterstock_69482764.jpg\",\"articleSection\":[\"Estudia en L\u00ednea\"],\"inLanguage\":\"es\"},{\"@type\":\"WebPage\",\"@id\":\"https:\/\/utel.mx\/blog\/estudia-en-linea\/social-media-y-la-educacion-en-el-aula-virtual\/\",\"url\":\"https:\/\/utel.mx\/blog\/estudia-en-linea\/social-media-y-la-educacion-en-el-aula-virtual\/\",\"name\":\"Social Media y la educaci\u00f3n en el aula virtual - BLOG | Utel\",\"isPartOf\":{\"@id\":\"https:\/\/utel.mx\/blog\/#website\"},\"primaryImageOfPage\":{\"@id\":\"https:\/\/utel.mx\/blog\/estudia-en-linea\/social-media-y-la-educacion-en-el-aula-virtual\/#primaryimage\"},\"image\":{\"@id\":\"https:\/\/utel.mx\/blog\/estudia-en-linea\/social-media-y-la-educacion-en-el-aula-virtual\/#primaryimage\"},\"thumbnailUrl\":\"https:\/\/utel.mx\/blog\/wp-content\/uploads\/2013\/07\/shutterstock_69482764.jpg\",\"datePublished\":\"2013-09-10T16:49:24+00:00\",\"dateModified\":\"2023-03-10T16:55:04+00:00\",\"description\":\"\u00bfNo puedes o no te gusta el modelo educativo presencial? Te presentamos el aula virtual, un nuevo avance en la tecnolog\u00eda docente.\",\"breadcrumb\":{\"@id\":\"https:\/\/utel.mx\/blog\/estudia-en-linea\/social-media-y-la-educacion-en-el-aula-virtual\/#breadcrumb\"},\"inLanguage\":\"es\",\"potentialAction\":[{\"@type\":\"ReadAction\",\"target\":[\"https:\/\/utel.mx\/blog\/estudia-en-linea\/social-media-y-la-educacion-en-el-aula-virtual\/\"]}]},{\"@type\":\"ImageObject\",\"inLanguage\":\"es\",\"@id\":\"https:\/\/utel.mx\/blog\/estudia-en-linea\/social-media-y-la-educacion-en-el-aula-virtual\/#primaryimage\",\"url\":\"https:\/\/utel.mx\/blog\/wp-content\/uploads\/2013\/07\/shutterstock_69482764.jpg\",\"contentUrl\":\"https:\/\/utel.mx\/blog\/wp-content\/uploads\/2013\/07\/shutterstock_69482764.jpg\",\"width\":3456,\"height\":2304},{\"@type\":\"BreadcrumbList\",\"@id\":\"https:\/\/utel.mx\/blog\/estudia-en-linea\/social-media-y-la-educacion-en-el-aula-virtual\/#breadcrumb\",\"itemListElement\":[{\"@type\":\"ListItem\",\"position\":1,\"name\":\"Home\",\"item\":\"https:\/\/utel.mx\/blog\/\"},{\"@type\":\"ListItem\",\"position\":2,\"name\":\"Social Media y la educaci\u00f3n en el aula virtual\"}]},{\"@type\":\"WebSite\",\"@id\":\"https:\/\/utel.mx\/blog\/#website\",\"url\":\"https:\/\/utel.mx\/blog\/\",\"name\":\"BLOG | Utel\",\"description\":\"Blog UTEL Universidad en L\u00ednea\",\"publisher\":{\"@id\":\"https:\/\/utel.mx\/blog\/#organization\"},\"potentialAction\":[{\"@type\":\"SearchAction\",\"target\":{\"@type\":\"EntryPoint\",\"urlTemplate\":\"https:\/\/utel.mx\/blog\/?s={search_term_string}\"},\"query-input\":{\"@type\":\"PropertyValueSpecification\",\"valueRequired\":true,\"valueName\":\"search_term_string\"}}],\"inLanguage\":\"es\"},{\"@type\":\"Organization\",\"@id\":\"https:\/\/utel.mx\/blog\/#organization\",\"name\":\"BLOG | Utel\",\"url\":\"https:\/\/utel.mx\/blog\/\",\"logo\":{\"@type\":\"ImageObject\",\"inLanguage\":\"es\",\"@id\":\"https:\/\/utel.mx\/blog\/#\/schema\/logo\/image\/\",\"url\":\"https:\/\/utel.mx\/blog\/wp-content\/uploads\/2023\/03\/cropped-logo-blog.png\",\"contentUrl\":\"https:\/\/utel.mx\/blog\/wp-content\/uploads\/2023\/03\/cropped-logo-blog.png\",\"width\":237,\"height\":64,\"caption\":\"BLOG | Utel\"},\"image\":{\"@id\":\"https:\/\/utel.mx\/blog\/#\/schema\/logo\/image\/\"}},{\"@type\":\"Person\",\"@id\":\"https:\/\/utel.mx\/blog\/#\/schema\/person\/e5b3d8d918f13bd0b0f4724daa90dd95\",\"name\":\"Invitados UTEL\",\"image\":{\"@type\":\"ImageObject\",\"inLanguage\":\"es\",\"@id\":\"https:\/\/utel.mx\/blog\/#\/schema\/person\/image\/\",\"url\":\"https:\/\/secure.gravatar.com\/avatar\/781456f1128be5a332ab27ea8b902597?s=96&d=mm&r=g\",\"contentUrl\":\"https:\/\/secure.gravatar.com\/avatar\/781456f1128be5a332ab27ea8b902597?s=96&d=mm&r=g\",\"caption\":\"Invitados UTEL\"},\"description\":\"Invitados . Colaboraciones por parte de invitados de la Comunidad UTEL\"}]}<\/script>\n<!-- \/ Yoast SEO plugin. -->","yoast_head_json":{"title":"Social Media y la educaci\u00f3n en el aula virtual - BLOG | Utel","description":"\u00bfNo puedes o no te gusta el modelo educativo presencial? Te presentamos el aula virtual, un nuevo avance en la tecnolog\u00eda docente.","robots":{"index":"index","follow":"follow","max-snippet":"max-snippet:-1","max-image-preview":"max-image-preview:large","max-video-preview":"max-video-preview:-1"},"canonical":"https:\/\/utel.mx\/blog\/estudia-en-linea\/social-media-y-la-educacion-en-el-aula-virtual\/","og_locale":"es_ES","og_type":"article","og_title":"Social Media y la educaci\u00f3n en el aula virtual - BLOG | Utel","og_description":"\u00bfNo puedes o no te gusta el modelo educativo presencial? Te presentamos el aula virtual, un nuevo avance en la tecnolog\u00eda docente.","og_url":"https:\/\/utel.mx\/blog\/estudia-en-linea\/social-media-y-la-educacion-en-el-aula-virtual\/","og_site_name":"BLOG | Utel","article_published_time":"2013-09-10T16:49:24+00:00","article_modified_time":"2023-03-10T16:55:04+00:00","og_image":[{"width":1024,"height":682,"url":"https:\/\/utel.mx\/blog\/wp-content\/uploads\/2013\/07\/shutterstock_69482764-1024x682.jpg","type":"image\/jpeg"}],"author":"Invitados UTEL","twitter_misc":{"Written by":"Invitados UTEL","Est. reading time":"2 minutos"},"schema":{"@context":"https:\/\/schema.org","@graph":[{"@type":"Article","@id":"https:\/\/utel.mx\/blog\/estudia-en-linea\/social-media-y-la-educacion-en-el-aula-virtual\/#article","isPartOf":{"@id":"https:\/\/utel.mx\/blog\/estudia-en-linea\/social-media-y-la-educacion-en-el-aula-virtual\/"},"author":{"name":"Invitados UTEL","@id":"https:\/\/utel.mx\/blog\/#\/schema\/person\/e5b3d8d918f13bd0b0f4724daa90dd95"},"headline":"Social Media y la educaci\u00f3n en el aula virtual","datePublished":"2013-09-10T16:49:24+00:00","dateModified":"2023-03-10T16:55:04+00:00","mainEntityOfPage":{"@id":"https:\/\/utel.mx\/blog\/estudia-en-linea\/social-media-y-la-educacion-en-el-aula-virtual\/"},"wordCount":409,"publisher":{"@id":"https:\/\/utel.mx\/blog\/#organization"},"image":{"@id":"https:\/\/utel.mx\/blog\/estudia-en-linea\/social-media-y-la-educacion-en-el-aula-virtual\/#primaryimage"},"thumbnailUrl":"https:\/\/utel.mx\/blog\/wp-content\/uploads\/2013\/07\/shutterstock_69482764.jpg","articleSection":["Estudia en L\u00ednea"],"inLanguage":"es"},{"@type":"WebPage","@id":"https:\/\/utel.mx\/blog\/estudia-en-linea\/social-media-y-la-educacion-en-el-aula-virtual\/","url":"https:\/\/utel.mx\/blog\/estudia-en-linea\/social-media-y-la-educacion-en-el-aula-virtual\/","name":"Social Media y la educaci\u00f3n en el aula virtual - BLOG | Utel","isPartOf":{"@id":"https:\/\/utel.mx\/blog\/#website"},"primaryImageOfPage":{"@id":"https:\/\/utel.mx\/blog\/estudia-en-linea\/social-media-y-la-educacion-en-el-aula-virtual\/#primaryimage"},"image":{"@id":"https:\/\/utel.mx\/blog\/estudia-en-linea\/social-media-y-la-educacion-en-el-aula-virtual\/#primaryimage"},"thumbnailUrl":"https:\/\/utel.mx\/blog\/wp-content\/uploads\/2013\/07\/shutterstock_69482764.jpg","datePublished":"2013-09-10T16:49:24+00:00","dateModified":"2023-03-10T16:55:04+00:00","description":"\u00bfNo puedes o no te gusta el modelo educativo presencial? Te presentamos el aula virtual, un nuevo avance en la tecnolog\u00eda docente.","breadcrumb":{"@id":"https:\/\/utel.mx\/blog\/estudia-en-linea\/social-media-y-la-educacion-en-el-aula-virtual\/#breadcrumb"},"inLanguage":"es","potentialAction":[{"@type":"ReadAction","target":["https:\/\/utel.mx\/blog\/estudia-en-linea\/social-media-y-la-educacion-en-el-aula-virtual\/"]}]},{"@type":"ImageObject","inLanguage":"es","@id":"https:\/\/utel.mx\/blog\/estudia-en-linea\/social-media-y-la-educacion-en-el-aula-virtual\/#primaryimage","url":"https:\/\/utel.mx\/blog\/wp-content\/uploads\/2013\/07\/shutterstock_69482764.jpg","contentUrl":"https:\/\/utel.mx\/blog\/wp-content\/uploads\/2013\/07\/shutterstock_69482764.jpg","width":3456,"height":2304},{"@type":"BreadcrumbList","@id":"https:\/\/utel.mx\/blog\/estudia-en-linea\/social-media-y-la-educacion-en-el-aula-virtual\/#breadcrumb","itemListElement":[{"@type":"ListItem","position":1,"name":"Home","item":"https:\/\/utel.mx\/blog\/"},{"@type":"ListItem","position":2,"name":"Social Media y la educaci\u00f3n en el aula virtual"}]},{"@type":"WebSite","@id":"https:\/\/utel.mx\/blog\/#website","url":"https:\/\/utel.mx\/blog\/","name":"BLOG | Utel","description":"Blog UTEL Universidad en L\u00ednea","publisher":{"@id":"https:\/\/utel.mx\/blog\/#organization"},"potentialAction":[{"@type":"SearchAction","target":{"@type":"EntryPoint","urlTemplate":"https:\/\/utel.mx\/blog\/?s={search_term_string}"},"query-input":{"@type":"PropertyValueSpecification","valueRequired":true,"valueName":"search_term_string"}}],"inLanguage":"es"},{"@type":"Organization","@id":"https:\/\/utel.mx\/blog\/#organization","name":"BLOG | Utel","url":"https:\/\/utel.mx\/blog\/","logo":{"@type":"ImageObject","inLanguage":"es","@id":"https:\/\/utel.mx\/blog\/#\/schema\/logo\/image\/","url":"https:\/\/utel.mx\/blog\/wp-content\/uploads\/2023\/03\/cropped-logo-blog.png","contentUrl":"https:\/\/utel.mx\/blog\/wp-content\/uploads\/2023\/03\/cropped-logo-blog.png","width":237,"height":64,"caption":"BLOG | Utel"},"image":{"@id":"https:\/\/utel.mx\/blog\/#\/schema\/logo\/image\/"}},{"@type":"Person","@id":"https:\/\/utel.mx\/blog\/#\/schema\/person\/e5b3d8d918f13bd0b0f4724daa90dd95","name":"Invitados UTEL","image":{"@type":"ImageObject","inLanguage":"es","@id":"https:\/\/utel.mx\/blog\/#\/schema\/person\/image\/","url":"https:\/\/secure.gravatar.com\/avatar\/781456f1128be5a332ab27ea8b902597?s=96&d=mm&r=g","contentUrl":"https:\/\/secure.gravatar.com\/avatar\/781456f1128be5a332ab27ea8b902597?s=96&d=mm&r=g","caption":"Invitados UTEL"},"description":"Invitados . Colaboraciones por parte de invitados de la Comunidad UTEL"}]}},"_links":{"self":[{"href":"https:\/\/utel.mx\/blog\/wp-json\/wp\/v2\/posts\/2025","targetHints":{"allow":["GET"]}}],"collection":[{"href":"https:\/\/utel.mx\/blog\/wp-json\/wp\/v2\/posts"}],"about":[{"href":"https:\/\/utel.mx\/blog\/wp-json\/wp\/v2\/types\/post"}],"author":[{"embeddable":true,"href":"https:\/\/utel.mx\/blog\/wp-json\/wp\/v2\/users\/40"}],"replies":[{"embeddable":true,"href":"https:\/\/utel.mx\/blog\/wp-json\/wp\/v2\/comments?post=2025"}],"version-history":[{"count":1,"href":"https:\/\/utel.mx\/blog\/wp-json\/wp\/v2\/posts\/2025\/revisions"}],"predecessor-version":[{"id":44985,"href":"https:\/\/utel.mx\/blog\/wp-json\/wp\/v2\/posts\/2025\/revisions\/44985"}],"wp:featuredmedia":[{"embeddable":true,"href":"https:\/\/utel.mx\/blog\/wp-json\/wp\/v2\/media\/2413"}],"wp:attachment":[{"href":"https:\/\/utel.mx\/blog\/wp-json\/wp\/v2\/media?parent=2025"}],"wp:term":[{"taxonomy":"category","embeddable":true,"href":"https:\/\/utel.mx\/blog\/wp-json\/wp\/v2\/categories?post=2025"},{"taxonomy":"post_tag","embeddable":true,"href":"https:\/\/utel.mx\/blog\/wp-json\/wp\/v2\/tags?post=2025"}],"curies":[{"name":"wp","href":"https:\/\/api.w.org\/{rel}","templated":true}]}}