{"id":20582,"date":"2015-12-01T00:22:13","date_gmt":"2015-12-01T00:22:13","guid":{"rendered":"http:\/\/utel.mx\/blog\/?p=20582"},"modified":"2023-03-10T17:06:46","modified_gmt":"2023-03-10T17:06:46","slug":"conoce-la-nueva-cedula-profesional-expedida-por-la-sep","status":"publish","type":"post","link":"https:\/\/utel.mx\/blog\/vida-utel\/conoce-la-nueva-cedula-profesional-expedida-por-la-sep\/","title":{"rendered":"Conoce la nueva C\u00e9dula Profesional expedida por la SEP"},"content":{"rendered":"<p><span style=\"color: #000000;\">Con el objetivo de fortalecer las acciones en materia de registro, control y vigilancia del ejercicio profesional, la <strong>Secretar\u00eda de Educaci\u00f3n P\u00fablica<\/strong> de M\u00e9xico, a trav\u00e9s de la Direcci\u00f3n General de Profesiones, expide a partir del mes de octubre una nueva <strong>C\u00e9dula Profesional<\/strong>.<\/span><\/p>\n<p style=\"text-align: justify;\"><span style=\"color: #000000;\">Esta nueva c\u00e9dula profesional, elaborada por <strong>Talleres Gr\u00e1ficos de M\u00e9xico<\/strong>, cuenta con innovadoras caracter\u00edsticas as\u00ed como mayores medidas de seguridad y autenticidad, entre las que destacan:<\/span><\/p>\n<ul style=\"text-align: justify;\">\n<li><span style=\"color: #000000;\">Dise\u00f1o estructural con grabado en alto y bajo relieve de forma horizontal, que se ajusta a los est\u00e1ndares internacionales en materia de identificaciones oficiales.<\/span><\/li>\n<li><span style=\"color: #000000;\">Datos de identificaci\u00f3n del titular de f\u00e1cil acceso en el anverso, tales como n\u00famero de c\u00e9dula, nombre, profesi\u00f3n o grado y la CURP.<\/span><\/li>\n<li><span style=\"color: #000000;\">En el reverso, c\u00f3digo bidimensional (QR) y zona de lectura mec\u00e1nica.<\/span><\/li>\n<li><span style=\"color: #000000;\">Elemento hologr\u00e1fico.<\/span><\/li>\n<\/ul>\n<p style=\"text-align: justify;\"><span style=\"color: #000000;\">Estos cambios permitir\u00e1n que la sociedad reconozca plenamente al profesionista y, a su vez, sea utilizada como un medio de identificaci\u00f3n de validez oficial.<\/span><\/p>\n<p><span style=\"color: #000000;\">Para mayor referencia, consulta&nbsp;las im\u00e1genes del anverso y reverso de la nueva <strong>C\u00e9dula Profesional<\/strong>, mismas que te compartimos continuaci\u00f3n:<\/span><\/p>\n<p><span style=\"color: #000000;\"><strong>&nbsp;<a style=\"color: #000000;\" href=\"http:\/\/utel.mx\/blog\/wp-content\/uploads\/2015\/12\/c\u00e9dula.jpg\"><img fetchpriority=\"high\" decoding=\"async\" class=\"aligncenter wp-image-20584 size-large\" src=\"http:\/\/utel.mx\/blog\/wp-content\/uploads\/2015\/12\/c\u00e9dula-1024x627.jpg\" alt=\"c\u00e9dula\" width=\"669\" height=\"410\" srcset=\"https:\/\/utel.mx\/blog\/wp-content\/uploads\/2015\/12\/c\u00e9dula-1024x627.jpg 1024w, https:\/\/utel.mx\/blog\/wp-content\/uploads\/2015\/12\/c\u00e9dula-300x184.jpg 300w, https:\/\/utel.mx\/blog\/wp-content\/uploads\/2015\/12\/c\u00e9dula-200x122.jpg 200w, https:\/\/utel.mx\/blog\/wp-content\/uploads\/2015\/12\/c\u00e9dula-600x367.jpg 600w, https:\/\/utel.mx\/blog\/wp-content\/uploads\/2015\/12\/c\u00e9dula.jpg 2048w\" sizes=\"(max-width: 669px) 100vw, 669px\" \/><\/a><\/strong><\/span><\/p>\n<p><span style=\"color: #000000;\"><strong>&nbsp;<\/strong><strong>Datos&nbsp;relevantes<\/strong><\/span><\/p>\n<ul>\n<li><span style=\"color: #000000;\">En caso de ya contar con ella, no existe la obligaci\u00f3n de renovar la c\u00e9dula profesional; sin embargo, si lo deseas puedes solicitar un duplicado. Para ello deber\u00e1s ingresar a la p\u00e1gina www.profesiones.sep.gob.mx seleccionar \u00abTr\u00e1mites y Servicios\u00bb &gt; \u00abSolicitud de Duplicado de C\u00e9dula Profesional\u00bb, cuyo costo actual es de $321.00 M\/N.<\/span><\/li>\n<li><span style=\"color: #000000;\">Al igual que el formato anterior la C\u00e9dula Profesional no tiene vigencia.<\/span><\/li>\n<li><span style=\"color: #000000;\">El motivo por el que se cambi\u00f3 el formato o presentaci\u00f3n de la c\u00e9dula, es para contar con un documento que permita a la sociedad identificar plenamente y con certeza a la persona de la cual reciba la prestaci\u00f3n de un servicio profesional.<\/span><\/li>\n<li><span style=\"color: #000000;\">Este nuevo formato contiene mayores medidas de seguridad para evitar su falsificaci\u00f3n y es respaldado por Talleres Gr\u00e1ficos de M\u00e9xico, empresa del Gobierno Federal, lo cual garantiza agilidad, secrec\u00eda, transparencia y control de la informaci\u00f3n.<\/span><\/li>\n<\/ul>\n<p><span style=\"color: #000000;\"><strong>Hayde\u00e9 Jaime<br \/>\nUTEL Editorial<a style=\"color: #000000;\" href=\"http:\/\/utel.mx\/blog\/wp-content\/uploads\/2015\/05\/boton_blog.png\"><br \/>\n<\/a><\/strong><\/span><\/p>\n<h6><span style=\"color: #000000;\">Subsecretaria de Educaci\u00f3n Superior. (2015). Conoce la nueva C\u00e9dula Profesional. 30 de noviembre de 2015, de Direcci\u00f3n General de Comunicaci\u00f3n Social Sitio web: <\/span><a href=\"http:\/\/www.comunicacion.sep.gob.mx\/index.php\/comunicados\/octubre-2015\/1283-comunicado-301-expide-sep-nueva-cedula-profesional\"><span style=\"color: #008a5d;\">http:\/\/www.comunicacion.sep.gob.mx\/index.php\/comunicados\/octubre-2015\/1283-comunicado-301-expide-sep-nueva-cedula-profesional<\/span><\/a><\/h6>\n<div style=\"text-align: center;\"><a href=\"https:\/\/admisiones.utel.edu.mx\/p\/utel-general?utm_source=blog&amp;utm_medium=cta-boton&amp;utm_campaign=MktComunicacion\" target=\"_blank\" rel=\"noopener\"><img decoding=\"async\" class=\"alignnone wp-image-27733 size-medium\" src=\"http:\/\/utel.mx\/blog\/wp-content\/uploads\/2014\/07\/CTA4-300x81.png\" alt=\"CTA4\" width=\"300\" height=\"81\" srcset=\"https:\/\/utel.mx\/blog\/wp-content\/uploads\/2014\/07\/CTA4-300x81.png 300w, https:\/\/utel.mx\/blog\/wp-content\/uploads\/2014\/07\/CTA4-1024x277.png 1024w, https:\/\/utel.mx\/blog\/wp-content\/uploads\/2014\/07\/CTA4-200x54.png 200w, https:\/\/utel.mx\/blog\/wp-content\/uploads\/2014\/07\/CTA4-600x162.png 600w, https:\/\/utel.mx\/blog\/wp-content\/uploads\/2014\/07\/CTA4.png 1364w\" sizes=\"(max-width: 300px) 100vw, 300px\" \/><\/a><\/div>\n<div id=\"botonsolicitainformes\" style=\"text-align: center;\"><a href=\"#formulario\">Solicitar informes<\/a><\/div>\n<div id=\"advads-2693279625\" class=\"advads-cta-lp-banner-form advads-entity-placement\"><a href=\"https:\/\/utel.mx\/blog\/admisiones-universidad-online\/?utm_source=blog&#038;utm_medium=CTAlink&#038;utm_campaign=MKTseo\" aria-label=\"Universidad en linea\"><img src=\"https:\/\/utel.mx\/blog\/wp-content\/uploads\/2025\/04\/universidad-en-linea-1.png\" alt=\"Universidad en linea\"  srcset=\"https:\/\/utel.mx\/blog\/wp-content\/uploads\/2025\/04\/universidad-en-linea-1.png 626w, https:\/\/utel.mx\/blog\/wp-content\/uploads\/2025\/04\/universidad-en-linea-1-420x168.png 420w\" sizes=\"(max-width: 626px) 100vw, 626px\" width=\"626\" height=\"250\"   \/><\/a><\/div>","protected":false},"excerpt":{"rendered":"<p> [&hellip;]<\/p>\n","protected":false},"author":9,"featured_media":40672,"comment_status":"closed","ping_status":"open","sticky":false,"template":"","format":"standard","meta":{"_acf_changed":false,"site-sidebar-layout":"default","site-content-layout":"","ast-site-content-layout":"","site-content-style":"default","site-sidebar-style":"default","ast-global-header-display":"","ast-banner-title-visibility":"","ast-main-header-display":"","ast-hfb-above-header-display":"","ast-hfb-below-header-display":"","ast-hfb-mobile-header-display":"","site-post-title":"","ast-breadcrumbs-content":"","ast-featured-img":"","footer-sml-layout":"","theme-transparent-header-meta":"","adv-header-id-meta":"","stick-header-meta":"","header-above-stick-meta":"","header-main-stick-meta":"","header-below-stick-meta":"","astra-migrate-meta-layouts":"default","ast-page-background-enabled":"default","ast-page-background-meta":{"desktop":{"background-color":"var(--ast-global-color-4)","background-image":"","background-repeat":"repeat","background-position":"center center","background-size":"auto","background-attachment":"scroll","background-type":"","background-media":"","overlay-type":"","overlay-color":"","overlay-gradient":""},"tablet":{"background-color":"","background-image":"","background-repeat":"repeat","background-position":"center center","background-size":"auto","background-attachment":"scroll","background-type":"","background-media":"","overlay-type":"","overlay-color":"","overlay-gradient":""},"mobile":{"background-color":"","background-image":"","background-repeat":"repeat","background-position":"center center","background-size":"auto","background-attachment":"scroll","background-type":"","background-media":"","overlay-type":"","overlay-color":"","overlay-gradient":""}},"ast-content-background-meta":{"desktop":{"background-color":"var(--ast-global-color-5)","background-image":"","background-repeat":"repeat","background-position":"center center","background-size":"auto","background-attachment":"scroll","background-type":"","background-media":"","overlay-type":"","overlay-color":"","overlay-gradient":""},"tablet":{"background-color":"var(--ast-global-color-5)","background-image":"","background-repeat":"repeat","background-position":"center center","background-size":"auto","background-attachment":"scroll","background-type":"","background-media":"","overlay-type":"","overlay-color":"","overlay-gradient":""},"mobile":{"background-color":"var(--ast-global-color-5)","background-image":"","background-repeat":"repeat","background-position":"center center","background-size":"auto","background-attachment":"scroll","background-type":"","background-media":"","overlay-type":"","overlay-color":"","overlay-gradient":""}},"footnotes":""},"categories":[34],"tags":[],"class_list":["post-20582","post","type-post","status-publish","format-standard","has-post-thumbnail","hentry","category-vida-utel"],"acf":[],"yoast_head":"<!-- This site is optimized with the Yoast SEO plugin v26.8 - https:\/\/yoast.com\/product\/yoast-seo-wordpress\/ -->\n<title>Conoce la nueva C\u00e9dula Profesional expedida por la SEP - BLOG | Utel<\/title>\n<meta name=\"description\" content=\"La Secretar\u00eda de Educaci\u00f3n P\u00fablica, a trav\u00e9s de la Direcci\u00f3n General de Profesiones, expide a partir del mes de octubre una nueva C\u00e9dula Profesional.\" \/>\n<meta name=\"robots\" content=\"index, follow, max-snippet:-1, max-image-preview:large, max-video-preview:-1\" \/>\n<link rel=\"canonical\" href=\"https:\/\/utel.mx\/blog\/vida-utel\/conoce-la-nueva-cedula-profesional-expedida-por-la-sep\/\" \/>\n<meta property=\"og:locale\" content=\"es_ES\" \/>\n<meta property=\"og:type\" content=\"article\" \/>\n<meta property=\"og:title\" content=\"Conoce la nueva C\u00e9dula Profesional expedida por la SEP - BLOG | Utel\" \/>\n<meta property=\"og:description\" content=\"La Secretar\u00eda de Educaci\u00f3n P\u00fablica, a trav\u00e9s de la Direcci\u00f3n General de Profesiones, expide a partir del mes de octubre una nueva C\u00e9dula Profesional.\" \/>\n<meta property=\"og:url\" content=\"https:\/\/utel.mx\/blog\/vida-utel\/conoce-la-nueva-cedula-profesional-expedida-por-la-sep\/\" \/>\n<meta property=\"og:site_name\" content=\"BLOG | Utel\" \/>\n<meta property=\"article:published_time\" content=\"2015-12-01T00:22:13+00:00\" \/>\n<meta property=\"article:modified_time\" content=\"2023-03-10T17:06:46+00:00\" \/>\n<meta property=\"og:image\" content=\"https:\/\/utel.mx\/blog\/wp-content\/uploads\/2015\/12\/Conoce-la-nueva-cedula-profesional-expedida-por-la-SEP.png\" \/>\n\t<meta property=\"og:image:width\" content=\"600\" \/>\n\t<meta property=\"og:image:height\" content=\"300\" \/>\n\t<meta property=\"og:image:type\" content=\"image\/png\" \/>\n<meta name=\"author\" content=\"Hayde\u00e9 (Editor)\" \/>\n<meta name=\"twitter:label1\" content=\"Written by\" \/>\n\t<meta name=\"twitter:data1\" content=\"Hayde\u00e9 (Editor)\" \/>\n\t<meta name=\"twitter:label2\" content=\"Est. reading time\" \/>\n\t<meta name=\"twitter:data2\" content=\"2 minutos\" \/>\n<script type=\"application\/ld+json\" class=\"yoast-schema-graph\">{\"@context\":\"https:\/\/schema.org\",\"@graph\":[{\"@type\":\"Article\",\"@id\":\"https:\/\/utel.mx\/blog\/vida-utel\/conoce-la-nueva-cedula-profesional-expedida-por-la-sep\/#article\",\"isPartOf\":{\"@id\":\"https:\/\/utel.mx\/blog\/vida-utel\/conoce-la-nueva-cedula-profesional-expedida-por-la-sep\/\"},\"author\":{\"name\":\"Hayde\u00e9 (Editor)\",\"@id\":\"https:\/\/utel.mx\/blog\/#\/schema\/person\/9a4c3940beef2724facfef4f2ccec7da\"},\"headline\":\"Conoce la nueva C\u00e9dula Profesional expedida por la SEP\",\"datePublished\":\"2015-12-01T00:22:13+00:00\",\"dateModified\":\"2023-03-10T17:06:46+00:00\",\"mainEntityOfPage\":{\"@id\":\"https:\/\/utel.mx\/blog\/vida-utel\/conoce-la-nueva-cedula-profesional-expedida-por-la-sep\/\"},\"wordCount\":417,\"publisher\":{\"@id\":\"https:\/\/utel.mx\/blog\/#organization\"},\"image\":{\"@id\":\"https:\/\/utel.mx\/blog\/vida-utel\/conoce-la-nueva-cedula-profesional-expedida-por-la-sep\/#primaryimage\"},\"thumbnailUrl\":\"https:\/\/utel.mx\/blog\/wp-content\/uploads\/2015\/12\/Conoce-la-nueva-cedula-profesional-expedida-por-la-SEP.png\",\"articleSection\":[\"Vida Utel\"],\"inLanguage\":\"es\"},{\"@type\":\"WebPage\",\"@id\":\"https:\/\/utel.mx\/blog\/vida-utel\/conoce-la-nueva-cedula-profesional-expedida-por-la-sep\/\",\"url\":\"https:\/\/utel.mx\/blog\/vida-utel\/conoce-la-nueva-cedula-profesional-expedida-por-la-sep\/\",\"name\":\"Conoce la nueva C\u00e9dula Profesional expedida por la SEP - BLOG | Utel\",\"isPartOf\":{\"@id\":\"https:\/\/utel.mx\/blog\/#website\"},\"primaryImageOfPage\":{\"@id\":\"https:\/\/utel.mx\/blog\/vida-utel\/conoce-la-nueva-cedula-profesional-expedida-por-la-sep\/#primaryimage\"},\"image\":{\"@id\":\"https:\/\/utel.mx\/blog\/vida-utel\/conoce-la-nueva-cedula-profesional-expedida-por-la-sep\/#primaryimage\"},\"thumbnailUrl\":\"https:\/\/utel.mx\/blog\/wp-content\/uploads\/2015\/12\/Conoce-la-nueva-cedula-profesional-expedida-por-la-SEP.png\",\"datePublished\":\"2015-12-01T00:22:13+00:00\",\"dateModified\":\"2023-03-10T17:06:46+00:00\",\"description\":\"La Secretar\u00eda de Educaci\u00f3n P\u00fablica, a trav\u00e9s de la Direcci\u00f3n General de Profesiones, expide a partir del mes de octubre una nueva C\u00e9dula Profesional.\",\"breadcrumb\":{\"@id\":\"https:\/\/utel.mx\/blog\/vida-utel\/conoce-la-nueva-cedula-profesional-expedida-por-la-sep\/#breadcrumb\"},\"inLanguage\":\"es\",\"potentialAction\":[{\"@type\":\"ReadAction\",\"target\":[\"https:\/\/utel.mx\/blog\/vida-utel\/conoce-la-nueva-cedula-profesional-expedida-por-la-sep\/\"]}]},{\"@type\":\"ImageObject\",\"inLanguage\":\"es\",\"@id\":\"https:\/\/utel.mx\/blog\/vida-utel\/conoce-la-nueva-cedula-profesional-expedida-por-la-sep\/#primaryimage\",\"url\":\"https:\/\/utel.mx\/blog\/wp-content\/uploads\/2015\/12\/Conoce-la-nueva-cedula-profesional-expedida-por-la-SEP.png\",\"contentUrl\":\"https:\/\/utel.mx\/blog\/wp-content\/uploads\/2015\/12\/Conoce-la-nueva-cedula-profesional-expedida-por-la-SEP.png\",\"width\":600,\"height\":300,\"caption\":\"Conoce la nueva c\u00e9dula profesional expedida por la SEP\"},{\"@type\":\"BreadcrumbList\",\"@id\":\"https:\/\/utel.mx\/blog\/vida-utel\/conoce-la-nueva-cedula-profesional-expedida-por-la-sep\/#breadcrumb\",\"itemListElement\":[{\"@type\":\"ListItem\",\"position\":1,\"name\":\"Home\",\"item\":\"https:\/\/utel.mx\/blog\/\"},{\"@type\":\"ListItem\",\"position\":2,\"name\":\"Conoce la nueva C\u00e9dula Profesional expedida por la SEP\"}]},{\"@type\":\"WebSite\",\"@id\":\"https:\/\/utel.mx\/blog\/#website\",\"url\":\"https:\/\/utel.mx\/blog\/\",\"name\":\"BLOG | Utel\",\"description\":\"Blog UTEL Universidad en L\u00ednea\",\"publisher\":{\"@id\":\"https:\/\/utel.mx\/blog\/#organization\"},\"potentialAction\":[{\"@type\":\"SearchAction\",\"target\":{\"@type\":\"EntryPoint\",\"urlTemplate\":\"https:\/\/utel.mx\/blog\/?s={search_term_string}\"},\"query-input\":{\"@type\":\"PropertyValueSpecification\",\"valueRequired\":true,\"valueName\":\"search_term_string\"}}],\"inLanguage\":\"es\"},{\"@type\":\"Organization\",\"@id\":\"https:\/\/utel.mx\/blog\/#organization\",\"name\":\"BLOG | Utel\",\"url\":\"https:\/\/utel.mx\/blog\/\",\"logo\":{\"@type\":\"ImageObject\",\"inLanguage\":\"es\",\"@id\":\"https:\/\/utel.mx\/blog\/#\/schema\/logo\/image\/\",\"url\":\"https:\/\/utel.mx\/blog\/wp-content\/uploads\/2023\/03\/cropped-logo-blog.png\",\"contentUrl\":\"https:\/\/utel.mx\/blog\/wp-content\/uploads\/2023\/03\/cropped-logo-blog.png\",\"width\":237,\"height\":64,\"caption\":\"BLOG | Utel\"},\"image\":{\"@id\":\"https:\/\/utel.mx\/blog\/#\/schema\/logo\/image\/\"}},{\"@type\":\"Person\",\"@id\":\"https:\/\/utel.mx\/blog\/#\/schema\/person\/9a4c3940beef2724facfef4f2ccec7da\",\"name\":\"Hayde\u00e9 (Editor)\",\"image\":{\"@type\":\"ImageObject\",\"inLanguage\":\"es\",\"@id\":\"https:\/\/utel.mx\/blog\/#\/schema\/person\/image\/\",\"url\":\"https:\/\/secure.gravatar.com\/avatar\/ba63bb7f074f0dfa874cba0ef5d985a5?s=96&d=mm&r=g\",\"contentUrl\":\"https:\/\/secure.gravatar.com\/avatar\/ba63bb7f074f0dfa874cba0ef5d985a5?s=96&d=mm&r=g\",\"caption\":\"Hayde\u00e9 (Editor)\"},\"description\":\"Licenciada en Ciencias de la Comunicaci\u00f3n\"}]}<\/script>\n<!-- \/ Yoast SEO plugin. -->","yoast_head_json":{"title":"Conoce la nueva C\u00e9dula Profesional expedida por la SEP - BLOG | Utel","description":"La Secretar\u00eda de Educaci\u00f3n P\u00fablica, a trav\u00e9s de la Direcci\u00f3n General de Profesiones, expide a partir del mes de octubre una nueva C\u00e9dula Profesional.","robots":{"index":"index","follow":"follow","max-snippet":"max-snippet:-1","max-image-preview":"max-image-preview:large","max-video-preview":"max-video-preview:-1"},"canonical":"https:\/\/utel.mx\/blog\/vida-utel\/conoce-la-nueva-cedula-profesional-expedida-por-la-sep\/","og_locale":"es_ES","og_type":"article","og_title":"Conoce la nueva C\u00e9dula Profesional expedida por la SEP - BLOG | Utel","og_description":"La Secretar\u00eda de Educaci\u00f3n P\u00fablica, a trav\u00e9s de la Direcci\u00f3n General de Profesiones, expide a partir del mes de octubre una nueva C\u00e9dula Profesional.","og_url":"https:\/\/utel.mx\/blog\/vida-utel\/conoce-la-nueva-cedula-profesional-expedida-por-la-sep\/","og_site_name":"BLOG | Utel","article_published_time":"2015-12-01T00:22:13+00:00","article_modified_time":"2023-03-10T17:06:46+00:00","og_image":[{"width":600,"height":300,"url":"https:\/\/utel.mx\/blog\/wp-content\/uploads\/2015\/12\/Conoce-la-nueva-cedula-profesional-expedida-por-la-SEP.png","type":"image\/png"}],"author":"Hayde\u00e9 (Editor)","twitter_misc":{"Written by":"Hayde\u00e9 (Editor)","Est. reading time":"2 minutos"},"schema":{"@context":"https:\/\/schema.org","@graph":[{"@type":"Article","@id":"https:\/\/utel.mx\/blog\/vida-utel\/conoce-la-nueva-cedula-profesional-expedida-por-la-sep\/#article","isPartOf":{"@id":"https:\/\/utel.mx\/blog\/vida-utel\/conoce-la-nueva-cedula-profesional-expedida-por-la-sep\/"},"author":{"name":"Hayde\u00e9 (Editor)","@id":"https:\/\/utel.mx\/blog\/#\/schema\/person\/9a4c3940beef2724facfef4f2ccec7da"},"headline":"Conoce la nueva C\u00e9dula Profesional expedida por la SEP","datePublished":"2015-12-01T00:22:13+00:00","dateModified":"2023-03-10T17:06:46+00:00","mainEntityOfPage":{"@id":"https:\/\/utel.mx\/blog\/vida-utel\/conoce-la-nueva-cedula-profesional-expedida-por-la-sep\/"},"wordCount":417,"publisher":{"@id":"https:\/\/utel.mx\/blog\/#organization"},"image":{"@id":"https:\/\/utel.mx\/blog\/vida-utel\/conoce-la-nueva-cedula-profesional-expedida-por-la-sep\/#primaryimage"},"thumbnailUrl":"https:\/\/utel.mx\/blog\/wp-content\/uploads\/2015\/12\/Conoce-la-nueva-cedula-profesional-expedida-por-la-SEP.png","articleSection":["Vida Utel"],"inLanguage":"es"},{"@type":"WebPage","@id":"https:\/\/utel.mx\/blog\/vida-utel\/conoce-la-nueva-cedula-profesional-expedida-por-la-sep\/","url":"https:\/\/utel.mx\/blog\/vida-utel\/conoce-la-nueva-cedula-profesional-expedida-por-la-sep\/","name":"Conoce la nueva C\u00e9dula Profesional expedida por la SEP - BLOG | Utel","isPartOf":{"@id":"https:\/\/utel.mx\/blog\/#website"},"primaryImageOfPage":{"@id":"https:\/\/utel.mx\/blog\/vida-utel\/conoce-la-nueva-cedula-profesional-expedida-por-la-sep\/#primaryimage"},"image":{"@id":"https:\/\/utel.mx\/blog\/vida-utel\/conoce-la-nueva-cedula-profesional-expedida-por-la-sep\/#primaryimage"},"thumbnailUrl":"https:\/\/utel.mx\/blog\/wp-content\/uploads\/2015\/12\/Conoce-la-nueva-cedula-profesional-expedida-por-la-SEP.png","datePublished":"2015-12-01T00:22:13+00:00","dateModified":"2023-03-10T17:06:46+00:00","description":"La Secretar\u00eda de Educaci\u00f3n P\u00fablica, a trav\u00e9s de la Direcci\u00f3n General de Profesiones, expide a partir del mes de octubre una nueva C\u00e9dula Profesional.","breadcrumb":{"@id":"https:\/\/utel.mx\/blog\/vida-utel\/conoce-la-nueva-cedula-profesional-expedida-por-la-sep\/#breadcrumb"},"inLanguage":"es","potentialAction":[{"@type":"ReadAction","target":["https:\/\/utel.mx\/blog\/vida-utel\/conoce-la-nueva-cedula-profesional-expedida-por-la-sep\/"]}]},{"@type":"ImageObject","inLanguage":"es","@id":"https:\/\/utel.mx\/blog\/vida-utel\/conoce-la-nueva-cedula-profesional-expedida-por-la-sep\/#primaryimage","url":"https:\/\/utel.mx\/blog\/wp-content\/uploads\/2015\/12\/Conoce-la-nueva-cedula-profesional-expedida-por-la-SEP.png","contentUrl":"https:\/\/utel.mx\/blog\/wp-content\/uploads\/2015\/12\/Conoce-la-nueva-cedula-profesional-expedida-por-la-SEP.png","width":600,"height":300,"caption":"Conoce la nueva c\u00e9dula profesional expedida por la SEP"},{"@type":"BreadcrumbList","@id":"https:\/\/utel.mx\/blog\/vida-utel\/conoce-la-nueva-cedula-profesional-expedida-por-la-sep\/#breadcrumb","itemListElement":[{"@type":"ListItem","position":1,"name":"Home","item":"https:\/\/utel.mx\/blog\/"},{"@type":"ListItem","position":2,"name":"Conoce la nueva C\u00e9dula Profesional expedida por la SEP"}]},{"@type":"WebSite","@id":"https:\/\/utel.mx\/blog\/#website","url":"https:\/\/utel.mx\/blog\/","name":"BLOG | Utel","description":"Blog UTEL Universidad en L\u00ednea","publisher":{"@id":"https:\/\/utel.mx\/blog\/#organization"},"potentialAction":[{"@type":"SearchAction","target":{"@type":"EntryPoint","urlTemplate":"https:\/\/utel.mx\/blog\/?s={search_term_string}"},"query-input":{"@type":"PropertyValueSpecification","valueRequired":true,"valueName":"search_term_string"}}],"inLanguage":"es"},{"@type":"Organization","@id":"https:\/\/utel.mx\/blog\/#organization","name":"BLOG | Utel","url":"https:\/\/utel.mx\/blog\/","logo":{"@type":"ImageObject","inLanguage":"es","@id":"https:\/\/utel.mx\/blog\/#\/schema\/logo\/image\/","url":"https:\/\/utel.mx\/blog\/wp-content\/uploads\/2023\/03\/cropped-logo-blog.png","contentUrl":"https:\/\/utel.mx\/blog\/wp-content\/uploads\/2023\/03\/cropped-logo-blog.png","width":237,"height":64,"caption":"BLOG | Utel"},"image":{"@id":"https:\/\/utel.mx\/blog\/#\/schema\/logo\/image\/"}},{"@type":"Person","@id":"https:\/\/utel.mx\/blog\/#\/schema\/person\/9a4c3940beef2724facfef4f2ccec7da","name":"Hayde\u00e9 (Editor)","image":{"@type":"ImageObject","inLanguage":"es","@id":"https:\/\/utel.mx\/blog\/#\/schema\/person\/image\/","url":"https:\/\/secure.gravatar.com\/avatar\/ba63bb7f074f0dfa874cba0ef5d985a5?s=96&d=mm&r=g","contentUrl":"https:\/\/secure.gravatar.com\/avatar\/ba63bb7f074f0dfa874cba0ef5d985a5?s=96&d=mm&r=g","caption":"Hayde\u00e9 (Editor)"},"description":"Licenciada en Ciencias de la Comunicaci\u00f3n"}]}},"_links":{"self":[{"href":"https:\/\/utel.mx\/blog\/wp-json\/wp\/v2\/posts\/20582","targetHints":{"allow":["GET"]}}],"collection":[{"href":"https:\/\/utel.mx\/blog\/wp-json\/wp\/v2\/posts"}],"about":[{"href":"https:\/\/utel.mx\/blog\/wp-json\/wp\/v2\/types\/post"}],"author":[{"embeddable":true,"href":"https:\/\/utel.mx\/blog\/wp-json\/wp\/v2\/users\/9"}],"replies":[{"embeddable":true,"href":"https:\/\/utel.mx\/blog\/wp-json\/wp\/v2\/comments?post=20582"}],"version-history":[{"count":3,"href":"https:\/\/utel.mx\/blog\/wp-json\/wp\/v2\/posts\/20582\/revisions"}],"predecessor-version":[{"id":40673,"href":"https:\/\/utel.mx\/blog\/wp-json\/wp\/v2\/posts\/20582\/revisions\/40673"}],"wp:featuredmedia":[{"embeddable":true,"href":"https:\/\/utel.mx\/blog\/wp-json\/wp\/v2\/media\/40672"}],"wp:attachment":[{"href":"https:\/\/utel.mx\/blog\/wp-json\/wp\/v2\/media?parent=20582"}],"wp:term":[{"taxonomy":"category","embeddable":true,"href":"https:\/\/utel.mx\/blog\/wp-json\/wp\/v2\/categories?post=20582"},{"taxonomy":"post_tag","embeddable":true,"href":"https:\/\/utel.mx\/blog\/wp-json\/wp\/v2\/tags?post=20582"}],"curies":[{"name":"wp","href":"https:\/\/api.w.org\/{rel}","templated":true}]}}