{"id":2159,"date":"2013-08-02T17:05:50","date_gmt":"2013-08-02T17:05:50","guid":{"rendered":"http:\/\/utel.mx\/blog\/?p=2159"},"modified":"2023-03-10T16:52:47","modified_gmt":"2023-03-10T16:52:47","slug":"la-comunicacion-no-verbal-y-su-clasificacion","status":"publish","type":"post","link":"https:\/\/utel.mx\/blog\/10-consejos-para\/la-comunicacion-no-verbal-y-su-clasificacion\/","title":{"rendered":"Comunicaci\u00f3n no verbal y su clasificaci\u00f3n"},"content":{"rendered":"<p style=\"text-align: left;\" align=\"center\"><span style=\"color: #000000;\">La comunicaci\u00f3n es un proceso natural ineludible en la vida de todo ser, sin ella no habr\u00eda forma de entender las necesidades individuales y del otro. Para los estudiosos, la Teor\u00eda de la Comunicaci\u00f3n es un campo de estudio dentro de las ciencias sociales que observa los intercambios comunicativos y los cambios que estos generan en la sociedad.<\/span><\/p>\n<h2><span style=\"color: #000000;\">\u00bfQu\u00e9 es la comunicaci\u00f3n?<\/span><\/h2>\n<p><span style=\"color: #000000;\">Puede ser definida como el intercambio de ideas u opiniones mediante el habla, la lectura de se\u00f1ales o la escritura de signos. Los&nbsp;elementos de la comunicaci\u00f3n son: emisor-receptor, mensajes, canal, ruido, retroalimentaci\u00f3n y ajuste. Todos estos&nbsp;elementos&nbsp;son importantes para el proceso de comunicaci\u00f3n.<\/span><\/p>\n<p><span style=\"color: #000000;\">El te\u00f3rico y soci\u00f3logo Lasswell, quien es considerado uno de los padres en el estudio de la comunicaci\u00f3n, propuso un modelo que se ocupa del contenido de los mensajes. Su postulado se basa en \u201cqui\u00e9n dice qu\u00e9 a qui\u00e9n, mediante qu\u00e9 canal y con qu\u00e9 efecto\u201d.<\/span><\/p>\n<p><span style=\"color: #000000;\">El estudio del proceso comunicativo dio paso al surgimiento de nuevas ramas, por ejemplo la comunicaci\u00f3n no verbal, la cual se define como el proceso comunicativo que se da a trav\u00e9s del env\u00edo y recepci\u00f3n de mensajes sin palabras.<\/span><\/p>\n<h3><span style=\"color: #000000;\"><b>Clasificaci\u00f3n de la comunicaci\u00f3n no verbal<\/b><\/span><\/h3>\n<p><span style=\"color: #000000;\"><strong>Kin\u00e9sica<\/strong>: Se refiere a <span style=\"color: #008a5d;\"><a style=\"color: #008a5d;\" title=\"Los movimientos corporales en una entrevista de trabajo\" href=\"https:\/\/utel.mx\/blog\/rol-personal\/los-movimientos-corporales-en-una-entrevista-de-trabajo\/?utm_source=blog&amp;utm_medium=CTA+Link&amp;utm_campaign=Mkt+comunicacion\" target=\"_blank\" rel=\"noopener\">los movimientos del cuerpo<\/a><\/span>, los cuales desempe\u00f1an un papel fundamental en la interacci\u00f3n, ya que al ser interpretados por el receptor se establece un lenguaje de comunicaci\u00f3n no verbal.<\/span><\/p>\n<p><span style=\"color: #000000;\"><strong>Las expresiones faciales<\/strong> comunican los estados emocionales b\u00e1sicos, tales como ira, amenaza, felicidad, tristeza, miedo, sorpresa, enojo, etc. Las expresiones faciales pueden llegar a ser m\u00faltiples. Su lectura proporciona retroalimentaci\u00f3n.<\/span><\/p>\n<p><span style=\"color: #000000;\"><strong>Conducta visual<\/strong>: Este tipo de comunicaci\u00f3n se refiere a la mirada, la cual funge como un canal para expresar emociones. Por lo general tiene relaci\u00f3n con la proximidad f\u00edsica. Un ejemplo claro es la dilataci\u00f3n pupilar, la cual se asocia a la excitaci\u00f3n, atenci\u00f3n, esfuerzo mental, inter\u00e9s, y orientaci\u00f3n perceptiva.<\/span><\/p>\n<p><span style=\"color: #000000;\"><strong>La conducta t\u00e1ctil<\/strong>&nbsp;es otro tipo de comunicaci\u00f3n no verbal, la cual puede comunicar autoridad y afecto. Y por \u00faltimo, dentro de esta clasificaci\u00f3n, se encuentran <strong>las&nbsp;cualidades vocales<\/strong> y <strong>vocalizaciones no verbales<\/strong>. En ellas encontramos a los gru\u00f1idos, gemidos, etc.<\/span><\/p>\n<p><span style=\"color: #000000;\">La comunicaci\u00f3n es un sistema de entendimiento que se basa en la lectura de signos, los cuales pueden ser verbales o no. Es un hecho que el sistema comunicativo es tan complejo y anta\u00f1o como lo es el ser humano, sin comunicaci\u00f3n no habr\u00eda interacci\u00f3n y sin esta, no habr\u00eda vida.<\/span><\/p>\n<p><span style=\"color: #000000;\"><b>Mar\u00eda M\u00e9ndez Coronel<\/b><\/span><\/p>\n<p><span style=\"color: #000000;\"><b>UTEL Editorial<\/b><\/span><\/p>\n<p><a href=\"http:\/\/contacto.utel.edu.mx\/online\/formd\/UTEL\/?utm_source=blog&amp;utm_medium=boton-contacto&amp;utm_campaign=la-comunicaci%C3%B3n-no-verbal-y-su-clasificaci%C3%B3n\" target=\"_blank\" rel=\"noopener\"><img decoding=\"async\" class=\"aligncenter size-full wp-image-13838\" src=\"http:\/\/utel.mx\/blog\/wp-content\/uploads\/2014\/05\/boton_blog-e1416333216813.png\" alt=\"La comunicaci\u00f3n no verbal y su clasificaci\u00f3n| Blog \u2013 UTEL\" width=\"186\" height=\"57\"><\/a><\/p>\n<p><b>&nbsp;<\/b><\/p>\n<div id=\"advads-2312063473\" class=\"advads-cta-lp-banner-form advads-entity-placement\"><a href=\"https:\/\/utel.mx\/blog\/admisiones-universidad-online\/?utm_source=blog&#038;utm_medium=CTAlink&#038;utm_campaign=MKTseo\" aria-label=\"Universidad en linea\"><img src=\"https:\/\/utel.mx\/blog\/wp-content\/uploads\/2025\/04\/universidad-en-linea-1.png\" alt=\"Universidad en linea\"  srcset=\"https:\/\/utel.mx\/blog\/wp-content\/uploads\/2025\/04\/universidad-en-linea-1.png 626w, https:\/\/utel.mx\/blog\/wp-content\/uploads\/2025\/04\/universidad-en-linea-1-420x168.png 420w\" sizes=\"(max-width: 626px) 100vw, 626px\" width=\"626\" height=\"250\"   \/><\/a><\/div>","protected":false},"excerpt":{"rendered":"<p> [&hellip;]<\/p>\n","protected":false},"author":40,"featured_media":39494,"comment_status":"closed","ping_status":"open","sticky":false,"template":"","format":"standard","meta":{"_acf_changed":false,"site-sidebar-layout":"default","site-content-layout":"","ast-site-content-layout":"","site-content-style":"default","site-sidebar-style":"default","ast-global-header-display":"","ast-banner-title-visibility":"","ast-main-header-display":"","ast-hfb-above-header-display":"","ast-hfb-below-header-display":"","ast-hfb-mobile-header-display":"","site-post-title":"","ast-breadcrumbs-content":"","ast-featured-img":"","footer-sml-layout":"","theme-transparent-header-meta":"","adv-header-id-meta":"","stick-header-meta":"","header-above-stick-meta":"","header-main-stick-meta":"","header-below-stick-meta":"","astra-migrate-meta-layouts":"default","ast-page-background-enabled":"default","ast-page-background-meta":{"desktop":{"background-color":"var(--ast-global-color-4)","background-image":"","background-repeat":"repeat","background-position":"center center","background-size":"auto","background-attachment":"scroll","background-type":"","background-media":"","overlay-type":"","overlay-color":"","overlay-gradient":""},"tablet":{"background-color":"","background-image":"","background-repeat":"repeat","background-position":"center center","background-size":"auto","background-attachment":"scroll","background-type":"","background-media":"","overlay-type":"","overlay-color":"","overlay-gradient":""},"mobile":{"background-color":"","background-image":"","background-repeat":"repeat","background-position":"center center","background-size":"auto","background-attachment":"scroll","background-type":"","background-media":"","overlay-type":"","overlay-color":"","overlay-gradient":""}},"ast-content-background-meta":{"desktop":{"background-color":"var(--ast-global-color-5)","background-image":"","background-repeat":"repeat","background-position":"center center","background-size":"auto","background-attachment":"scroll","background-type":"","background-media":"","overlay-type":"","overlay-color":"","overlay-gradient":""},"tablet":{"background-color":"var(--ast-global-color-5)","background-image":"","background-repeat":"repeat","background-position":"center center","background-size":"auto","background-attachment":"scroll","background-type":"","background-media":"","overlay-type":"","overlay-color":"","overlay-gradient":""},"mobile":{"background-color":"var(--ast-global-color-5)","background-image":"","background-repeat":"repeat","background-position":"center center","background-size":"auto","background-attachment":"scroll","background-type":"","background-media":"","overlay-type":"","overlay-color":"","overlay-gradient":""}},"footnotes":""},"categories":[32],"tags":[],"class_list":["post-2159","post","type-post","status-publish","format-standard","has-post-thumbnail","hentry","category-10-consejos-para"],"acf":[],"yoast_head":"<!-- This site is optimized with the Yoast SEO plugin v26.8 - https:\/\/yoast.com\/product\/yoast-seo-wordpress\/ -->\n<title>Comunicaci\u00f3n no verbal y su clasificaci\u00f3n - BLOG | Utel<\/title>\n<meta name=\"description\" content=\"La comunicaci\u00f3n no verbal es m\u00e1s importante y usada de lo que crees. Aprende sus diferentes clasificaciones y el porqu\u00e9 de ellas en el proceso comunicativo\" \/>\n<meta name=\"robots\" content=\"index, follow, max-snippet:-1, max-image-preview:large, max-video-preview:-1\" \/>\n<link rel=\"canonical\" href=\"https:\/\/utel.mx\/blog\/10-consejos-para\/la-comunicacion-no-verbal-y-su-clasificacion\/\" \/>\n<meta property=\"og:locale\" content=\"es_ES\" \/>\n<meta property=\"og:type\" content=\"article\" \/>\n<meta property=\"og:title\" content=\"Comunicaci\u00f3n no verbal y su clasificaci\u00f3n - BLOG | Utel\" \/>\n<meta property=\"og:description\" content=\"La comunicaci\u00f3n no verbal es m\u00e1s importante y usada de lo que crees. Aprende sus diferentes clasificaciones y el porqu\u00e9 de ellas en el proceso comunicativo\" \/>\n<meta property=\"og:url\" content=\"https:\/\/utel.mx\/blog\/10-consejos-para\/la-comunicacion-no-verbal-y-su-clasificacion\/\" \/>\n<meta property=\"og:site_name\" content=\"BLOG | Utel\" \/>\n<meta property=\"article:published_time\" content=\"2013-08-02T17:05:50+00:00\" \/>\n<meta property=\"article:modified_time\" content=\"2023-03-10T16:52:47+00:00\" \/>\n<meta property=\"og:image\" content=\"https:\/\/utel.mx\/blog\/wp-content\/uploads\/2013\/08\/Comunicacion-no-verbal-y-su-clasificacion.jpg\" \/>\n\t<meta property=\"og:image:width\" content=\"600\" \/>\n\t<meta property=\"og:image:height\" content=\"300\" \/>\n\t<meta property=\"og:image:type\" content=\"image\/jpeg\" \/>\n<meta name=\"author\" content=\"Invitados UTEL\" \/>\n<meta name=\"twitter:label1\" content=\"Written by\" \/>\n\t<meta name=\"twitter:data1\" content=\"Invitados UTEL\" \/>\n\t<meta name=\"twitter:label2\" content=\"Est. reading time\" \/>\n\t<meta name=\"twitter:data2\" content=\"2 minutos\" \/>\n<script type=\"application\/ld+json\" class=\"yoast-schema-graph\">{\"@context\":\"https:\/\/schema.org\",\"@graph\":[{\"@type\":\"Article\",\"@id\":\"https:\/\/utel.mx\/blog\/10-consejos-para\/la-comunicacion-no-verbal-y-su-clasificacion\/#article\",\"isPartOf\":{\"@id\":\"https:\/\/utel.mx\/blog\/10-consejos-para\/la-comunicacion-no-verbal-y-su-clasificacion\/\"},\"author\":{\"name\":\"Invitados UTEL\",\"@id\":\"https:\/\/utel.mx\/blog\/#\/schema\/person\/e5b3d8d918f13bd0b0f4724daa90dd95\"},\"headline\":\"Comunicaci\u00f3n no verbal y su clasificaci\u00f3n\",\"datePublished\":\"2013-08-02T17:05:50+00:00\",\"dateModified\":\"2023-03-10T16:52:47+00:00\",\"mainEntityOfPage\":{\"@id\":\"https:\/\/utel.mx\/blog\/10-consejos-para\/la-comunicacion-no-verbal-y-su-clasificacion\/\"},\"wordCount\":469,\"publisher\":{\"@id\":\"https:\/\/utel.mx\/blog\/#organization\"},\"image\":{\"@id\":\"https:\/\/utel.mx\/blog\/10-consejos-para\/la-comunicacion-no-verbal-y-su-clasificacion\/#primaryimage\"},\"thumbnailUrl\":\"https:\/\/utel.mx\/blog\/wp-content\/uploads\/2013\/08\/Comunicacion-no-verbal-y-su-clasificacion.jpg\",\"articleSection\":[\"Tips\"],\"inLanguage\":\"es\"},{\"@type\":\"WebPage\",\"@id\":\"https:\/\/utel.mx\/blog\/10-consejos-para\/la-comunicacion-no-verbal-y-su-clasificacion\/\",\"url\":\"https:\/\/utel.mx\/blog\/10-consejos-para\/la-comunicacion-no-verbal-y-su-clasificacion\/\",\"name\":\"Comunicaci\u00f3n no verbal y su clasificaci\u00f3n - BLOG | Utel\",\"isPartOf\":{\"@id\":\"https:\/\/utel.mx\/blog\/#website\"},\"primaryImageOfPage\":{\"@id\":\"https:\/\/utel.mx\/blog\/10-consejos-para\/la-comunicacion-no-verbal-y-su-clasificacion\/#primaryimage\"},\"image\":{\"@id\":\"https:\/\/utel.mx\/blog\/10-consejos-para\/la-comunicacion-no-verbal-y-su-clasificacion\/#primaryimage\"},\"thumbnailUrl\":\"https:\/\/utel.mx\/blog\/wp-content\/uploads\/2013\/08\/Comunicacion-no-verbal-y-su-clasificacion.jpg\",\"datePublished\":\"2013-08-02T17:05:50+00:00\",\"dateModified\":\"2023-03-10T16:52:47+00:00\",\"description\":\"La comunicaci\u00f3n no verbal es m\u00e1s importante y usada de lo que crees. Aprende sus diferentes clasificaciones y el porqu\u00e9 de ellas en el proceso comunicativo\",\"breadcrumb\":{\"@id\":\"https:\/\/utel.mx\/blog\/10-consejos-para\/la-comunicacion-no-verbal-y-su-clasificacion\/#breadcrumb\"},\"inLanguage\":\"es\",\"potentialAction\":[{\"@type\":\"ReadAction\",\"target\":[\"https:\/\/utel.mx\/blog\/10-consejos-para\/la-comunicacion-no-verbal-y-su-clasificacion\/\"]}]},{\"@type\":\"ImageObject\",\"inLanguage\":\"es\",\"@id\":\"https:\/\/utel.mx\/blog\/10-consejos-para\/la-comunicacion-no-verbal-y-su-clasificacion\/#primaryimage\",\"url\":\"https:\/\/utel.mx\/blog\/wp-content\/uploads\/2013\/08\/Comunicacion-no-verbal-y-su-clasificacion.jpg\",\"contentUrl\":\"https:\/\/utel.mx\/blog\/wp-content\/uploads\/2013\/08\/Comunicacion-no-verbal-y-su-clasificacion.jpg\",\"width\":600,\"height\":300,\"caption\":\"Comunicaci\u00f3n no verbal y su clasificaci\u00f3n\"},{\"@type\":\"BreadcrumbList\",\"@id\":\"https:\/\/utel.mx\/blog\/10-consejos-para\/la-comunicacion-no-verbal-y-su-clasificacion\/#breadcrumb\",\"itemListElement\":[{\"@type\":\"ListItem\",\"position\":1,\"name\":\"Home\",\"item\":\"https:\/\/utel.mx\/blog\/\"},{\"@type\":\"ListItem\",\"position\":2,\"name\":\"Comunicaci\u00f3n no verbal y su clasificaci\u00f3n\"}]},{\"@type\":\"WebSite\",\"@id\":\"https:\/\/utel.mx\/blog\/#website\",\"url\":\"https:\/\/utel.mx\/blog\/\",\"name\":\"BLOG | Utel\",\"description\":\"Blog UTEL Universidad en L\u00ednea\",\"publisher\":{\"@id\":\"https:\/\/utel.mx\/blog\/#organization\"},\"potentialAction\":[{\"@type\":\"SearchAction\",\"target\":{\"@type\":\"EntryPoint\",\"urlTemplate\":\"https:\/\/utel.mx\/blog\/?s={search_term_string}\"},\"query-input\":{\"@type\":\"PropertyValueSpecification\",\"valueRequired\":true,\"valueName\":\"search_term_string\"}}],\"inLanguage\":\"es\"},{\"@type\":\"Organization\",\"@id\":\"https:\/\/utel.mx\/blog\/#organization\",\"name\":\"BLOG | Utel\",\"url\":\"https:\/\/utel.mx\/blog\/\",\"logo\":{\"@type\":\"ImageObject\",\"inLanguage\":\"es\",\"@id\":\"https:\/\/utel.mx\/blog\/#\/schema\/logo\/image\/\",\"url\":\"https:\/\/utel.mx\/blog\/wp-content\/uploads\/2023\/03\/cropped-logo-blog.png\",\"contentUrl\":\"https:\/\/utel.mx\/blog\/wp-content\/uploads\/2023\/03\/cropped-logo-blog.png\",\"width\":237,\"height\":64,\"caption\":\"BLOG | Utel\"},\"image\":{\"@id\":\"https:\/\/utel.mx\/blog\/#\/schema\/logo\/image\/\"}},{\"@type\":\"Person\",\"@id\":\"https:\/\/utel.mx\/blog\/#\/schema\/person\/e5b3d8d918f13bd0b0f4724daa90dd95\",\"name\":\"Invitados UTEL\",\"image\":{\"@type\":\"ImageObject\",\"inLanguage\":\"es\",\"@id\":\"https:\/\/utel.mx\/blog\/#\/schema\/person\/image\/\",\"url\":\"https:\/\/secure.gravatar.com\/avatar\/781456f1128be5a332ab27ea8b902597?s=96&d=mm&r=g\",\"contentUrl\":\"https:\/\/secure.gravatar.com\/avatar\/781456f1128be5a332ab27ea8b902597?s=96&d=mm&r=g\",\"caption\":\"Invitados UTEL\"},\"description\":\"Invitados . Colaboraciones por parte de invitados de la Comunidad UTEL\"}]}<\/script>\n<!-- \/ Yoast SEO plugin. -->","yoast_head_json":{"title":"Comunicaci\u00f3n no verbal y su clasificaci\u00f3n - BLOG | Utel","description":"La comunicaci\u00f3n no verbal es m\u00e1s importante y usada de lo que crees. Aprende sus diferentes clasificaciones y el porqu\u00e9 de ellas en el proceso comunicativo","robots":{"index":"index","follow":"follow","max-snippet":"max-snippet:-1","max-image-preview":"max-image-preview:large","max-video-preview":"max-video-preview:-1"},"canonical":"https:\/\/utel.mx\/blog\/10-consejos-para\/la-comunicacion-no-verbal-y-su-clasificacion\/","og_locale":"es_ES","og_type":"article","og_title":"Comunicaci\u00f3n no verbal y su clasificaci\u00f3n - BLOG | Utel","og_description":"La comunicaci\u00f3n no verbal es m\u00e1s importante y usada de lo que crees. Aprende sus diferentes clasificaciones y el porqu\u00e9 de ellas en el proceso comunicativo","og_url":"https:\/\/utel.mx\/blog\/10-consejos-para\/la-comunicacion-no-verbal-y-su-clasificacion\/","og_site_name":"BLOG | Utel","article_published_time":"2013-08-02T17:05:50+00:00","article_modified_time":"2023-03-10T16:52:47+00:00","og_image":[{"width":600,"height":300,"url":"https:\/\/utel.mx\/blog\/wp-content\/uploads\/2013\/08\/Comunicacion-no-verbal-y-su-clasificacion.jpg","type":"image\/jpeg"}],"author":"Invitados UTEL","twitter_misc":{"Written by":"Invitados UTEL","Est. reading time":"2 minutos"},"schema":{"@context":"https:\/\/schema.org","@graph":[{"@type":"Article","@id":"https:\/\/utel.mx\/blog\/10-consejos-para\/la-comunicacion-no-verbal-y-su-clasificacion\/#article","isPartOf":{"@id":"https:\/\/utel.mx\/blog\/10-consejos-para\/la-comunicacion-no-verbal-y-su-clasificacion\/"},"author":{"name":"Invitados UTEL","@id":"https:\/\/utel.mx\/blog\/#\/schema\/person\/e5b3d8d918f13bd0b0f4724daa90dd95"},"headline":"Comunicaci\u00f3n no verbal y su clasificaci\u00f3n","datePublished":"2013-08-02T17:05:50+00:00","dateModified":"2023-03-10T16:52:47+00:00","mainEntityOfPage":{"@id":"https:\/\/utel.mx\/blog\/10-consejos-para\/la-comunicacion-no-verbal-y-su-clasificacion\/"},"wordCount":469,"publisher":{"@id":"https:\/\/utel.mx\/blog\/#organization"},"image":{"@id":"https:\/\/utel.mx\/blog\/10-consejos-para\/la-comunicacion-no-verbal-y-su-clasificacion\/#primaryimage"},"thumbnailUrl":"https:\/\/utel.mx\/blog\/wp-content\/uploads\/2013\/08\/Comunicacion-no-verbal-y-su-clasificacion.jpg","articleSection":["Tips"],"inLanguage":"es"},{"@type":"WebPage","@id":"https:\/\/utel.mx\/blog\/10-consejos-para\/la-comunicacion-no-verbal-y-su-clasificacion\/","url":"https:\/\/utel.mx\/blog\/10-consejos-para\/la-comunicacion-no-verbal-y-su-clasificacion\/","name":"Comunicaci\u00f3n no verbal y su clasificaci\u00f3n - BLOG | Utel","isPartOf":{"@id":"https:\/\/utel.mx\/blog\/#website"},"primaryImageOfPage":{"@id":"https:\/\/utel.mx\/blog\/10-consejos-para\/la-comunicacion-no-verbal-y-su-clasificacion\/#primaryimage"},"image":{"@id":"https:\/\/utel.mx\/blog\/10-consejos-para\/la-comunicacion-no-verbal-y-su-clasificacion\/#primaryimage"},"thumbnailUrl":"https:\/\/utel.mx\/blog\/wp-content\/uploads\/2013\/08\/Comunicacion-no-verbal-y-su-clasificacion.jpg","datePublished":"2013-08-02T17:05:50+00:00","dateModified":"2023-03-10T16:52:47+00:00","description":"La comunicaci\u00f3n no verbal es m\u00e1s importante y usada de lo que crees. Aprende sus diferentes clasificaciones y el porqu\u00e9 de ellas en el proceso comunicativo","breadcrumb":{"@id":"https:\/\/utel.mx\/blog\/10-consejos-para\/la-comunicacion-no-verbal-y-su-clasificacion\/#breadcrumb"},"inLanguage":"es","potentialAction":[{"@type":"ReadAction","target":["https:\/\/utel.mx\/blog\/10-consejos-para\/la-comunicacion-no-verbal-y-su-clasificacion\/"]}]},{"@type":"ImageObject","inLanguage":"es","@id":"https:\/\/utel.mx\/blog\/10-consejos-para\/la-comunicacion-no-verbal-y-su-clasificacion\/#primaryimage","url":"https:\/\/utel.mx\/blog\/wp-content\/uploads\/2013\/08\/Comunicacion-no-verbal-y-su-clasificacion.jpg","contentUrl":"https:\/\/utel.mx\/blog\/wp-content\/uploads\/2013\/08\/Comunicacion-no-verbal-y-su-clasificacion.jpg","width":600,"height":300,"caption":"Comunicaci\u00f3n no verbal y su clasificaci\u00f3n"},{"@type":"BreadcrumbList","@id":"https:\/\/utel.mx\/blog\/10-consejos-para\/la-comunicacion-no-verbal-y-su-clasificacion\/#breadcrumb","itemListElement":[{"@type":"ListItem","position":1,"name":"Home","item":"https:\/\/utel.mx\/blog\/"},{"@type":"ListItem","position":2,"name":"Comunicaci\u00f3n no verbal y su clasificaci\u00f3n"}]},{"@type":"WebSite","@id":"https:\/\/utel.mx\/blog\/#website","url":"https:\/\/utel.mx\/blog\/","name":"BLOG | Utel","description":"Blog UTEL Universidad en L\u00ednea","publisher":{"@id":"https:\/\/utel.mx\/blog\/#organization"},"potentialAction":[{"@type":"SearchAction","target":{"@type":"EntryPoint","urlTemplate":"https:\/\/utel.mx\/blog\/?s={search_term_string}"},"query-input":{"@type":"PropertyValueSpecification","valueRequired":true,"valueName":"search_term_string"}}],"inLanguage":"es"},{"@type":"Organization","@id":"https:\/\/utel.mx\/blog\/#organization","name":"BLOG | Utel","url":"https:\/\/utel.mx\/blog\/","logo":{"@type":"ImageObject","inLanguage":"es","@id":"https:\/\/utel.mx\/blog\/#\/schema\/logo\/image\/","url":"https:\/\/utel.mx\/blog\/wp-content\/uploads\/2023\/03\/cropped-logo-blog.png","contentUrl":"https:\/\/utel.mx\/blog\/wp-content\/uploads\/2023\/03\/cropped-logo-blog.png","width":237,"height":64,"caption":"BLOG | Utel"},"image":{"@id":"https:\/\/utel.mx\/blog\/#\/schema\/logo\/image\/"}},{"@type":"Person","@id":"https:\/\/utel.mx\/blog\/#\/schema\/person\/e5b3d8d918f13bd0b0f4724daa90dd95","name":"Invitados UTEL","image":{"@type":"ImageObject","inLanguage":"es","@id":"https:\/\/utel.mx\/blog\/#\/schema\/person\/image\/","url":"https:\/\/secure.gravatar.com\/avatar\/781456f1128be5a332ab27ea8b902597?s=96&d=mm&r=g","contentUrl":"https:\/\/secure.gravatar.com\/avatar\/781456f1128be5a332ab27ea8b902597?s=96&d=mm&r=g","caption":"Invitados UTEL"},"description":"Invitados . Colaboraciones por parte de invitados de la Comunidad UTEL"}]}},"_links":{"self":[{"href":"https:\/\/utel.mx\/blog\/wp-json\/wp\/v2\/posts\/2159","targetHints":{"allow":["GET"]}}],"collection":[{"href":"https:\/\/utel.mx\/blog\/wp-json\/wp\/v2\/posts"}],"about":[{"href":"https:\/\/utel.mx\/blog\/wp-json\/wp\/v2\/types\/post"}],"author":[{"embeddable":true,"href":"https:\/\/utel.mx\/blog\/wp-json\/wp\/v2\/users\/40"}],"replies":[{"embeddable":true,"href":"https:\/\/utel.mx\/blog\/wp-json\/wp\/v2\/comments?post=2159"}],"version-history":[{"count":2,"href":"https:\/\/utel.mx\/blog\/wp-json\/wp\/v2\/posts\/2159\/revisions"}],"predecessor-version":[{"id":39496,"href":"https:\/\/utel.mx\/blog\/wp-json\/wp\/v2\/posts\/2159\/revisions\/39496"}],"wp:featuredmedia":[{"embeddable":true,"href":"https:\/\/utel.mx\/blog\/wp-json\/wp\/v2\/media\/39494"}],"wp:attachment":[{"href":"https:\/\/utel.mx\/blog\/wp-json\/wp\/v2\/media?parent=2159"}],"wp:term":[{"taxonomy":"category","embeddable":true,"href":"https:\/\/utel.mx\/blog\/wp-json\/wp\/v2\/categories?post=2159"},{"taxonomy":"post_tag","embeddable":true,"href":"https:\/\/utel.mx\/blog\/wp-json\/wp\/v2\/tags?post=2159"}],"curies":[{"name":"wp","href":"https:\/\/api.w.org\/{rel}","templated":true}]}}