{"id":21628,"date":"2016-05-20T19:46:38","date_gmt":"2016-05-20T19:46:38","guid":{"rendered":"http:\/\/utel.mx\/blog\/?p=21628"},"modified":"2023-03-10T17:06:13","modified_gmt":"2023-03-10T17:06:13","slug":"evaluacion-del-aprendizaje-en-la-educacion-a-distancia","status":"publish","type":"post","link":"https:\/\/utel.mx\/blog\/vida-utel\/evaluacion-del-aprendizaje-en-la-educacion-a-distancia\/","title":{"rendered":"Evaluaci\u00f3n del aprendizaje en la Educaci\u00f3n a Distancia"},"content":{"rendered":"<h2><strong>La Evaluaci\u00f3n del aprendizaje en la Educaci\u00f3n a Distancia: el reto de la Calidad.<\/strong><\/h2>\n<p style=\"text-align: justify;\">Como parte de las conferencias impartidas en la sesi\u00f3n del pasado 12 de mayo del <a href=\"http:\/\/utel.mx\/consejo-academico\" target=\"_blank\" rel=\"noopener\">Consejo Acad\u00e9mico<\/a> de la Universidad UTEL, se destac\u00f3 la evaluaci\u00f3n del aprendizaje en la Educaci\u00f3n a Distancia como reto de la calidad en este modelo de en l\u00ednea; la ponencia fue impartida por el Mtro. Antonio Gago Huguet, Director General del Consejo para la Evaluaci\u00f3n de la Educaci\u00f3n del Tipo Medio Superior.<\/p>\n<p style=\"text-align: justify;\">El Maestro plante\u00f3 de forma introspectiva si es que la Educaci\u00f3n en l\u00ednea presentaba especiales circunstancias para su evaluaci\u00f3n o bien, determinadas y espec\u00edficas estrategias, as\u00ed como s\u00ed el desaf\u00edo de la buena calidad era distinto o igual en el caso de la educaci\u00f3n en l\u00ednea o cualquier otra opci\u00f3n educativa.<\/p>\n<p>\u201cNinguna evaluaci\u00f3n tiene sentido si no contribuye a mejorar aquello que se est\u00e1 evaluando\u201d.<\/p>\n<p style=\"text-align: justify;\">En t\u00e9rminos pr\u00e1cticos para evaluar la buena calidad de una instituci\u00f3n, se necesita examinar los programas educativos a partir de los objetivos del perfil de egreso. Es as\u00ed que podemos empezar a ver la congruencia si es buena o mala la excelencia de los componentes, sean docentes, tutores o materiales. Asimismo se est\u00e1 tratando de promover la formaci\u00f3n de competencias no estrictamente disciplinarias sino formadoras de personas, de ciudadanos, en el contexto de los valores, principios \u00e9ticos, etc.<\/p>\n<p style=\"text-align: justify;\">\u00bfQu\u00e9 debe entenderse por buena calidad de un programa educativo? \u00bfC\u00f3mo se caracterizan esos programas? \u00bfA partir de qu\u00e9 criterios, qu\u00e9 referentes, qu\u00e9 indicadores y qu\u00e9 par\u00e1metros se debe juzgar si un programa educativo es o no es bueno?<\/p>\n<p style=\"text-align: justify;\">Un programa es de buena calidad en la medida que es pertinente, ayudando a cumplir los prop\u00f3sitos, objetivos del programa, validez cient\u00edfica y vigencia de los conocimientos que est\u00e1n implicando.<\/p>\n<p style=\"text-align: justify;\">Se entiende por pertinente cuando los prop\u00f3sitos contenidos disciplinares y procedimientos del modelo educativo pedag\u00f3gico-did\u00e1ctico son congruentes y responden satisfactoriamente a las expectativas y necesidades de las personas y comunidades de su entorno en el contexto cultural, social, econ\u00f3mico, pol\u00edtico, etc\u00e9tera.<\/p>\n<p style=\"text-align: justify;\">Se trata entonces de asumir la pertinencia como primer criterio al evaluar la calidad de un programa educativo, otra pauta relevante para dar valor a este, es su eficacia, comprendida como la medida en que se logran los prop\u00f3sitos generales y los objetivos espec\u00edficos de ese plan de estudios y de sus unidades curriculares.<\/p>\n<p>\u201cSi lo que estamos logrando no es pertinente sale sobrando la eficacia. Requiere de diversas funciones el logro eficaz de lo pertinente en funciones como: la docencia, la investigaci\u00f3n, la teor\u00eda, la orientaci\u00f3n, el acompa\u00f1amiento, lo que ustedes quieran, que ya est\u00e1n haciendo y conocen bien en UTEL\u201d.<\/p>\n<p><code>Otro criterio es la idoneidad. Idoneidad del personal acad\u00e9mico, t\u00e9cnico, directivo y dem\u00e1s especializaciones.<\/code><\/p>\n<p style=\"text-align: justify;\">La disponibilidad suficiente de los recursos, es tambi\u00e9n una m\u00e9trica para apoyar la adquisici\u00f3n y generaci\u00f3n de conocimientos, desarrollo de habilidades y destrezas que fueron asumidos como compromiso del logro en el perfil de egreso de una persona que recibir\u00e1 un t\u00edtulo profesional.<\/p>\n<p style=\"text-align: justify;\">Por \u00faltimo el criterio de equidad; es decir hablando de la equidad, cu\u00e1ndo se valoran las diferentes opciones, estrategias, lazos y dem\u00e1s circunstancias de flexibilidad que se ofrecen para ampliar las oportunidades de estudio a quienes viven en circunstancias diferentes y en las cuales la educaci\u00f3n en l\u00ednea atiende estas caracter\u00edsticas y da oportunidades a quienes viven en condiciones distintas por diferentes razones.<\/p>\n<p style=\"text-align: justify;\">A los criterios de pertinencia, idoneidad, eficacia, suficiencia y equidad, debe agregarse el de eficiencia, por supuesto lo que tiene que ver con el buen uso y aprovechamiento de los recursos disponibles, el talento y el esfuerzo de los implicados.<\/p>\n<p style=\"text-align: justify;\">La educaci\u00f3n en l\u00ednea es una opci\u00f3n valiosa que sin duda ampl\u00eda las oportunidades educativas al operar en condiciones que son poco probables en la modalidad escolarizada; al igual que las otras modalidades, la opci\u00f3n en l\u00ednea enfrenta retos y debe satisfacer exigencias para merecer la validez oficial de estos estudios y lograr la confianza de quienes desean una formaci\u00f3n profesional de buena calidad.<\/p>\n<div style=\"text-align: center;\"><a href=\"#formulario\"><img decoding=\"async\" class=\"alignnone wp-image-27733 size-medium\" src=\"http:\/\/utel.mx\/blog\/wp-content\/uploads\/2014\/07\/CTA4-300x81.png\" alt=\"CTA4\" width=\"300\" height=\"81\" srcset=\"https:\/\/utel.mx\/blog\/wp-content\/uploads\/2014\/07\/CTA4-300x81.png 300w, https:\/\/utel.mx\/blog\/wp-content\/uploads\/2014\/07\/CTA4-1024x277.png 1024w, https:\/\/utel.mx\/blog\/wp-content\/uploads\/2014\/07\/CTA4-200x54.png 200w, https:\/\/utel.mx\/blog\/wp-content\/uploads\/2014\/07\/CTA4-600x162.png 600w, https:\/\/utel.mx\/blog\/wp-content\/uploads\/2014\/07\/CTA4.png 1364w\" sizes=\"(max-width: 300px) 100vw, 300px\" \/><\/a><\/div>\n<div id=\"botonsolicitainformes\" style=\"text-align: center;\"><a href=\"#formulario\">Solicitar informes<\/a><\/div>\n<div id=\"advads-395160597\" class=\"advads-cta-lp-banner-form advads-entity-placement\"><a href=\"https:\/\/utel.mx\/blog\/admisiones-universidad-online\/?utm_source=blog&#038;utm_medium=CTAlink&#038;utm_campaign=MKTseo\" aria-label=\"Universidad en linea\"><img src=\"https:\/\/utel.mx\/blog\/wp-content\/uploads\/2025\/04\/universidad-en-linea-1.png\" alt=\"Universidad en linea\"  srcset=\"https:\/\/utel.mx\/blog\/wp-content\/uploads\/2025\/04\/universidad-en-linea-1.png 626w, https:\/\/utel.mx\/blog\/wp-content\/uploads\/2025\/04\/universidad-en-linea-1-420x168.png 420w\" sizes=\"(max-width: 626px) 100vw, 626px\" width=\"626\" height=\"250\"   \/><\/a><\/div>","protected":false},"excerpt":{"rendered":"<p> [&hellip;]<\/p>\n","protected":false},"author":40,"featured_media":21691,"comment_status":"closed","ping_status":"open","sticky":false,"template":"","format":"standard","meta":{"_acf_changed":false,"site-sidebar-layout":"default","site-content-layout":"","ast-site-content-layout":"","site-content-style":"default","site-sidebar-style":"default","ast-global-header-display":"","ast-banner-title-visibility":"","ast-main-header-display":"","ast-hfb-above-header-display":"","ast-hfb-below-header-display":"","ast-hfb-mobile-header-display":"","site-post-title":"","ast-breadcrumbs-content":"","ast-featured-img":"","footer-sml-layout":"","theme-transparent-header-meta":"","adv-header-id-meta":"","stick-header-meta":"","header-above-stick-meta":"","header-main-stick-meta":"","header-below-stick-meta":"","astra-migrate-meta-layouts":"default","ast-page-background-enabled":"default","ast-page-background-meta":{"desktop":{"background-color":"var(--ast-global-color-4)","background-image":"","background-repeat":"repeat","background-position":"center center","background-size":"auto","background-attachment":"scroll","background-type":"","background-media":"","overlay-type":"","overlay-color":"","overlay-gradient":""},"tablet":{"background-color":"","background-image":"","background-repeat":"repeat","background-position":"center center","background-size":"auto","background-attachment":"scroll","background-type":"","background-media":"","overlay-type":"","overlay-color":"","overlay-gradient":""},"mobile":{"background-color":"","background-image":"","background-repeat":"repeat","background-position":"center center","background-size":"auto","background-attachment":"scroll","background-type":"","background-media":"","overlay-type":"","overlay-color":"","overlay-gradient":""}},"ast-content-background-meta":{"desktop":{"background-color":"var(--ast-global-color-5)","background-image":"","background-repeat":"repeat","background-position":"center center","background-size":"auto","background-attachment":"scroll","background-type":"","background-media":"","overlay-type":"","overlay-color":"","overlay-gradient":""},"tablet":{"background-color":"var(--ast-global-color-5)","background-image":"","background-repeat":"repeat","background-position":"center center","background-size":"auto","background-attachment":"scroll","background-type":"","background-media":"","overlay-type":"","overlay-color":"","overlay-gradient":""},"mobile":{"background-color":"var(--ast-global-color-5)","background-image":"","background-repeat":"repeat","background-position":"center center","background-size":"auto","background-attachment":"scroll","background-type":"","background-media":"","overlay-type":"","overlay-color":"","overlay-gradient":""}},"footnotes":""},"categories":[34],"tags":[],"class_list":["post-21628","post","type-post","status-publish","format-standard","has-post-thumbnail","hentry","category-vida-utel"],"acf":[],"yoast_head":"<!-- This site is optimized with the Yoast SEO plugin v26.8 - https:\/\/yoast.com\/product\/yoast-seo-wordpress\/ -->\n<title>Evaluaci\u00f3n del aprendizaje en la Educaci\u00f3n a Distancia - BLOG | Utel<\/title>\n<meta name=\"description\" content=\"Para una buena evaluaci\u00f3n del aprendizaje en la educaci\u00f3n es indispensable examinar los programas educativos a partir de los objetivos del perfil de egreso.\" \/>\n<meta name=\"robots\" content=\"index, follow, max-snippet:-1, max-image-preview:large, max-video-preview:-1\" \/>\n<link rel=\"canonical\" href=\"https:\/\/utel.mx\/blog\/vida-utel\/evaluacion-del-aprendizaje-en-la-educacion-a-distancia\/\" \/>\n<meta property=\"og:locale\" content=\"es_ES\" \/>\n<meta property=\"og:type\" content=\"article\" \/>\n<meta property=\"og:title\" content=\"Evaluaci\u00f3n del aprendizaje en la Educaci\u00f3n a Distancia - BLOG | Utel\" \/>\n<meta property=\"og:description\" content=\"Para una buena evaluaci\u00f3n del aprendizaje en la educaci\u00f3n es indispensable examinar los programas educativos a partir de los objetivos del perfil de egreso.\" \/>\n<meta property=\"og:url\" content=\"https:\/\/utel.mx\/blog\/vida-utel\/evaluacion-del-aprendizaje-en-la-educacion-a-distancia\/\" \/>\n<meta property=\"og:site_name\" content=\"BLOG | Utel\" \/>\n<meta property=\"article:published_time\" content=\"2016-05-20T19:46:38+00:00\" \/>\n<meta property=\"article:modified_time\" content=\"2023-03-10T17:06:13+00:00\" \/>\n<meta property=\"og:image\" content=\"https:\/\/utel.mx\/blog\/wp-content\/uploads\/2016\/05\/Mtro.-Antonio-Gago-OK.jpg\" \/>\n\t<meta property=\"og:image:width\" content=\"1559\" \/>\n\t<meta property=\"og:image:height\" content=\"1039\" \/>\n\t<meta property=\"og:image:type\" content=\"image\/jpeg\" \/>\n<meta name=\"author\" content=\"Invitados UTEL\" \/>\n<meta name=\"twitter:label1\" content=\"Written by\" \/>\n\t<meta name=\"twitter:data1\" content=\"Invitados UTEL\" \/>\n\t<meta name=\"twitter:label2\" content=\"Est. reading time\" \/>\n\t<meta name=\"twitter:data2\" content=\"4 minutos\" \/>\n<script type=\"application\/ld+json\" class=\"yoast-schema-graph\">{\"@context\":\"https:\/\/schema.org\",\"@graph\":[{\"@type\":\"Article\",\"@id\":\"https:\/\/utel.mx\/blog\/vida-utel\/evaluacion-del-aprendizaje-en-la-educacion-a-distancia\/#article\",\"isPartOf\":{\"@id\":\"https:\/\/utel.mx\/blog\/vida-utel\/evaluacion-del-aprendizaje-en-la-educacion-a-distancia\/\"},\"author\":{\"name\":\"Invitados UTEL\",\"@id\":\"https:\/\/utel.mx\/blog\/#\/schema\/person\/e5b3d8d918f13bd0b0f4724daa90dd95\"},\"headline\":\"Evaluaci\u00f3n del aprendizaje en la Educaci\u00f3n a Distancia\",\"datePublished\":\"2016-05-20T19:46:38+00:00\",\"dateModified\":\"2023-03-10T17:06:13+00:00\",\"mainEntityOfPage\":{\"@id\":\"https:\/\/utel.mx\/blog\/vida-utel\/evaluacion-del-aprendizaje-en-la-educacion-a-distancia\/\"},\"wordCount\":714,\"publisher\":{\"@id\":\"https:\/\/utel.mx\/blog\/#organization\"},\"image\":{\"@id\":\"https:\/\/utel.mx\/blog\/vida-utel\/evaluacion-del-aprendizaje-en-la-educacion-a-distancia\/#primaryimage\"},\"thumbnailUrl\":\"https:\/\/utel.mx\/blog\/wp-content\/uploads\/2016\/05\/Mtro.-Antonio-Gago-OK.jpg\",\"articleSection\":[\"Vida Utel\"],\"inLanguage\":\"es\"},{\"@type\":\"WebPage\",\"@id\":\"https:\/\/utel.mx\/blog\/vida-utel\/evaluacion-del-aprendizaje-en-la-educacion-a-distancia\/\",\"url\":\"https:\/\/utel.mx\/blog\/vida-utel\/evaluacion-del-aprendizaje-en-la-educacion-a-distancia\/\",\"name\":\"Evaluaci\u00f3n del aprendizaje en la Educaci\u00f3n a Distancia - BLOG | Utel\",\"isPartOf\":{\"@id\":\"https:\/\/utel.mx\/blog\/#website\"},\"primaryImageOfPage\":{\"@id\":\"https:\/\/utel.mx\/blog\/vida-utel\/evaluacion-del-aprendizaje-en-la-educacion-a-distancia\/#primaryimage\"},\"image\":{\"@id\":\"https:\/\/utel.mx\/blog\/vida-utel\/evaluacion-del-aprendizaje-en-la-educacion-a-distancia\/#primaryimage\"},\"thumbnailUrl\":\"https:\/\/utel.mx\/blog\/wp-content\/uploads\/2016\/05\/Mtro.-Antonio-Gago-OK.jpg\",\"datePublished\":\"2016-05-20T19:46:38+00:00\",\"dateModified\":\"2023-03-10T17:06:13+00:00\",\"description\":\"Para una buena evaluaci\u00f3n del aprendizaje en la educaci\u00f3n es indispensable examinar los programas educativos a partir de los objetivos del perfil de egreso.\",\"breadcrumb\":{\"@id\":\"https:\/\/utel.mx\/blog\/vida-utel\/evaluacion-del-aprendizaje-en-la-educacion-a-distancia\/#breadcrumb\"},\"inLanguage\":\"es\",\"potentialAction\":[{\"@type\":\"ReadAction\",\"target\":[\"https:\/\/utel.mx\/blog\/vida-utel\/evaluacion-del-aprendizaje-en-la-educacion-a-distancia\/\"]}]},{\"@type\":\"ImageObject\",\"inLanguage\":\"es\",\"@id\":\"https:\/\/utel.mx\/blog\/vida-utel\/evaluacion-del-aprendizaje-en-la-educacion-a-distancia\/#primaryimage\",\"url\":\"https:\/\/utel.mx\/blog\/wp-content\/uploads\/2016\/05\/Mtro.-Antonio-Gago-OK.jpg\",\"contentUrl\":\"https:\/\/utel.mx\/blog\/wp-content\/uploads\/2016\/05\/Mtro.-Antonio-Gago-OK.jpg\",\"width\":1559,\"height\":1039},{\"@type\":\"BreadcrumbList\",\"@id\":\"https:\/\/utel.mx\/blog\/vida-utel\/evaluacion-del-aprendizaje-en-la-educacion-a-distancia\/#breadcrumb\",\"itemListElement\":[{\"@type\":\"ListItem\",\"position\":1,\"name\":\"Home\",\"item\":\"https:\/\/utel.mx\/blog\/\"},{\"@type\":\"ListItem\",\"position\":2,\"name\":\"Evaluaci\u00f3n del aprendizaje en la Educaci\u00f3n a Distancia\"}]},{\"@type\":\"WebSite\",\"@id\":\"https:\/\/utel.mx\/blog\/#website\",\"url\":\"https:\/\/utel.mx\/blog\/\",\"name\":\"BLOG | Utel\",\"description\":\"Blog UTEL Universidad en L\u00ednea\",\"publisher\":{\"@id\":\"https:\/\/utel.mx\/blog\/#organization\"},\"potentialAction\":[{\"@type\":\"SearchAction\",\"target\":{\"@type\":\"EntryPoint\",\"urlTemplate\":\"https:\/\/utel.mx\/blog\/?s={search_term_string}\"},\"query-input\":{\"@type\":\"PropertyValueSpecification\",\"valueRequired\":true,\"valueName\":\"search_term_string\"}}],\"inLanguage\":\"es\"},{\"@type\":\"Organization\",\"@id\":\"https:\/\/utel.mx\/blog\/#organization\",\"name\":\"BLOG | Utel\",\"url\":\"https:\/\/utel.mx\/blog\/\",\"logo\":{\"@type\":\"ImageObject\",\"inLanguage\":\"es\",\"@id\":\"https:\/\/utel.mx\/blog\/#\/schema\/logo\/image\/\",\"url\":\"https:\/\/utel.mx\/blog\/wp-content\/uploads\/2023\/03\/cropped-logo-blog.png\",\"contentUrl\":\"https:\/\/utel.mx\/blog\/wp-content\/uploads\/2023\/03\/cropped-logo-blog.png\",\"width\":237,\"height\":64,\"caption\":\"BLOG | Utel\"},\"image\":{\"@id\":\"https:\/\/utel.mx\/blog\/#\/schema\/logo\/image\/\"}},{\"@type\":\"Person\",\"@id\":\"https:\/\/utel.mx\/blog\/#\/schema\/person\/e5b3d8d918f13bd0b0f4724daa90dd95\",\"name\":\"Invitados UTEL\",\"image\":{\"@type\":\"ImageObject\",\"inLanguage\":\"es\",\"@id\":\"https:\/\/utel.mx\/blog\/#\/schema\/person\/image\/\",\"url\":\"https:\/\/secure.gravatar.com\/avatar\/781456f1128be5a332ab27ea8b902597?s=96&d=mm&r=g\",\"contentUrl\":\"https:\/\/secure.gravatar.com\/avatar\/781456f1128be5a332ab27ea8b902597?s=96&d=mm&r=g\",\"caption\":\"Invitados UTEL\"},\"description\":\"Invitados . Colaboraciones por parte de invitados de la Comunidad UTEL\"}]}<\/script>\n<!-- \/ Yoast SEO plugin. -->","yoast_head_json":{"title":"Evaluaci\u00f3n del aprendizaje en la Educaci\u00f3n a Distancia - BLOG | Utel","description":"Para una buena evaluaci\u00f3n del aprendizaje en la educaci\u00f3n es indispensable examinar los programas educativos a partir de los objetivos del perfil de egreso.","robots":{"index":"index","follow":"follow","max-snippet":"max-snippet:-1","max-image-preview":"max-image-preview:large","max-video-preview":"max-video-preview:-1"},"canonical":"https:\/\/utel.mx\/blog\/vida-utel\/evaluacion-del-aprendizaje-en-la-educacion-a-distancia\/","og_locale":"es_ES","og_type":"article","og_title":"Evaluaci\u00f3n del aprendizaje en la Educaci\u00f3n a Distancia - BLOG | Utel","og_description":"Para una buena evaluaci\u00f3n del aprendizaje en la educaci\u00f3n es indispensable examinar los programas educativos a partir de los objetivos del perfil de egreso.","og_url":"https:\/\/utel.mx\/blog\/vida-utel\/evaluacion-del-aprendizaje-en-la-educacion-a-distancia\/","og_site_name":"BLOG | Utel","article_published_time":"2016-05-20T19:46:38+00:00","article_modified_time":"2023-03-10T17:06:13+00:00","og_image":[{"width":1559,"height":1039,"url":"https:\/\/utel.mx\/blog\/wp-content\/uploads\/2016\/05\/Mtro.-Antonio-Gago-OK.jpg","type":"image\/jpeg"}],"author":"Invitados UTEL","twitter_misc":{"Written by":"Invitados UTEL","Est. reading time":"4 minutos"},"schema":{"@context":"https:\/\/schema.org","@graph":[{"@type":"Article","@id":"https:\/\/utel.mx\/blog\/vida-utel\/evaluacion-del-aprendizaje-en-la-educacion-a-distancia\/#article","isPartOf":{"@id":"https:\/\/utel.mx\/blog\/vida-utel\/evaluacion-del-aprendizaje-en-la-educacion-a-distancia\/"},"author":{"name":"Invitados UTEL","@id":"https:\/\/utel.mx\/blog\/#\/schema\/person\/e5b3d8d918f13bd0b0f4724daa90dd95"},"headline":"Evaluaci\u00f3n del aprendizaje en la Educaci\u00f3n a Distancia","datePublished":"2016-05-20T19:46:38+00:00","dateModified":"2023-03-10T17:06:13+00:00","mainEntityOfPage":{"@id":"https:\/\/utel.mx\/blog\/vida-utel\/evaluacion-del-aprendizaje-en-la-educacion-a-distancia\/"},"wordCount":714,"publisher":{"@id":"https:\/\/utel.mx\/blog\/#organization"},"image":{"@id":"https:\/\/utel.mx\/blog\/vida-utel\/evaluacion-del-aprendizaje-en-la-educacion-a-distancia\/#primaryimage"},"thumbnailUrl":"https:\/\/utel.mx\/blog\/wp-content\/uploads\/2016\/05\/Mtro.-Antonio-Gago-OK.jpg","articleSection":["Vida Utel"],"inLanguage":"es"},{"@type":"WebPage","@id":"https:\/\/utel.mx\/blog\/vida-utel\/evaluacion-del-aprendizaje-en-la-educacion-a-distancia\/","url":"https:\/\/utel.mx\/blog\/vida-utel\/evaluacion-del-aprendizaje-en-la-educacion-a-distancia\/","name":"Evaluaci\u00f3n del aprendizaje en la Educaci\u00f3n a Distancia - BLOG | Utel","isPartOf":{"@id":"https:\/\/utel.mx\/blog\/#website"},"primaryImageOfPage":{"@id":"https:\/\/utel.mx\/blog\/vida-utel\/evaluacion-del-aprendizaje-en-la-educacion-a-distancia\/#primaryimage"},"image":{"@id":"https:\/\/utel.mx\/blog\/vida-utel\/evaluacion-del-aprendizaje-en-la-educacion-a-distancia\/#primaryimage"},"thumbnailUrl":"https:\/\/utel.mx\/blog\/wp-content\/uploads\/2016\/05\/Mtro.-Antonio-Gago-OK.jpg","datePublished":"2016-05-20T19:46:38+00:00","dateModified":"2023-03-10T17:06:13+00:00","description":"Para una buena evaluaci\u00f3n del aprendizaje en la educaci\u00f3n es indispensable examinar los programas educativos a partir de los objetivos del perfil de egreso.","breadcrumb":{"@id":"https:\/\/utel.mx\/blog\/vida-utel\/evaluacion-del-aprendizaje-en-la-educacion-a-distancia\/#breadcrumb"},"inLanguage":"es","potentialAction":[{"@type":"ReadAction","target":["https:\/\/utel.mx\/blog\/vida-utel\/evaluacion-del-aprendizaje-en-la-educacion-a-distancia\/"]}]},{"@type":"ImageObject","inLanguage":"es","@id":"https:\/\/utel.mx\/blog\/vida-utel\/evaluacion-del-aprendizaje-en-la-educacion-a-distancia\/#primaryimage","url":"https:\/\/utel.mx\/blog\/wp-content\/uploads\/2016\/05\/Mtro.-Antonio-Gago-OK.jpg","contentUrl":"https:\/\/utel.mx\/blog\/wp-content\/uploads\/2016\/05\/Mtro.-Antonio-Gago-OK.jpg","width":1559,"height":1039},{"@type":"BreadcrumbList","@id":"https:\/\/utel.mx\/blog\/vida-utel\/evaluacion-del-aprendizaje-en-la-educacion-a-distancia\/#breadcrumb","itemListElement":[{"@type":"ListItem","position":1,"name":"Home","item":"https:\/\/utel.mx\/blog\/"},{"@type":"ListItem","position":2,"name":"Evaluaci\u00f3n del aprendizaje en la Educaci\u00f3n a Distancia"}]},{"@type":"WebSite","@id":"https:\/\/utel.mx\/blog\/#website","url":"https:\/\/utel.mx\/blog\/","name":"BLOG | Utel","description":"Blog UTEL Universidad en L\u00ednea","publisher":{"@id":"https:\/\/utel.mx\/blog\/#organization"},"potentialAction":[{"@type":"SearchAction","target":{"@type":"EntryPoint","urlTemplate":"https:\/\/utel.mx\/blog\/?s={search_term_string}"},"query-input":{"@type":"PropertyValueSpecification","valueRequired":true,"valueName":"search_term_string"}}],"inLanguage":"es"},{"@type":"Organization","@id":"https:\/\/utel.mx\/blog\/#organization","name":"BLOG | Utel","url":"https:\/\/utel.mx\/blog\/","logo":{"@type":"ImageObject","inLanguage":"es","@id":"https:\/\/utel.mx\/blog\/#\/schema\/logo\/image\/","url":"https:\/\/utel.mx\/blog\/wp-content\/uploads\/2023\/03\/cropped-logo-blog.png","contentUrl":"https:\/\/utel.mx\/blog\/wp-content\/uploads\/2023\/03\/cropped-logo-blog.png","width":237,"height":64,"caption":"BLOG | Utel"},"image":{"@id":"https:\/\/utel.mx\/blog\/#\/schema\/logo\/image\/"}},{"@type":"Person","@id":"https:\/\/utel.mx\/blog\/#\/schema\/person\/e5b3d8d918f13bd0b0f4724daa90dd95","name":"Invitados UTEL","image":{"@type":"ImageObject","inLanguage":"es","@id":"https:\/\/utel.mx\/blog\/#\/schema\/person\/image\/","url":"https:\/\/secure.gravatar.com\/avatar\/781456f1128be5a332ab27ea8b902597?s=96&d=mm&r=g","contentUrl":"https:\/\/secure.gravatar.com\/avatar\/781456f1128be5a332ab27ea8b902597?s=96&d=mm&r=g","caption":"Invitados UTEL"},"description":"Invitados . Colaboraciones por parte de invitados de la Comunidad UTEL"}]}},"_links":{"self":[{"href":"https:\/\/utel.mx\/blog\/wp-json\/wp\/v2\/posts\/21628","targetHints":{"allow":["GET"]}}],"collection":[{"href":"https:\/\/utel.mx\/blog\/wp-json\/wp\/v2\/posts"}],"about":[{"href":"https:\/\/utel.mx\/blog\/wp-json\/wp\/v2\/types\/post"}],"author":[{"embeddable":true,"href":"https:\/\/utel.mx\/blog\/wp-json\/wp\/v2\/users\/40"}],"replies":[{"embeddable":true,"href":"https:\/\/utel.mx\/blog\/wp-json\/wp\/v2\/comments?post=21628"}],"version-history":[{"count":1,"href":"https:\/\/utel.mx\/blog\/wp-json\/wp\/v2\/posts\/21628\/revisions"}],"predecessor-version":[{"id":45752,"href":"https:\/\/utel.mx\/blog\/wp-json\/wp\/v2\/posts\/21628\/revisions\/45752"}],"wp:featuredmedia":[{"embeddable":true,"href":"https:\/\/utel.mx\/blog\/wp-json\/wp\/v2\/media\/21691"}],"wp:attachment":[{"href":"https:\/\/utel.mx\/blog\/wp-json\/wp\/v2\/media?parent=21628"}],"wp:term":[{"taxonomy":"category","embeddable":true,"href":"https:\/\/utel.mx\/blog\/wp-json\/wp\/v2\/categories?post=21628"},{"taxonomy":"post_tag","embeddable":true,"href":"https:\/\/utel.mx\/blog\/wp-json\/wp\/v2\/tags?post=21628"}],"curies":[{"name":"wp","href":"https:\/\/api.w.org\/{rel}","templated":true}]}}