{"id":2316,"date":"2013-07-29T18:43:42","date_gmt":"2013-07-29T18:43:42","guid":{"rendered":"http:\/\/utel.mx\/blog\/?p=2316"},"modified":"2023-03-10T16:53:00","modified_gmt":"2023-03-10T16:53:00","slug":"derecho-empresarial-que-es","status":"publish","type":"post","link":"https:\/\/utel.mx\/blog\/10-consejos-para\/derecho-empresarial-que-es\/","title":{"rendered":"Derecho empresarial: \u00bfEn qu\u00e9 consiste?"},"content":{"rendered":"<p style=\"text-align: justify;\"><span style=\"color: #000000;\">El <em>Derecho Empresarial<\/em>, es una rama del Derecho que se encarga de guiar las actividades dentro y fuera de las organizaciones. Su funci\u00f3n principal es regular a las peque\u00f1as, medianas y grandes empresas (PYMES).<\/span><\/p>\n<p style=\"text-align: justify;\"><span style=\"color: #000000;\">El t\u00e9rmino<\/span> <span style=\"color: #008a5d;\"><a style=\"color: #008a5d;\" title=\"Derecho Empresarial: Contrato temporal por reconversi\u00f3n\" href=\"http:\/\/utel.mx\/blog\/10-consejos-para\/derecho-empresarial-contrato-temporal-por-reconversion\/\">Derecho Empresarial<\/a><\/span> <span style=\"color: #000000;\">est\u00e1 ligado al concepto corporativo, el cual a su vez, va de la mano con el derecho laboral.<\/span><\/p>\n<h2><span style=\"color: #008a5d;\">\u00bfQu\u00e9 es el Derecho empresarial?<\/span><\/h2>\n<p style=\"text-align: justify;\"><span style=\"color: #000000;\">La actividad empresarial tiene como objetivo observar la producci\u00f3n de una organizaci\u00f3n. Por ejemplo: qu\u00e9 cantidad de capital se invierte para que la producci\u00f3n se lleve a cabo y cu\u00e1ntos empleados prestan sus servicios para tener un ciclo econ\u00f3mico remunerable.<\/span><\/p>\n<p style=\"text-align: justify;\"><span style=\"color: #000000;\">El <strong>correcto funcionamiento de las empresas<\/strong>, depende en gran medida de sus normas, las cuales se vinculan con las distintas categor\u00edas del derecho; \u00e1rea que tiene a su cargo la resoluci\u00f3n de aquellos problemas legales que llegaran a suscitarse.<\/span><\/p>\n<p style=\"text-align: justify;\"><span style=\"color: #000000;\">Durante cientos de d\u00e9cadas, la disciplina del derecho ha sido importante para el desarrollo de las sociedades.<\/span><\/p>\n<p style=\"text-align: justify;\"><span style=\"color: #000000;\">Es por ello que el<\/span> <span style=\"color: #008a5d;\"><a style=\"color: #008a5d;\" title=\"El Derecho Empresarial en M\u00e9xico\" href=\"http:\/\/utel.mx\/blog\/10-consejos-para\/derecho-empresarial\/\">derecho empresarial<\/a><\/span> <span style=\"color: #000000;\">se relaciona con otras ramas del derecho, tales como el civil, comercial, burs\u00e1til, patrimonial y mercantil; que a su vez forman parte del derecho corporativo y comercial.<\/span><\/p>\n<p style=\"text-align: justify;\"><span style=\"color: #000000;\">De acuerdo con el C\u00f3digo Civil, s\u00f3lo las personas morales y las sociedades civiles y mercantiles, pueden ejercer los derechos necesarios para la instituci\u00f3n. La sociedad mercantil tambi\u00e9n es parte del derecho y se encarga de\u00a0 dividirlos como patrimonios de los socios.<\/span><\/p>\n<p style=\"text-align: justify;\"><span style=\"color: #000000;\">Las primeras instituciones surgieron del derecho civil y fueron cambiados de acuerdo a las normas que se han generado, esto para que el Estado reconozca a las empresas.<\/span><\/p>\n<p style=\"text-align: justify;\"><span style=\"color: #000000;\">El derecho civil ayuda a tener un modelo econ\u00f3mico adecuado, en donde la actividad favorece el desarrollo de la empresa. Tambi\u00e9n, opera de acuerdo a la relaci\u00f3n que se logra establecer con los mercados, regulando la negociaci\u00f3n mercantil.<\/span><\/p>\n<p style=\"text-align: justify;\"><span style=\"color: #000000;\">Otra manera de definir al derecho civil, como parte del\u00a0 mundo empresarial, es como \u201cla negociaci\u00f3n\u201d como parte de su manifestaci\u00f3n, que permite el adecuado desenvolvimiento de la empresa.<\/span><\/p>\n<p><span style=\"color: #000000;\"><b>Tania Paola Peralta<\/b><\/span><br \/>\n<span style=\"color: #000000;\"> <strong>UTEL Editorial<\/strong><\/span><\/p>\n<div style=\"text-align: center;\"><a href=\"https:\/\/admisiones.utel.edu.mx\/p\/utel-general?utm_source=blog&amp;utm_medium=fb&amp;utm_campaign=comentarios-blog-fb&amp;utm_term=informes&amp;utm_content=respuesta&amp;fbclid=IwAR0CBIJ0cytDsz-J9w2R1ke-xEh23Jd0SKBXUhd4jy4r8Ige6cW17hW2tjk\" target=\"_blank\" rel=\"noopener\"><img decoding=\"async\" class=\"alignnone wp-image-27733 size-medium\" src=\"http:\/\/utel.mx\/blog\/wp-content\/uploads\/2014\/07\/CTA4-300x81.png\" alt=\"CTA4\" width=\"300\" height=\"81\" srcset=\"https:\/\/utel.mx\/blog\/wp-content\/uploads\/2014\/07\/CTA4-300x81.png 300w, https:\/\/utel.mx\/blog\/wp-content\/uploads\/2014\/07\/CTA4-1024x277.png 1024w, https:\/\/utel.mx\/blog\/wp-content\/uploads\/2014\/07\/CTA4-200x54.png 200w, https:\/\/utel.mx\/blog\/wp-content\/uploads\/2014\/07\/CTA4-600x162.png 600w, https:\/\/utel.mx\/blog\/wp-content\/uploads\/2014\/07\/CTA4.png 1364w\" sizes=\"(max-width: 300px) 100vw, 300px\" \/><\/a><\/div>\n<div id=\"advads-3092637433\" class=\"advads-cta-lp-banner-form advads-entity-placement\"><a href=\"https:\/\/utel.mx\/blog\/admisiones-universidad-online\/?utm_source=blog&#038;utm_medium=CTAlink&#038;utm_campaign=MKTseo\" aria-label=\"Universidad en linea\"><img src=\"https:\/\/utel.mx\/blog\/wp-content\/uploads\/2025\/04\/universidad-en-linea-1.png\" alt=\"Universidad en linea\"  srcset=\"https:\/\/utel.mx\/blog\/wp-content\/uploads\/2025\/04\/universidad-en-linea-1.png 626w, https:\/\/utel.mx\/blog\/wp-content\/uploads\/2025\/04\/universidad-en-linea-1-420x168.png 420w\" sizes=\"(max-width: 626px) 100vw, 626px\" width=\"626\" height=\"250\"   \/><\/a><\/div>","protected":false},"excerpt":{"rendered":"<p> [&hellip;]<\/p>\n","protected":false},"author":40,"featured_media":38494,"comment_status":"closed","ping_status":"open","sticky":false,"template":"","format":"standard","meta":{"_acf_changed":false,"site-sidebar-layout":"default","site-content-layout":"","ast-site-content-layout":"","site-content-style":"default","site-sidebar-style":"default","ast-global-header-display":"","ast-banner-title-visibility":"","ast-main-header-display":"","ast-hfb-above-header-display":"","ast-hfb-below-header-display":"","ast-hfb-mobile-header-display":"","site-post-title":"","ast-breadcrumbs-content":"","ast-featured-img":"","footer-sml-layout":"","theme-transparent-header-meta":"","adv-header-id-meta":"","stick-header-meta":"","header-above-stick-meta":"","header-main-stick-meta":"","header-below-stick-meta":"","astra-migrate-meta-layouts":"default","ast-page-background-enabled":"default","ast-page-background-meta":{"desktop":{"background-color":"var(--ast-global-color-4)","background-image":"","background-repeat":"repeat","background-position":"center center","background-size":"auto","background-attachment":"scroll","background-type":"","background-media":"","overlay-type":"","overlay-color":"","overlay-gradient":""},"tablet":{"background-color":"","background-image":"","background-repeat":"repeat","background-position":"center center","background-size":"auto","background-attachment":"scroll","background-type":"","background-media":"","overlay-type":"","overlay-color":"","overlay-gradient":""},"mobile":{"background-color":"","background-image":"","background-repeat":"repeat","background-position":"center center","background-size":"auto","background-attachment":"scroll","background-type":"","background-media":"","overlay-type":"","overlay-color":"","overlay-gradient":""}},"ast-content-background-meta":{"desktop":{"background-color":"var(--ast-global-color-5)","background-image":"","background-repeat":"repeat","background-position":"center center","background-size":"auto","background-attachment":"scroll","background-type":"","background-media":"","overlay-type":"","overlay-color":"","overlay-gradient":""},"tablet":{"background-color":"var(--ast-global-color-5)","background-image":"","background-repeat":"repeat","background-position":"center center","background-size":"auto","background-attachment":"scroll","background-type":"","background-media":"","overlay-type":"","overlay-color":"","overlay-gradient":""},"mobile":{"background-color":"var(--ast-global-color-5)","background-image":"","background-repeat":"repeat","background-position":"center center","background-size":"auto","background-attachment":"scroll","background-type":"","background-media":"","overlay-type":"","overlay-color":"","overlay-gradient":""}},"footnotes":""},"categories":[32],"tags":[],"class_list":["post-2316","post","type-post","status-publish","format-standard","has-post-thumbnail","hentry","category-10-consejos-para"],"acf":[],"yoast_head":"<!-- This site is optimized with the Yoast SEO plugin v26.8 - https:\/\/yoast.com\/product\/yoast-seo-wordpress\/ -->\n<title>Derecho empresarial: \u00bfEn qu\u00e9 consiste? - BLOG | Utel<\/title>\n<meta name=\"description\" content=\"El Derecho Empresarial se encarga de guiar las actividades dentro y fuera de las organizaciones. Descubre el plan de estudios de universidad UTEL.\" \/>\n<meta name=\"robots\" content=\"index, follow, max-snippet:-1, max-image-preview:large, max-video-preview:-1\" \/>\n<link rel=\"canonical\" href=\"https:\/\/utel.mx\/blog\/10-consejos-para\/derecho-empresarial-que-es\/\" \/>\n<meta property=\"og:locale\" content=\"es_ES\" \/>\n<meta property=\"og:type\" content=\"article\" \/>\n<meta property=\"og:title\" content=\"Derecho empresarial: \u00bfEn qu\u00e9 consiste? - BLOG | Utel\" \/>\n<meta property=\"og:description\" content=\"El Derecho Empresarial se encarga de guiar las actividades dentro y fuera de las organizaciones. Descubre el plan de estudios de universidad UTEL.\" \/>\n<meta property=\"og:url\" content=\"https:\/\/utel.mx\/blog\/10-consejos-para\/derecho-empresarial-que-es\/\" \/>\n<meta property=\"og:site_name\" content=\"BLOG | Utel\" \/>\n<meta property=\"article:published_time\" content=\"2013-07-29T18:43:42+00:00\" \/>\n<meta property=\"article:modified_time\" content=\"2023-03-10T16:53:00+00:00\" \/>\n<meta property=\"og:image\" content=\"https:\/\/utel.mx\/blog\/wp-content\/uploads\/2013\/07\/Derecho-Empresarial.-En-qu\u00e9-consiste.png\" \/>\n\t<meta property=\"og:image:width\" content=\"600\" \/>\n\t<meta property=\"og:image:height\" content=\"300\" \/>\n\t<meta property=\"og:image:type\" content=\"image\/png\" \/>\n<meta name=\"author\" content=\"Invitados UTEL\" \/>\n<meta name=\"twitter:label1\" content=\"Written by\" \/>\n\t<meta name=\"twitter:data1\" content=\"Invitados UTEL\" \/>\n\t<meta name=\"twitter:label2\" content=\"Est. reading time\" \/>\n\t<meta name=\"twitter:data2\" content=\"2 minutos\" \/>\n<script type=\"application\/ld+json\" class=\"yoast-schema-graph\">{\"@context\":\"https:\/\/schema.org\",\"@graph\":[{\"@type\":\"Article\",\"@id\":\"https:\/\/utel.mx\/blog\/10-consejos-para\/derecho-empresarial-que-es\/#article\",\"isPartOf\":{\"@id\":\"https:\/\/utel.mx\/blog\/10-consejos-para\/derecho-empresarial-que-es\/\"},\"author\":{\"name\":\"Invitados UTEL\",\"@id\":\"https:\/\/utel.mx\/blog\/#\/schema\/person\/e5b3d8d918f13bd0b0f4724daa90dd95\"},\"headline\":\"Derecho empresarial: \u00bfEn qu\u00e9 consiste?\",\"datePublished\":\"2013-07-29T18:43:42+00:00\",\"dateModified\":\"2023-03-10T16:53:00+00:00\",\"mainEntityOfPage\":{\"@id\":\"https:\/\/utel.mx\/blog\/10-consejos-para\/derecho-empresarial-que-es\/\"},\"wordCount\":360,\"publisher\":{\"@id\":\"https:\/\/utel.mx\/blog\/#organization\"},\"image\":{\"@id\":\"https:\/\/utel.mx\/blog\/10-consejos-para\/derecho-empresarial-que-es\/#primaryimage\"},\"thumbnailUrl\":\"https:\/\/utel.mx\/blog\/wp-content\/uploads\/2013\/07\/Derecho-Empresarial.-En-qu\u00e9-consiste.png\",\"articleSection\":[\"Tips\"],\"inLanguage\":\"es\"},{\"@type\":\"WebPage\",\"@id\":\"https:\/\/utel.mx\/blog\/10-consejos-para\/derecho-empresarial-que-es\/\",\"url\":\"https:\/\/utel.mx\/blog\/10-consejos-para\/derecho-empresarial-que-es\/\",\"name\":\"Derecho empresarial: \u00bfEn qu\u00e9 consiste? - BLOG | Utel\",\"isPartOf\":{\"@id\":\"https:\/\/utel.mx\/blog\/#website\"},\"primaryImageOfPage\":{\"@id\":\"https:\/\/utel.mx\/blog\/10-consejos-para\/derecho-empresarial-que-es\/#primaryimage\"},\"image\":{\"@id\":\"https:\/\/utel.mx\/blog\/10-consejos-para\/derecho-empresarial-que-es\/#primaryimage\"},\"thumbnailUrl\":\"https:\/\/utel.mx\/blog\/wp-content\/uploads\/2013\/07\/Derecho-Empresarial.-En-qu\u00e9-consiste.png\",\"datePublished\":\"2013-07-29T18:43:42+00:00\",\"dateModified\":\"2023-03-10T16:53:00+00:00\",\"description\":\"El Derecho Empresarial se encarga de guiar las actividades dentro y fuera de las organizaciones. Descubre el plan de estudios de universidad UTEL.\",\"breadcrumb\":{\"@id\":\"https:\/\/utel.mx\/blog\/10-consejos-para\/derecho-empresarial-que-es\/#breadcrumb\"},\"inLanguage\":\"es\",\"potentialAction\":[{\"@type\":\"ReadAction\",\"target\":[\"https:\/\/utel.mx\/blog\/10-consejos-para\/derecho-empresarial-que-es\/\"]}]},{\"@type\":\"ImageObject\",\"inLanguage\":\"es\",\"@id\":\"https:\/\/utel.mx\/blog\/10-consejos-para\/derecho-empresarial-que-es\/#primaryimage\",\"url\":\"https:\/\/utel.mx\/blog\/wp-content\/uploads\/2013\/07\/Derecho-Empresarial.-En-qu\u00e9-consiste.png\",\"contentUrl\":\"https:\/\/utel.mx\/blog\/wp-content\/uploads\/2013\/07\/Derecho-Empresarial.-En-qu\u00e9-consiste.png\",\"width\":600,\"height\":300,\"caption\":\"Derecho Empresarial. En qu\u00e9 consiste\"},{\"@type\":\"BreadcrumbList\",\"@id\":\"https:\/\/utel.mx\/blog\/10-consejos-para\/derecho-empresarial-que-es\/#breadcrumb\",\"itemListElement\":[{\"@type\":\"ListItem\",\"position\":1,\"name\":\"Home\",\"item\":\"https:\/\/utel.mx\/blog\/\"},{\"@type\":\"ListItem\",\"position\":2,\"name\":\"Derecho empresarial: \u00bfEn qu\u00e9 consiste?\"}]},{\"@type\":\"WebSite\",\"@id\":\"https:\/\/utel.mx\/blog\/#website\",\"url\":\"https:\/\/utel.mx\/blog\/\",\"name\":\"BLOG | Utel\",\"description\":\"Blog UTEL Universidad en L\u00ednea\",\"publisher\":{\"@id\":\"https:\/\/utel.mx\/blog\/#organization\"},\"potentialAction\":[{\"@type\":\"SearchAction\",\"target\":{\"@type\":\"EntryPoint\",\"urlTemplate\":\"https:\/\/utel.mx\/blog\/?s={search_term_string}\"},\"query-input\":{\"@type\":\"PropertyValueSpecification\",\"valueRequired\":true,\"valueName\":\"search_term_string\"}}],\"inLanguage\":\"es\"},{\"@type\":\"Organization\",\"@id\":\"https:\/\/utel.mx\/blog\/#organization\",\"name\":\"BLOG | Utel\",\"url\":\"https:\/\/utel.mx\/blog\/\",\"logo\":{\"@type\":\"ImageObject\",\"inLanguage\":\"es\",\"@id\":\"https:\/\/utel.mx\/blog\/#\/schema\/logo\/image\/\",\"url\":\"https:\/\/utel.mx\/blog\/wp-content\/uploads\/2023\/03\/cropped-logo-blog.png\",\"contentUrl\":\"https:\/\/utel.mx\/blog\/wp-content\/uploads\/2023\/03\/cropped-logo-blog.png\",\"width\":237,\"height\":64,\"caption\":\"BLOG | Utel\"},\"image\":{\"@id\":\"https:\/\/utel.mx\/blog\/#\/schema\/logo\/image\/\"}},{\"@type\":\"Person\",\"@id\":\"https:\/\/utel.mx\/blog\/#\/schema\/person\/e5b3d8d918f13bd0b0f4724daa90dd95\",\"name\":\"Invitados UTEL\",\"image\":{\"@type\":\"ImageObject\",\"inLanguage\":\"es\",\"@id\":\"https:\/\/utel.mx\/blog\/#\/schema\/person\/image\/\",\"url\":\"https:\/\/secure.gravatar.com\/avatar\/781456f1128be5a332ab27ea8b902597?s=96&d=mm&r=g\",\"contentUrl\":\"https:\/\/secure.gravatar.com\/avatar\/781456f1128be5a332ab27ea8b902597?s=96&d=mm&r=g\",\"caption\":\"Invitados UTEL\"},\"description\":\"Invitados . Colaboraciones por parte de invitados de la Comunidad UTEL\"}]}<\/script>\n<!-- \/ Yoast SEO plugin. -->","yoast_head_json":{"title":"Derecho empresarial: \u00bfEn qu\u00e9 consiste? - BLOG | Utel","description":"El Derecho Empresarial se encarga de guiar las actividades dentro y fuera de las organizaciones. Descubre el plan de estudios de universidad UTEL.","robots":{"index":"index","follow":"follow","max-snippet":"max-snippet:-1","max-image-preview":"max-image-preview:large","max-video-preview":"max-video-preview:-1"},"canonical":"https:\/\/utel.mx\/blog\/10-consejos-para\/derecho-empresarial-que-es\/","og_locale":"es_ES","og_type":"article","og_title":"Derecho empresarial: \u00bfEn qu\u00e9 consiste? - BLOG | Utel","og_description":"El Derecho Empresarial se encarga de guiar las actividades dentro y fuera de las organizaciones. Descubre el plan de estudios de universidad UTEL.","og_url":"https:\/\/utel.mx\/blog\/10-consejos-para\/derecho-empresarial-que-es\/","og_site_name":"BLOG | Utel","article_published_time":"2013-07-29T18:43:42+00:00","article_modified_time":"2023-03-10T16:53:00+00:00","og_image":[{"width":600,"height":300,"url":"https:\/\/utel.mx\/blog\/wp-content\/uploads\/2013\/07\/Derecho-Empresarial.-En-qu\u00e9-consiste.png","type":"image\/png"}],"author":"Invitados UTEL","twitter_misc":{"Written by":"Invitados UTEL","Est. reading time":"2 minutos"},"schema":{"@context":"https:\/\/schema.org","@graph":[{"@type":"Article","@id":"https:\/\/utel.mx\/blog\/10-consejos-para\/derecho-empresarial-que-es\/#article","isPartOf":{"@id":"https:\/\/utel.mx\/blog\/10-consejos-para\/derecho-empresarial-que-es\/"},"author":{"name":"Invitados UTEL","@id":"https:\/\/utel.mx\/blog\/#\/schema\/person\/e5b3d8d918f13bd0b0f4724daa90dd95"},"headline":"Derecho empresarial: \u00bfEn qu\u00e9 consiste?","datePublished":"2013-07-29T18:43:42+00:00","dateModified":"2023-03-10T16:53:00+00:00","mainEntityOfPage":{"@id":"https:\/\/utel.mx\/blog\/10-consejos-para\/derecho-empresarial-que-es\/"},"wordCount":360,"publisher":{"@id":"https:\/\/utel.mx\/blog\/#organization"},"image":{"@id":"https:\/\/utel.mx\/blog\/10-consejos-para\/derecho-empresarial-que-es\/#primaryimage"},"thumbnailUrl":"https:\/\/utel.mx\/blog\/wp-content\/uploads\/2013\/07\/Derecho-Empresarial.-En-qu\u00e9-consiste.png","articleSection":["Tips"],"inLanguage":"es"},{"@type":"WebPage","@id":"https:\/\/utel.mx\/blog\/10-consejos-para\/derecho-empresarial-que-es\/","url":"https:\/\/utel.mx\/blog\/10-consejos-para\/derecho-empresarial-que-es\/","name":"Derecho empresarial: \u00bfEn qu\u00e9 consiste? - BLOG | Utel","isPartOf":{"@id":"https:\/\/utel.mx\/blog\/#website"},"primaryImageOfPage":{"@id":"https:\/\/utel.mx\/blog\/10-consejos-para\/derecho-empresarial-que-es\/#primaryimage"},"image":{"@id":"https:\/\/utel.mx\/blog\/10-consejos-para\/derecho-empresarial-que-es\/#primaryimage"},"thumbnailUrl":"https:\/\/utel.mx\/blog\/wp-content\/uploads\/2013\/07\/Derecho-Empresarial.-En-qu\u00e9-consiste.png","datePublished":"2013-07-29T18:43:42+00:00","dateModified":"2023-03-10T16:53:00+00:00","description":"El Derecho Empresarial se encarga de guiar las actividades dentro y fuera de las organizaciones. Descubre el plan de estudios de universidad UTEL.","breadcrumb":{"@id":"https:\/\/utel.mx\/blog\/10-consejos-para\/derecho-empresarial-que-es\/#breadcrumb"},"inLanguage":"es","potentialAction":[{"@type":"ReadAction","target":["https:\/\/utel.mx\/blog\/10-consejos-para\/derecho-empresarial-que-es\/"]}]},{"@type":"ImageObject","inLanguage":"es","@id":"https:\/\/utel.mx\/blog\/10-consejos-para\/derecho-empresarial-que-es\/#primaryimage","url":"https:\/\/utel.mx\/blog\/wp-content\/uploads\/2013\/07\/Derecho-Empresarial.-En-qu\u00e9-consiste.png","contentUrl":"https:\/\/utel.mx\/blog\/wp-content\/uploads\/2013\/07\/Derecho-Empresarial.-En-qu\u00e9-consiste.png","width":600,"height":300,"caption":"Derecho Empresarial. En qu\u00e9 consiste"},{"@type":"BreadcrumbList","@id":"https:\/\/utel.mx\/blog\/10-consejos-para\/derecho-empresarial-que-es\/#breadcrumb","itemListElement":[{"@type":"ListItem","position":1,"name":"Home","item":"https:\/\/utel.mx\/blog\/"},{"@type":"ListItem","position":2,"name":"Derecho empresarial: \u00bfEn qu\u00e9 consiste?"}]},{"@type":"WebSite","@id":"https:\/\/utel.mx\/blog\/#website","url":"https:\/\/utel.mx\/blog\/","name":"BLOG | Utel","description":"Blog UTEL Universidad en L\u00ednea","publisher":{"@id":"https:\/\/utel.mx\/blog\/#organization"},"potentialAction":[{"@type":"SearchAction","target":{"@type":"EntryPoint","urlTemplate":"https:\/\/utel.mx\/blog\/?s={search_term_string}"},"query-input":{"@type":"PropertyValueSpecification","valueRequired":true,"valueName":"search_term_string"}}],"inLanguage":"es"},{"@type":"Organization","@id":"https:\/\/utel.mx\/blog\/#organization","name":"BLOG | Utel","url":"https:\/\/utel.mx\/blog\/","logo":{"@type":"ImageObject","inLanguage":"es","@id":"https:\/\/utel.mx\/blog\/#\/schema\/logo\/image\/","url":"https:\/\/utel.mx\/blog\/wp-content\/uploads\/2023\/03\/cropped-logo-blog.png","contentUrl":"https:\/\/utel.mx\/blog\/wp-content\/uploads\/2023\/03\/cropped-logo-blog.png","width":237,"height":64,"caption":"BLOG | Utel"},"image":{"@id":"https:\/\/utel.mx\/blog\/#\/schema\/logo\/image\/"}},{"@type":"Person","@id":"https:\/\/utel.mx\/blog\/#\/schema\/person\/e5b3d8d918f13bd0b0f4724daa90dd95","name":"Invitados UTEL","image":{"@type":"ImageObject","inLanguage":"es","@id":"https:\/\/utel.mx\/blog\/#\/schema\/person\/image\/","url":"https:\/\/secure.gravatar.com\/avatar\/781456f1128be5a332ab27ea8b902597?s=96&d=mm&r=g","contentUrl":"https:\/\/secure.gravatar.com\/avatar\/781456f1128be5a332ab27ea8b902597?s=96&d=mm&r=g","caption":"Invitados UTEL"},"description":"Invitados . Colaboraciones por parte de invitados de la Comunidad UTEL"}]}},"_links":{"self":[{"href":"https:\/\/utel.mx\/blog\/wp-json\/wp\/v2\/posts\/2316","targetHints":{"allow":["GET"]}}],"collection":[{"href":"https:\/\/utel.mx\/blog\/wp-json\/wp\/v2\/posts"}],"about":[{"href":"https:\/\/utel.mx\/blog\/wp-json\/wp\/v2\/types\/post"}],"author":[{"embeddable":true,"href":"https:\/\/utel.mx\/blog\/wp-json\/wp\/v2\/users\/40"}],"replies":[{"embeddable":true,"href":"https:\/\/utel.mx\/blog\/wp-json\/wp\/v2\/comments?post=2316"}],"version-history":[{"count":1,"href":"https:\/\/utel.mx\/blog\/wp-json\/wp\/v2\/posts\/2316\/revisions"}],"predecessor-version":[{"id":44799,"href":"https:\/\/utel.mx\/blog\/wp-json\/wp\/v2\/posts\/2316\/revisions\/44799"}],"wp:featuredmedia":[{"embeddable":true,"href":"https:\/\/utel.mx\/blog\/wp-json\/wp\/v2\/media\/38494"}],"wp:attachment":[{"href":"https:\/\/utel.mx\/blog\/wp-json\/wp\/v2\/media?parent=2316"}],"wp:term":[{"taxonomy":"category","embeddable":true,"href":"https:\/\/utel.mx\/blog\/wp-json\/wp\/v2\/categories?post=2316"},{"taxonomy":"post_tag","embeddable":true,"href":"https:\/\/utel.mx\/blog\/wp-json\/wp\/v2\/tags?post=2316"}],"curies":[{"name":"wp","href":"https:\/\/api.w.org\/{rel}","templated":true}]}}