{"id":24203,"date":"2017-03-24T19:11:54","date_gmt":"2017-03-24T19:11:54","guid":{"rendered":"http:\/\/utel.mx\/blog\/?p=24203"},"modified":"2023-03-10T17:08:30","modified_gmt":"2023-03-10T17:08:30","slug":"que-es-la-comunicacion-organizacional","status":"publish","type":"post","link":"https:\/\/utel.mx\/blog\/menu-profesional\/que-es-la-comunicacion-organizacional\/","title":{"rendered":"\u00bfQu\u00e9 es la Comunicaci\u00f3n organizacional?"},"content":{"rendered":"<p><span style=\"color: #000000;\">Seg\u00fan el destacado cient\u00edfico social Carlos Fern\u00e1ndez Collado, <strong>la comunicaci\u00f3n organizacional<\/strong> se puede entender como \u201cun conjunto de t\u00e9cnicas y actividades encaminadas a facilitar y agilizar el flujo de mensajes que se dan entre los miembros de la organizaci\u00f3n o entre la organizaci\u00f3n y su medio. Adem\u00e1s de servir para influir en las opiniones, aptitudes y conductas de los p\u00fablicos internos y externos de la organizaci\u00f3n, todo ello con el fin de que esta \u00faltima, cumpla mejor y m\u00e1s r\u00e1pido sus respectivos objetivos\u201d.<\/span><\/p>\n<h2><span style=\"color: #000000;\">El objetivo de la comunicaci\u00f3n organizacional<\/span><\/h2>\n<p><span style=\"color: #000000;\">La comunicaci\u00f3n organizacional tiene como objetivo primordial <strong>distinguir y difundir la existencia y las labores de una instituci\u00f3n<\/strong> para dar a conocer lo mejor que tiene para ofrecerle a la sociedad.<\/span><\/p>\n<p><span style=\"color: #000000;\">La ret\u00f3rica unida a la oratoria y al discurso persuasivo da lugar al procesamiento informativo que requiere cualquier instituci\u00f3n para satisfacer sus intereses tanto con la poblaci\u00f3n interna de los colaboradores como con la poblaci\u00f3n externa. <strong>Idear nuevas formas de comunicaci\u00f3n<\/strong> m\u00e1s eficientes, valorando y reconociendo las labores de los colaboradores, fomentando la equidad de g\u00e9nero, as\u00ed como el respeto, la cortes\u00eda y la consideraci\u00f3n, son algunos de los preceptos que propaga la comunicaci\u00f3n organizacional de hoy en d\u00eda.<\/span><\/p>\n<h3><span style=\"color: #000000;\">La comunicaci\u00f3n organizacional hoy en d\u00eda<\/span><\/h3>\n<p><span style=\"color: #000000;\">En la actualidad, la comunicaci\u00f3n organizacional tiende a la innovaci\u00f3n, sus propuestas sugieren nuevas perspectivas te\u00f3ricas, con el objetivo de sustituir las configuraciones tanto burocr\u00e1ticas como jer\u00e1rquicas que han gobernado los esquemas de las instituciones en los \u00faltimos tiempos. <strong>La comunicaci\u00f3n organizacional moderna<\/strong> apela por la practicidad, su meta es simplificar los procesos empresariales, hacer frente a los proveedores, compradores, clientes y personal externo y ofrecer el mejor ambiente laboral a los colaboradores internos.<\/span><\/p>\n<p><span style=\"color: #000000;\"><strong>Transmitir los mensajes deseados de una manera \u00f3ptima<\/strong> es la prioridad de la comunicaci\u00f3n organizacional, la cual debe ser clara y concisa siempre, adem\u00e1s de tener la capacidad de resolver conflictos, diagnosticar el clima laboral, motivar al personal y prevenir cualquier posible problem\u00e1tica que pudiera abrumar el ambiente laboral.<\/span><\/p>\n<p><span style=\"color: #000000;\">Finalmente, la comunicaci\u00f3n organizacional incorpora a su estructura los derechos humanos b\u00e1sicos, as\u00ed como la libertad de expresi\u00f3n y la \u00e9tica profesional para difundir sus respectivos mensajes a los distintos receptores.<\/span><\/p>\n<p><center><!--HubSpot Call-to-Action Code --><span id=\"hs-cta-wrapper-8a59c334-542e-43e0-ab05-e0d20ad9d958\" class=\"hs-cta-wrapper\"><span id=\"hs-cta-8a59c334-542e-43e0-ab05-e0d20ad9d958\" class=\"hs-cta-node hs-cta-8a59c334-542e-43e0-ab05-e0d20ad9d958\"><!-- [if lte IE 8]>\n\n\n<div id=\"hs-cta-ie-element\"><\/div>\n\n\n<![endif]--><a href=\"https:\/\/utel.mx\/licenciatura-en-linea-en-comunicacion-organizacional?utm_source=blog&amp;utm_medium=CTA+Link&amp;utm_campaign=Mktcomunicacion\" target=\"_blank\" rel=\"noopener\"><img decoding=\"async\" id=\"hs-cta-img-8a59c334-542e-43e0-ab05-e0d20ad9d958\" class=\"hs-cta-img alignnone\" style=\"border-width: 0px;\" src=\"https:\/\/no-cache.hubspot.com\/cta\/default\/568441\/8a59c334-542e-43e0-ab05-e0d20ad9d958.png\" alt=\"New Call-to-action\" width=\"461\" height=\"83\"><\/a><\/span><\/span><!-- end HubSpot Call-to-Action Code --><\/center><\/p>\n<div id=\"advads-852897780\" class=\"advads-cta-lp-banner-form advads-entity-placement\"><a href=\"https:\/\/utel.mx\/blog\/admisiones-universidad-online\/?utm_source=blog&#038;utm_medium=CTAlink&#038;utm_campaign=MKTseo\" aria-label=\"Universidad en linea\"><img src=\"https:\/\/utel.mx\/blog\/wp-content\/uploads\/2025\/04\/universidad-en-linea-1.png\" alt=\"Universidad en linea\"  srcset=\"https:\/\/utel.mx\/blog\/wp-content\/uploads\/2025\/04\/universidad-en-linea-1.png 626w, https:\/\/utel.mx\/blog\/wp-content\/uploads\/2025\/04\/universidad-en-linea-1-420x168.png 420w\" sizes=\"(max-width: 626px) 100vw, 626px\" width=\"626\" height=\"250\"   \/><\/a><\/div>","protected":false},"excerpt":{"rendered":"<p> [&hellip;]<\/p>\n","protected":false},"author":1,"featured_media":40303,"comment_status":"closed","ping_status":"open","sticky":false,"template":"","format":"standard","meta":{"_acf_changed":false,"site-sidebar-layout":"default","site-content-layout":"","ast-site-content-layout":"","site-content-style":"default","site-sidebar-style":"default","ast-global-header-display":"","ast-banner-title-visibility":"","ast-main-header-display":"","ast-hfb-above-header-display":"","ast-hfb-below-header-display":"","ast-hfb-mobile-header-display":"","site-post-title":"","ast-breadcrumbs-content":"","ast-featured-img":"","footer-sml-layout":"","theme-transparent-header-meta":"","adv-header-id-meta":"","stick-header-meta":"","header-above-stick-meta":"","header-main-stick-meta":"","header-below-stick-meta":"","astra-migrate-meta-layouts":"default","ast-page-background-enabled":"default","ast-page-background-meta":{"desktop":{"background-color":"var(--ast-global-color-4)","background-image":"","background-repeat":"repeat","background-position":"center center","background-size":"auto","background-attachment":"scroll","background-type":"","background-media":"","overlay-type":"","overlay-color":"","overlay-gradient":""},"tablet":{"background-color":"","background-image":"","background-repeat":"repeat","background-position":"center center","background-size":"auto","background-attachment":"scroll","background-type":"","background-media":"","overlay-type":"","overlay-color":"","overlay-gradient":""},"mobile":{"background-color":"","background-image":"","background-repeat":"repeat","background-position":"center center","background-size":"auto","background-attachment":"scroll","background-type":"","background-media":"","overlay-type":"","overlay-color":"","overlay-gradient":""}},"ast-content-background-meta":{"desktop":{"background-color":"var(--ast-global-color-5)","background-image":"","background-repeat":"repeat","background-position":"center center","background-size":"auto","background-attachment":"scroll","background-type":"","background-media":"","overlay-type":"","overlay-color":"","overlay-gradient":""},"tablet":{"background-color":"var(--ast-global-color-5)","background-image":"","background-repeat":"repeat","background-position":"center center","background-size":"auto","background-attachment":"scroll","background-type":"","background-media":"","overlay-type":"","overlay-color":"","overlay-gradient":""},"mobile":{"background-color":"var(--ast-global-color-5)","background-image":"","background-repeat":"repeat","background-position":"center center","background-size":"auto","background-attachment":"scroll","background-type":"","background-media":"","overlay-type":"","overlay-color":"","overlay-gradient":""}},"footnotes":""},"categories":[426],"tags":[],"class_list":["post-24203","post","type-post","status-publish","format-standard","has-post-thumbnail","hentry","category-menu-profesional"],"acf":[],"yoast_head":"<!-- This site is optimized with the Yoast SEO plugin v26.8 - https:\/\/yoast.com\/product\/yoast-seo-wordpress\/ -->\n<title>\u00bfQu\u00e9 es la Comunicaci\u00f3n organizacional? - BLOG | Utel<\/title>\n<meta name=\"description\" content=\"\u00bfQu\u00e9 es la comunicaci\u00f3n organizacional? nos preguntaremos todos. El el siguiente Blog UTEL te contamos m\u00e1s sobre el tema.\" \/>\n<meta name=\"robots\" content=\"index, follow, max-snippet:-1, max-image-preview:large, max-video-preview:-1\" \/>\n<link rel=\"canonical\" href=\"https:\/\/utel.mx\/blog\/menu-profesional\/que-es-la-comunicacion-organizacional\/\" \/>\n<meta property=\"og:locale\" content=\"es_ES\" \/>\n<meta property=\"og:type\" content=\"article\" \/>\n<meta property=\"og:title\" content=\"\u00bfQu\u00e9 es la Comunicaci\u00f3n organizacional? - BLOG | Utel\" \/>\n<meta property=\"og:description\" content=\"\u00bfQu\u00e9 es la comunicaci\u00f3n organizacional? nos preguntaremos todos. El el siguiente Blog UTEL te contamos m\u00e1s sobre el tema.\" \/>\n<meta property=\"og:url\" content=\"https:\/\/utel.mx\/blog\/menu-profesional\/que-es-la-comunicacion-organizacional\/\" \/>\n<meta property=\"og:site_name\" content=\"BLOG | Utel\" \/>\n<meta property=\"article:published_time\" content=\"2017-03-24T19:11:54+00:00\" \/>\n<meta property=\"article:modified_time\" content=\"2023-03-10T17:08:30+00:00\" \/>\n<meta property=\"og:image\" content=\"https:\/\/utel.mx\/blog\/wp-content\/uploads\/2017\/03\/Que-es-la-comunicacion-organizacional.jpg\" \/>\n\t<meta property=\"og:image:width\" content=\"600\" \/>\n\t<meta property=\"og:image:height\" content=\"300\" \/>\n\t<meta property=\"og:image:type\" content=\"image\/jpeg\" \/>\n<meta name=\"author\" content=\"Editorial\" \/>\n<meta name=\"twitter:label1\" content=\"Written by\" \/>\n\t<meta name=\"twitter:data1\" content=\"Editorial\" \/>\n\t<meta name=\"twitter:label2\" content=\"Est. reading time\" \/>\n\t<meta name=\"twitter:data2\" content=\"2 minutos\" \/>\n<script type=\"application\/ld+json\" class=\"yoast-schema-graph\">{\"@context\":\"https:\/\/schema.org\",\"@graph\":[{\"@type\":\"Article\",\"@id\":\"https:\/\/utel.mx\/blog\/menu-profesional\/que-es-la-comunicacion-organizacional\/#article\",\"isPartOf\":{\"@id\":\"https:\/\/utel.mx\/blog\/menu-profesional\/que-es-la-comunicacion-organizacional\/\"},\"author\":{\"name\":\"Editorial\",\"@id\":\"https:\/\/utel.mx\/blog\/#\/schema\/person\/0f0496c771b5461de6acbe1f031b6722\"},\"headline\":\"\u00bfQu\u00e9 es la Comunicaci\u00f3n organizacional?\",\"datePublished\":\"2017-03-24T19:11:54+00:00\",\"dateModified\":\"2023-03-10T17:08:30+00:00\",\"mainEntityOfPage\":{\"@id\":\"https:\/\/utel.mx\/blog\/menu-profesional\/que-es-la-comunicacion-organizacional\/\"},\"wordCount\":405,\"publisher\":{\"@id\":\"https:\/\/utel.mx\/blog\/#organization\"},\"image\":{\"@id\":\"https:\/\/utel.mx\/blog\/menu-profesional\/que-es-la-comunicacion-organizacional\/#primaryimage\"},\"thumbnailUrl\":\"https:\/\/utel.mx\/blog\/wp-content\/uploads\/2017\/03\/Que-es-la-comunicacion-organizacional.jpg\",\"articleSection\":[\"Formaci\u00f3n profesional\"],\"inLanguage\":\"es\"},{\"@type\":\"WebPage\",\"@id\":\"https:\/\/utel.mx\/blog\/menu-profesional\/que-es-la-comunicacion-organizacional\/\",\"url\":\"https:\/\/utel.mx\/blog\/menu-profesional\/que-es-la-comunicacion-organizacional\/\",\"name\":\"\u00bfQu\u00e9 es la Comunicaci\u00f3n organizacional? - BLOG | Utel\",\"isPartOf\":{\"@id\":\"https:\/\/utel.mx\/blog\/#website\"},\"primaryImageOfPage\":{\"@id\":\"https:\/\/utel.mx\/blog\/menu-profesional\/que-es-la-comunicacion-organizacional\/#primaryimage\"},\"image\":{\"@id\":\"https:\/\/utel.mx\/blog\/menu-profesional\/que-es-la-comunicacion-organizacional\/#primaryimage\"},\"thumbnailUrl\":\"https:\/\/utel.mx\/blog\/wp-content\/uploads\/2017\/03\/Que-es-la-comunicacion-organizacional.jpg\",\"datePublished\":\"2017-03-24T19:11:54+00:00\",\"dateModified\":\"2023-03-10T17:08:30+00:00\",\"description\":\"\u00bfQu\u00e9 es la comunicaci\u00f3n organizacional? nos preguntaremos todos. El el siguiente Blog UTEL te contamos m\u00e1s sobre el tema.\",\"breadcrumb\":{\"@id\":\"https:\/\/utel.mx\/blog\/menu-profesional\/que-es-la-comunicacion-organizacional\/#breadcrumb\"},\"inLanguage\":\"es\",\"potentialAction\":[{\"@type\":\"ReadAction\",\"target\":[\"https:\/\/utel.mx\/blog\/menu-profesional\/que-es-la-comunicacion-organizacional\/\"]}]},{\"@type\":\"ImageObject\",\"inLanguage\":\"es\",\"@id\":\"https:\/\/utel.mx\/blog\/menu-profesional\/que-es-la-comunicacion-organizacional\/#primaryimage\",\"url\":\"https:\/\/utel.mx\/blog\/wp-content\/uploads\/2017\/03\/Que-es-la-comunicacion-organizacional.jpg\",\"contentUrl\":\"https:\/\/utel.mx\/blog\/wp-content\/uploads\/2017\/03\/Que-es-la-comunicacion-organizacional.jpg\",\"width\":600,\"height\":300,\"caption\":\"Qu\u00e9 es la comunicaci\u00f3n organizacional\"},{\"@type\":\"BreadcrumbList\",\"@id\":\"https:\/\/utel.mx\/blog\/menu-profesional\/que-es-la-comunicacion-organizacional\/#breadcrumb\",\"itemListElement\":[{\"@type\":\"ListItem\",\"position\":1,\"name\":\"Home\",\"item\":\"https:\/\/utel.mx\/blog\/\"},{\"@type\":\"ListItem\",\"position\":2,\"name\":\"\u00bfQu\u00e9 es la Comunicaci\u00f3n organizacional?\"}]},{\"@type\":\"WebSite\",\"@id\":\"https:\/\/utel.mx\/blog\/#website\",\"url\":\"https:\/\/utel.mx\/blog\/\",\"name\":\"BLOG | Utel\",\"description\":\"Blog UTEL Universidad en L\u00ednea\",\"publisher\":{\"@id\":\"https:\/\/utel.mx\/blog\/#organization\"},\"potentialAction\":[{\"@type\":\"SearchAction\",\"target\":{\"@type\":\"EntryPoint\",\"urlTemplate\":\"https:\/\/utel.mx\/blog\/?s={search_term_string}\"},\"query-input\":{\"@type\":\"PropertyValueSpecification\",\"valueRequired\":true,\"valueName\":\"search_term_string\"}}],\"inLanguage\":\"es\"},{\"@type\":\"Organization\",\"@id\":\"https:\/\/utel.mx\/blog\/#organization\",\"name\":\"BLOG | Utel\",\"url\":\"https:\/\/utel.mx\/blog\/\",\"logo\":{\"@type\":\"ImageObject\",\"inLanguage\":\"es\",\"@id\":\"https:\/\/utel.mx\/blog\/#\/schema\/logo\/image\/\",\"url\":\"https:\/\/utel.mx\/blog\/wp-content\/uploads\/2023\/03\/cropped-logo-blog.png\",\"contentUrl\":\"https:\/\/utel.mx\/blog\/wp-content\/uploads\/2023\/03\/cropped-logo-blog.png\",\"width\":237,\"height\":64,\"caption\":\"BLOG | Utel\"},\"image\":{\"@id\":\"https:\/\/utel.mx\/blog\/#\/schema\/logo\/image\/\"}},{\"@type\":\"Person\",\"@id\":\"https:\/\/utel.mx\/blog\/#\/schema\/person\/0f0496c771b5461de6acbe1f031b6722\",\"name\":\"Editorial\",\"image\":{\"@type\":\"ImageObject\",\"inLanguage\":\"es\",\"@id\":\"https:\/\/utel.mx\/blog\/#\/schema\/person\/image\/\",\"url\":\"https:\/\/secure.gravatar.com\/avatar\/5e01284944bd93d83b0c62fb4fead2d0?s=96&d=mm&r=g\",\"contentUrl\":\"https:\/\/secure.gravatar.com\/avatar\/5e01284944bd93d83b0c62fb4fead2d0?s=96&d=mm&r=g\",\"caption\":\"Editorial\"},\"description\":\"Colaboraciones editoriales de autores interesados en educaci\u00f3n en l\u00ednea, tecnolog\u00eda, innovaci\u00f3n educativa, emprendimiento, entre otros.\"}]}<\/script>\n<!-- \/ Yoast SEO plugin. -->","yoast_head_json":{"title":"\u00bfQu\u00e9 es la Comunicaci\u00f3n organizacional? - BLOG | Utel","description":"\u00bfQu\u00e9 es la comunicaci\u00f3n organizacional? nos preguntaremos todos. El el siguiente Blog UTEL te contamos m\u00e1s sobre el tema.","robots":{"index":"index","follow":"follow","max-snippet":"max-snippet:-1","max-image-preview":"max-image-preview:large","max-video-preview":"max-video-preview:-1"},"canonical":"https:\/\/utel.mx\/blog\/menu-profesional\/que-es-la-comunicacion-organizacional\/","og_locale":"es_ES","og_type":"article","og_title":"\u00bfQu\u00e9 es la Comunicaci\u00f3n organizacional? - BLOG | Utel","og_description":"\u00bfQu\u00e9 es la comunicaci\u00f3n organizacional? nos preguntaremos todos. El el siguiente Blog UTEL te contamos m\u00e1s sobre el tema.","og_url":"https:\/\/utel.mx\/blog\/menu-profesional\/que-es-la-comunicacion-organizacional\/","og_site_name":"BLOG | Utel","article_published_time":"2017-03-24T19:11:54+00:00","article_modified_time":"2023-03-10T17:08:30+00:00","og_image":[{"width":600,"height":300,"url":"https:\/\/utel.mx\/blog\/wp-content\/uploads\/2017\/03\/Que-es-la-comunicacion-organizacional.jpg","type":"image\/jpeg"}],"author":"Editorial","twitter_misc":{"Written by":"Editorial","Est. reading time":"2 minutos"},"schema":{"@context":"https:\/\/schema.org","@graph":[{"@type":"Article","@id":"https:\/\/utel.mx\/blog\/menu-profesional\/que-es-la-comunicacion-organizacional\/#article","isPartOf":{"@id":"https:\/\/utel.mx\/blog\/menu-profesional\/que-es-la-comunicacion-organizacional\/"},"author":{"name":"Editorial","@id":"https:\/\/utel.mx\/blog\/#\/schema\/person\/0f0496c771b5461de6acbe1f031b6722"},"headline":"\u00bfQu\u00e9 es la Comunicaci\u00f3n organizacional?","datePublished":"2017-03-24T19:11:54+00:00","dateModified":"2023-03-10T17:08:30+00:00","mainEntityOfPage":{"@id":"https:\/\/utel.mx\/blog\/menu-profesional\/que-es-la-comunicacion-organizacional\/"},"wordCount":405,"publisher":{"@id":"https:\/\/utel.mx\/blog\/#organization"},"image":{"@id":"https:\/\/utel.mx\/blog\/menu-profesional\/que-es-la-comunicacion-organizacional\/#primaryimage"},"thumbnailUrl":"https:\/\/utel.mx\/blog\/wp-content\/uploads\/2017\/03\/Que-es-la-comunicacion-organizacional.jpg","articleSection":["Formaci\u00f3n profesional"],"inLanguage":"es"},{"@type":"WebPage","@id":"https:\/\/utel.mx\/blog\/menu-profesional\/que-es-la-comunicacion-organizacional\/","url":"https:\/\/utel.mx\/blog\/menu-profesional\/que-es-la-comunicacion-organizacional\/","name":"\u00bfQu\u00e9 es la Comunicaci\u00f3n organizacional? - BLOG | Utel","isPartOf":{"@id":"https:\/\/utel.mx\/blog\/#website"},"primaryImageOfPage":{"@id":"https:\/\/utel.mx\/blog\/menu-profesional\/que-es-la-comunicacion-organizacional\/#primaryimage"},"image":{"@id":"https:\/\/utel.mx\/blog\/menu-profesional\/que-es-la-comunicacion-organizacional\/#primaryimage"},"thumbnailUrl":"https:\/\/utel.mx\/blog\/wp-content\/uploads\/2017\/03\/Que-es-la-comunicacion-organizacional.jpg","datePublished":"2017-03-24T19:11:54+00:00","dateModified":"2023-03-10T17:08:30+00:00","description":"\u00bfQu\u00e9 es la comunicaci\u00f3n organizacional? nos preguntaremos todos. El el siguiente Blog UTEL te contamos m\u00e1s sobre el tema.","breadcrumb":{"@id":"https:\/\/utel.mx\/blog\/menu-profesional\/que-es-la-comunicacion-organizacional\/#breadcrumb"},"inLanguage":"es","potentialAction":[{"@type":"ReadAction","target":["https:\/\/utel.mx\/blog\/menu-profesional\/que-es-la-comunicacion-organizacional\/"]}]},{"@type":"ImageObject","inLanguage":"es","@id":"https:\/\/utel.mx\/blog\/menu-profesional\/que-es-la-comunicacion-organizacional\/#primaryimage","url":"https:\/\/utel.mx\/blog\/wp-content\/uploads\/2017\/03\/Que-es-la-comunicacion-organizacional.jpg","contentUrl":"https:\/\/utel.mx\/blog\/wp-content\/uploads\/2017\/03\/Que-es-la-comunicacion-organizacional.jpg","width":600,"height":300,"caption":"Qu\u00e9 es la comunicaci\u00f3n organizacional"},{"@type":"BreadcrumbList","@id":"https:\/\/utel.mx\/blog\/menu-profesional\/que-es-la-comunicacion-organizacional\/#breadcrumb","itemListElement":[{"@type":"ListItem","position":1,"name":"Home","item":"https:\/\/utel.mx\/blog\/"},{"@type":"ListItem","position":2,"name":"\u00bfQu\u00e9 es la Comunicaci\u00f3n organizacional?"}]},{"@type":"WebSite","@id":"https:\/\/utel.mx\/blog\/#website","url":"https:\/\/utel.mx\/blog\/","name":"BLOG | Utel","description":"Blog UTEL Universidad en L\u00ednea","publisher":{"@id":"https:\/\/utel.mx\/blog\/#organization"},"potentialAction":[{"@type":"SearchAction","target":{"@type":"EntryPoint","urlTemplate":"https:\/\/utel.mx\/blog\/?s={search_term_string}"},"query-input":{"@type":"PropertyValueSpecification","valueRequired":true,"valueName":"search_term_string"}}],"inLanguage":"es"},{"@type":"Organization","@id":"https:\/\/utel.mx\/blog\/#organization","name":"BLOG | Utel","url":"https:\/\/utel.mx\/blog\/","logo":{"@type":"ImageObject","inLanguage":"es","@id":"https:\/\/utel.mx\/blog\/#\/schema\/logo\/image\/","url":"https:\/\/utel.mx\/blog\/wp-content\/uploads\/2023\/03\/cropped-logo-blog.png","contentUrl":"https:\/\/utel.mx\/blog\/wp-content\/uploads\/2023\/03\/cropped-logo-blog.png","width":237,"height":64,"caption":"BLOG | Utel"},"image":{"@id":"https:\/\/utel.mx\/blog\/#\/schema\/logo\/image\/"}},{"@type":"Person","@id":"https:\/\/utel.mx\/blog\/#\/schema\/person\/0f0496c771b5461de6acbe1f031b6722","name":"Editorial","image":{"@type":"ImageObject","inLanguage":"es","@id":"https:\/\/utel.mx\/blog\/#\/schema\/person\/image\/","url":"https:\/\/secure.gravatar.com\/avatar\/5e01284944bd93d83b0c62fb4fead2d0?s=96&d=mm&r=g","contentUrl":"https:\/\/secure.gravatar.com\/avatar\/5e01284944bd93d83b0c62fb4fead2d0?s=96&d=mm&r=g","caption":"Editorial"},"description":"Colaboraciones editoriales de autores interesados en educaci\u00f3n en l\u00ednea, tecnolog\u00eda, innovaci\u00f3n educativa, emprendimiento, entre otros."}]}},"_links":{"self":[{"href":"https:\/\/utel.mx\/blog\/wp-json\/wp\/v2\/posts\/24203","targetHints":{"allow":["GET"]}}],"collection":[{"href":"https:\/\/utel.mx\/blog\/wp-json\/wp\/v2\/posts"}],"about":[{"href":"https:\/\/utel.mx\/blog\/wp-json\/wp\/v2\/types\/post"}],"author":[{"embeddable":true,"href":"https:\/\/utel.mx\/blog\/wp-json\/wp\/v2\/users\/1"}],"replies":[{"embeddable":true,"href":"https:\/\/utel.mx\/blog\/wp-json\/wp\/v2\/comments?post=24203"}],"version-history":[{"count":4,"href":"https:\/\/utel.mx\/blog\/wp-json\/wp\/v2\/posts\/24203\/revisions"}],"predecessor-version":[{"id":40304,"href":"https:\/\/utel.mx\/blog\/wp-json\/wp\/v2\/posts\/24203\/revisions\/40304"}],"wp:featuredmedia":[{"embeddable":true,"href":"https:\/\/utel.mx\/blog\/wp-json\/wp\/v2\/media\/40303"}],"wp:attachment":[{"href":"https:\/\/utel.mx\/blog\/wp-json\/wp\/v2\/media?parent=24203"}],"wp:term":[{"taxonomy":"category","embeddable":true,"href":"https:\/\/utel.mx\/blog\/wp-json\/wp\/v2\/categories?post=24203"},{"taxonomy":"post_tag","embeddable":true,"href":"https:\/\/utel.mx\/blog\/wp-json\/wp\/v2\/tags?post=24203"}],"curies":[{"name":"wp","href":"https:\/\/api.w.org\/{rel}","templated":true}]}}