{"id":25139,"date":"2017-05-23T16:09:15","date_gmt":"2017-05-23T16:09:15","guid":{"rendered":"http:\/\/utel.mx\/blog\/?p=25139"},"modified":"2023-03-10T17:08:19","modified_gmt":"2023-03-10T17:08:19","slug":"23-de-mayo-dia-del-estudiante","status":"publish","type":"post","link":"https:\/\/utel.mx\/blog\/dia-a-dia\/23-de-mayo-dia-del-estudiante\/","title":{"rendered":"23 de mayo: D\u00eda del estudiante"},"content":{"rendered":"<p style=\"text-align: justify;\">Desde hace 88 a\u00f1os, en M\u00e9xico se celebra el <strong>D\u00eda del Estudiante<\/strong>. Su origen data de una serie de eventos y protestas estudiantiles que se suscitaron en la entonces <strong>Real y Pontificia Universidad de M\u00e9xico<\/strong>, actualmente la <strong>Universidad Nacional Aut\u00f3noma de M\u00e9xico<\/strong> (UNAM), acontecimientos que \u00a0derivaron en el reconocimiento de la autonom\u00eda de la universidad.<\/p>\n<p style=\"text-align: justify;\">A partir de entonces, se solicit\u00f3 que aquella fecha fuera asignada para conmemorar a todos los estudiantes, que lograron forzar a las autoridades a cumplir con las demandas del alumnado y como reconocimiento a\u00a0la importancia del alumno dentro del proceso\u00a0educativo.\u00a0A pesar de no tratarse de un d\u00eda oficial de suspensi\u00f3n de labores, se acostumbra\u00a0realizar celebraciones dentro de planteles educativos de todos los niveles.<\/p>\n<p style=\"text-align: justify;\">El D\u00eda del Estudiante se celebra en diversos lugares del mundo, en diferentes fechas. En pa\u00edses como en Argentina se festeja el 21 de septiembre y en el caso particular de Chile, se le conoce como el D\u00eda del Alumno, siendo el 11 de mayo la fecha destinada para la celebraci\u00f3n.<\/p>\n<p style=\"text-align: justify;\">Una persona comienza su trayectoria estudiantil entorno a los 3 a\u00f1os de edad en el jard\u00edn de ni\u00f1os y en realidad, no existe una edad para dejar de ser un estudiante, ya que en cualquier etapa de la vida se puede continuar con los estudios: especializaciones universitarias, cursos, talleres, idiomas, etc. Cualquier tema o actividad es buena para ser estudiada y siempre ser\u00e1 una fuente importante para enriquecer al ser humano.<\/p>\n<p style=\"text-align: justify;\"><strong>UTEL Editorial<\/strong><\/p>\n<p style=\"text-align: center;\"><a href=\"https:\/\/goo.gl\/ldya6t\"><img fetchpriority=\"high\" decoding=\"async\" class=\"alignnone wp-image-25148 size-full\" src=\"http:\/\/utel.mx\/blog\/wp-content\/uploads\/2017\/05\/6.jpg\" alt=\"\" width=\"647\" height=\"311\" srcset=\"https:\/\/utel.mx\/blog\/wp-content\/uploads\/2017\/05\/6.jpg 647w, https:\/\/utel.mx\/blog\/wp-content\/uploads\/2017\/05\/6-300x144.jpg 300w, https:\/\/utel.mx\/blog\/wp-content\/uploads\/2017\/05\/6-200x96.jpg 200w, https:\/\/utel.mx\/blog\/wp-content\/uploads\/2017\/05\/6-600x288.jpg 600w\" sizes=\"(max-width: 647px) 100vw, 647px\" \/><\/a><\/p>\n<h3 class=\"r\"><span style=\"color: #85c14d;\">Quiz\u00e1 te pueda interesar: <a href=\"http:\/\/utel.mx\/blog\/rol-personal\/dia-del-estudiante-que-significa-ser-alumno-en-linea\/\">\u00abD\u00eda del Estudiante: \u00bfQu\u00e9 significa ser alumno en l\u00ednea?\u00bb<\/a><\/span><\/h3>\n<div id=\"advads-2415299242\" class=\"advads-cta-lp-banner-form advads-entity-placement\"><a href=\"https:\/\/utel.mx\/blog\/admisiones-universidad-online\/?utm_source=blog&#038;utm_medium=CTAlink&#038;utm_campaign=MKTseo\" aria-label=\"Universidad en linea\"><img src=\"https:\/\/utel.mx\/blog\/wp-content\/uploads\/2025\/04\/universidad-en-linea-1.png\" alt=\"Universidad en linea\"  srcset=\"https:\/\/utel.mx\/blog\/wp-content\/uploads\/2025\/04\/universidad-en-linea-1.png 626w, https:\/\/utel.mx\/blog\/wp-content\/uploads\/2025\/04\/universidad-en-linea-1-420x168.png 420w\" sizes=\"(max-width: 626px) 100vw, 626px\" width=\"626\" height=\"250\"   \/><\/a><\/div>","protected":false},"excerpt":{"rendered":"<p> [&hellip;]<\/p>\n","protected":false},"author":40,"featured_media":25140,"comment_status":"closed","ping_status":"open","sticky":false,"template":"","format":"standard","meta":{"_acf_changed":false,"site-sidebar-layout":"default","site-content-layout":"","ast-site-content-layout":"","site-content-style":"default","site-sidebar-style":"default","ast-global-header-display":"","ast-banner-title-visibility":"","ast-main-header-display":"","ast-hfb-above-header-display":"","ast-hfb-below-header-display":"","ast-hfb-mobile-header-display":"","site-post-title":"","ast-breadcrumbs-content":"","ast-featured-img":"","footer-sml-layout":"","theme-transparent-header-meta":"","adv-header-id-meta":"","stick-header-meta":"","header-above-stick-meta":"","header-main-stick-meta":"","header-below-stick-meta":"","astra-migrate-meta-layouts":"default","ast-page-background-enabled":"default","ast-page-background-meta":{"desktop":{"background-color":"var(--ast-global-color-4)","background-image":"","background-repeat":"repeat","background-position":"center center","background-size":"auto","background-attachment":"scroll","background-type":"","background-media":"","overlay-type":"","overlay-color":"","overlay-gradient":""},"tablet":{"background-color":"","background-image":"","background-repeat":"repeat","background-position":"center center","background-size":"auto","background-attachment":"scroll","background-type":"","background-media":"","overlay-type":"","overlay-color":"","overlay-gradient":""},"mobile":{"background-color":"","background-image":"","background-repeat":"repeat","background-position":"center center","background-size":"auto","background-attachment":"scroll","background-type":"","background-media":"","overlay-type":"","overlay-color":"","overlay-gradient":""}},"ast-content-background-meta":{"desktop":{"background-color":"var(--ast-global-color-5)","background-image":"","background-repeat":"repeat","background-position":"center center","background-size":"auto","background-attachment":"scroll","background-type":"","background-media":"","overlay-type":"","overlay-color":"","overlay-gradient":""},"tablet":{"background-color":"var(--ast-global-color-5)","background-image":"","background-repeat":"repeat","background-position":"center center","background-size":"auto","background-attachment":"scroll","background-type":"","background-media":"","overlay-type":"","overlay-color":"","overlay-gradient":""},"mobile":{"background-color":"var(--ast-global-color-5)","background-image":"","background-repeat":"repeat","background-position":"center center","background-size":"auto","background-attachment":"scroll","background-type":"","background-media":"","overlay-type":"","overlay-color":"","overlay-gradient":""}},"footnotes":""},"categories":[3163],"tags":[],"class_list":["post-25139","post","type-post","status-publish","format-standard","has-post-thumbnail","hentry","category-dia-a-dia"],"acf":[],"yoast_head":"<!-- This site is optimized with the Yoast SEO plugin v26.8 - https:\/\/yoast.com\/product\/yoast-seo-wordpress\/ -->\n<title>23 de mayo: D\u00eda del estudiante - BLOG | Utel<\/title>\n<meta name=\"description\" content=\"Conoce cu\u00e1l es el origen e importancia de la celebraci\u00f3n del D\u00eda del Estudiante en M\u00e9xico.\" \/>\n<meta name=\"robots\" content=\"index, follow, max-snippet:-1, max-image-preview:large, max-video-preview:-1\" \/>\n<link rel=\"canonical\" href=\"https:\/\/utel.mx\/blog\/dia-a-dia\/23-de-mayo-dia-del-estudiante\/\" \/>\n<meta property=\"og:locale\" content=\"es_ES\" \/>\n<meta property=\"og:type\" content=\"article\" \/>\n<meta property=\"og:title\" content=\"23 de mayo: D\u00eda del estudiante - BLOG | Utel\" \/>\n<meta property=\"og:description\" content=\"Conoce cu\u00e1l es el origen e importancia de la celebraci\u00f3n del D\u00eda del Estudiante en M\u00e9xico.\" \/>\n<meta property=\"og:url\" content=\"https:\/\/utel.mx\/blog\/dia-a-dia\/23-de-mayo-dia-del-estudiante\/\" \/>\n<meta property=\"og:site_name\" content=\"BLOG | Utel\" \/>\n<meta property=\"article:published_time\" content=\"2017-05-23T16:09:15+00:00\" \/>\n<meta property=\"article:modified_time\" content=\"2023-03-10T17:08:19+00:00\" \/>\n<meta property=\"og:image\" content=\"https:\/\/utel.mx\/blog\/wp-content\/uploads\/2017\/05\/ESTUDIANTE.jpg\" \/>\n\t<meta property=\"og:image:width\" content=\"600\" \/>\n\t<meta property=\"og:image:height\" content=\"300\" \/>\n\t<meta property=\"og:image:type\" content=\"image\/jpeg\" \/>\n<meta name=\"author\" content=\"Invitados UTEL\" \/>\n<meta name=\"twitter:label1\" content=\"Written by\" \/>\n\t<meta name=\"twitter:data1\" content=\"Invitados UTEL\" \/>\n\t<meta name=\"twitter:label2\" content=\"Est. reading time\" \/>\n\t<meta name=\"twitter:data2\" content=\"1 minuto\" \/>\n<script type=\"application\/ld+json\" class=\"yoast-schema-graph\">{\"@context\":\"https:\/\/schema.org\",\"@graph\":[{\"@type\":\"Article\",\"@id\":\"https:\/\/utel.mx\/blog\/dia-a-dia\/23-de-mayo-dia-del-estudiante\/#article\",\"isPartOf\":{\"@id\":\"https:\/\/utel.mx\/blog\/dia-a-dia\/23-de-mayo-dia-del-estudiante\/\"},\"author\":{\"name\":\"Invitados UTEL\",\"@id\":\"https:\/\/utel.mx\/blog\/#\/schema\/person\/e5b3d8d918f13bd0b0f4724daa90dd95\"},\"headline\":\"23 de mayo: D\u00eda del estudiante\",\"datePublished\":\"2017-05-23T16:09:15+00:00\",\"dateModified\":\"2023-03-10T17:08:19+00:00\",\"mainEntityOfPage\":{\"@id\":\"https:\/\/utel.mx\/blog\/dia-a-dia\/23-de-mayo-dia-del-estudiante\/\"},\"wordCount\":279,\"publisher\":{\"@id\":\"https:\/\/utel.mx\/blog\/#organization\"},\"image\":{\"@id\":\"https:\/\/utel.mx\/blog\/dia-a-dia\/23-de-mayo-dia-del-estudiante\/#primaryimage\"},\"thumbnailUrl\":\"https:\/\/utel.mx\/blog\/wp-content\/uploads\/2017\/05\/ESTUDIANTE.jpg\",\"articleSection\":[\"D\u00eda a d\u00eda\"],\"inLanguage\":\"es\"},{\"@type\":\"WebPage\",\"@id\":\"https:\/\/utel.mx\/blog\/dia-a-dia\/23-de-mayo-dia-del-estudiante\/\",\"url\":\"https:\/\/utel.mx\/blog\/dia-a-dia\/23-de-mayo-dia-del-estudiante\/\",\"name\":\"23 de mayo: D\u00eda del estudiante - BLOG | Utel\",\"isPartOf\":{\"@id\":\"https:\/\/utel.mx\/blog\/#website\"},\"primaryImageOfPage\":{\"@id\":\"https:\/\/utel.mx\/blog\/dia-a-dia\/23-de-mayo-dia-del-estudiante\/#primaryimage\"},\"image\":{\"@id\":\"https:\/\/utel.mx\/blog\/dia-a-dia\/23-de-mayo-dia-del-estudiante\/#primaryimage\"},\"thumbnailUrl\":\"https:\/\/utel.mx\/blog\/wp-content\/uploads\/2017\/05\/ESTUDIANTE.jpg\",\"datePublished\":\"2017-05-23T16:09:15+00:00\",\"dateModified\":\"2023-03-10T17:08:19+00:00\",\"description\":\"Conoce cu\u00e1l es el origen e importancia de la celebraci\u00f3n del D\u00eda del Estudiante en M\u00e9xico.\",\"breadcrumb\":{\"@id\":\"https:\/\/utel.mx\/blog\/dia-a-dia\/23-de-mayo-dia-del-estudiante\/#breadcrumb\"},\"inLanguage\":\"es\",\"potentialAction\":[{\"@type\":\"ReadAction\",\"target\":[\"https:\/\/utel.mx\/blog\/dia-a-dia\/23-de-mayo-dia-del-estudiante\/\"]}]},{\"@type\":\"ImageObject\",\"inLanguage\":\"es\",\"@id\":\"https:\/\/utel.mx\/blog\/dia-a-dia\/23-de-mayo-dia-del-estudiante\/#primaryimage\",\"url\":\"https:\/\/utel.mx\/blog\/wp-content\/uploads\/2017\/05\/ESTUDIANTE.jpg\",\"contentUrl\":\"https:\/\/utel.mx\/blog\/wp-content\/uploads\/2017\/05\/ESTUDIANTE.jpg\",\"width\":600,\"height\":300,\"caption\":\"23 de mayo: D\u00eda del estudiante\"},{\"@type\":\"BreadcrumbList\",\"@id\":\"https:\/\/utel.mx\/blog\/dia-a-dia\/23-de-mayo-dia-del-estudiante\/#breadcrumb\",\"itemListElement\":[{\"@type\":\"ListItem\",\"position\":1,\"name\":\"Home\",\"item\":\"https:\/\/utel.mx\/blog\/\"},{\"@type\":\"ListItem\",\"position\":2,\"name\":\"23 de mayo: D\u00eda del estudiante\"}]},{\"@type\":\"WebSite\",\"@id\":\"https:\/\/utel.mx\/blog\/#website\",\"url\":\"https:\/\/utel.mx\/blog\/\",\"name\":\"BLOG | Utel\",\"description\":\"Blog UTEL Universidad en L\u00ednea\",\"publisher\":{\"@id\":\"https:\/\/utel.mx\/blog\/#organization\"},\"potentialAction\":[{\"@type\":\"SearchAction\",\"target\":{\"@type\":\"EntryPoint\",\"urlTemplate\":\"https:\/\/utel.mx\/blog\/?s={search_term_string}\"},\"query-input\":{\"@type\":\"PropertyValueSpecification\",\"valueRequired\":true,\"valueName\":\"search_term_string\"}}],\"inLanguage\":\"es\"},{\"@type\":\"Organization\",\"@id\":\"https:\/\/utel.mx\/blog\/#organization\",\"name\":\"BLOG | Utel\",\"url\":\"https:\/\/utel.mx\/blog\/\",\"logo\":{\"@type\":\"ImageObject\",\"inLanguage\":\"es\",\"@id\":\"https:\/\/utel.mx\/blog\/#\/schema\/logo\/image\/\",\"url\":\"https:\/\/utel.mx\/blog\/wp-content\/uploads\/2023\/03\/cropped-logo-blog.png\",\"contentUrl\":\"https:\/\/utel.mx\/blog\/wp-content\/uploads\/2023\/03\/cropped-logo-blog.png\",\"width\":237,\"height\":64,\"caption\":\"BLOG | Utel\"},\"image\":{\"@id\":\"https:\/\/utel.mx\/blog\/#\/schema\/logo\/image\/\"}},{\"@type\":\"Person\",\"@id\":\"https:\/\/utel.mx\/blog\/#\/schema\/person\/e5b3d8d918f13bd0b0f4724daa90dd95\",\"name\":\"Invitados UTEL\",\"image\":{\"@type\":\"ImageObject\",\"inLanguage\":\"es\",\"@id\":\"https:\/\/utel.mx\/blog\/#\/schema\/person\/image\/\",\"url\":\"https:\/\/secure.gravatar.com\/avatar\/781456f1128be5a332ab27ea8b902597?s=96&d=mm&r=g\",\"contentUrl\":\"https:\/\/secure.gravatar.com\/avatar\/781456f1128be5a332ab27ea8b902597?s=96&d=mm&r=g\",\"caption\":\"Invitados UTEL\"},\"description\":\"Invitados . Colaboraciones por parte de invitados de la Comunidad UTEL\"}]}<\/script>\n<!-- \/ Yoast SEO plugin. -->","yoast_head_json":{"title":"23 de mayo: D\u00eda del estudiante - BLOG | Utel","description":"Conoce cu\u00e1l es el origen e importancia de la celebraci\u00f3n del D\u00eda del Estudiante en M\u00e9xico.","robots":{"index":"index","follow":"follow","max-snippet":"max-snippet:-1","max-image-preview":"max-image-preview:large","max-video-preview":"max-video-preview:-1"},"canonical":"https:\/\/utel.mx\/blog\/dia-a-dia\/23-de-mayo-dia-del-estudiante\/","og_locale":"es_ES","og_type":"article","og_title":"23 de mayo: D\u00eda del estudiante - BLOG | Utel","og_description":"Conoce cu\u00e1l es el origen e importancia de la celebraci\u00f3n del D\u00eda del Estudiante en M\u00e9xico.","og_url":"https:\/\/utel.mx\/blog\/dia-a-dia\/23-de-mayo-dia-del-estudiante\/","og_site_name":"BLOG | Utel","article_published_time":"2017-05-23T16:09:15+00:00","article_modified_time":"2023-03-10T17:08:19+00:00","og_image":[{"width":600,"height":300,"url":"https:\/\/utel.mx\/blog\/wp-content\/uploads\/2017\/05\/ESTUDIANTE.jpg","type":"image\/jpeg"}],"author":"Invitados UTEL","twitter_misc":{"Written by":"Invitados UTEL","Est. reading time":"1 minuto"},"schema":{"@context":"https:\/\/schema.org","@graph":[{"@type":"Article","@id":"https:\/\/utel.mx\/blog\/dia-a-dia\/23-de-mayo-dia-del-estudiante\/#article","isPartOf":{"@id":"https:\/\/utel.mx\/blog\/dia-a-dia\/23-de-mayo-dia-del-estudiante\/"},"author":{"name":"Invitados UTEL","@id":"https:\/\/utel.mx\/blog\/#\/schema\/person\/e5b3d8d918f13bd0b0f4724daa90dd95"},"headline":"23 de mayo: D\u00eda del estudiante","datePublished":"2017-05-23T16:09:15+00:00","dateModified":"2023-03-10T17:08:19+00:00","mainEntityOfPage":{"@id":"https:\/\/utel.mx\/blog\/dia-a-dia\/23-de-mayo-dia-del-estudiante\/"},"wordCount":279,"publisher":{"@id":"https:\/\/utel.mx\/blog\/#organization"},"image":{"@id":"https:\/\/utel.mx\/blog\/dia-a-dia\/23-de-mayo-dia-del-estudiante\/#primaryimage"},"thumbnailUrl":"https:\/\/utel.mx\/blog\/wp-content\/uploads\/2017\/05\/ESTUDIANTE.jpg","articleSection":["D\u00eda a d\u00eda"],"inLanguage":"es"},{"@type":"WebPage","@id":"https:\/\/utel.mx\/blog\/dia-a-dia\/23-de-mayo-dia-del-estudiante\/","url":"https:\/\/utel.mx\/blog\/dia-a-dia\/23-de-mayo-dia-del-estudiante\/","name":"23 de mayo: D\u00eda del estudiante - BLOG | Utel","isPartOf":{"@id":"https:\/\/utel.mx\/blog\/#website"},"primaryImageOfPage":{"@id":"https:\/\/utel.mx\/blog\/dia-a-dia\/23-de-mayo-dia-del-estudiante\/#primaryimage"},"image":{"@id":"https:\/\/utel.mx\/blog\/dia-a-dia\/23-de-mayo-dia-del-estudiante\/#primaryimage"},"thumbnailUrl":"https:\/\/utel.mx\/blog\/wp-content\/uploads\/2017\/05\/ESTUDIANTE.jpg","datePublished":"2017-05-23T16:09:15+00:00","dateModified":"2023-03-10T17:08:19+00:00","description":"Conoce cu\u00e1l es el origen e importancia de la celebraci\u00f3n del D\u00eda del Estudiante en M\u00e9xico.","breadcrumb":{"@id":"https:\/\/utel.mx\/blog\/dia-a-dia\/23-de-mayo-dia-del-estudiante\/#breadcrumb"},"inLanguage":"es","potentialAction":[{"@type":"ReadAction","target":["https:\/\/utel.mx\/blog\/dia-a-dia\/23-de-mayo-dia-del-estudiante\/"]}]},{"@type":"ImageObject","inLanguage":"es","@id":"https:\/\/utel.mx\/blog\/dia-a-dia\/23-de-mayo-dia-del-estudiante\/#primaryimage","url":"https:\/\/utel.mx\/blog\/wp-content\/uploads\/2017\/05\/ESTUDIANTE.jpg","contentUrl":"https:\/\/utel.mx\/blog\/wp-content\/uploads\/2017\/05\/ESTUDIANTE.jpg","width":600,"height":300,"caption":"23 de mayo: D\u00eda del estudiante"},{"@type":"BreadcrumbList","@id":"https:\/\/utel.mx\/blog\/dia-a-dia\/23-de-mayo-dia-del-estudiante\/#breadcrumb","itemListElement":[{"@type":"ListItem","position":1,"name":"Home","item":"https:\/\/utel.mx\/blog\/"},{"@type":"ListItem","position":2,"name":"23 de mayo: D\u00eda del estudiante"}]},{"@type":"WebSite","@id":"https:\/\/utel.mx\/blog\/#website","url":"https:\/\/utel.mx\/blog\/","name":"BLOG | Utel","description":"Blog UTEL Universidad en L\u00ednea","publisher":{"@id":"https:\/\/utel.mx\/blog\/#organization"},"potentialAction":[{"@type":"SearchAction","target":{"@type":"EntryPoint","urlTemplate":"https:\/\/utel.mx\/blog\/?s={search_term_string}"},"query-input":{"@type":"PropertyValueSpecification","valueRequired":true,"valueName":"search_term_string"}}],"inLanguage":"es"},{"@type":"Organization","@id":"https:\/\/utel.mx\/blog\/#organization","name":"BLOG | Utel","url":"https:\/\/utel.mx\/blog\/","logo":{"@type":"ImageObject","inLanguage":"es","@id":"https:\/\/utel.mx\/blog\/#\/schema\/logo\/image\/","url":"https:\/\/utel.mx\/blog\/wp-content\/uploads\/2023\/03\/cropped-logo-blog.png","contentUrl":"https:\/\/utel.mx\/blog\/wp-content\/uploads\/2023\/03\/cropped-logo-blog.png","width":237,"height":64,"caption":"BLOG | Utel"},"image":{"@id":"https:\/\/utel.mx\/blog\/#\/schema\/logo\/image\/"}},{"@type":"Person","@id":"https:\/\/utel.mx\/blog\/#\/schema\/person\/e5b3d8d918f13bd0b0f4724daa90dd95","name":"Invitados UTEL","image":{"@type":"ImageObject","inLanguage":"es","@id":"https:\/\/utel.mx\/blog\/#\/schema\/person\/image\/","url":"https:\/\/secure.gravatar.com\/avatar\/781456f1128be5a332ab27ea8b902597?s=96&d=mm&r=g","contentUrl":"https:\/\/secure.gravatar.com\/avatar\/781456f1128be5a332ab27ea8b902597?s=96&d=mm&r=g","caption":"Invitados UTEL"},"description":"Invitados . Colaboraciones por parte de invitados de la Comunidad UTEL"}]}},"_links":{"self":[{"href":"https:\/\/utel.mx\/blog\/wp-json\/wp\/v2\/posts\/25139","targetHints":{"allow":["GET"]}}],"collection":[{"href":"https:\/\/utel.mx\/blog\/wp-json\/wp\/v2\/posts"}],"about":[{"href":"https:\/\/utel.mx\/blog\/wp-json\/wp\/v2\/types\/post"}],"author":[{"embeddable":true,"href":"https:\/\/utel.mx\/blog\/wp-json\/wp\/v2\/users\/40"}],"replies":[{"embeddable":true,"href":"https:\/\/utel.mx\/blog\/wp-json\/wp\/v2\/comments?post=25139"}],"version-history":[{"count":1,"href":"https:\/\/utel.mx\/blog\/wp-json\/wp\/v2\/posts\/25139\/revisions"}],"predecessor-version":[{"id":45988,"href":"https:\/\/utel.mx\/blog\/wp-json\/wp\/v2\/posts\/25139\/revisions\/45988"}],"wp:featuredmedia":[{"embeddable":true,"href":"https:\/\/utel.mx\/blog\/wp-json\/wp\/v2\/media\/25140"}],"wp:attachment":[{"href":"https:\/\/utel.mx\/blog\/wp-json\/wp\/v2\/media?parent=25139"}],"wp:term":[{"taxonomy":"category","embeddable":true,"href":"https:\/\/utel.mx\/blog\/wp-json\/wp\/v2\/categories?post=25139"},{"taxonomy":"post_tag","embeddable":true,"href":"https:\/\/utel.mx\/blog\/wp-json\/wp\/v2\/tags?post=25139"}],"curies":[{"name":"wp","href":"https:\/\/api.w.org\/{rel}","templated":true}]}}