{"id":2770,"date":"2013-09-12T20:53:34","date_gmt":"2013-09-12T20:53:34","guid":{"rendered":"http:\/\/utel.mx\/blog\/?p=2770"},"modified":"2023-03-10T16:54:59","modified_gmt":"2023-03-10T16:54:59","slug":"el-uso-correcto-de-la-c-s-z","status":"publish","type":"post","link":"https:\/\/utel.mx\/blog\/10-consejos-para\/el-uso-correcto-de-la-c-s-z\/","title":{"rendered":"Uso de la C, S, Z"},"content":{"rendered":"<p style=\"text-align: justify;\"><span style=\"color: #000000;\">Hacer un\u00a0buen uso de la ortograf\u00eda distingue y da seriedad al contenido de cualquier texto, por ello es importante conocer y manejar adecuadamente las reglas gramaticales y ortogr\u00e1ficas.<\/span><\/p>\n<p><span style=\"color: #000000;\">Entre los beneficios de hacer un uso correcto de las diversas reglas gramaticales, est\u00e1 que te ayudar\u00e1 a que los textos sean de mejor calidad, sin necesidad de utilizar un vocabulario tan elaborado.<\/span><\/p>\n<h2><span style=\"color: #000000;\"><i><\/i>\u00bfCu\u00e1les son las reglas ortogr\u00e1ficas para el uso de la C, S, Z?<\/span><\/h2>\n<p style=\"text-align: justify;\"><span style=\"color: #000000;\"><b>El uso de la C<\/b><\/span><\/p>\n<p style=\"text-align: justify;\"><span style=\"color: #000000;\">La C es la tercera letra del abecedario y su uso var\u00eda de acuerdo a cada palabra.<\/span><\/p>\n<p style=\"text-align: justify;\"><span style=\"color: #000000;\"><strong>\u2022<\/strong>\u00a0Normalmente su sonido depende de las vocales a, o y u, <em>por ejemplo: casa, cosas, cuerda, etc.<\/em>, o como las terminaciones: <em>cito, cita, cillo.<\/em><\/span><\/p>\n<p style=\"text-align: justify;\"><span style=\"color: #000000;\"><strong>\u2022<\/strong>\u00a0Aquellas palabras que termina en <strong>z<\/strong> y se cambia a plural, se escriben con \u201cc\u201d.\u00a0<em>Ejemplos: l\u00e1piz- l\u00e1pices o luz-luces.<\/em><\/span><\/p>\n<p style=\"text-align: justify;\"><span style=\"color: #000000;\"><strong>\u2022<\/strong>\u00a0Y por \u00faltimo,\u00a0<span style=\"line-height: 24px;\">siempre que el sustantivo termine\u00a0<\/span><span style=\"line-height: 24px;\">el <em>tor<\/em> y en <em>sor<\/em>, cambia a <\/span><em>\u201cci\u00f3n\u201d<\/em>.\u00a0<em>Ejemplos: destructor-destrucci\u00f3n, director-direcci\u00f3n.<\/em><\/span><\/p>\n<p style=\"text-align: justify;\"><span style=\"color: #000000;\"><b>El uso de la S<\/b><\/span><\/p>\n<p style=\"text-align: justify;\"><span style=\"color: #000000;\"><strong>\u2022<\/strong>\u00a0Palabras que terminan en \u201c<em>sivo<\/em>\u201d como intensivo o antidepresivo, con\u00a0algunas excepciones como\u00a0<em>nocivo\u00a0 y lascivo.<\/em><\/span><\/p>\n<p style=\"text-align: justify;\"><span style=\"color: #000000;\"><strong>\u2022<\/strong>\u00a0Tambi\u00e9n pueden tener terminaciones en:<\/span><\/p>\n<p style=\"text-align: justify;\"><span style=\"color: #000000;\"><em><strong>&#8211;\u00a0es-esa<\/strong> <\/em>como\u00a0finland\u00e9s-francesa<\/span><br \/>\n<span style=\"color: #000000;\"> <strong>&#8211;<\/strong>\u00a0<strong><em>esco-asco <\/em><\/strong>como\u00a0pintoresco,\u00a0 grotesco<\/span><br \/>\n<span style=\"color: #000000;\"> <strong>&#8211;<\/strong>\u00a0As\u00ed como los adjetivos en <strong>ismo <\/strong>como\u00a0alt\u00edsimo o grav\u00edsimo<\/span><\/p>\n<p style=\"text-align: justify;\"><span style=\"color: #000000;\"><b>El uso de la Z<\/b><\/span><\/p>\n<p style=\"text-align: justify;\"><span style=\"color: #000000;\"><strong>\u2022<\/strong>\u00a0La letra z, se utiliza cuando las palabras terminan en <em><strong>azo<\/strong><\/em>, como balazo.<\/span><\/p>\n<p style=\"text-align: justify;\"><span style=\"color: #000000;\"><strong>\u2022<\/strong>\u00a0Tambi\u00e9n con sustantivos como\u00a0 <em><strong>ez, eza<\/strong><\/em>, como gentileza-naturaleza-validez.<\/span><\/p>\n<p style=\"text-align: justify;\"><span style=\"color: #000000;\">Es com\u00fan que las letras<strong> z<\/strong> y\u00a0<strong>s<\/strong>\u00a0se utilicen con la mayor\u00eda de las vocales, en cambio el uso de la<strong> c<\/strong> se diferencia por el sonido:<\/span><\/p>\n<p style=\"text-align: justify;\"><span style=\"color: #000000;\">\u2022\u00a0Con la\u00a0 \u201ce\u201d y la \u201ci\u201d\u00a0 su sonido es mucho m\u00e1s suave.<\/span><br \/>\n<span style=\"color: #000000;\"> \u2022\u00a0En cambio con la \u201ca\u201d y \u00a0la \u201co\u201d suena mucho m\u00e1s fuerte.<\/span><\/p>\n<p style=\"text-align: justify;\"><span style=\"color: #000000;\">Elaborar un escrito o reporte que contenga una buena ortograf\u00eda<b>\u00a0<\/b>es de gran utilidad, puesto que alimenta\u00a0el crecimiento del personal dentro de la empresa tanto intelectual como profesionalmente.<\/span><\/p>\n<p style=\"text-align: justify;\"><span style=\"color: #333333;\"><span style=\"color: #000000;\">Cabe mencionar que no solo existen reglas sobre estos ejemplos antes mencionados, sino que tambi\u00e9n existen otras reglas puntuales como lo son en<\/span> <a style=\"color: #333333;\" title=\"\u00bfEn qu\u00e9 casos se utilizan las letras \u201cB\u201d y \u201cV\u201d?\" href=\"http:\/\/utel.mx\/blog\/10-consejos-para\/en-que-casos-se-utilizan-las-letras-b-y-v\/\"><span style=\"color: #008a5d;\">el uso de la B y V<\/span><span style=\"color: #000000;\">.<\/span><\/a><\/span><\/p>\n<p style=\"text-align: justify;\"><span style=\"color: #000000;\">Debemos decir que actualmente algunos programas o herramientas en l\u00ednea, como el correo electr\u00f3nico, redes sociales o la paqueter\u00eda de Office, dentro de su programaci\u00f3n contienen correctores autom\u00e1ticos que verifican en cualquier idioma si las palabras est\u00e1n correctamente escritas. Esto puede ser un arma de doble filo ya que puede\u00a0facilitar el buen uso de la ortograf\u00eda, o por otra parte dejar que este autocorrector haga nuestra tarea de usar las reglas ortogr\u00e1ficas de una buena manera.<\/span><\/p>\n<div id=\"advads-2486999342\" class=\"advads-cta-lp-banner-form advads-entity-placement\"><a href=\"https:\/\/utel.mx\/blog\/admisiones-universidad-online\/?utm_source=blog&#038;utm_medium=CTAlink&#038;utm_campaign=MKTseo\" aria-label=\"Universidad en linea\"><img src=\"https:\/\/utel.mx\/blog\/wp-content\/uploads\/2025\/04\/universidad-en-linea-1.png\" alt=\"Universidad en linea\"  srcset=\"https:\/\/utel.mx\/blog\/wp-content\/uploads\/2025\/04\/universidad-en-linea-1.png 626w, https:\/\/utel.mx\/blog\/wp-content\/uploads\/2025\/04\/universidad-en-linea-1-420x168.png 420w\" sizes=\"(max-width: 626px) 100vw, 626px\" width=\"626\" height=\"250\"   \/><\/a><\/div>","protected":false},"excerpt":{"rendered":"<p> [&hellip;]<\/p>\n","protected":false},"author":40,"featured_media":37927,"comment_status":"closed","ping_status":"open","sticky":false,"template":"","format":"standard","meta":{"_acf_changed":false,"site-sidebar-layout":"default","site-content-layout":"","ast-site-content-layout":"","site-content-style":"default","site-sidebar-style":"default","ast-global-header-display":"","ast-banner-title-visibility":"","ast-main-header-display":"","ast-hfb-above-header-display":"","ast-hfb-below-header-display":"","ast-hfb-mobile-header-display":"","site-post-title":"","ast-breadcrumbs-content":"","ast-featured-img":"","footer-sml-layout":"","theme-transparent-header-meta":"","adv-header-id-meta":"","stick-header-meta":"","header-above-stick-meta":"","header-main-stick-meta":"","header-below-stick-meta":"","astra-migrate-meta-layouts":"default","ast-page-background-enabled":"default","ast-page-background-meta":{"desktop":{"background-color":"var(--ast-global-color-4)","background-image":"","background-repeat":"repeat","background-position":"center center","background-size":"auto","background-attachment":"scroll","background-type":"","background-media":"","overlay-type":"","overlay-color":"","overlay-gradient":""},"tablet":{"background-color":"","background-image":"","background-repeat":"repeat","background-position":"center center","background-size":"auto","background-attachment":"scroll","background-type":"","background-media":"","overlay-type":"","overlay-color":"","overlay-gradient":""},"mobile":{"background-color":"","background-image":"","background-repeat":"repeat","background-position":"center center","background-size":"auto","background-attachment":"scroll","background-type":"","background-media":"","overlay-type":"","overlay-color":"","overlay-gradient":""}},"ast-content-background-meta":{"desktop":{"background-color":"var(--ast-global-color-5)","background-image":"","background-repeat":"repeat","background-position":"center center","background-size":"auto","background-attachment":"scroll","background-type":"","background-media":"","overlay-type":"","overlay-color":"","overlay-gradient":""},"tablet":{"background-color":"var(--ast-global-color-5)","background-image":"","background-repeat":"repeat","background-position":"center center","background-size":"auto","background-attachment":"scroll","background-type":"","background-media":"","overlay-type":"","overlay-color":"","overlay-gradient":""},"mobile":{"background-color":"var(--ast-global-color-5)","background-image":"","background-repeat":"repeat","background-position":"center center","background-size":"auto","background-attachment":"scroll","background-type":"","background-media":"","overlay-type":"","overlay-color":"","overlay-gradient":""}},"footnotes":""},"categories":[32],"tags":[],"class_list":["post-2770","post","type-post","status-publish","format-standard","has-post-thumbnail","hentry","category-10-consejos-para"],"acf":[],"yoast_head":"<!-- This site is optimized with the Yoast SEO plugin v26.8 - https:\/\/yoast.com\/product\/yoast-seo-wordpress\/ -->\n<title>Uso de la C, S, Z - BLOG | Utel<\/title>\n<meta name=\"description\" content=\"Conoce el uso correcto de la C, S, Z y mejora la calidad de tus escritos sin necesidad de utilizar un vocabulario rebuscado.\" \/>\n<meta name=\"robots\" content=\"index, follow, max-snippet:-1, max-image-preview:large, max-video-preview:-1\" \/>\n<link rel=\"canonical\" href=\"https:\/\/utel.mx\/blog\/10-consejos-para\/el-uso-correcto-de-la-c-s-z\/\" \/>\n<meta property=\"og:locale\" content=\"es_ES\" \/>\n<meta property=\"og:type\" content=\"article\" \/>\n<meta property=\"og:title\" content=\"Uso de la C, S, Z - BLOG | Utel\" \/>\n<meta property=\"og:description\" content=\"Conoce el uso correcto de la C, S, Z y mejora la calidad de tus escritos sin necesidad de utilizar un vocabulario rebuscado.\" \/>\n<meta property=\"og:url\" content=\"https:\/\/utel.mx\/blog\/10-consejos-para\/el-uso-correcto-de-la-c-s-z\/\" \/>\n<meta property=\"og:site_name\" content=\"BLOG | Utel\" \/>\n<meta property=\"article:published_time\" content=\"2013-09-12T20:53:34+00:00\" \/>\n<meta property=\"article:modified_time\" content=\"2023-03-10T16:54:59+00:00\" \/>\n<meta property=\"og:image\" content=\"https:\/\/utel.mx\/blog\/wp-content\/uploads\/2013\/09\/Uso-de-la-C-S-Z.jpg\" \/>\n\t<meta property=\"og:image:width\" content=\"600\" \/>\n\t<meta property=\"og:image:height\" content=\"300\" \/>\n\t<meta property=\"og:image:type\" content=\"image\/jpeg\" \/>\n<meta name=\"author\" content=\"Invitados UTEL\" \/>\n<meta name=\"twitter:label1\" content=\"Written by\" \/>\n\t<meta name=\"twitter:data1\" content=\"Invitados UTEL\" \/>\n\t<meta name=\"twitter:label2\" content=\"Est. reading time\" \/>\n\t<meta name=\"twitter:data2\" content=\"2 minutos\" \/>\n<script type=\"application\/ld+json\" class=\"yoast-schema-graph\">{\"@context\":\"https:\/\/schema.org\",\"@graph\":[{\"@type\":\"Article\",\"@id\":\"https:\/\/utel.mx\/blog\/10-consejos-para\/el-uso-correcto-de-la-c-s-z\/#article\",\"isPartOf\":{\"@id\":\"https:\/\/utel.mx\/blog\/10-consejos-para\/el-uso-correcto-de-la-c-s-z\/\"},\"author\":{\"name\":\"Invitados UTEL\",\"@id\":\"https:\/\/utel.mx\/blog\/#\/schema\/person\/e5b3d8d918f13bd0b0f4724daa90dd95\"},\"headline\":\"Uso de la C, S, Z\",\"datePublished\":\"2013-09-12T20:53:34+00:00\",\"dateModified\":\"2023-03-10T16:54:59+00:00\",\"mainEntityOfPage\":{\"@id\":\"https:\/\/utel.mx\/blog\/10-consejos-para\/el-uso-correcto-de-la-c-s-z\/\"},\"wordCount\":455,\"publisher\":{\"@id\":\"https:\/\/utel.mx\/blog\/#organization\"},\"image\":{\"@id\":\"https:\/\/utel.mx\/blog\/10-consejos-para\/el-uso-correcto-de-la-c-s-z\/#primaryimage\"},\"thumbnailUrl\":\"https:\/\/utel.mx\/blog\/wp-content\/uploads\/2013\/09\/Uso-de-la-C-S-Z.jpg\",\"articleSection\":[\"Tips\"],\"inLanguage\":\"es\"},{\"@type\":\"WebPage\",\"@id\":\"https:\/\/utel.mx\/blog\/10-consejos-para\/el-uso-correcto-de-la-c-s-z\/\",\"url\":\"https:\/\/utel.mx\/blog\/10-consejos-para\/el-uso-correcto-de-la-c-s-z\/\",\"name\":\"Uso de la C, S, Z - BLOG | Utel\",\"isPartOf\":{\"@id\":\"https:\/\/utel.mx\/blog\/#website\"},\"primaryImageOfPage\":{\"@id\":\"https:\/\/utel.mx\/blog\/10-consejos-para\/el-uso-correcto-de-la-c-s-z\/#primaryimage\"},\"image\":{\"@id\":\"https:\/\/utel.mx\/blog\/10-consejos-para\/el-uso-correcto-de-la-c-s-z\/#primaryimage\"},\"thumbnailUrl\":\"https:\/\/utel.mx\/blog\/wp-content\/uploads\/2013\/09\/Uso-de-la-C-S-Z.jpg\",\"datePublished\":\"2013-09-12T20:53:34+00:00\",\"dateModified\":\"2023-03-10T16:54:59+00:00\",\"description\":\"Conoce el uso correcto de la C, S, Z y mejora la calidad de tus escritos sin necesidad de utilizar un vocabulario rebuscado.\",\"breadcrumb\":{\"@id\":\"https:\/\/utel.mx\/blog\/10-consejos-para\/el-uso-correcto-de-la-c-s-z\/#breadcrumb\"},\"inLanguage\":\"es\",\"potentialAction\":[{\"@type\":\"ReadAction\",\"target\":[\"https:\/\/utel.mx\/blog\/10-consejos-para\/el-uso-correcto-de-la-c-s-z\/\"]}]},{\"@type\":\"ImageObject\",\"inLanguage\":\"es\",\"@id\":\"https:\/\/utel.mx\/blog\/10-consejos-para\/el-uso-correcto-de-la-c-s-z\/#primaryimage\",\"url\":\"https:\/\/utel.mx\/blog\/wp-content\/uploads\/2013\/09\/Uso-de-la-C-S-Z.jpg\",\"contentUrl\":\"https:\/\/utel.mx\/blog\/wp-content\/uploads\/2013\/09\/Uso-de-la-C-S-Z.jpg\",\"width\":600,\"height\":300,\"caption\":\"Uso de la C, S, Z\"},{\"@type\":\"BreadcrumbList\",\"@id\":\"https:\/\/utel.mx\/blog\/10-consejos-para\/el-uso-correcto-de-la-c-s-z\/#breadcrumb\",\"itemListElement\":[{\"@type\":\"ListItem\",\"position\":1,\"name\":\"Home\",\"item\":\"https:\/\/utel.mx\/blog\/\"},{\"@type\":\"ListItem\",\"position\":2,\"name\":\"Uso de la C, S, Z\"}]},{\"@type\":\"WebSite\",\"@id\":\"https:\/\/utel.mx\/blog\/#website\",\"url\":\"https:\/\/utel.mx\/blog\/\",\"name\":\"BLOG | Utel\",\"description\":\"Blog UTEL Universidad en L\u00ednea\",\"publisher\":{\"@id\":\"https:\/\/utel.mx\/blog\/#organization\"},\"potentialAction\":[{\"@type\":\"SearchAction\",\"target\":{\"@type\":\"EntryPoint\",\"urlTemplate\":\"https:\/\/utel.mx\/blog\/?s={search_term_string}\"},\"query-input\":{\"@type\":\"PropertyValueSpecification\",\"valueRequired\":true,\"valueName\":\"search_term_string\"}}],\"inLanguage\":\"es\"},{\"@type\":\"Organization\",\"@id\":\"https:\/\/utel.mx\/blog\/#organization\",\"name\":\"BLOG | Utel\",\"url\":\"https:\/\/utel.mx\/blog\/\",\"logo\":{\"@type\":\"ImageObject\",\"inLanguage\":\"es\",\"@id\":\"https:\/\/utel.mx\/blog\/#\/schema\/logo\/image\/\",\"url\":\"https:\/\/utel.mx\/blog\/wp-content\/uploads\/2023\/03\/cropped-logo-blog.png\",\"contentUrl\":\"https:\/\/utel.mx\/blog\/wp-content\/uploads\/2023\/03\/cropped-logo-blog.png\",\"width\":237,\"height\":64,\"caption\":\"BLOG | Utel\"},\"image\":{\"@id\":\"https:\/\/utel.mx\/blog\/#\/schema\/logo\/image\/\"}},{\"@type\":\"Person\",\"@id\":\"https:\/\/utel.mx\/blog\/#\/schema\/person\/e5b3d8d918f13bd0b0f4724daa90dd95\",\"name\":\"Invitados UTEL\",\"image\":{\"@type\":\"ImageObject\",\"inLanguage\":\"es\",\"@id\":\"https:\/\/utel.mx\/blog\/#\/schema\/person\/image\/\",\"url\":\"https:\/\/secure.gravatar.com\/avatar\/781456f1128be5a332ab27ea8b902597?s=96&d=mm&r=g\",\"contentUrl\":\"https:\/\/secure.gravatar.com\/avatar\/781456f1128be5a332ab27ea8b902597?s=96&d=mm&r=g\",\"caption\":\"Invitados UTEL\"},\"description\":\"Invitados . Colaboraciones por parte de invitados de la Comunidad UTEL\"}]}<\/script>\n<!-- \/ Yoast SEO plugin. -->","yoast_head_json":{"title":"Uso de la C, S, Z - BLOG | Utel","description":"Conoce el uso correcto de la C, S, Z y mejora la calidad de tus escritos sin necesidad de utilizar un vocabulario rebuscado.","robots":{"index":"index","follow":"follow","max-snippet":"max-snippet:-1","max-image-preview":"max-image-preview:large","max-video-preview":"max-video-preview:-1"},"canonical":"https:\/\/utel.mx\/blog\/10-consejos-para\/el-uso-correcto-de-la-c-s-z\/","og_locale":"es_ES","og_type":"article","og_title":"Uso de la C, S, Z - BLOG | Utel","og_description":"Conoce el uso correcto de la C, S, Z y mejora la calidad de tus escritos sin necesidad de utilizar un vocabulario rebuscado.","og_url":"https:\/\/utel.mx\/blog\/10-consejos-para\/el-uso-correcto-de-la-c-s-z\/","og_site_name":"BLOG | Utel","article_published_time":"2013-09-12T20:53:34+00:00","article_modified_time":"2023-03-10T16:54:59+00:00","og_image":[{"width":600,"height":300,"url":"https:\/\/utel.mx\/blog\/wp-content\/uploads\/2013\/09\/Uso-de-la-C-S-Z.jpg","type":"image\/jpeg"}],"author":"Invitados UTEL","twitter_misc":{"Written by":"Invitados UTEL","Est. reading time":"2 minutos"},"schema":{"@context":"https:\/\/schema.org","@graph":[{"@type":"Article","@id":"https:\/\/utel.mx\/blog\/10-consejos-para\/el-uso-correcto-de-la-c-s-z\/#article","isPartOf":{"@id":"https:\/\/utel.mx\/blog\/10-consejos-para\/el-uso-correcto-de-la-c-s-z\/"},"author":{"name":"Invitados UTEL","@id":"https:\/\/utel.mx\/blog\/#\/schema\/person\/e5b3d8d918f13bd0b0f4724daa90dd95"},"headline":"Uso de la C, S, Z","datePublished":"2013-09-12T20:53:34+00:00","dateModified":"2023-03-10T16:54:59+00:00","mainEntityOfPage":{"@id":"https:\/\/utel.mx\/blog\/10-consejos-para\/el-uso-correcto-de-la-c-s-z\/"},"wordCount":455,"publisher":{"@id":"https:\/\/utel.mx\/blog\/#organization"},"image":{"@id":"https:\/\/utel.mx\/blog\/10-consejos-para\/el-uso-correcto-de-la-c-s-z\/#primaryimage"},"thumbnailUrl":"https:\/\/utel.mx\/blog\/wp-content\/uploads\/2013\/09\/Uso-de-la-C-S-Z.jpg","articleSection":["Tips"],"inLanguage":"es"},{"@type":"WebPage","@id":"https:\/\/utel.mx\/blog\/10-consejos-para\/el-uso-correcto-de-la-c-s-z\/","url":"https:\/\/utel.mx\/blog\/10-consejos-para\/el-uso-correcto-de-la-c-s-z\/","name":"Uso de la C, S, Z - BLOG | Utel","isPartOf":{"@id":"https:\/\/utel.mx\/blog\/#website"},"primaryImageOfPage":{"@id":"https:\/\/utel.mx\/blog\/10-consejos-para\/el-uso-correcto-de-la-c-s-z\/#primaryimage"},"image":{"@id":"https:\/\/utel.mx\/blog\/10-consejos-para\/el-uso-correcto-de-la-c-s-z\/#primaryimage"},"thumbnailUrl":"https:\/\/utel.mx\/blog\/wp-content\/uploads\/2013\/09\/Uso-de-la-C-S-Z.jpg","datePublished":"2013-09-12T20:53:34+00:00","dateModified":"2023-03-10T16:54:59+00:00","description":"Conoce el uso correcto de la C, S, Z y mejora la calidad de tus escritos sin necesidad de utilizar un vocabulario rebuscado.","breadcrumb":{"@id":"https:\/\/utel.mx\/blog\/10-consejos-para\/el-uso-correcto-de-la-c-s-z\/#breadcrumb"},"inLanguage":"es","potentialAction":[{"@type":"ReadAction","target":["https:\/\/utel.mx\/blog\/10-consejos-para\/el-uso-correcto-de-la-c-s-z\/"]}]},{"@type":"ImageObject","inLanguage":"es","@id":"https:\/\/utel.mx\/blog\/10-consejos-para\/el-uso-correcto-de-la-c-s-z\/#primaryimage","url":"https:\/\/utel.mx\/blog\/wp-content\/uploads\/2013\/09\/Uso-de-la-C-S-Z.jpg","contentUrl":"https:\/\/utel.mx\/blog\/wp-content\/uploads\/2013\/09\/Uso-de-la-C-S-Z.jpg","width":600,"height":300,"caption":"Uso de la C, S, Z"},{"@type":"BreadcrumbList","@id":"https:\/\/utel.mx\/blog\/10-consejos-para\/el-uso-correcto-de-la-c-s-z\/#breadcrumb","itemListElement":[{"@type":"ListItem","position":1,"name":"Home","item":"https:\/\/utel.mx\/blog\/"},{"@type":"ListItem","position":2,"name":"Uso de la C, S, Z"}]},{"@type":"WebSite","@id":"https:\/\/utel.mx\/blog\/#website","url":"https:\/\/utel.mx\/blog\/","name":"BLOG | Utel","description":"Blog UTEL Universidad en L\u00ednea","publisher":{"@id":"https:\/\/utel.mx\/blog\/#organization"},"potentialAction":[{"@type":"SearchAction","target":{"@type":"EntryPoint","urlTemplate":"https:\/\/utel.mx\/blog\/?s={search_term_string}"},"query-input":{"@type":"PropertyValueSpecification","valueRequired":true,"valueName":"search_term_string"}}],"inLanguage":"es"},{"@type":"Organization","@id":"https:\/\/utel.mx\/blog\/#organization","name":"BLOG | Utel","url":"https:\/\/utel.mx\/blog\/","logo":{"@type":"ImageObject","inLanguage":"es","@id":"https:\/\/utel.mx\/blog\/#\/schema\/logo\/image\/","url":"https:\/\/utel.mx\/blog\/wp-content\/uploads\/2023\/03\/cropped-logo-blog.png","contentUrl":"https:\/\/utel.mx\/blog\/wp-content\/uploads\/2023\/03\/cropped-logo-blog.png","width":237,"height":64,"caption":"BLOG | Utel"},"image":{"@id":"https:\/\/utel.mx\/blog\/#\/schema\/logo\/image\/"}},{"@type":"Person","@id":"https:\/\/utel.mx\/blog\/#\/schema\/person\/e5b3d8d918f13bd0b0f4724daa90dd95","name":"Invitados UTEL","image":{"@type":"ImageObject","inLanguage":"es","@id":"https:\/\/utel.mx\/blog\/#\/schema\/person\/image\/","url":"https:\/\/secure.gravatar.com\/avatar\/781456f1128be5a332ab27ea8b902597?s=96&d=mm&r=g","contentUrl":"https:\/\/secure.gravatar.com\/avatar\/781456f1128be5a332ab27ea8b902597?s=96&d=mm&r=g","caption":"Invitados UTEL"},"description":"Invitados . Colaboraciones por parte de invitados de la Comunidad UTEL"}]}},"_links":{"self":[{"href":"https:\/\/utel.mx\/blog\/wp-json\/wp\/v2\/posts\/2770","targetHints":{"allow":["GET"]}}],"collection":[{"href":"https:\/\/utel.mx\/blog\/wp-json\/wp\/v2\/posts"}],"about":[{"href":"https:\/\/utel.mx\/blog\/wp-json\/wp\/v2\/types\/post"}],"author":[{"embeddable":true,"href":"https:\/\/utel.mx\/blog\/wp-json\/wp\/v2\/users\/40"}],"replies":[{"embeddable":true,"href":"https:\/\/utel.mx\/blog\/wp-json\/wp\/v2\/comments?post=2770"}],"version-history":[{"count":2,"href":"https:\/\/utel.mx\/blog\/wp-json\/wp\/v2\/posts\/2770\/revisions"}],"predecessor-version":[{"id":44636,"href":"https:\/\/utel.mx\/blog\/wp-json\/wp\/v2\/posts\/2770\/revisions\/44636"}],"wp:featuredmedia":[{"embeddable":true,"href":"https:\/\/utel.mx\/blog\/wp-json\/wp\/v2\/media\/37927"}],"wp:attachment":[{"href":"https:\/\/utel.mx\/blog\/wp-json\/wp\/v2\/media?parent=2770"}],"wp:term":[{"taxonomy":"category","embeddable":true,"href":"https:\/\/utel.mx\/blog\/wp-json\/wp\/v2\/categories?post=2770"},{"taxonomy":"post_tag","embeddable":true,"href":"https:\/\/utel.mx\/blog\/wp-json\/wp\/v2\/tags?post=2770"}],"curies":[{"name":"wp","href":"https:\/\/api.w.org\/{rel}","templated":true}]}}