{"id":28437,"date":"2019-01-05T23:23:18","date_gmt":"2019-01-05T23:23:18","guid":{"rendered":"http:\/\/utel.mx\/blog\/?p=28437"},"modified":"2023-03-10T17:10:07","modified_gmt":"2023-03-10T17:10:07","slug":"opinion-acerca-de-la-maestria-en-coaching-de-utel","status":"publish","type":"post","link":"https:\/\/utel.mx\/blog\/opiniones\/opinion-acerca-de-la-maestria-en-coaching-de-utel\/","title":{"rendered":"Opini\u00f3n acerca de la Maestr\u00eda en Coaching de UTEL"},"content":{"rendered":"<p style=\"text-align: justify;\"><span style=\"color: #333333;\">Durante las sesiones de&nbsp;<strong>Coaching Day<\/strong> correspondientes a&nbsp;la&nbsp;<strong><span style=\"color: #008000;\"><a style=\"color: #008000;\" href=\"http:\/\/utel.mx\/blog\/menu-profesional\/facultad-de-estudios-de-posgrado\/coaching-integral-y-organizacional-el-cambio-que-esta-generando\/\" target=\"_blank\" rel=\"noopener\">Maestr\u00eda en Coaching Integral y Organizacional<\/a><\/span><\/strong>,&nbsp;hemos tenido&nbsp;la oportunidad de conocer a alumnos de diversas partes de M\u00e9xico.<\/span><\/p>\n<p style=\"text-align: justify;\"><span style=\"color: #333333;\">Uno de ellos es&nbsp;<strong>Eutimio Castro Figueroa <\/strong>de Culiac\u00e1n, Sinaloa, quien actualmente se desempe\u00f1a como&nbsp;Gerente de Divisi\u00f3n de Operaciones de tiendas y sedes de la tienda Coppel, a&nbsp;quien le pedimos nos compartiera su&nbsp;<strong>opini\u00f3n acerca de UTEL<\/strong>,&nbsp;de la maestr\u00eda y de las cl\u00ednicas presenciales y esto fue lo que nos dijo:<\/span><\/p>\n<blockquote>\n<h4 style=\"text-align: justify;\"><span style=\"color: #333333;\"><img decoding=\"async\" class=\"wp-image-28439 alignleft\" src=\"http:\/\/utel.mx\/blog\/wp-content\/uploads\/2018\/04\/FOTO-Eutimio-Castro-Figueroa-300x266.jpg\" alt=\"Opini\u00f3n sobre UTEL - Eutimio Castro Figueroa\" width=\"200\" height=\"177\" srcset=\"https:\/\/utel.mx\/blog\/wp-content\/uploads\/2018\/04\/FOTO-Eutimio-Castro-Figueroa-300x266.jpg 300w, https:\/\/utel.mx\/blog\/wp-content\/uploads\/2018\/04\/FOTO-Eutimio-Castro-Figueroa-200x177.jpg 200w, https:\/\/utel.mx\/blog\/wp-content\/uploads\/2018\/04\/FOTO-Eutimio-Castro-Figueroa-600x532.jpg 600w, https:\/\/utel.mx\/blog\/wp-content\/uploads\/2018\/04\/FOTO-Eutimio-Castro-Figueroa.jpg 768w\" sizes=\"(max-width: 200px) 100vw, 200px\" \/>Inici\u00e9 la Maestr\u00eda&nbsp;en Coaching Integral&nbsp;y Organizacional en UTEL el 30 de octubre de&nbsp;2017, en l\u00ednea con la modalidad semi-presencial, asistiendo un s\u00e1bado de cada mes a los \u201cCoaching Day\u201d, donde se realizan las Cl\u00ednicas presenciales impartidas por distintos coaches, esto nos ayuda a conocernos e integrarnos entre compa\u00f1eros, a dialogar, reflexionar y profundizar en el tema del Coaching, as\u00ed mismo, ir identificando las herramientas metodol\u00f3gicas y mejores pr\u00e1cticas del Coaching.<\/span><\/h4>\n<h4 style=\"text-align: justify;\"><span style=\"color: #333333;\">Mi experiencia ha sido muy agradable, estoy muy contento, porque todos los profesores y coaches abordan el tema del Coaching con seriedad y profesionalmente.<\/span><\/h4>\n<h4 style=\"text-align: justify;\"><span style=\"color: #333333;\">Estoy aprendiendo a identificar y utilizar algunas competencias que como Coach debo desarrollar en el d\u00eda a d\u00eda, como son entre otras Empat\u00eda, Escuchar, Observar, Congruencia, Acompa\u00f1amiento, Confianza, Tolerancia, Comunicaci\u00f3n, Dialogar, Retroalimentaci\u00f3n, Delegar, etc., para ayudar a que mis colaboradores lleguen m\u00e1s all\u00e1 de lo que por s\u00ed mismo lograr\u00edan.<\/span><\/h4>\n<h4 style=\"text-align: justify;\"><span style=\"color: #333333;\">En mi desempe\u00f1o laboral voy aprendiendo a ejercer cada vez mejor cada uno de mis roles de Jefe-Lider-Coach dependiendo de las circunstancias que se me est\u00e9n presentando.<\/span><\/h4>\n<h4 style=\"text-align: justify;\"><span style=\"color: #333333;\">En el papel de Coach al realizar los acompa\u00f1amientos con mis colaboradores, cada vez observo y escucho m\u00e1s, conduciendo el di\u00e1logo con preguntas reflexivas y poderosas que les permitan a mis colaboradores aprender a la autoreflexi\u00f3n y autoconocimiento que les ayude a generar conciencia e identificar sus responsabilidades y necesidades de mejora, as\u00ed mismo, que ellos vayan aprendiendo a encontrar y construir sus soluciones, desarrollando y liberando su compromiso y potencial para realizar los cambios y planes de acci\u00f3n que les ayude a mejorar su desempe\u00f1o laboral y profesional.<\/span><span style=\"color: #333333;\">&nbsp;<\/span><\/h4>\n<\/blockquote>\n<p style=\"text-align: center;\"><span style=\"color: #333333;\"><strong><a style=\"color: #333333;\" href=\"http:\/\/utel.mx\/blog\/vida-utel\/coaching-day-clinicas-presenciales-de-la-maestria\/\" target=\"_blank\" rel=\"noopener\">Conoce c\u00f3mo se vivi\u00f3 el Coaching Day,<br \/>\n<\/a><\/strong><\/span><span style=\"color: #333333;\"><strong><a style=\"color: #333333;\" href=\"http:\/\/utel.mx\/blog\/vida-utel\/coaching-day-clinicas-presenciales-de-la-maestria\/\" target=\"_blank\" rel=\"noopener\">de las cl\u00ednicas presenciales de la Maestr\u00eda en Coaching Integral y Organizacional<\/a><\/strong><\/span><\/p>\n<div id=\"advads-3122769234\" class=\"advads-cta-lp-banner-form advads-entity-placement\"><a href=\"https:\/\/utel.mx\/blog\/admisiones-universidad-online\/?utm_source=blog&#038;utm_medium=CTAlink&#038;utm_campaign=MKTseo\" aria-label=\"Universidad en linea\"><img src=\"https:\/\/utel.mx\/blog\/wp-content\/uploads\/2025\/04\/universidad-en-linea-1.png\" alt=\"Universidad en linea\"  srcset=\"https:\/\/utel.mx\/blog\/wp-content\/uploads\/2025\/04\/universidad-en-linea-1.png 626w, https:\/\/utel.mx\/blog\/wp-content\/uploads\/2025\/04\/universidad-en-linea-1-420x168.png 420w\" sizes=\"(max-width: 626px) 100vw, 626px\" width=\"626\" height=\"250\"   \/><\/a><\/div>","protected":false},"excerpt":{"rendered":"<p> [&hellip;]<\/p>\n","protected":false},"author":9,"featured_media":28474,"comment_status":"closed","ping_status":"open","sticky":false,"template":"","format":"standard","meta":{"_acf_changed":false,"site-sidebar-layout":"default","site-content-layout":"","ast-site-content-layout":"","site-content-style":"default","site-sidebar-style":"default","ast-global-header-display":"","ast-banner-title-visibility":"","ast-main-header-display":"","ast-hfb-above-header-display":"","ast-hfb-below-header-display":"","ast-hfb-mobile-header-display":"","site-post-title":"","ast-breadcrumbs-content":"","ast-featured-img":"","footer-sml-layout":"","theme-transparent-header-meta":"","adv-header-id-meta":"","stick-header-meta":"","header-above-stick-meta":"","header-main-stick-meta":"","header-below-stick-meta":"","astra-migrate-meta-layouts":"default","ast-page-background-enabled":"default","ast-page-background-meta":{"desktop":{"background-color":"var(--ast-global-color-4)","background-image":"","background-repeat":"repeat","background-position":"center center","background-size":"auto","background-attachment":"scroll","background-type":"","background-media":"","overlay-type":"","overlay-color":"","overlay-gradient":""},"tablet":{"background-color":"","background-image":"","background-repeat":"repeat","background-position":"center center","background-size":"auto","background-attachment":"scroll","background-type":"","background-media":"","overlay-type":"","overlay-color":"","overlay-gradient":""},"mobile":{"background-color":"","background-image":"","background-repeat":"repeat","background-position":"center center","background-size":"auto","background-attachment":"scroll","background-type":"","background-media":"","overlay-type":"","overlay-color":"","overlay-gradient":""}},"ast-content-background-meta":{"desktop":{"background-color":"var(--ast-global-color-5)","background-image":"","background-repeat":"repeat","background-position":"center center","background-size":"auto","background-attachment":"scroll","background-type":"","background-media":"","overlay-type":"","overlay-color":"","overlay-gradient":""},"tablet":{"background-color":"var(--ast-global-color-5)","background-image":"","background-repeat":"repeat","background-position":"center center","background-size":"auto","background-attachment":"scroll","background-type":"","background-media":"","overlay-type":"","overlay-color":"","overlay-gradient":""},"mobile":{"background-color":"var(--ast-global-color-5)","background-image":"","background-repeat":"repeat","background-position":"center center","background-size":"auto","background-attachment":"scroll","background-type":"","background-media":"","overlay-type":"","overlay-color":"","overlay-gradient":""}},"footnotes":""},"categories":[4512],"tags":[],"class_list":["post-28437","post","type-post","status-publish","format-standard","has-post-thumbnail","hentry","category-opiniones"],"acf":[],"yoast_head":"<!-- This site is optimized with the Yoast SEO plugin v26.8 - https:\/\/yoast.com\/product\/yoast-seo-wordpress\/ -->\n<title>Opini\u00f3n acerca de la Maestr\u00eda en Coaching de UTEL - BLOG | Utel<\/title>\n<meta name=\"description\" content=\"Eutimio Castro, alumno de la Maestr\u00eda en Coaching nos comparti\u00f3 su opini\u00f3n acerca de UTEL, de la maestr\u00eda y de las cl\u00ednicas presenciales. \u00a1Con\u00f3celo!\" \/>\n<meta name=\"robots\" content=\"index, follow, max-snippet:-1, max-image-preview:large, max-video-preview:-1\" \/>\n<link rel=\"canonical\" href=\"https:\/\/utel.mx\/blog\/opiniones\/opinion-acerca-de-la-maestria-en-coaching-de-utel\/\" \/>\n<meta property=\"og:locale\" content=\"es_ES\" \/>\n<meta property=\"og:type\" content=\"article\" \/>\n<meta property=\"og:title\" content=\"Opini\u00f3n acerca de la Maestr\u00eda en Coaching de UTEL - BLOG | Utel\" \/>\n<meta property=\"og:description\" content=\"Eutimio Castro, alumno de la Maestr\u00eda en Coaching nos comparti\u00f3 su opini\u00f3n acerca de UTEL, de la maestr\u00eda y de las cl\u00ednicas presenciales. \u00a1Con\u00f3celo!\" \/>\n<meta property=\"og:url\" content=\"https:\/\/utel.mx\/blog\/opiniones\/opinion-acerca-de-la-maestria-en-coaching-de-utel\/\" \/>\n<meta property=\"og:site_name\" content=\"BLOG | Utel\" \/>\n<meta property=\"article:published_time\" content=\"2019-01-05T23:23:18+00:00\" \/>\n<meta property=\"article:modified_time\" content=\"2023-03-10T17:10:07+00:00\" \/>\n<meta property=\"og:image\" content=\"https:\/\/utel.mx\/blog\/wp-content\/uploads\/2018\/04\/headers_02.jpg\" \/>\n\t<meta property=\"og:image:width\" content=\"600\" \/>\n\t<meta property=\"og:image:height\" content=\"300\" \/>\n\t<meta property=\"og:image:type\" content=\"image\/jpeg\" \/>\n<meta name=\"author\" content=\"Hayde\u00e9 (Editor)\" \/>\n<meta name=\"twitter:label1\" content=\"Written by\" \/>\n\t<meta name=\"twitter:data1\" content=\"Hayde\u00e9 (Editor)\" \/>\n\t<meta name=\"twitter:label2\" content=\"Est. reading time\" \/>\n\t<meta name=\"twitter:data2\" content=\"2 minutos\" \/>\n<script type=\"application\/ld+json\" class=\"yoast-schema-graph\">{\"@context\":\"https:\/\/schema.org\",\"@graph\":[{\"@type\":\"Article\",\"@id\":\"https:\/\/utel.mx\/blog\/opiniones\/opinion-acerca-de-la-maestria-en-coaching-de-utel\/#article\",\"isPartOf\":{\"@id\":\"https:\/\/utel.mx\/blog\/opiniones\/opinion-acerca-de-la-maestria-en-coaching-de-utel\/\"},\"author\":{\"name\":\"Hayde\u00e9 (Editor)\",\"@id\":\"https:\/\/utel.mx\/blog\/#\/schema\/person\/9a4c3940beef2724facfef4f2ccec7da\"},\"headline\":\"Opini\u00f3n acerca de la Maestr\u00eda en Coaching de UTEL\",\"datePublished\":\"2019-01-05T23:23:18+00:00\",\"dateModified\":\"2023-03-10T17:10:07+00:00\",\"mainEntityOfPage\":{\"@id\":\"https:\/\/utel.mx\/blog\/opiniones\/opinion-acerca-de-la-maestria-en-coaching-de-utel\/\"},\"wordCount\":421,\"publisher\":{\"@id\":\"https:\/\/utel.mx\/blog\/#organization\"},\"image\":{\"@id\":\"https:\/\/utel.mx\/blog\/opiniones\/opinion-acerca-de-la-maestria-en-coaching-de-utel\/#primaryimage\"},\"thumbnailUrl\":\"https:\/\/utel.mx\/blog\/wp-content\/uploads\/2018\/04\/headers_02.jpg\",\"articleSection\":[\"Opiniones\"],\"inLanguage\":\"es\"},{\"@type\":\"WebPage\",\"@id\":\"https:\/\/utel.mx\/blog\/opiniones\/opinion-acerca-de-la-maestria-en-coaching-de-utel\/\",\"url\":\"https:\/\/utel.mx\/blog\/opiniones\/opinion-acerca-de-la-maestria-en-coaching-de-utel\/\",\"name\":\"Opini\u00f3n acerca de la Maestr\u00eda en Coaching de UTEL - BLOG | Utel\",\"isPartOf\":{\"@id\":\"https:\/\/utel.mx\/blog\/#website\"},\"primaryImageOfPage\":{\"@id\":\"https:\/\/utel.mx\/blog\/opiniones\/opinion-acerca-de-la-maestria-en-coaching-de-utel\/#primaryimage\"},\"image\":{\"@id\":\"https:\/\/utel.mx\/blog\/opiniones\/opinion-acerca-de-la-maestria-en-coaching-de-utel\/#primaryimage\"},\"thumbnailUrl\":\"https:\/\/utel.mx\/blog\/wp-content\/uploads\/2018\/04\/headers_02.jpg\",\"datePublished\":\"2019-01-05T23:23:18+00:00\",\"dateModified\":\"2023-03-10T17:10:07+00:00\",\"description\":\"Eutimio Castro, alumno de la Maestr\u00eda en Coaching nos comparti\u00f3 su opini\u00f3n acerca de UTEL, de la maestr\u00eda y de las cl\u00ednicas presenciales. \u00a1Con\u00f3celo!\",\"breadcrumb\":{\"@id\":\"https:\/\/utel.mx\/blog\/opiniones\/opinion-acerca-de-la-maestria-en-coaching-de-utel\/#breadcrumb\"},\"inLanguage\":\"es\",\"potentialAction\":[{\"@type\":\"ReadAction\",\"target\":[\"https:\/\/utel.mx\/blog\/opiniones\/opinion-acerca-de-la-maestria-en-coaching-de-utel\/\"]}]},{\"@type\":\"ImageObject\",\"inLanguage\":\"es\",\"@id\":\"https:\/\/utel.mx\/blog\/opiniones\/opinion-acerca-de-la-maestria-en-coaching-de-utel\/#primaryimage\",\"url\":\"https:\/\/utel.mx\/blog\/wp-content\/uploads\/2018\/04\/headers_02.jpg\",\"contentUrl\":\"https:\/\/utel.mx\/blog\/wp-content\/uploads\/2018\/04\/headers_02.jpg\",\"width\":600,\"height\":300,\"caption\":\"Opini\u00f3n acerca de la Maestr\u00eda en Coaching de UTEL\"},{\"@type\":\"BreadcrumbList\",\"@id\":\"https:\/\/utel.mx\/blog\/opiniones\/opinion-acerca-de-la-maestria-en-coaching-de-utel\/#breadcrumb\",\"itemListElement\":[{\"@type\":\"ListItem\",\"position\":1,\"name\":\"Home\",\"item\":\"https:\/\/utel.mx\/blog\/\"},{\"@type\":\"ListItem\",\"position\":2,\"name\":\"Opini\u00f3n acerca de la Maestr\u00eda en Coaching de UTEL\"}]},{\"@type\":\"WebSite\",\"@id\":\"https:\/\/utel.mx\/blog\/#website\",\"url\":\"https:\/\/utel.mx\/blog\/\",\"name\":\"BLOG | Utel\",\"description\":\"Blog UTEL Universidad en L\u00ednea\",\"publisher\":{\"@id\":\"https:\/\/utel.mx\/blog\/#organization\"},\"potentialAction\":[{\"@type\":\"SearchAction\",\"target\":{\"@type\":\"EntryPoint\",\"urlTemplate\":\"https:\/\/utel.mx\/blog\/?s={search_term_string}\"},\"query-input\":{\"@type\":\"PropertyValueSpecification\",\"valueRequired\":true,\"valueName\":\"search_term_string\"}}],\"inLanguage\":\"es\"},{\"@type\":\"Organization\",\"@id\":\"https:\/\/utel.mx\/blog\/#organization\",\"name\":\"BLOG | Utel\",\"url\":\"https:\/\/utel.mx\/blog\/\",\"logo\":{\"@type\":\"ImageObject\",\"inLanguage\":\"es\",\"@id\":\"https:\/\/utel.mx\/blog\/#\/schema\/logo\/image\/\",\"url\":\"https:\/\/utel.mx\/blog\/wp-content\/uploads\/2023\/03\/cropped-logo-blog.png\",\"contentUrl\":\"https:\/\/utel.mx\/blog\/wp-content\/uploads\/2023\/03\/cropped-logo-blog.png\",\"width\":237,\"height\":64,\"caption\":\"BLOG | Utel\"},\"image\":{\"@id\":\"https:\/\/utel.mx\/blog\/#\/schema\/logo\/image\/\"}},{\"@type\":\"Person\",\"@id\":\"https:\/\/utel.mx\/blog\/#\/schema\/person\/9a4c3940beef2724facfef4f2ccec7da\",\"name\":\"Hayde\u00e9 (Editor)\",\"image\":{\"@type\":\"ImageObject\",\"inLanguage\":\"es\",\"@id\":\"https:\/\/utel.mx\/blog\/#\/schema\/person\/image\/\",\"url\":\"https:\/\/secure.gravatar.com\/avatar\/ba63bb7f074f0dfa874cba0ef5d985a5?s=96&d=mm&r=g\",\"contentUrl\":\"https:\/\/secure.gravatar.com\/avatar\/ba63bb7f074f0dfa874cba0ef5d985a5?s=96&d=mm&r=g\",\"caption\":\"Hayde\u00e9 (Editor)\"},\"description\":\"Licenciada en Ciencias de la Comunicaci\u00f3n\"}]}<\/script>\n<!-- \/ Yoast SEO plugin. -->","yoast_head_json":{"title":"Opini\u00f3n acerca de la Maestr\u00eda en Coaching de UTEL - BLOG | Utel","description":"Eutimio Castro, alumno de la Maestr\u00eda en Coaching nos comparti\u00f3 su opini\u00f3n acerca de UTEL, de la maestr\u00eda y de las cl\u00ednicas presenciales. \u00a1Con\u00f3celo!","robots":{"index":"index","follow":"follow","max-snippet":"max-snippet:-1","max-image-preview":"max-image-preview:large","max-video-preview":"max-video-preview:-1"},"canonical":"https:\/\/utel.mx\/blog\/opiniones\/opinion-acerca-de-la-maestria-en-coaching-de-utel\/","og_locale":"es_ES","og_type":"article","og_title":"Opini\u00f3n acerca de la Maestr\u00eda en Coaching de UTEL - BLOG | Utel","og_description":"Eutimio Castro, alumno de la Maestr\u00eda en Coaching nos comparti\u00f3 su opini\u00f3n acerca de UTEL, de la maestr\u00eda y de las cl\u00ednicas presenciales. \u00a1Con\u00f3celo!","og_url":"https:\/\/utel.mx\/blog\/opiniones\/opinion-acerca-de-la-maestria-en-coaching-de-utel\/","og_site_name":"BLOG | Utel","article_published_time":"2019-01-05T23:23:18+00:00","article_modified_time":"2023-03-10T17:10:07+00:00","og_image":[{"width":600,"height":300,"url":"https:\/\/utel.mx\/blog\/wp-content\/uploads\/2018\/04\/headers_02.jpg","type":"image\/jpeg"}],"author":"Hayde\u00e9 (Editor)","twitter_misc":{"Written by":"Hayde\u00e9 (Editor)","Est. reading time":"2 minutos"},"schema":{"@context":"https:\/\/schema.org","@graph":[{"@type":"Article","@id":"https:\/\/utel.mx\/blog\/opiniones\/opinion-acerca-de-la-maestria-en-coaching-de-utel\/#article","isPartOf":{"@id":"https:\/\/utel.mx\/blog\/opiniones\/opinion-acerca-de-la-maestria-en-coaching-de-utel\/"},"author":{"name":"Hayde\u00e9 (Editor)","@id":"https:\/\/utel.mx\/blog\/#\/schema\/person\/9a4c3940beef2724facfef4f2ccec7da"},"headline":"Opini\u00f3n acerca de la Maestr\u00eda en Coaching de UTEL","datePublished":"2019-01-05T23:23:18+00:00","dateModified":"2023-03-10T17:10:07+00:00","mainEntityOfPage":{"@id":"https:\/\/utel.mx\/blog\/opiniones\/opinion-acerca-de-la-maestria-en-coaching-de-utel\/"},"wordCount":421,"publisher":{"@id":"https:\/\/utel.mx\/blog\/#organization"},"image":{"@id":"https:\/\/utel.mx\/blog\/opiniones\/opinion-acerca-de-la-maestria-en-coaching-de-utel\/#primaryimage"},"thumbnailUrl":"https:\/\/utel.mx\/blog\/wp-content\/uploads\/2018\/04\/headers_02.jpg","articleSection":["Opiniones"],"inLanguage":"es"},{"@type":"WebPage","@id":"https:\/\/utel.mx\/blog\/opiniones\/opinion-acerca-de-la-maestria-en-coaching-de-utel\/","url":"https:\/\/utel.mx\/blog\/opiniones\/opinion-acerca-de-la-maestria-en-coaching-de-utel\/","name":"Opini\u00f3n acerca de la Maestr\u00eda en Coaching de UTEL - BLOG | Utel","isPartOf":{"@id":"https:\/\/utel.mx\/blog\/#website"},"primaryImageOfPage":{"@id":"https:\/\/utel.mx\/blog\/opiniones\/opinion-acerca-de-la-maestria-en-coaching-de-utel\/#primaryimage"},"image":{"@id":"https:\/\/utel.mx\/blog\/opiniones\/opinion-acerca-de-la-maestria-en-coaching-de-utel\/#primaryimage"},"thumbnailUrl":"https:\/\/utel.mx\/blog\/wp-content\/uploads\/2018\/04\/headers_02.jpg","datePublished":"2019-01-05T23:23:18+00:00","dateModified":"2023-03-10T17:10:07+00:00","description":"Eutimio Castro, alumno de la Maestr\u00eda en Coaching nos comparti\u00f3 su opini\u00f3n acerca de UTEL, de la maestr\u00eda y de las cl\u00ednicas presenciales. \u00a1Con\u00f3celo!","breadcrumb":{"@id":"https:\/\/utel.mx\/blog\/opiniones\/opinion-acerca-de-la-maestria-en-coaching-de-utel\/#breadcrumb"},"inLanguage":"es","potentialAction":[{"@type":"ReadAction","target":["https:\/\/utel.mx\/blog\/opiniones\/opinion-acerca-de-la-maestria-en-coaching-de-utel\/"]}]},{"@type":"ImageObject","inLanguage":"es","@id":"https:\/\/utel.mx\/blog\/opiniones\/opinion-acerca-de-la-maestria-en-coaching-de-utel\/#primaryimage","url":"https:\/\/utel.mx\/blog\/wp-content\/uploads\/2018\/04\/headers_02.jpg","contentUrl":"https:\/\/utel.mx\/blog\/wp-content\/uploads\/2018\/04\/headers_02.jpg","width":600,"height":300,"caption":"Opini\u00f3n acerca de la Maestr\u00eda en Coaching de UTEL"},{"@type":"BreadcrumbList","@id":"https:\/\/utel.mx\/blog\/opiniones\/opinion-acerca-de-la-maestria-en-coaching-de-utel\/#breadcrumb","itemListElement":[{"@type":"ListItem","position":1,"name":"Home","item":"https:\/\/utel.mx\/blog\/"},{"@type":"ListItem","position":2,"name":"Opini\u00f3n acerca de la Maestr\u00eda en Coaching de UTEL"}]},{"@type":"WebSite","@id":"https:\/\/utel.mx\/blog\/#website","url":"https:\/\/utel.mx\/blog\/","name":"BLOG | Utel","description":"Blog UTEL Universidad en L\u00ednea","publisher":{"@id":"https:\/\/utel.mx\/blog\/#organization"},"potentialAction":[{"@type":"SearchAction","target":{"@type":"EntryPoint","urlTemplate":"https:\/\/utel.mx\/blog\/?s={search_term_string}"},"query-input":{"@type":"PropertyValueSpecification","valueRequired":true,"valueName":"search_term_string"}}],"inLanguage":"es"},{"@type":"Organization","@id":"https:\/\/utel.mx\/blog\/#organization","name":"BLOG | Utel","url":"https:\/\/utel.mx\/blog\/","logo":{"@type":"ImageObject","inLanguage":"es","@id":"https:\/\/utel.mx\/blog\/#\/schema\/logo\/image\/","url":"https:\/\/utel.mx\/blog\/wp-content\/uploads\/2023\/03\/cropped-logo-blog.png","contentUrl":"https:\/\/utel.mx\/blog\/wp-content\/uploads\/2023\/03\/cropped-logo-blog.png","width":237,"height":64,"caption":"BLOG | Utel"},"image":{"@id":"https:\/\/utel.mx\/blog\/#\/schema\/logo\/image\/"}},{"@type":"Person","@id":"https:\/\/utel.mx\/blog\/#\/schema\/person\/9a4c3940beef2724facfef4f2ccec7da","name":"Hayde\u00e9 (Editor)","image":{"@type":"ImageObject","inLanguage":"es","@id":"https:\/\/utel.mx\/blog\/#\/schema\/person\/image\/","url":"https:\/\/secure.gravatar.com\/avatar\/ba63bb7f074f0dfa874cba0ef5d985a5?s=96&d=mm&r=g","contentUrl":"https:\/\/secure.gravatar.com\/avatar\/ba63bb7f074f0dfa874cba0ef5d985a5?s=96&d=mm&r=g","caption":"Hayde\u00e9 (Editor)"},"description":"Licenciada en Ciencias de la Comunicaci\u00f3n"}]}},"_links":{"self":[{"href":"https:\/\/utel.mx\/blog\/wp-json\/wp\/v2\/posts\/28437","targetHints":{"allow":["GET"]}}],"collection":[{"href":"https:\/\/utel.mx\/blog\/wp-json\/wp\/v2\/posts"}],"about":[{"href":"https:\/\/utel.mx\/blog\/wp-json\/wp\/v2\/types\/post"}],"author":[{"embeddable":true,"href":"https:\/\/utel.mx\/blog\/wp-json\/wp\/v2\/users\/9"}],"replies":[{"embeddable":true,"href":"https:\/\/utel.mx\/blog\/wp-json\/wp\/v2\/comments?post=28437"}],"version-history":[{"count":1,"href":"https:\/\/utel.mx\/blog\/wp-json\/wp\/v2\/posts\/28437\/revisions"}],"predecessor-version":[{"id":42772,"href":"https:\/\/utel.mx\/blog\/wp-json\/wp\/v2\/posts\/28437\/revisions\/42772"}],"wp:featuredmedia":[{"embeddable":true,"href":"https:\/\/utel.mx\/blog\/wp-json\/wp\/v2\/media\/28474"}],"wp:attachment":[{"href":"https:\/\/utel.mx\/blog\/wp-json\/wp\/v2\/media?parent=28437"}],"wp:term":[{"taxonomy":"category","embeddable":true,"href":"https:\/\/utel.mx\/blog\/wp-json\/wp\/v2\/categories?post=28437"},{"taxonomy":"post_tag","embeddable":true,"href":"https:\/\/utel.mx\/blog\/wp-json\/wp\/v2\/tags?post=28437"}],"curies":[{"name":"wp","href":"https:\/\/api.w.org\/{rel}","templated":true}]}}