{"id":28539,"date":"2019-12-11T08:00:47","date_gmt":"2019-12-11T08:00:47","guid":{"rendered":"http:\/\/utel.mx\/blog\/?p=28539"},"modified":"2023-03-10T17:12:12","modified_gmt":"2023-03-10T17:12:12","slug":"convenios-institucionales-de-utel-internacional","status":"publish","type":"post","link":"https:\/\/utel.mx\/blog\/vida-utel\/convenios-institucionales-de-utel-internacional\/","title":{"rendered":"Convenios institucionales de UTEL Internacional"},"content":{"rendered":"<h3 style=\"text-align: justify;\"><span style=\"color: #333333;\">Buscando materializar nuestra misi\u00f3n de hacer la educaci\u00f3n m\u00e1s accesible, el pasado mes de febrero\u00a0inici\u00f3 operaciones en Espa\u00f1a, la\u00a0<strong><a style=\"color: #333333;\" href=\"http:\/\/utel.mx\/blog\/vida-utel\/division-de-relaciones-internacionales-utel\/\">Divisi\u00f3n de Relaciones Internacionales de UTEL<\/a><\/strong>.<\/span><\/h3>\n<p style=\"text-align: justify;\"><span style=\"color: #333333;\">Vemos en la internacionalizaci\u00f3n una oportunidad de expandir nuestro modelo educativo, complementar la experiencia de nuestros alumnos y llegar a m\u00e1s personas que ven en la <strong>educaci\u00f3n en l\u00ednea<\/strong>, la posibilidad de concretar sus aspiraciones profesionales, a trav\u00e9s de alianzas con instituciones educativas a nivel mundial.<\/span><\/p>\n<p style=\"text-align: justify;\"><span style=\"color: #333333;\"><strong>ALIANZAS CONCRETADAS<\/strong><\/span><\/p>\n<p style=\"text-align: justify;\"><span style=\"color: #333333;\">[accordian class=\u00bb\u00bb id=\u00bb\u00bb][toggle title=\u00bb<strong>Unidad Central del Valle\u00a0del Cauca<\/strong>\u00bb open=\u00bbno\u00bb]La\u00a0<span style=\"color: #333399;\"><a style=\"color: #333399;\" href=\"http:\/\/www.uceva.edu.co\/\" target=\"_blank\" rel=\"noopener\"><strong>Unidad Central del Valle del Cauca (UCEVA)<\/strong><\/a><\/span>\u00a0es una Instituci\u00f3n de Educaci\u00f3n Superior\u00a0de car\u00e1cter p\u00fablico,\u00a0creada por el \u201cConcejo Municipal de Tulu\u00e1\u201d, en Colombia, con personer\u00eda jur\u00eddica, autonom\u00eda administrativa, acad\u00e9mica y patrimonio propio e independiente.<\/span><\/p>\n<p style=\"text-align: justify;\"><span style=\"color: #333333;\">Gracias a la naturaleza digital de UTEL y el inter\u00e9s en promover e implementar modelos de educaci\u00f3n en beneficio de sus estudiantes, docentes, administrativos, egresados y familias, surge la posibilidad de crear un convenio que pueda potenciar entre otros:<\/span><\/p>\n<ul>\n<li style=\"text-align: justify;\"><span style=\"color: #333333;\">La movilidad de estudiantes en el marco de los cursos alojados en la plataforma Acad\u00e9mica Institucional.<\/span><\/li>\n<li style=\"text-align: justify;\"><span style=\"color: #333333;\">La cualificaci\u00f3n de docentes y administrativos en mejores pr\u00e1cticas institucionales que beneficien el desarrollo de las instituciones.<\/span><\/li>\n<li style=\"text-align: justify;\"><span style=\"color: #333333;\">El desarrollo de eventos acad\u00e9micos internacionales con participaci\u00f3n de estudiantes, docentes y administrativos.<\/span><\/li>\n<li style=\"text-align: justify;\"><span style=\"color: #333333;\">La movilidad internacional de estudiantes, docentes y administrativos.<\/span><\/li>\n<li style=\"text-align: justify;\"><span style=\"color: #333333;\">Los descuentos en los programas acad\u00e9micos de pregrado y posgrado de UTEL para toda la comunidad acad\u00e9mica y sus familiares.[\/toggle]<\/span><\/li>\n<\/ul>\n<p style=\"text-align: justify;\"><span style=\"color: #333333;\">[toggle title=\u00bb<strong>IU Digital\u00a0de Antioquia<\/strong>\u00bb open=\u00bbno\u00bb]Las misiones institucionales de\u00a0<strong>IU Digital <\/strong>y\u00a0UTEL convergen en buscar\u00a0disminuir la brecha en acceso a la Educaci\u00f3n Superior, por ello concretaron un marco global de cooperaci\u00f3n para impulsar los intercambios cient\u00edficos, pedag\u00f3gicos, culturales y educativos en \u00e1reas de inter\u00e9s com\u00fan. Entre las acciones que se contemplan, destacan:<\/span><\/p>\n<ul style=\"text-align: justify;\">\n<li style=\"text-align: justify;\"><span style=\"color: #333333;\">La impartici\u00f3n conjunta de contenidos, cursos, seminarios, coloquios y reuniones, o bien, la participaci\u00f3n en las actividades organizadas por la otra instituci\u00f3n.<\/span><\/li>\n<li style=\"text-align: justify;\"><span style=\"color: #333333;\">La convalidaci\u00f3n mutua de materias cursadas, con el objetivo de brindar doble titulaci\u00f3n.<\/span><\/li>\n<li style=\"text-align: justify;\"><span style=\"color: #333333;\">La ejecuci\u00f3n de programas de movilidad internacional de alumnos virtuales, as\u00ed como intercambios estudiantiles.<\/span><\/li>\n<li style=\"text-align: justify;\"><span style=\"color: #333333;\">El desarrollo de proyectos de manera conjunta por medio de los expertos de cada instituci\u00f3n, as\u00ed como de los docentes.[\/toggle]<\/span><\/li>\n<\/ul>\n<p style=\"text-align: justify;\"><span style=\"color: #333333;\">[toggle title=\u00bb<strong>Centro Europeo de Postgrado<\/strong>\u00bb open=\u00bbno\u00bb] La Escuela de Negocios <span style=\"color: #333399;\"><a style=\"color: #333399;\" href=\"https:\/\/www.ceupe.com\/\"><strong>CEUPE<\/strong><\/a><\/span>, l\u00edder en Formaci\u00f3n Online de Postgrado en Europa y presencia en m\u00e1s de 30 pa\u00edses, reafirma su car\u00e1cter internacional estableciendo un acuerdo de colaboraci\u00f3n acad\u00e9mica con UTEL,\u00a0para fomentar el intercambio de experiencias en los campos de la docencia, la investigaci\u00f3n, la cultura y la cooperaci\u00f3n al desarrollo, dentro de aquellas \u00e1reas en las cuales ambas tengan inter\u00e9s manifiesto, mismo que busca:<\/span><\/p>\n<ul style=\"text-align: justify;\">\n<li><span style=\"color: #333333;\">La ejecuci\u00f3n conjunta de proyectos y programas de investigaci\u00f3n y desarrollo.<\/span><\/li>\n<li><span style=\"color: #333333;\">Cooperaci\u00f3n en programas de\u00a0formaci\u00f3n de personal investigador y t\u00e9cnico.<\/span><\/li>\n<li><span style=\"color: #333333;\">Asesoramiento rec\u00edproco en cuestiones relacionadas con la actividad de ambas entidades.<\/span><\/li>\n<li><span style=\"color: #333333;\">Organizaci\u00f3n y ejecuci\u00f3n de actividades comunes relacionadas con la promoci\u00f3n social de la investigaci\u00f3n y el desarrollo tecnol\u00f3gico.[\/toggle]<\/span><\/li>\n<\/ul>\n<p style=\"text-align: justify;\"><span style=\"color: #333333;\">[toggle title=\u00bb<strong>IMF Business School<\/strong>\u00bb open=\u00bbno\u00bb]Es a trav\u00e9s de su\u00a0Director Corporativo Internacional,\u00a0\u00c1lvaro Dantart Pitarch, que la Divisi\u00f3n de Relaciones Internacionales de UTEL, se aproxim\u00f3 a la\u00a0<span style=\"color: #333399;\"><strong><a style=\"color: #333399;\" href=\"https:\/\/www.imf-formacion.com\">IMF Business School<\/a><\/strong><\/span>\u00a0de Madrid, para entablar una colaboraci\u00f3n cuyo principales prop\u00f3sitos son:<\/span><\/p>\n<ul style=\"text-align: justify;\">\n<li><span style=\"color: #333333;\">La impartici\u00f3n de cursos, seminarios, coloquios y reuniones bien mediante la celebraci\u00f3n conjunta o mediante la participaci\u00f3n de una de las partes a las actividades que la otra organice.<\/span><\/li>\n<li><span style=\"color: #333333;\">La promoci\u00f3n de un Programa de\u00a0Becas especiales dirigido a alumnos, egresados y empleados de\u00a0UTEL, para estudiar en condiciones econ\u00f3micas ventajosas, cualquier programa impartido por IMF.<\/span><\/li>\n<li><span style=\"color: #333333;\">La convalidaci\u00f3n mutua de materias cursadas por alumnos, con el objetivo de obtener una doble titulaci\u00f3n.<\/span><\/li>\n<li><span style=\"color: #333333;\">La ejecuci\u00f3n de programas de movilidad internacional de alumnos virtuales.<\/span><\/li>\n<li><span style=\"color: #333333;\">Acceso a webinars mensuales impartidos por IMF.[\/toggle]<\/span><\/li>\n<\/ul>\n<p style=\"text-align: justify;\"><span style=\"color: #333333;\">[toggle title=\u00bb<strong>Universidad Cat\u00f3lica de \u00c1vila<\/strong>\u00bb open=\u00bbno\u00bb]<\/span><\/p>\n<p style=\"text-align: justify;\"><span style=\"color: #333333;\">La Divisi\u00f3n de RRII de UTEL, arranc\u00f3 con pie derecho formalizando\u00a0un acuerdo de colaboraci\u00f3n con la\u00a0<strong>Universidad Cat\u00f3lica\u00a0Santa Teresa de Jes\u00fas\u00a0de\u00a0\u00c1vila\u00a0(UCAVILA)<\/strong>, instituci\u00f3n que\u00a0naci\u00f3 en 1996, con el objetivo de formar a buenos profesionales y excelentes personas, y que desde entonces hasta la actualidad, ha impartido m\u00e1s de 50 titulaciones universitarias.<\/span><\/p>\n<p style=\"text-align: justify;\"><span style=\"color: #333333;\">En 1999 incursion\u00f3 en formaci\u00f3n online, convirti\u00e9ndose en pionera en esta modalidad en Castilla Le\u00f3n. La Universidad Cat\u00f3lica de \u00c1vila es una\u00a0instituci\u00f3n\u00a0moderna y emprendedora, adaptada a las necesidades actuales de la sociedad. Por su atenci\u00f3n personalizada al alumno, planes de estudios \u00fanicos en Espa\u00f1a y posibilidades de pr\u00e1cticas, entre otros.<\/span><\/p>\n<p style=\"text-align: justify;\"><span style=\"color: #333333;\">El acuerdo de colaboraci\u00f3n con UTEL contempla entre sus principales objetivos el intercambio de informaci\u00f3n acad\u00e9mica, did\u00e1ctica y bibliogr\u00e1fica, as\u00ed como de\u00a0profesores e investigadores; la realizaci\u00f3n conjunta de estudios y proyectos docentes, acad\u00e9micos y de investigaci\u00f3n en temas de inter\u00e9s com\u00fan; la organizaci\u00f3n de conferencias, seminarios y cursos sobre tem\u00e1ticas que puedan interesar a ambas partes.[\/toggle]<\/span><\/p>\n<p style=\"text-align: justify;\"><span style=\"color: #333333;\">[toggle title=\u00bb<strong>Universidad Polit\u00e9cnica de Madrid<\/strong>\u00bb open=\u00bbno\u00bb]Asimismo, se concret\u00f3 el acuerdo de colaboraci\u00f3n con la <span style=\"color: #333399;\"><strong><a style=\"color: #333399;\" href=\"http:\/\/www.upm.es\">UPM<\/a><\/strong><\/span>, firmado por el rector Dr. Guillermo Cisneros P\u00e9rez, en el que se establecieron objetivos que benefician tanto a nuestra comunidad educativa, como a nuestros colaboradores, tales como:<\/span><\/p>\n<ul style=\"text-align: justify;\">\n<li><span style=\"color: #333333;\">El intercambio de personal acad\u00e9mico y estudiantil para prop\u00f3sitos de ense\u00f1anza e investigaci\u00f3n.<\/span><\/li>\n<li><span style=\"color: #333333;\">Participaci\u00f3n y coordinaci\u00f3n en actividades tales como proyectos conjuntos.<\/span><\/li>\n<li><span style=\"color: #333333;\">Cursos de distintos niveles y habilidades para docentes y estudiantes.<\/span><\/li>\n<li><span style=\"color: #333333;\">Intercambio mutuo de informaci\u00f3n, derivados de resultados de investigaci\u00f3n, material acad\u00e9mico y publicaciones.[\/toggle]<\/span><\/li>\n<\/ul>\n<p style=\"text-align: justify;\"><span style=\"color: #333333;\">[toggle title=\u00bb<strong>Universidad Distrital Francisco Jos\u00e9 de Caldas<\/strong>\u00bb open=\u00bbno\u00bb] Buscando concretar la misi\u00f3n compartida de facilitar el acceso al conocimiento, la <span style=\"color: #333399;\"><strong><a style=\"color: #333399;\" href=\"https:\/\/www.udistrital.edu.co\">Universidad Distrital \u201cFrancisco Jos\u00e9 de Caldas<\/a><\/strong><\/span>\u00a0de Colombia y la Universidad UTEL, concretaron un acuerdo para regular la cooperaci\u00f3n entre ambas instituciones en los campos cient\u00edficos, cultural, docente, t\u00e9cnico pedag\u00f3gico, t\u00e9cnico administrativo y de estudiantes, para permitir el desarrollo de proyectos de investigaci\u00f3n, programas de ense\u00f1anza y extensi\u00f3n, realizaci\u00f3n de eventos acad\u00e9micos en \u00e1reas de inter\u00e9s, as\u00ed como\u00a0realizar actividades y proyectos en forma conjunta en todo tipo de asuntos que resulten de inter\u00e9s para las instituciones que representan. Algunas de estas actividades son:<\/span><\/p>\n<ul style=\"text-align: justify;\">\n<li><span style=\"color: #333333;\">Desarrollo de proyectos de investigaci\u00f3n conjunta.<\/span><\/li>\n<li><span style=\"color: #333333;\">Fomentar la movilidad acad\u00e9mica de estudiantes y docentes.<\/span><\/li>\n<li><span style=\"color: #333333;\">Organizaci\u00f3n de eventos acad\u00e9micos.<\/span><\/li>\n<li><span style=\"color: #333333;\">Intercambio de publicaciones, trabajos de investigaci\u00f3n y de cualquier tipo de materiales acad\u00e9micos que resulten de inter\u00e9s, as\u00ed como las publicaciones conjuntas.<\/span><\/li>\n<li><span style=\"color: #333333;\">Gestionar proyectos espec\u00edficos de inter\u00e9s mutuo.<\/span><\/li>\n<li><span style=\"color: #333333;\">Otras colaboraciones de mutuo inter\u00e9s.[\/toggle]<\/span><\/li>\n<\/ul>\n<p style=\"text-align: justify;\"><span style=\"color: #333333;\">[\/accordian]<\/span><\/p>\n<p style=\"text-align: justify;\"><span style=\"color: #333333;\"><strong>ACERCAMIENTO CON OTRAS UNIVERSIDADES<\/strong><\/span><\/p>\n<p style=\"text-align: justify;\"><span style=\"color: #333333;\">Paralelamente existen pl\u00e1ticas con otras reconocidas instituciones internacionales, para concretar acuerdos estrat\u00e9gicos y empezar a colaborar lo antes posible. Conoce el estatus de algunos de ellos:<\/span><\/p>\n<p style=\"text-align: justify;\"><span style=\"color: #333333;\">[accordian class=\u00bb\u00bb id=\u00bb\u00bb]<\/span><br \/>\n<span style=\"color: #333333;\"> [toggle title=\u00bb<strong>UNAD Colombia<\/strong>\u00bb open=\u00bbno\u00bb]A trav\u00e9s del\u00a0Decano de la Escuela de Ciencias B\u00e1sicas, Tecnolog\u00edas e Ingenier\u00edas,<strong>\u00a0<\/strong>Claudio Camilo Gonz\u00e1lez Clavijo, se estableci\u00f3 un marco de cooperaci\u00f3n con la\u00a0<span style=\"color: #333399;\"><strong><a style=\"color: #333399;\" href=\"https:\/\/www.unad.edu.co\/\">Universidad Nacional Abierta y a Distancia de Colombia<\/a><\/strong><\/span>,<strong>\u00a0<\/strong>para beneficio mutuo, mismo que contin\u00faa en revisi\u00f3n por ambas partes para establecer proyectos concretos.[\/toggle]<\/span><\/p>\n<p style=\"text-align: justify;\"><span style=\"color: #333333;\">[toggle title=\u00bb<strong>Escuela Internacional de Doctorado CEINDO<\/strong>\u00bb open=\u00bbno\u00bb]De la Fundaci\u00f3n Universitaria San Pablo CEU de Madrid.<\/span><\/p>\n<p style=\"text-align: justify;\"><span style=\"color: #333333;\">En un encuentro entre\u00a0el Doctor Juan Manuel Ros Garc\u00eda, Secretario de la Comisi\u00f3n acad\u00e9mica del Doctorado CHTAyU (Composici\u00f3n, Historia, T\u00e9cnica en Arquitectura y Urbanismo) y el Dr. Edwin Laniado-J\u00e1come, \u00a0Director de la Oficina de Relaciones Internacionales de UTEL, que se llev\u00f3 a cabo\u00a0el pasado 30 de enero en Madrid, se presentaron las misiones y estrategias de ambas instituciones y las convergencias entre los estilos acad\u00e9micos.<\/span><\/p>\n<p style=\"text-align: justify;\"><span style=\"color: #333333;\">Este encuentro\u00a0abre la posibilidad de un convenio marco de transferencia acad\u00e9mica, que podr\u00eda llevar a la incorporaci\u00f3n de nuevos esquemas de doctorado para los alumnos y egresados de nuestra instituci\u00f3n.[\/toggle]<\/span><\/p>\n<p style=\"text-align: justify;\"><span style=\"color: #333333;\">[toggle title=\u00bb<strong>Universidad de Alcal\u00e1 de Henares<\/strong>\u00bb open=\u00bbno\u00bb] La <span style=\"color: #333399;\"><strong><a style=\"color: #333399;\" href=\"https:\/\/www.uah.es\/es\/\" target=\"_blank\" rel=\"noopener\">UAH<\/a><\/strong><\/span> es reconocida por los principales rankings nacionales e internacionales tanto en t\u00e9rminos globales, como en docencia, empleabilidad, internacionalizaci\u00f3n, productividad investigadora, innovaci\u00f3n, equipamiento e infraestructuras, sostenibilidad y compromiso social, por ello buscamos concretar un acuerdo para promover acciones conjuntas encaminadas a fomentar la investigaci\u00f3n en com\u00fan, la formaci\u00f3n de estudiantes, la movilidad de profesores y alumnos.[\/toggle]<\/span><\/p>\n<p style=\"text-align: justify;\"><span style=\"color: #333333;\">[toggle title=\u00bb<strong>Centro de Investigaciones Energ\u00e9ticas Medioambientales y Tecnol\u00f3gicas<\/strong>\u00bb open=\u00bbno\u00bb] El <strong><span style=\"color: #333399;\"><a style=\"color: #333399;\" href=\"http:\/\/www.ciemat.es\" target=\"_blank\" rel=\"noopener\">CIEMAT<\/a><\/span>\u00a0<\/strong>es un organismo p\u00fablico de investigaci\u00f3n que trabaja estrechamente con instituciones, universidades y empresas de los \u00e1mbitos de la energ\u00eda y el medio ambiente, con el fin de transferir los conocimientos y favorecer el impulso de la innovaci\u00f3n.<\/span><\/p>\n<p style=\"text-align: justify;\"><span style=\"color: #333333;\">Actualmente se encuentra concretando un acuerdo con UTEL, para facilitar la realizaci\u00f3n de proyectos conjuntos de inter\u00e9s mutuo en el campo de la ciencia, la tecnolog\u00eda y la innovaci\u00f3n, que contempla el desarrollo de proyectos en colaboraci\u00f3n, intercambio de informaci\u00f3n y personal investigador, organizaci\u00f3n de congresos, entre otras acciones.[\/toggle]<\/span><\/p>\n<p style=\"text-align: justify;\"><span style=\"color: #333333;\">[toggle title=\u00bb<strong> Universidad de Salamanca<\/strong>\u00bb open=\u00bbno\u00bb] La <strong>USAL<\/strong> es la universidad m\u00e1s antigua de Espa\u00f1a y del mundo hisp\u00e1nico y la tercera m\u00e1s antigua de Europa, buscando promover la investigaci\u00f3n aplicada y la innovaci\u00f3n tecnol\u00f3gica e industrial, ha colaborado con empresas y administraciones p\u00fablicas, actualmente se encuentra en pl\u00e1ticas para establecer un espacio de colaboraci\u00f3n con la Universidad UTEL, que les permita investigar en los campos de sus competencias, desarrollar proyectos de investigaci\u00f3n conjunta, fomentar la movilidad acad\u00e9mica de estudiantes y docentes, entre otras acciones.[\/toggle]<\/span><br \/>\n<span style=\"color: #333333;\"> [\/accordian]<\/span><\/p>\n<h4 style=\"text-align: justify;\"><span style=\"color: #333333;\"><strong>Fecha de \u00faltima actualizaci\u00f3n:\u00a011 de diciembre de 2019.<\/strong><\/span><\/h4>\n<div id=\"advads-2498178007\" class=\"advads-cta-lp-banner-form advads-entity-placement\"><a href=\"https:\/\/utel.mx\/blog\/admisiones-universidad-online\/?utm_source=blog&#038;utm_medium=CTAlink&#038;utm_campaign=MKTseo\" aria-label=\"Universidad en linea\"><img src=\"https:\/\/utel.mx\/blog\/wp-content\/uploads\/2025\/04\/universidad-en-linea-1.png\" alt=\"Universidad en linea\"  srcset=\"https:\/\/utel.mx\/blog\/wp-content\/uploads\/2025\/04\/universidad-en-linea-1.png 626w, https:\/\/utel.mx\/blog\/wp-content\/uploads\/2025\/04\/universidad-en-linea-1-420x168.png 420w\" sizes=\"(max-width: 626px) 100vw, 626px\" width=\"626\" height=\"250\"   \/><\/a><\/div>","protected":false},"excerpt":{"rendered":"<p> [&hellip;]<\/p>\n","protected":false},"author":35,"featured_media":28567,"comment_status":"closed","ping_status":"open","sticky":false,"template":"","format":"standard","meta":{"_acf_changed":false,"site-sidebar-layout":"default","site-content-layout":"","ast-site-content-layout":"","site-content-style":"default","site-sidebar-style":"default","ast-global-header-display":"","ast-banner-title-visibility":"","ast-main-header-display":"","ast-hfb-above-header-display":"","ast-hfb-below-header-display":"","ast-hfb-mobile-header-display":"","site-post-title":"","ast-breadcrumbs-content":"","ast-featured-img":"","footer-sml-layout":"","theme-transparent-header-meta":"","adv-header-id-meta":"","stick-header-meta":"","header-above-stick-meta":"","header-main-stick-meta":"","header-below-stick-meta":"","astra-migrate-meta-layouts":"default","ast-page-background-enabled":"default","ast-page-background-meta":{"desktop":{"background-color":"var(--ast-global-color-4)","background-image":"","background-repeat":"repeat","background-position":"center center","background-size":"auto","background-attachment":"scroll","background-type":"","background-media":"","overlay-type":"","overlay-color":"","overlay-gradient":""},"tablet":{"background-color":"","background-image":"","background-repeat":"repeat","background-position":"center center","background-size":"auto","background-attachment":"scroll","background-type":"","background-media":"","overlay-type":"","overlay-color":"","overlay-gradient":""},"mobile":{"background-color":"","background-image":"","background-repeat":"repeat","background-position":"center center","background-size":"auto","background-attachment":"scroll","background-type":"","background-media":"","overlay-type":"","overlay-color":"","overlay-gradient":""}},"ast-content-background-meta":{"desktop":{"background-color":"var(--ast-global-color-5)","background-image":"","background-repeat":"repeat","background-position":"center center","background-size":"auto","background-attachment":"scroll","background-type":"","background-media":"","overlay-type":"","overlay-color":"","overlay-gradient":""},"tablet":{"background-color":"var(--ast-global-color-5)","background-image":"","background-repeat":"repeat","background-position":"center center","background-size":"auto","background-attachment":"scroll","background-type":"","background-media":"","overlay-type":"","overlay-color":"","overlay-gradient":""},"mobile":{"background-color":"var(--ast-global-color-5)","background-image":"","background-repeat":"repeat","background-position":"center center","background-size":"auto","background-attachment":"scroll","background-type":"","background-media":"","overlay-type":"","overlay-color":"","overlay-gradient":""}},"footnotes":""},"categories":[34],"tags":[],"class_list":["post-28539","post","type-post","status-publish","format-standard","has-post-thumbnail","hentry","category-vida-utel"],"acf":[],"yoast_head":"<!-- This site is optimized with the Yoast SEO plugin v26.8 - https:\/\/yoast.com\/product\/yoast-seo-wordpress\/ -->\n<title>Convenios institucionales de UTEL Internacional - BLOG | Utel<\/title>\n<meta name=\"description\" content=\"La Divisi\u00f3n de Relaciones Internacionales de UTEL inici\u00f3 operaciones en Espa\u00f1a. \u00a1Conoce el estatus de algunos de nuestros convenios institucionales!\" \/>\n<meta name=\"robots\" content=\"index, follow, max-snippet:-1, max-image-preview:large, max-video-preview:-1\" \/>\n<link rel=\"canonical\" href=\"https:\/\/utel.mx\/blog\/vida-utel\/convenios-institucionales-de-utel-internacional\/\" \/>\n<meta property=\"og:locale\" content=\"es_ES\" \/>\n<meta property=\"og:type\" content=\"article\" \/>\n<meta property=\"og:title\" content=\"Convenios institucionales de UTEL Internacional - BLOG | Utel\" \/>\n<meta property=\"og:description\" content=\"La Divisi\u00f3n de Relaciones Internacionales de UTEL inici\u00f3 operaciones en Espa\u00f1a. \u00a1Conoce el estatus de algunos de nuestros convenios institucionales!\" \/>\n<meta property=\"og:url\" content=\"https:\/\/utel.mx\/blog\/vida-utel\/convenios-institucionales-de-utel-internacional\/\" \/>\n<meta property=\"og:site_name\" content=\"BLOG | Utel\" \/>\n<meta property=\"article:published_time\" content=\"2019-12-11T08:00:47+00:00\" \/>\n<meta property=\"article:modified_time\" content=\"2023-03-10T17:12:12+00:00\" \/>\n<meta property=\"og:image\" content=\"https:\/\/utel.mx\/blog\/wp-content\/uploads\/2018\/04\/Utel-Internacional2.jpg\" \/>\n\t<meta property=\"og:image:width\" content=\"600\" \/>\n\t<meta property=\"og:image:height\" content=\"300\" \/>\n\t<meta property=\"og:image:type\" content=\"image\/jpeg\" \/>\n<meta name=\"author\" content=\"Atenci\u00f3n UTEL\" \/>\n<meta name=\"twitter:label1\" content=\"Written by\" \/>\n\t<meta name=\"twitter:data1\" content=\"Atenci\u00f3n UTEL\" \/>\n\t<meta name=\"twitter:label2\" content=\"Est. reading time\" \/>\n\t<meta name=\"twitter:data2\" content=\"9 minutos\" \/>\n<script type=\"application\/ld+json\" class=\"yoast-schema-graph\">{\"@context\":\"https:\/\/schema.org\",\"@graph\":[{\"@type\":\"Article\",\"@id\":\"https:\/\/utel.mx\/blog\/vida-utel\/convenios-institucionales-de-utel-internacional\/#article\",\"isPartOf\":{\"@id\":\"https:\/\/utel.mx\/blog\/vida-utel\/convenios-institucionales-de-utel-internacional\/\"},\"author\":{\"name\":\"Atenci\u00f3n UTEL\",\"@id\":\"https:\/\/utel.mx\/blog\/#\/schema\/person\/e89b77a791677694038ddb6f0b86bcf0\"},\"headline\":\"Convenios institucionales de UTEL Internacional\",\"datePublished\":\"2019-12-11T08:00:47+00:00\",\"dateModified\":\"2023-03-10T17:12:12+00:00\",\"mainEntityOfPage\":{\"@id\":\"https:\/\/utel.mx\/blog\/vida-utel\/convenios-institucionales-de-utel-internacional\/\"},\"wordCount\":1705,\"publisher\":{\"@id\":\"https:\/\/utel.mx\/blog\/#organization\"},\"image\":{\"@id\":\"https:\/\/utel.mx\/blog\/vida-utel\/convenios-institucionales-de-utel-internacional\/#primaryimage\"},\"thumbnailUrl\":\"https:\/\/utel.mx\/blog\/wp-content\/uploads\/2018\/04\/Utel-Internacional2.jpg\",\"articleSection\":[\"Vida Utel\"],\"inLanguage\":\"es\"},{\"@type\":\"WebPage\",\"@id\":\"https:\/\/utel.mx\/blog\/vida-utel\/convenios-institucionales-de-utel-internacional\/\",\"url\":\"https:\/\/utel.mx\/blog\/vida-utel\/convenios-institucionales-de-utel-internacional\/\",\"name\":\"Convenios institucionales de UTEL Internacional - BLOG | Utel\",\"isPartOf\":{\"@id\":\"https:\/\/utel.mx\/blog\/#website\"},\"primaryImageOfPage\":{\"@id\":\"https:\/\/utel.mx\/blog\/vida-utel\/convenios-institucionales-de-utel-internacional\/#primaryimage\"},\"image\":{\"@id\":\"https:\/\/utel.mx\/blog\/vida-utel\/convenios-institucionales-de-utel-internacional\/#primaryimage\"},\"thumbnailUrl\":\"https:\/\/utel.mx\/blog\/wp-content\/uploads\/2018\/04\/Utel-Internacional2.jpg\",\"datePublished\":\"2019-12-11T08:00:47+00:00\",\"dateModified\":\"2023-03-10T17:12:12+00:00\",\"description\":\"La Divisi\u00f3n de Relaciones Internacionales de UTEL inici\u00f3 operaciones en Espa\u00f1a. \u00a1Conoce el estatus de algunos de nuestros convenios institucionales!\",\"breadcrumb\":{\"@id\":\"https:\/\/utel.mx\/blog\/vida-utel\/convenios-institucionales-de-utel-internacional\/#breadcrumb\"},\"inLanguage\":\"es\",\"potentialAction\":[{\"@type\":\"ReadAction\",\"target\":[\"https:\/\/utel.mx\/blog\/vida-utel\/convenios-institucionales-de-utel-internacional\/\"]}]},{\"@type\":\"ImageObject\",\"inLanguage\":\"es\",\"@id\":\"https:\/\/utel.mx\/blog\/vida-utel\/convenios-institucionales-de-utel-internacional\/#primaryimage\",\"url\":\"https:\/\/utel.mx\/blog\/wp-content\/uploads\/2018\/04\/Utel-Internacional2.jpg\",\"contentUrl\":\"https:\/\/utel.mx\/blog\/wp-content\/uploads\/2018\/04\/Utel-Internacional2.jpg\",\"width\":600,\"height\":300,\"caption\":\"UTEL Internacional - Acercamiento entre universidades\"},{\"@type\":\"BreadcrumbList\",\"@id\":\"https:\/\/utel.mx\/blog\/vida-utel\/convenios-institucionales-de-utel-internacional\/#breadcrumb\",\"itemListElement\":[{\"@type\":\"ListItem\",\"position\":1,\"name\":\"Home\",\"item\":\"https:\/\/utel.mx\/blog\/\"},{\"@type\":\"ListItem\",\"position\":2,\"name\":\"Convenios institucionales de UTEL Internacional\"}]},{\"@type\":\"WebSite\",\"@id\":\"https:\/\/utel.mx\/blog\/#website\",\"url\":\"https:\/\/utel.mx\/blog\/\",\"name\":\"BLOG | Utel\",\"description\":\"Blog UTEL Universidad en L\u00ednea\",\"publisher\":{\"@id\":\"https:\/\/utel.mx\/blog\/#organization\"},\"potentialAction\":[{\"@type\":\"SearchAction\",\"target\":{\"@type\":\"EntryPoint\",\"urlTemplate\":\"https:\/\/utel.mx\/blog\/?s={search_term_string}\"},\"query-input\":{\"@type\":\"PropertyValueSpecification\",\"valueRequired\":true,\"valueName\":\"search_term_string\"}}],\"inLanguage\":\"es\"},{\"@type\":\"Organization\",\"@id\":\"https:\/\/utel.mx\/blog\/#organization\",\"name\":\"BLOG | Utel\",\"url\":\"https:\/\/utel.mx\/blog\/\",\"logo\":{\"@type\":\"ImageObject\",\"inLanguage\":\"es\",\"@id\":\"https:\/\/utel.mx\/blog\/#\/schema\/logo\/image\/\",\"url\":\"https:\/\/utel.mx\/blog\/wp-content\/uploads\/2023\/03\/cropped-logo-blog.png\",\"contentUrl\":\"https:\/\/utel.mx\/blog\/wp-content\/uploads\/2023\/03\/cropped-logo-blog.png\",\"width\":237,\"height\":64,\"caption\":\"BLOG | Utel\"},\"image\":{\"@id\":\"https:\/\/utel.mx\/blog\/#\/schema\/logo\/image\/\"}},{\"@type\":\"Person\",\"@id\":\"https:\/\/utel.mx\/blog\/#\/schema\/person\/e89b77a791677694038ddb6f0b86bcf0\",\"name\":\"Atenci\u00f3n UTEL\",\"image\":{\"@type\":\"ImageObject\",\"inLanguage\":\"es\",\"@id\":\"https:\/\/utel.mx\/blog\/#\/schema\/person\/image\/\",\"url\":\"https:\/\/secure.gravatar.com\/avatar\/0f2e292560db6ef4c12c79e95db21666?s=96&d=mm&r=g\",\"contentUrl\":\"https:\/\/secure.gravatar.com\/avatar\/0f2e292560db6ef4c12c79e95db21666?s=96&d=mm&r=g\",\"caption\":\"Atenci\u00f3n UTEL\"}}]}<\/script>\n<!-- \/ Yoast SEO plugin. -->","yoast_head_json":{"title":"Convenios institucionales de UTEL Internacional - BLOG | Utel","description":"La Divisi\u00f3n de Relaciones Internacionales de UTEL inici\u00f3 operaciones en Espa\u00f1a. \u00a1Conoce el estatus de algunos de nuestros convenios institucionales!","robots":{"index":"index","follow":"follow","max-snippet":"max-snippet:-1","max-image-preview":"max-image-preview:large","max-video-preview":"max-video-preview:-1"},"canonical":"https:\/\/utel.mx\/blog\/vida-utel\/convenios-institucionales-de-utel-internacional\/","og_locale":"es_ES","og_type":"article","og_title":"Convenios institucionales de UTEL Internacional - BLOG | Utel","og_description":"La Divisi\u00f3n de Relaciones Internacionales de UTEL inici\u00f3 operaciones en Espa\u00f1a. \u00a1Conoce el estatus de algunos de nuestros convenios institucionales!","og_url":"https:\/\/utel.mx\/blog\/vida-utel\/convenios-institucionales-de-utel-internacional\/","og_site_name":"BLOG | Utel","article_published_time":"2019-12-11T08:00:47+00:00","article_modified_time":"2023-03-10T17:12:12+00:00","og_image":[{"width":600,"height":300,"url":"https:\/\/utel.mx\/blog\/wp-content\/uploads\/2018\/04\/Utel-Internacional2.jpg","type":"image\/jpeg"}],"author":"Atenci\u00f3n UTEL","twitter_misc":{"Written by":"Atenci\u00f3n UTEL","Est. reading time":"9 minutos"},"schema":{"@context":"https:\/\/schema.org","@graph":[{"@type":"Article","@id":"https:\/\/utel.mx\/blog\/vida-utel\/convenios-institucionales-de-utel-internacional\/#article","isPartOf":{"@id":"https:\/\/utel.mx\/blog\/vida-utel\/convenios-institucionales-de-utel-internacional\/"},"author":{"name":"Atenci\u00f3n UTEL","@id":"https:\/\/utel.mx\/blog\/#\/schema\/person\/e89b77a791677694038ddb6f0b86bcf0"},"headline":"Convenios institucionales de UTEL Internacional","datePublished":"2019-12-11T08:00:47+00:00","dateModified":"2023-03-10T17:12:12+00:00","mainEntityOfPage":{"@id":"https:\/\/utel.mx\/blog\/vida-utel\/convenios-institucionales-de-utel-internacional\/"},"wordCount":1705,"publisher":{"@id":"https:\/\/utel.mx\/blog\/#organization"},"image":{"@id":"https:\/\/utel.mx\/blog\/vida-utel\/convenios-institucionales-de-utel-internacional\/#primaryimage"},"thumbnailUrl":"https:\/\/utel.mx\/blog\/wp-content\/uploads\/2018\/04\/Utel-Internacional2.jpg","articleSection":["Vida Utel"],"inLanguage":"es"},{"@type":"WebPage","@id":"https:\/\/utel.mx\/blog\/vida-utel\/convenios-institucionales-de-utel-internacional\/","url":"https:\/\/utel.mx\/blog\/vida-utel\/convenios-institucionales-de-utel-internacional\/","name":"Convenios institucionales de UTEL Internacional - BLOG | Utel","isPartOf":{"@id":"https:\/\/utel.mx\/blog\/#website"},"primaryImageOfPage":{"@id":"https:\/\/utel.mx\/blog\/vida-utel\/convenios-institucionales-de-utel-internacional\/#primaryimage"},"image":{"@id":"https:\/\/utel.mx\/blog\/vida-utel\/convenios-institucionales-de-utel-internacional\/#primaryimage"},"thumbnailUrl":"https:\/\/utel.mx\/blog\/wp-content\/uploads\/2018\/04\/Utel-Internacional2.jpg","datePublished":"2019-12-11T08:00:47+00:00","dateModified":"2023-03-10T17:12:12+00:00","description":"La Divisi\u00f3n de Relaciones Internacionales de UTEL inici\u00f3 operaciones en Espa\u00f1a. \u00a1Conoce el estatus de algunos de nuestros convenios institucionales!","breadcrumb":{"@id":"https:\/\/utel.mx\/blog\/vida-utel\/convenios-institucionales-de-utel-internacional\/#breadcrumb"},"inLanguage":"es","potentialAction":[{"@type":"ReadAction","target":["https:\/\/utel.mx\/blog\/vida-utel\/convenios-institucionales-de-utel-internacional\/"]}]},{"@type":"ImageObject","inLanguage":"es","@id":"https:\/\/utel.mx\/blog\/vida-utel\/convenios-institucionales-de-utel-internacional\/#primaryimage","url":"https:\/\/utel.mx\/blog\/wp-content\/uploads\/2018\/04\/Utel-Internacional2.jpg","contentUrl":"https:\/\/utel.mx\/blog\/wp-content\/uploads\/2018\/04\/Utel-Internacional2.jpg","width":600,"height":300,"caption":"UTEL Internacional - Acercamiento entre universidades"},{"@type":"BreadcrumbList","@id":"https:\/\/utel.mx\/blog\/vida-utel\/convenios-institucionales-de-utel-internacional\/#breadcrumb","itemListElement":[{"@type":"ListItem","position":1,"name":"Home","item":"https:\/\/utel.mx\/blog\/"},{"@type":"ListItem","position":2,"name":"Convenios institucionales de UTEL Internacional"}]},{"@type":"WebSite","@id":"https:\/\/utel.mx\/blog\/#website","url":"https:\/\/utel.mx\/blog\/","name":"BLOG | Utel","description":"Blog UTEL Universidad en L\u00ednea","publisher":{"@id":"https:\/\/utel.mx\/blog\/#organization"},"potentialAction":[{"@type":"SearchAction","target":{"@type":"EntryPoint","urlTemplate":"https:\/\/utel.mx\/blog\/?s={search_term_string}"},"query-input":{"@type":"PropertyValueSpecification","valueRequired":true,"valueName":"search_term_string"}}],"inLanguage":"es"},{"@type":"Organization","@id":"https:\/\/utel.mx\/blog\/#organization","name":"BLOG | Utel","url":"https:\/\/utel.mx\/blog\/","logo":{"@type":"ImageObject","inLanguage":"es","@id":"https:\/\/utel.mx\/blog\/#\/schema\/logo\/image\/","url":"https:\/\/utel.mx\/blog\/wp-content\/uploads\/2023\/03\/cropped-logo-blog.png","contentUrl":"https:\/\/utel.mx\/blog\/wp-content\/uploads\/2023\/03\/cropped-logo-blog.png","width":237,"height":64,"caption":"BLOG | Utel"},"image":{"@id":"https:\/\/utel.mx\/blog\/#\/schema\/logo\/image\/"}},{"@type":"Person","@id":"https:\/\/utel.mx\/blog\/#\/schema\/person\/e89b77a791677694038ddb6f0b86bcf0","name":"Atenci\u00f3n UTEL","image":{"@type":"ImageObject","inLanguage":"es","@id":"https:\/\/utel.mx\/blog\/#\/schema\/person\/image\/","url":"https:\/\/secure.gravatar.com\/avatar\/0f2e292560db6ef4c12c79e95db21666?s=96&d=mm&r=g","contentUrl":"https:\/\/secure.gravatar.com\/avatar\/0f2e292560db6ef4c12c79e95db21666?s=96&d=mm&r=g","caption":"Atenci\u00f3n UTEL"}}]}},"_links":{"self":[{"href":"https:\/\/utel.mx\/blog\/wp-json\/wp\/v2\/posts\/28539","targetHints":{"allow":["GET"]}}],"collection":[{"href":"https:\/\/utel.mx\/blog\/wp-json\/wp\/v2\/posts"}],"about":[{"href":"https:\/\/utel.mx\/blog\/wp-json\/wp\/v2\/types\/post"}],"author":[{"embeddable":true,"href":"https:\/\/utel.mx\/blog\/wp-json\/wp\/v2\/users\/35"}],"replies":[{"embeddable":true,"href":"https:\/\/utel.mx\/blog\/wp-json\/wp\/v2\/comments?post=28539"}],"version-history":[{"count":2,"href":"https:\/\/utel.mx\/blog\/wp-json\/wp\/v2\/posts\/28539\/revisions"}],"predecessor-version":[{"id":47656,"href":"https:\/\/utel.mx\/blog\/wp-json\/wp\/v2\/posts\/28539\/revisions\/47656"}],"wp:featuredmedia":[{"embeddable":true,"href":"https:\/\/utel.mx\/blog\/wp-json\/wp\/v2\/media\/28567"}],"wp:attachment":[{"href":"https:\/\/utel.mx\/blog\/wp-json\/wp\/v2\/media?parent=28539"}],"wp:term":[{"taxonomy":"category","embeddable":true,"href":"https:\/\/utel.mx\/blog\/wp-json\/wp\/v2\/categories?post=28539"},{"taxonomy":"post_tag","embeddable":true,"href":"https:\/\/utel.mx\/blog\/wp-json\/wp\/v2\/tags?post=28539"}],"curies":[{"name":"wp","href":"https:\/\/api.w.org\/{rel}","templated":true}]}}