{"id":35166,"date":"2020-09-18T14:34:00","date_gmt":"2020-09-18T14:34:00","guid":{"rendered":"http:\/\/utel.mx\/blog\/?p=35166"},"modified":"2023-03-10T17:11:41","modified_gmt":"2023-03-10T17:11:41","slug":"la-importancia-de-una-imagen-corporativa","status":"publish","type":"post","link":"https:\/\/utel.mx\/blog\/tendencias\/la-importancia-de-una-imagen-corporativa\/","title":{"rendered":"La importancia de una imagen corporativa"},"content":{"rendered":"<p style=\"text-align: justify;\"><span style=\"color: #000000;\">Frente al impacto econ\u00f3mico que tuvo la pandemia en cada familia latinoamericana surgieron nuevos emprendimientos. Con el fin de tener un ingreso en cada hogar, distintas familias realizaron nuevos conceptos de negocio; sin embargo, pocos conocen el manejo de una marca y sobre todo de c\u00f3mo crear su imagen corporativa.<\/span><\/p>\n<h2><span style=\"color: #000000;\">\u00bfCu\u00e1l es la importancia de la imagen corporativa?<\/span><\/h2>\n<p style=\"text-align: justify;\"><span style=\"color: #000000;\">Seg\u00fan Capriotti, la imagen corporativa es importante para que la marca ocupe un espacio en la mente del p\u00fablico, es decir, que esta empresa o producto exista en la mente del consumidor. Otro punto que nos menciona Capriotti, es que<strong> la imagen corporativa facilitar\u00e1 la diferencia de una organizaci\u00f3n con otra creando valor para los p\u00fablicos.<\/strong> Adem\u00e1s, como \u00faltimo punto de importancia, nos menciona que poseer una imagen corporativa definida ayudar\u00e1 a que las personas tengan una referencia de la marca, ya que su decisi\u00f3n de compra se ve afectada, en mayor parte, por la informaci\u00f3n, imagen o situaci\u00f3n del entorno.<\/span><\/p>\n<p style=\"text-align: justify;\"><span style=\"color: #000000;\">Sin embargo, el uso de la comunicaci\u00f3n y creaci\u00f3n de marcas en internet ha llevado a tener una gran variedad de mensajes y saturaci\u00f3n de conceptos visuales en donde el consumidor cada vez se hace m\u00e1s fiel a una marca por su valor, reputaci\u00f3n y costo, es por eso que <strong>la imagen corporativa bien establecida genera confianza<\/strong> y logra captar la atenci\u00f3n del p\u00fablico objetivo haciendo que el cliente se enamore de la marca.<\/span><\/p>\n<p style=\"text-align: justify;\"><span style=\"color: #000000;\">De modo que, al momento de invertir en imagen corporativa tu marca generar\u00e1 un mayor posicionamiento y diferenciaci\u00f3n frente a la competencia. Los siguientes consejos te ayudar\u00e1n a impulsar mejor tu marca y dejar de hacerlo intuitivamente:<\/span><\/p>\n<p style=\"text-align: justify;\"><span style=\"color: #000000;\">Construye tu identidad e inicia pregunt\u00e1ndote <strong>\u00bfc\u00f3mo quieres ser visto? y \u00bfqu\u00e9 deseas transmitir en tu marca? <\/strong>Ten claros tus objetivos y sobre todo a qu\u00e9 p\u00fablico quieres llegar, esto te ayudar\u00e1 para definir la parte gr\u00e1fica, como, por ejemplo, los colores que se utilizar\u00e1n para construir tu logotipo y que ser\u00e1n parte de tu identidad, gu\u00edate de un experto en dise\u00f1o para que puedan elegir lo que va mejor y lo que quieres transmitir. Recuerda que la parte gr\u00e1fica es muy importante para diferenciarte, tanto en redes sociales como para utilizar en alg\u00fan otro material empresarial.<\/span><\/p>\n<p style=\"text-align: justify;\"><span style=\"color: #000000;\">Otro punto que te ayudar\u00e1 en tu imagen corporativa es tener un <strong>concepto de marca que conecte con tu p\u00fablico<\/strong>. \u201cBrand inteligente\u201d define al concepto de marca como <strong>\u201cla esencia de la misma, la expresi\u00f3n m\u00e1s simple y breve de lo que una marca representa.\u201d<\/strong><\/span><\/p>\n<h3><span style=\"color: #000000;\">El contenido de valor<\/span><\/h3>\n<p style=\"text-align: justify;\"><span style=\"color: #000000;\">Por \u00faltimo, pero no menos importante, la creaci\u00f3n de contenido de valor es lo que atraer\u00e1 a tus potenciales clientes. Para esto debes saber qu\u00e9 les gusta, cu\u00e1l es el contenido que les atrae y, con base en ello, adaptar, mejorar e innovar el contenido de tu marca. No est\u00e1 de m\u00e1s mencionar que el contenido que se transmite debe ir de la mano con el concepto de la marca para dejar un mensaje claro de lo que se desea reflejar y c\u00f3mo se desea ser percibido.<\/span><\/p>\n<p style=\"text-align: justify;\"><span style=\"color: #000000;\">Por consiguiente, a pesar de todos los retos que conlleva impulsar tu negocio a trav\u00e9s de canales digitales, el correcto desarrollo de la imagen corporativa en el mercado lleva a una empresa a tener definida su identidad, a crear una marca reconocida y generar credibilidad, impulsando a que su p\u00fablico objetivo desde el aspecto visual la conozca y cree una percepci\u00f3n mental de la marca.<\/span><\/p>\n<p style=\"text-align: justify;\"><span style=\"color: #000000;\"><strong>Las nuevas generaciones se ven identificadas con lo que una empresa dice, pero lo est\u00e1n a\u00fan m\u00e1s con la que lo aplica <\/strong>y la manera m\u00e1s efectiva de comunicar estas acciones o logros es a trav\u00e9s de los medios digitales, ya que son masivos y pueden potenciar la imagen de una marca frente a los p\u00fablicos a los que van dirigidas. Un correcto uso de la informaci\u00f3n emitida en dichos medios, ser\u00e1 crucial para construir de cero y mantener a largo plazo la imagen que una empresa desea proyectar. Sin embargo, un uso incorrecto de esta informaci\u00f3n, puede destruir en segundos, lo que se logr\u00f3 en mucho tiempo.<\/span><\/p>\n<p style=\"text-align: justify;\"><span style=\"color: #000000;\"><strong>Gabriela Arrieta<br \/>\n<\/strong><strong>Equipo de Branding &amp; PR<br \/>\nUTEL Internacional<\/strong><\/span><\/p>\n<div id=\"advads-266852595\" class=\"advads-cta-lp-banner-form advads-entity-placement\"><a href=\"https:\/\/utel.mx\/blog\/admisiones-universidad-online\/?utm_source=blog&#038;utm_medium=CTAlink&#038;utm_campaign=MKTseo\" aria-label=\"Universidad en linea\"><img src=\"https:\/\/utel.mx\/blog\/wp-content\/uploads\/2025\/04\/universidad-en-linea-1.png\" alt=\"Universidad en linea\"  srcset=\"https:\/\/utel.mx\/blog\/wp-content\/uploads\/2025\/04\/universidad-en-linea-1.png 626w, https:\/\/utel.mx\/blog\/wp-content\/uploads\/2025\/04\/universidad-en-linea-1-420x168.png 420w\" sizes=\"(max-width: 626px) 100vw, 626px\" width=\"626\" height=\"250\"   \/><\/a><\/div>","protected":false},"excerpt":{"rendered":"<p> [&hellip;]<\/p>\n","protected":false},"author":35,"featured_media":35167,"comment_status":"closed","ping_status":"open","sticky":false,"template":"","format":"standard","meta":{"_acf_changed":false,"site-sidebar-layout":"default","site-content-layout":"","ast-site-content-layout":"","site-content-style":"default","site-sidebar-style":"default","ast-global-header-display":"","ast-banner-title-visibility":"","ast-main-header-display":"","ast-hfb-above-header-display":"","ast-hfb-below-header-display":"","ast-hfb-mobile-header-display":"","site-post-title":"","ast-breadcrumbs-content":"","ast-featured-img":"","footer-sml-layout":"","theme-transparent-header-meta":"","adv-header-id-meta":"","stick-header-meta":"","header-above-stick-meta":"","header-main-stick-meta":"","header-below-stick-meta":"","astra-migrate-meta-layouts":"default","ast-page-background-enabled":"default","ast-page-background-meta":{"desktop":{"background-color":"var(--ast-global-color-4)","background-image":"","background-repeat":"repeat","background-position":"center center","background-size":"auto","background-attachment":"scroll","background-type":"","background-media":"","overlay-type":"","overlay-color":"","overlay-gradient":""},"tablet":{"background-color":"","background-image":"","background-repeat":"repeat","background-position":"center center","background-size":"auto","background-attachment":"scroll","background-type":"","background-media":"","overlay-type":"","overlay-color":"","overlay-gradient":""},"mobile":{"background-color":"","background-image":"","background-repeat":"repeat","background-position":"center center","background-size":"auto","background-attachment":"scroll","background-type":"","background-media":"","overlay-type":"","overlay-color":"","overlay-gradient":""}},"ast-content-background-meta":{"desktop":{"background-color":"var(--ast-global-color-5)","background-image":"","background-repeat":"repeat","background-position":"center center","background-size":"auto","background-attachment":"scroll","background-type":"","background-media":"","overlay-type":"","overlay-color":"","overlay-gradient":""},"tablet":{"background-color":"var(--ast-global-color-5)","background-image":"","background-repeat":"repeat","background-position":"center center","background-size":"auto","background-attachment":"scroll","background-type":"","background-media":"","overlay-type":"","overlay-color":"","overlay-gradient":""},"mobile":{"background-color":"var(--ast-global-color-5)","background-image":"","background-repeat":"repeat","background-position":"center center","background-size":"auto","background-attachment":"scroll","background-type":"","background-media":"","overlay-type":"","overlay-color":"","overlay-gradient":""}},"footnotes":""},"categories":[3505],"tags":[],"class_list":["post-35166","post","type-post","status-publish","format-standard","has-post-thumbnail","hentry","category-tendencias"],"acf":[],"yoast_head":"<!-- This site is optimized with the Yoast SEO plugin v26.8 - https:\/\/yoast.com\/product\/yoast-seo-wordpress\/ -->\n<title>La importancia de una imagen corporativa - BLOG | Utel<\/title>\n<meta name=\"description\" content=\"La imagen corporativa es importante para que una marca exista en la mente del consumidor. \u00a1Conoce su importancia y algunos tips para implementarla!\" \/>\n<meta name=\"robots\" content=\"index, follow, max-snippet:-1, max-image-preview:large, max-video-preview:-1\" \/>\n<link rel=\"canonical\" href=\"https:\/\/utel.mx\/blog\/tendencias\/la-importancia-de-una-imagen-corporativa\/\" \/>\n<meta property=\"og:locale\" content=\"es_ES\" \/>\n<meta property=\"og:type\" content=\"article\" \/>\n<meta property=\"og:title\" content=\"La importancia de una imagen corporativa - BLOG | Utel\" \/>\n<meta property=\"og:description\" content=\"La imagen corporativa es importante para que una marca exista en la mente del consumidor. \u00a1Conoce su importancia y algunos tips para implementarla!\" \/>\n<meta property=\"og:url\" content=\"https:\/\/utel.mx\/blog\/tendencias\/la-importancia-de-una-imagen-corporativa\/\" \/>\n<meta property=\"og:site_name\" content=\"BLOG | Utel\" \/>\n<meta property=\"article:published_time\" content=\"2020-09-18T14:34:00+00:00\" \/>\n<meta property=\"article:modified_time\" content=\"2023-03-10T17:11:41+00:00\" \/>\n<meta property=\"og:image\" content=\"https:\/\/utel.mx\/blog\/wp-content\/uploads\/2020\/09\/La-importancia-de-una-imagen-corporativa.jpg\" \/>\n\t<meta property=\"og:image:width\" content=\"600\" \/>\n\t<meta property=\"og:image:height\" content=\"300\" \/>\n\t<meta property=\"og:image:type\" content=\"image\/jpeg\" \/>\n<meta name=\"author\" content=\"Atenci\u00f3n UTEL\" \/>\n<meta name=\"twitter:label1\" content=\"Written by\" \/>\n\t<meta name=\"twitter:data1\" content=\"Atenci\u00f3n UTEL\" \/>\n\t<meta name=\"twitter:label2\" content=\"Est. reading time\" \/>\n\t<meta name=\"twitter:data2\" content=\"4 minutos\" \/>\n<script type=\"application\/ld+json\" class=\"yoast-schema-graph\">{\"@context\":\"https:\/\/schema.org\",\"@graph\":[{\"@type\":\"Article\",\"@id\":\"https:\/\/utel.mx\/blog\/tendencias\/la-importancia-de-una-imagen-corporativa\/#article\",\"isPartOf\":{\"@id\":\"https:\/\/utel.mx\/blog\/tendencias\/la-importancia-de-una-imagen-corporativa\/\"},\"author\":{\"name\":\"Atenci\u00f3n UTEL\",\"@id\":\"https:\/\/utel.mx\/blog\/#\/schema\/person\/e89b77a791677694038ddb6f0b86bcf0\"},\"headline\":\"La importancia de una imagen corporativa\",\"datePublished\":\"2020-09-18T14:34:00+00:00\",\"dateModified\":\"2023-03-10T17:11:41+00:00\",\"mainEntityOfPage\":{\"@id\":\"https:\/\/utel.mx\/blog\/tendencias\/la-importancia-de-una-imagen-corporativa\/\"},\"wordCount\":739,\"publisher\":{\"@id\":\"https:\/\/utel.mx\/blog\/#organization\"},\"image\":{\"@id\":\"https:\/\/utel.mx\/blog\/tendencias\/la-importancia-de-una-imagen-corporativa\/#primaryimage\"},\"thumbnailUrl\":\"https:\/\/utel.mx\/blog\/wp-content\/uploads\/2020\/09\/La-importancia-de-una-imagen-corporativa.jpg\",\"articleSection\":[\"Tendencias\"],\"inLanguage\":\"es\"},{\"@type\":\"WebPage\",\"@id\":\"https:\/\/utel.mx\/blog\/tendencias\/la-importancia-de-una-imagen-corporativa\/\",\"url\":\"https:\/\/utel.mx\/blog\/tendencias\/la-importancia-de-una-imagen-corporativa\/\",\"name\":\"La importancia de una imagen corporativa - BLOG | Utel\",\"isPartOf\":{\"@id\":\"https:\/\/utel.mx\/blog\/#website\"},\"primaryImageOfPage\":{\"@id\":\"https:\/\/utel.mx\/blog\/tendencias\/la-importancia-de-una-imagen-corporativa\/#primaryimage\"},\"image\":{\"@id\":\"https:\/\/utel.mx\/blog\/tendencias\/la-importancia-de-una-imagen-corporativa\/#primaryimage\"},\"thumbnailUrl\":\"https:\/\/utel.mx\/blog\/wp-content\/uploads\/2020\/09\/La-importancia-de-una-imagen-corporativa.jpg\",\"datePublished\":\"2020-09-18T14:34:00+00:00\",\"dateModified\":\"2023-03-10T17:11:41+00:00\",\"description\":\"La imagen corporativa es importante para que una marca exista en la mente del consumidor. \u00a1Conoce su importancia y algunos tips para implementarla!\",\"breadcrumb\":{\"@id\":\"https:\/\/utel.mx\/blog\/tendencias\/la-importancia-de-una-imagen-corporativa\/#breadcrumb\"},\"inLanguage\":\"es\",\"potentialAction\":[{\"@type\":\"ReadAction\",\"target\":[\"https:\/\/utel.mx\/blog\/tendencias\/la-importancia-de-una-imagen-corporativa\/\"]}]},{\"@type\":\"ImageObject\",\"inLanguage\":\"es\",\"@id\":\"https:\/\/utel.mx\/blog\/tendencias\/la-importancia-de-una-imagen-corporativa\/#primaryimage\",\"url\":\"https:\/\/utel.mx\/blog\/wp-content\/uploads\/2020\/09\/La-importancia-de-una-imagen-corporativa.jpg\",\"contentUrl\":\"https:\/\/utel.mx\/blog\/wp-content\/uploads\/2020\/09\/La-importancia-de-una-imagen-corporativa.jpg\",\"width\":600,\"height\":300,\"caption\":\"La importancia de una imagen corporativa\"},{\"@type\":\"BreadcrumbList\",\"@id\":\"https:\/\/utel.mx\/blog\/tendencias\/la-importancia-de-una-imagen-corporativa\/#breadcrumb\",\"itemListElement\":[{\"@type\":\"ListItem\",\"position\":1,\"name\":\"Home\",\"item\":\"https:\/\/utel.mx\/blog\/\"},{\"@type\":\"ListItem\",\"position\":2,\"name\":\"La importancia de una imagen corporativa\"}]},{\"@type\":\"WebSite\",\"@id\":\"https:\/\/utel.mx\/blog\/#website\",\"url\":\"https:\/\/utel.mx\/blog\/\",\"name\":\"BLOG | Utel\",\"description\":\"Blog UTEL Universidad en L\u00ednea\",\"publisher\":{\"@id\":\"https:\/\/utel.mx\/blog\/#organization\"},\"potentialAction\":[{\"@type\":\"SearchAction\",\"target\":{\"@type\":\"EntryPoint\",\"urlTemplate\":\"https:\/\/utel.mx\/blog\/?s={search_term_string}\"},\"query-input\":{\"@type\":\"PropertyValueSpecification\",\"valueRequired\":true,\"valueName\":\"search_term_string\"}}],\"inLanguage\":\"es\"},{\"@type\":\"Organization\",\"@id\":\"https:\/\/utel.mx\/blog\/#organization\",\"name\":\"BLOG | Utel\",\"url\":\"https:\/\/utel.mx\/blog\/\",\"logo\":{\"@type\":\"ImageObject\",\"inLanguage\":\"es\",\"@id\":\"https:\/\/utel.mx\/blog\/#\/schema\/logo\/image\/\",\"url\":\"https:\/\/utel.mx\/blog\/wp-content\/uploads\/2023\/03\/cropped-logo-blog.png\",\"contentUrl\":\"https:\/\/utel.mx\/blog\/wp-content\/uploads\/2023\/03\/cropped-logo-blog.png\",\"width\":237,\"height\":64,\"caption\":\"BLOG | Utel\"},\"image\":{\"@id\":\"https:\/\/utel.mx\/blog\/#\/schema\/logo\/image\/\"}},{\"@type\":\"Person\",\"@id\":\"https:\/\/utel.mx\/blog\/#\/schema\/person\/e89b77a791677694038ddb6f0b86bcf0\",\"name\":\"Atenci\u00f3n UTEL\",\"image\":{\"@type\":\"ImageObject\",\"inLanguage\":\"es\",\"@id\":\"https:\/\/utel.mx\/blog\/#\/schema\/person\/image\/\",\"url\":\"https:\/\/secure.gravatar.com\/avatar\/0f2e292560db6ef4c12c79e95db21666?s=96&d=mm&r=g\",\"contentUrl\":\"https:\/\/secure.gravatar.com\/avatar\/0f2e292560db6ef4c12c79e95db21666?s=96&d=mm&r=g\",\"caption\":\"Atenci\u00f3n UTEL\"}}]}<\/script>\n<!-- \/ Yoast SEO plugin. -->","yoast_head_json":{"title":"La importancia de una imagen corporativa - BLOG | Utel","description":"La imagen corporativa es importante para que una marca exista en la mente del consumidor. \u00a1Conoce su importancia y algunos tips para implementarla!","robots":{"index":"index","follow":"follow","max-snippet":"max-snippet:-1","max-image-preview":"max-image-preview:large","max-video-preview":"max-video-preview:-1"},"canonical":"https:\/\/utel.mx\/blog\/tendencias\/la-importancia-de-una-imagen-corporativa\/","og_locale":"es_ES","og_type":"article","og_title":"La importancia de una imagen corporativa - BLOG | Utel","og_description":"La imagen corporativa es importante para que una marca exista en la mente del consumidor. \u00a1Conoce su importancia y algunos tips para implementarla!","og_url":"https:\/\/utel.mx\/blog\/tendencias\/la-importancia-de-una-imagen-corporativa\/","og_site_name":"BLOG | Utel","article_published_time":"2020-09-18T14:34:00+00:00","article_modified_time":"2023-03-10T17:11:41+00:00","og_image":[{"width":600,"height":300,"url":"https:\/\/utel.mx\/blog\/wp-content\/uploads\/2020\/09\/La-importancia-de-una-imagen-corporativa.jpg","type":"image\/jpeg"}],"author":"Atenci\u00f3n UTEL","twitter_misc":{"Written by":"Atenci\u00f3n UTEL","Est. reading time":"4 minutos"},"schema":{"@context":"https:\/\/schema.org","@graph":[{"@type":"Article","@id":"https:\/\/utel.mx\/blog\/tendencias\/la-importancia-de-una-imagen-corporativa\/#article","isPartOf":{"@id":"https:\/\/utel.mx\/blog\/tendencias\/la-importancia-de-una-imagen-corporativa\/"},"author":{"name":"Atenci\u00f3n UTEL","@id":"https:\/\/utel.mx\/blog\/#\/schema\/person\/e89b77a791677694038ddb6f0b86bcf0"},"headline":"La importancia de una imagen corporativa","datePublished":"2020-09-18T14:34:00+00:00","dateModified":"2023-03-10T17:11:41+00:00","mainEntityOfPage":{"@id":"https:\/\/utel.mx\/blog\/tendencias\/la-importancia-de-una-imagen-corporativa\/"},"wordCount":739,"publisher":{"@id":"https:\/\/utel.mx\/blog\/#organization"},"image":{"@id":"https:\/\/utel.mx\/blog\/tendencias\/la-importancia-de-una-imagen-corporativa\/#primaryimage"},"thumbnailUrl":"https:\/\/utel.mx\/blog\/wp-content\/uploads\/2020\/09\/La-importancia-de-una-imagen-corporativa.jpg","articleSection":["Tendencias"],"inLanguage":"es"},{"@type":"WebPage","@id":"https:\/\/utel.mx\/blog\/tendencias\/la-importancia-de-una-imagen-corporativa\/","url":"https:\/\/utel.mx\/blog\/tendencias\/la-importancia-de-una-imagen-corporativa\/","name":"La importancia de una imagen corporativa - BLOG | Utel","isPartOf":{"@id":"https:\/\/utel.mx\/blog\/#website"},"primaryImageOfPage":{"@id":"https:\/\/utel.mx\/blog\/tendencias\/la-importancia-de-una-imagen-corporativa\/#primaryimage"},"image":{"@id":"https:\/\/utel.mx\/blog\/tendencias\/la-importancia-de-una-imagen-corporativa\/#primaryimage"},"thumbnailUrl":"https:\/\/utel.mx\/blog\/wp-content\/uploads\/2020\/09\/La-importancia-de-una-imagen-corporativa.jpg","datePublished":"2020-09-18T14:34:00+00:00","dateModified":"2023-03-10T17:11:41+00:00","description":"La imagen corporativa es importante para que una marca exista en la mente del consumidor. \u00a1Conoce su importancia y algunos tips para implementarla!","breadcrumb":{"@id":"https:\/\/utel.mx\/blog\/tendencias\/la-importancia-de-una-imagen-corporativa\/#breadcrumb"},"inLanguage":"es","potentialAction":[{"@type":"ReadAction","target":["https:\/\/utel.mx\/blog\/tendencias\/la-importancia-de-una-imagen-corporativa\/"]}]},{"@type":"ImageObject","inLanguage":"es","@id":"https:\/\/utel.mx\/blog\/tendencias\/la-importancia-de-una-imagen-corporativa\/#primaryimage","url":"https:\/\/utel.mx\/blog\/wp-content\/uploads\/2020\/09\/La-importancia-de-una-imagen-corporativa.jpg","contentUrl":"https:\/\/utel.mx\/blog\/wp-content\/uploads\/2020\/09\/La-importancia-de-una-imagen-corporativa.jpg","width":600,"height":300,"caption":"La importancia de una imagen corporativa"},{"@type":"BreadcrumbList","@id":"https:\/\/utel.mx\/blog\/tendencias\/la-importancia-de-una-imagen-corporativa\/#breadcrumb","itemListElement":[{"@type":"ListItem","position":1,"name":"Home","item":"https:\/\/utel.mx\/blog\/"},{"@type":"ListItem","position":2,"name":"La importancia de una imagen corporativa"}]},{"@type":"WebSite","@id":"https:\/\/utel.mx\/blog\/#website","url":"https:\/\/utel.mx\/blog\/","name":"BLOG | Utel","description":"Blog UTEL Universidad en L\u00ednea","publisher":{"@id":"https:\/\/utel.mx\/blog\/#organization"},"potentialAction":[{"@type":"SearchAction","target":{"@type":"EntryPoint","urlTemplate":"https:\/\/utel.mx\/blog\/?s={search_term_string}"},"query-input":{"@type":"PropertyValueSpecification","valueRequired":true,"valueName":"search_term_string"}}],"inLanguage":"es"},{"@type":"Organization","@id":"https:\/\/utel.mx\/blog\/#organization","name":"BLOG | Utel","url":"https:\/\/utel.mx\/blog\/","logo":{"@type":"ImageObject","inLanguage":"es","@id":"https:\/\/utel.mx\/blog\/#\/schema\/logo\/image\/","url":"https:\/\/utel.mx\/blog\/wp-content\/uploads\/2023\/03\/cropped-logo-blog.png","contentUrl":"https:\/\/utel.mx\/blog\/wp-content\/uploads\/2023\/03\/cropped-logo-blog.png","width":237,"height":64,"caption":"BLOG | Utel"},"image":{"@id":"https:\/\/utel.mx\/blog\/#\/schema\/logo\/image\/"}},{"@type":"Person","@id":"https:\/\/utel.mx\/blog\/#\/schema\/person\/e89b77a791677694038ddb6f0b86bcf0","name":"Atenci\u00f3n UTEL","image":{"@type":"ImageObject","inLanguage":"es","@id":"https:\/\/utel.mx\/blog\/#\/schema\/person\/image\/","url":"https:\/\/secure.gravatar.com\/avatar\/0f2e292560db6ef4c12c79e95db21666?s=96&d=mm&r=g","contentUrl":"https:\/\/secure.gravatar.com\/avatar\/0f2e292560db6ef4c12c79e95db21666?s=96&d=mm&r=g","caption":"Atenci\u00f3n UTEL"}}]}},"_links":{"self":[{"href":"https:\/\/utel.mx\/blog\/wp-json\/wp\/v2\/posts\/35166","targetHints":{"allow":["GET"]}}],"collection":[{"href":"https:\/\/utel.mx\/blog\/wp-json\/wp\/v2\/posts"}],"about":[{"href":"https:\/\/utel.mx\/blog\/wp-json\/wp\/v2\/types\/post"}],"author":[{"embeddable":true,"href":"https:\/\/utel.mx\/blog\/wp-json\/wp\/v2\/users\/35"}],"replies":[{"embeddable":true,"href":"https:\/\/utel.mx\/blog\/wp-json\/wp\/v2\/comments?post=35166"}],"version-history":[{"count":2,"href":"https:\/\/utel.mx\/blog\/wp-json\/wp\/v2\/posts\/35166\/revisions"}],"predecessor-version":[{"id":39247,"href":"https:\/\/utel.mx\/blog\/wp-json\/wp\/v2\/posts\/35166\/revisions\/39247"}],"wp:featuredmedia":[{"embeddable":true,"href":"https:\/\/utel.mx\/blog\/wp-json\/wp\/v2\/media\/35167"}],"wp:attachment":[{"href":"https:\/\/utel.mx\/blog\/wp-json\/wp\/v2\/media?parent=35166"}],"wp:term":[{"taxonomy":"category","embeddable":true,"href":"https:\/\/utel.mx\/blog\/wp-json\/wp\/v2\/categories?post=35166"},{"taxonomy":"post_tag","embeddable":true,"href":"https:\/\/utel.mx\/blog\/wp-json\/wp\/v2\/tags?post=35166"}],"curies":[{"name":"wp","href":"https:\/\/api.w.org\/{rel}","templated":true}]}}