{"id":41018,"date":"2022-03-28T15:54:34","date_gmt":"2022-03-28T15:54:34","guid":{"rendered":"https:\/\/utel.mx\/blog\/?p=41018"},"modified":"2023-03-10T17:14:34","modified_gmt":"2023-03-10T17:14:34","slug":"sabes-que-es-la-violencia-laboral","status":"publish","type":"post","link":"https:\/\/utel.mx\/blog\/peap\/sabes-que-es-la-violencia-laboral\/","title":{"rendered":"\u00bfSabes qu\u00e9 es la violencia laboral?"},"content":{"rendered":"\n<p><span class=\"has-inline-color has-black-color\">Nuestro d\u00eda a d\u00eda est\u00e1 lleno de momentos tanto positivos como negativos y, entre estos \u00faltimos se encuentra la violencia, la cual est\u00e1 presente en diferentes contextos, se expresa de diferentes maneras y desafortunadamente puede formar parte de la vida cotidiana. Esta violencia tiene como fin someter y controlar a otra persona con la que puede haber o no alg\u00fan lazo familiar o alg\u00fan tipo de relaci\u00f3n. (Cruz y Casique, 2019).<\/span><\/p>\n\n\n\n<h2 class=\"wp-block-heading\"><span class=\"has-inline-color has-black-color\">La violencia laboral<\/span><\/h2>\n\n\n\n<p><span class=\"has-inline-color has-black-color\">Un contexto en donde frecuentemente encontramos actos de violencia es en el <strong>trabajo<\/strong>.<\/span><\/p>\n\n\n\n<p><span class=\"has-inline-color has-black-color\">La <strong>violencia laboral<\/strong> es \u201cuna forma de abuso de poder cuya finalidad es excluir, aislar o someter al otro\u201d (Tribunal Federal de Justicia Fiscal y Administrativa, 2022) y se puede clasificar en dos grupos: el primero se trata de actos agresivos contra el trabajador como conductas de maltrato f\u00edsico o verbal, hostigamiento y acoso sexual; y el otro se refiere a aquellos actos de discriminaci\u00f3n y desigualdad laboral, como baja retribuci\u00f3n econ\u00f3mica, restricci\u00f3n en el acceso a los servicios de salud y a otros programas de apoyo social, entre otros (Vel\u00e1zquez y D\u00edaz, 2019).<\/span><\/p>\n\n\n\n<p><span class=\"has-inline-color has-black-color\">Debido a que, en el trabajo, generalmente estamos bajo las \u00f3rdenes de alg\u00fan superior, frecuentemente se omiten estos actos de violencia, principalmente por el temor de perder el empleo o alg\u00fan otro tipo de represalia. Por esta raz\u00f3n, la violencia se llega a normalizar, callando una infinidad de abusos que se pueden sufrir por parte de jefes o compa\u00f1eros de trabajo; e incluso se puede hacer m\u00e1s compleja si agregamos las diferencias que existen entre g\u00e9nero.<\/span><\/p>\n\n\n\n<h3 class=\"wp-block-heading\"><span class=\"has-inline-color has-black-color\">Violencia laboral en Am\u00e9rica Latina<\/span><\/h3>\n\n\n\n<p><span class=\"has-inline-color has-black-color\">En M\u00e9xico, como en otros pa\u00edses de Am\u00e9rica Latina, la violencia en el trabajo es un problema constante y muy grave. Se sabe que el mayor tipo de violencia presentado en estos pa\u00edses es el psicol\u00f3gico. En un estudio realizado por Pando, Aranda, Salazar y Torres (2016, citado en Vel\u00e1zquez y D\u00edaz, 2020) de once pa\u00edses de Iberoam\u00e9rica como Per\u00fa, Bolivia y Costa Rica se presentaron los porcentajes de violencia laboral de tipo psicol\u00f3gica m\u00e1s elevados, superando el 70% de la muestra afectada.<\/span><\/p>\n\n\n\n<p><span class=\"has-inline-color has-black-color\">En este mismo estudio, M\u00e9xico present\u00f3 un 38.6% de trabajadores afectados con niveles de violencia psicol\u00f3gica altos. Las situaciones de acoso descritas con mayor frecuencia en este estudio son: exclusi\u00f3n de reuniones de trabajo o toma de decisiones, ataques sobre la reputaci\u00f3n de la persona y percepci\u00f3n de castigos mayores respecto a los compa\u00f1eros de trabajo. Adem\u00e1s, la prevalencia en la intensidad de violencia psicol\u00f3gica alta predomin\u00f3 en mujeres.<\/span><\/p>\n\n\n\n<p><span class=\"has-inline-color has-black-color\">Podemos pensar que un par de burlas entre compa\u00f1eros o los gritos de nuestro jefe hacia nosotros es \u201cnormal\u201d; sin embargo, debemos tener cuidado de no normalizarlo y poner atenci\u00f3n si se trata de un acto violento.<\/span><\/p>\n\n\n\n<p><span class=\"has-inline-color has-black-color\">En M\u00e9xico, la instituci\u00f3n encargada de regular todo lo referente a la situaci\u00f3n laboral es la Secretar\u00eda de Trabajo y Previsi\u00f3n Social (STPS); y es a trav\u00e9s de esta instituci\u00f3n que se han comenzado a adoptar medidas para resolver la violencia laboral.<\/span><\/p>\n\n\n\n<p><span class=\"has-inline-color has-black-color\">Dicho organismo cuenta con un \u201cProtocolo de actuaci\u00f3n frente a casos de violencia laboral, hostigamiento y acoso sexual, dirigido a las empresas de la Rep\u00fablica Mexicana\u201d; en este protocolo se describen las diferentes acciones que realiza la STPS en t\u00e9rminos de prevenci\u00f3n y promoci\u00f3n de una cultura laboral basada en el respeto a la integridad y a los derechos humanos y laborales de todo el personal que trabaje en la empresa y tambi\u00e9n se describen las acciones implementadas para desalentar la incidencia de conductas inapropiadas referidas a la violencia laboral, hostigamiento y acoso sexual, mediante la difusi\u00f3n, sensibilizaci\u00f3n y capacitaci\u00f3n del personal.<\/span><\/p>\n\n\n\n<p><span class=\"has-inline-color has-black-color\">Si te encuentras en una situaci\u00f3n de violencia laboral o conoces a alguien que est\u00e9 pasando por una, recuerda que no est\u00e1s solo; desde el marco legal en nuestro pa\u00eds se est\u00e1n tomando medidas para atender la violencia, as\u00ed que puedes acudir a la Secretar\u00eda de Trabajo y Previsi\u00f3n Social para denunciar alg\u00fan acto violento.<\/span><\/p>\n\n\n\n<p><span class=\"has-inline-color has-black-color\">Tambi\u00e9n puedes acercarte con alg\u00fan compa\u00f1ero de trabajo de confianza para comentarle tu situaci\u00f3n y tener el apoyo emocional para denunciar y hacer frente a estos actos que bajo ning\u00fan motivo pueden seguir existiendo.<\/span><\/p>\n\n\n\n<p><\/p>\n\n\n\n<h3 class=\"wp-block-heading\"><strong><span class=\"has-inline-color has-black-color\">Referencias<\/span><\/strong><\/h3>\n\n\n\n<p><span class=\"has-inline-color has-black-color\">Cruz, V. &amp; Casique, I. (2019). Violencia laboral. An\u00e1lisis de los factores de riesgo y consecuencias en la vida de las mujeres trabajadoras en la Ciudad de M\u00e9xico. Papeles de poblaci\u00f3n, 25 (102), 51-79. http:\/\/www.scielo.org.mx\/scielo.php?script=sci_arttext&amp;pid=S1405-74252019000400051<\/span><\/p>\n\n\n\n<p><span class=\"has-inline-color has-black-color\">Secretar\u00eda del Trabajo y Previsi\u00f3n Social. <em>Protocolo de actuaci\u00f3n frente a casos de violencia laboral, hostigamiento y acoso sexual, dirigido a las empresas de la Rep\u00fablica Mexicana. <\/em>Consultado el 13 de marzo de 2022. https:\/\/www.gob.mx\/cms\/uploads\/attachment\/file\/281042\/Protocolo_28062017_FINAL.pdf<\/span><\/p>\n\n\n\n<p><span class=\"has-inline-color has-black-color\">Tribunal Federal de Justicia Fiscal y Administrativa. <em>\u00bfSabes como identificar la violencia laboral? <\/em>Consultado el 13 de marzo del 2022. https:\/\/www.tfja.gob.mx\/static\/ig_assets\/img\/infografias\/pdf\/Violencia%20laboral.pdf<\/span><\/p>\n\n\n\n<p><span class=\"has-inline-color has-black-color\">Vel\u00e1zquez, Y. &amp; D\u00edaz, M. (2020). Violencia y desigualdad laboral en M\u00e9xico: revisi\u00f3n te\u00f3rica desde una perspectiva de g\u00e9nero. Andamios, 17 (42), 423-440. https:\/\/www.redalyc.org\/journal\/628\/62863298018\/html\/<\/span><\/p>\n\n\n\n<p><strong><span class=\"has-inline-color has-black-color\">Psic. Ariana Gonz\u00e1lez Trejo.<\/span><\/strong><\/p>\n\n\n\n<p><strong><span class=\"has-inline-color has-black-color\">Orientaci\u00f3n Psicol\u00f3gica<br>Programa de \u00c9xito Acad\u00e9mico y Profesional (PEAP)<\/span><\/strong><\/p>\n\n\n\n<p><\/p>\n<div id=\"advads-1570195361\" class=\"advads-cta-lp-banner-form advads-entity-placement\"><a href=\"https:\/\/utel.mx\/blog\/admisiones-universidad-online\/?utm_source=blog&#038;utm_medium=CTAlink&#038;utm_campaign=MKTseo\" aria-label=\"Universidad en linea\"><img src=\"https:\/\/utel.mx\/blog\/wp-content\/uploads\/2025\/04\/universidad-en-linea-1.png\" alt=\"Universidad en linea\"  srcset=\"https:\/\/utel.mx\/blog\/wp-content\/uploads\/2025\/04\/universidad-en-linea-1.png 626w, https:\/\/utel.mx\/blog\/wp-content\/uploads\/2025\/04\/universidad-en-linea-1-420x168.png 420w\" sizes=\"(max-width: 626px) 100vw, 626px\" width=\"626\" height=\"250\"   \/><\/a><\/div>","protected":false},"excerpt":{"rendered":"<p> [&hellip;]<\/p>\n","protected":false},"author":82,"featured_media":41019,"comment_status":"closed","ping_status":"open","sticky":false,"template":"","format":"standard","meta":{"_acf_changed":false,"site-sidebar-layout":"default","site-content-layout":"","ast-site-content-layout":"","site-content-style":"default","site-sidebar-style":"default","ast-global-header-display":"","ast-banner-title-visibility":"","ast-main-header-display":"","ast-hfb-above-header-display":"","ast-hfb-below-header-display":"","ast-hfb-mobile-header-display":"","site-post-title":"","ast-breadcrumbs-content":"","ast-featured-img":"","footer-sml-layout":"","theme-transparent-header-meta":"","adv-header-id-meta":"","stick-header-meta":"","header-above-stick-meta":"","header-main-stick-meta":"","header-below-stick-meta":"","astra-migrate-meta-layouts":"default","ast-page-background-enabled":"default","ast-page-background-meta":{"desktop":{"background-color":"var(--ast-global-color-4)","background-image":"","background-repeat":"repeat","background-position":"center center","background-size":"auto","background-attachment":"scroll","background-type":"","background-media":"","overlay-type":"","overlay-color":"","overlay-gradient":""},"tablet":{"background-color":"","background-image":"","background-repeat":"repeat","background-position":"center center","background-size":"auto","background-attachment":"scroll","background-type":"","background-media":"","overlay-type":"","overlay-color":"","overlay-gradient":""},"mobile":{"background-color":"","background-image":"","background-repeat":"repeat","background-position":"center center","background-size":"auto","background-attachment":"scroll","background-type":"","background-media":"","overlay-type":"","overlay-color":"","overlay-gradient":""}},"ast-content-background-meta":{"desktop":{"background-color":"var(--ast-global-color-5)","background-image":"","background-repeat":"repeat","background-position":"center center","background-size":"auto","background-attachment":"scroll","background-type":"","background-media":"","overlay-type":"","overlay-color":"","overlay-gradient":""},"tablet":{"background-color":"var(--ast-global-color-5)","background-image":"","background-repeat":"repeat","background-position":"center center","background-size":"auto","background-attachment":"scroll","background-type":"","background-media":"","overlay-type":"","overlay-color":"","overlay-gradient":""},"mobile":{"background-color":"var(--ast-global-color-5)","background-image":"","background-repeat":"repeat","background-position":"center center","background-size":"auto","background-attachment":"scroll","background-type":"","background-media":"","overlay-type":"","overlay-color":"","overlay-gradient":""}},"footnotes":""},"categories":[4487],"tags":[],"class_list":["post-41018","post","type-post","status-publish","format-standard","has-post-thumbnail","hentry","category-peap"],"acf":[],"yoast_head":"<!-- This site is optimized with the Yoast SEO plugin v26.8 - https:\/\/yoast.com\/product\/yoast-seo-wordpress\/ -->\n<title>\u00bfSabes qu\u00e9 es la violencia laboral? - BLOG | Utel<\/title>\n<meta name=\"description\" content=\"La violencia laboral es un problema constante y que requiere de atenci\u00f3n y medidas necesaria para ser manejado de la mejor manera.\" \/>\n<meta name=\"robots\" content=\"index, follow, max-snippet:-1, max-image-preview:large, max-video-preview:-1\" \/>\n<link rel=\"canonical\" href=\"https:\/\/utel.mx\/blog\/peap\/sabes-que-es-la-violencia-laboral\/\" \/>\n<meta property=\"og:locale\" content=\"es_ES\" \/>\n<meta property=\"og:type\" content=\"article\" \/>\n<meta property=\"og:title\" content=\"\u00bfSabes qu\u00e9 es la violencia laboral? - BLOG | Utel\" \/>\n<meta property=\"og:description\" content=\"La violencia laboral es un problema constante y que requiere de atenci\u00f3n y medidas necesaria para ser manejado de la mejor manera.\" \/>\n<meta property=\"og:url\" content=\"https:\/\/utel.mx\/blog\/peap\/sabes-que-es-la-violencia-laboral\/\" \/>\n<meta property=\"og:site_name\" content=\"BLOG | Utel\" \/>\n<meta property=\"article:published_time\" content=\"2022-03-28T15:54:34+00:00\" \/>\n<meta property=\"article:modified_time\" content=\"2023-03-10T17:14:34+00:00\" \/>\n<meta property=\"og:image\" content=\"https:\/\/utel.mx\/blog\/wp-content\/uploads\/2022\/03\/Sabes-que-es-la-Violencia-laboral.png\" \/>\n\t<meta property=\"og:image:width\" content=\"600\" \/>\n\t<meta property=\"og:image:height\" content=\"300\" \/>\n\t<meta property=\"og:image:type\" content=\"image\/png\" \/>\n<meta name=\"author\" content=\"David Mora\" \/>\n<meta name=\"twitter:label1\" content=\"Written by\" \/>\n\t<meta name=\"twitter:data1\" content=\"David Mora\" \/>\n\t<meta name=\"twitter:label2\" content=\"Est. reading time\" \/>\n\t<meta name=\"twitter:data2\" content=\"4 minutos\" \/>\n<script type=\"application\/ld+json\" class=\"yoast-schema-graph\">{\"@context\":\"https:\/\/schema.org\",\"@graph\":[{\"@type\":\"Article\",\"@id\":\"https:\/\/utel.mx\/blog\/peap\/sabes-que-es-la-violencia-laboral\/#article\",\"isPartOf\":{\"@id\":\"https:\/\/utel.mx\/blog\/peap\/sabes-que-es-la-violencia-laboral\/\"},\"author\":{\"name\":\"David Mora\",\"@id\":\"https:\/\/utel.mx\/blog\/#\/schema\/person\/02ff4004657582a6dde2023933a23cea\"},\"headline\":\"\u00bfSabes qu\u00e9 es la violencia laboral?\",\"datePublished\":\"2022-03-28T15:54:34+00:00\",\"dateModified\":\"2023-03-10T17:14:34+00:00\",\"mainEntityOfPage\":{\"@id\":\"https:\/\/utel.mx\/blog\/peap\/sabes-que-es-la-violencia-laboral\/\"},\"wordCount\":927,\"publisher\":{\"@id\":\"https:\/\/utel.mx\/blog\/#organization\"},\"image\":{\"@id\":\"https:\/\/utel.mx\/blog\/peap\/sabes-que-es-la-violencia-laboral\/#primaryimage\"},\"thumbnailUrl\":\"https:\/\/utel.mx\/blog\/wp-content\/uploads\/2022\/03\/Sabes-que-es-la-Violencia-laboral.png\",\"articleSection\":[\"PEAP\"],\"inLanguage\":\"es\"},{\"@type\":\"WebPage\",\"@id\":\"https:\/\/utel.mx\/blog\/peap\/sabes-que-es-la-violencia-laboral\/\",\"url\":\"https:\/\/utel.mx\/blog\/peap\/sabes-que-es-la-violencia-laboral\/\",\"name\":\"\u00bfSabes qu\u00e9 es la violencia laboral? - BLOG | Utel\",\"isPartOf\":{\"@id\":\"https:\/\/utel.mx\/blog\/#website\"},\"primaryImageOfPage\":{\"@id\":\"https:\/\/utel.mx\/blog\/peap\/sabes-que-es-la-violencia-laboral\/#primaryimage\"},\"image\":{\"@id\":\"https:\/\/utel.mx\/blog\/peap\/sabes-que-es-la-violencia-laboral\/#primaryimage\"},\"thumbnailUrl\":\"https:\/\/utel.mx\/blog\/wp-content\/uploads\/2022\/03\/Sabes-que-es-la-Violencia-laboral.png\",\"datePublished\":\"2022-03-28T15:54:34+00:00\",\"dateModified\":\"2023-03-10T17:14:34+00:00\",\"description\":\"La violencia laboral es un problema constante y que requiere de atenci\u00f3n y medidas necesaria para ser manejado de la mejor manera.\",\"breadcrumb\":{\"@id\":\"https:\/\/utel.mx\/blog\/peap\/sabes-que-es-la-violencia-laboral\/#breadcrumb\"},\"inLanguage\":\"es\",\"potentialAction\":[{\"@type\":\"ReadAction\",\"target\":[\"https:\/\/utel.mx\/blog\/peap\/sabes-que-es-la-violencia-laboral\/\"]}]},{\"@type\":\"ImageObject\",\"inLanguage\":\"es\",\"@id\":\"https:\/\/utel.mx\/blog\/peap\/sabes-que-es-la-violencia-laboral\/#primaryimage\",\"url\":\"https:\/\/utel.mx\/blog\/wp-content\/uploads\/2022\/03\/Sabes-que-es-la-Violencia-laboral.png\",\"contentUrl\":\"https:\/\/utel.mx\/blog\/wp-content\/uploads\/2022\/03\/Sabes-que-es-la-Violencia-laboral.png\",\"width\":600,\"height\":300,\"caption\":\"Sabes qu\u00e9 es la Violencia laboral\"},{\"@type\":\"BreadcrumbList\",\"@id\":\"https:\/\/utel.mx\/blog\/peap\/sabes-que-es-la-violencia-laboral\/#breadcrumb\",\"itemListElement\":[{\"@type\":\"ListItem\",\"position\":1,\"name\":\"Home\",\"item\":\"https:\/\/utel.mx\/blog\/\"},{\"@type\":\"ListItem\",\"position\":2,\"name\":\"\u00bfSabes qu\u00e9 es la violencia laboral?\"}]},{\"@type\":\"WebSite\",\"@id\":\"https:\/\/utel.mx\/blog\/#website\",\"url\":\"https:\/\/utel.mx\/blog\/\",\"name\":\"BLOG | Utel\",\"description\":\"Blog UTEL Universidad en L\u00ednea\",\"publisher\":{\"@id\":\"https:\/\/utel.mx\/blog\/#organization\"},\"potentialAction\":[{\"@type\":\"SearchAction\",\"target\":{\"@type\":\"EntryPoint\",\"urlTemplate\":\"https:\/\/utel.mx\/blog\/?s={search_term_string}\"},\"query-input\":{\"@type\":\"PropertyValueSpecification\",\"valueRequired\":true,\"valueName\":\"search_term_string\"}}],\"inLanguage\":\"es\"},{\"@type\":\"Organization\",\"@id\":\"https:\/\/utel.mx\/blog\/#organization\",\"name\":\"BLOG | Utel\",\"url\":\"https:\/\/utel.mx\/blog\/\",\"logo\":{\"@type\":\"ImageObject\",\"inLanguage\":\"es\",\"@id\":\"https:\/\/utel.mx\/blog\/#\/schema\/logo\/image\/\",\"url\":\"https:\/\/utel.mx\/blog\/wp-content\/uploads\/2023\/03\/cropped-logo-blog.png\",\"contentUrl\":\"https:\/\/utel.mx\/blog\/wp-content\/uploads\/2023\/03\/cropped-logo-blog.png\",\"width\":237,\"height\":64,\"caption\":\"BLOG | Utel\"},\"image\":{\"@id\":\"https:\/\/utel.mx\/blog\/#\/schema\/logo\/image\/\"}},{\"@type\":\"Person\",\"@id\":\"https:\/\/utel.mx\/blog\/#\/schema\/person\/02ff4004657582a6dde2023933a23cea\",\"name\":\"David Mora\",\"image\":{\"@type\":\"ImageObject\",\"inLanguage\":\"es\",\"@id\":\"https:\/\/utel.mx\/blog\/#\/schema\/person\/image\/\",\"url\":\"https:\/\/secure.gravatar.com\/avatar\/a26766025e096bd4334bd54509ff15a6?s=96&d=mm&r=g\",\"contentUrl\":\"https:\/\/secure.gravatar.com\/avatar\/a26766025e096bd4334bd54509ff15a6?s=96&d=mm&r=g\",\"caption\":\"David Mora\"}}]}<\/script>\n<!-- \/ Yoast SEO plugin. -->","yoast_head_json":{"title":"\u00bfSabes qu\u00e9 es la violencia laboral? - BLOG | Utel","description":"La violencia laboral es un problema constante y que requiere de atenci\u00f3n y medidas necesaria para ser manejado de la mejor manera.","robots":{"index":"index","follow":"follow","max-snippet":"max-snippet:-1","max-image-preview":"max-image-preview:large","max-video-preview":"max-video-preview:-1"},"canonical":"https:\/\/utel.mx\/blog\/peap\/sabes-que-es-la-violencia-laboral\/","og_locale":"es_ES","og_type":"article","og_title":"\u00bfSabes qu\u00e9 es la violencia laboral? - BLOG | Utel","og_description":"La violencia laboral es un problema constante y que requiere de atenci\u00f3n y medidas necesaria para ser manejado de la mejor manera.","og_url":"https:\/\/utel.mx\/blog\/peap\/sabes-que-es-la-violencia-laboral\/","og_site_name":"BLOG | Utel","article_published_time":"2022-03-28T15:54:34+00:00","article_modified_time":"2023-03-10T17:14:34+00:00","og_image":[{"width":600,"height":300,"url":"https:\/\/utel.mx\/blog\/wp-content\/uploads\/2022\/03\/Sabes-que-es-la-Violencia-laboral.png","type":"image\/png"}],"author":"David Mora","twitter_misc":{"Written by":"David Mora","Est. reading time":"4 minutos"},"schema":{"@context":"https:\/\/schema.org","@graph":[{"@type":"Article","@id":"https:\/\/utel.mx\/blog\/peap\/sabes-que-es-la-violencia-laboral\/#article","isPartOf":{"@id":"https:\/\/utel.mx\/blog\/peap\/sabes-que-es-la-violencia-laboral\/"},"author":{"name":"David Mora","@id":"https:\/\/utel.mx\/blog\/#\/schema\/person\/02ff4004657582a6dde2023933a23cea"},"headline":"\u00bfSabes qu\u00e9 es la violencia laboral?","datePublished":"2022-03-28T15:54:34+00:00","dateModified":"2023-03-10T17:14:34+00:00","mainEntityOfPage":{"@id":"https:\/\/utel.mx\/blog\/peap\/sabes-que-es-la-violencia-laboral\/"},"wordCount":927,"publisher":{"@id":"https:\/\/utel.mx\/blog\/#organization"},"image":{"@id":"https:\/\/utel.mx\/blog\/peap\/sabes-que-es-la-violencia-laboral\/#primaryimage"},"thumbnailUrl":"https:\/\/utel.mx\/blog\/wp-content\/uploads\/2022\/03\/Sabes-que-es-la-Violencia-laboral.png","articleSection":["PEAP"],"inLanguage":"es"},{"@type":"WebPage","@id":"https:\/\/utel.mx\/blog\/peap\/sabes-que-es-la-violencia-laboral\/","url":"https:\/\/utel.mx\/blog\/peap\/sabes-que-es-la-violencia-laboral\/","name":"\u00bfSabes qu\u00e9 es la violencia laboral? - BLOG | Utel","isPartOf":{"@id":"https:\/\/utel.mx\/blog\/#website"},"primaryImageOfPage":{"@id":"https:\/\/utel.mx\/blog\/peap\/sabes-que-es-la-violencia-laboral\/#primaryimage"},"image":{"@id":"https:\/\/utel.mx\/blog\/peap\/sabes-que-es-la-violencia-laboral\/#primaryimage"},"thumbnailUrl":"https:\/\/utel.mx\/blog\/wp-content\/uploads\/2022\/03\/Sabes-que-es-la-Violencia-laboral.png","datePublished":"2022-03-28T15:54:34+00:00","dateModified":"2023-03-10T17:14:34+00:00","description":"La violencia laboral es un problema constante y que requiere de atenci\u00f3n y medidas necesaria para ser manejado de la mejor manera.","breadcrumb":{"@id":"https:\/\/utel.mx\/blog\/peap\/sabes-que-es-la-violencia-laboral\/#breadcrumb"},"inLanguage":"es","potentialAction":[{"@type":"ReadAction","target":["https:\/\/utel.mx\/blog\/peap\/sabes-que-es-la-violencia-laboral\/"]}]},{"@type":"ImageObject","inLanguage":"es","@id":"https:\/\/utel.mx\/blog\/peap\/sabes-que-es-la-violencia-laboral\/#primaryimage","url":"https:\/\/utel.mx\/blog\/wp-content\/uploads\/2022\/03\/Sabes-que-es-la-Violencia-laboral.png","contentUrl":"https:\/\/utel.mx\/blog\/wp-content\/uploads\/2022\/03\/Sabes-que-es-la-Violencia-laboral.png","width":600,"height":300,"caption":"Sabes qu\u00e9 es la Violencia laboral"},{"@type":"BreadcrumbList","@id":"https:\/\/utel.mx\/blog\/peap\/sabes-que-es-la-violencia-laboral\/#breadcrumb","itemListElement":[{"@type":"ListItem","position":1,"name":"Home","item":"https:\/\/utel.mx\/blog\/"},{"@type":"ListItem","position":2,"name":"\u00bfSabes qu\u00e9 es la violencia laboral?"}]},{"@type":"WebSite","@id":"https:\/\/utel.mx\/blog\/#website","url":"https:\/\/utel.mx\/blog\/","name":"BLOG | Utel","description":"Blog UTEL Universidad en L\u00ednea","publisher":{"@id":"https:\/\/utel.mx\/blog\/#organization"},"potentialAction":[{"@type":"SearchAction","target":{"@type":"EntryPoint","urlTemplate":"https:\/\/utel.mx\/blog\/?s={search_term_string}"},"query-input":{"@type":"PropertyValueSpecification","valueRequired":true,"valueName":"search_term_string"}}],"inLanguage":"es"},{"@type":"Organization","@id":"https:\/\/utel.mx\/blog\/#organization","name":"BLOG | Utel","url":"https:\/\/utel.mx\/blog\/","logo":{"@type":"ImageObject","inLanguage":"es","@id":"https:\/\/utel.mx\/blog\/#\/schema\/logo\/image\/","url":"https:\/\/utel.mx\/blog\/wp-content\/uploads\/2023\/03\/cropped-logo-blog.png","contentUrl":"https:\/\/utel.mx\/blog\/wp-content\/uploads\/2023\/03\/cropped-logo-blog.png","width":237,"height":64,"caption":"BLOG | Utel"},"image":{"@id":"https:\/\/utel.mx\/blog\/#\/schema\/logo\/image\/"}},{"@type":"Person","@id":"https:\/\/utel.mx\/blog\/#\/schema\/person\/02ff4004657582a6dde2023933a23cea","name":"David Mora","image":{"@type":"ImageObject","inLanguage":"es","@id":"https:\/\/utel.mx\/blog\/#\/schema\/person\/image\/","url":"https:\/\/secure.gravatar.com\/avatar\/a26766025e096bd4334bd54509ff15a6?s=96&d=mm&r=g","contentUrl":"https:\/\/secure.gravatar.com\/avatar\/a26766025e096bd4334bd54509ff15a6?s=96&d=mm&r=g","caption":"David Mora"}}]}},"_links":{"self":[{"href":"https:\/\/utel.mx\/blog\/wp-json\/wp\/v2\/posts\/41018","targetHints":{"allow":["GET"]}}],"collection":[{"href":"https:\/\/utel.mx\/blog\/wp-json\/wp\/v2\/posts"}],"about":[{"href":"https:\/\/utel.mx\/blog\/wp-json\/wp\/v2\/types\/post"}],"author":[{"embeddable":true,"href":"https:\/\/utel.mx\/blog\/wp-json\/wp\/v2\/users\/82"}],"replies":[{"embeddable":true,"href":"https:\/\/utel.mx\/blog\/wp-json\/wp\/v2\/comments?post=41018"}],"version-history":[{"count":1,"href":"https:\/\/utel.mx\/blog\/wp-json\/wp\/v2\/posts\/41018\/revisions"}],"predecessor-version":[{"id":41020,"href":"https:\/\/utel.mx\/blog\/wp-json\/wp\/v2\/posts\/41018\/revisions\/41020"}],"wp:featuredmedia":[{"embeddable":true,"href":"https:\/\/utel.mx\/blog\/wp-json\/wp\/v2\/media\/41019"}],"wp:attachment":[{"href":"https:\/\/utel.mx\/blog\/wp-json\/wp\/v2\/media?parent=41018"}],"wp:term":[{"taxonomy":"category","embeddable":true,"href":"https:\/\/utel.mx\/blog\/wp-json\/wp\/v2\/categories?post=41018"},{"taxonomy":"post_tag","embeddable":true,"href":"https:\/\/utel.mx\/blog\/wp-json\/wp\/v2\/tags?post=41018"}],"curies":[{"name":"wp","href":"https:\/\/api.w.org\/{rel}","templated":true}]}}