{"id":41211,"date":"2022-04-25T14:14:02","date_gmt":"2022-04-25T14:14:02","guid":{"rendered":"https:\/\/utel.mx\/blog\/?p=41211"},"modified":"2023-03-10T17:14:30","modified_gmt":"2023-03-10T17:14:30","slug":"la-violencia-economica-tambien-existe","status":"publish","type":"post","link":"https:\/\/utel.mx\/blog\/peap\/la-violencia-economica-tambien-existe\/","title":{"rendered":"La violencia econ\u00f3mica tambi\u00e9n existe"},"content":{"rendered":"\n<p class=\"has-black-color has-text-color\">El concepto de violencia con el tiempo se ha vuelto cada vez m\u00e1s familiar en nuestra sociedad. Esto ha sido gracias a las campa\u00f1as de salud relacionadas con violencia, por la prevenci\u00f3n de la misma y con el compartir boca a boca la informaci\u00f3n que sabemos de dicho concepto.<\/p>\n\n\n\n<p class=\"has-black-color has-text-color\">Sin embargo, desafortunadamente a\u00fan sigue siendo una realidad que \u00e9ste es un tema delicado de abordar, a pesar de que el concepto \u201cviolencia\u201d ya exista en nuestro vocabulario; siendo cada vez m\u00e1s com\u00fan, a\u00fan existen muchos tab\u00faes de lo que una persona sufre cuando se le infringe violencia.<\/p>\n\n\n\n<p class=\"has-black-color has-text-color\">Consideramos que la violencia es el acto efectivo de intervenci\u00f3n, con intencionalidad voluntaria de causar da\u00f1o, perjuicio o influencia en la conducta de otra persona o personas, y a su vez en sus acciones potenciales. Ese mismo acto de intervenci\u00f3n puede ser ejercido sobre la condici\u00f3n material del otro o sobre su psique. Adem\u00e1s, consideramos que la violencia s\u00f3lo se puede tipificar de las maneras m\u00e1s conocidas, como son: violencia f\u00edsica, violencia psicol\u00f3gica, violencia familiar o, el concepto que recientemente se hizo m\u00e1s escuchado, la violencia laboral. Sin embargo, la violencia econ\u00f3mica tambi\u00e9n existe.<\/p>\n\n\n\n<h2 class=\"has-black-color has-text-color wp-block-heading\">La violencia econ\u00f3mica<\/h2>\n\n\n\n<p class=\"has-black-color has-text-color\">La violencia econ\u00f3mica se puede identificar en nuestro entorno como toda acci\u00f3n u omisi\u00f3n del agresor que afecta la supervivencia econ\u00f3mica de la v\u00edctima. Se manifiesta a trav\u00e9s de limitaciones encaminadas a controlar el ingreso de sus percepciones econ\u00f3micas, as\u00ed como la obtenci\u00f3n de un salario menor por igual trabajo.<\/p>\n\n\n\n<p class=\"has-black-color has-text-color\">Este tipo de violencia es, en muchas ocasiones, m\u00e1s silenciosa que las anteriores, y la hace m\u00e1s com\u00fan de justificar dado que casi siempre cuando se imparte la violencia econ\u00f3mica, va de la mano con la violencia psicol\u00f3gica; por ende, la manipulaci\u00f3n que existe en este tipo de situaciones justifica, en muchas ocasiones, los actos violentos que se est\u00e1n infringiendo.<\/p>\n\n\n\n<p class=\"has-black-color has-text-color\">Es importante mencionar que dicha violencia es bilateral en ambos g\u00e9neros, ya que \u00e9sta la podemos encontrar la mayor\u00eda de las veces en limitaciones de la persona que capta m\u00e1s ingresos econ\u00f3micos sin importar el g\u00e9nero. Asimismo, en cualquier contexto de nuestro entorno es identificable: pareja, familiar, laboral y social.<\/p>\n\n\n\n<p class=\"has-black-color has-text-color\">Un ejemplo de esto es que puede considerarse violencia econ\u00f3mica inclusive las limitaciones de la vestimenta. En adultos mayores que no son apoyados por sus hijos, \u00e9ste es uno de los criterios principales para evaluar el grado de violencia que puede ser infringida. Es por esto que resulta de suma importancia hacer conciencia de que existen las variaciones de violencia y que nadie est\u00e1 exento de ser v\u00edctima y victimario.<\/p>\n\n\n\n<p class=\"has-black-color has-text-color\">Lo importante siempre es tu seguridad. Aunque percibamos insignificante la acci\u00f3n que inicia la violencia, siempre existir\u00e1 la primera limitaci\u00f3n, el primer grito, el primer empuj\u00f3n, etc. La violencia es silenciosa y siempre inicia con peque\u00f1as acciones, mismas que normalizamos en nuestra vida cotidiana. Somos personas de h\u00e1bitos y aunque estos nos lastimen, tambi\u00e9n tenemos la capacidad de adaptarnos, es por eso que permitimos que la violencia crezca de un tipo a otro y esas primeras ocasiones cada vez se vuelven m\u00e1s repetitivas y m\u00e1s graves.<\/p>\n\n\n\n<p class=\"has-black-color has-text-color\">Haz lo posible para garantizar tu seguridad, tu integridad y tu salud y no permitas que ese primero de \u201calgo\u201d, pase desapercibido. Recuerda que, si consideras que sufres alg\u00fan tipo de violencia, no est\u00e1s solo y siempre puedes buscar apoyo.<\/p>\n\n\n\n<div style=\"height:15px\" aria-hidden=\"true\" class=\"wp-block-spacer\"><\/div>\n\n\n\n<p class=\"has-black-color has-text-color\">Psic. Marcos Jes\u00fas Marchand Rold\u00e1n<\/p>\n\n\n\n<p class=\"has-black-color has-text-color\">Orientaci\u00f3n Psicol\u00f3gica<\/p>\n\n\n\n<p class=\"has-black-color has-text-color\">Programa de \u00c9xito Acad\u00e9mico y Profesional (PEAP)<\/p>\n\n\n\n<div style=\"height:15px\" aria-hidden=\"true\" class=\"wp-block-spacer\"><\/div>\n\n\n\n<p class=\"has-black-color has-text-color\">Bibliograf\u00eda.<\/p>\n\n\n\n<p class=\"has-black-color has-text-color\">La violencia econ\u00f3mica hacia las mujeres. Una mirada&#8230; &#8211; Santiago. Recuperado el abril 4, 2022, de <a href=\"https:\/\/santiago.uo.edu.cu\/index.php\/stgo\/article\/download\/5397\/4709\">https:\/\/santiago.uo.edu.cu\/index.php\/stgo\/article\/download\/5397\/4709<\/a><\/p>\n\n\n\n<p class=\"has-black-color has-text-color\">Evidencias y Recomendaciones &#8211; Gu\u00eda de Pr\u00e1ctica Cl\u00ednica. Recuperado el abril 1, 2022, de <a href=\"http:\/\/evaluacion.ssm.gob.mx\/pdf\/gpc\/eyr\/IMSS-057-08.pdf\">http:\/\/evaluacion.ssm.gob.mx\/pdf\/gpc\/eyr\/IMSS-057-08.pdf<\/a><\/p>\n\n\n\n<p class=\"has-black-color has-text-color\">Exploraci\u00f3n del concepto de violencia y sus implicaciones en&#8230;. Recuperado el abril 1, 2022, de <a href=\"http:\/\/www.scielo.org.mx\/scielo.php?script=sci_arttext&amp;pid=S0188-77422016000200077\">http:\/\/www.scielo.org.mx\/scielo.php?script=sci_arttext&amp;pid=S0188-77422016000200077<\/a><\/p>\n\n\n\n<p class=\"has-black-color has-text-color\">BRINDA ISSEMYM ATENCI\u00d3N INTEGRAL A PACIENTES QUE&#8230; Recuperado el abril 1, 2022, de <a href=\"https:\/\/agendamexiquense.com.mx\/brinda-issemym-atencion-integral-a-pacientes-sufren-violencia-genero\/\">https:\/\/agendamexiquense.com.mx\/brinda-issemym-atencion-integral-a-pacientes-sufren-violencia-genero\/<\/a><\/p>\n\n\n\n<p class=\"has-black-color has-text-color\">Violencia Econ\u00f3mica &#8211; Glosario para en linea &#8211; Instituto Nacional de&#8230; Recuperado el abril 1, 2022, de <a href=\"https:\/\/campusgenero.inmujeres.gob.mx\/glosario\/terminos\/violencia-economica\">https:\/\/campusgenero.inmujeres.gob.mx\/glosario\/terminos\/violencia-economica<\/a><\/p>\n<div id=\"advads-4031440457\" class=\"advads-cta-lp-banner-form advads-entity-placement\"><a href=\"https:\/\/utel.mx\/blog\/admisiones-universidad-online\/?utm_source=blog&#038;utm_medium=CTAlink&#038;utm_campaign=MKTseo\" aria-label=\"Universidad en linea\"><img src=\"https:\/\/utel.mx\/blog\/wp-content\/uploads\/2025\/04\/universidad-en-linea-1.png\" alt=\"Universidad en linea\"  srcset=\"https:\/\/utel.mx\/blog\/wp-content\/uploads\/2025\/04\/universidad-en-linea-1.png 626w, https:\/\/utel.mx\/blog\/wp-content\/uploads\/2025\/04\/universidad-en-linea-1-420x168.png 420w\" sizes=\"(max-width: 626px) 100vw, 626px\" width=\"626\" height=\"250\"   \/><\/a><\/div>","protected":false},"excerpt":{"rendered":"<p> [&hellip;]<\/p>\n","protected":false},"author":82,"featured_media":41212,"comment_status":"closed","ping_status":"open","sticky":false,"template":"","format":"standard","meta":{"_acf_changed":false,"site-sidebar-layout":"default","site-content-layout":"","ast-site-content-layout":"","site-content-style":"default","site-sidebar-style":"default","ast-global-header-display":"","ast-banner-title-visibility":"","ast-main-header-display":"","ast-hfb-above-header-display":"","ast-hfb-below-header-display":"","ast-hfb-mobile-header-display":"","site-post-title":"","ast-breadcrumbs-content":"","ast-featured-img":"","footer-sml-layout":"","theme-transparent-header-meta":"","adv-header-id-meta":"","stick-header-meta":"","header-above-stick-meta":"","header-main-stick-meta":"","header-below-stick-meta":"","astra-migrate-meta-layouts":"default","ast-page-background-enabled":"default","ast-page-background-meta":{"desktop":{"background-color":"var(--ast-global-color-4)","background-image":"","background-repeat":"repeat","background-position":"center center","background-size":"auto","background-attachment":"scroll","background-type":"","background-media":"","overlay-type":"","overlay-color":"","overlay-gradient":""},"tablet":{"background-color":"","background-image":"","background-repeat":"repeat","background-position":"center center","background-size":"auto","background-attachment":"scroll","background-type":"","background-media":"","overlay-type":"","overlay-color":"","overlay-gradient":""},"mobile":{"background-color":"","background-image":"","background-repeat":"repeat","background-position":"center center","background-size":"auto","background-attachment":"scroll","background-type":"","background-media":"","overlay-type":"","overlay-color":"","overlay-gradient":""}},"ast-content-background-meta":{"desktop":{"background-color":"var(--ast-global-color-5)","background-image":"","background-repeat":"repeat","background-position":"center center","background-size":"auto","background-attachment":"scroll","background-type":"","background-media":"","overlay-type":"","overlay-color":"","overlay-gradient":""},"tablet":{"background-color":"var(--ast-global-color-5)","background-image":"","background-repeat":"repeat","background-position":"center center","background-size":"auto","background-attachment":"scroll","background-type":"","background-media":"","overlay-type":"","overlay-color":"","overlay-gradient":""},"mobile":{"background-color":"var(--ast-global-color-5)","background-image":"","background-repeat":"repeat","background-position":"center center","background-size":"auto","background-attachment":"scroll","background-type":"","background-media":"","overlay-type":"","overlay-color":"","overlay-gradient":""}},"footnotes":""},"categories":[4487],"tags":[],"class_list":["post-41211","post","type-post","status-publish","format-standard","has-post-thumbnail","hentry","category-peap"],"acf":[],"yoast_head":"<!-- This site is optimized with the Yoast SEO plugin v26.8 - https:\/\/yoast.com\/product\/yoast-seo-wordpress\/ -->\n<title>La violencia econ\u00f3mica tambi\u00e9n existe - BLOG | Utel<\/title>\n<meta name=\"description\" content=\"La violencia econ\u00f3mica se puede identificar como toda acci\u00f3n u omisi\u00f3n del agresor que afecta la supervivencia econ\u00f3mica de la v\u00edctima.\" \/>\n<meta name=\"robots\" content=\"index, follow, max-snippet:-1, max-image-preview:large, max-video-preview:-1\" \/>\n<link rel=\"canonical\" href=\"https:\/\/utel.mx\/blog\/peap\/la-violencia-economica-tambien-existe\/\" \/>\n<meta property=\"og:locale\" content=\"es_ES\" \/>\n<meta property=\"og:type\" content=\"article\" \/>\n<meta property=\"og:title\" content=\"La violencia econ\u00f3mica tambi\u00e9n existe - BLOG | Utel\" \/>\n<meta property=\"og:description\" content=\"La violencia econ\u00f3mica se puede identificar como toda acci\u00f3n u omisi\u00f3n del agresor que afecta la supervivencia econ\u00f3mica de la v\u00edctima.\" \/>\n<meta property=\"og:url\" content=\"https:\/\/utel.mx\/blog\/peap\/la-violencia-economica-tambien-existe\/\" \/>\n<meta property=\"og:site_name\" content=\"BLOG | Utel\" \/>\n<meta property=\"article:published_time\" content=\"2022-04-25T14:14:02+00:00\" \/>\n<meta property=\"article:modified_time\" content=\"2023-03-10T17:14:30+00:00\" \/>\n<meta property=\"og:image\" content=\"https:\/\/utel.mx\/blog\/wp-content\/uploads\/2022\/04\/La-violencia-economica-tambien-existe.jpg\" \/>\n\t<meta property=\"og:image:width\" content=\"600\" \/>\n\t<meta property=\"og:image:height\" content=\"300\" \/>\n\t<meta property=\"og:image:type\" content=\"image\/jpeg\" \/>\n<meta name=\"author\" content=\"David Mora\" \/>\n<meta name=\"twitter:label1\" content=\"Written by\" \/>\n\t<meta name=\"twitter:data1\" content=\"David Mora\" \/>\n\t<meta name=\"twitter:label2\" content=\"Est. reading time\" \/>\n\t<meta name=\"twitter:data2\" content=\"3 minutos\" \/>\n<script type=\"application\/ld+json\" class=\"yoast-schema-graph\">{\"@context\":\"https:\/\/schema.org\",\"@graph\":[{\"@type\":\"Article\",\"@id\":\"https:\/\/utel.mx\/blog\/peap\/la-violencia-economica-tambien-existe\/#article\",\"isPartOf\":{\"@id\":\"https:\/\/utel.mx\/blog\/peap\/la-violencia-economica-tambien-existe\/\"},\"author\":{\"name\":\"David Mora\",\"@id\":\"https:\/\/utel.mx\/blog\/#\/schema\/person\/02ff4004657582a6dde2023933a23cea\"},\"headline\":\"La violencia econ\u00f3mica tambi\u00e9n existe\",\"datePublished\":\"2022-04-25T14:14:02+00:00\",\"dateModified\":\"2023-03-10T17:14:30+00:00\",\"mainEntityOfPage\":{\"@id\":\"https:\/\/utel.mx\/blog\/peap\/la-violencia-economica-tambien-existe\/\"},\"wordCount\":752,\"publisher\":{\"@id\":\"https:\/\/utel.mx\/blog\/#organization\"},\"image\":{\"@id\":\"https:\/\/utel.mx\/blog\/peap\/la-violencia-economica-tambien-existe\/#primaryimage\"},\"thumbnailUrl\":\"https:\/\/utel.mx\/blog\/wp-content\/uploads\/2022\/04\/La-violencia-economica-tambien-existe.jpg\",\"articleSection\":[\"PEAP\"],\"inLanguage\":\"es\"},{\"@type\":\"WebPage\",\"@id\":\"https:\/\/utel.mx\/blog\/peap\/la-violencia-economica-tambien-existe\/\",\"url\":\"https:\/\/utel.mx\/blog\/peap\/la-violencia-economica-tambien-existe\/\",\"name\":\"La violencia econ\u00f3mica tambi\u00e9n existe - BLOG | Utel\",\"isPartOf\":{\"@id\":\"https:\/\/utel.mx\/blog\/#website\"},\"primaryImageOfPage\":{\"@id\":\"https:\/\/utel.mx\/blog\/peap\/la-violencia-economica-tambien-existe\/#primaryimage\"},\"image\":{\"@id\":\"https:\/\/utel.mx\/blog\/peap\/la-violencia-economica-tambien-existe\/#primaryimage\"},\"thumbnailUrl\":\"https:\/\/utel.mx\/blog\/wp-content\/uploads\/2022\/04\/La-violencia-economica-tambien-existe.jpg\",\"datePublished\":\"2022-04-25T14:14:02+00:00\",\"dateModified\":\"2023-03-10T17:14:30+00:00\",\"description\":\"La violencia econ\u00f3mica se puede identificar como toda acci\u00f3n u omisi\u00f3n del agresor que afecta la supervivencia econ\u00f3mica de la v\u00edctima.\",\"breadcrumb\":{\"@id\":\"https:\/\/utel.mx\/blog\/peap\/la-violencia-economica-tambien-existe\/#breadcrumb\"},\"inLanguage\":\"es\",\"potentialAction\":[{\"@type\":\"ReadAction\",\"target\":[\"https:\/\/utel.mx\/blog\/peap\/la-violencia-economica-tambien-existe\/\"]}]},{\"@type\":\"ImageObject\",\"inLanguage\":\"es\",\"@id\":\"https:\/\/utel.mx\/blog\/peap\/la-violencia-economica-tambien-existe\/#primaryimage\",\"url\":\"https:\/\/utel.mx\/blog\/wp-content\/uploads\/2022\/04\/La-violencia-economica-tambien-existe.jpg\",\"contentUrl\":\"https:\/\/utel.mx\/blog\/wp-content\/uploads\/2022\/04\/La-violencia-economica-tambien-existe.jpg\",\"width\":600,\"height\":300,\"caption\":\"La violencia econ\u00f3mica tambi\u00e9n existe\"},{\"@type\":\"BreadcrumbList\",\"@id\":\"https:\/\/utel.mx\/blog\/peap\/la-violencia-economica-tambien-existe\/#breadcrumb\",\"itemListElement\":[{\"@type\":\"ListItem\",\"position\":1,\"name\":\"Home\",\"item\":\"https:\/\/utel.mx\/blog\/\"},{\"@type\":\"ListItem\",\"position\":2,\"name\":\"La violencia econ\u00f3mica tambi\u00e9n existe\"}]},{\"@type\":\"WebSite\",\"@id\":\"https:\/\/utel.mx\/blog\/#website\",\"url\":\"https:\/\/utel.mx\/blog\/\",\"name\":\"BLOG | Utel\",\"description\":\"Blog UTEL Universidad en L\u00ednea\",\"publisher\":{\"@id\":\"https:\/\/utel.mx\/blog\/#organization\"},\"potentialAction\":[{\"@type\":\"SearchAction\",\"target\":{\"@type\":\"EntryPoint\",\"urlTemplate\":\"https:\/\/utel.mx\/blog\/?s={search_term_string}\"},\"query-input\":{\"@type\":\"PropertyValueSpecification\",\"valueRequired\":true,\"valueName\":\"search_term_string\"}}],\"inLanguage\":\"es\"},{\"@type\":\"Organization\",\"@id\":\"https:\/\/utel.mx\/blog\/#organization\",\"name\":\"BLOG | Utel\",\"url\":\"https:\/\/utel.mx\/blog\/\",\"logo\":{\"@type\":\"ImageObject\",\"inLanguage\":\"es\",\"@id\":\"https:\/\/utel.mx\/blog\/#\/schema\/logo\/image\/\",\"url\":\"https:\/\/utel.mx\/blog\/wp-content\/uploads\/2023\/03\/cropped-logo-blog.png\",\"contentUrl\":\"https:\/\/utel.mx\/blog\/wp-content\/uploads\/2023\/03\/cropped-logo-blog.png\",\"width\":237,\"height\":64,\"caption\":\"BLOG | Utel\"},\"image\":{\"@id\":\"https:\/\/utel.mx\/blog\/#\/schema\/logo\/image\/\"}},{\"@type\":\"Person\",\"@id\":\"https:\/\/utel.mx\/blog\/#\/schema\/person\/02ff4004657582a6dde2023933a23cea\",\"name\":\"David Mora\",\"image\":{\"@type\":\"ImageObject\",\"inLanguage\":\"es\",\"@id\":\"https:\/\/utel.mx\/blog\/#\/schema\/person\/image\/\",\"url\":\"https:\/\/secure.gravatar.com\/avatar\/a26766025e096bd4334bd54509ff15a6?s=96&d=mm&r=g\",\"contentUrl\":\"https:\/\/secure.gravatar.com\/avatar\/a26766025e096bd4334bd54509ff15a6?s=96&d=mm&r=g\",\"caption\":\"David Mora\"}}]}<\/script>\n<!-- \/ Yoast SEO plugin. -->","yoast_head_json":{"title":"La violencia econ\u00f3mica tambi\u00e9n existe - BLOG | Utel","description":"La violencia econ\u00f3mica se puede identificar como toda acci\u00f3n u omisi\u00f3n del agresor que afecta la supervivencia econ\u00f3mica de la v\u00edctima.","robots":{"index":"index","follow":"follow","max-snippet":"max-snippet:-1","max-image-preview":"max-image-preview:large","max-video-preview":"max-video-preview:-1"},"canonical":"https:\/\/utel.mx\/blog\/peap\/la-violencia-economica-tambien-existe\/","og_locale":"es_ES","og_type":"article","og_title":"La violencia econ\u00f3mica tambi\u00e9n existe - BLOG | Utel","og_description":"La violencia econ\u00f3mica se puede identificar como toda acci\u00f3n u omisi\u00f3n del agresor que afecta la supervivencia econ\u00f3mica de la v\u00edctima.","og_url":"https:\/\/utel.mx\/blog\/peap\/la-violencia-economica-tambien-existe\/","og_site_name":"BLOG | Utel","article_published_time":"2022-04-25T14:14:02+00:00","article_modified_time":"2023-03-10T17:14:30+00:00","og_image":[{"width":600,"height":300,"url":"https:\/\/utel.mx\/blog\/wp-content\/uploads\/2022\/04\/La-violencia-economica-tambien-existe.jpg","type":"image\/jpeg"}],"author":"David Mora","twitter_misc":{"Written by":"David Mora","Est. reading time":"3 minutos"},"schema":{"@context":"https:\/\/schema.org","@graph":[{"@type":"Article","@id":"https:\/\/utel.mx\/blog\/peap\/la-violencia-economica-tambien-existe\/#article","isPartOf":{"@id":"https:\/\/utel.mx\/blog\/peap\/la-violencia-economica-tambien-existe\/"},"author":{"name":"David Mora","@id":"https:\/\/utel.mx\/blog\/#\/schema\/person\/02ff4004657582a6dde2023933a23cea"},"headline":"La violencia econ\u00f3mica tambi\u00e9n existe","datePublished":"2022-04-25T14:14:02+00:00","dateModified":"2023-03-10T17:14:30+00:00","mainEntityOfPage":{"@id":"https:\/\/utel.mx\/blog\/peap\/la-violencia-economica-tambien-existe\/"},"wordCount":752,"publisher":{"@id":"https:\/\/utel.mx\/blog\/#organization"},"image":{"@id":"https:\/\/utel.mx\/blog\/peap\/la-violencia-economica-tambien-existe\/#primaryimage"},"thumbnailUrl":"https:\/\/utel.mx\/blog\/wp-content\/uploads\/2022\/04\/La-violencia-economica-tambien-existe.jpg","articleSection":["PEAP"],"inLanguage":"es"},{"@type":"WebPage","@id":"https:\/\/utel.mx\/blog\/peap\/la-violencia-economica-tambien-existe\/","url":"https:\/\/utel.mx\/blog\/peap\/la-violencia-economica-tambien-existe\/","name":"La violencia econ\u00f3mica tambi\u00e9n existe - BLOG | Utel","isPartOf":{"@id":"https:\/\/utel.mx\/blog\/#website"},"primaryImageOfPage":{"@id":"https:\/\/utel.mx\/blog\/peap\/la-violencia-economica-tambien-existe\/#primaryimage"},"image":{"@id":"https:\/\/utel.mx\/blog\/peap\/la-violencia-economica-tambien-existe\/#primaryimage"},"thumbnailUrl":"https:\/\/utel.mx\/blog\/wp-content\/uploads\/2022\/04\/La-violencia-economica-tambien-existe.jpg","datePublished":"2022-04-25T14:14:02+00:00","dateModified":"2023-03-10T17:14:30+00:00","description":"La violencia econ\u00f3mica se puede identificar como toda acci\u00f3n u omisi\u00f3n del agresor que afecta la supervivencia econ\u00f3mica de la v\u00edctima.","breadcrumb":{"@id":"https:\/\/utel.mx\/blog\/peap\/la-violencia-economica-tambien-existe\/#breadcrumb"},"inLanguage":"es","potentialAction":[{"@type":"ReadAction","target":["https:\/\/utel.mx\/blog\/peap\/la-violencia-economica-tambien-existe\/"]}]},{"@type":"ImageObject","inLanguage":"es","@id":"https:\/\/utel.mx\/blog\/peap\/la-violencia-economica-tambien-existe\/#primaryimage","url":"https:\/\/utel.mx\/blog\/wp-content\/uploads\/2022\/04\/La-violencia-economica-tambien-existe.jpg","contentUrl":"https:\/\/utel.mx\/blog\/wp-content\/uploads\/2022\/04\/La-violencia-economica-tambien-existe.jpg","width":600,"height":300,"caption":"La violencia econ\u00f3mica tambi\u00e9n existe"},{"@type":"BreadcrumbList","@id":"https:\/\/utel.mx\/blog\/peap\/la-violencia-economica-tambien-existe\/#breadcrumb","itemListElement":[{"@type":"ListItem","position":1,"name":"Home","item":"https:\/\/utel.mx\/blog\/"},{"@type":"ListItem","position":2,"name":"La violencia econ\u00f3mica tambi\u00e9n existe"}]},{"@type":"WebSite","@id":"https:\/\/utel.mx\/blog\/#website","url":"https:\/\/utel.mx\/blog\/","name":"BLOG | Utel","description":"Blog UTEL Universidad en L\u00ednea","publisher":{"@id":"https:\/\/utel.mx\/blog\/#organization"},"potentialAction":[{"@type":"SearchAction","target":{"@type":"EntryPoint","urlTemplate":"https:\/\/utel.mx\/blog\/?s={search_term_string}"},"query-input":{"@type":"PropertyValueSpecification","valueRequired":true,"valueName":"search_term_string"}}],"inLanguage":"es"},{"@type":"Organization","@id":"https:\/\/utel.mx\/blog\/#organization","name":"BLOG | Utel","url":"https:\/\/utel.mx\/blog\/","logo":{"@type":"ImageObject","inLanguage":"es","@id":"https:\/\/utel.mx\/blog\/#\/schema\/logo\/image\/","url":"https:\/\/utel.mx\/blog\/wp-content\/uploads\/2023\/03\/cropped-logo-blog.png","contentUrl":"https:\/\/utel.mx\/blog\/wp-content\/uploads\/2023\/03\/cropped-logo-blog.png","width":237,"height":64,"caption":"BLOG | Utel"},"image":{"@id":"https:\/\/utel.mx\/blog\/#\/schema\/logo\/image\/"}},{"@type":"Person","@id":"https:\/\/utel.mx\/blog\/#\/schema\/person\/02ff4004657582a6dde2023933a23cea","name":"David Mora","image":{"@type":"ImageObject","inLanguage":"es","@id":"https:\/\/utel.mx\/blog\/#\/schema\/person\/image\/","url":"https:\/\/secure.gravatar.com\/avatar\/a26766025e096bd4334bd54509ff15a6?s=96&d=mm&r=g","contentUrl":"https:\/\/secure.gravatar.com\/avatar\/a26766025e096bd4334bd54509ff15a6?s=96&d=mm&r=g","caption":"David Mora"}}]}},"_links":{"self":[{"href":"https:\/\/utel.mx\/blog\/wp-json\/wp\/v2\/posts\/41211","targetHints":{"allow":["GET"]}}],"collection":[{"href":"https:\/\/utel.mx\/blog\/wp-json\/wp\/v2\/posts"}],"about":[{"href":"https:\/\/utel.mx\/blog\/wp-json\/wp\/v2\/types\/post"}],"author":[{"embeddable":true,"href":"https:\/\/utel.mx\/blog\/wp-json\/wp\/v2\/users\/82"}],"replies":[{"embeddable":true,"href":"https:\/\/utel.mx\/blog\/wp-json\/wp\/v2\/comments?post=41211"}],"version-history":[{"count":3,"href":"https:\/\/utel.mx\/blog\/wp-json\/wp\/v2\/posts\/41211\/revisions"}],"predecessor-version":[{"id":41232,"href":"https:\/\/utel.mx\/blog\/wp-json\/wp\/v2\/posts\/41211\/revisions\/41232"}],"wp:featuredmedia":[{"embeddable":true,"href":"https:\/\/utel.mx\/blog\/wp-json\/wp\/v2\/media\/41212"}],"wp:attachment":[{"href":"https:\/\/utel.mx\/blog\/wp-json\/wp\/v2\/media?parent=41211"}],"wp:term":[{"taxonomy":"category","embeddable":true,"href":"https:\/\/utel.mx\/blog\/wp-json\/wp\/v2\/categories?post=41211"},{"taxonomy":"post_tag","embeddable":true,"href":"https:\/\/utel.mx\/blog\/wp-json\/wp\/v2\/tags?post=41211"}],"curies":[{"name":"wp","href":"https:\/\/api.w.org\/{rel}","templated":true}]}}