{"id":4378,"date":"2019-04-22T22:15:18","date_gmt":"2019-04-22T22:15:18","guid":{"rendered":"http:\/\/utel.mx\/blog\/?p=4378"},"modified":"2023-03-10T17:10:00","modified_gmt":"2023-03-10T17:10:00","slug":"como-citar-en-modelo-apa","status":"publish","type":"post","link":"https:\/\/utel.mx\/blog\/10-consejos-para\/como-citar-en-modelo-apa\/","title":{"rendered":"Modelo APA, conoce c\u00f3mo citar"},"content":{"rendered":"<p>El estilo de publicaciones de la American Psychological Association (APA) ha sido adoptado internacionalmente por numerosas instituciones acad\u00e9micas, revistas cient\u00edficas y editoriales.<\/p>\n<p>El sistema APA es un estilo de cita que requiere par\u00e9ntesis dentro del texto mas que notas a pie de p\u00e1gina o finales; la cita en texto provee informaci\u00f3n, siendo los datos m\u00e1s comunes el nombre del autor y la fecha de publicaci\u00f3n. La informaci\u00f3n completa sobre cada fuente citada en el texto se da en una lista llamada \u201creferencias\u201d ubicada en la parte final del informe de investigaci\u00f3n.<\/p>\n<p>En cuanto a las citas dentro del texto, las referencias a autores se deben realizar de la siguiente forma: <em><strong>Nombre del autor &#8211; coma &#8211; A\u00f1o de publicaci\u00f3n<\/strong><\/em>; hay casos en los que no se menciona el nombre del autor, para esto bastar\u00e1 con escribir entre par\u00e9ntesis el a\u00f1o en que se public\u00f3 la obra.<\/p>\n<h2><strong>Ejemplos dentro del texto:<\/strong><\/h2>\n<p>\u25cf \u00a0Es el advenimiento del pensamiento del \u201corganismo-red\u201d (Musso, 1990)&#8230;<\/p>\n<p>\u25cf \u00a0Musso (1990) mencion\u00f3 que es el advenimiento del pensamiento del \u201corganismo-red\u201d&#8230;<\/p>\n<p><strong>En el caso de que sean dos autores, se cita de la siguiente manera:<\/strong><\/p>\n<p>\u25cf \u00a0El fen\u00f3meno de la percepci\u00f3n extrasensorial ha criticado ampliamente (Gonz\u00e1lez y Rojas, 2001)&#8230;<\/p>\n<p>\u25cf\u00a0 Gonz\u00e1lez y Rojas (2001) han criticado ampliamente el fen\u00f3meno de la percepci\u00f3n extrasensorial&#8230;<\/p>\n<h2><strong>Ejemplos de referencias bibliogr\u00e1ficas:<\/strong><\/h2>\n<p><strong>Libros:<\/strong> Apellido del autor, iniciales del autor. (a\u00f1o de publicaci\u00f3n). <em>t\u00edtulo del libro. <\/em>Lugar de publicaci\u00f3n: nombre de la editorial<\/p>\n<p>\u25cf \u00a0Mu\u00f1oz, A. (2001<i>). Introducci\u00f3n a la F\u00edsica<\/i>. San Luis, Argentina: Nueva D\u00e9cada.<\/p>\n<p>\u25cf \u00a0Gonz\u00e1lez, R., y Ram\u00edrez, J.L. (2007). <i>La teor\u00eda de los valores<\/i>. M\u00e9xico: Prentice-Hall.<\/p>\n<p><strong>Art\u00edculos en internet:\u00a0<\/strong>Autor de la p\u00e1gina o nombre de la organizaci\u00f3n que publica. (a\u00f1o de publicaci\u00f3n). <em>t\u00edtulo del art\u00edculo<\/em>. fecha de consulta.<\/p>\n<p>\u25cf \u00a0Instituto Nacional de Seguros. (2004). <i>Normas de salud para las empresas privadas.\u00a0 Recuperado el 12 de diciembre de 2003, de <\/i>http:\/\/www.ins.go.cr\/normas\/hola.html<\/p>\n<p><strong>Para videos en internet:\u00a0<\/strong>Autor del video [Cuenta que public\u00f3 el video] (fecha de publicaci\u00f3n). Nombre del video.<\/p>\n<p>\u25cf S\u00e1nchez, D. E. [AsesoresUTEL] (2013, Mayo, 7). Proceso administrativo. Obtenido de: http:\/\/www.youtube.com\/watch?v=cgemi6XM2hY<\/p>\n<p>Por \u00faltimo la lista de referencia o de bibliograf\u00eda al final del trabajo deben ordenarse alfab\u00e9ticamente por el apellido del primer autor; si el primero es el mismo pero el segundoes diferente, la cita se ordenar\u00e1 bas\u00e1ndose en los \u00a0segundos apellidos; si un mismo autor aparece varias veces, la cita se ordenar\u00e1 en base al a\u00f1o de publicaci\u00f3n.<\/p>\n<p><b>Iv\u00e1n Mendoza<\/b><\/p>\n<p><b>UTEL Editorial<\/b><\/p>\n<div id=\"advads-769389978\" class=\"advads-cta-lp-banner-form advads-entity-placement\"><a href=\"https:\/\/utel.mx\/blog\/admisiones-universidad-online\/?utm_source=blog&#038;utm_medium=CTAlink&#038;utm_campaign=MKTseo\" aria-label=\"Universidad en linea\"><img src=\"https:\/\/utel.mx\/blog\/wp-content\/uploads\/2025\/04\/universidad-en-linea-1.png\" alt=\"Universidad en linea\"  srcset=\"https:\/\/utel.mx\/blog\/wp-content\/uploads\/2025\/04\/universidad-en-linea-1.png 626w, https:\/\/utel.mx\/blog\/wp-content\/uploads\/2025\/04\/universidad-en-linea-1-420x168.png 420w\" sizes=\"(max-width: 626px) 100vw, 626px\" width=\"626\" height=\"250\"   \/><\/a><\/div>","protected":false},"excerpt":{"rendered":"<p> [&hellip;]<\/p>\n","protected":false},"author":40,"featured_media":32237,"comment_status":"closed","ping_status":"open","sticky":false,"template":"","format":"standard","meta":{"_acf_changed":false,"site-sidebar-layout":"default","site-content-layout":"","ast-site-content-layout":"","site-content-style":"default","site-sidebar-style":"default","ast-global-header-display":"","ast-banner-title-visibility":"","ast-main-header-display":"","ast-hfb-above-header-display":"","ast-hfb-below-header-display":"","ast-hfb-mobile-header-display":"","site-post-title":"","ast-breadcrumbs-content":"","ast-featured-img":"","footer-sml-layout":"","theme-transparent-header-meta":"","adv-header-id-meta":"","stick-header-meta":"","header-above-stick-meta":"","header-main-stick-meta":"","header-below-stick-meta":"","astra-migrate-meta-layouts":"default","ast-page-background-enabled":"default","ast-page-background-meta":{"desktop":{"background-color":"var(--ast-global-color-4)","background-image":"","background-repeat":"repeat","background-position":"center center","background-size":"auto","background-attachment":"scroll","background-type":"","background-media":"","overlay-type":"","overlay-color":"","overlay-gradient":""},"tablet":{"background-color":"","background-image":"","background-repeat":"repeat","background-position":"center center","background-size":"auto","background-attachment":"scroll","background-type":"","background-media":"","overlay-type":"","overlay-color":"","overlay-gradient":""},"mobile":{"background-color":"","background-image":"","background-repeat":"repeat","background-position":"center center","background-size":"auto","background-attachment":"scroll","background-type":"","background-media":"","overlay-type":"","overlay-color":"","overlay-gradient":""}},"ast-content-background-meta":{"desktop":{"background-color":"var(--ast-global-color-5)","background-image":"","background-repeat":"repeat","background-position":"center center","background-size":"auto","background-attachment":"scroll","background-type":"","background-media":"","overlay-type":"","overlay-color":"","overlay-gradient":""},"tablet":{"background-color":"var(--ast-global-color-5)","background-image":"","background-repeat":"repeat","background-position":"center center","background-size":"auto","background-attachment":"scroll","background-type":"","background-media":"","overlay-type":"","overlay-color":"","overlay-gradient":""},"mobile":{"background-color":"var(--ast-global-color-5)","background-image":"","background-repeat":"repeat","background-position":"center center","background-size":"auto","background-attachment":"scroll","background-type":"","background-media":"","overlay-type":"","overlay-color":"","overlay-gradient":""}},"footnotes":""},"categories":[32],"tags":[],"class_list":["post-4378","post","type-post","status-publish","format-standard","has-post-thumbnail","hentry","category-10-consejos-para"],"acf":[],"yoast_head":"<!-- This site is optimized with the Yoast SEO plugin v26.8 - https:\/\/yoast.com\/product\/yoast-seo-wordpress\/ -->\n<title>Modelo APA, conoce c\u00f3mo citar - BLOG | Utel<\/title>\n<meta name=\"description\" content=\"No saber citar adecuadamente puede ser un problema muy grave a la hora de entregar trabajos o documentos.Aqu\u00ed te decimos c\u00f3mo hacerlo con el modelo APA\" \/>\n<meta name=\"robots\" content=\"index, follow, max-snippet:-1, max-image-preview:large, max-video-preview:-1\" \/>\n<link rel=\"canonical\" href=\"https:\/\/utel.mx\/blog\/10-consejos-para\/como-citar-en-modelo-apa\/\" \/>\n<meta property=\"og:locale\" content=\"es_ES\" \/>\n<meta property=\"og:type\" content=\"article\" \/>\n<meta property=\"og:title\" content=\"Modelo APA, conoce c\u00f3mo citar - BLOG | Utel\" \/>\n<meta property=\"og:description\" content=\"No saber citar adecuadamente puede ser un problema muy grave a la hora de entregar trabajos o documentos.Aqu\u00ed te decimos c\u00f3mo hacerlo con el modelo APA\" \/>\n<meta property=\"og:url\" content=\"https:\/\/utel.mx\/blog\/10-consejos-para\/como-citar-en-modelo-apa\/\" \/>\n<meta property=\"og:site_name\" content=\"BLOG | Utel\" \/>\n<meta property=\"article:published_time\" content=\"2019-04-22T22:15:18+00:00\" \/>\n<meta property=\"article:modified_time\" content=\"2023-03-10T17:10:00+00:00\" \/>\n<meta property=\"og:image\" content=\"https:\/\/utel.mx\/blog\/wp-content\/uploads\/2019\/04\/headers_2019_Citas_APA.jpg\" \/>\n\t<meta property=\"og:image:width\" content=\"600\" \/>\n\t<meta property=\"og:image:height\" content=\"300\" \/>\n\t<meta property=\"og:image:type\" content=\"image\/jpeg\" \/>\n<meta name=\"author\" content=\"Invitados UTEL\" \/>\n<meta name=\"twitter:label1\" content=\"Written by\" \/>\n\t<meta name=\"twitter:data1\" content=\"Invitados UTEL\" \/>\n\t<meta name=\"twitter:label2\" content=\"Est. reading time\" \/>\n\t<meta name=\"twitter:data2\" content=\"2 minutos\" \/>\n<script type=\"application\/ld+json\" class=\"yoast-schema-graph\">{\"@context\":\"https:\/\/schema.org\",\"@graph\":[{\"@type\":\"Article\",\"@id\":\"https:\/\/utel.mx\/blog\/10-consejos-para\/como-citar-en-modelo-apa\/#article\",\"isPartOf\":{\"@id\":\"https:\/\/utel.mx\/blog\/10-consejos-para\/como-citar-en-modelo-apa\/\"},\"author\":{\"name\":\"Invitados UTEL\",\"@id\":\"https:\/\/utel.mx\/blog\/#\/schema\/person\/e5b3d8d918f13bd0b0f4724daa90dd95\"},\"headline\":\"Modelo APA, conoce c\u00f3mo citar\",\"datePublished\":\"2019-04-22T22:15:18+00:00\",\"dateModified\":\"2023-03-10T17:10:00+00:00\",\"mainEntityOfPage\":{\"@id\":\"https:\/\/utel.mx\/blog\/10-consejos-para\/como-citar-en-modelo-apa\/\"},\"wordCount\":453,\"publisher\":{\"@id\":\"https:\/\/utel.mx\/blog\/#organization\"},\"image\":{\"@id\":\"https:\/\/utel.mx\/blog\/10-consejos-para\/como-citar-en-modelo-apa\/#primaryimage\"},\"thumbnailUrl\":\"https:\/\/utel.mx\/blog\/wp-content\/uploads\/2019\/04\/headers_2019_Citas_APA.jpg\",\"articleSection\":[\"Tips\"],\"inLanguage\":\"es\"},{\"@type\":\"WebPage\",\"@id\":\"https:\/\/utel.mx\/blog\/10-consejos-para\/como-citar-en-modelo-apa\/\",\"url\":\"https:\/\/utel.mx\/blog\/10-consejos-para\/como-citar-en-modelo-apa\/\",\"name\":\"Modelo APA, conoce c\u00f3mo citar - BLOG | Utel\",\"isPartOf\":{\"@id\":\"https:\/\/utel.mx\/blog\/#website\"},\"primaryImageOfPage\":{\"@id\":\"https:\/\/utel.mx\/blog\/10-consejos-para\/como-citar-en-modelo-apa\/#primaryimage\"},\"image\":{\"@id\":\"https:\/\/utel.mx\/blog\/10-consejos-para\/como-citar-en-modelo-apa\/#primaryimage\"},\"thumbnailUrl\":\"https:\/\/utel.mx\/blog\/wp-content\/uploads\/2019\/04\/headers_2019_Citas_APA.jpg\",\"datePublished\":\"2019-04-22T22:15:18+00:00\",\"dateModified\":\"2023-03-10T17:10:00+00:00\",\"description\":\"No saber citar adecuadamente puede ser un problema muy grave a la hora de entregar trabajos o documentos.Aqu\u00ed te decimos c\u00f3mo hacerlo con el modelo APA\",\"breadcrumb\":{\"@id\":\"https:\/\/utel.mx\/blog\/10-consejos-para\/como-citar-en-modelo-apa\/#breadcrumb\"},\"inLanguage\":\"es\",\"potentialAction\":[{\"@type\":\"ReadAction\",\"target\":[\"https:\/\/utel.mx\/blog\/10-consejos-para\/como-citar-en-modelo-apa\/\"]}]},{\"@type\":\"ImageObject\",\"inLanguage\":\"es\",\"@id\":\"https:\/\/utel.mx\/blog\/10-consejos-para\/como-citar-en-modelo-apa\/#primaryimage\",\"url\":\"https:\/\/utel.mx\/blog\/wp-content\/uploads\/2019\/04\/headers_2019_Citas_APA.jpg\",\"contentUrl\":\"https:\/\/utel.mx\/blog\/wp-content\/uploads\/2019\/04\/headers_2019_Citas_APA.jpg\",\"width\":600,\"height\":300,\"caption\":\"Modelo APA, conoce c\u00f3mo citar\"},{\"@type\":\"BreadcrumbList\",\"@id\":\"https:\/\/utel.mx\/blog\/10-consejos-para\/como-citar-en-modelo-apa\/#breadcrumb\",\"itemListElement\":[{\"@type\":\"ListItem\",\"position\":1,\"name\":\"Home\",\"item\":\"https:\/\/utel.mx\/blog\/\"},{\"@type\":\"ListItem\",\"position\":2,\"name\":\"Modelo APA, conoce c\u00f3mo citar\"}]},{\"@type\":\"WebSite\",\"@id\":\"https:\/\/utel.mx\/blog\/#website\",\"url\":\"https:\/\/utel.mx\/blog\/\",\"name\":\"BLOG | Utel\",\"description\":\"Blog UTEL Universidad en L\u00ednea\",\"publisher\":{\"@id\":\"https:\/\/utel.mx\/blog\/#organization\"},\"potentialAction\":[{\"@type\":\"SearchAction\",\"target\":{\"@type\":\"EntryPoint\",\"urlTemplate\":\"https:\/\/utel.mx\/blog\/?s={search_term_string}\"},\"query-input\":{\"@type\":\"PropertyValueSpecification\",\"valueRequired\":true,\"valueName\":\"search_term_string\"}}],\"inLanguage\":\"es\"},{\"@type\":\"Organization\",\"@id\":\"https:\/\/utel.mx\/blog\/#organization\",\"name\":\"BLOG | Utel\",\"url\":\"https:\/\/utel.mx\/blog\/\",\"logo\":{\"@type\":\"ImageObject\",\"inLanguage\":\"es\",\"@id\":\"https:\/\/utel.mx\/blog\/#\/schema\/logo\/image\/\",\"url\":\"https:\/\/utel.mx\/blog\/wp-content\/uploads\/2023\/03\/cropped-logo-blog.png\",\"contentUrl\":\"https:\/\/utel.mx\/blog\/wp-content\/uploads\/2023\/03\/cropped-logo-blog.png\",\"width\":237,\"height\":64,\"caption\":\"BLOG | Utel\"},\"image\":{\"@id\":\"https:\/\/utel.mx\/blog\/#\/schema\/logo\/image\/\"}},{\"@type\":\"Person\",\"@id\":\"https:\/\/utel.mx\/blog\/#\/schema\/person\/e5b3d8d918f13bd0b0f4724daa90dd95\",\"name\":\"Invitados UTEL\",\"image\":{\"@type\":\"ImageObject\",\"inLanguage\":\"es\",\"@id\":\"https:\/\/utel.mx\/blog\/#\/schema\/person\/image\/\",\"url\":\"https:\/\/secure.gravatar.com\/avatar\/781456f1128be5a332ab27ea8b902597?s=96&d=mm&r=g\",\"contentUrl\":\"https:\/\/secure.gravatar.com\/avatar\/781456f1128be5a332ab27ea8b902597?s=96&d=mm&r=g\",\"caption\":\"Invitados UTEL\"},\"description\":\"Invitados . Colaboraciones por parte de invitados de la Comunidad UTEL\"}]}<\/script>\n<!-- \/ Yoast SEO plugin. -->","yoast_head_json":{"title":"Modelo APA, conoce c\u00f3mo citar - BLOG | Utel","description":"No saber citar adecuadamente puede ser un problema muy grave a la hora de entregar trabajos o documentos.Aqu\u00ed te decimos c\u00f3mo hacerlo con el modelo APA","robots":{"index":"index","follow":"follow","max-snippet":"max-snippet:-1","max-image-preview":"max-image-preview:large","max-video-preview":"max-video-preview:-1"},"canonical":"https:\/\/utel.mx\/blog\/10-consejos-para\/como-citar-en-modelo-apa\/","og_locale":"es_ES","og_type":"article","og_title":"Modelo APA, conoce c\u00f3mo citar - BLOG | Utel","og_description":"No saber citar adecuadamente puede ser un problema muy grave a la hora de entregar trabajos o documentos.Aqu\u00ed te decimos c\u00f3mo hacerlo con el modelo APA","og_url":"https:\/\/utel.mx\/blog\/10-consejos-para\/como-citar-en-modelo-apa\/","og_site_name":"BLOG | Utel","article_published_time":"2019-04-22T22:15:18+00:00","article_modified_time":"2023-03-10T17:10:00+00:00","og_image":[{"width":600,"height":300,"url":"https:\/\/utel.mx\/blog\/wp-content\/uploads\/2019\/04\/headers_2019_Citas_APA.jpg","type":"image\/jpeg"}],"author":"Invitados UTEL","twitter_misc":{"Written by":"Invitados UTEL","Est. reading time":"2 minutos"},"schema":{"@context":"https:\/\/schema.org","@graph":[{"@type":"Article","@id":"https:\/\/utel.mx\/blog\/10-consejos-para\/como-citar-en-modelo-apa\/#article","isPartOf":{"@id":"https:\/\/utel.mx\/blog\/10-consejos-para\/como-citar-en-modelo-apa\/"},"author":{"name":"Invitados UTEL","@id":"https:\/\/utel.mx\/blog\/#\/schema\/person\/e5b3d8d918f13bd0b0f4724daa90dd95"},"headline":"Modelo APA, conoce c\u00f3mo citar","datePublished":"2019-04-22T22:15:18+00:00","dateModified":"2023-03-10T17:10:00+00:00","mainEntityOfPage":{"@id":"https:\/\/utel.mx\/blog\/10-consejos-para\/como-citar-en-modelo-apa\/"},"wordCount":453,"publisher":{"@id":"https:\/\/utel.mx\/blog\/#organization"},"image":{"@id":"https:\/\/utel.mx\/blog\/10-consejos-para\/como-citar-en-modelo-apa\/#primaryimage"},"thumbnailUrl":"https:\/\/utel.mx\/blog\/wp-content\/uploads\/2019\/04\/headers_2019_Citas_APA.jpg","articleSection":["Tips"],"inLanguage":"es"},{"@type":"WebPage","@id":"https:\/\/utel.mx\/blog\/10-consejos-para\/como-citar-en-modelo-apa\/","url":"https:\/\/utel.mx\/blog\/10-consejos-para\/como-citar-en-modelo-apa\/","name":"Modelo APA, conoce c\u00f3mo citar - BLOG | Utel","isPartOf":{"@id":"https:\/\/utel.mx\/blog\/#website"},"primaryImageOfPage":{"@id":"https:\/\/utel.mx\/blog\/10-consejos-para\/como-citar-en-modelo-apa\/#primaryimage"},"image":{"@id":"https:\/\/utel.mx\/blog\/10-consejos-para\/como-citar-en-modelo-apa\/#primaryimage"},"thumbnailUrl":"https:\/\/utel.mx\/blog\/wp-content\/uploads\/2019\/04\/headers_2019_Citas_APA.jpg","datePublished":"2019-04-22T22:15:18+00:00","dateModified":"2023-03-10T17:10:00+00:00","description":"No saber citar adecuadamente puede ser un problema muy grave a la hora de entregar trabajos o documentos.Aqu\u00ed te decimos c\u00f3mo hacerlo con el modelo APA","breadcrumb":{"@id":"https:\/\/utel.mx\/blog\/10-consejos-para\/como-citar-en-modelo-apa\/#breadcrumb"},"inLanguage":"es","potentialAction":[{"@type":"ReadAction","target":["https:\/\/utel.mx\/blog\/10-consejos-para\/como-citar-en-modelo-apa\/"]}]},{"@type":"ImageObject","inLanguage":"es","@id":"https:\/\/utel.mx\/blog\/10-consejos-para\/como-citar-en-modelo-apa\/#primaryimage","url":"https:\/\/utel.mx\/blog\/wp-content\/uploads\/2019\/04\/headers_2019_Citas_APA.jpg","contentUrl":"https:\/\/utel.mx\/blog\/wp-content\/uploads\/2019\/04\/headers_2019_Citas_APA.jpg","width":600,"height":300,"caption":"Modelo APA, conoce c\u00f3mo citar"},{"@type":"BreadcrumbList","@id":"https:\/\/utel.mx\/blog\/10-consejos-para\/como-citar-en-modelo-apa\/#breadcrumb","itemListElement":[{"@type":"ListItem","position":1,"name":"Home","item":"https:\/\/utel.mx\/blog\/"},{"@type":"ListItem","position":2,"name":"Modelo APA, conoce c\u00f3mo citar"}]},{"@type":"WebSite","@id":"https:\/\/utel.mx\/blog\/#website","url":"https:\/\/utel.mx\/blog\/","name":"BLOG | Utel","description":"Blog UTEL Universidad en L\u00ednea","publisher":{"@id":"https:\/\/utel.mx\/blog\/#organization"},"potentialAction":[{"@type":"SearchAction","target":{"@type":"EntryPoint","urlTemplate":"https:\/\/utel.mx\/blog\/?s={search_term_string}"},"query-input":{"@type":"PropertyValueSpecification","valueRequired":true,"valueName":"search_term_string"}}],"inLanguage":"es"},{"@type":"Organization","@id":"https:\/\/utel.mx\/blog\/#organization","name":"BLOG | Utel","url":"https:\/\/utel.mx\/blog\/","logo":{"@type":"ImageObject","inLanguage":"es","@id":"https:\/\/utel.mx\/blog\/#\/schema\/logo\/image\/","url":"https:\/\/utel.mx\/blog\/wp-content\/uploads\/2023\/03\/cropped-logo-blog.png","contentUrl":"https:\/\/utel.mx\/blog\/wp-content\/uploads\/2023\/03\/cropped-logo-blog.png","width":237,"height":64,"caption":"BLOG | Utel"},"image":{"@id":"https:\/\/utel.mx\/blog\/#\/schema\/logo\/image\/"}},{"@type":"Person","@id":"https:\/\/utel.mx\/blog\/#\/schema\/person\/e5b3d8d918f13bd0b0f4724daa90dd95","name":"Invitados UTEL","image":{"@type":"ImageObject","inLanguage":"es","@id":"https:\/\/utel.mx\/blog\/#\/schema\/person\/image\/","url":"https:\/\/secure.gravatar.com\/avatar\/781456f1128be5a332ab27ea8b902597?s=96&d=mm&r=g","contentUrl":"https:\/\/secure.gravatar.com\/avatar\/781456f1128be5a332ab27ea8b902597?s=96&d=mm&r=g","caption":"Invitados UTEL"},"description":"Invitados . Colaboraciones por parte de invitados de la Comunidad UTEL"}]}},"_links":{"self":[{"href":"https:\/\/utel.mx\/blog\/wp-json\/wp\/v2\/posts\/4378","targetHints":{"allow":["GET"]}}],"collection":[{"href":"https:\/\/utel.mx\/blog\/wp-json\/wp\/v2\/posts"}],"about":[{"href":"https:\/\/utel.mx\/blog\/wp-json\/wp\/v2\/types\/post"}],"author":[{"embeddable":true,"href":"https:\/\/utel.mx\/blog\/wp-json\/wp\/v2\/users\/40"}],"replies":[{"embeddable":true,"href":"https:\/\/utel.mx\/blog\/wp-json\/wp\/v2\/comments?post=4378"}],"version-history":[{"count":1,"href":"https:\/\/utel.mx\/blog\/wp-json\/wp\/v2\/posts\/4378\/revisions"}],"predecessor-version":[{"id":46119,"href":"https:\/\/utel.mx\/blog\/wp-json\/wp\/v2\/posts\/4378\/revisions\/46119"}],"wp:featuredmedia":[{"embeddable":true,"href":"https:\/\/utel.mx\/blog\/wp-json\/wp\/v2\/media\/32237"}],"wp:attachment":[{"href":"https:\/\/utel.mx\/blog\/wp-json\/wp\/v2\/media?parent=4378"}],"wp:term":[{"taxonomy":"category","embeddable":true,"href":"https:\/\/utel.mx\/blog\/wp-json\/wp\/v2\/categories?post=4378"},{"taxonomy":"post_tag","embeddable":true,"href":"https:\/\/utel.mx\/blog\/wp-json\/wp\/v2\/tags?post=4378"}],"curies":[{"name":"wp","href":"https:\/\/api.w.org\/{rel}","templated":true}]}}