{"id":4420,"date":"2013-09-05T20:56:52","date_gmt":"2013-09-05T20:56:52","guid":{"rendered":"http:\/\/utel.mx\/blog\/?p=4420"},"modified":"2023-03-10T16:55:12","modified_gmt":"2023-03-10T16:55:12","slug":"los-movimientos-corporales-en-una-entrevista-de-trabajo","status":"publish","type":"post","link":"https:\/\/utel.mx\/blog\/rol-personal\/los-movimientos-corporales-en-una-entrevista-de-trabajo\/","title":{"rendered":"Los movimientos corporales en una entrevista de trabajo"},"content":{"rendered":"<p>El lenguaje corporal es un elemento que no solo se debe considerar al acudir a una entrevista laboral, sino tambi\u00e9n en el lugar de trabajo. Para lograr la atenci\u00f3n de un reclutador, es necesario prepararse con anticipaci\u00f3n para las diversas preguntas que pueda hacer, esto ayudar\u00e1 a evitar los nervios.<\/p>\n<p>Controlar el lenguaje corporal en una entrevista laboral dice mucho de una persona y permite al reclutador observar la seguridad y el \u00e1nimo del postulante, cuestiones que sin duda influyen en la contrataci\u00f3n del personal.<\/p>\n<p>La mirada es un elemento con mucha relevancia, por ello se aconseja ver directamente a los ojos cuando se \u00a0pretende comunicar alguna idea o sugerencia; si evades a la persona, pensar\u00e1 que no se le est\u00e1 tomando en cuenta.<\/p>\n<p>Al hablar, el movimiento de las manos no debe excederse. Se puede hacer uso de ellas como apoyo, pero de preferencia que sea de forma sutil.<\/p>\n<p>La postura corporal en cualquier ocasi\u00f3n es importante, si uno habla con el cuerpo encorvado se dar\u00e1 oportunidad a pensar que se tiene pereza y no se tiene inter\u00e9s en el tema que se toca; si la persona tiende a moverse mucho, mostrar\u00e1 desinter\u00e9s o que tiene nerviosismo. Lo m\u00e1s recomendable es mantener una postura en donde se est\u00e9 sumamente c\u00f3modo.<\/p>\n<p>La sonrisa tiende a mostrar que tan amigable es la persona; recuerda hacerlo de vez en cuando, pues as\u00ed se mostrar\u00e1 simpat\u00eda, pero no hay que abusar de este recurso.<\/p>\n<p>\u00bfQui\u00e9n no ha tenido un tic? Cuando las personas entran en nerviosismo o algo de p\u00e1nico, tienden a salir los llamados tics nerviosos, estos movimientos involuntarios no solo consisten en jugar con lo que se tenga a la mano como una pluma o carpeta, sino tambi\u00e9n pueden ser tics con el mismo cuerpo, como mover el pie r\u00e1pidamente o los dedos. Tratar de identificarlos ayudar\u00e1 a combatirlos.<\/p>\n<p>Hay que recordar que todas los movimientos indican algo, en algunos casos cuestiones positivas en otros negativas, dependiendo en la situaci\u00f3n que se encuentre la persona, por lo que tener un adecuado control de los movimientos corporales, facilitar\u00e1 el proceso de comunicaci\u00f3n en cualquier \u00e1mbito de la vida, tanto profesional como social.<\/p>\n<p><b>Tania Paola Peralta<\/b><\/p>\n<p><b>UTEL Editorial<\/b><\/p>\n<div id=\"advads-659790312\" class=\"advads-cta-lp-banner-form advads-entity-placement\"><a href=\"https:\/\/utel.mx\/blog\/admisiones-universidad-online\/?utm_source=blog&#038;utm_medium=CTAlink&#038;utm_campaign=MKTseo\" aria-label=\"Universidad en linea\"><img src=\"https:\/\/utel.mx\/blog\/wp-content\/uploads\/2025\/04\/universidad-en-linea-1.png\" alt=\"Universidad en linea\"  srcset=\"https:\/\/utel.mx\/blog\/wp-content\/uploads\/2025\/04\/universidad-en-linea-1.png 626w, https:\/\/utel.mx\/blog\/wp-content\/uploads\/2025\/04\/universidad-en-linea-1-420x168.png 420w\" sizes=\"(max-width: 626px) 100vw, 626px\" width=\"626\" height=\"250\"   \/><\/a><\/div>","protected":false},"excerpt":{"rendered":"<p> [&hellip;]<\/p>\n","protected":false},"author":40,"featured_media":4874,"comment_status":"closed","ping_status":"open","sticky":false,"template":"","format":"standard","meta":{"_acf_changed":false,"site-sidebar-layout":"default","site-content-layout":"","ast-site-content-layout":"","site-content-style":"default","site-sidebar-style":"default","ast-global-header-display":"","ast-banner-title-visibility":"","ast-main-header-display":"","ast-hfb-above-header-display":"","ast-hfb-below-header-display":"","ast-hfb-mobile-header-display":"","site-post-title":"","ast-breadcrumbs-content":"","ast-featured-img":"","footer-sml-layout":"","theme-transparent-header-meta":"","adv-header-id-meta":"","stick-header-meta":"","header-above-stick-meta":"","header-main-stick-meta":"","header-below-stick-meta":"","astra-migrate-meta-layouts":"default","ast-page-background-enabled":"default","ast-page-background-meta":{"desktop":{"background-color":"var(--ast-global-color-4)","background-image":"","background-repeat":"repeat","background-position":"center center","background-size":"auto","background-attachment":"scroll","background-type":"","background-media":"","overlay-type":"","overlay-color":"","overlay-gradient":""},"tablet":{"background-color":"","background-image":"","background-repeat":"repeat","background-position":"center center","background-size":"auto","background-attachment":"scroll","background-type":"","background-media":"","overlay-type":"","overlay-color":"","overlay-gradient":""},"mobile":{"background-color":"","background-image":"","background-repeat":"repeat","background-position":"center center","background-size":"auto","background-attachment":"scroll","background-type":"","background-media":"","overlay-type":"","overlay-color":"","overlay-gradient":""}},"ast-content-background-meta":{"desktop":{"background-color":"var(--ast-global-color-5)","background-image":"","background-repeat":"repeat","background-position":"center center","background-size":"auto","background-attachment":"scroll","background-type":"","background-media":"","overlay-type":"","overlay-color":"","overlay-gradient":""},"tablet":{"background-color":"var(--ast-global-color-5)","background-image":"","background-repeat":"repeat","background-position":"center center","background-size":"auto","background-attachment":"scroll","background-type":"","background-media":"","overlay-type":"","overlay-color":"","overlay-gradient":""},"mobile":{"background-color":"var(--ast-global-color-5)","background-image":"","background-repeat":"repeat","background-position":"center center","background-size":"auto","background-attachment":"scroll","background-type":"","background-media":"","overlay-type":"","overlay-color":"","overlay-gradient":""}},"footnotes":""},"categories":[33],"tags":[],"class_list":["post-4420","post","type-post","status-publish","format-standard","has-post-thumbnail","hentry","category-rol-personal"],"acf":[],"yoast_head":"<!-- This site is optimized with the Yoast SEO plugin v26.8 - https:\/\/yoast.com\/product\/yoast-seo-wordpress\/ -->\n<title>Los movimientos corporales en una entrevista de trabajo - BLOG | Utel<\/title>\n<meta name=\"description\" content=\"Los movimientos corporales son un elemento importante en cualquier entrevista de trabajo.\" \/>\n<meta name=\"robots\" content=\"index, follow, max-snippet:-1, max-image-preview:large, max-video-preview:-1\" \/>\n<link rel=\"canonical\" href=\"https:\/\/utel.mx\/blog\/rol-personal\/los-movimientos-corporales-en-una-entrevista-de-trabajo\/\" \/>\n<meta property=\"og:locale\" content=\"es_ES\" \/>\n<meta property=\"og:type\" content=\"article\" \/>\n<meta property=\"og:title\" content=\"Los movimientos corporales en una entrevista de trabajo - BLOG | Utel\" \/>\n<meta property=\"og:description\" content=\"Los movimientos corporales son un elemento importante en cualquier entrevista de trabajo.\" \/>\n<meta property=\"og:url\" content=\"https:\/\/utel.mx\/blog\/rol-personal\/los-movimientos-corporales-en-una-entrevista-de-trabajo\/\" \/>\n<meta property=\"og:site_name\" content=\"BLOG | Utel\" \/>\n<meta property=\"article:published_time\" content=\"2013-09-05T20:56:52+00:00\" \/>\n<meta property=\"article:modified_time\" content=\"2023-03-10T16:55:12+00:00\" \/>\n<meta property=\"og:image\" content=\"https:\/\/utel.mx\/blog\/wp-content\/uploads\/2013\/09\/shutterstock_67616473.jpg\" \/>\n\t<meta property=\"og:image:width\" content=\"1000\" \/>\n\t<meta property=\"og:image:height\" content=\"667\" \/>\n\t<meta property=\"og:image:type\" content=\"image\/jpeg\" \/>\n<meta name=\"author\" content=\"Invitados UTEL\" \/>\n<meta name=\"twitter:label1\" content=\"Written by\" \/>\n\t<meta name=\"twitter:data1\" content=\"Invitados UTEL\" \/>\n\t<meta name=\"twitter:label2\" content=\"Est. reading time\" \/>\n\t<meta name=\"twitter:data2\" content=\"2 minutos\" \/>\n<script type=\"application\/ld+json\" class=\"yoast-schema-graph\">{\"@context\":\"https:\/\/schema.org\",\"@graph\":[{\"@type\":\"Article\",\"@id\":\"https:\/\/utel.mx\/blog\/rol-personal\/los-movimientos-corporales-en-una-entrevista-de-trabajo\/#article\",\"isPartOf\":{\"@id\":\"https:\/\/utel.mx\/blog\/rol-personal\/los-movimientos-corporales-en-una-entrevista-de-trabajo\/\"},\"author\":{\"name\":\"Invitados UTEL\",\"@id\":\"https:\/\/utel.mx\/blog\/#\/schema\/person\/e5b3d8d918f13bd0b0f4724daa90dd95\"},\"headline\":\"Los movimientos corporales en una entrevista de trabajo\",\"datePublished\":\"2013-09-05T20:56:52+00:00\",\"dateModified\":\"2023-03-10T16:55:12+00:00\",\"mainEntityOfPage\":{\"@id\":\"https:\/\/utel.mx\/blog\/rol-personal\/los-movimientos-corporales-en-una-entrevista-de-trabajo\/\"},\"wordCount\":389,\"publisher\":{\"@id\":\"https:\/\/utel.mx\/blog\/#organization\"},\"image\":{\"@id\":\"https:\/\/utel.mx\/blog\/rol-personal\/los-movimientos-corporales-en-una-entrevista-de-trabajo\/#primaryimage\"},\"thumbnailUrl\":\"https:\/\/utel.mx\/blog\/wp-content\/uploads\/2013\/09\/shutterstock_67616473.jpg\",\"articleSection\":[\"Rol personal\"],\"inLanguage\":\"es\"},{\"@type\":\"WebPage\",\"@id\":\"https:\/\/utel.mx\/blog\/rol-personal\/los-movimientos-corporales-en-una-entrevista-de-trabajo\/\",\"url\":\"https:\/\/utel.mx\/blog\/rol-personal\/los-movimientos-corporales-en-una-entrevista-de-trabajo\/\",\"name\":\"Los movimientos corporales en una entrevista de trabajo - BLOG | Utel\",\"isPartOf\":{\"@id\":\"https:\/\/utel.mx\/blog\/#website\"},\"primaryImageOfPage\":{\"@id\":\"https:\/\/utel.mx\/blog\/rol-personal\/los-movimientos-corporales-en-una-entrevista-de-trabajo\/#primaryimage\"},\"image\":{\"@id\":\"https:\/\/utel.mx\/blog\/rol-personal\/los-movimientos-corporales-en-una-entrevista-de-trabajo\/#primaryimage\"},\"thumbnailUrl\":\"https:\/\/utel.mx\/blog\/wp-content\/uploads\/2013\/09\/shutterstock_67616473.jpg\",\"datePublished\":\"2013-09-05T20:56:52+00:00\",\"dateModified\":\"2023-03-10T16:55:12+00:00\",\"description\":\"Los movimientos corporales son un elemento importante en cualquier entrevista de trabajo.\",\"breadcrumb\":{\"@id\":\"https:\/\/utel.mx\/blog\/rol-personal\/los-movimientos-corporales-en-una-entrevista-de-trabajo\/#breadcrumb\"},\"inLanguage\":\"es\",\"potentialAction\":[{\"@type\":\"ReadAction\",\"target\":[\"https:\/\/utel.mx\/blog\/rol-personal\/los-movimientos-corporales-en-una-entrevista-de-trabajo\/\"]}]},{\"@type\":\"ImageObject\",\"inLanguage\":\"es\",\"@id\":\"https:\/\/utel.mx\/blog\/rol-personal\/los-movimientos-corporales-en-una-entrevista-de-trabajo\/#primaryimage\",\"url\":\"https:\/\/utel.mx\/blog\/wp-content\/uploads\/2013\/09\/shutterstock_67616473.jpg\",\"contentUrl\":\"https:\/\/utel.mx\/blog\/wp-content\/uploads\/2013\/09\/shutterstock_67616473.jpg\",\"width\":1000,\"height\":667,\"caption\":\"Los movimientos corporales son un elemento importante en cualquier entrevista de trabajo.\"},{\"@type\":\"BreadcrumbList\",\"@id\":\"https:\/\/utel.mx\/blog\/rol-personal\/los-movimientos-corporales-en-una-entrevista-de-trabajo\/#breadcrumb\",\"itemListElement\":[{\"@type\":\"ListItem\",\"position\":1,\"name\":\"Home\",\"item\":\"https:\/\/utel.mx\/blog\/\"},{\"@type\":\"ListItem\",\"position\":2,\"name\":\"Los movimientos corporales en una entrevista de trabajo\"}]},{\"@type\":\"WebSite\",\"@id\":\"https:\/\/utel.mx\/blog\/#website\",\"url\":\"https:\/\/utel.mx\/blog\/\",\"name\":\"BLOG | Utel\",\"description\":\"Blog UTEL Universidad en L\u00ednea\",\"publisher\":{\"@id\":\"https:\/\/utel.mx\/blog\/#organization\"},\"potentialAction\":[{\"@type\":\"SearchAction\",\"target\":{\"@type\":\"EntryPoint\",\"urlTemplate\":\"https:\/\/utel.mx\/blog\/?s={search_term_string}\"},\"query-input\":{\"@type\":\"PropertyValueSpecification\",\"valueRequired\":true,\"valueName\":\"search_term_string\"}}],\"inLanguage\":\"es\"},{\"@type\":\"Organization\",\"@id\":\"https:\/\/utel.mx\/blog\/#organization\",\"name\":\"BLOG | Utel\",\"url\":\"https:\/\/utel.mx\/blog\/\",\"logo\":{\"@type\":\"ImageObject\",\"inLanguage\":\"es\",\"@id\":\"https:\/\/utel.mx\/blog\/#\/schema\/logo\/image\/\",\"url\":\"https:\/\/utel.mx\/blog\/wp-content\/uploads\/2023\/03\/cropped-logo-blog.png\",\"contentUrl\":\"https:\/\/utel.mx\/blog\/wp-content\/uploads\/2023\/03\/cropped-logo-blog.png\",\"width\":237,\"height\":64,\"caption\":\"BLOG | Utel\"},\"image\":{\"@id\":\"https:\/\/utel.mx\/blog\/#\/schema\/logo\/image\/\"}},{\"@type\":\"Person\",\"@id\":\"https:\/\/utel.mx\/blog\/#\/schema\/person\/e5b3d8d918f13bd0b0f4724daa90dd95\",\"name\":\"Invitados UTEL\",\"image\":{\"@type\":\"ImageObject\",\"inLanguage\":\"es\",\"@id\":\"https:\/\/utel.mx\/blog\/#\/schema\/person\/image\/\",\"url\":\"https:\/\/secure.gravatar.com\/avatar\/781456f1128be5a332ab27ea8b902597?s=96&d=mm&r=g\",\"contentUrl\":\"https:\/\/secure.gravatar.com\/avatar\/781456f1128be5a332ab27ea8b902597?s=96&d=mm&r=g\",\"caption\":\"Invitados UTEL\"},\"description\":\"Invitados . Colaboraciones por parte de invitados de la Comunidad UTEL\"}]}<\/script>\n<!-- \/ Yoast SEO plugin. -->","yoast_head_json":{"title":"Los movimientos corporales en una entrevista de trabajo - BLOG | Utel","description":"Los movimientos corporales son un elemento importante en cualquier entrevista de trabajo.","robots":{"index":"index","follow":"follow","max-snippet":"max-snippet:-1","max-image-preview":"max-image-preview:large","max-video-preview":"max-video-preview:-1"},"canonical":"https:\/\/utel.mx\/blog\/rol-personal\/los-movimientos-corporales-en-una-entrevista-de-trabajo\/","og_locale":"es_ES","og_type":"article","og_title":"Los movimientos corporales en una entrevista de trabajo - BLOG | Utel","og_description":"Los movimientos corporales son un elemento importante en cualquier entrevista de trabajo.","og_url":"https:\/\/utel.mx\/blog\/rol-personal\/los-movimientos-corporales-en-una-entrevista-de-trabajo\/","og_site_name":"BLOG | Utel","article_published_time":"2013-09-05T20:56:52+00:00","article_modified_time":"2023-03-10T16:55:12+00:00","og_image":[{"width":1000,"height":667,"url":"https:\/\/utel.mx\/blog\/wp-content\/uploads\/2013\/09\/shutterstock_67616473.jpg","type":"image\/jpeg"}],"author":"Invitados UTEL","twitter_misc":{"Written by":"Invitados UTEL","Est. reading time":"2 minutos"},"schema":{"@context":"https:\/\/schema.org","@graph":[{"@type":"Article","@id":"https:\/\/utel.mx\/blog\/rol-personal\/los-movimientos-corporales-en-una-entrevista-de-trabajo\/#article","isPartOf":{"@id":"https:\/\/utel.mx\/blog\/rol-personal\/los-movimientos-corporales-en-una-entrevista-de-trabajo\/"},"author":{"name":"Invitados UTEL","@id":"https:\/\/utel.mx\/blog\/#\/schema\/person\/e5b3d8d918f13bd0b0f4724daa90dd95"},"headline":"Los movimientos corporales en una entrevista de trabajo","datePublished":"2013-09-05T20:56:52+00:00","dateModified":"2023-03-10T16:55:12+00:00","mainEntityOfPage":{"@id":"https:\/\/utel.mx\/blog\/rol-personal\/los-movimientos-corporales-en-una-entrevista-de-trabajo\/"},"wordCount":389,"publisher":{"@id":"https:\/\/utel.mx\/blog\/#organization"},"image":{"@id":"https:\/\/utel.mx\/blog\/rol-personal\/los-movimientos-corporales-en-una-entrevista-de-trabajo\/#primaryimage"},"thumbnailUrl":"https:\/\/utel.mx\/blog\/wp-content\/uploads\/2013\/09\/shutterstock_67616473.jpg","articleSection":["Rol personal"],"inLanguage":"es"},{"@type":"WebPage","@id":"https:\/\/utel.mx\/blog\/rol-personal\/los-movimientos-corporales-en-una-entrevista-de-trabajo\/","url":"https:\/\/utel.mx\/blog\/rol-personal\/los-movimientos-corporales-en-una-entrevista-de-trabajo\/","name":"Los movimientos corporales en una entrevista de trabajo - BLOG | Utel","isPartOf":{"@id":"https:\/\/utel.mx\/blog\/#website"},"primaryImageOfPage":{"@id":"https:\/\/utel.mx\/blog\/rol-personal\/los-movimientos-corporales-en-una-entrevista-de-trabajo\/#primaryimage"},"image":{"@id":"https:\/\/utel.mx\/blog\/rol-personal\/los-movimientos-corporales-en-una-entrevista-de-trabajo\/#primaryimage"},"thumbnailUrl":"https:\/\/utel.mx\/blog\/wp-content\/uploads\/2013\/09\/shutterstock_67616473.jpg","datePublished":"2013-09-05T20:56:52+00:00","dateModified":"2023-03-10T16:55:12+00:00","description":"Los movimientos corporales son un elemento importante en cualquier entrevista de trabajo.","breadcrumb":{"@id":"https:\/\/utel.mx\/blog\/rol-personal\/los-movimientos-corporales-en-una-entrevista-de-trabajo\/#breadcrumb"},"inLanguage":"es","potentialAction":[{"@type":"ReadAction","target":["https:\/\/utel.mx\/blog\/rol-personal\/los-movimientos-corporales-en-una-entrevista-de-trabajo\/"]}]},{"@type":"ImageObject","inLanguage":"es","@id":"https:\/\/utel.mx\/blog\/rol-personal\/los-movimientos-corporales-en-una-entrevista-de-trabajo\/#primaryimage","url":"https:\/\/utel.mx\/blog\/wp-content\/uploads\/2013\/09\/shutterstock_67616473.jpg","contentUrl":"https:\/\/utel.mx\/blog\/wp-content\/uploads\/2013\/09\/shutterstock_67616473.jpg","width":1000,"height":667,"caption":"Los movimientos corporales son un elemento importante en cualquier entrevista de trabajo."},{"@type":"BreadcrumbList","@id":"https:\/\/utel.mx\/blog\/rol-personal\/los-movimientos-corporales-en-una-entrevista-de-trabajo\/#breadcrumb","itemListElement":[{"@type":"ListItem","position":1,"name":"Home","item":"https:\/\/utel.mx\/blog\/"},{"@type":"ListItem","position":2,"name":"Los movimientos corporales en una entrevista de trabajo"}]},{"@type":"WebSite","@id":"https:\/\/utel.mx\/blog\/#website","url":"https:\/\/utel.mx\/blog\/","name":"BLOG | Utel","description":"Blog UTEL Universidad en L\u00ednea","publisher":{"@id":"https:\/\/utel.mx\/blog\/#organization"},"potentialAction":[{"@type":"SearchAction","target":{"@type":"EntryPoint","urlTemplate":"https:\/\/utel.mx\/blog\/?s={search_term_string}"},"query-input":{"@type":"PropertyValueSpecification","valueRequired":true,"valueName":"search_term_string"}}],"inLanguage":"es"},{"@type":"Organization","@id":"https:\/\/utel.mx\/blog\/#organization","name":"BLOG | Utel","url":"https:\/\/utel.mx\/blog\/","logo":{"@type":"ImageObject","inLanguage":"es","@id":"https:\/\/utel.mx\/blog\/#\/schema\/logo\/image\/","url":"https:\/\/utel.mx\/blog\/wp-content\/uploads\/2023\/03\/cropped-logo-blog.png","contentUrl":"https:\/\/utel.mx\/blog\/wp-content\/uploads\/2023\/03\/cropped-logo-blog.png","width":237,"height":64,"caption":"BLOG | Utel"},"image":{"@id":"https:\/\/utel.mx\/blog\/#\/schema\/logo\/image\/"}},{"@type":"Person","@id":"https:\/\/utel.mx\/blog\/#\/schema\/person\/e5b3d8d918f13bd0b0f4724daa90dd95","name":"Invitados UTEL","image":{"@type":"ImageObject","inLanguage":"es","@id":"https:\/\/utel.mx\/blog\/#\/schema\/person\/image\/","url":"https:\/\/secure.gravatar.com\/avatar\/781456f1128be5a332ab27ea8b902597?s=96&d=mm&r=g","contentUrl":"https:\/\/secure.gravatar.com\/avatar\/781456f1128be5a332ab27ea8b902597?s=96&d=mm&r=g","caption":"Invitados UTEL"},"description":"Invitados . Colaboraciones por parte de invitados de la Comunidad UTEL"}]}},"_links":{"self":[{"href":"https:\/\/utel.mx\/blog\/wp-json\/wp\/v2\/posts\/4420","targetHints":{"allow":["GET"]}}],"collection":[{"href":"https:\/\/utel.mx\/blog\/wp-json\/wp\/v2\/posts"}],"about":[{"href":"https:\/\/utel.mx\/blog\/wp-json\/wp\/v2\/types\/post"}],"author":[{"embeddable":true,"href":"https:\/\/utel.mx\/blog\/wp-json\/wp\/v2\/users\/40"}],"replies":[{"embeddable":true,"href":"https:\/\/utel.mx\/blog\/wp-json\/wp\/v2\/comments?post=4420"}],"version-history":[{"count":1,"href":"https:\/\/utel.mx\/blog\/wp-json\/wp\/v2\/posts\/4420\/revisions"}],"predecessor-version":[{"id":45001,"href":"https:\/\/utel.mx\/blog\/wp-json\/wp\/v2\/posts\/4420\/revisions\/45001"}],"wp:featuredmedia":[{"embeddable":true,"href":"https:\/\/utel.mx\/blog\/wp-json\/wp\/v2\/media\/4874"}],"wp:attachment":[{"href":"https:\/\/utel.mx\/blog\/wp-json\/wp\/v2\/media?parent=4420"}],"wp:term":[{"taxonomy":"category","embeddable":true,"href":"https:\/\/utel.mx\/blog\/wp-json\/wp\/v2\/categories?post=4420"},{"taxonomy":"post_tag","embeddable":true,"href":"https:\/\/utel.mx\/blog\/wp-json\/wp\/v2\/tags?post=4420"}],"curies":[{"name":"wp","href":"https:\/\/api.w.org\/{rel}","templated":true}]}}