{"id":48470,"date":"2024-01-16T17:32:35","date_gmt":"2024-01-16T17:32:35","guid":{"rendered":"https:\/\/utel.mx\/blog\/?p=48470"},"modified":"2024-05-17T22:44:36","modified_gmt":"2024-05-17T22:44:36","slug":"diagnostico-de-competencias-crecimiento-profesional","status":"publish","type":"post","link":"https:\/\/utel.mx\/blog\/expansion-profesional\/diagnostico-de-competencias-crecimiento-profesional\/","title":{"rendered":"Diagn\u00f3stico de competencias: un paso clave hacia el crecimiento profesional"},"content":{"rendered":"\n<p>En el din\u00e1mico escenario laboral actual, el \u00e9xito va m\u00e1s all\u00e1 de los conocimientos acad\u00e9micos. \u00bfTe has preguntado <strong>c\u00f3mo destacar y desarrollar tus habilidades<\/strong> para triunfar en tu carrera? La respuesta est\u00e1 en un <strong>diagn\u00f3stico de competencias<\/strong>.<\/p>\n\n\n\n<h2 class=\"wp-block-heading\">\u00bfQu\u00e9 es y c\u00f3mo funciona el diagn\u00f3stico de competencias?<\/h2>\n\n\n\n<p>Imagina una herramienta que te brinde una visi\u00f3n clara de tus habilidades profesionales, permiti\u00e9ndote explorar tu verdadero potencial. Esta herramienta existe y se llama diagn\u00f3stico de competencias.<\/p>\n\n\n\n<p>Este diagn\u00f3stico utiliza situaciones dise\u00f1adas para <strong>identificar y resaltar tus habilidades esenciales en un entorno laboral real, enfrent\u00e1ndote a preguntas que simulan el d\u00eda a d\u00eda en el trabajo<\/strong>. Esta medici\u00f3n se convierte en un espejo aut\u00e9ntico de las competencias necesarias en el mundo laboral actual.<\/p>\n\n\n\n<p>A trav\u00e9s del autoconocimiento y la comprensi\u00f3n de tus competencias, puedes establecer metas concretas para mejorarlas, centr\u00e1ndote as\u00ed en las \u00e1reas que deseas fortalecer.<\/p>\n\n\n\n<h2 class=\"wp-block-heading\">\u00bfQu\u00e9 ventajas tiene realizar un diagn\u00f3stico de competencias?<\/h2>\n\n\n\n<p>Responder un diagn\u00f3stico de competencias ofrece una serie de ventajas y razones fundamentales como:<\/p>\n\n\n\n<ul class=\"wp-block-list\">\n<li><strong>El autoconocimiento y desarrollo personal<\/strong>: descubre tus fortalezas, identifica \u00e1reas de mejora y traza un camino claro hacia el crecimiento personal y profesional.<\/li>\n\n\n\n<li><strong>Preparaci\u00f3n para el mundo laboral:<\/strong> enfrenta situaciones laborales reales para comprender mejor las habilidades que demanda el mercado.<\/li>\n\n\n\n<li><strong>Toma de decisiones informada:<\/strong> conoce tus habilidades a fondo y toma decisiones conscientes sobre tu carrera con una visi\u00f3n clara de tu potencial.<\/li>\n\n\n\n<li><strong>Validaci\u00f3n objetiva de habilidades:<\/strong> haz que tus conocimientos y habilidades destaquen de manera cuantificable, abriendo puertas a emocionantes oportunidades laborales.<\/li>\n<\/ul>\n\n\n\n<h3 class=\"wp-block-heading\">Competencias para el mundo real<\/h3>\n\n\n\n<p><strong>En Utel impulsamos la empleabilidad de nuestros estudiantes y egresados.<\/strong> Por ello, contamos con un <strong>diagn\u00f3stico de competencias<\/strong> exclusivo para nuestra comunidad educativa, desde el inicio de su cursada.<\/p>\n\n\n\n<p>Consiste en un diagn\u00f3stico en l\u00ednea, en el que te enfrentar\u00e1s a situaciones reales del \u00e1mbito laboral y responder\u00e1s a preguntas que te permitir\u00e1n identificar tu nivel de desarrollo en 10 competencias clave como: comunicaci\u00f3n, liderazgo, trabajo en equipo, resoluci\u00f3n de problemas y m\u00e1s.<\/p>\n\n\n\n<p>Al finalizar la medici\u00f3n,<strong> recibir\u00e1s un plan de formaci\u00f3n personalizado<\/strong>, con recomendaciones espec\u00edficas y accesibles para mejorar tus competencias y lograr tu m\u00e1ximo potencial profesional.<\/p>\n\n\n\n<p>No dejes pasar esta oportunidad de descubrir y fortalecer tus habilidades. Descubre, potencia y destaca. \u00a1Tu \u00e9xito profesional <a href=\"https:\/\/utel.mx\/blog\/admisiones-universidad-online\/\" target=\"_blank\" rel=\"noreferrer noopener\">comienza aqu\u00ed<\/a>, en Utel!<\/p>\n\n\n\n<p>Cont\u00e1ctanos y conoce m\u00e1s en: <a href=\"mailto:expansion@utel.edu.mx\" target=\"_blank\" rel=\"noreferrer noopener\">expansion@utel.edu.mx<\/a><\/p>\n<div id=\"advads-655536073\" class=\"advads-cta-lp-banner-form advads-entity-placement\"><a href=\"https:\/\/utel.mx\/blog\/admisiones-universidad-online\/?utm_source=blog&#038;utm_medium=CTAlink&#038;utm_campaign=MKTseo\" aria-label=\"Universidad en linea\"><img src=\"https:\/\/utel.mx\/blog\/wp-content\/uploads\/2025\/04\/universidad-en-linea-1.png\" alt=\"Universidad en linea\"  srcset=\"https:\/\/utel.mx\/blog\/wp-content\/uploads\/2025\/04\/universidad-en-linea-1.png 626w, https:\/\/utel.mx\/blog\/wp-content\/uploads\/2025\/04\/universidad-en-linea-1-420x168.png 420w\" sizes=\"(max-width: 626px) 100vw, 626px\" width=\"626\" height=\"250\"   \/><\/a><\/div>","protected":false},"excerpt":{"rendered":"<p> [&hellip;]<\/p>\n","protected":false},"author":79,"featured_media":49102,"comment_status":"closed","ping_status":"open","sticky":false,"template":"","format":"standard","meta":{"_acf_changed":false,"site-sidebar-layout":"default","site-content-layout":"","ast-site-content-layout":"","site-content-style":"default","site-sidebar-style":"default","ast-global-header-display":"","ast-banner-title-visibility":"","ast-main-header-display":"","ast-hfb-above-header-display":"","ast-hfb-below-header-display":"","ast-hfb-mobile-header-display":"","site-post-title":"","ast-breadcrumbs-content":"","ast-featured-img":"","footer-sml-layout":"","theme-transparent-header-meta":"","adv-header-id-meta":"","stick-header-meta":"","header-above-stick-meta":"","header-main-stick-meta":"","header-below-stick-meta":"","astra-migrate-meta-layouts":"default","ast-page-background-enabled":"default","ast-page-background-meta":{"desktop":{"background-color":"var(--ast-global-color-4)","background-image":"","background-repeat":"repeat","background-position":"center center","background-size":"auto","background-attachment":"scroll","background-type":"","background-media":"","overlay-type":"","overlay-color":"","overlay-gradient":""},"tablet":{"background-color":"","background-image":"","background-repeat":"repeat","background-position":"center center","background-size":"auto","background-attachment":"scroll","background-type":"","background-media":"","overlay-type":"","overlay-color":"","overlay-gradient":""},"mobile":{"background-color":"","background-image":"","background-repeat":"repeat","background-position":"center center","background-size":"auto","background-attachment":"scroll","background-type":"","background-media":"","overlay-type":"","overlay-color":"","overlay-gradient":""}},"ast-content-background-meta":{"desktop":{"background-color":"var(--ast-global-color-5)","background-image":"","background-repeat":"repeat","background-position":"center center","background-size":"auto","background-attachment":"scroll","background-type":"","background-media":"","overlay-type":"","overlay-color":"","overlay-gradient":""},"tablet":{"background-color":"var(--ast-global-color-5)","background-image":"","background-repeat":"repeat","background-position":"center center","background-size":"auto","background-attachment":"scroll","background-type":"","background-media":"","overlay-type":"","overlay-color":"","overlay-gradient":""},"mobile":{"background-color":"var(--ast-global-color-5)","background-image":"","background-repeat":"repeat","background-position":"center center","background-size":"auto","background-attachment":"scroll","background-type":"","background-media":"","overlay-type":"","overlay-color":"","overlay-gradient":""}},"footnotes":""},"categories":[4523],"tags":[],"class_list":["post-48470","post","type-post","status-publish","format-standard","has-post-thumbnail","hentry","category-expansion-profesional"],"acf":[],"yoast_head":"<!-- This site is optimized with the Yoast SEO plugin v26.8 - https:\/\/yoast.com\/product\/yoast-seo-wordpress\/ -->\n<title>Diagn\u00f3stico de competencias: un paso clave hacia el crecimiento profesional - BLOG | Utel<\/title>\n<meta name=\"description\" content=\"Descubre c\u00f3mo el diagn\u00f3stico de competencias puede impulsar tu perfil profesional. Medir y mejorar tus habilidades, la clave para destacar.\" \/>\n<meta name=\"robots\" content=\"index, follow, max-snippet:-1, max-image-preview:large, max-video-preview:-1\" \/>\n<link rel=\"canonical\" href=\"https:\/\/utel.mx\/blog\/expansion-profesional\/diagnostico-de-competencias-crecimiento-profesional\/\" \/>\n<meta property=\"og:locale\" content=\"es_ES\" \/>\n<meta property=\"og:type\" content=\"article\" \/>\n<meta property=\"og:title\" content=\"Diagn\u00f3stico de competencias: un paso clave hacia el crecimiento profesional - BLOG | Utel\" \/>\n<meta property=\"og:description\" content=\"Descubre c\u00f3mo el diagn\u00f3stico de competencias puede impulsar tu perfil profesional. Medir y mejorar tus habilidades, la clave para destacar.\" \/>\n<meta property=\"og:url\" content=\"https:\/\/utel.mx\/blog\/expansion-profesional\/diagnostico-de-competencias-crecimiento-profesional\/\" \/>\n<meta property=\"og:site_name\" content=\"BLOG | Utel\" \/>\n<meta property=\"article:published_time\" content=\"2024-01-16T17:32:35+00:00\" \/>\n<meta property=\"article:modified_time\" content=\"2024-05-17T22:44:36+00:00\" \/>\n<meta property=\"og:image\" content=\"https:\/\/utel.mx\/blog\/wp-content\/uploads\/2024\/01\/Headers_Blog_May24_9.png\" \/>\n\t<meta property=\"og:image:width\" content=\"600\" \/>\n\t<meta property=\"og:image:height\" content=\"300\" \/>\n\t<meta property=\"og:image:type\" content=\"image\/png\" \/>\n<meta name=\"author\" content=\"Lucia S\" \/>\n<meta name=\"twitter:label1\" content=\"Written by\" \/>\n\t<meta name=\"twitter:data1\" content=\"Lucia S\" \/>\n\t<meta name=\"twitter:label2\" content=\"Est. reading time\" \/>\n\t<meta name=\"twitter:data2\" content=\"2 minutos\" \/>\n<script type=\"application\/ld+json\" class=\"yoast-schema-graph\">{\"@context\":\"https:\/\/schema.org\",\"@graph\":[{\"@type\":\"Article\",\"@id\":\"https:\/\/utel.mx\/blog\/expansion-profesional\/diagnostico-de-competencias-crecimiento-profesional\/#article\",\"isPartOf\":{\"@id\":\"https:\/\/utel.mx\/blog\/expansion-profesional\/diagnostico-de-competencias-crecimiento-profesional\/\"},\"author\":{\"name\":\"Lucia S\",\"@id\":\"https:\/\/utel.mx\/blog\/#\/schema\/person\/a9c2e69124b9fd55816d38dcd975fb43\"},\"headline\":\"Diagn\u00f3stico de competencias: un paso clave hacia el crecimiento profesional\",\"datePublished\":\"2024-01-16T17:32:35+00:00\",\"dateModified\":\"2024-05-17T22:44:36+00:00\",\"mainEntityOfPage\":{\"@id\":\"https:\/\/utel.mx\/blog\/expansion-profesional\/diagnostico-de-competencias-crecimiento-profesional\/\"},\"wordCount\":434,\"publisher\":{\"@id\":\"https:\/\/utel.mx\/blog\/#organization\"},\"image\":{\"@id\":\"https:\/\/utel.mx\/blog\/expansion-profesional\/diagnostico-de-competencias-crecimiento-profesional\/#primaryimage\"},\"thumbnailUrl\":\"https:\/\/utel.mx\/blog\/wp-content\/uploads\/2024\/01\/Headers_Blog_May24_9.png\",\"articleSection\":[\"Expansi\u00f3n Profesional\"],\"inLanguage\":\"es\"},{\"@type\":\"WebPage\",\"@id\":\"https:\/\/utel.mx\/blog\/expansion-profesional\/diagnostico-de-competencias-crecimiento-profesional\/\",\"url\":\"https:\/\/utel.mx\/blog\/expansion-profesional\/diagnostico-de-competencias-crecimiento-profesional\/\",\"name\":\"Diagn\u00f3stico de competencias: un paso clave hacia el crecimiento profesional - BLOG | Utel\",\"isPartOf\":{\"@id\":\"https:\/\/utel.mx\/blog\/#website\"},\"primaryImageOfPage\":{\"@id\":\"https:\/\/utel.mx\/blog\/expansion-profesional\/diagnostico-de-competencias-crecimiento-profesional\/#primaryimage\"},\"image\":{\"@id\":\"https:\/\/utel.mx\/blog\/expansion-profesional\/diagnostico-de-competencias-crecimiento-profesional\/#primaryimage\"},\"thumbnailUrl\":\"https:\/\/utel.mx\/blog\/wp-content\/uploads\/2024\/01\/Headers_Blog_May24_9.png\",\"datePublished\":\"2024-01-16T17:32:35+00:00\",\"dateModified\":\"2024-05-17T22:44:36+00:00\",\"description\":\"Descubre c\u00f3mo el diagn\u00f3stico de competencias puede impulsar tu perfil profesional. Medir y mejorar tus habilidades, la clave para destacar.\",\"breadcrumb\":{\"@id\":\"https:\/\/utel.mx\/blog\/expansion-profesional\/diagnostico-de-competencias-crecimiento-profesional\/#breadcrumb\"},\"inLanguage\":\"es\",\"potentialAction\":[{\"@type\":\"ReadAction\",\"target\":[\"https:\/\/utel.mx\/blog\/expansion-profesional\/diagnostico-de-competencias-crecimiento-profesional\/\"]}]},{\"@type\":\"ImageObject\",\"inLanguage\":\"es\",\"@id\":\"https:\/\/utel.mx\/blog\/expansion-profesional\/diagnostico-de-competencias-crecimiento-profesional\/#primaryimage\",\"url\":\"https:\/\/utel.mx\/blog\/wp-content\/uploads\/2024\/01\/Headers_Blog_May24_9.png\",\"contentUrl\":\"https:\/\/utel.mx\/blog\/wp-content\/uploads\/2024\/01\/Headers_Blog_May24_9.png\",\"width\":600,\"height\":300},{\"@type\":\"BreadcrumbList\",\"@id\":\"https:\/\/utel.mx\/blog\/expansion-profesional\/diagnostico-de-competencias-crecimiento-profesional\/#breadcrumb\",\"itemListElement\":[{\"@type\":\"ListItem\",\"position\":1,\"name\":\"Home\",\"item\":\"https:\/\/utel.mx\/blog\/\"},{\"@type\":\"ListItem\",\"position\":2,\"name\":\"Diagn\u00f3stico de competencias: un paso clave hacia el crecimiento profesional\"}]},{\"@type\":\"WebSite\",\"@id\":\"https:\/\/utel.mx\/blog\/#website\",\"url\":\"https:\/\/utel.mx\/blog\/\",\"name\":\"BLOG | Utel\",\"description\":\"Blog UTEL Universidad en L\u00ednea\",\"publisher\":{\"@id\":\"https:\/\/utel.mx\/blog\/#organization\"},\"potentialAction\":[{\"@type\":\"SearchAction\",\"target\":{\"@type\":\"EntryPoint\",\"urlTemplate\":\"https:\/\/utel.mx\/blog\/?s={search_term_string}\"},\"query-input\":{\"@type\":\"PropertyValueSpecification\",\"valueRequired\":true,\"valueName\":\"search_term_string\"}}],\"inLanguage\":\"es\"},{\"@type\":\"Organization\",\"@id\":\"https:\/\/utel.mx\/blog\/#organization\",\"name\":\"BLOG | Utel\",\"url\":\"https:\/\/utel.mx\/blog\/\",\"logo\":{\"@type\":\"ImageObject\",\"inLanguage\":\"es\",\"@id\":\"https:\/\/utel.mx\/blog\/#\/schema\/logo\/image\/\",\"url\":\"https:\/\/utel.mx\/blog\/wp-content\/uploads\/2023\/03\/cropped-logo-blog.png\",\"contentUrl\":\"https:\/\/utel.mx\/blog\/wp-content\/uploads\/2023\/03\/cropped-logo-blog.png\",\"width\":237,\"height\":64,\"caption\":\"BLOG | Utel\"},\"image\":{\"@id\":\"https:\/\/utel.mx\/blog\/#\/schema\/logo\/image\/\"}},{\"@type\":\"Person\",\"@id\":\"https:\/\/utel.mx\/blog\/#\/schema\/person\/a9c2e69124b9fd55816d38dcd975fb43\",\"name\":\"Lucia S\",\"image\":{\"@type\":\"ImageObject\",\"inLanguage\":\"es\",\"@id\":\"https:\/\/utel.mx\/blog\/#\/schema\/person\/image\/\",\"url\":\"https:\/\/secure.gravatar.com\/avatar\/64379c35b7e02ad17b325ef1d7db5b32?s=96&d=mm&r=g\",\"contentUrl\":\"https:\/\/secure.gravatar.com\/avatar\/64379c35b7e02ad17b325ef1d7db5b32?s=96&d=mm&r=g\",\"caption\":\"Lucia S\"}}]}<\/script>\n<!-- \/ Yoast SEO plugin. -->","yoast_head_json":{"title":"Diagn\u00f3stico de competencias: un paso clave hacia el crecimiento profesional - BLOG | Utel","description":"Descubre c\u00f3mo el diagn\u00f3stico de competencias puede impulsar tu perfil profesional. Medir y mejorar tus habilidades, la clave para destacar.","robots":{"index":"index","follow":"follow","max-snippet":"max-snippet:-1","max-image-preview":"max-image-preview:large","max-video-preview":"max-video-preview:-1"},"canonical":"https:\/\/utel.mx\/blog\/expansion-profesional\/diagnostico-de-competencias-crecimiento-profesional\/","og_locale":"es_ES","og_type":"article","og_title":"Diagn\u00f3stico de competencias: un paso clave hacia el crecimiento profesional - BLOG | Utel","og_description":"Descubre c\u00f3mo el diagn\u00f3stico de competencias puede impulsar tu perfil profesional. Medir y mejorar tus habilidades, la clave para destacar.","og_url":"https:\/\/utel.mx\/blog\/expansion-profesional\/diagnostico-de-competencias-crecimiento-profesional\/","og_site_name":"BLOG | Utel","article_published_time":"2024-01-16T17:32:35+00:00","article_modified_time":"2024-05-17T22:44:36+00:00","og_image":[{"width":600,"height":300,"url":"https:\/\/utel.mx\/blog\/wp-content\/uploads\/2024\/01\/Headers_Blog_May24_9.png","type":"image\/png"}],"author":"Lucia S","twitter_misc":{"Written by":"Lucia S","Est. reading time":"2 minutos"},"schema":{"@context":"https:\/\/schema.org","@graph":[{"@type":"Article","@id":"https:\/\/utel.mx\/blog\/expansion-profesional\/diagnostico-de-competencias-crecimiento-profesional\/#article","isPartOf":{"@id":"https:\/\/utel.mx\/blog\/expansion-profesional\/diagnostico-de-competencias-crecimiento-profesional\/"},"author":{"name":"Lucia S","@id":"https:\/\/utel.mx\/blog\/#\/schema\/person\/a9c2e69124b9fd55816d38dcd975fb43"},"headline":"Diagn\u00f3stico de competencias: un paso clave hacia el crecimiento profesional","datePublished":"2024-01-16T17:32:35+00:00","dateModified":"2024-05-17T22:44:36+00:00","mainEntityOfPage":{"@id":"https:\/\/utel.mx\/blog\/expansion-profesional\/diagnostico-de-competencias-crecimiento-profesional\/"},"wordCount":434,"publisher":{"@id":"https:\/\/utel.mx\/blog\/#organization"},"image":{"@id":"https:\/\/utel.mx\/blog\/expansion-profesional\/diagnostico-de-competencias-crecimiento-profesional\/#primaryimage"},"thumbnailUrl":"https:\/\/utel.mx\/blog\/wp-content\/uploads\/2024\/01\/Headers_Blog_May24_9.png","articleSection":["Expansi\u00f3n Profesional"],"inLanguage":"es"},{"@type":"WebPage","@id":"https:\/\/utel.mx\/blog\/expansion-profesional\/diagnostico-de-competencias-crecimiento-profesional\/","url":"https:\/\/utel.mx\/blog\/expansion-profesional\/diagnostico-de-competencias-crecimiento-profesional\/","name":"Diagn\u00f3stico de competencias: un paso clave hacia el crecimiento profesional - BLOG | Utel","isPartOf":{"@id":"https:\/\/utel.mx\/blog\/#website"},"primaryImageOfPage":{"@id":"https:\/\/utel.mx\/blog\/expansion-profesional\/diagnostico-de-competencias-crecimiento-profesional\/#primaryimage"},"image":{"@id":"https:\/\/utel.mx\/blog\/expansion-profesional\/diagnostico-de-competencias-crecimiento-profesional\/#primaryimage"},"thumbnailUrl":"https:\/\/utel.mx\/blog\/wp-content\/uploads\/2024\/01\/Headers_Blog_May24_9.png","datePublished":"2024-01-16T17:32:35+00:00","dateModified":"2024-05-17T22:44:36+00:00","description":"Descubre c\u00f3mo el diagn\u00f3stico de competencias puede impulsar tu perfil profesional. Medir y mejorar tus habilidades, la clave para destacar.","breadcrumb":{"@id":"https:\/\/utel.mx\/blog\/expansion-profesional\/diagnostico-de-competencias-crecimiento-profesional\/#breadcrumb"},"inLanguage":"es","potentialAction":[{"@type":"ReadAction","target":["https:\/\/utel.mx\/blog\/expansion-profesional\/diagnostico-de-competencias-crecimiento-profesional\/"]}]},{"@type":"ImageObject","inLanguage":"es","@id":"https:\/\/utel.mx\/blog\/expansion-profesional\/diagnostico-de-competencias-crecimiento-profesional\/#primaryimage","url":"https:\/\/utel.mx\/blog\/wp-content\/uploads\/2024\/01\/Headers_Blog_May24_9.png","contentUrl":"https:\/\/utel.mx\/blog\/wp-content\/uploads\/2024\/01\/Headers_Blog_May24_9.png","width":600,"height":300},{"@type":"BreadcrumbList","@id":"https:\/\/utel.mx\/blog\/expansion-profesional\/diagnostico-de-competencias-crecimiento-profesional\/#breadcrumb","itemListElement":[{"@type":"ListItem","position":1,"name":"Home","item":"https:\/\/utel.mx\/blog\/"},{"@type":"ListItem","position":2,"name":"Diagn\u00f3stico de competencias: un paso clave hacia el crecimiento profesional"}]},{"@type":"WebSite","@id":"https:\/\/utel.mx\/blog\/#website","url":"https:\/\/utel.mx\/blog\/","name":"BLOG | Utel","description":"Blog UTEL Universidad en L\u00ednea","publisher":{"@id":"https:\/\/utel.mx\/blog\/#organization"},"potentialAction":[{"@type":"SearchAction","target":{"@type":"EntryPoint","urlTemplate":"https:\/\/utel.mx\/blog\/?s={search_term_string}"},"query-input":{"@type":"PropertyValueSpecification","valueRequired":true,"valueName":"search_term_string"}}],"inLanguage":"es"},{"@type":"Organization","@id":"https:\/\/utel.mx\/blog\/#organization","name":"BLOG | Utel","url":"https:\/\/utel.mx\/blog\/","logo":{"@type":"ImageObject","inLanguage":"es","@id":"https:\/\/utel.mx\/blog\/#\/schema\/logo\/image\/","url":"https:\/\/utel.mx\/blog\/wp-content\/uploads\/2023\/03\/cropped-logo-blog.png","contentUrl":"https:\/\/utel.mx\/blog\/wp-content\/uploads\/2023\/03\/cropped-logo-blog.png","width":237,"height":64,"caption":"BLOG | Utel"},"image":{"@id":"https:\/\/utel.mx\/blog\/#\/schema\/logo\/image\/"}},{"@type":"Person","@id":"https:\/\/utel.mx\/blog\/#\/schema\/person\/a9c2e69124b9fd55816d38dcd975fb43","name":"Lucia S","image":{"@type":"ImageObject","inLanguage":"es","@id":"https:\/\/utel.mx\/blog\/#\/schema\/person\/image\/","url":"https:\/\/secure.gravatar.com\/avatar\/64379c35b7e02ad17b325ef1d7db5b32?s=96&d=mm&r=g","contentUrl":"https:\/\/secure.gravatar.com\/avatar\/64379c35b7e02ad17b325ef1d7db5b32?s=96&d=mm&r=g","caption":"Lucia S"}}]}},"_links":{"self":[{"href":"https:\/\/utel.mx\/blog\/wp-json\/wp\/v2\/posts\/48470","targetHints":{"allow":["GET"]}}],"collection":[{"href":"https:\/\/utel.mx\/blog\/wp-json\/wp\/v2\/posts"}],"about":[{"href":"https:\/\/utel.mx\/blog\/wp-json\/wp\/v2\/types\/post"}],"author":[{"embeddable":true,"href":"https:\/\/utel.mx\/blog\/wp-json\/wp\/v2\/users\/79"}],"replies":[{"embeddable":true,"href":"https:\/\/utel.mx\/blog\/wp-json\/wp\/v2\/comments?post=48470"}],"version-history":[{"count":7,"href":"https:\/\/utel.mx\/blog\/wp-json\/wp\/v2\/posts\/48470\/revisions"}],"predecessor-version":[{"id":49103,"href":"https:\/\/utel.mx\/blog\/wp-json\/wp\/v2\/posts\/48470\/revisions\/49103"}],"wp:featuredmedia":[{"embeddable":true,"href":"https:\/\/utel.mx\/blog\/wp-json\/wp\/v2\/media\/49102"}],"wp:attachment":[{"href":"https:\/\/utel.mx\/blog\/wp-json\/wp\/v2\/media?parent=48470"}],"wp:term":[{"taxonomy":"category","embeddable":true,"href":"https:\/\/utel.mx\/blog\/wp-json\/wp\/v2\/categories?post=48470"},{"taxonomy":"post_tag","embeddable":true,"href":"https:\/\/utel.mx\/blog\/wp-json\/wp\/v2\/tags?post=48470"}],"curies":[{"name":"wp","href":"https:\/\/api.w.org\/{rel}","templated":true}]}}