{"id":48620,"date":"2024-02-19T18:15:35","date_gmt":"2024-02-19T18:15:35","guid":{"rendered":"https:\/\/utel.mx\/blog\/?p=48620"},"modified":"2024-02-29T17:26:54","modified_gmt":"2024-02-29T17:26:54","slug":"participa-feria-de-empleo-utel","status":"publish","type":"post","link":"https:\/\/utel.mx\/blog\/expansion-profesional\/participa-feria-de-empleo-utel\/","title":{"rendered":"Participa en la 5ta Edici\u00f3n de la Feria de Empleo Utel"},"content":{"rendered":"\n<p>\u00a1Prep\u00e1rate para una experiencia \u00fanica que transformar\u00e1 tu carrera! La <strong>5ta Edici\u00f3n de la <\/strong><a href=\"https:\/\/registro.feria2024.utel.mx\/\" target=\"_blank\" rel=\"noreferrer noopener\"><strong>Feria de Empleo Utel<\/strong><\/a><strong> abierta a todo p\u00fablico <\/strong>est\u00e1 a punto de abrir sus puertas, ofreci\u00e9ndote la oportunidad de explorar y conectar con las mejores oportunidades profesionales. Este a\u00f1o el evento se llevar\u00e1 a cabo<strong> tanto de forma presencial en el WTC de Ciudad de M\u00e9xico, como virtual<\/strong>, brind\u00e1ndote flexibilidad para participar desde cualquier lugar del mundo. S\u00e9 parte este <strong>6 y 7 de marzo del 2024.<\/strong> \u00a1Aparta la fecha!<\/p>\n\n\n\n<h2 class=\"wp-block-heading\">\u00bfPor qu\u00e9 participar en la Feria de Empleo Utel?<\/h2>\n\n\n\n<p>Experimenta <strong>talleres, charlas, conferencias y paneles informativos<\/strong> conducidos por <strong>expertos y l\u00edderes de las empresas<\/strong> m\u00e1s destacadas en el mercado. Este <strong>evento de talla internacional<\/strong> no solo te ofrece valiosa informaci\u00f3n, sino tambi\u00e9n la posibilidad de contactar con reclutadores y postularse a ofertas laborales.<\/p>\n\n\n\n<p>Para brindarte las mejores oportunidades profesionales, trabajamos en colaboraci\u00f3n con <strong>OCC, la bolsa de empleo m\u00e1s grande de M\u00e9xico<\/strong>, as\u00ed como con <strong>Universia<\/strong>.<\/p>\n\n\n\n<p>Tambi\u00e9n tendr\u00e1s la oportunidad de explorar herramientas de trabajo cruciales en el mundo actual, dar un paso significativo en tu carrera y potenciar tus habilidades emprendedoras con sesiones exclusivas.<\/p>\n\n\n\n<div class=\"wp-block-buttons is-content-justification-center is-layout-flex wp-container-core-buttons-is-layout-1 wp-block-buttons-is-layout-flex\">\n<div class=\"wp-block-button is-style-outline is-style-outline--1\"><a class=\"wp-block-button__link wp-element-button\" href=\"https:\/\/registro.feria2024.utel.mx\/es\/352f\" target=\"_blank\" rel=\"noreferrer noopener\">Quiero participar<\/a><\/div>\n<\/div>\n\n\n\n<p><\/p>\n\n\n\n<h2 class=\"wp-block-heading\">\u00bfQu\u00e9 esperar de la Feria de Empleo Utel?<\/h2>\n\n\n\n<p>Esta 5ta edici\u00f3n de la Feria del Empleo Utel se llevar\u00e1 a cabo por primera vez de <strong>manera presencial en la Ciudad de M\u00e9xico<\/strong> y tambi\u00e9n de manera virtual, contar\u00e1 con:<\/p>\n\n\n\n<ul class=\"wp-block-list\">\n<li>La <strong>participaci\u00f3n de empresas<\/strong> como: El Puerto de Liverpool, KFC, Amazon, Konecta, Globant, Coca-Cola y muchas m\u00e1s.&nbsp;<\/li>\n\n\n\n<li><strong>Playrol de simulaci\u00f3n de entrevistas<\/strong>, podr\u00e1s visitar los <strong>stands<\/strong> y asistir a las <strong>conferencias<\/strong> de expertos.<\/li>\n\n\n\n<li>Una <strong>Bolsa de Empleo<\/strong> con m\u00e1s de 6,000 vacantes.<\/li>\n\n\n\n<li>\u00a1Y m\u00e1s oportunidades \u00fanicas para impulsar tu futuro profesional!<\/li>\n<\/ul>\n\n\n\n<h3 class=\"wp-block-heading\">\u00bfC\u00f3mo aprovechar al m\u00e1ximo la Feria?<\/h3>\n\n\n\n<p>Si est\u00e1s buscando tu pr\u00f3ximo desaf\u00edo profesional, te recomendamos los siguientes pasos para aprovechar al m\u00e1ximo la Feria de Empleo Utel:<\/p>\n\n\n\n<ul class=\"wp-block-list\">\n<li><strong>Selecciona las empresas que te interesan e invest\u00edgalas.<\/strong> Es importante que tengas definido tu perfil profesional y a qu\u00e9 empresas que estar\u00e1n presentes en la Feria de Empleo quieres dirigirte.<\/li>\n\n\n\n<li><strong>Actualiza tu CV<\/strong>. Tendr\u00e1s la oportunidad de entregar tu curr\u00edculum a varias empresas, por lo que deber\u00edas actualizarlo y redactarlo de forma atractiva.<\/li>\n\n\n\n<li><strong>Reg\u00edstrate en nuestra exclusiva Bolsa de Empleo<\/strong> en alianza con Universia. Adel\u00e1ntate a la Feria de Empleo, ingresa a la <a href=\"https:\/\/jobboard.universia.net\/uteluniversidad\" target=\"_blank\" rel=\"noreferrer noopener\">Bolsa de Empleo<\/a> y haz tu registro como candidato.<\/li>\n<\/ul>\n\n\n\n<p>Marca la fecha en tu calendario, <a href=\"https:\/\/registro.feria2024.utel.mx\/\" target=\"_blank\" rel=\"noreferrer noopener\"><strong>reg\u00edstrate<\/strong><\/a> en el formulario y prep\u00e1rate para destacar en esta emocionante jornada, ya sea que est\u00e9s presente f\u00edsicamente o participando virtualmente. \u00a1Comparte, crea y conecta en tiempo real! <strong>Te esperamos en la 5ta Edici\u00f3n de la Feria de Empleo Utel<\/strong>.<\/p>\n\n\n\n<div class=\"wp-block-buttons is-content-justification-center is-layout-flex wp-container-core-buttons-is-layout-2 wp-block-buttons-is-layout-flex\">\n<div class=\"wp-block-button is-style-outline is-style-outline--2\"><a class=\"wp-block-button__link wp-element-button\" href=\"https:\/\/registro.feria2024.utel.mx\/es\/352f\" target=\"_blank\" rel=\"noreferrer noopener\">Aparta tu lugar aqu\u00ed<\/a><\/div>\n<\/div>\n\n\n\n<p><\/p>\n\n\n\n<p><strong>Y recuerda:<\/strong><br><strong>\u00bfSolo es presencial?<\/strong><br>No, \u00a1tambi\u00e9n virtual! Asiste al WTC de CDMX o desde cualquier lugar del mundo de manera virtual.<br><strong>\u00bfPuedo participar como externo de Utel?<\/strong><br>\u00a1S\u00ed! La Feria est\u00e1 abierta a todo p\u00fablico.<br><strong>\u00bfPuedo llevar acompa\u00f1ante?<\/strong><br>\u00a1S\u00ed! Comparte la invitaci\u00f3n a toda tu red de contactos.<\/p>\n<div id=\"advads-3894449213\" class=\"advads-cta-lp-banner-form advads-entity-placement\"><a href=\"https:\/\/utel.mx\/blog\/admisiones-universidad-online\/?utm_source=blog&#038;utm_medium=CTAlink&#038;utm_campaign=MKTseo\" aria-label=\"Universidad en linea\"><img src=\"https:\/\/utel.mx\/blog\/wp-content\/uploads\/2025\/04\/universidad-en-linea-1.png\" alt=\"Universidad en linea\"  srcset=\"https:\/\/utel.mx\/blog\/wp-content\/uploads\/2025\/04\/universidad-en-linea-1.png 626w, https:\/\/utel.mx\/blog\/wp-content\/uploads\/2025\/04\/universidad-en-linea-1-420x168.png 420w\" sizes=\"(max-width: 626px) 100vw, 626px\" width=\"626\" height=\"250\"   \/><\/a><\/div>","protected":false},"excerpt":{"rendered":"<p> [&hellip;]<\/p>\n","protected":false},"author":79,"featured_media":48624,"comment_status":"closed","ping_status":"open","sticky":false,"template":"","format":"standard","meta":{"_acf_changed":false,"site-sidebar-layout":"default","site-content-layout":"","ast-site-content-layout":"","site-content-style":"default","site-sidebar-style":"default","ast-global-header-display":"","ast-banner-title-visibility":"","ast-main-header-display":"","ast-hfb-above-header-display":"","ast-hfb-below-header-display":"","ast-hfb-mobile-header-display":"","site-post-title":"","ast-breadcrumbs-content":"","ast-featured-img":"","footer-sml-layout":"","theme-transparent-header-meta":"","adv-header-id-meta":"","stick-header-meta":"","header-above-stick-meta":"","header-main-stick-meta":"","header-below-stick-meta":"","astra-migrate-meta-layouts":"default","ast-page-background-enabled":"default","ast-page-background-meta":{"desktop":{"background-color":"var(--ast-global-color-4)","background-image":"","background-repeat":"repeat","background-position":"center center","background-size":"auto","background-attachment":"scroll","background-type":"","background-media":"","overlay-type":"","overlay-color":"","overlay-gradient":""},"tablet":{"background-color":"","background-image":"","background-repeat":"repeat","background-position":"center center","background-size":"auto","background-attachment":"scroll","background-type":"","background-media":"","overlay-type":"","overlay-color":"","overlay-gradient":""},"mobile":{"background-color":"","background-image":"","background-repeat":"repeat","background-position":"center center","background-size":"auto","background-attachment":"scroll","background-type":"","background-media":"","overlay-type":"","overlay-color":"","overlay-gradient":""}},"ast-content-background-meta":{"desktop":{"background-color":"var(--ast-global-color-5)","background-image":"","background-repeat":"repeat","background-position":"center center","background-size":"auto","background-attachment":"scroll","background-type":"","background-media":"","overlay-type":"","overlay-color":"","overlay-gradient":""},"tablet":{"background-color":"var(--ast-global-color-5)","background-image":"","background-repeat":"repeat","background-position":"center center","background-size":"auto","background-attachment":"scroll","background-type":"","background-media":"","overlay-type":"","overlay-color":"","overlay-gradient":""},"mobile":{"background-color":"var(--ast-global-color-5)","background-image":"","background-repeat":"repeat","background-position":"center center","background-size":"auto","background-attachment":"scroll","background-type":"","background-media":"","overlay-type":"","overlay-color":"","overlay-gradient":""}},"footnotes":""},"categories":[4523],"tags":[],"class_list":["post-48620","post","type-post","status-publish","format-standard","has-post-thumbnail","hentry","category-expansion-profesional"],"acf":[],"yoast_head":"<!-- This site is optimized with the Yoast SEO plugin v26.8 - https:\/\/yoast.com\/product\/yoast-seo-wordpress\/ -->\n<title>Participa en la 5ta Edici\u00f3n de la Feria de Empleo Utel - BLOG | Utel<\/title>\n<meta name=\"description\" content=\"Participa de la Feria de Empleo Utel. Experimenta conferencias, contacta con reclutadores de empresas y post\u00falate a ofertas laborales.\" \/>\n<meta name=\"robots\" content=\"index, follow, max-snippet:-1, max-image-preview:large, max-video-preview:-1\" \/>\n<link rel=\"canonical\" href=\"https:\/\/utel.mx\/blog\/expansion-profesional\/participa-feria-de-empleo-utel\/\" \/>\n<meta property=\"og:locale\" content=\"es_ES\" \/>\n<meta property=\"og:type\" content=\"article\" \/>\n<meta property=\"og:title\" content=\"Participa en la 5ta Edici\u00f3n de la Feria de Empleo Utel - BLOG | Utel\" \/>\n<meta property=\"og:description\" content=\"Participa de la Feria de Empleo Utel. Experimenta conferencias, contacta con reclutadores de empresas y post\u00falate a ofertas laborales.\" \/>\n<meta property=\"og:url\" content=\"https:\/\/utel.mx\/blog\/expansion-profesional\/participa-feria-de-empleo-utel\/\" \/>\n<meta property=\"og:site_name\" content=\"BLOG | Utel\" \/>\n<meta property=\"article:published_time\" content=\"2024-02-19T18:15:35+00:00\" \/>\n<meta property=\"article:modified_time\" content=\"2024-02-29T17:26:54+00:00\" \/>\n<meta property=\"og:image\" content=\"https:\/\/utel.mx\/blog\/wp-content\/uploads\/2024\/02\/Feria-de-Empleo-Utel.png\" \/>\n\t<meta property=\"og:image:width\" content=\"600\" \/>\n\t<meta property=\"og:image:height\" content=\"300\" \/>\n\t<meta property=\"og:image:type\" content=\"image\/png\" \/>\n<meta name=\"author\" content=\"Lucia S\" \/>\n<meta name=\"twitter:label1\" content=\"Written by\" \/>\n\t<meta name=\"twitter:data1\" content=\"Lucia S\" \/>\n\t<meta name=\"twitter:label2\" content=\"Est. reading time\" \/>\n\t<meta name=\"twitter:data2\" content=\"3 minutos\" \/>\n<script type=\"application\/ld+json\" class=\"yoast-schema-graph\">{\"@context\":\"https:\/\/schema.org\",\"@graph\":[{\"@type\":\"Article\",\"@id\":\"https:\/\/utel.mx\/blog\/expansion-profesional\/participa-feria-de-empleo-utel\/#article\",\"isPartOf\":{\"@id\":\"https:\/\/utel.mx\/blog\/expansion-profesional\/participa-feria-de-empleo-utel\/\"},\"author\":{\"name\":\"Lucia S\",\"@id\":\"https:\/\/utel.mx\/blog\/#\/schema\/person\/a9c2e69124b9fd55816d38dcd975fb43\"},\"headline\":\"Participa en la 5ta Edici\u00f3n de la Feria de Empleo Utel\",\"datePublished\":\"2024-02-19T18:15:35+00:00\",\"dateModified\":\"2024-02-29T17:26:54+00:00\",\"mainEntityOfPage\":{\"@id\":\"https:\/\/utel.mx\/blog\/expansion-profesional\/participa-feria-de-empleo-utel\/\"},\"wordCount\":545,\"publisher\":{\"@id\":\"https:\/\/utel.mx\/blog\/#organization\"},\"image\":{\"@id\":\"https:\/\/utel.mx\/blog\/expansion-profesional\/participa-feria-de-empleo-utel\/#primaryimage\"},\"thumbnailUrl\":\"https:\/\/utel.mx\/blog\/wp-content\/uploads\/2024\/02\/Feria-de-Empleo-Utel.png\",\"articleSection\":[\"Expansi\u00f3n Profesional\"],\"inLanguage\":\"es\"},{\"@type\":\"WebPage\",\"@id\":\"https:\/\/utel.mx\/blog\/expansion-profesional\/participa-feria-de-empleo-utel\/\",\"url\":\"https:\/\/utel.mx\/blog\/expansion-profesional\/participa-feria-de-empleo-utel\/\",\"name\":\"Participa en la 5ta Edici\u00f3n de la Feria de Empleo Utel - BLOG | Utel\",\"isPartOf\":{\"@id\":\"https:\/\/utel.mx\/blog\/#website\"},\"primaryImageOfPage\":{\"@id\":\"https:\/\/utel.mx\/blog\/expansion-profesional\/participa-feria-de-empleo-utel\/#primaryimage\"},\"image\":{\"@id\":\"https:\/\/utel.mx\/blog\/expansion-profesional\/participa-feria-de-empleo-utel\/#primaryimage\"},\"thumbnailUrl\":\"https:\/\/utel.mx\/blog\/wp-content\/uploads\/2024\/02\/Feria-de-Empleo-Utel.png\",\"datePublished\":\"2024-02-19T18:15:35+00:00\",\"dateModified\":\"2024-02-29T17:26:54+00:00\",\"description\":\"Participa de la Feria de Empleo Utel. Experimenta conferencias, contacta con reclutadores de empresas y post\u00falate a ofertas laborales.\",\"breadcrumb\":{\"@id\":\"https:\/\/utel.mx\/blog\/expansion-profesional\/participa-feria-de-empleo-utel\/#breadcrumb\"},\"inLanguage\":\"es\",\"potentialAction\":[{\"@type\":\"ReadAction\",\"target\":[\"https:\/\/utel.mx\/blog\/expansion-profesional\/participa-feria-de-empleo-utel\/\"]}]},{\"@type\":\"ImageObject\",\"inLanguage\":\"es\",\"@id\":\"https:\/\/utel.mx\/blog\/expansion-profesional\/participa-feria-de-empleo-utel\/#primaryimage\",\"url\":\"https:\/\/utel.mx\/blog\/wp-content\/uploads\/2024\/02\/Feria-de-Empleo-Utel.png\",\"contentUrl\":\"https:\/\/utel.mx\/blog\/wp-content\/uploads\/2024\/02\/Feria-de-Empleo-Utel.png\",\"width\":600,\"height\":300,\"caption\":\"Feria de Empleo Utel\"},{\"@type\":\"BreadcrumbList\",\"@id\":\"https:\/\/utel.mx\/blog\/expansion-profesional\/participa-feria-de-empleo-utel\/#breadcrumb\",\"itemListElement\":[{\"@type\":\"ListItem\",\"position\":1,\"name\":\"Home\",\"item\":\"https:\/\/utel.mx\/blog\/\"},{\"@type\":\"ListItem\",\"position\":2,\"name\":\"Participa en la 5ta Edici\u00f3n de la Feria de Empleo Utel\"}]},{\"@type\":\"WebSite\",\"@id\":\"https:\/\/utel.mx\/blog\/#website\",\"url\":\"https:\/\/utel.mx\/blog\/\",\"name\":\"BLOG | Utel\",\"description\":\"Blog UTEL Universidad en L\u00ednea\",\"publisher\":{\"@id\":\"https:\/\/utel.mx\/blog\/#organization\"},\"potentialAction\":[{\"@type\":\"SearchAction\",\"target\":{\"@type\":\"EntryPoint\",\"urlTemplate\":\"https:\/\/utel.mx\/blog\/?s={search_term_string}\"},\"query-input\":{\"@type\":\"PropertyValueSpecification\",\"valueRequired\":true,\"valueName\":\"search_term_string\"}}],\"inLanguage\":\"es\"},{\"@type\":\"Organization\",\"@id\":\"https:\/\/utel.mx\/blog\/#organization\",\"name\":\"BLOG | Utel\",\"url\":\"https:\/\/utel.mx\/blog\/\",\"logo\":{\"@type\":\"ImageObject\",\"inLanguage\":\"es\",\"@id\":\"https:\/\/utel.mx\/blog\/#\/schema\/logo\/image\/\",\"url\":\"https:\/\/utel.mx\/blog\/wp-content\/uploads\/2023\/03\/cropped-logo-blog.png\",\"contentUrl\":\"https:\/\/utel.mx\/blog\/wp-content\/uploads\/2023\/03\/cropped-logo-blog.png\",\"width\":237,\"height\":64,\"caption\":\"BLOG | Utel\"},\"image\":{\"@id\":\"https:\/\/utel.mx\/blog\/#\/schema\/logo\/image\/\"}},{\"@type\":\"Person\",\"@id\":\"https:\/\/utel.mx\/blog\/#\/schema\/person\/a9c2e69124b9fd55816d38dcd975fb43\",\"name\":\"Lucia S\",\"image\":{\"@type\":\"ImageObject\",\"inLanguage\":\"es\",\"@id\":\"https:\/\/utel.mx\/blog\/#\/schema\/person\/image\/\",\"url\":\"https:\/\/secure.gravatar.com\/avatar\/64379c35b7e02ad17b325ef1d7db5b32?s=96&d=mm&r=g\",\"contentUrl\":\"https:\/\/secure.gravatar.com\/avatar\/64379c35b7e02ad17b325ef1d7db5b32?s=96&d=mm&r=g\",\"caption\":\"Lucia S\"}}]}<\/script>\n<!-- \/ Yoast SEO plugin. -->","yoast_head_json":{"title":"Participa en la 5ta Edici\u00f3n de la Feria de Empleo Utel - BLOG | Utel","description":"Participa de la Feria de Empleo Utel. Experimenta conferencias, contacta con reclutadores de empresas y post\u00falate a ofertas laborales.","robots":{"index":"index","follow":"follow","max-snippet":"max-snippet:-1","max-image-preview":"max-image-preview:large","max-video-preview":"max-video-preview:-1"},"canonical":"https:\/\/utel.mx\/blog\/expansion-profesional\/participa-feria-de-empleo-utel\/","og_locale":"es_ES","og_type":"article","og_title":"Participa en la 5ta Edici\u00f3n de la Feria de Empleo Utel - BLOG | Utel","og_description":"Participa de la Feria de Empleo Utel. Experimenta conferencias, contacta con reclutadores de empresas y post\u00falate a ofertas laborales.","og_url":"https:\/\/utel.mx\/blog\/expansion-profesional\/participa-feria-de-empleo-utel\/","og_site_name":"BLOG | Utel","article_published_time":"2024-02-19T18:15:35+00:00","article_modified_time":"2024-02-29T17:26:54+00:00","og_image":[{"width":600,"height":300,"url":"https:\/\/utel.mx\/blog\/wp-content\/uploads\/2024\/02\/Feria-de-Empleo-Utel.png","type":"image\/png"}],"author":"Lucia S","twitter_misc":{"Written by":"Lucia S","Est. reading time":"3 minutos"},"schema":{"@context":"https:\/\/schema.org","@graph":[{"@type":"Article","@id":"https:\/\/utel.mx\/blog\/expansion-profesional\/participa-feria-de-empleo-utel\/#article","isPartOf":{"@id":"https:\/\/utel.mx\/blog\/expansion-profesional\/participa-feria-de-empleo-utel\/"},"author":{"name":"Lucia S","@id":"https:\/\/utel.mx\/blog\/#\/schema\/person\/a9c2e69124b9fd55816d38dcd975fb43"},"headline":"Participa en la 5ta Edici\u00f3n de la Feria de Empleo Utel","datePublished":"2024-02-19T18:15:35+00:00","dateModified":"2024-02-29T17:26:54+00:00","mainEntityOfPage":{"@id":"https:\/\/utel.mx\/blog\/expansion-profesional\/participa-feria-de-empleo-utel\/"},"wordCount":545,"publisher":{"@id":"https:\/\/utel.mx\/blog\/#organization"},"image":{"@id":"https:\/\/utel.mx\/blog\/expansion-profesional\/participa-feria-de-empleo-utel\/#primaryimage"},"thumbnailUrl":"https:\/\/utel.mx\/blog\/wp-content\/uploads\/2024\/02\/Feria-de-Empleo-Utel.png","articleSection":["Expansi\u00f3n Profesional"],"inLanguage":"es"},{"@type":"WebPage","@id":"https:\/\/utel.mx\/blog\/expansion-profesional\/participa-feria-de-empleo-utel\/","url":"https:\/\/utel.mx\/blog\/expansion-profesional\/participa-feria-de-empleo-utel\/","name":"Participa en la 5ta Edici\u00f3n de la Feria de Empleo Utel - BLOG | Utel","isPartOf":{"@id":"https:\/\/utel.mx\/blog\/#website"},"primaryImageOfPage":{"@id":"https:\/\/utel.mx\/blog\/expansion-profesional\/participa-feria-de-empleo-utel\/#primaryimage"},"image":{"@id":"https:\/\/utel.mx\/blog\/expansion-profesional\/participa-feria-de-empleo-utel\/#primaryimage"},"thumbnailUrl":"https:\/\/utel.mx\/blog\/wp-content\/uploads\/2024\/02\/Feria-de-Empleo-Utel.png","datePublished":"2024-02-19T18:15:35+00:00","dateModified":"2024-02-29T17:26:54+00:00","description":"Participa de la Feria de Empleo Utel. Experimenta conferencias, contacta con reclutadores de empresas y post\u00falate a ofertas laborales.","breadcrumb":{"@id":"https:\/\/utel.mx\/blog\/expansion-profesional\/participa-feria-de-empleo-utel\/#breadcrumb"},"inLanguage":"es","potentialAction":[{"@type":"ReadAction","target":["https:\/\/utel.mx\/blog\/expansion-profesional\/participa-feria-de-empleo-utel\/"]}]},{"@type":"ImageObject","inLanguage":"es","@id":"https:\/\/utel.mx\/blog\/expansion-profesional\/participa-feria-de-empleo-utel\/#primaryimage","url":"https:\/\/utel.mx\/blog\/wp-content\/uploads\/2024\/02\/Feria-de-Empleo-Utel.png","contentUrl":"https:\/\/utel.mx\/blog\/wp-content\/uploads\/2024\/02\/Feria-de-Empleo-Utel.png","width":600,"height":300,"caption":"Feria de Empleo Utel"},{"@type":"BreadcrumbList","@id":"https:\/\/utel.mx\/blog\/expansion-profesional\/participa-feria-de-empleo-utel\/#breadcrumb","itemListElement":[{"@type":"ListItem","position":1,"name":"Home","item":"https:\/\/utel.mx\/blog\/"},{"@type":"ListItem","position":2,"name":"Participa en la 5ta Edici\u00f3n de la Feria de Empleo Utel"}]},{"@type":"WebSite","@id":"https:\/\/utel.mx\/blog\/#website","url":"https:\/\/utel.mx\/blog\/","name":"BLOG | Utel","description":"Blog UTEL Universidad en L\u00ednea","publisher":{"@id":"https:\/\/utel.mx\/blog\/#organization"},"potentialAction":[{"@type":"SearchAction","target":{"@type":"EntryPoint","urlTemplate":"https:\/\/utel.mx\/blog\/?s={search_term_string}"},"query-input":{"@type":"PropertyValueSpecification","valueRequired":true,"valueName":"search_term_string"}}],"inLanguage":"es"},{"@type":"Organization","@id":"https:\/\/utel.mx\/blog\/#organization","name":"BLOG | Utel","url":"https:\/\/utel.mx\/blog\/","logo":{"@type":"ImageObject","inLanguage":"es","@id":"https:\/\/utel.mx\/blog\/#\/schema\/logo\/image\/","url":"https:\/\/utel.mx\/blog\/wp-content\/uploads\/2023\/03\/cropped-logo-blog.png","contentUrl":"https:\/\/utel.mx\/blog\/wp-content\/uploads\/2023\/03\/cropped-logo-blog.png","width":237,"height":64,"caption":"BLOG | Utel"},"image":{"@id":"https:\/\/utel.mx\/blog\/#\/schema\/logo\/image\/"}},{"@type":"Person","@id":"https:\/\/utel.mx\/blog\/#\/schema\/person\/a9c2e69124b9fd55816d38dcd975fb43","name":"Lucia S","image":{"@type":"ImageObject","inLanguage":"es","@id":"https:\/\/utel.mx\/blog\/#\/schema\/person\/image\/","url":"https:\/\/secure.gravatar.com\/avatar\/64379c35b7e02ad17b325ef1d7db5b32?s=96&d=mm&r=g","contentUrl":"https:\/\/secure.gravatar.com\/avatar\/64379c35b7e02ad17b325ef1d7db5b32?s=96&d=mm&r=g","caption":"Lucia S"}}]}},"_links":{"self":[{"href":"https:\/\/utel.mx\/blog\/wp-json\/wp\/v2\/posts\/48620","targetHints":{"allow":["GET"]}}],"collection":[{"href":"https:\/\/utel.mx\/blog\/wp-json\/wp\/v2\/posts"}],"about":[{"href":"https:\/\/utel.mx\/blog\/wp-json\/wp\/v2\/types\/post"}],"author":[{"embeddable":true,"href":"https:\/\/utel.mx\/blog\/wp-json\/wp\/v2\/users\/79"}],"replies":[{"embeddable":true,"href":"https:\/\/utel.mx\/blog\/wp-json\/wp\/v2\/comments?post=48620"}],"version-history":[{"count":8,"href":"https:\/\/utel.mx\/blog\/wp-json\/wp\/v2\/posts\/48620\/revisions"}],"predecessor-version":[{"id":48708,"href":"https:\/\/utel.mx\/blog\/wp-json\/wp\/v2\/posts\/48620\/revisions\/48708"}],"wp:featuredmedia":[{"embeddable":true,"href":"https:\/\/utel.mx\/blog\/wp-json\/wp\/v2\/media\/48624"}],"wp:attachment":[{"href":"https:\/\/utel.mx\/blog\/wp-json\/wp\/v2\/media?parent=48620"}],"wp:term":[{"taxonomy":"category","embeddable":true,"href":"https:\/\/utel.mx\/blog\/wp-json\/wp\/v2\/categories?post=48620"},{"taxonomy":"post_tag","embeddable":true,"href":"https:\/\/utel.mx\/blog\/wp-json\/wp\/v2\/tags?post=48620"}],"curies":[{"name":"wp","href":"https:\/\/api.w.org\/{rel}","templated":true}]}}