{"id":48633,"date":"2024-02-20T17:09:04","date_gmt":"2024-02-20T17:09:04","guid":{"rendered":"https:\/\/utel.mx\/blog\/?p=48633"},"modified":"2024-02-20T18:47:11","modified_gmt":"2024-02-20T18:47:11","slug":"competencias-mas-demandadas-2024","status":"publish","type":"post","link":"https:\/\/utel.mx\/blog\/expansion-profesional\/competencias-mas-demandadas-2024\/","title":{"rendered":"Las 10 competencias m\u00e1s demandadas de 2024"},"content":{"rendered":"\n<p>En el din\u00e1mico mundo laboral de hoy, donde la innovaci\u00f3n y el cambio son constantes, es crucial <strong>identificar y fortalecer las competencias m\u00e1s demandadas que impulsar\u00e1n tu carrerra profesional<\/strong> hacia el \u00e9xito. El a\u00f1o 2024 promete desaf\u00edos emocionantes y oportunidades \u00fanicas, estar equipado con las competencias adecuadas puede marcar la diferencia para destacar.&nbsp;<\/p>\n\n\n\n<h2 class=\"wp-block-heading\">\u00bfListo para descubrir las competencias m\u00e1s demandadas que ser\u00e1n esenciales en 2024?<\/h2>\n\n\n\n<p>Desde habilidades t\u00e9cnicas hasta habilidades interpersonales y de liderazgo, te presentaremos cada una y ofreceremos consejos pr\u00e1cticos para desarrollarlas y aplicarlas eficazmente en el mercado laboral actual:<\/p>\n\n\n\n<div class=\"inherit-container-width wp-block-group is-layout-constrained wp-block-group-is-layout-constrained\"><div class=\"wp-block-group__inner-container\">\n<ol class=\"wp-block-list\">\n<li><strong>Creatividad:<\/strong><\/li>\n<\/ol>\n\n\n\n<p>En la era de la transformaci\u00f3n digital, las organizaciones necesitar\u00e1n innovar constantemente. Desarrolla la capacidad de idear nuevas formas de hacer las cosas y resolver problemas de manera imaginativa<\/p>\n\n\n\n<ol class=\"wp-block-list\" start=\"2\">\n<li><strong>Pensamiento Cr\u00edtico y Anal\u00edtico:<\/strong><\/li>\n<\/ol>\n\n\n\n<p>Con la sobrecarga de informaci\u00f3n, es crucial separar lo valioso del ruido. Desarrolla la habilidad de analizar y evaluar de manera cr\u00edtica, tomando decisiones informadas.<\/p>\n\n\n\n<ol class=\"wp-block-list\" start=\"3\">\n<li><strong>Autoconocimiento y Motivaci\u00f3n:<\/strong><\/li>\n<\/ol>\n\n\n\n<p>Sum\u00e9rgete en el viaje del autoconocimiento y la motivaci\u00f3n personal para potenciar tu desarrollo. Adopta una mentalidad de crecimiento, busca oportunidades de aprendizaje y desarrolla constantemente tus habilidades para mantenerte relevante y competitivo en un entorno laboral din\u00e1mico.<\/p>\n\n\n\n<ol class=\"wp-block-list\" start=\"4\">\n<li><strong>Comunicaci\u00f3n:<\/strong><\/li>\n<\/ol>\n\n\n\n<p>Este 2024, la habilidad para comunicarte con claridad, persuasi\u00f3n y empat\u00eda ser\u00e1 tu mejor aliada. Aprende a hacer que tus ideas resplandezcan y a ser un narrador magistral en tu campo.<\/p>\n\n\n\n<ol class=\"wp-block-list\" start=\"5\">\n<li><strong>Trabajo Colaborativo:<\/strong><\/li>\n<\/ol>\n\n\n\n<p>La colaboraci\u00f3n efectiva ser\u00e1 esencial. Aprende a trabajar en equipo, compartir ideas y potenciar el talento colectivo para alcanzar metas extraordinarias.<\/p>\n\n\n\n<ol class=\"wp-block-list\" start=\"6\">\n<li><strong>&nbsp;Liderazgo Sostenible:<\/strong><\/li>\n<\/ol>\n\n\n\n<p>El liderazgo va m\u00e1s all\u00e1 de dar \u00f3rdenes. Inspira a tu equipo con visi\u00f3n, empat\u00eda y la capacidad de guiarlos hacia el \u00e9xito en un mundo laboral din\u00e1mico y cambiante.<\/p>\n\n\n\n<ol class=\"wp-block-list\" start=\"7\">\n<li><strong>Habilidades Digitales:<\/strong><\/li>\n<\/ol>\n\n\n\n<p>La demanda de personas con habilidades digitales aumentar\u00e1. Desarrolla la capacidad de utilizar eficazmente herramientas y plataformas digitales para resolver problemas y crear valor.<\/p>\n\n\n\n<ol class=\"wp-block-list\" start=\"8\">\n<li><strong>Adaptabilidad:<\/strong><\/li>\n<\/ol>\n\n\n\n<p>La adaptabilidad es clave en un mundo laboral en constante evoluci\u00f3n y es otra de las competencias m\u00e1s demandadas de 2024. Desarrolla la capacidad de abrazar el cambio con confianza y aprovechar las oportunidades en nuevos horizontes.<\/p>\n\n\n\n<ol class=\"wp-block-list\" start=\"9\">\n<li><strong>Aprendizaje Continuo:<\/strong><\/li>\n<\/ol>\n\n\n\n<p>Con las tareas rutinarias gestionadas por la tecnolog\u00eda, la capacidad de aprender continuamente ser\u00e1 esencial. Adquiere la habilidad de asimilar nuevos conocimientos y utilizarlos para desarrollar nuevas habilidades.<\/p>\n\n\n\n<ol class=\"wp-block-list\" start=\"10\">\n<li><strong>Gesti\u00f3n de Proyectos:<\/strong><\/li>\n<\/ol>\n\n\n\n<p>Desarrolla la destreza para planificar, coordinar y ejecutar proyectos de manera eficiente, exhibiendo no s\u00f3lo tu capacidad para llevar a cabo tareas, sino tambi\u00e9n para alcanzar resultados excepcionales.<\/p>\n<\/div><\/div>\n\n\n\n<p>Desde Utel, potenciamos las competencias m\u00e1s demandadas en nuestros estudiantes para destacar en el emocionante panorama laboral del 2024. Adopta estas habilidades claves y observa c\u00f3mo tu carrera despega hacia nuevas alturas \u00a1El \u00e9xito te espera en Utel!<\/p>\n\n\n\n<p><strong>Si eres estudiante <\/strong>y quieres saber c\u00f3mo potenciar estas competencias, ingresa a <strong>nuestra comunidad de <a href=\"https:\/\/siempreutel.utel.edu.mx\/\" target=\"_blank\" rel=\"noreferrer noopener\">Siempre Utel<\/a>.<\/strong><\/p>\n\n\n\n<p><strong>\u00bfQuieres estudiar en una universidad que impulsa tu empleabilidad?<\/strong> <a href=\"https:\/\/utel.mx\/blog\/admisiones-universidad-online\/\" target=\"_blank\" rel=\"noreferrer noopener\"><strong>Entra en contacto<\/strong><\/a> con nuestro asesores y conoce m\u00e1s sobre nuestra propuesta educativa y todas las herramientas para que tu perfil profesional destaque.<\/p>\n<div id=\"advads-1200822860\" class=\"advads-cta-lp-banner-form advads-entity-placement\"><a href=\"https:\/\/utel.mx\/blog\/admisiones-universidad-online\/?utm_source=blog&#038;utm_medium=CTAlink&#038;utm_campaign=MKTseo\" aria-label=\"Universidad en linea\"><img src=\"https:\/\/utel.mx\/blog\/wp-content\/uploads\/2025\/04\/universidad-en-linea-1.png\" alt=\"Universidad en linea\"  srcset=\"https:\/\/utel.mx\/blog\/wp-content\/uploads\/2025\/04\/universidad-en-linea-1.png 626w, https:\/\/utel.mx\/blog\/wp-content\/uploads\/2025\/04\/universidad-en-linea-1-420x168.png 420w\" sizes=\"(max-width: 626px) 100vw, 626px\" width=\"626\" height=\"250\"   \/><\/a><\/div>","protected":false},"excerpt":{"rendered":"<p> [&hellip;]<\/p>\n","protected":false},"author":78,"featured_media":48634,"comment_status":"closed","ping_status":"open","sticky":false,"template":"","format":"standard","meta":{"_acf_changed":false,"site-sidebar-layout":"default","site-content-layout":"","ast-site-content-layout":"","site-content-style":"default","site-sidebar-style":"default","ast-global-header-display":"","ast-banner-title-visibility":"","ast-main-header-display":"","ast-hfb-above-header-display":"","ast-hfb-below-header-display":"","ast-hfb-mobile-header-display":"","site-post-title":"","ast-breadcrumbs-content":"","ast-featured-img":"","footer-sml-layout":"","theme-transparent-header-meta":"","adv-header-id-meta":"","stick-header-meta":"","header-above-stick-meta":"","header-main-stick-meta":"","header-below-stick-meta":"","astra-migrate-meta-layouts":"default","ast-page-background-enabled":"default","ast-page-background-meta":{"desktop":{"background-color":"var(--ast-global-color-4)","background-image":"","background-repeat":"repeat","background-position":"center center","background-size":"auto","background-attachment":"scroll","background-type":"","background-media":"","overlay-type":"","overlay-color":"","overlay-gradient":""},"tablet":{"background-color":"","background-image":"","background-repeat":"repeat","background-position":"center center","background-size":"auto","background-attachment":"scroll","background-type":"","background-media":"","overlay-type":"","overlay-color":"","overlay-gradient":""},"mobile":{"background-color":"","background-image":"","background-repeat":"repeat","background-position":"center center","background-size":"auto","background-attachment":"scroll","background-type":"","background-media":"","overlay-type":"","overlay-color":"","overlay-gradient":""}},"ast-content-background-meta":{"desktop":{"background-color":"var(--ast-global-color-5)","background-image":"","background-repeat":"repeat","background-position":"center center","background-size":"auto","background-attachment":"scroll","background-type":"","background-media":"","overlay-type":"","overlay-color":"","overlay-gradient":""},"tablet":{"background-color":"var(--ast-global-color-5)","background-image":"","background-repeat":"repeat","background-position":"center center","background-size":"auto","background-attachment":"scroll","background-type":"","background-media":"","overlay-type":"","overlay-color":"","overlay-gradient":""},"mobile":{"background-color":"var(--ast-global-color-5)","background-image":"","background-repeat":"repeat","background-position":"center center","background-size":"auto","background-attachment":"scroll","background-type":"","background-media":"","overlay-type":"","overlay-color":"","overlay-gradient":""}},"footnotes":""},"categories":[4523],"tags":[],"class_list":["post-48633","post","type-post","status-publish","format-standard","has-post-thumbnail","hentry","category-expansion-profesional"],"acf":[],"yoast_head":"<!-- This site is optimized with the Yoast SEO plugin v26.8 - https:\/\/yoast.com\/product\/yoast-seo-wordpress\/ -->\n<title>Las 10 competencias m\u00e1s demandadas de 2024 -<\/title>\n<meta name=\"description\" content=\"Descubre las competencias m\u00e1s demandadas que impulsar\u00e1n tu carrera este 2024. \u00danete a Utel y alcanza el \u00e9xito en un mundo laboral.\" \/>\n<meta name=\"robots\" content=\"index, follow, max-snippet:-1, max-image-preview:large, max-video-preview:-1\" \/>\n<link rel=\"canonical\" href=\"https:\/\/utel.mx\/blog\/expansion-profesional\/competencias-mas-demandadas-2024\/\" \/>\n<meta property=\"og:locale\" content=\"es_ES\" \/>\n<meta property=\"og:type\" content=\"article\" \/>\n<meta property=\"og:title\" content=\"Las 10 competencias m\u00e1s demandadas de 2024 -\" \/>\n<meta property=\"og:description\" content=\"Descubre las competencias m\u00e1s demandadas que impulsar\u00e1n tu carrera este 2024. \u00danete a Utel y alcanza el \u00e9xito en un mundo laboral.\" \/>\n<meta property=\"og:url\" content=\"https:\/\/utel.mx\/blog\/expansion-profesional\/competencias-mas-demandadas-2024\/\" \/>\n<meta property=\"og:site_name\" content=\"BLOG | Utel\" \/>\n<meta property=\"article:published_time\" content=\"2024-02-20T17:09:04+00:00\" \/>\n<meta property=\"article:modified_time\" content=\"2024-02-20T18:47:11+00:00\" \/>\n<meta property=\"og:image\" content=\"https:\/\/utel.mx\/blog\/wp-content\/uploads\/2024\/02\/Headers_Blog_Feb24_7.png\" \/>\n\t<meta property=\"og:image:width\" content=\"600\" \/>\n\t<meta property=\"og:image:height\" content=\"300\" \/>\n\t<meta property=\"og:image:type\" content=\"image\/png\" \/>\n<meta name=\"author\" content=\"Karen\" \/>\n<meta name=\"twitter:label1\" content=\"Written by\" \/>\n\t<meta name=\"twitter:data1\" content=\"Karen\" \/>\n\t<meta name=\"twitter:label2\" content=\"Est. reading time\" \/>\n\t<meta name=\"twitter:data2\" content=\"3 minutos\" \/>\n<script type=\"application\/ld+json\" class=\"yoast-schema-graph\">{\"@context\":\"https:\/\/schema.org\",\"@graph\":[{\"@type\":\"Article\",\"@id\":\"https:\/\/utel.mx\/blog\/expansion-profesional\/competencias-mas-demandadas-2024\/#article\",\"isPartOf\":{\"@id\":\"https:\/\/utel.mx\/blog\/expansion-profesional\/competencias-mas-demandadas-2024\/\"},\"author\":{\"name\":\"Karen\",\"@id\":\"https:\/\/utel.mx\/blog\/#\/schema\/person\/7ba53e7cfb9fa41ad2fb24fe362e056d\"},\"headline\":\"Las 10 competencias m\u00e1s demandadas de 2024\",\"datePublished\":\"2024-02-20T17:09:04+00:00\",\"dateModified\":\"2024-02-20T18:47:11+00:00\",\"mainEntityOfPage\":{\"@id\":\"https:\/\/utel.mx\/blog\/expansion-profesional\/competencias-mas-demandadas-2024\/\"},\"wordCount\":532,\"publisher\":{\"@id\":\"https:\/\/utel.mx\/blog\/#organization\"},\"image\":{\"@id\":\"https:\/\/utel.mx\/blog\/expansion-profesional\/competencias-mas-demandadas-2024\/#primaryimage\"},\"thumbnailUrl\":\"https:\/\/utel.mx\/blog\/wp-content\/uploads\/2024\/02\/Headers_Blog_Feb24_7.png\",\"articleSection\":[\"Expansi\u00f3n Profesional\"],\"inLanguage\":\"es\"},{\"@type\":\"WebPage\",\"@id\":\"https:\/\/utel.mx\/blog\/expansion-profesional\/competencias-mas-demandadas-2024\/\",\"url\":\"https:\/\/utel.mx\/blog\/expansion-profesional\/competencias-mas-demandadas-2024\/\",\"name\":\"Las 10 competencias m\u00e1s demandadas de 2024 -\",\"isPartOf\":{\"@id\":\"https:\/\/utel.mx\/blog\/#website\"},\"primaryImageOfPage\":{\"@id\":\"https:\/\/utel.mx\/blog\/expansion-profesional\/competencias-mas-demandadas-2024\/#primaryimage\"},\"image\":{\"@id\":\"https:\/\/utel.mx\/blog\/expansion-profesional\/competencias-mas-demandadas-2024\/#primaryimage\"},\"thumbnailUrl\":\"https:\/\/utel.mx\/blog\/wp-content\/uploads\/2024\/02\/Headers_Blog_Feb24_7.png\",\"datePublished\":\"2024-02-20T17:09:04+00:00\",\"dateModified\":\"2024-02-20T18:47:11+00:00\",\"description\":\"Descubre las competencias m\u00e1s demandadas que impulsar\u00e1n tu carrera este 2024. \u00danete a Utel y alcanza el \u00e9xito en un mundo laboral.\",\"breadcrumb\":{\"@id\":\"https:\/\/utel.mx\/blog\/expansion-profesional\/competencias-mas-demandadas-2024\/#breadcrumb\"},\"inLanguage\":\"es\",\"potentialAction\":[{\"@type\":\"ReadAction\",\"target\":[\"https:\/\/utel.mx\/blog\/expansion-profesional\/competencias-mas-demandadas-2024\/\"]}]},{\"@type\":\"ImageObject\",\"inLanguage\":\"es\",\"@id\":\"https:\/\/utel.mx\/blog\/expansion-profesional\/competencias-mas-demandadas-2024\/#primaryimage\",\"url\":\"https:\/\/utel.mx\/blog\/wp-content\/uploads\/2024\/02\/Headers_Blog_Feb24_7.png\",\"contentUrl\":\"https:\/\/utel.mx\/blog\/wp-content\/uploads\/2024\/02\/Headers_Blog_Feb24_7.png\",\"width\":600,\"height\":300,\"caption\":\"competencias m\u00e1s demandadas\"},{\"@type\":\"BreadcrumbList\",\"@id\":\"https:\/\/utel.mx\/blog\/expansion-profesional\/competencias-mas-demandadas-2024\/#breadcrumb\",\"itemListElement\":[{\"@type\":\"ListItem\",\"position\":1,\"name\":\"Home\",\"item\":\"https:\/\/utel.mx\/blog\/\"},{\"@type\":\"ListItem\",\"position\":2,\"name\":\"Las 10 competencias m\u00e1s demandadas de 2024\"}]},{\"@type\":\"WebSite\",\"@id\":\"https:\/\/utel.mx\/blog\/#website\",\"url\":\"https:\/\/utel.mx\/blog\/\",\"name\":\"BLOG | Utel\",\"description\":\"Blog UTEL Universidad en L\u00ednea\",\"publisher\":{\"@id\":\"https:\/\/utel.mx\/blog\/#organization\"},\"potentialAction\":[{\"@type\":\"SearchAction\",\"target\":{\"@type\":\"EntryPoint\",\"urlTemplate\":\"https:\/\/utel.mx\/blog\/?s={search_term_string}\"},\"query-input\":{\"@type\":\"PropertyValueSpecification\",\"valueRequired\":true,\"valueName\":\"search_term_string\"}}],\"inLanguage\":\"es\"},{\"@type\":\"Organization\",\"@id\":\"https:\/\/utel.mx\/blog\/#organization\",\"name\":\"BLOG | Utel\",\"url\":\"https:\/\/utel.mx\/blog\/\",\"logo\":{\"@type\":\"ImageObject\",\"inLanguage\":\"es\",\"@id\":\"https:\/\/utel.mx\/blog\/#\/schema\/logo\/image\/\",\"url\":\"https:\/\/utel.mx\/blog\/wp-content\/uploads\/2023\/03\/cropped-logo-blog.png\",\"contentUrl\":\"https:\/\/utel.mx\/blog\/wp-content\/uploads\/2023\/03\/cropped-logo-blog.png\",\"width\":237,\"height\":64,\"caption\":\"BLOG | Utel\"},\"image\":{\"@id\":\"https:\/\/utel.mx\/blog\/#\/schema\/logo\/image\/\"}},{\"@type\":\"Person\",\"@id\":\"https:\/\/utel.mx\/blog\/#\/schema\/person\/7ba53e7cfb9fa41ad2fb24fe362e056d\",\"name\":\"Karen\",\"image\":{\"@type\":\"ImageObject\",\"inLanguage\":\"es\",\"@id\":\"https:\/\/utel.mx\/blog\/#\/schema\/person\/image\/\",\"url\":\"https:\/\/secure.gravatar.com\/avatar\/64868b23d53f58e71f7258115a59d526?s=96&d=mm&r=g\",\"contentUrl\":\"https:\/\/secure.gravatar.com\/avatar\/64868b23d53f58e71f7258115a59d526?s=96&d=mm&r=g\",\"caption\":\"Karen\"}}]}<\/script>\n<!-- \/ Yoast SEO plugin. -->","yoast_head_json":{"title":"Las 10 competencias m\u00e1s demandadas de 2024 -","description":"Descubre las competencias m\u00e1s demandadas que impulsar\u00e1n tu carrera este 2024. \u00danete a Utel y alcanza el \u00e9xito en un mundo laboral.","robots":{"index":"index","follow":"follow","max-snippet":"max-snippet:-1","max-image-preview":"max-image-preview:large","max-video-preview":"max-video-preview:-1"},"canonical":"https:\/\/utel.mx\/blog\/expansion-profesional\/competencias-mas-demandadas-2024\/","og_locale":"es_ES","og_type":"article","og_title":"Las 10 competencias m\u00e1s demandadas de 2024 -","og_description":"Descubre las competencias m\u00e1s demandadas que impulsar\u00e1n tu carrera este 2024. \u00danete a Utel y alcanza el \u00e9xito en un mundo laboral.","og_url":"https:\/\/utel.mx\/blog\/expansion-profesional\/competencias-mas-demandadas-2024\/","og_site_name":"BLOG | Utel","article_published_time":"2024-02-20T17:09:04+00:00","article_modified_time":"2024-02-20T18:47:11+00:00","og_image":[{"width":600,"height":300,"url":"https:\/\/utel.mx\/blog\/wp-content\/uploads\/2024\/02\/Headers_Blog_Feb24_7.png","type":"image\/png"}],"author":"Karen","twitter_misc":{"Written by":"Karen","Est. reading time":"3 minutos"},"schema":{"@context":"https:\/\/schema.org","@graph":[{"@type":"Article","@id":"https:\/\/utel.mx\/blog\/expansion-profesional\/competencias-mas-demandadas-2024\/#article","isPartOf":{"@id":"https:\/\/utel.mx\/blog\/expansion-profesional\/competencias-mas-demandadas-2024\/"},"author":{"name":"Karen","@id":"https:\/\/utel.mx\/blog\/#\/schema\/person\/7ba53e7cfb9fa41ad2fb24fe362e056d"},"headline":"Las 10 competencias m\u00e1s demandadas de 2024","datePublished":"2024-02-20T17:09:04+00:00","dateModified":"2024-02-20T18:47:11+00:00","mainEntityOfPage":{"@id":"https:\/\/utel.mx\/blog\/expansion-profesional\/competencias-mas-demandadas-2024\/"},"wordCount":532,"publisher":{"@id":"https:\/\/utel.mx\/blog\/#organization"},"image":{"@id":"https:\/\/utel.mx\/blog\/expansion-profesional\/competencias-mas-demandadas-2024\/#primaryimage"},"thumbnailUrl":"https:\/\/utel.mx\/blog\/wp-content\/uploads\/2024\/02\/Headers_Blog_Feb24_7.png","articleSection":["Expansi\u00f3n Profesional"],"inLanguage":"es"},{"@type":"WebPage","@id":"https:\/\/utel.mx\/blog\/expansion-profesional\/competencias-mas-demandadas-2024\/","url":"https:\/\/utel.mx\/blog\/expansion-profesional\/competencias-mas-demandadas-2024\/","name":"Las 10 competencias m\u00e1s demandadas de 2024 -","isPartOf":{"@id":"https:\/\/utel.mx\/blog\/#website"},"primaryImageOfPage":{"@id":"https:\/\/utel.mx\/blog\/expansion-profesional\/competencias-mas-demandadas-2024\/#primaryimage"},"image":{"@id":"https:\/\/utel.mx\/blog\/expansion-profesional\/competencias-mas-demandadas-2024\/#primaryimage"},"thumbnailUrl":"https:\/\/utel.mx\/blog\/wp-content\/uploads\/2024\/02\/Headers_Blog_Feb24_7.png","datePublished":"2024-02-20T17:09:04+00:00","dateModified":"2024-02-20T18:47:11+00:00","description":"Descubre las competencias m\u00e1s demandadas que impulsar\u00e1n tu carrera este 2024. \u00danete a Utel y alcanza el \u00e9xito en un mundo laboral.","breadcrumb":{"@id":"https:\/\/utel.mx\/blog\/expansion-profesional\/competencias-mas-demandadas-2024\/#breadcrumb"},"inLanguage":"es","potentialAction":[{"@type":"ReadAction","target":["https:\/\/utel.mx\/blog\/expansion-profesional\/competencias-mas-demandadas-2024\/"]}]},{"@type":"ImageObject","inLanguage":"es","@id":"https:\/\/utel.mx\/blog\/expansion-profesional\/competencias-mas-demandadas-2024\/#primaryimage","url":"https:\/\/utel.mx\/blog\/wp-content\/uploads\/2024\/02\/Headers_Blog_Feb24_7.png","contentUrl":"https:\/\/utel.mx\/blog\/wp-content\/uploads\/2024\/02\/Headers_Blog_Feb24_7.png","width":600,"height":300,"caption":"competencias m\u00e1s demandadas"},{"@type":"BreadcrumbList","@id":"https:\/\/utel.mx\/blog\/expansion-profesional\/competencias-mas-demandadas-2024\/#breadcrumb","itemListElement":[{"@type":"ListItem","position":1,"name":"Home","item":"https:\/\/utel.mx\/blog\/"},{"@type":"ListItem","position":2,"name":"Las 10 competencias m\u00e1s demandadas de 2024"}]},{"@type":"WebSite","@id":"https:\/\/utel.mx\/blog\/#website","url":"https:\/\/utel.mx\/blog\/","name":"BLOG | Utel","description":"Blog UTEL Universidad en L\u00ednea","publisher":{"@id":"https:\/\/utel.mx\/blog\/#organization"},"potentialAction":[{"@type":"SearchAction","target":{"@type":"EntryPoint","urlTemplate":"https:\/\/utel.mx\/blog\/?s={search_term_string}"},"query-input":{"@type":"PropertyValueSpecification","valueRequired":true,"valueName":"search_term_string"}}],"inLanguage":"es"},{"@type":"Organization","@id":"https:\/\/utel.mx\/blog\/#organization","name":"BLOG | Utel","url":"https:\/\/utel.mx\/blog\/","logo":{"@type":"ImageObject","inLanguage":"es","@id":"https:\/\/utel.mx\/blog\/#\/schema\/logo\/image\/","url":"https:\/\/utel.mx\/blog\/wp-content\/uploads\/2023\/03\/cropped-logo-blog.png","contentUrl":"https:\/\/utel.mx\/blog\/wp-content\/uploads\/2023\/03\/cropped-logo-blog.png","width":237,"height":64,"caption":"BLOG | Utel"},"image":{"@id":"https:\/\/utel.mx\/blog\/#\/schema\/logo\/image\/"}},{"@type":"Person","@id":"https:\/\/utel.mx\/blog\/#\/schema\/person\/7ba53e7cfb9fa41ad2fb24fe362e056d","name":"Karen","image":{"@type":"ImageObject","inLanguage":"es","@id":"https:\/\/utel.mx\/blog\/#\/schema\/person\/image\/","url":"https:\/\/secure.gravatar.com\/avatar\/64868b23d53f58e71f7258115a59d526?s=96&d=mm&r=g","contentUrl":"https:\/\/secure.gravatar.com\/avatar\/64868b23d53f58e71f7258115a59d526?s=96&d=mm&r=g","caption":"Karen"}}]}},"_links":{"self":[{"href":"https:\/\/utel.mx\/blog\/wp-json\/wp\/v2\/posts\/48633","targetHints":{"allow":["GET"]}}],"collection":[{"href":"https:\/\/utel.mx\/blog\/wp-json\/wp\/v2\/posts"}],"about":[{"href":"https:\/\/utel.mx\/blog\/wp-json\/wp\/v2\/types\/post"}],"author":[{"embeddable":true,"href":"https:\/\/utel.mx\/blog\/wp-json\/wp\/v2\/users\/78"}],"replies":[{"embeddable":true,"href":"https:\/\/utel.mx\/blog\/wp-json\/wp\/v2\/comments?post=48633"}],"version-history":[{"count":6,"href":"https:\/\/utel.mx\/blog\/wp-json\/wp\/v2\/posts\/48633\/revisions"}],"predecessor-version":[{"id":48645,"href":"https:\/\/utel.mx\/blog\/wp-json\/wp\/v2\/posts\/48633\/revisions\/48645"}],"wp:featuredmedia":[{"embeddable":true,"href":"https:\/\/utel.mx\/blog\/wp-json\/wp\/v2\/media\/48634"}],"wp:attachment":[{"href":"https:\/\/utel.mx\/blog\/wp-json\/wp\/v2\/media?parent=48633"}],"wp:term":[{"taxonomy":"category","embeddable":true,"href":"https:\/\/utel.mx\/blog\/wp-json\/wp\/v2\/categories?post=48633"},{"taxonomy":"post_tag","embeddable":true,"href":"https:\/\/utel.mx\/blog\/wp-json\/wp\/v2\/tags?post=48633"}],"curies":[{"name":"wp","href":"https:\/\/api.w.org\/{rel}","templated":true}]}}