{"id":48646,"date":"2024-02-21T17:59:51","date_gmt":"2024-02-21T17:59:51","guid":{"rendered":"https:\/\/utel.mx\/blog\/?p=48646"},"modified":"2024-02-29T17:14:55","modified_gmt":"2024-02-29T17:14:55","slug":"globant-feria-de-empleo","status":"publish","type":"post","link":"https:\/\/utel.mx\/blog\/expansion-profesional\/globant-feria-de-empleo\/","title":{"rendered":"Descubre Globant: L\u00edder en tecnolog\u00eda en la Feria de Empleo Utel"},"content":{"rendered":"\n<p>En el cambiante panorama empresarial de hoy en d\u00eda, la innovaci\u00f3n y la tecnolog\u00eda son pilares fundamentales para el desarrollo. Una empresa que ha sabido destacarse en este \u00e1mbito es <strong>Globant, participante destacada en la pr\u00f3xima <\/strong><a href=\"https:\/\/registro.feria2024.utel.mx\/es\/352f\" target=\"_blank\" rel=\"noreferrer noopener\"><strong>Feria de Empleo Utel<\/strong><\/a>, que se llevar\u00e1 a cabo los d\u00edas <strong>6 y 7 de marzo, tanto de forma presencial en el WTC de Ciudad de M\u00e9xico, como de forma virtual<\/strong>.<\/p>\n\n\n\n<div class=\"wp-block-buttons is-content-justification-center is-layout-flex wp-container-core-buttons-is-layout-1 wp-block-buttons-is-layout-flex\">\n<div class=\"wp-block-button is-style-outline is-style-outline--1\"><a class=\"wp-block-button__link wp-element-button\" href=\"https:\/\/registro.feria2024.utel.mx\/es\/352f\" target=\"_blank\" rel=\"noreferrer noopener\">Quiero participar<\/a><\/div>\n<\/div>\n\n\n\n<p><\/p>\n\n\n\n<h2 class=\"wp-block-heading\">Globant: Historia, innovaci\u00f3n y tecnolog\u00eda<\/h2>\n\n\n\n<p>Fundada en el a\u00f1o 2003, la empresa cuenta actualmente con <strong>m\u00e1s de 27.500 empleados (denominados \u201cGlobers\u201d)<\/strong> y opera en m\u00e1s de 30 pa\u00edses para clientes como Google, Electronic Arts y Santander, entre otros. Con una visi\u00f3n audaz y un enfoque centrado en la innovaci\u00f3n, <strong>se ha convertido en un referente en la industria tecnol\u00f3gica a nivel mundial con soluciones de software innovadoras<\/strong> para hacer frente a m\u00faltiples desaf\u00edos empresariales.<\/p>\n\n\n\n<p>En 2024, ha sido reconocida por Brand Finance, la consultora l\u00edder en marcas, como <strong>la marca de TI de m\u00e1s r\u00e1pido crecimiento y la quinta marca de TI m\u00e1s fuerte a nivel mundial<\/strong>*. Este resultado se debe a la creciente presencia mundial de la empresa y sus s\u00f3lidos resultados financieros, ejemplificados por iniciativas como ser pionera en la adopci\u00f3n de IA generativa.<\/p>\n\n\n\n<p>Adem\u00e1s, Globant se enorgullece de fomentar un <strong>ambiente de trabajo colaborativo y diverso<\/strong>, donde la creatividad y la pasi\u00f3n por la tecnolog\u00eda se combinan para impulsar el cambio y la transformaci\u00f3n digital en todas las industrias.<\/p>\n\n\n\n<p><em>* Fuente: <a href=\"https:\/\/www.globant.com\/es\/news\/globant-reconocida-por-brand-finance-como-la-marca-de-ti-de-mas-rapido-crecimiento\" target=\"_blank\" rel=\"noreferrer noopener\">Globant.com<\/a><\/em><\/p>\n\n\n\n<h2 class=\"wp-block-heading\">Participaci\u00f3n en la Feria de Empleo Utel<\/h2>\n\n\n\n<p>La presencia de <strong>Globant en la 5ta Edici\u00f3n de la Feria de Empleo Utel<\/strong> es una oportunidad \u00fanica para <strong>estudiantes y profesionales interesados en formar parte de una empresa l\u00edder en tecnolog\u00eda<\/strong>. Durante el evento, los representantes de Globant compartir\u00e1n informaci\u00f3n sobre sus proyectos, oportunidades laborales y valores corporativos, brindando a los participantes una visi\u00f3n privilegiada del mundo de la tecnolog\u00eda y la innovaci\u00f3n.&nbsp;<\/p>\n\n\n\n<p>Tambi\u00e9n estar\u00e1n presentes con <strong>la conferencia \u201cSoftskills, una llave importante en el mundo laboral\u201d<\/strong>, tanto en el evento presencial en CDMX, como en el virtual, desde cualquier lugar del mundo.<\/p>\n\n\n\n<p>Su participaci\u00f3n muestra su compromiso con el <strong>desarrollo de talento<\/strong> y la b\u00fasqueda de nuevas oportunidades. No te pierdas la oportunidad de conocer m\u00e1s sobre esta empresa l\u00edder y explorar las posibilidades de carrera que ofrece. <strong>\u00a1Te esperamos en la Feria de Empleo Utel!<\/strong><\/p>\n\n\n\n<div class=\"wp-block-buttons is-layout-flex wp-block-buttons-is-layout-flex\">\n<div class=\"wp-block-button aligncenter is-style-outline is-style-outline--2\"><a class=\"wp-block-button__link wp-element-button\" href=\"https:\/\/registro.feria2024.utel.mx\/es\/352f\" target=\"_blank\" rel=\"noreferrer noopener\">Reserva tu lugar<\/a><\/div>\n<\/div>\n\n\n\n<p><\/p>\n\n\n\n<p><strong>Recuerda, en la Feria de Empleo Utel tendr\u00e1s la oportunidad de:<\/strong><\/p>\n\n\n\n<ul class=\"wp-block-list\">\n<li>Conectar con <strong>empresas destacadas<\/strong>.&nbsp;<\/li>\n\n\n\n<li>Participar en <strong>talleres especializados<\/strong>.<\/li>\n\n\n\n<li>Interactuar con <strong>expertos<\/strong> de talla internacional de diversas industrias.<\/li>\n\n\n\n<li>Sumarte a la <strong>Bolsa de Empleo<\/strong> en colaboraci\u00f3n con Universia con m\u00e1s de 6,000 vacantes.<\/li>\n\n\n\n<li>\u00a1Y m\u00e1s oportunidades \u00fanicas para <strong>impulsar tu futuro profesional<\/strong>!<\/li>\n<\/ul>\n\n\n\n<p><strong>&nbsp;Comparte, crea y conecta en tiempo real. Reg\u00edstrate <a href=\"https:\/\/registro.feria2024.utel.mx\/es\/352f\" target=\"_blank\" rel=\"noreferrer noopener\">en este formulario<\/a>.<\/strong><\/p>\n<div id=\"advads-2312740886\" class=\"advads-cta-lp-banner-form advads-entity-placement\"><a href=\"https:\/\/utel.mx\/blog\/admisiones-universidad-online\/?utm_source=blog&#038;utm_medium=CTAlink&#038;utm_campaign=MKTseo\" aria-label=\"Universidad en linea\"><img src=\"https:\/\/utel.mx\/blog\/wp-content\/uploads\/2025\/04\/universidad-en-linea-1.png\" alt=\"Universidad en linea\"  srcset=\"https:\/\/utel.mx\/blog\/wp-content\/uploads\/2025\/04\/universidad-en-linea-1.png 626w, https:\/\/utel.mx\/blog\/wp-content\/uploads\/2025\/04\/universidad-en-linea-1-420x168.png 420w\" sizes=\"(max-width: 626px) 100vw, 626px\" width=\"626\" height=\"250\"   \/><\/a><\/div>","protected":false},"excerpt":{"rendered":"<p> [&hellip;]<\/p>\n","protected":false},"author":79,"featured_media":48647,"comment_status":"closed","ping_status":"open","sticky":false,"template":"","format":"standard","meta":{"_acf_changed":false,"site-sidebar-layout":"default","site-content-layout":"","ast-site-content-layout":"","site-content-style":"default","site-sidebar-style":"default","ast-global-header-display":"","ast-banner-title-visibility":"","ast-main-header-display":"","ast-hfb-above-header-display":"","ast-hfb-below-header-display":"","ast-hfb-mobile-header-display":"","site-post-title":"","ast-breadcrumbs-content":"","ast-featured-img":"","footer-sml-layout":"","theme-transparent-header-meta":"","adv-header-id-meta":"","stick-header-meta":"","header-above-stick-meta":"","header-main-stick-meta":"","header-below-stick-meta":"","astra-migrate-meta-layouts":"default","ast-page-background-enabled":"default","ast-page-background-meta":{"desktop":{"background-color":"var(--ast-global-color-4)","background-image":"","background-repeat":"repeat","background-position":"center center","background-size":"auto","background-attachment":"scroll","background-type":"","background-media":"","overlay-type":"","overlay-color":"","overlay-gradient":""},"tablet":{"background-color":"","background-image":"","background-repeat":"repeat","background-position":"center center","background-size":"auto","background-attachment":"scroll","background-type":"","background-media":"","overlay-type":"","overlay-color":"","overlay-gradient":""},"mobile":{"background-color":"","background-image":"","background-repeat":"repeat","background-position":"center center","background-size":"auto","background-attachment":"scroll","background-type":"","background-media":"","overlay-type":"","overlay-color":"","overlay-gradient":""}},"ast-content-background-meta":{"desktop":{"background-color":"var(--ast-global-color-5)","background-image":"","background-repeat":"repeat","background-position":"center center","background-size":"auto","background-attachment":"scroll","background-type":"","background-media":"","overlay-type":"","overlay-color":"","overlay-gradient":""},"tablet":{"background-color":"var(--ast-global-color-5)","background-image":"","background-repeat":"repeat","background-position":"center center","background-size":"auto","background-attachment":"scroll","background-type":"","background-media":"","overlay-type":"","overlay-color":"","overlay-gradient":""},"mobile":{"background-color":"var(--ast-global-color-5)","background-image":"","background-repeat":"repeat","background-position":"center center","background-size":"auto","background-attachment":"scroll","background-type":"","background-media":"","overlay-type":"","overlay-color":"","overlay-gradient":""}},"footnotes":""},"categories":[4523],"tags":[],"class_list":["post-48646","post","type-post","status-publish","format-standard","has-post-thumbnail","hentry","category-expansion-profesional"],"acf":[],"yoast_head":"<!-- This site is optimized with the Yoast SEO plugin v26.8 - https:\/\/yoast.com\/product\/yoast-seo-wordpress\/ -->\n<title>Descubre Globant: L\u00edder en tecnolog\u00eda en la Feria de Empleo Utel - BLOG | Utel<\/title>\n<meta name=\"description\" content=\"Conoce a Globant, participante destacada en la Feria de Empleo Utel, 6 y 7 de marzo 2024, en el WTC de Ciudad de M\u00e9xico y tambi\u00e9n virtual.\" \/>\n<meta name=\"robots\" content=\"index, follow, max-snippet:-1, max-image-preview:large, max-video-preview:-1\" \/>\n<link rel=\"canonical\" href=\"https:\/\/utel.mx\/blog\/expansion-profesional\/globant-feria-de-empleo\/\" \/>\n<meta property=\"og:locale\" content=\"es_ES\" \/>\n<meta property=\"og:type\" content=\"article\" \/>\n<meta property=\"og:title\" content=\"Descubre Globant: L\u00edder en tecnolog\u00eda en la Feria de Empleo Utel - BLOG | Utel\" \/>\n<meta property=\"og:description\" content=\"Conoce a Globant, participante destacada en la Feria de Empleo Utel, 6 y 7 de marzo 2024, en el WTC de Ciudad de M\u00e9xico y tambi\u00e9n virtual.\" \/>\n<meta property=\"og:url\" content=\"https:\/\/utel.mx\/blog\/expansion-profesional\/globant-feria-de-empleo\/\" \/>\n<meta property=\"og:site_name\" content=\"BLOG | Utel\" \/>\n<meta property=\"article:published_time\" content=\"2024-02-21T17:59:51+00:00\" \/>\n<meta property=\"article:modified_time\" content=\"2024-02-29T17:14:55+00:00\" \/>\n<meta property=\"og:image\" content=\"https:\/\/utel.mx\/blog\/wp-content\/uploads\/2024\/02\/Globant-Feria-de-Empleo-Utel.png\" \/>\n\t<meta property=\"og:image:width\" content=\"600\" \/>\n\t<meta property=\"og:image:height\" content=\"300\" \/>\n\t<meta property=\"og:image:type\" content=\"image\/png\" \/>\n<meta name=\"author\" content=\"Lucia S\" \/>\n<meta name=\"twitter:label1\" content=\"Written by\" \/>\n\t<meta name=\"twitter:data1\" content=\"Lucia S\" \/>\n\t<meta name=\"twitter:label2\" content=\"Est. reading time\" \/>\n\t<meta name=\"twitter:data2\" content=\"2 minutos\" \/>\n<script type=\"application\/ld+json\" class=\"yoast-schema-graph\">{\"@context\":\"https:\/\/schema.org\",\"@graph\":[{\"@type\":\"Article\",\"@id\":\"https:\/\/utel.mx\/blog\/expansion-profesional\/globant-feria-de-empleo\/#article\",\"isPartOf\":{\"@id\":\"https:\/\/utel.mx\/blog\/expansion-profesional\/globant-feria-de-empleo\/\"},\"author\":{\"name\":\"Lucia S\",\"@id\":\"https:\/\/utel.mx\/blog\/#\/schema\/person\/a9c2e69124b9fd55816d38dcd975fb43\"},\"headline\":\"Descubre Globant: L\u00edder en tecnolog\u00eda en la Feria de Empleo Utel\",\"datePublished\":\"2024-02-21T17:59:51+00:00\",\"dateModified\":\"2024-02-29T17:14:55+00:00\",\"mainEntityOfPage\":{\"@id\":\"https:\/\/utel.mx\/blog\/expansion-profesional\/globant-feria-de-empleo\/\"},\"wordCount\":511,\"publisher\":{\"@id\":\"https:\/\/utel.mx\/blog\/#organization\"},\"image\":{\"@id\":\"https:\/\/utel.mx\/blog\/expansion-profesional\/globant-feria-de-empleo\/#primaryimage\"},\"thumbnailUrl\":\"https:\/\/utel.mx\/blog\/wp-content\/uploads\/2024\/02\/Globant-Feria-de-Empleo-Utel.png\",\"articleSection\":[\"Expansi\u00f3n Profesional\"],\"inLanguage\":\"es\"},{\"@type\":\"WebPage\",\"@id\":\"https:\/\/utel.mx\/blog\/expansion-profesional\/globant-feria-de-empleo\/\",\"url\":\"https:\/\/utel.mx\/blog\/expansion-profesional\/globant-feria-de-empleo\/\",\"name\":\"Descubre Globant: L\u00edder en tecnolog\u00eda en la Feria de Empleo Utel - BLOG | Utel\",\"isPartOf\":{\"@id\":\"https:\/\/utel.mx\/blog\/#website\"},\"primaryImageOfPage\":{\"@id\":\"https:\/\/utel.mx\/blog\/expansion-profesional\/globant-feria-de-empleo\/#primaryimage\"},\"image\":{\"@id\":\"https:\/\/utel.mx\/blog\/expansion-profesional\/globant-feria-de-empleo\/#primaryimage\"},\"thumbnailUrl\":\"https:\/\/utel.mx\/blog\/wp-content\/uploads\/2024\/02\/Globant-Feria-de-Empleo-Utel.png\",\"datePublished\":\"2024-02-21T17:59:51+00:00\",\"dateModified\":\"2024-02-29T17:14:55+00:00\",\"description\":\"Conoce a Globant, participante destacada en la Feria de Empleo Utel, 6 y 7 de marzo 2024, en el WTC de Ciudad de M\u00e9xico y tambi\u00e9n virtual.\",\"breadcrumb\":{\"@id\":\"https:\/\/utel.mx\/blog\/expansion-profesional\/globant-feria-de-empleo\/#breadcrumb\"},\"inLanguage\":\"es\",\"potentialAction\":[{\"@type\":\"ReadAction\",\"target\":[\"https:\/\/utel.mx\/blog\/expansion-profesional\/globant-feria-de-empleo\/\"]}]},{\"@type\":\"ImageObject\",\"inLanguage\":\"es\",\"@id\":\"https:\/\/utel.mx\/blog\/expansion-profesional\/globant-feria-de-empleo\/#primaryimage\",\"url\":\"https:\/\/utel.mx\/blog\/wp-content\/uploads\/2024\/02\/Globant-Feria-de-Empleo-Utel.png\",\"contentUrl\":\"https:\/\/utel.mx\/blog\/wp-content\/uploads\/2024\/02\/Globant-Feria-de-Empleo-Utel.png\",\"width\":600,\"height\":300,\"caption\":\"Globant Feria de Empleo Utel\"},{\"@type\":\"BreadcrumbList\",\"@id\":\"https:\/\/utel.mx\/blog\/expansion-profesional\/globant-feria-de-empleo\/#breadcrumb\",\"itemListElement\":[{\"@type\":\"ListItem\",\"position\":1,\"name\":\"Home\",\"item\":\"https:\/\/utel.mx\/blog\/\"},{\"@type\":\"ListItem\",\"position\":2,\"name\":\"Descubre Globant: L\u00edder en tecnolog\u00eda en la Feria de Empleo Utel\"}]},{\"@type\":\"WebSite\",\"@id\":\"https:\/\/utel.mx\/blog\/#website\",\"url\":\"https:\/\/utel.mx\/blog\/\",\"name\":\"BLOG | Utel\",\"description\":\"Blog UTEL Universidad en L\u00ednea\",\"publisher\":{\"@id\":\"https:\/\/utel.mx\/blog\/#organization\"},\"potentialAction\":[{\"@type\":\"SearchAction\",\"target\":{\"@type\":\"EntryPoint\",\"urlTemplate\":\"https:\/\/utel.mx\/blog\/?s={search_term_string}\"},\"query-input\":{\"@type\":\"PropertyValueSpecification\",\"valueRequired\":true,\"valueName\":\"search_term_string\"}}],\"inLanguage\":\"es\"},{\"@type\":\"Organization\",\"@id\":\"https:\/\/utel.mx\/blog\/#organization\",\"name\":\"BLOG | Utel\",\"url\":\"https:\/\/utel.mx\/blog\/\",\"logo\":{\"@type\":\"ImageObject\",\"inLanguage\":\"es\",\"@id\":\"https:\/\/utel.mx\/blog\/#\/schema\/logo\/image\/\",\"url\":\"https:\/\/utel.mx\/blog\/wp-content\/uploads\/2023\/03\/cropped-logo-blog.png\",\"contentUrl\":\"https:\/\/utel.mx\/blog\/wp-content\/uploads\/2023\/03\/cropped-logo-blog.png\",\"width\":237,\"height\":64,\"caption\":\"BLOG | Utel\"},\"image\":{\"@id\":\"https:\/\/utel.mx\/blog\/#\/schema\/logo\/image\/\"}},{\"@type\":\"Person\",\"@id\":\"https:\/\/utel.mx\/blog\/#\/schema\/person\/a9c2e69124b9fd55816d38dcd975fb43\",\"name\":\"Lucia S\",\"image\":{\"@type\":\"ImageObject\",\"inLanguage\":\"es\",\"@id\":\"https:\/\/utel.mx\/blog\/#\/schema\/person\/image\/\",\"url\":\"https:\/\/secure.gravatar.com\/avatar\/64379c35b7e02ad17b325ef1d7db5b32?s=96&d=mm&r=g\",\"contentUrl\":\"https:\/\/secure.gravatar.com\/avatar\/64379c35b7e02ad17b325ef1d7db5b32?s=96&d=mm&r=g\",\"caption\":\"Lucia S\"}}]}<\/script>\n<!-- \/ Yoast SEO plugin. -->","yoast_head_json":{"title":"Descubre Globant: L\u00edder en tecnolog\u00eda en la Feria de Empleo Utel - BLOG | Utel","description":"Conoce a Globant, participante destacada en la Feria de Empleo Utel, 6 y 7 de marzo 2024, en el WTC de Ciudad de M\u00e9xico y tambi\u00e9n virtual.","robots":{"index":"index","follow":"follow","max-snippet":"max-snippet:-1","max-image-preview":"max-image-preview:large","max-video-preview":"max-video-preview:-1"},"canonical":"https:\/\/utel.mx\/blog\/expansion-profesional\/globant-feria-de-empleo\/","og_locale":"es_ES","og_type":"article","og_title":"Descubre Globant: L\u00edder en tecnolog\u00eda en la Feria de Empleo Utel - BLOG | Utel","og_description":"Conoce a Globant, participante destacada en la Feria de Empleo Utel, 6 y 7 de marzo 2024, en el WTC de Ciudad de M\u00e9xico y tambi\u00e9n virtual.","og_url":"https:\/\/utel.mx\/blog\/expansion-profesional\/globant-feria-de-empleo\/","og_site_name":"BLOG | Utel","article_published_time":"2024-02-21T17:59:51+00:00","article_modified_time":"2024-02-29T17:14:55+00:00","og_image":[{"width":600,"height":300,"url":"https:\/\/utel.mx\/blog\/wp-content\/uploads\/2024\/02\/Globant-Feria-de-Empleo-Utel.png","type":"image\/png"}],"author":"Lucia S","twitter_misc":{"Written by":"Lucia S","Est. reading time":"2 minutos"},"schema":{"@context":"https:\/\/schema.org","@graph":[{"@type":"Article","@id":"https:\/\/utel.mx\/blog\/expansion-profesional\/globant-feria-de-empleo\/#article","isPartOf":{"@id":"https:\/\/utel.mx\/blog\/expansion-profesional\/globant-feria-de-empleo\/"},"author":{"name":"Lucia S","@id":"https:\/\/utel.mx\/blog\/#\/schema\/person\/a9c2e69124b9fd55816d38dcd975fb43"},"headline":"Descubre Globant: L\u00edder en tecnolog\u00eda en la Feria de Empleo Utel","datePublished":"2024-02-21T17:59:51+00:00","dateModified":"2024-02-29T17:14:55+00:00","mainEntityOfPage":{"@id":"https:\/\/utel.mx\/blog\/expansion-profesional\/globant-feria-de-empleo\/"},"wordCount":511,"publisher":{"@id":"https:\/\/utel.mx\/blog\/#organization"},"image":{"@id":"https:\/\/utel.mx\/blog\/expansion-profesional\/globant-feria-de-empleo\/#primaryimage"},"thumbnailUrl":"https:\/\/utel.mx\/blog\/wp-content\/uploads\/2024\/02\/Globant-Feria-de-Empleo-Utel.png","articleSection":["Expansi\u00f3n Profesional"],"inLanguage":"es"},{"@type":"WebPage","@id":"https:\/\/utel.mx\/blog\/expansion-profesional\/globant-feria-de-empleo\/","url":"https:\/\/utel.mx\/blog\/expansion-profesional\/globant-feria-de-empleo\/","name":"Descubre Globant: L\u00edder en tecnolog\u00eda en la Feria de Empleo Utel - BLOG | Utel","isPartOf":{"@id":"https:\/\/utel.mx\/blog\/#website"},"primaryImageOfPage":{"@id":"https:\/\/utel.mx\/blog\/expansion-profesional\/globant-feria-de-empleo\/#primaryimage"},"image":{"@id":"https:\/\/utel.mx\/blog\/expansion-profesional\/globant-feria-de-empleo\/#primaryimage"},"thumbnailUrl":"https:\/\/utel.mx\/blog\/wp-content\/uploads\/2024\/02\/Globant-Feria-de-Empleo-Utel.png","datePublished":"2024-02-21T17:59:51+00:00","dateModified":"2024-02-29T17:14:55+00:00","description":"Conoce a Globant, participante destacada en la Feria de Empleo Utel, 6 y 7 de marzo 2024, en el WTC de Ciudad de M\u00e9xico y tambi\u00e9n virtual.","breadcrumb":{"@id":"https:\/\/utel.mx\/blog\/expansion-profesional\/globant-feria-de-empleo\/#breadcrumb"},"inLanguage":"es","potentialAction":[{"@type":"ReadAction","target":["https:\/\/utel.mx\/blog\/expansion-profesional\/globant-feria-de-empleo\/"]}]},{"@type":"ImageObject","inLanguage":"es","@id":"https:\/\/utel.mx\/blog\/expansion-profesional\/globant-feria-de-empleo\/#primaryimage","url":"https:\/\/utel.mx\/blog\/wp-content\/uploads\/2024\/02\/Globant-Feria-de-Empleo-Utel.png","contentUrl":"https:\/\/utel.mx\/blog\/wp-content\/uploads\/2024\/02\/Globant-Feria-de-Empleo-Utel.png","width":600,"height":300,"caption":"Globant Feria de Empleo Utel"},{"@type":"BreadcrumbList","@id":"https:\/\/utel.mx\/blog\/expansion-profesional\/globant-feria-de-empleo\/#breadcrumb","itemListElement":[{"@type":"ListItem","position":1,"name":"Home","item":"https:\/\/utel.mx\/blog\/"},{"@type":"ListItem","position":2,"name":"Descubre Globant: L\u00edder en tecnolog\u00eda en la Feria de Empleo Utel"}]},{"@type":"WebSite","@id":"https:\/\/utel.mx\/blog\/#website","url":"https:\/\/utel.mx\/blog\/","name":"BLOG | Utel","description":"Blog UTEL Universidad en L\u00ednea","publisher":{"@id":"https:\/\/utel.mx\/blog\/#organization"},"potentialAction":[{"@type":"SearchAction","target":{"@type":"EntryPoint","urlTemplate":"https:\/\/utel.mx\/blog\/?s={search_term_string}"},"query-input":{"@type":"PropertyValueSpecification","valueRequired":true,"valueName":"search_term_string"}}],"inLanguage":"es"},{"@type":"Organization","@id":"https:\/\/utel.mx\/blog\/#organization","name":"BLOG | Utel","url":"https:\/\/utel.mx\/blog\/","logo":{"@type":"ImageObject","inLanguage":"es","@id":"https:\/\/utel.mx\/blog\/#\/schema\/logo\/image\/","url":"https:\/\/utel.mx\/blog\/wp-content\/uploads\/2023\/03\/cropped-logo-blog.png","contentUrl":"https:\/\/utel.mx\/blog\/wp-content\/uploads\/2023\/03\/cropped-logo-blog.png","width":237,"height":64,"caption":"BLOG | Utel"},"image":{"@id":"https:\/\/utel.mx\/blog\/#\/schema\/logo\/image\/"}},{"@type":"Person","@id":"https:\/\/utel.mx\/blog\/#\/schema\/person\/a9c2e69124b9fd55816d38dcd975fb43","name":"Lucia S","image":{"@type":"ImageObject","inLanguage":"es","@id":"https:\/\/utel.mx\/blog\/#\/schema\/person\/image\/","url":"https:\/\/secure.gravatar.com\/avatar\/64379c35b7e02ad17b325ef1d7db5b32?s=96&d=mm&r=g","contentUrl":"https:\/\/secure.gravatar.com\/avatar\/64379c35b7e02ad17b325ef1d7db5b32?s=96&d=mm&r=g","caption":"Lucia S"}}]}},"_links":{"self":[{"href":"https:\/\/utel.mx\/blog\/wp-json\/wp\/v2\/posts\/48646","targetHints":{"allow":["GET"]}}],"collection":[{"href":"https:\/\/utel.mx\/blog\/wp-json\/wp\/v2\/posts"}],"about":[{"href":"https:\/\/utel.mx\/blog\/wp-json\/wp\/v2\/types\/post"}],"author":[{"embeddable":true,"href":"https:\/\/utel.mx\/blog\/wp-json\/wp\/v2\/users\/79"}],"replies":[{"embeddable":true,"href":"https:\/\/utel.mx\/blog\/wp-json\/wp\/v2\/comments?post=48646"}],"version-history":[{"count":5,"href":"https:\/\/utel.mx\/blog\/wp-json\/wp\/v2\/posts\/48646\/revisions"}],"predecessor-version":[{"id":48704,"href":"https:\/\/utel.mx\/blog\/wp-json\/wp\/v2\/posts\/48646\/revisions\/48704"}],"wp:featuredmedia":[{"embeddable":true,"href":"https:\/\/utel.mx\/blog\/wp-json\/wp\/v2\/media\/48647"}],"wp:attachment":[{"href":"https:\/\/utel.mx\/blog\/wp-json\/wp\/v2\/media?parent=48646"}],"wp:term":[{"taxonomy":"category","embeddable":true,"href":"https:\/\/utel.mx\/blog\/wp-json\/wp\/v2\/categories?post=48646"},{"taxonomy":"post_tag","embeddable":true,"href":"https:\/\/utel.mx\/blog\/wp-json\/wp\/v2\/tags?post=48646"}],"curies":[{"name":"wp","href":"https:\/\/api.w.org\/{rel}","templated":true}]}}